{"id":100022,"date":"2021-09-12T00:43:57","date_gmt":"2021-09-12T03:43:57","guid":{"rendered":"http:\/\/www.gentedebasquet.com.ar\/?p=100022"},"modified":"2021-09-12T00:43:57","modified_gmt":"2021-09-12T03:43:57","slug":"al-final-bahia-basket-tuvo-paz","status":"publish","type":"post","link":"http:\/\/gentedebasquet.com.ar\/sitio\/2021\/09\/12\/al-final-bahia-basket-tuvo-paz\/","title":{"rendered":"Al final, Bah\u00eda Basket tuvo Paz"},"content":{"rendered":"<p><strong>En una noche hist\u00f3rica -por haberse disputado el primer encuentro del \u00e1mbito local en el flamante estadio Dow Center- Bah\u00eda Basket debi\u00f3 remarla mucho para dar cuenta del enjundioso Estrella por 101 a 87 y as\u00ed completarse la fecha inaugural del torneo de Primera.<\/strong><\/p>\n<p><strong>Si bien el anfitri\u00f3n sali\u00f3 como una tromba con Joaco S\u00e1nchez (2-2 t3), Novaes (2-2 t2) y Forestier (7) para distanciarse 17-5 en 3m48s, su oponente no se amilan\u00f3: respondi\u00f3 con el indetenible C\u00e1mara (9) y triples de Horvath (2) y Carci (1), para un parcial de 16-6 que lo coloc\u00f3 23-21 atr\u00e1s, tambi\u00e9n merced a buena postura defensiva.<\/strong><\/p>\n<p><strong>Pese a la bomba de Aranda (33-25), la paridad volvi\u00f3 al primer plano con un auriazul que cada vez se anim\u00f3 m\u00e1s. As\u00ed, para ayudar a C\u00e1mara aparecieron Bl\u00e1zquez (4) y granadas del pibe Lambrecht y Specogna, quien tambi\u00e9n a\u00f1adi\u00f3 2-2 t1 para empardar las cosas en 45, a 1m23s del entretiempo. Todo ello, pese al paup\u00e9rrimo 9-24 en simples del hu\u00e9sped&#8230;<\/strong><\/p>\n<p><strong>Para la vuelta Estrella mantuvo el envi\u00f3n, se abroquel\u00f3 bien y obtuvo la supremac\u00eda en apenas 26s, con 2+1 de Halberg (49-51). Y en la acci\u00f3n siguiente disfrut\u00f3 de su m\u00e1xima de la noche con triple de Cardone (49-54). Bah\u00eda acus\u00f3 el golpe: se activaron Paz (5), Azpilicueta (2-3 t3) y Novaes (4 pts-7 reb) permaneci\u00f3 imponiendo su humanidad. De ese modo, el local escap\u00f3 a 73-65, con 1m32s para escurrirse el 3\u00baC.<\/strong><\/p>\n<p><strong>El +9 con el que entr\u00f3 Bah\u00eda al 4\u00baC (77-68), le sirvi\u00f3 de colch\u00f3n para imponer condiciones y ampliar a 82-70 en 2m07s. En lo sucesivo, entre Paz (convirti\u00f3 2-2 t3 y 2-2 t2 en ese chico) y Simondi (4), se conjugaron para comenzar a definir la cuesti\u00f3n: 88-73, a 5m42s.<\/strong><\/p>\n<p><strong>Enfrente, Carci (3-6 t3) y Bl\u00e1zquez (8) se opon\u00edan a rendirse y pusieron a su elenco en partido, quedando 2m37s (83-90) y completando un muy digno papel. Pero hasta all\u00ed llegaron sus fuerzas, el desgaste comenz\u00f3 a sentirse, tir\u00f3 un pobr\u00edsimo 38% en simples y Bah\u00eda hall\u00f3 otro triple de Paz que le allan\u00f3 el camino a un \u00e9xito m\u00e1s holgado de lo que result\u00f3 el encuentro.<\/strong><\/p>\n<p><strong>Bah\u00eda la rem\u00f3 y consigui\u00f3 salir a flote.<\/strong><\/p>\n<p><a href=\"http:\/\/www.gentedebasquet.com.ar\/wp-content\/uploads\/2021\/09\/Gif-Publicidades-1-1.gif\"><img decoding=\"async\" class=\"alignnone size-full wp-image-99870\" src=\"http:\/\/www.gentedebasquet.com.ar\/wp-content\/uploads\/2021\/09\/Gif-Publicidades-1-1.gif\" alt=\"\" width=\"300\" height=\"250\" \/><\/a><\/p>\n<p>https:\/\/www.youtube.com\/watch?v=XTr9T0Rn2tc<\/p>\n<p><a href=\"http:\/\/www.gentedebasquet.com.ar\/wp-content\/uploads\/2021\/09\/Gif-Publicidades-2.gif\"><img decoding=\"async\" class=\"alignnone size-full wp-image-99871\" src=\"http:\/\/www.gentedebasquet.com.ar\/wp-content\/uploads\/2021\/09\/Gif-Publicidades-2.gif\" alt=\"\" width=\"300\" height=\"250\" \/><\/a><\/p>\n<p><a href=\"http:\/\/www.gentedebasquet.com.ar\/wp-content\/uploads\/2021\/09\/MVP-PRUEe.jpg\"><img decoding=\"async\" class=\"alignnone size-medium wp-image-100024\" src=\"http:\/\/www.gentedebasquet.com.ar\/wp-content\/uploads\/2021\/09\/MVP-PRUEe-300x300.jpg\" alt=\"\" width=\"300\" height=\"300\" srcset=\"http:\/\/gentedebasquet.com.ar\/sitio\/wp-content\/uploads\/2021\/09\/MVP-PRUEe-300x300.jpg 300w, http:\/\/gentedebasquet.com.ar\/sitio\/wp-content\/uploads\/2021\/09\/MVP-PRUEe-1024x1024.jpg 1024w, http:\/\/gentedebasquet.com.ar\/sitio\/wp-content\/uploads\/2021\/09\/MVP-PRUEe-150x150.jpg 150w, http:\/\/gentedebasquet.com.ar\/sitio\/wp-content\/uploads\/2021\/09\/MVP-PRUEe-768x768.jpg 768w, http:\/\/gentedebasquet.com.ar\/sitio\/wp-content\/uploads\/2021\/09\/MVP-PRUEe-1536x1536.jpg 1536w, http:\/\/gentedebasquet.com.ar\/sitio\/wp-content\/uploads\/2021\/09\/MVP-PRUEe.jpg 2000w\" sizes=\"(max-width: 300px) 100vw, 300px\" \/><\/a><\/p>\n<p><a href=\"http:\/\/www.gentedebasquet.com.ar\/wp-content\/uploads\/2021\/09\/fores.jpg\"><img decoding=\"async\" class=\"alignnone size-medium wp-image-100028\" src=\"http:\/\/www.gentedebasquet.com.ar\/wp-content\/uploads\/2021\/09\/fores-300x225.jpg\" alt=\"\" width=\"300\" height=\"225\" srcset=\"http:\/\/gentedebasquet.com.ar\/sitio\/wp-content\/uploads\/2021\/09\/fores-300x225.jpg 300w, http:\/\/gentedebasquet.com.ar\/sitio\/wp-content\/uploads\/2021\/09\/fores.jpg 640w\" sizes=\"(max-width: 300px) 100vw, 300px\" \/><\/a><\/p>\n<blockquote><p>Soy de Bah\u00eda y conozco el campeonato: todos van a querer ganarnos porque somos uno de los candidatos. Sab\u00eda que iba a ser duro porque Estrella siempre va al frente. Nosotros jugaremos dos torneos a la par y nos va a desgastar, pero tambi\u00e9n nos va a beneficiar porque vamos a tener mayor rodaje. <strong>(Valent\u00edn Forestier &#8211; Bah\u00eda Basket).<\/strong><\/p><\/blockquote>\n<p><a href=\"http:\/\/www.gentedebasquet.com.ar\/wp-content\/uploads\/2021\/09\/Gif-Publicidades-4.gif\"><img decoding=\"async\" class=\"alignnone size-full wp-image-99873\" src=\"http:\/\/www.gentedebasquet.com.ar\/wp-content\/uploads\/2021\/09\/Gif-Publicidades-4.gif\" alt=\"\" width=\"300\" height=\"250\" \/><\/a><\/p>\n<p><strong>S\u00edntesis |<\/strong>\u00a0Primera \u2013 Fecha #1<\/p>\n<p><strong>Bah\u00eda Basket 101:<\/strong>\u00a0Ezequiel Paz 18,\u00a0 Joaqu\u00edn S\u00e1nchez 6,\u00a0Facundo Tolosa 5, Valent\u00edn Forestier 13,\u00a0Gabriel Novaes 15, (FI);\u00a0Alejo Azpilicueta 12,\u00a0Tiziano Prome 8,\u00a0Luciano Polak 5,\u00a0Facundo Aranda 8, Valent\u00edn Simondi 11 y\u00a0Lautaro Cavero 0. DT: Ciro Bianchi.<\/p>\n<p><b>Estrella 87:\u00a0<\/b>Dami\u00e1n Carci 18,\u00a0Mauricio Halberg 4, Franco Cardone 8,\u00a0Mat\u00edas Specogna 7, Nahuel C\u00e1mara 21, (FI); Juli\u00e1n Horvath 6,\u00a0Mauro Bl\u00e1zquez 14,\u00a0Bruno Gigliotti 6,\u00a0 Federico Lambrecht 3 y\u00a0Ger\u00f3nimo Stach 0. DT: Luciano Deminicis.<\/p>\n<p><strong>Parciales: <\/strong>30-25, 49-48 (19-23), 77-68 (28-20) y 101-87 (24-19).<\/p>\n<p><strong>\u00c1rbitros:\u00a0<\/strong>Alejandro Ramallo &#8211; Lucas Paolete &#8211; Nicol\u00e1s Onorato.<\/p>\n<p><strong>Estadio:<\/strong>\u00a0Dow Center (Bah\u00eda Basket).<\/p>\n<p><a href=\"https:\/\/fibalivestats.dcd.shared.geniussports.com\/u\/ABB\/1926032\/\">ESTADISTICAS OFICIALES<\/a><\/p>\n<p><a href=\"http:\/\/www.gentedebasquet.com.ar\/wp-content\/uploads\/2021\/09\/CLAVEpruee.jpg\"><img decoding=\"async\" class=\"alignnone size-medium wp-image-100025\" src=\"http:\/\/www.gentedebasquet.com.ar\/wp-content\/uploads\/2021\/09\/CLAVEpruee-300x300.jpg\" alt=\"\" width=\"300\" height=\"300\" srcset=\"http:\/\/gentedebasquet.com.ar\/sitio\/wp-content\/uploads\/2021\/09\/CLAVEpruee-300x300.jpg 300w, http:\/\/gentedebasquet.com.ar\/sitio\/wp-content\/uploads\/2021\/09\/CLAVEpruee-1024x1024.jpg 1024w, http:\/\/gentedebasquet.com.ar\/sitio\/wp-content\/uploads\/2021\/09\/CLAVEpruee-150x150.jpg 150w, http:\/\/gentedebasquet.com.ar\/sitio\/wp-content\/uploads\/2021\/09\/CLAVEpruee-768x768.jpg 768w, http:\/\/gentedebasquet.com.ar\/sitio\/wp-content\/uploads\/2021\/09\/CLAVEpruee-1536x1536.jpg 1536w, http:\/\/gentedebasquet.com.ar\/sitio\/wp-content\/uploads\/2021\/09\/CLAVEpruee.jpg 2000w\" sizes=\"(max-width: 300px) 100vw, 300px\" \/><\/a><\/p>\n<p><a href=\"http:\/\/www.gentedebasquet.com.ar\/wp-content\/uploads\/2021\/09\/Gif-Publicidades-3.gif\"><img decoding=\"async\" class=\"alignnone size-full wp-image-99872\" src=\"http:\/\/www.gentedebasquet.com.ar\/wp-content\/uploads\/2021\/09\/Gif-Publicidades-3.gif\" alt=\"\" width=\"300\" height=\"250\" \/><\/a><\/p>\n<p><a href=\"http:\/\/www.gentedebasquet.com.ar\/wp-content\/uploads\/2021\/09\/Gif-Publicidades-5.gif\"><img decoding=\"async\" class=\"alignnone size-full wp-image-99876\" src=\"http:\/\/www.gentedebasquet.com.ar\/wp-content\/uploads\/2021\/09\/Gif-Publicidades-5.gif\" alt=\"\" width=\"300\" height=\"250\" \/><\/a><\/p>\n<p><a href=\"http:\/\/www.gentedebasquet.com.ar\/wp-content\/uploads\/2021\/09\/camara.jpg\"><img decoding=\"async\" class=\"alignnone size-medium wp-image-100027\" src=\"http:\/\/www.gentedebasquet.com.ar\/wp-content\/uploads\/2021\/09\/camara-300x225.jpg\" alt=\"\" width=\"300\" height=\"225\" srcset=\"http:\/\/gentedebasquet.com.ar\/sitio\/wp-content\/uploads\/2021\/09\/camara-300x225.jpg 300w, http:\/\/gentedebasquet.com.ar\/sitio\/wp-content\/uploads\/2021\/09\/camara.jpg 640w\" sizes=\"(max-width: 300px) 100vw, 300px\" \/><\/a><\/p>\n","protected":false},"excerpt":{"rendered":"<p>En su debut en Primera, no le fue f\u00e1cil desembarazarse de Estrella: se impuso por 101 a 87.<\/p>\n","protected":false},"author":1,"featured_media":100026,"comment_status":"closed","ping_status":"open","sticky":false,"template":"","format":"standard","meta":{"jnews-multi-image_gallery":[],"jnews_single_post":[],"jnews_primary_category":[],"footnotes":""},"categories":[23,101],"tags":[1765,58,527,10,1781,1756,1128,270,1436],"class_list":["post-100022","post","type-post","status-publish","format-standard","has-post-thumbnail","hentry","category-primera","category-slide","tag-alejo-azpilicueta","tag-bahiabasket","tag-damian-carci","tag-estrella","tag-ezequiel-paz","tag-gabriel-novaes","tag-mauro-blazquez","tag-nahuel-camara","tag-valentin-forestier"],"yoast_head":"<!-- This site is optimized with the Yoast SEO plugin v27.5 - https:\/\/yoast.com\/product\/yoast-seo-wordpress\/ -->\n<title>Al final, Bah\u00eda Basket tuvo Paz - Gente de B\u00e1squet<\/title>\n<meta name=\"robots\" content=\"index, follow, max-snippet:-1, max-image-preview:large, max-video-preview:-1\" \/>\n<link rel=\"canonical\" href=\"https:\/\/gentedebasquet.com.ar\/sitio\/2021\/09\/12\/al-final-bahia-basket-tuvo-paz\/\" \/>\n<meta property=\"og:locale\" content=\"es_ES\" \/>\n<meta property=\"og:type\" content=\"article\" \/>\n<meta property=\"og:title\" content=\"Al final, Bah\u00eda Basket tuvo Paz - Gente de B\u00e1squet\" \/>\n<meta property=\"og:description\" content=\"En su debut en Primera, no le fue f\u00e1cil desembarazarse de Estrella: se impuso por 101 a 87.\" \/>\n<meta property=\"og:url\" content=\"https:\/\/gentedebasquet.com.ar\/sitio\/2021\/09\/12\/al-final-bahia-basket-tuvo-paz\/\" \/>\n<meta property=\"og:site_name\" content=\"Gente de B\u00e1squet\" \/>\n<meta property=\"article:published_time\" content=\"2021-09-12T03:43:57+00:00\" \/>\n<meta property=\"og:image\" content=\"https:\/\/gentedebasquet.com.ar\/sitio\/wp-content\/uploads\/2021\/09\/Novaae.jpg\" \/>\n\t<meta property=\"og:image:width\" content=\"690\" \/>\n\t<meta property=\"og:image:height\" content=\"319\" \/>\n\t<meta property=\"og:image:type\" content=\"image\/jpeg\" \/>\n<meta name=\"author\" content=\"Gente de B\u00e1squet\" \/>\n<meta name=\"twitter:card\" content=\"summary_large_image\" \/>\n<meta name=\"twitter:label1\" content=\"Escrito por\" \/>\n\t<meta name=\"twitter:data1\" content=\"Gente de B\u00e1squet\" \/>\n\t<meta name=\"twitter:label2\" content=\"Tiempo de lectura\" \/>\n\t<meta name=\"twitter:data2\" content=\"3 minutos\" \/>\n<script type=\"application\/ld+json\" class=\"yoast-schema-graph\">{\"@context\":\"https:\\\/\\\/schema.org\",\"@graph\":[{\"@type\":\"Article\",\"@id\":\"https:\\\/\\\/gentedebasquet.com.ar\\\/sitio\\\/2021\\\/09\\\/12\\\/al-final-bahia-basket-tuvo-paz\\\/#article\",\"isPartOf\":{\"@id\":\"https:\\\/\\\/gentedebasquet.com.ar\\\/sitio\\\/2021\\\/09\\\/12\\\/al-final-bahia-basket-tuvo-paz\\\/\"},\"author\":{\"name\":\"Gente de B\u00e1squet\",\"@id\":\"http:\\\/\\\/gentedebasquet.com.ar\\\/sitio\\\/#\\\/schema\\\/person\\\/ca0b63bbb977369988a7bbbdc519943a\"},\"headline\":\"Al final, Bah\u00eda Basket tuvo Paz\",\"datePublished\":\"2021-09-12T03:43:57+00:00\",\"mainEntityOfPage\":{\"@id\":\"https:\\\/\\\/gentedebasquet.com.ar\\\/sitio\\\/2021\\\/09\\\/12\\\/al-final-bahia-basket-tuvo-paz\\\/\"},\"wordCount\":561,\"image\":{\"@id\":\"https:\\\/\\\/gentedebasquet.com.ar\\\/sitio\\\/2021\\\/09\\\/12\\\/al-final-bahia-basket-tuvo-paz\\\/#primaryimage\"},\"thumbnailUrl\":\"http:\\\/\\\/gentedebasquet.com.ar\\\/sitio\\\/wp-content\\\/uploads\\\/2021\\\/09\\\/Novaae.jpg\",\"keywords\":[\"Alejo Azpilicueta\",\"Bah\u00eda Basket\",\"Dami\u00e1n Carci\",\"Estrella\",\"Ezequiel Paz\",\"Gabriel Novaes\",\"Mauro Blazquez\",\"Nahuel C\u00e1mara\",\"Valent\u00edn Forestier\"],\"articleSection\":[\"Primera\",\"Slide\"],\"inLanguage\":\"es\"},{\"@type\":\"WebPage\",\"@id\":\"https:\\\/\\\/gentedebasquet.com.ar\\\/sitio\\\/2021\\\/09\\\/12\\\/al-final-bahia-basket-tuvo-paz\\\/\",\"url\":\"https:\\\/\\\/gentedebasquet.com.ar\\\/sitio\\\/2021\\\/09\\\/12\\\/al-final-bahia-basket-tuvo-paz\\\/\",\"name\":\"Al final, Bah\u00eda Basket tuvo Paz - Gente de B\u00e1squet\",\"isPartOf\":{\"@id\":\"http:\\\/\\\/gentedebasquet.com.ar\\\/sitio\\\/#website\"},\"primaryImageOfPage\":{\"@id\":\"https:\\\/\\\/gentedebasquet.com.ar\\\/sitio\\\/2021\\\/09\\\/12\\\/al-final-bahia-basket-tuvo-paz\\\/#primaryimage\"},\"image\":{\"@id\":\"https:\\\/\\\/gentedebasquet.com.ar\\\/sitio\\\/2021\\\/09\\\/12\\\/al-final-bahia-basket-tuvo-paz\\\/#primaryimage\"},\"thumbnailUrl\":\"http:\\\/\\\/gentedebasquet.com.ar\\\/sitio\\\/wp-content\\\/uploads\\\/2021\\\/09\\\/Novaae.jpg\",\"datePublished\":\"2021-09-12T03:43:57+00:00\",\"author\":{\"@id\":\"http:\\\/\\\/gentedebasquet.com.ar\\\/sitio\\\/#\\\/schema\\\/person\\\/ca0b63bbb977369988a7bbbdc519943a\"},\"breadcrumb\":{\"@id\":\"https:\\\/\\\/gentedebasquet.com.ar\\\/sitio\\\/2021\\\/09\\\/12\\\/al-final-bahia-basket-tuvo-paz\\\/#breadcrumb\"},\"inLanguage\":\"es\",\"potentialAction\":[{\"@type\":\"ReadAction\",\"target\":[\"https:\\\/\\\/gentedebasquet.com.ar\\\/sitio\\\/2021\\\/09\\\/12\\\/al-final-bahia-basket-tuvo-paz\\\/\"]}]},{\"@type\":\"ImageObject\",\"inLanguage\":\"es\",\"@id\":\"https:\\\/\\\/gentedebasquet.com.ar\\\/sitio\\\/2021\\\/09\\\/12\\\/al-final-bahia-basket-tuvo-paz\\\/#primaryimage\",\"url\":\"http:\\\/\\\/gentedebasquet.com.ar\\\/sitio\\\/wp-content\\\/uploads\\\/2021\\\/09\\\/Novaae.jpg\",\"contentUrl\":\"http:\\\/\\\/gentedebasquet.com.ar\\\/sitio\\\/wp-content\\\/uploads\\\/2021\\\/09\\\/Novaae.jpg\",\"width\":690,\"height\":319},{\"@type\":\"BreadcrumbList\",\"@id\":\"https:\\\/\\\/gentedebasquet.com.ar\\\/sitio\\\/2021\\\/09\\\/12\\\/al-final-bahia-basket-tuvo-paz\\\/#breadcrumb\",\"itemListElement\":[{\"@type\":\"ListItem\",\"position\":1,\"name\":\"Portada\",\"item\":\"http:\\\/\\\/gentedebasquet.com.ar\\\/sitio\\\/\"},{\"@type\":\"ListItem\",\"position\":2,\"name\":\"Al final, Bah\u00eda Basket tuvo Paz\"}]},{\"@type\":\"WebSite\",\"@id\":\"http:\\\/\\\/gentedebasquet.com.ar\\\/sitio\\\/#website\",\"url\":\"http:\\\/\\\/gentedebasquet.com.ar\\\/sitio\\\/\",\"name\":\"Gente de B\u00e1squet\",\"description\":\"La revista del basquet de Bah\u00eda Blanca\",\"potentialAction\":[{\"@type\":\"SearchAction\",\"target\":{\"@type\":\"EntryPoint\",\"urlTemplate\":\"http:\\\/\\\/gentedebasquet.com.ar\\\/sitio\\\/?s={search_term_string}\"},\"query-input\":{\"@type\":\"PropertyValueSpecification\",\"valueRequired\":true,\"valueName\":\"search_term_string\"}}],\"inLanguage\":\"es\"},{\"@type\":\"Person\",\"@id\":\"http:\\\/\\\/gentedebasquet.com.ar\\\/sitio\\\/#\\\/schema\\\/person\\\/ca0b63bbb977369988a7bbbdc519943a\",\"name\":\"Gente de B\u00e1squet\",\"image\":{\"@type\":\"ImageObject\",\"inLanguage\":\"es\",\"@id\":\"https:\\\/\\\/secure.gravatar.com\\\/avatar\\\/7f2c48bdc33b30088f941fb6082e555f2874c98e20cb159d7b92b50eadfce793?s=96&d=mm&r=g\",\"url\":\"https:\\\/\\\/secure.gravatar.com\\\/avatar\\\/7f2c48bdc33b30088f941fb6082e555f2874c98e20cb159d7b92b50eadfce793?s=96&d=mm&r=g\",\"contentUrl\":\"https:\\\/\\\/secure.gravatar.com\\\/avatar\\\/7f2c48bdc33b30088f941fb6082e555f2874c98e20cb159d7b92b50eadfce793?s=96&d=mm&r=g\",\"caption\":\"Gente de B\u00e1squet\"},\"sameAs\":[\"http:\\\/\\\/gentedebasquet.com.ar\\\/sitio\"],\"url\":\"http:\\\/\\\/gentedebasquet.com.ar\\\/sitio\\\/author\\\/ulises\\\/\"}]}<\/script>\n<!-- \/ Yoast SEO plugin. -->","yoast_head_json":{"title":"Al final, Bah\u00eda Basket tuvo Paz - Gente de B\u00e1squet","robots":{"index":"index","follow":"follow","max-snippet":"max-snippet:-1","max-image-preview":"max-image-preview:large","max-video-preview":"max-video-preview:-1"},"canonical":"https:\/\/gentedebasquet.com.ar\/sitio\/2021\/09\/12\/al-final-bahia-basket-tuvo-paz\/","og_locale":"es_ES","og_type":"article","og_title":"Al final, Bah\u00eda Basket tuvo Paz - Gente de B\u00e1squet","og_description":"En su debut en Primera, no le fue f\u00e1cil desembarazarse de Estrella: se impuso por 101 a 87.","og_url":"https:\/\/gentedebasquet.com.ar\/sitio\/2021\/09\/12\/al-final-bahia-basket-tuvo-paz\/","og_site_name":"Gente de B\u00e1squet","article_published_time":"2021-09-12T03:43:57+00:00","og_image":[{"width":690,"height":319,"url":"https:\/\/gentedebasquet.com.ar\/sitio\/wp-content\/uploads\/2021\/09\/Novaae.jpg","type":"image\/jpeg"}],"author":"Gente de B\u00e1squet","twitter_card":"summary_large_image","twitter_misc":{"Escrito por":"Gente de B\u00e1squet","Tiempo de lectura":"3 minutos"},"schema":{"@context":"https:\/\/schema.org","@graph":[{"@type":"Article","@id":"https:\/\/gentedebasquet.com.ar\/sitio\/2021\/09\/12\/al-final-bahia-basket-tuvo-paz\/#article","isPartOf":{"@id":"https:\/\/gentedebasquet.com.ar\/sitio\/2021\/09\/12\/al-final-bahia-basket-tuvo-paz\/"},"author":{"name":"Gente de B\u00e1squet","@id":"http:\/\/gentedebasquet.com.ar\/sitio\/#\/schema\/person\/ca0b63bbb977369988a7bbbdc519943a"},"headline":"Al final, Bah\u00eda Basket tuvo Paz","datePublished":"2021-09-12T03:43:57+00:00","mainEntityOfPage":{"@id":"https:\/\/gentedebasquet.com.ar\/sitio\/2021\/09\/12\/al-final-bahia-basket-tuvo-paz\/"},"wordCount":561,"image":{"@id":"https:\/\/gentedebasquet.com.ar\/sitio\/2021\/09\/12\/al-final-bahia-basket-tuvo-paz\/#primaryimage"},"thumbnailUrl":"http:\/\/gentedebasquet.com.ar\/sitio\/wp-content\/uploads\/2021\/09\/Novaae.jpg","keywords":["Alejo Azpilicueta","Bah\u00eda Basket","Dami\u00e1n Carci","Estrella","Ezequiel Paz","Gabriel Novaes","Mauro Blazquez","Nahuel C\u00e1mara","Valent\u00edn Forestier"],"articleSection":["Primera","Slide"],"inLanguage":"es"},{"@type":"WebPage","@id":"https:\/\/gentedebasquet.com.ar\/sitio\/2021\/09\/12\/al-final-bahia-basket-tuvo-paz\/","url":"https:\/\/gentedebasquet.com.ar\/sitio\/2021\/09\/12\/al-final-bahia-basket-tuvo-paz\/","name":"Al final, Bah\u00eda Basket tuvo Paz - Gente de B\u00e1squet","isPartOf":{"@id":"http:\/\/gentedebasquet.com.ar\/sitio\/#website"},"primaryImageOfPage":{"@id":"https:\/\/gentedebasquet.com.ar\/sitio\/2021\/09\/12\/al-final-bahia-basket-tuvo-paz\/#primaryimage"},"image":{"@id":"https:\/\/gentedebasquet.com.ar\/sitio\/2021\/09\/12\/al-final-bahia-basket-tuvo-paz\/#primaryimage"},"thumbnailUrl":"http:\/\/gentedebasquet.com.ar\/sitio\/wp-content\/uploads\/2021\/09\/Novaae.jpg","datePublished":"2021-09-12T03:43:57+00:00","author":{"@id":"http:\/\/gentedebasquet.com.ar\/sitio\/#\/schema\/person\/ca0b63bbb977369988a7bbbdc519943a"},"breadcrumb":{"@id":"https:\/\/gentedebasquet.com.ar\/sitio\/2021\/09\/12\/al-final-bahia-basket-tuvo-paz\/#breadcrumb"},"inLanguage":"es","potentialAction":[{"@type":"ReadAction","target":["https:\/\/gentedebasquet.com.ar\/sitio\/2021\/09\/12\/al-final-bahia-basket-tuvo-paz\/"]}]},{"@type":"ImageObject","inLanguage":"es","@id":"https:\/\/gentedebasquet.com.ar\/sitio\/2021\/09\/12\/al-final-bahia-basket-tuvo-paz\/#primaryimage","url":"http:\/\/gentedebasquet.com.ar\/sitio\/wp-content\/uploads\/2021\/09\/Novaae.jpg","contentUrl":"http:\/\/gentedebasquet.com.ar\/sitio\/wp-content\/uploads\/2021\/09\/Novaae.jpg","width":690,"height":319},{"@type":"BreadcrumbList","@id":"https:\/\/gentedebasquet.com.ar\/sitio\/2021\/09\/12\/al-final-bahia-basket-tuvo-paz\/#breadcrumb","itemListElement":[{"@type":"ListItem","position":1,"name":"Portada","item":"http:\/\/gentedebasquet.com.ar\/sitio\/"},{"@type":"ListItem","position":2,"name":"Al final, Bah\u00eda Basket tuvo Paz"}]},{"@type":"WebSite","@id":"http:\/\/gentedebasquet.com.ar\/sitio\/#website","url":"http:\/\/gentedebasquet.com.ar\/sitio\/","name":"Gente de B\u00e1squet","description":"La revista del basquet de Bah\u00eda Blanca","potentialAction":[{"@type":"SearchAction","target":{"@type":"EntryPoint","urlTemplate":"http:\/\/gentedebasquet.com.ar\/sitio\/?s={search_term_string}"},"query-input":{"@type":"PropertyValueSpecification","valueRequired":true,"valueName":"search_term_string"}}],"inLanguage":"es"},{"@type":"Person","@id":"http:\/\/gentedebasquet.com.ar\/sitio\/#\/schema\/person\/ca0b63bbb977369988a7bbbdc519943a","name":"Gente de B\u00e1squet","image":{"@type":"ImageObject","inLanguage":"es","@id":"https:\/\/secure.gravatar.com\/avatar\/7f2c48bdc33b30088f941fb6082e555f2874c98e20cb159d7b92b50eadfce793?s=96&d=mm&r=g","url":"https:\/\/secure.gravatar.com\/avatar\/7f2c48bdc33b30088f941fb6082e555f2874c98e20cb159d7b92b50eadfce793?s=96&d=mm&r=g","contentUrl":"https:\/\/secure.gravatar.com\/avatar\/7f2c48bdc33b30088f941fb6082e555f2874c98e20cb159d7b92b50eadfce793?s=96&d=mm&r=g","caption":"Gente de B\u00e1squet"},"sameAs":["http:\/\/gentedebasquet.com.ar\/sitio"],"url":"http:\/\/gentedebasquet.com.ar\/sitio\/author\/ulises\/"}]}},"_links":{"self":[{"href":"http:\/\/gentedebasquet.com.ar\/sitio\/wp-json\/wp\/v2\/posts\/100022","targetHints":{"allow":["GET"]}}],"collection":[{"href":"http:\/\/gentedebasquet.com.ar\/sitio\/wp-json\/wp\/v2\/posts"}],"about":[{"href":"http:\/\/gentedebasquet.com.ar\/sitio\/wp-json\/wp\/v2\/types\/post"}],"author":[{"embeddable":true,"href":"http:\/\/gentedebasquet.com.ar\/sitio\/wp-json\/wp\/v2\/users\/1"}],"replies":[{"embeddable":true,"href":"http:\/\/gentedebasquet.com.ar\/sitio\/wp-json\/wp\/v2\/comments?post=100022"}],"version-history":[{"count":0,"href":"http:\/\/gentedebasquet.com.ar\/sitio\/wp-json\/wp\/v2\/posts\/100022\/revisions"}],"wp:featuredmedia":[{"embeddable":true,"href":"http:\/\/gentedebasquet.com.ar\/sitio\/wp-json\/wp\/v2\/media\/100026"}],"wp:attachment":[{"href":"http:\/\/gentedebasquet.com.ar\/sitio\/wp-json\/wp\/v2\/media?parent=100022"}],"wp:term":[{"taxonomy":"category","embeddable":true,"href":"http:\/\/gentedebasquet.com.ar\/sitio\/wp-json\/wp\/v2\/categories?post=100022"},{"taxonomy":"post_tag","embeddable":true,"href":"http:\/\/gentedebasquet.com.ar\/sitio\/wp-json\/wp\/v2\/tags?post=100022"}],"curies":[{"name":"wp","href":"https:\/\/api.w.org\/{rel}","templated":true}]}}