{"id":100295,"date":"2021-09-25T00:14:03","date_gmt":"2021-09-25T03:14:03","guid":{"rendered":"http:\/\/www.gentedebasquet.com.ar\/?p=100295"},"modified":"2021-09-25T00:14:03","modified_gmt":"2021-09-25T03:14:03","slug":"whitense-desperto-a-tiempo-y-consiguio-su-primer-victoria","status":"publish","type":"post","link":"http:\/\/gentedebasquet.com.ar\/sitio\/2021\/09\/25\/whitense-desperto-a-tiempo-y-consiguio-su-primer-victoria\/","title":{"rendered":"Whitense despert\u00f3 a tiempo y consigui\u00f3 su primer victoria"},"content":{"rendered":"<p><b>Deportivo Whitense conoci\u00f3 la victoria en este torneo, venciendo a Independiente 73 a 61, en un partido que nunca dio por perdido y que pudo revertir justo a tiempo.<\/b><\/p>\n<p><b>En un primer cuarto en el que empez\u00f3 ganando (21-16) las cosas para el local estaban sucediendo\u00a0como su entrenador lo quer\u00eda, aunque con un bajo rendimiento en la l\u00ednea de tres puntos, la cual le iba a dar la victoria mas adelante.<\/b><\/p>\n<p><b>Ya en el segundo periodo, Independiente fue quien manejo el juego, con un buen despliegue de Mariano Trellini (23pts,4reb), el viola lleg\u00f3 al entretiempo con el marcador igualado en 34, prepar\u00e1ndose\u00a0para mejorar a\u00fan mas en el tercer cuarto.<\/b><\/p>\n<p><b>El tercero conoci\u00f3 a un Juli\u00e1n\u00a0Carminatti encendido, liderando al conjunto local por el camino del \u00e9xito, con tres triples seguidos (25pts, 7 triples en total), aunque el viola fue quien comenzaba el ultimo periodo arriba en el marcador 51 a 54.<\/b><\/p>\n<p><b>Los \u00faltimos 10 minutos tuvieron al local como protagonista, ya que mantuvo la paciencia, hizo rotar la pelota y oblig\u00f3 a la visita a tomar tiros forzados y a desesperarse\u00a0a minutos del final. Nuevamente con Juli\u00e1n Carminatti efectivo desde los tres puntos y Santiago Busseti (18pts, 4asist, 7reb) con una dura defensa y aprovechando los contragolpes, Whitense se qued\u00f3 con la victoria 73 a 61.<\/b><\/p>\n<p><img decoding=\"async\" src=\"http:\/\/www.gentedebasquet.com.ar\/wp-content\/uploads\/2021\/09\/Gif-Publicidades-1-1.gif\" \/><br \/>\n<iframe loading=\"lazy\" title=\"YouTube video player\" src=\"https:\/\/www.youtube.com\/embed\/QulREydJ2UY\" width=\"560\" height=\"315\" frameborder=\"0\" allowfullscreen=\"allowfullscreen\"><\/iframe><br \/>\n<img decoding=\"async\" src=\"http:\/\/www.gentedebasquet.com.ar\/wp-content\/uploads\/2021\/09\/Gif-Publicidades-2.gif\" \/><br \/>\n<a href=\"http:\/\/www.gentedebasquet.com.ar\/wp-content\/uploads\/2021\/09\/MVP-14.jpg\"><img decoding=\"async\" class=\"alignnone wp-image-100320\" src=\"http:\/\/www.gentedebasquet.com.ar\/wp-content\/uploads\/2021\/09\/MVP-14-300x300.jpg\" alt=\"\" width=\"421\" height=\"421\" srcset=\"http:\/\/gentedebasquet.com.ar\/sitio\/wp-content\/uploads\/2021\/09\/MVP-14-300x300.jpg 300w, http:\/\/gentedebasquet.com.ar\/sitio\/wp-content\/uploads\/2021\/09\/MVP-14-1024x1024.jpg 1024w, http:\/\/gentedebasquet.com.ar\/sitio\/wp-content\/uploads\/2021\/09\/MVP-14-150x150.jpg 150w, http:\/\/gentedebasquet.com.ar\/sitio\/wp-content\/uploads\/2021\/09\/MVP-14-768x768.jpg 768w, http:\/\/gentedebasquet.com.ar\/sitio\/wp-content\/uploads\/2021\/09\/MVP-14-1536x1536.jpg 1536w, http:\/\/gentedebasquet.com.ar\/sitio\/wp-content\/uploads\/2021\/09\/MVP-14.jpg 2000w\" sizes=\"(max-width: 421px) 100vw, 421px\" \/><\/a><br \/>\n<a href=\"http:\/\/www.gentedebasquet.com.ar\/wp-content\/uploads\/2021\/09\/WhatsApp-Image-2021-09-24-at-22.21.28.jpeg\"><img decoding=\"async\" class=\"alignnone wp-image-100321\" src=\"http:\/\/www.gentedebasquet.com.ar\/wp-content\/uploads\/2021\/09\/WhatsApp-Image-2021-09-24-at-22.21.28-300x169.jpeg\" alt=\"\" width=\"420\" height=\"238\" \/><\/a><\/p>\n<blockquote><p>Despu\u00e9s de las primeras dos derrotas, nos bajonearon bastante pero esto nos sube el animo. La clave fue la defensa abajo que nos ayudo un mont\u00f3n a jugar adelante. Tuvimos un baj\u00f3n en el primer tiempo, estuvimos bastantes puntos abajo y por suerte, la defensa y los rebotes ayudaron un mont\u00f3n a que levant\u00e1ramos el partido y lo di\u00e9ramos vuelta.<\/p><\/blockquote>\n<p>&nbsp;<\/p>\n<p><img decoding=\"async\" src=\"http:\/\/www.gentedebasquet.com.ar\/wp-content\/uploads\/2021\/09\/Gif-Publicidades-4.gif\" \/><\/p>\n<p><strong>S\u00edntesis |<\/strong>\u00a0Segunda Divisi\u00f3n \u2013 Fecha #3<\/p>\n<p><strong>Whitense 73:\u00a0<\/strong>Santiago Bussetti 18,\u00a0Juli\u00e1n Carminatti 25, Santiago Soriano 7, Mauro Capurso 3,\u00a0Bruno Pedrosa 7 (FI); Nahuel M\u00e9lida 0, Juan Cruz Iturbide 5, Kendry Rijo 0, Nelson Mosser<strong>\u00a0<\/strong>2, Claudio Sanchez 0, Santiago Abenel 4 y Mat\u00edas Iturbide 2.<strong>\u00a0DT:\u00a0Walter Romerniszyn.<\/strong><\/p>\n<p><strong>Independiente 61:\u00a0<\/strong>\u00a0Augusto R\u00edos 13, Francisco Londero 9, Ignacio \u00c9rcoli 1, Ignacio Formiga 1, Mariano Trellini 23 (FI); Hern\u00e1n Cinti 2, Federico Congos 0, Nehu\u00e9n Guerrero 0, Francisco Ariza 2, Juan Itarralde 10, Maximo Murgoitia 0 y Nicol\u00e1s Schiaffino 0.\u00a0<strong>DT: Javier Musumeci.<\/strong><\/p>\n<p><strong>Parciales: <\/strong>21-16, 34-34 (13-18), 51-54 (17-20) y 73-61 (22-7)<\/p>\n<p><strong>\u00c1rbitros: <\/strong>Reyes Mauro -\u2069 Kessler Diego &#8211; Schernenco Juan Cruz\u2069<\/p>\n<p><strong>Estadio: <\/strong>Aviones Azules (Deportivo Whitense)<\/p>\n<p><a href=\"https:\/\/fibalivestats.dcd.shared.geniussports.com\/u\/ABB\/1941442\/\" target=\"_blank\" rel=\"noopener\">Ver estad\u00edsticas oficiales<\/a><\/p>\n<p><img decoding=\"async\" src=\"http:\/\/www.gentedebasquet.com.ar\/wp-content\/uploads\/2021\/09\/Gif-Publicidades-3.gif\" \/><br \/>\n<a href=\"http:\/\/www.gentedebasquet.com.ar\/wp-content\/uploads\/2021\/09\/CLAVE-16.jpg\"><img decoding=\"async\" class=\"alignnone  wp-image-100327\" src=\"http:\/\/www.gentedebasquet.com.ar\/wp-content\/uploads\/2021\/09\/CLAVE-16-300x300.jpg\" alt=\"\" width=\"408\" height=\"408\" srcset=\"http:\/\/gentedebasquet.com.ar\/sitio\/wp-content\/uploads\/2021\/09\/CLAVE-16-300x300.jpg 300w, http:\/\/gentedebasquet.com.ar\/sitio\/wp-content\/uploads\/2021\/09\/CLAVE-16-1024x1024.jpg 1024w, http:\/\/gentedebasquet.com.ar\/sitio\/wp-content\/uploads\/2021\/09\/CLAVE-16-150x150.jpg 150w, http:\/\/gentedebasquet.com.ar\/sitio\/wp-content\/uploads\/2021\/09\/CLAVE-16-768x768.jpg 768w, http:\/\/gentedebasquet.com.ar\/sitio\/wp-content\/uploads\/2021\/09\/CLAVE-16-1536x1536.jpg 1536w, http:\/\/gentedebasquet.com.ar\/sitio\/wp-content\/uploads\/2021\/09\/CLAVE-16.jpg 2000w\" sizes=\"(max-width: 408px) 100vw, 408px\" \/><\/a><br \/>\n<img decoding=\"async\" src=\"http:\/\/www.gentedebasquet.com.ar\/wp-content\/uploads\/2021\/09\/Gif-Publicidades-5.gif\" \/><br \/>\n<a href=\"http:\/\/www.gentedebasquet.com.ar\/wp-content\/uploads\/2021\/09\/2-2.jpg\"><img decoding=\"async\" class=\"alignnone  wp-image-100326\" src=\"http:\/\/www.gentedebasquet.com.ar\/wp-content\/uploads\/2021\/09\/2-2-300x162.jpg\" alt=\"\" width=\"419\" height=\"226\" srcset=\"http:\/\/gentedebasquet.com.ar\/sitio\/wp-content\/uploads\/2021\/09\/2-2-300x162.jpg 300w, http:\/\/gentedebasquet.com.ar\/sitio\/wp-content\/uploads\/2021\/09\/2-2.jpg 635w\" sizes=\"(max-width: 419px) 100vw, 419px\" \/><\/a><\/p>\n","protected":false},"excerpt":{"rendered":"<p>Deportivo Whitense conoci\u00f3 la victoria en este torneo, venciendo a Independiente 73 a 61, en un partido que nunca dio por perdido y que pudo revertir justo a tiempo. En un primer cuarto en el que empez\u00f3 ganando (21-16) las cosas para el local estaban sucediendo\u00a0como su entrenador lo quer\u00eda, aunque con un bajo rendimiento [&hellip;]<\/p>\n","protected":false},"author":1,"featured_media":100325,"comment_status":"closed","ping_status":"open","sticky":false,"template":"","format":"standard","meta":{"jnews-multi-image_gallery":[],"jnews_single_post":[],"jnews_primary_category":[],"footnotes":""},"categories":[25,101],"tags":[8,12],"class_list":["post-100295","post","type-post","status-publish","format-standard","has-post-thumbnail","hentry","category-segunda","category-slide","tag-deportivo-whitense","tag-independiente"],"yoast_head":"<!-- This site is optimized with the Yoast SEO plugin v27.5 - https:\/\/yoast.com\/product\/yoast-seo-wordpress\/ -->\n<title>Whitense despert\u00f3 a tiempo y consigui\u00f3 su primer victoria - Gente de B\u00e1squet<\/title>\n<meta name=\"robots\" content=\"index, follow, max-snippet:-1, max-image-preview:large, max-video-preview:-1\" \/>\n<link rel=\"canonical\" href=\"http:\/\/gentedebasquet.com.ar\/sitio\/2021\/09\/25\/whitense-desperto-a-tiempo-y-consiguio-su-primer-victoria\/\" \/>\n<meta property=\"og:locale\" content=\"es_ES\" \/>\n<meta property=\"og:type\" content=\"article\" \/>\n<meta property=\"og:title\" content=\"Whitense despert\u00f3 a tiempo y consigui\u00f3 su primer victoria - Gente de B\u00e1squet\" \/>\n<meta property=\"og:description\" content=\"Deportivo Whitense conoci\u00f3 la victoria en este torneo, venciendo a Independiente 73 a 61, en un partido que nunca dio por perdido y que pudo revertir justo a tiempo. En un primer cuarto en el que empez\u00f3 ganando (21-16) las cosas para el local estaban sucediendo\u00a0como su entrenador lo quer\u00eda, aunque con un bajo rendimiento [&hellip;]\" \/>\n<meta property=\"og:url\" content=\"http:\/\/gentedebasquet.com.ar\/sitio\/2021\/09\/25\/whitense-desperto-a-tiempo-y-consiguio-su-primer-victoria\/\" \/>\n<meta property=\"og:site_name\" content=\"Gente de B\u00e1squet\" \/>\n<meta property=\"article:published_time\" content=\"2021-09-25T03:14:03+00:00\" \/>\n<meta property=\"og:image\" content=\"http:\/\/gentedebasquet.com.ar\/sitio\/wp-content\/uploads\/2021\/09\/1-1.jpg\" \/>\n\t<meta property=\"og:image:width\" content=\"634\" \/>\n\t<meta property=\"og:image:height\" content=\"346\" \/>\n\t<meta property=\"og:image:type\" content=\"image\/jpeg\" \/>\n<meta name=\"author\" content=\"Gente de B\u00e1squet\" \/>\n<meta name=\"twitter:card\" content=\"summary_large_image\" \/>\n<meta name=\"twitter:label1\" content=\"Escrito por\" \/>\n\t<meta name=\"twitter:data1\" content=\"Gente de B\u00e1squet\" \/>\n\t<meta name=\"twitter:label2\" content=\"Tiempo de lectura\" \/>\n\t<meta name=\"twitter:data2\" content=\"2 minutos\" \/>\n<script type=\"application\/ld+json\" class=\"yoast-schema-graph\">{\"@context\":\"https:\\\/\\\/schema.org\",\"@graph\":[{\"@type\":\"Article\",\"@id\":\"http:\\\/\\\/gentedebasquet.com.ar\\\/sitio\\\/2021\\\/09\\\/25\\\/whitense-desperto-a-tiempo-y-consiguio-su-primer-victoria\\\/#article\",\"isPartOf\":{\"@id\":\"http:\\\/\\\/gentedebasquet.com.ar\\\/sitio\\\/2021\\\/09\\\/25\\\/whitense-desperto-a-tiempo-y-consiguio-su-primer-victoria\\\/\"},\"author\":{\"name\":\"Gente de B\u00e1squet\",\"@id\":\"http:\\\/\\\/gentedebasquet.com.ar\\\/sitio\\\/#\\\/schema\\\/person\\\/ca0b63bbb977369988a7bbbdc519943a\"},\"headline\":\"Whitense despert\u00f3 a tiempo y consigui\u00f3 su primer victoria\",\"datePublished\":\"2021-09-25T03:14:03+00:00\",\"mainEntityOfPage\":{\"@id\":\"http:\\\/\\\/gentedebasquet.com.ar\\\/sitio\\\/2021\\\/09\\\/25\\\/whitense-desperto-a-tiempo-y-consiguio-su-primer-victoria\\\/\"},\"wordCount\":395,\"image\":{\"@id\":\"http:\\\/\\\/gentedebasquet.com.ar\\\/sitio\\\/2021\\\/09\\\/25\\\/whitense-desperto-a-tiempo-y-consiguio-su-primer-victoria\\\/#primaryimage\"},\"thumbnailUrl\":\"http:\\\/\\\/gentedebasquet.com.ar\\\/sitio\\\/wp-content\\\/uploads\\\/2021\\\/09\\\/1-1.jpg\",\"keywords\":[\"Deportivo Whitense\",\"independiente\"],\"articleSection\":[\"Segunda\",\"Slide\"],\"inLanguage\":\"es\"},{\"@type\":\"WebPage\",\"@id\":\"http:\\\/\\\/gentedebasquet.com.ar\\\/sitio\\\/2021\\\/09\\\/25\\\/whitense-desperto-a-tiempo-y-consiguio-su-primer-victoria\\\/\",\"url\":\"http:\\\/\\\/gentedebasquet.com.ar\\\/sitio\\\/2021\\\/09\\\/25\\\/whitense-desperto-a-tiempo-y-consiguio-su-primer-victoria\\\/\",\"name\":\"Whitense despert\u00f3 a tiempo y consigui\u00f3 su primer victoria - Gente de B\u00e1squet\",\"isPartOf\":{\"@id\":\"http:\\\/\\\/gentedebasquet.com.ar\\\/sitio\\\/#website\"},\"primaryImageOfPage\":{\"@id\":\"http:\\\/\\\/gentedebasquet.com.ar\\\/sitio\\\/2021\\\/09\\\/25\\\/whitense-desperto-a-tiempo-y-consiguio-su-primer-victoria\\\/#primaryimage\"},\"image\":{\"@id\":\"http:\\\/\\\/gentedebasquet.com.ar\\\/sitio\\\/2021\\\/09\\\/25\\\/whitense-desperto-a-tiempo-y-consiguio-su-primer-victoria\\\/#primaryimage\"},\"thumbnailUrl\":\"http:\\\/\\\/gentedebasquet.com.ar\\\/sitio\\\/wp-content\\\/uploads\\\/2021\\\/09\\\/1-1.jpg\",\"datePublished\":\"2021-09-25T03:14:03+00:00\",\"author\":{\"@id\":\"http:\\\/\\\/gentedebasquet.com.ar\\\/sitio\\\/#\\\/schema\\\/person\\\/ca0b63bbb977369988a7bbbdc519943a\"},\"breadcrumb\":{\"@id\":\"http:\\\/\\\/gentedebasquet.com.ar\\\/sitio\\\/2021\\\/09\\\/25\\\/whitense-desperto-a-tiempo-y-consiguio-su-primer-victoria\\\/#breadcrumb\"},\"inLanguage\":\"es\",\"potentialAction\":[{\"@type\":\"ReadAction\",\"target\":[\"http:\\\/\\\/gentedebasquet.com.ar\\\/sitio\\\/2021\\\/09\\\/25\\\/whitense-desperto-a-tiempo-y-consiguio-su-primer-victoria\\\/\"]}]},{\"@type\":\"ImageObject\",\"inLanguage\":\"es\",\"@id\":\"http:\\\/\\\/gentedebasquet.com.ar\\\/sitio\\\/2021\\\/09\\\/25\\\/whitense-desperto-a-tiempo-y-consiguio-su-primer-victoria\\\/#primaryimage\",\"url\":\"http:\\\/\\\/gentedebasquet.com.ar\\\/sitio\\\/wp-content\\\/uploads\\\/2021\\\/09\\\/1-1.jpg\",\"contentUrl\":\"http:\\\/\\\/gentedebasquet.com.ar\\\/sitio\\\/wp-content\\\/uploads\\\/2021\\\/09\\\/1-1.jpg\",\"width\":634,\"height\":346},{\"@type\":\"BreadcrumbList\",\"@id\":\"http:\\\/\\\/gentedebasquet.com.ar\\\/sitio\\\/2021\\\/09\\\/25\\\/whitense-desperto-a-tiempo-y-consiguio-su-primer-victoria\\\/#breadcrumb\",\"itemListElement\":[{\"@type\":\"ListItem\",\"position\":1,\"name\":\"Portada\",\"item\":\"http:\\\/\\\/gentedebasquet.com.ar\\\/sitio\\\/\"},{\"@type\":\"ListItem\",\"position\":2,\"name\":\"Whitense despert\u00f3 a tiempo y consigui\u00f3 su primer victoria\"}]},{\"@type\":\"WebSite\",\"@id\":\"http:\\\/\\\/gentedebasquet.com.ar\\\/sitio\\\/#website\",\"url\":\"http:\\\/\\\/gentedebasquet.com.ar\\\/sitio\\\/\",\"name\":\"Gente de B\u00e1squet\",\"description\":\"La revista del basquet de Bah\u00eda Blanca\",\"potentialAction\":[{\"@type\":\"SearchAction\",\"target\":{\"@type\":\"EntryPoint\",\"urlTemplate\":\"http:\\\/\\\/gentedebasquet.com.ar\\\/sitio\\\/?s={search_term_string}\"},\"query-input\":{\"@type\":\"PropertyValueSpecification\",\"valueRequired\":true,\"valueName\":\"search_term_string\"}}],\"inLanguage\":\"es\"},{\"@type\":\"Person\",\"@id\":\"http:\\\/\\\/gentedebasquet.com.ar\\\/sitio\\\/#\\\/schema\\\/person\\\/ca0b63bbb977369988a7bbbdc519943a\",\"name\":\"Gente de B\u00e1squet\",\"image\":{\"@type\":\"ImageObject\",\"inLanguage\":\"es\",\"@id\":\"https:\\\/\\\/secure.gravatar.com\\\/avatar\\\/7f2c48bdc33b30088f941fb6082e555f2874c98e20cb159d7b92b50eadfce793?s=96&d=mm&r=g\",\"url\":\"https:\\\/\\\/secure.gravatar.com\\\/avatar\\\/7f2c48bdc33b30088f941fb6082e555f2874c98e20cb159d7b92b50eadfce793?s=96&d=mm&r=g\",\"contentUrl\":\"https:\\\/\\\/secure.gravatar.com\\\/avatar\\\/7f2c48bdc33b30088f941fb6082e555f2874c98e20cb159d7b92b50eadfce793?s=96&d=mm&r=g\",\"caption\":\"Gente de B\u00e1squet\"},\"sameAs\":[\"http:\\\/\\\/gentedebasquet.com.ar\\\/sitio\"],\"url\":\"http:\\\/\\\/gentedebasquet.com.ar\\\/sitio\\\/author\\\/ulises\\\/\"}]}<\/script>\n<!-- \/ Yoast SEO plugin. -->","yoast_head_json":{"title":"Whitense despert\u00f3 a tiempo y consigui\u00f3 su primer victoria - Gente de B\u00e1squet","robots":{"index":"index","follow":"follow","max-snippet":"max-snippet:-1","max-image-preview":"max-image-preview:large","max-video-preview":"max-video-preview:-1"},"canonical":"http:\/\/gentedebasquet.com.ar\/sitio\/2021\/09\/25\/whitense-desperto-a-tiempo-y-consiguio-su-primer-victoria\/","og_locale":"es_ES","og_type":"article","og_title":"Whitense despert\u00f3 a tiempo y consigui\u00f3 su primer victoria - Gente de B\u00e1squet","og_description":"Deportivo Whitense conoci\u00f3 la victoria en este torneo, venciendo a Independiente 73 a 61, en un partido que nunca dio por perdido y que pudo revertir justo a tiempo. En un primer cuarto en el que empez\u00f3 ganando (21-16) las cosas para el local estaban sucediendo\u00a0como su entrenador lo quer\u00eda, aunque con un bajo rendimiento [&hellip;]","og_url":"http:\/\/gentedebasquet.com.ar\/sitio\/2021\/09\/25\/whitense-desperto-a-tiempo-y-consiguio-su-primer-victoria\/","og_site_name":"Gente de B\u00e1squet","article_published_time":"2021-09-25T03:14:03+00:00","og_image":[{"width":634,"height":346,"url":"http:\/\/gentedebasquet.com.ar\/sitio\/wp-content\/uploads\/2021\/09\/1-1.jpg","type":"image\/jpeg"}],"author":"Gente de B\u00e1squet","twitter_card":"summary_large_image","twitter_misc":{"Escrito por":"Gente de B\u00e1squet","Tiempo de lectura":"2 minutos"},"schema":{"@context":"https:\/\/schema.org","@graph":[{"@type":"Article","@id":"http:\/\/gentedebasquet.com.ar\/sitio\/2021\/09\/25\/whitense-desperto-a-tiempo-y-consiguio-su-primer-victoria\/#article","isPartOf":{"@id":"http:\/\/gentedebasquet.com.ar\/sitio\/2021\/09\/25\/whitense-desperto-a-tiempo-y-consiguio-su-primer-victoria\/"},"author":{"name":"Gente de B\u00e1squet","@id":"http:\/\/gentedebasquet.com.ar\/sitio\/#\/schema\/person\/ca0b63bbb977369988a7bbbdc519943a"},"headline":"Whitense despert\u00f3 a tiempo y consigui\u00f3 su primer victoria","datePublished":"2021-09-25T03:14:03+00:00","mainEntityOfPage":{"@id":"http:\/\/gentedebasquet.com.ar\/sitio\/2021\/09\/25\/whitense-desperto-a-tiempo-y-consiguio-su-primer-victoria\/"},"wordCount":395,"image":{"@id":"http:\/\/gentedebasquet.com.ar\/sitio\/2021\/09\/25\/whitense-desperto-a-tiempo-y-consiguio-su-primer-victoria\/#primaryimage"},"thumbnailUrl":"http:\/\/gentedebasquet.com.ar\/sitio\/wp-content\/uploads\/2021\/09\/1-1.jpg","keywords":["Deportivo Whitense","independiente"],"articleSection":["Segunda","Slide"],"inLanguage":"es"},{"@type":"WebPage","@id":"http:\/\/gentedebasquet.com.ar\/sitio\/2021\/09\/25\/whitense-desperto-a-tiempo-y-consiguio-su-primer-victoria\/","url":"http:\/\/gentedebasquet.com.ar\/sitio\/2021\/09\/25\/whitense-desperto-a-tiempo-y-consiguio-su-primer-victoria\/","name":"Whitense despert\u00f3 a tiempo y consigui\u00f3 su primer victoria - Gente de B\u00e1squet","isPartOf":{"@id":"http:\/\/gentedebasquet.com.ar\/sitio\/#website"},"primaryImageOfPage":{"@id":"http:\/\/gentedebasquet.com.ar\/sitio\/2021\/09\/25\/whitense-desperto-a-tiempo-y-consiguio-su-primer-victoria\/#primaryimage"},"image":{"@id":"http:\/\/gentedebasquet.com.ar\/sitio\/2021\/09\/25\/whitense-desperto-a-tiempo-y-consiguio-su-primer-victoria\/#primaryimage"},"thumbnailUrl":"http:\/\/gentedebasquet.com.ar\/sitio\/wp-content\/uploads\/2021\/09\/1-1.jpg","datePublished":"2021-09-25T03:14:03+00:00","author":{"@id":"http:\/\/gentedebasquet.com.ar\/sitio\/#\/schema\/person\/ca0b63bbb977369988a7bbbdc519943a"},"breadcrumb":{"@id":"http:\/\/gentedebasquet.com.ar\/sitio\/2021\/09\/25\/whitense-desperto-a-tiempo-y-consiguio-su-primer-victoria\/#breadcrumb"},"inLanguage":"es","potentialAction":[{"@type":"ReadAction","target":["http:\/\/gentedebasquet.com.ar\/sitio\/2021\/09\/25\/whitense-desperto-a-tiempo-y-consiguio-su-primer-victoria\/"]}]},{"@type":"ImageObject","inLanguage":"es","@id":"http:\/\/gentedebasquet.com.ar\/sitio\/2021\/09\/25\/whitense-desperto-a-tiempo-y-consiguio-su-primer-victoria\/#primaryimage","url":"http:\/\/gentedebasquet.com.ar\/sitio\/wp-content\/uploads\/2021\/09\/1-1.jpg","contentUrl":"http:\/\/gentedebasquet.com.ar\/sitio\/wp-content\/uploads\/2021\/09\/1-1.jpg","width":634,"height":346},{"@type":"BreadcrumbList","@id":"http:\/\/gentedebasquet.com.ar\/sitio\/2021\/09\/25\/whitense-desperto-a-tiempo-y-consiguio-su-primer-victoria\/#breadcrumb","itemListElement":[{"@type":"ListItem","position":1,"name":"Portada","item":"http:\/\/gentedebasquet.com.ar\/sitio\/"},{"@type":"ListItem","position":2,"name":"Whitense despert\u00f3 a tiempo y consigui\u00f3 su primer victoria"}]},{"@type":"WebSite","@id":"http:\/\/gentedebasquet.com.ar\/sitio\/#website","url":"http:\/\/gentedebasquet.com.ar\/sitio\/","name":"Gente de B\u00e1squet","description":"La revista del basquet de Bah\u00eda Blanca","potentialAction":[{"@type":"SearchAction","target":{"@type":"EntryPoint","urlTemplate":"http:\/\/gentedebasquet.com.ar\/sitio\/?s={search_term_string}"},"query-input":{"@type":"PropertyValueSpecification","valueRequired":true,"valueName":"search_term_string"}}],"inLanguage":"es"},{"@type":"Person","@id":"http:\/\/gentedebasquet.com.ar\/sitio\/#\/schema\/person\/ca0b63bbb977369988a7bbbdc519943a","name":"Gente de B\u00e1squet","image":{"@type":"ImageObject","inLanguage":"es","@id":"https:\/\/secure.gravatar.com\/avatar\/7f2c48bdc33b30088f941fb6082e555f2874c98e20cb159d7b92b50eadfce793?s=96&d=mm&r=g","url":"https:\/\/secure.gravatar.com\/avatar\/7f2c48bdc33b30088f941fb6082e555f2874c98e20cb159d7b92b50eadfce793?s=96&d=mm&r=g","contentUrl":"https:\/\/secure.gravatar.com\/avatar\/7f2c48bdc33b30088f941fb6082e555f2874c98e20cb159d7b92b50eadfce793?s=96&d=mm&r=g","caption":"Gente de B\u00e1squet"},"sameAs":["http:\/\/gentedebasquet.com.ar\/sitio"],"url":"http:\/\/gentedebasquet.com.ar\/sitio\/author\/ulises\/"}]}},"_links":{"self":[{"href":"http:\/\/gentedebasquet.com.ar\/sitio\/wp-json\/wp\/v2\/posts\/100295","targetHints":{"allow":["GET"]}}],"collection":[{"href":"http:\/\/gentedebasquet.com.ar\/sitio\/wp-json\/wp\/v2\/posts"}],"about":[{"href":"http:\/\/gentedebasquet.com.ar\/sitio\/wp-json\/wp\/v2\/types\/post"}],"author":[{"embeddable":true,"href":"http:\/\/gentedebasquet.com.ar\/sitio\/wp-json\/wp\/v2\/users\/1"}],"replies":[{"embeddable":true,"href":"http:\/\/gentedebasquet.com.ar\/sitio\/wp-json\/wp\/v2\/comments?post=100295"}],"version-history":[{"count":0,"href":"http:\/\/gentedebasquet.com.ar\/sitio\/wp-json\/wp\/v2\/posts\/100295\/revisions"}],"wp:featuredmedia":[{"embeddable":true,"href":"http:\/\/gentedebasquet.com.ar\/sitio\/wp-json\/wp\/v2\/media\/100325"}],"wp:attachment":[{"href":"http:\/\/gentedebasquet.com.ar\/sitio\/wp-json\/wp\/v2\/media?parent=100295"}],"wp:term":[{"taxonomy":"category","embeddable":true,"href":"http:\/\/gentedebasquet.com.ar\/sitio\/wp-json\/wp\/v2\/categories?post=100295"},{"taxonomy":"post_tag","embeddable":true,"href":"http:\/\/gentedebasquet.com.ar\/sitio\/wp-json\/wp\/v2\/tags?post=100295"}],"curies":[{"name":"wp","href":"https:\/\/api.w.org\/{rel}","templated":true}]}}