{"id":100367,"date":"2021-10-01T00:10:17","date_gmt":"2021-10-01T03:10:17","guid":{"rendered":"http:\/\/www.gentedebasquet.com.ar\/?p=100367"},"modified":"2021-10-01T00:10:17","modified_gmt":"2021-10-01T03:10:17","slug":"9-de-julio-se-quedo-con-el-clasico","status":"publish","type":"post","link":"http:\/\/gentedebasquet.com.ar\/sitio\/2021\/10\/01\/9-de-julio-se-quedo-con-el-clasico\/","title":{"rendered":"9 de Julio se qued\u00f3 con el clasico"},"content":{"rendered":"<p><b>Por la cuarta fecha del torneo de primera, en el N\u00e9stor\u00a0Damiani se jug\u00f3 una nueva edici\u00f3n\u00a0del siempre atractivo cl\u00e1sico\u00a0de barrio, donde 9 de Julio derrot\u00f3 a Pacifico 70-61 y consigui\u00f3 la primer victoria en el torneo.<\/b><\/p>\n<p><strong>El cl\u00e1sico siempre lo tuvo al frente al local, quien arranc\u00f3 el encuentro con los dientes apretados y se llev\u00f3 el primer cuarto 25-15 con un Ezequiel Pordomingo muy efectivo (14 pts &#8211; 3\/5 t2 &#8211; 5\/5 tl).<\/strong><\/p>\n<p><strong>El 2c fue m\u00e1s parejo (18-17), Pacifico sali\u00f3 animado con un gran Nicol\u00e1s S\u00e1nchez (14pts, 6reb), por su parte el 9 mantuvo el protagonismo de Pordomingo y comenzaba a aparecer la figura del encuentro: Alan Prost (20 pts- 7\/8 t2- 6reb). Ambas parcialidades se levantaban de sus asientos y hac\u00edan a este cl\u00e1sico aun mas entretenido.\u00a0<\/strong><\/p>\n<p><strong>La segunda parte fue la mas alentadora para el visitante (17-20), quien encontr\u00f3 en Gianni Nicotra (9pts &#8211; 5reb y 2 tapas) protagonismo en el juego interno. En el local, Julian Turcato (14 pts) sumaba y el partido se pon\u00eda interesante.\u00a0<\/strong><\/p>\n<p><strong>9 de Julio se desvivi\u00f3 en defensa en el cuarto capitulo (10-9), mantuvo la diferencia y se qued\u00f3 con el cl\u00e1sico. As\u00ed los de Larrasolo consiguieron su primer victoria en el torneo, que les permite so\u00f1ar con un repunte en las fechas pr\u00f3ximas.\u00a0<\/strong><\/p>\n<p><a href=\"http:\/\/www.gentedebasquet.com.ar\/wp-content\/uploads\/2021\/09\/Gif-Publicidades-1-1.gif\"><img decoding=\"async\" class=\"alignnone size-full wp-image-99870\" src=\"http:\/\/www.gentedebasquet.com.ar\/wp-content\/uploads\/2021\/09\/Gif-Publicidades-1-1.gif\" alt=\"\" width=\"300\" height=\"250\" \/><\/a><\/p>\n<p><iframe loading=\"lazy\" title=\"YouTube video player\" src=\"https:\/\/www.youtube.com\/embed\/JidmTTpsyyA\" width=\"560\" height=\"315\" frameborder=\"0\" allowfullscreen=\"allowfullscreen\"><\/iframe><\/p>\n<p><a href=\"http:\/\/www.gentedebasquet.com.ar\/wp-content\/uploads\/2021\/09\/Gif-Publicidades-2.gif\"><img decoding=\"async\" class=\"alignnone size-full wp-image-99871\" src=\"http:\/\/www.gentedebasquet.com.ar\/wp-content\/uploads\/2021\/09\/Gif-Publicidades-2.gif\" alt=\"\" width=\"300\" height=\"250\" \/><\/a><\/p>\n<p><a href=\"http:\/\/www.gentedebasquet.com.ar\/wp-content\/uploads\/2021\/09\/MVPalanprost-1.jpg\"><img decoding=\"async\" class=\"alignnone size-medium wp-image-100379\" src=\"http:\/\/www.gentedebasquet.com.ar\/wp-content\/uploads\/2021\/09\/MVPalanprost-1-300x300.jpg\" alt=\"\" width=\"300\" height=\"300\" srcset=\"http:\/\/gentedebasquet.com.ar\/sitio\/wp-content\/uploads\/2021\/09\/MVPalanprost-1-300x300.jpg 300w, http:\/\/gentedebasquet.com.ar\/sitio\/wp-content\/uploads\/2021\/09\/MVPalanprost-1-1024x1024.jpg 1024w, http:\/\/gentedebasquet.com.ar\/sitio\/wp-content\/uploads\/2021\/09\/MVPalanprost-1-150x150.jpg 150w, http:\/\/gentedebasquet.com.ar\/sitio\/wp-content\/uploads\/2021\/09\/MVPalanprost-1-768x768.jpg 768w, http:\/\/gentedebasquet.com.ar\/sitio\/wp-content\/uploads\/2021\/09\/MVPalanprost-1-1536x1536.jpg 1536w, http:\/\/gentedebasquet.com.ar\/sitio\/wp-content\/uploads\/2021\/09\/MVPalanprost-1.jpg 2000w\" sizes=\"(max-width: 300px) 100vw, 300px\" \/><\/a><\/p>\n<p><a href=\"http:\/\/www.gentedebasquet.com.ar\/wp-content\/uploads\/2021\/09\/WhatsApp-Image-2021-09-30-at-22.32.37.jpeg\"><img decoding=\"async\" class=\"alignnone size-medium wp-image-100380\" src=\"http:\/\/www.gentedebasquet.com.ar\/wp-content\/uploads\/2021\/09\/WhatsApp-Image-2021-09-30-at-22.32.37-300x224.jpeg\" alt=\"\" width=\"300\" height=\"224\" srcset=\"http:\/\/gentedebasquet.com.ar\/sitio\/wp-content\/uploads\/2021\/09\/WhatsApp-Image-2021-09-30-at-22.32.37-300x224.jpeg 300w, http:\/\/gentedebasquet.com.ar\/sitio\/wp-content\/uploads\/2021\/09\/WhatsApp-Image-2021-09-30-at-22.32.37-1024x765.jpeg 1024w, http:\/\/gentedebasquet.com.ar\/sitio\/wp-content\/uploads\/2021\/09\/WhatsApp-Image-2021-09-30-at-22.32.37-768x574.jpeg 768w, http:\/\/gentedebasquet.com.ar\/sitio\/wp-content\/uploads\/2021\/09\/WhatsApp-Image-2021-09-30-at-22.32.37-1536x1148.jpeg 1536w, http:\/\/gentedebasquet.com.ar\/sitio\/wp-content\/uploads\/2021\/09\/WhatsApp-Image-2021-09-30-at-22.32.37.jpeg 1600w\" sizes=\"(max-width: 300px) 100vw, 300px\" \/><\/a><\/p>\n<blockquote><p>Es un lindo partido para arrancar, ven\u00edamos 0-3 ya se nos empezaba a complicar, la cabeza te empieza a jugar en contra pero estos partidos nos gusta jugarlos a nosotros, somos casi todos formados en el club y creo que eso nos jug\u00f3 a favor.<\/p><\/blockquote>\n<p><a href=\"http:\/\/www.gentedebasquet.com.ar\/wp-content\/uploads\/2021\/09\/Gif-Publicidades-4.gif\"><img decoding=\"async\" class=\"alignnone size-full wp-image-99873\" src=\"http:\/\/www.gentedebasquet.com.ar\/wp-content\/uploads\/2021\/09\/Gif-Publicidades-4.gif\" alt=\"\" width=\"300\" height=\"250\" \/><\/a><\/p>\n<p><strong>S\u00edntesis |<\/strong>\u00a0Primera Divisi\u00f3n \u2013 Fecha #4<\/p>\n<p><strong>9 De Julio 70: <\/strong>Juli\u00e1n Turcato 14, Alan Prost 20, Agust\u00edn Pena 10, Ezequiel Pordomingo 14 y Federico Escobar 3 <strong>(FI);<\/strong> Santiago Boye 0, Francisco Anaya 2, Fausto Vasconcelo 4 y Manuel Costa 3.<strong> DT: Andr\u00e9s Larrasolo<\/strong><\/p>\n<p><b>Pacifico 61: <\/b>Nicol\u00e1s\u00a0S\u00e1nchez\u00a014, Branco Salvatori 10, Emanuel Kloster 0, Bautista Olivera 6 y Pomar Garbarino 5 <strong>(FI);<\/strong> Facundo Watson 7, Marcos Leal 3, Germ\u00e1n Andr\u00e9s\u00a05, Gianni Nicotra 9 y Baltazar Dom\u00ednguez\u00a02. <strong>DT:\u00a0Andr\u00e9s Iannamico.<\/strong><\/p>\n<p><strong>Parciales:<\/strong> 25-15, 43-32 (18-17), 60-52 (17-20) y 70-61 (10-9)<\/p>\n<p><b>\u00c1rbitros:\u00a0<\/b>Alejandro Ramallo, \u2069Marian Enrique y\u2069 Santiago Lopez Hoyos<\/p>\n<p><strong>Estadio: Nestor Damiani (9 de Julio)<\/strong><\/p>\n<p><a href=\"https:\/\/fibalivestats.dcd.shared.geniussports.com\/u\/ABB\/1955400\/bs.html\">VE ESTADISTICAS OFICIALES<\/a><\/p>\n<p><a href=\"http:\/\/www.gentedebasquet.com.ar\/wp-content\/uploads\/2021\/09\/clave9dej1.jpg\"><img decoding=\"async\" class=\"alignnone size-medium wp-image-100378\" src=\"http:\/\/www.gentedebasquet.com.ar\/wp-content\/uploads\/2021\/09\/clave9dej1-300x300.jpg\" alt=\"\" width=\"300\" height=\"300\" srcset=\"http:\/\/gentedebasquet.com.ar\/sitio\/wp-content\/uploads\/2021\/09\/clave9dej1-300x300.jpg 300w, http:\/\/gentedebasquet.com.ar\/sitio\/wp-content\/uploads\/2021\/09\/clave9dej1-1024x1024.jpg 1024w, http:\/\/gentedebasquet.com.ar\/sitio\/wp-content\/uploads\/2021\/09\/clave9dej1-150x150.jpg 150w, http:\/\/gentedebasquet.com.ar\/sitio\/wp-content\/uploads\/2021\/09\/clave9dej1-768x768.jpg 768w, http:\/\/gentedebasquet.com.ar\/sitio\/wp-content\/uploads\/2021\/09\/clave9dej1-1536x1536.jpg 1536w, http:\/\/gentedebasquet.com.ar\/sitio\/wp-content\/uploads\/2021\/09\/clave9dej1.jpg 2000w\" sizes=\"(max-width: 300px) 100vw, 300px\" \/><\/a><\/p>\n<p><a href=\"http:\/\/www.gentedebasquet.com.ar\/wp-content\/uploads\/2021\/09\/Gif-Publicidades-3.gif\"><img decoding=\"async\" class=\"alignnone size-full wp-image-99872\" src=\"http:\/\/www.gentedebasquet.com.ar\/wp-content\/uploads\/2021\/09\/Gif-Publicidades-3.gif\" alt=\"\" width=\"300\" height=\"250\" \/><\/a><\/p>\n<p><a href=\"http:\/\/www.gentedebasquet.com.ar\/wp-content\/uploads\/2021\/09\/Gif-Publicidades-5.gif\"><img decoding=\"async\" class=\"alignnone size-full wp-image-99876\" src=\"http:\/\/www.gentedebasquet.com.ar\/wp-content\/uploads\/2021\/09\/Gif-Publicidades-5.gif\" alt=\"\" width=\"300\" height=\"250\" \/><\/a><\/p>\n<p><a href=\"http:\/\/www.gentedebasquet.com.ar\/wp-content\/uploads\/2021\/10\/WhatsApp-Image-2021-09-30-at-20.45.35.jpeg\"><img decoding=\"async\" class=\"alignnone wp-image-100386\" src=\"http:\/\/www.gentedebasquet.com.ar\/wp-content\/uploads\/2021\/10\/WhatsApp-Image-2021-09-30-at-20.45.35-300x169.jpeg\" alt=\"\" width=\"300\" height=\"169\" srcset=\"http:\/\/gentedebasquet.com.ar\/sitio\/wp-content\/uploads\/2021\/10\/WhatsApp-Image-2021-09-30-at-20.45.35-300x169.jpeg 300w, http:\/\/gentedebasquet.com.ar\/sitio\/wp-content\/uploads\/2021\/10\/WhatsApp-Image-2021-09-30-at-20.45.35-1024x576.jpeg 1024w, http:\/\/gentedebasquet.com.ar\/sitio\/wp-content\/uploads\/2021\/10\/WhatsApp-Image-2021-09-30-at-20.45.35-768x432.jpeg 768w, http:\/\/gentedebasquet.com.ar\/sitio\/wp-content\/uploads\/2021\/10\/WhatsApp-Image-2021-09-30-at-20.45.35.jpeg 1280w\" sizes=\"(max-width: 300px) 100vw, 300px\" \/><\/a><\/p>\n","protected":false},"excerpt":{"rendered":"<p>Por la cuarta fecha del torneo de primera, en el N\u00e9stor\u00a0Damiani se jug\u00f3 una nueva edici\u00f3n\u00a0del siempre atractivo cl\u00e1sico\u00a0de barrio, donde 9 de Julio derrot\u00f3 a Pacifico 70-61 y consigui\u00f3 la primer victoria en el torneo. El cl\u00e1sico siempre lo tuvo al frente al local, quien arranc\u00f3 el encuentro con los dientes apretados y se [&hellip;]<\/p>\n","protected":false},"author":1,"featured_media":100402,"comment_status":"closed","ping_status":"open","sticky":false,"template":"","format":"standard","meta":{"jnews-multi-image_gallery":[],"jnews_single_post":[],"jnews_primary_category":[],"footnotes":""},"categories":[24,23,101],"tags":[2,1488,1356,484,17],"class_list":["post-100367","post","type-post","status-publish","format-standard","has-post-thumbnail","hentry","category-overtime","category-primera","category-slide","tag-9dejulio","tag-alan-prost","tag-ezequiel-pordomingo","tag-nicolas-sanchez","tag-pacifico"],"yoast_head":"<!-- This site is optimized with the Yoast SEO plugin v27.5 - https:\/\/yoast.com\/product\/yoast-seo-wordpress\/ -->\n<title>9 de Julio se qued\u00f3 con el clasico - Gente de B\u00e1squet<\/title>\n<meta name=\"robots\" content=\"index, follow, max-snippet:-1, max-image-preview:large, max-video-preview:-1\" \/>\n<link rel=\"canonical\" href=\"https:\/\/gentedebasquet.com.ar\/sitio\/2021\/10\/01\/9-de-julio-se-quedo-con-el-clasico\/\" \/>\n<meta property=\"og:locale\" content=\"es_ES\" \/>\n<meta property=\"og:type\" content=\"article\" \/>\n<meta property=\"og:title\" content=\"9 de Julio se qued\u00f3 con el clasico - Gente de B\u00e1squet\" \/>\n<meta property=\"og:description\" content=\"Por la cuarta fecha del torneo de primera, en el N\u00e9stor\u00a0Damiani se jug\u00f3 una nueva edici\u00f3n\u00a0del siempre atractivo cl\u00e1sico\u00a0de barrio, donde 9 de Julio derrot\u00f3 a Pacifico 70-61 y consigui\u00f3 la primer victoria en el torneo. El cl\u00e1sico siempre lo tuvo al frente al local, quien arranc\u00f3 el encuentro con los dientes apretados y se [&hellip;]\" \/>\n<meta property=\"og:url\" content=\"https:\/\/gentedebasquet.com.ar\/sitio\/2021\/10\/01\/9-de-julio-se-quedo-con-el-clasico\/\" \/>\n<meta property=\"og:site_name\" content=\"Gente de B\u00e1squet\" \/>\n<meta property=\"article:published_time\" content=\"2021-10-01T03:10:17+00:00\" \/>\n<meta property=\"og:image\" content=\"https:\/\/gentedebasquet.com.ar\/sitio\/wp-content\/uploads\/2021\/10\/WhatsApp-Image-2021-10-01-at-00.33.32.jpeg\" \/>\n\t<meta property=\"og:image:width\" content=\"635\" \/>\n\t<meta property=\"og:image:height\" content=\"348\" \/>\n\t<meta property=\"og:image:type\" content=\"image\/jpeg\" \/>\n<meta name=\"author\" content=\"Gente de B\u00e1squet\" \/>\n<meta name=\"twitter:card\" content=\"summary_large_image\" \/>\n<meta name=\"twitter:label1\" content=\"Escrito por\" \/>\n\t<meta name=\"twitter:data1\" content=\"Gente de B\u00e1squet\" \/>\n\t<meta name=\"twitter:label2\" content=\"Tiempo de lectura\" \/>\n\t<meta name=\"twitter:data2\" content=\"2 minutos\" \/>\n<script type=\"application\/ld+json\" class=\"yoast-schema-graph\">{\"@context\":\"https:\\\/\\\/schema.org\",\"@graph\":[{\"@type\":\"Article\",\"@id\":\"https:\\\/\\\/gentedebasquet.com.ar\\\/sitio\\\/2021\\\/10\\\/01\\\/9-de-julio-se-quedo-con-el-clasico\\\/#article\",\"isPartOf\":{\"@id\":\"https:\\\/\\\/gentedebasquet.com.ar\\\/sitio\\\/2021\\\/10\\\/01\\\/9-de-julio-se-quedo-con-el-clasico\\\/\"},\"author\":{\"name\":\"Gente de B\u00e1squet\",\"@id\":\"https:\\\/\\\/gentedebasquet.com.ar\\\/sitio\\\/#\\\/schema\\\/person\\\/ca0b63bbb977369988a7bbbdc519943a\"},\"headline\":\"9 de Julio se qued\u00f3 con el clasico\",\"datePublished\":\"2021-10-01T03:10:17+00:00\",\"mainEntityOfPage\":{\"@id\":\"https:\\\/\\\/gentedebasquet.com.ar\\\/sitio\\\/2021\\\/10\\\/01\\\/9-de-julio-se-quedo-con-el-clasico\\\/\"},\"wordCount\":368,\"image\":{\"@id\":\"https:\\\/\\\/gentedebasquet.com.ar\\\/sitio\\\/2021\\\/10\\\/01\\\/9-de-julio-se-quedo-con-el-clasico\\\/#primaryimage\"},\"thumbnailUrl\":\"http:\\\/\\\/gentedebasquet.com.ar\\\/sitio\\\/wp-content\\\/uploads\\\/2021\\\/10\\\/WhatsApp-Image-2021-10-01-at-00.33.32.jpeg\",\"keywords\":[\"9 de Julio\",\"Alan Prost\",\"Ezequiel Pordomingo\",\"Nicol\u00e1s S\u00e1nchez\",\"Pacifico\"],\"articleSection\":[\"#Overtime\",\"Primera\",\"Slide\"],\"inLanguage\":\"es\"},{\"@type\":\"WebPage\",\"@id\":\"https:\\\/\\\/gentedebasquet.com.ar\\\/sitio\\\/2021\\\/10\\\/01\\\/9-de-julio-se-quedo-con-el-clasico\\\/\",\"url\":\"https:\\\/\\\/gentedebasquet.com.ar\\\/sitio\\\/2021\\\/10\\\/01\\\/9-de-julio-se-quedo-con-el-clasico\\\/\",\"name\":\"9 de Julio se qued\u00f3 con el clasico - Gente de B\u00e1squet\",\"isPartOf\":{\"@id\":\"https:\\\/\\\/gentedebasquet.com.ar\\\/sitio\\\/#website\"},\"primaryImageOfPage\":{\"@id\":\"https:\\\/\\\/gentedebasquet.com.ar\\\/sitio\\\/2021\\\/10\\\/01\\\/9-de-julio-se-quedo-con-el-clasico\\\/#primaryimage\"},\"image\":{\"@id\":\"https:\\\/\\\/gentedebasquet.com.ar\\\/sitio\\\/2021\\\/10\\\/01\\\/9-de-julio-se-quedo-con-el-clasico\\\/#primaryimage\"},\"thumbnailUrl\":\"http:\\\/\\\/gentedebasquet.com.ar\\\/sitio\\\/wp-content\\\/uploads\\\/2021\\\/10\\\/WhatsApp-Image-2021-10-01-at-00.33.32.jpeg\",\"datePublished\":\"2021-10-01T03:10:17+00:00\",\"author\":{\"@id\":\"https:\\\/\\\/gentedebasquet.com.ar\\\/sitio\\\/#\\\/schema\\\/person\\\/ca0b63bbb977369988a7bbbdc519943a\"},\"breadcrumb\":{\"@id\":\"https:\\\/\\\/gentedebasquet.com.ar\\\/sitio\\\/2021\\\/10\\\/01\\\/9-de-julio-se-quedo-con-el-clasico\\\/#breadcrumb\"},\"inLanguage\":\"es\",\"potentialAction\":[{\"@type\":\"ReadAction\",\"target\":[\"https:\\\/\\\/gentedebasquet.com.ar\\\/sitio\\\/2021\\\/10\\\/01\\\/9-de-julio-se-quedo-con-el-clasico\\\/\"]}]},{\"@type\":\"ImageObject\",\"inLanguage\":\"es\",\"@id\":\"https:\\\/\\\/gentedebasquet.com.ar\\\/sitio\\\/2021\\\/10\\\/01\\\/9-de-julio-se-quedo-con-el-clasico\\\/#primaryimage\",\"url\":\"http:\\\/\\\/gentedebasquet.com.ar\\\/sitio\\\/wp-content\\\/uploads\\\/2021\\\/10\\\/WhatsApp-Image-2021-10-01-at-00.33.32.jpeg\",\"contentUrl\":\"http:\\\/\\\/gentedebasquet.com.ar\\\/sitio\\\/wp-content\\\/uploads\\\/2021\\\/10\\\/WhatsApp-Image-2021-10-01-at-00.33.32.jpeg\",\"width\":635,\"height\":348},{\"@type\":\"BreadcrumbList\",\"@id\":\"https:\\\/\\\/gentedebasquet.com.ar\\\/sitio\\\/2021\\\/10\\\/01\\\/9-de-julio-se-quedo-con-el-clasico\\\/#breadcrumb\",\"itemListElement\":[{\"@type\":\"ListItem\",\"position\":1,\"name\":\"Portada\",\"item\":\"https:\\\/\\\/gentedebasquet.com.ar\\\/sitio\\\/\"},{\"@type\":\"ListItem\",\"position\":2,\"name\":\"9 de Julio se qued\u00f3 con el clasico\"}]},{\"@type\":\"WebSite\",\"@id\":\"https:\\\/\\\/gentedebasquet.com.ar\\\/sitio\\\/#website\",\"url\":\"https:\\\/\\\/gentedebasquet.com.ar\\\/sitio\\\/\",\"name\":\"Gente de B\u00e1squet\",\"description\":\"La revista del basquet de Bah\u00eda Blanca\",\"potentialAction\":[{\"@type\":\"SearchAction\",\"target\":{\"@type\":\"EntryPoint\",\"urlTemplate\":\"https:\\\/\\\/gentedebasquet.com.ar\\\/sitio\\\/?s={search_term_string}\"},\"query-input\":{\"@type\":\"PropertyValueSpecification\",\"valueRequired\":true,\"valueName\":\"search_term_string\"}}],\"inLanguage\":\"es\"},{\"@type\":\"Person\",\"@id\":\"https:\\\/\\\/gentedebasquet.com.ar\\\/sitio\\\/#\\\/schema\\\/person\\\/ca0b63bbb977369988a7bbbdc519943a\",\"name\":\"Gente de B\u00e1squet\",\"image\":{\"@type\":\"ImageObject\",\"inLanguage\":\"es\",\"@id\":\"https:\\\/\\\/secure.gravatar.com\\\/avatar\\\/7f2c48bdc33b30088f941fb6082e555f2874c98e20cb159d7b92b50eadfce793?s=96&d=mm&r=g\",\"url\":\"https:\\\/\\\/secure.gravatar.com\\\/avatar\\\/7f2c48bdc33b30088f941fb6082e555f2874c98e20cb159d7b92b50eadfce793?s=96&d=mm&r=g\",\"contentUrl\":\"https:\\\/\\\/secure.gravatar.com\\\/avatar\\\/7f2c48bdc33b30088f941fb6082e555f2874c98e20cb159d7b92b50eadfce793?s=96&d=mm&r=g\",\"caption\":\"Gente de B\u00e1squet\"},\"sameAs\":[\"http:\\\/\\\/gentedebasquet.com.ar\\\/sitio\"],\"url\":\"http:\\\/\\\/gentedebasquet.com.ar\\\/sitio\\\/author\\\/ulises\\\/\"}]}<\/script>\n<!-- \/ Yoast SEO plugin. -->","yoast_head_json":{"title":"9 de Julio se qued\u00f3 con el clasico - Gente de B\u00e1squet","robots":{"index":"index","follow":"follow","max-snippet":"max-snippet:-1","max-image-preview":"max-image-preview:large","max-video-preview":"max-video-preview:-1"},"canonical":"https:\/\/gentedebasquet.com.ar\/sitio\/2021\/10\/01\/9-de-julio-se-quedo-con-el-clasico\/","og_locale":"es_ES","og_type":"article","og_title":"9 de Julio se qued\u00f3 con el clasico - Gente de B\u00e1squet","og_description":"Por la cuarta fecha del torneo de primera, en el N\u00e9stor\u00a0Damiani se jug\u00f3 una nueva edici\u00f3n\u00a0del siempre atractivo cl\u00e1sico\u00a0de barrio, donde 9 de Julio derrot\u00f3 a Pacifico 70-61 y consigui\u00f3 la primer victoria en el torneo. El cl\u00e1sico siempre lo tuvo al frente al local, quien arranc\u00f3 el encuentro con los dientes apretados y se [&hellip;]","og_url":"https:\/\/gentedebasquet.com.ar\/sitio\/2021\/10\/01\/9-de-julio-se-quedo-con-el-clasico\/","og_site_name":"Gente de B\u00e1squet","article_published_time":"2021-10-01T03:10:17+00:00","og_image":[{"width":635,"height":348,"url":"https:\/\/gentedebasquet.com.ar\/sitio\/wp-content\/uploads\/2021\/10\/WhatsApp-Image-2021-10-01-at-00.33.32.jpeg","type":"image\/jpeg"}],"author":"Gente de B\u00e1squet","twitter_card":"summary_large_image","twitter_misc":{"Escrito por":"Gente de B\u00e1squet","Tiempo de lectura":"2 minutos"},"schema":{"@context":"https:\/\/schema.org","@graph":[{"@type":"Article","@id":"https:\/\/gentedebasquet.com.ar\/sitio\/2021\/10\/01\/9-de-julio-se-quedo-con-el-clasico\/#article","isPartOf":{"@id":"https:\/\/gentedebasquet.com.ar\/sitio\/2021\/10\/01\/9-de-julio-se-quedo-con-el-clasico\/"},"author":{"name":"Gente de B\u00e1squet","@id":"https:\/\/gentedebasquet.com.ar\/sitio\/#\/schema\/person\/ca0b63bbb977369988a7bbbdc519943a"},"headline":"9 de Julio se qued\u00f3 con el clasico","datePublished":"2021-10-01T03:10:17+00:00","mainEntityOfPage":{"@id":"https:\/\/gentedebasquet.com.ar\/sitio\/2021\/10\/01\/9-de-julio-se-quedo-con-el-clasico\/"},"wordCount":368,"image":{"@id":"https:\/\/gentedebasquet.com.ar\/sitio\/2021\/10\/01\/9-de-julio-se-quedo-con-el-clasico\/#primaryimage"},"thumbnailUrl":"http:\/\/gentedebasquet.com.ar\/sitio\/wp-content\/uploads\/2021\/10\/WhatsApp-Image-2021-10-01-at-00.33.32.jpeg","keywords":["9 de Julio","Alan Prost","Ezequiel Pordomingo","Nicol\u00e1s S\u00e1nchez","Pacifico"],"articleSection":["#Overtime","Primera","Slide"],"inLanguage":"es"},{"@type":"WebPage","@id":"https:\/\/gentedebasquet.com.ar\/sitio\/2021\/10\/01\/9-de-julio-se-quedo-con-el-clasico\/","url":"https:\/\/gentedebasquet.com.ar\/sitio\/2021\/10\/01\/9-de-julio-se-quedo-con-el-clasico\/","name":"9 de Julio se qued\u00f3 con el clasico - Gente de B\u00e1squet","isPartOf":{"@id":"https:\/\/gentedebasquet.com.ar\/sitio\/#website"},"primaryImageOfPage":{"@id":"https:\/\/gentedebasquet.com.ar\/sitio\/2021\/10\/01\/9-de-julio-se-quedo-con-el-clasico\/#primaryimage"},"image":{"@id":"https:\/\/gentedebasquet.com.ar\/sitio\/2021\/10\/01\/9-de-julio-se-quedo-con-el-clasico\/#primaryimage"},"thumbnailUrl":"http:\/\/gentedebasquet.com.ar\/sitio\/wp-content\/uploads\/2021\/10\/WhatsApp-Image-2021-10-01-at-00.33.32.jpeg","datePublished":"2021-10-01T03:10:17+00:00","author":{"@id":"https:\/\/gentedebasquet.com.ar\/sitio\/#\/schema\/person\/ca0b63bbb977369988a7bbbdc519943a"},"breadcrumb":{"@id":"https:\/\/gentedebasquet.com.ar\/sitio\/2021\/10\/01\/9-de-julio-se-quedo-con-el-clasico\/#breadcrumb"},"inLanguage":"es","potentialAction":[{"@type":"ReadAction","target":["https:\/\/gentedebasquet.com.ar\/sitio\/2021\/10\/01\/9-de-julio-se-quedo-con-el-clasico\/"]}]},{"@type":"ImageObject","inLanguage":"es","@id":"https:\/\/gentedebasquet.com.ar\/sitio\/2021\/10\/01\/9-de-julio-se-quedo-con-el-clasico\/#primaryimage","url":"http:\/\/gentedebasquet.com.ar\/sitio\/wp-content\/uploads\/2021\/10\/WhatsApp-Image-2021-10-01-at-00.33.32.jpeg","contentUrl":"http:\/\/gentedebasquet.com.ar\/sitio\/wp-content\/uploads\/2021\/10\/WhatsApp-Image-2021-10-01-at-00.33.32.jpeg","width":635,"height":348},{"@type":"BreadcrumbList","@id":"https:\/\/gentedebasquet.com.ar\/sitio\/2021\/10\/01\/9-de-julio-se-quedo-con-el-clasico\/#breadcrumb","itemListElement":[{"@type":"ListItem","position":1,"name":"Portada","item":"https:\/\/gentedebasquet.com.ar\/sitio\/"},{"@type":"ListItem","position":2,"name":"9 de Julio se qued\u00f3 con el clasico"}]},{"@type":"WebSite","@id":"https:\/\/gentedebasquet.com.ar\/sitio\/#website","url":"https:\/\/gentedebasquet.com.ar\/sitio\/","name":"Gente de B\u00e1squet","description":"La revista del basquet de Bah\u00eda Blanca","potentialAction":[{"@type":"SearchAction","target":{"@type":"EntryPoint","urlTemplate":"https:\/\/gentedebasquet.com.ar\/sitio\/?s={search_term_string}"},"query-input":{"@type":"PropertyValueSpecification","valueRequired":true,"valueName":"search_term_string"}}],"inLanguage":"es"},{"@type":"Person","@id":"https:\/\/gentedebasquet.com.ar\/sitio\/#\/schema\/person\/ca0b63bbb977369988a7bbbdc519943a","name":"Gente de B\u00e1squet","image":{"@type":"ImageObject","inLanguage":"es","@id":"https:\/\/secure.gravatar.com\/avatar\/7f2c48bdc33b30088f941fb6082e555f2874c98e20cb159d7b92b50eadfce793?s=96&d=mm&r=g","url":"https:\/\/secure.gravatar.com\/avatar\/7f2c48bdc33b30088f941fb6082e555f2874c98e20cb159d7b92b50eadfce793?s=96&d=mm&r=g","contentUrl":"https:\/\/secure.gravatar.com\/avatar\/7f2c48bdc33b30088f941fb6082e555f2874c98e20cb159d7b92b50eadfce793?s=96&d=mm&r=g","caption":"Gente de B\u00e1squet"},"sameAs":["http:\/\/gentedebasquet.com.ar\/sitio"],"url":"http:\/\/gentedebasquet.com.ar\/sitio\/author\/ulises\/"}]}},"_links":{"self":[{"href":"http:\/\/gentedebasquet.com.ar\/sitio\/wp-json\/wp\/v2\/posts\/100367","targetHints":{"allow":["GET"]}}],"collection":[{"href":"http:\/\/gentedebasquet.com.ar\/sitio\/wp-json\/wp\/v2\/posts"}],"about":[{"href":"http:\/\/gentedebasquet.com.ar\/sitio\/wp-json\/wp\/v2\/types\/post"}],"author":[{"embeddable":true,"href":"http:\/\/gentedebasquet.com.ar\/sitio\/wp-json\/wp\/v2\/users\/1"}],"replies":[{"embeddable":true,"href":"http:\/\/gentedebasquet.com.ar\/sitio\/wp-json\/wp\/v2\/comments?post=100367"}],"version-history":[{"count":0,"href":"http:\/\/gentedebasquet.com.ar\/sitio\/wp-json\/wp\/v2\/posts\/100367\/revisions"}],"wp:featuredmedia":[{"embeddable":true,"href":"http:\/\/gentedebasquet.com.ar\/sitio\/wp-json\/wp\/v2\/media\/100402"}],"wp:attachment":[{"href":"http:\/\/gentedebasquet.com.ar\/sitio\/wp-json\/wp\/v2\/media?parent=100367"}],"wp:term":[{"taxonomy":"category","embeddable":true,"href":"http:\/\/gentedebasquet.com.ar\/sitio\/wp-json\/wp\/v2\/categories?post=100367"},{"taxonomy":"post_tag","embeddable":true,"href":"http:\/\/gentedebasquet.com.ar\/sitio\/wp-json\/wp\/v2\/tags?post=100367"}],"curies":[{"name":"wp","href":"https:\/\/api.w.org\/{rel}","templated":true}]}}