{"id":100592,"date":"2021-10-07T23:58:30","date_gmt":"2021-10-08T02:58:30","guid":{"rendered":"http:\/\/www.gentedebasquet.com.ar\/?p=100592"},"modified":"2021-10-07T23:58:30","modified_gmt":"2021-10-08T02:58:30","slug":"alem-se-lleva-otro-partidazo","status":"publish","type":"post","link":"http:\/\/gentedebasquet.com.ar\/sitio\/2021\/10\/07\/alem-se-lleva-otro-partidazo\/","title":{"rendered":"Alem se lleva otro partidazo"},"content":{"rendered":"<p><b>Otra vez Alem y un triunfazo, en esta ocasi\u00f3n\u00a0ante Olimpo por 88 a 83.<\/b><\/p>\n<p><b>Con efectividad a media y larga distancia, Olimpo pic\u00f3 en punta en el inicio: 3-7; tras el minuto, Alem busc\u00f3 anotar m\u00e1s cerca del cesto y se recuper\u00f3: 10-9, el aurinegro logr\u00f3 transiciones\u00a0r\u00e1pidas\u00a0y pas\u00f3 a ganar 10-13, pero con recuperos en primera linea, Alem se fue al frente 26-22. <\/b><\/p>\n<p><b>Seis cambios de liderazgo, ventajas m\u00e1ximas\u00a0de dos posesiones, para un 1C que mostr\u00f3 la paridad que se vendr\u00eda.<\/b><\/p>\n<p><b>Alem goz\u00f3 de seis de ventaja (28-22) en el amanecer del 2C, pero el visitante le vari\u00f3 la defensa, lo llev\u00f3 a un juego m\u00e1s individual y el bajarle el goleo a su rival, al visitante lo llev\u00f3 a soltarse adelante y empatar el juego en 32, con 4m47 por jugar. Un buen ingreso de la rotaci\u00f3n m\u00e1s lo sumado desde la linea, hicieron que el aurinegro se fuera al frente al descanso largo: 39-43.\u00a0<\/b><\/p>\n<p><b>La primera mitad del 3C pareci\u00f3\u00a0ser el quiebre del juego. Alem marc\u00f3 un parcial: 19 a 4, logrando 11 de luz: 58-47. Con una defensa dura, ataques r\u00e1pidos\u00a0y efectividad del lejos (3\/5). Pero el aurinegro empez\u00f3 a limar la diferencia, yendo fuerte hacia adentro y con un goleo repartido, emparej\u00f3 el juego 64-63.<\/b><\/p>\n<p><b>Pese que estuvo todo el segmento al frente y goz\u00f3 siete de luz (77-70), Alem tuvo que sufrir para ganar. <\/b><\/p>\n<p><b>Porque con 1m17 para el cierre, Olimpo se puso a uno: 79-78. Tras un viaje en cero a la linea del local, el aurinegro cont\u00f3 con la chance de pasar al frente pero perdi\u00f3 el bal\u00f3n\u00a0en ofensiva y del otro lado, Cancellarich se jug\u00f3 el 1vs1 y sac\u00f3 doble y falta (82-78).<\/b><\/p>\n<p><b>Lo que sigui\u00f3 fue: el triple desde el eje de Errazu contestando la jugada de tres (82-81), Otto no fall\u00f3 desde la linea (84-81 con 28s), el visitante forz\u00f3 una penetraci\u00f3n que no concret\u00f3 y Zapata no titubeo\u00a0desde la linea (86-81). Olimpo volvi\u00f3 a bajar a una posesi\u00f3n\u00a0con dos libres de Diel (86-83), pero el local sali\u00f3 r\u00e1pido\u00a0de la presi\u00f3n y dej\u00f3 a Gonz\u00e1lez\u00a0solo abajo del aro para cerrar el juego (88-83).<\/b><\/p>\n<p><a href=\"http:\/\/www.gentedebasquet.com.ar\/wp-content\/uploads\/2021\/09\/Gif-Publicidades-1.gif\"><img decoding=\"async\" class=\"alignnone size-full wp-image-99864\" src=\"http:\/\/www.gentedebasquet.com.ar\/wp-content\/uploads\/2021\/09\/Gif-Publicidades-1.gif\" alt=\"\" width=\"300\" height=\"250\" \/><\/a><\/p>\n<p><iframe loading=\"lazy\" title=\"YouTube video player\" src=\"https:\/\/www.youtube.com\/embed\/Oy2_VFnAKfk\" width=\"560\" height=\"315\" frameborder=\"0\" allowfullscreen=\"allowfullscreen\"><\/iframe><\/p>\n<p><a href=\"http:\/\/www.gentedebasquet.com.ar\/wp-content\/uploads\/2021\/09\/Gif-Publicidades-2.gif\"><img decoding=\"async\" class=\"alignnone size-full wp-image-99871\" src=\"http:\/\/www.gentedebasquet.com.ar\/wp-content\/uploads\/2021\/09\/Gif-Publicidades-2.gif\" alt=\"\" width=\"300\" height=\"250\" \/><\/a><\/p>\n<p><a href=\"http:\/\/www.gentedebasquet.com.ar\/wp-content\/uploads\/2021\/10\/MVP-10.jpg\"><img decoding=\"async\" class=\"alignnone size-full wp-image-100630\" src=\"http:\/\/www.gentedebasquet.com.ar\/wp-content\/uploads\/2021\/10\/MVP-10.jpg\" alt=\"\" width=\"2000\" height=\"2000\" srcset=\"http:\/\/gentedebasquet.com.ar\/sitio\/wp-content\/uploads\/2021\/10\/MVP-10.jpg 2000w, http:\/\/gentedebasquet.com.ar\/sitio\/wp-content\/uploads\/2021\/10\/MVP-10-300x300.jpg 300w, http:\/\/gentedebasquet.com.ar\/sitio\/wp-content\/uploads\/2021\/10\/MVP-10-1024x1024.jpg 1024w, http:\/\/gentedebasquet.com.ar\/sitio\/wp-content\/uploads\/2021\/10\/MVP-10-150x150.jpg 150w, http:\/\/gentedebasquet.com.ar\/sitio\/wp-content\/uploads\/2021\/10\/MVP-10-768x768.jpg 768w, http:\/\/gentedebasquet.com.ar\/sitio\/wp-content\/uploads\/2021\/10\/MVP-10-1536x1536.jpg 1536w\" sizes=\"(max-width: 2000px) 100vw, 2000px\" \/><\/a><\/p>\n<p>&nbsp;<\/p>\n<p><a href=\"http:\/\/www.gentedebasquet.com.ar\/wp-content\/uploads\/2021\/10\/Zapata.jpg\"><img decoding=\"async\" class=\"alignnone size-full wp-image-100631\" src=\"http:\/\/www.gentedebasquet.com.ar\/wp-content\/uploads\/2021\/10\/Zapata.jpg\" alt=\"\" width=\"148\" height=\"376\" srcset=\"http:\/\/gentedebasquet.com.ar\/sitio\/wp-content\/uploads\/2021\/10\/Zapata.jpg 148w, http:\/\/gentedebasquet.com.ar\/sitio\/wp-content\/uploads\/2021\/10\/Zapata-118x300.jpg 118w\" sizes=\"(max-width: 148px) 100vw, 148px\" \/><\/a><\/p>\n<blockquote><p><em>\u00bb El equipo hizo un trabajo defensivo, muy bueno. Se trabajo\u00a0toda la semana para este partido, era muy importante. Jugamos de local y siempre intentamos dejar todo, correr todo el juego y no bajar los brazos. Pudimos contener a sus goleadores, adelante corrimos y cerramos mejor el juego\u00bb Patricio Zapata (Alem).<\/em><\/p><\/blockquote>\n<p><a href=\"http:\/\/www.gentedebasquet.com.ar\/wp-content\/uploads\/2021\/09\/Gif-Publicidades-3.gif\"><img decoding=\"async\" class=\"alignnone size-full wp-image-99872\" src=\"http:\/\/www.gentedebasquet.com.ar\/wp-content\/uploads\/2021\/09\/Gif-Publicidades-3.gif\" alt=\"\" width=\"300\" height=\"250\" \/><\/a><\/p>\n<p><strong>S\u00edntesis |<\/strong>\u00a0Primera Divisi\u00f3n \u2013 Fecha #5.<\/p>\n<p><b>Alem 88:<\/b>\u00a0Patricio Zapata 16, Santiago Pascual 10, Octavio Cancellarich 23, Walter Gigena 13 (x), Al\u00e1n Gonz\u00e1lez 7 (FI); Santiago Loos 9, Juan Cruz Mambretti 6, Felipe Mandolesi 4 y Pedro Palacio 0. DT: Mauro Polla.<\/p>\n<p><strong>Olimpo 83:\u00a0<\/strong>Mirko Cenzual 6, Juan Ignacio Reiner 6, I\u00f1aki Errazu 13, Germ\u00e1n Farah 9, Marcos Diel 23 (FI); Lucas Perata 0, Juli\u00e1n Roumec 14, Albano Schneider 12. DT: Mario Errazu.<\/p>\n<p><strong>Parciales:<\/strong>\u00a026-22, 39-43 (13-21), 64-63 (25-20) y 88-83 (24-20).<\/p>\n<p><strong>\u00c1rbitros:<\/strong>\u00a0Eduardo Ferreyra &#8211; Santiago Lopez Hoyos &#8211; Nicol\u00e1s Onorato.<\/p>\n<p><strong>Estadio:<\/strong> Daniel Lacunza (Alem).<\/p>\n<p><a href=\"https:\/\/fibalivestats.dcd.shared.geniussports.com\/u\/ABB\/1959913\/\">Ver Planilla<\/a><\/p>\n<p><a href=\"http:\/\/www.gentedebasquet.com.ar\/wp-content\/uploads\/2021\/10\/CLAVE-9.jpg\"><img decoding=\"async\" class=\"alignnone size-full wp-image-100632\" src=\"http:\/\/www.gentedebasquet.com.ar\/wp-content\/uploads\/2021\/10\/CLAVE-9.jpg\" alt=\"\" width=\"2000\" height=\"2000\" srcset=\"http:\/\/gentedebasquet.com.ar\/sitio\/wp-content\/uploads\/2021\/10\/CLAVE-9.jpg 2000w, http:\/\/gentedebasquet.com.ar\/sitio\/wp-content\/uploads\/2021\/10\/CLAVE-9-300x300.jpg 300w, http:\/\/gentedebasquet.com.ar\/sitio\/wp-content\/uploads\/2021\/10\/CLAVE-9-1024x1024.jpg 1024w, http:\/\/gentedebasquet.com.ar\/sitio\/wp-content\/uploads\/2021\/10\/CLAVE-9-150x150.jpg 150w, http:\/\/gentedebasquet.com.ar\/sitio\/wp-content\/uploads\/2021\/10\/CLAVE-9-768x768.jpg 768w, http:\/\/gentedebasquet.com.ar\/sitio\/wp-content\/uploads\/2021\/10\/CLAVE-9-1536x1536.jpg 1536w\" sizes=\"(max-width: 2000px) 100vw, 2000px\" \/><\/a><\/p>\n<p><a href=\"http:\/\/www.gentedebasquet.com.ar\/wp-content\/uploads\/2021\/09\/Gif-Publicidades-4.gif\"><img decoding=\"async\" class=\"alignnone size-full wp-image-99873\" src=\"http:\/\/www.gentedebasquet.com.ar\/wp-content\/uploads\/2021\/09\/Gif-Publicidades-4.gif\" alt=\"\" width=\"300\" height=\"250\" \/><\/a><\/p>\n<p><a href=\"http:\/\/www.gentedebasquet.com.ar\/wp-content\/uploads\/2021\/09\/Gif-Publicidades-5.gif\"><img decoding=\"async\" class=\"alignnone size-full wp-image-99876\" src=\"http:\/\/www.gentedebasquet.com.ar\/wp-content\/uploads\/2021\/09\/Gif-Publicidades-5.gif\" alt=\"\" width=\"300\" height=\"250\" \/><\/a><\/p>\n<p>&nbsp;<\/p>\n<p><a href=\"http:\/\/www.gentedebasquet.com.ar\/wp-content\/uploads\/2021\/10\/680-3.jpg\"><img decoding=\"async\" class=\"alignnone size-full wp-image-100633\" src=\"http:\/\/www.gentedebasquet.com.ar\/wp-content\/uploads\/2021\/10\/680-3.jpg\" alt=\"\" width=\"680\" height=\"480\" srcset=\"http:\/\/gentedebasquet.com.ar\/sitio\/wp-content\/uploads\/2021\/10\/680-3.jpg 680w, http:\/\/gentedebasquet.com.ar\/sitio\/wp-content\/uploads\/2021\/10\/680-3-300x212.jpg 300w\" sizes=\"(max-width: 680px) 100vw, 680px\" \/><\/a><\/p>\n<p>&nbsp;<\/p>\n<p>&nbsp;<\/p>\n","protected":false},"excerpt":{"rendered":"<p>Alem gan\u00f3 otro duro encuentro, esta vez ante Olimpo (88-83).<\/p>\n","protected":false},"author":1,"featured_media":100635,"comment_status":"closed","ping_status":"open","sticky":false,"template":"","format":"standard","meta":{"jnews-multi-image_gallery":[],"jnews_single_post":[],"jnews_primary_category":[],"footnotes":""},"categories":[23,101],"tags":[3,1247,1268,16,900],"class_list":["post-100592","post","type-post","status-publish","format-standard","has-post-thumbnail","hentry","category-primera","category-slide","tag-alem","tag-marcos-diel","tag-octavio-cancellarich","tag-olimpo","tag-patricio-zapata"],"yoast_head":"<!-- This site is optimized with the Yoast SEO plugin v27.5 - https:\/\/yoast.com\/product\/yoast-seo-wordpress\/ -->\n<title>Alem se lleva otro partidazo - Gente de B\u00e1squet<\/title>\n<meta name=\"robots\" content=\"index, follow, max-snippet:-1, max-image-preview:large, max-video-preview:-1\" \/>\n<link rel=\"canonical\" href=\"http:\/\/gentedebasquet.com.ar\/sitio\/2021\/10\/07\/alem-se-lleva-otro-partidazo\/\" \/>\n<meta property=\"og:locale\" content=\"es_ES\" \/>\n<meta property=\"og:type\" content=\"article\" \/>\n<meta property=\"og:title\" content=\"Alem se lleva otro partidazo - Gente de B\u00e1squet\" \/>\n<meta property=\"og:description\" content=\"Alem gan\u00f3 otro duro encuentro, esta vez ante Olimpo (88-83).\" \/>\n<meta property=\"og:url\" content=\"http:\/\/gentedebasquet.com.ar\/sitio\/2021\/10\/07\/alem-se-lleva-otro-partidazo\/\" \/>\n<meta property=\"og:site_name\" content=\"Gente de B\u00e1squet\" \/>\n<meta property=\"article:published_time\" content=\"2021-10-08T02:58:30+00:00\" \/>\n<meta property=\"og:image\" content=\"http:\/\/gentedebasquet.com.ar\/sitio\/wp-content\/uploads\/2021\/10\/690-2.jpg\" \/>\n\t<meta property=\"og:image:width\" content=\"690\" \/>\n\t<meta property=\"og:image:height\" content=\"319\" \/>\n\t<meta property=\"og:image:type\" content=\"image\/jpeg\" \/>\n<meta name=\"author\" content=\"Gente de B\u00e1squet\" \/>\n<meta name=\"twitter:card\" content=\"summary_large_image\" \/>\n<meta name=\"twitter:label1\" content=\"Escrito por\" \/>\n\t<meta name=\"twitter:data1\" content=\"Gente de B\u00e1squet\" \/>\n\t<meta name=\"twitter:label2\" content=\"Tiempo de lectura\" \/>\n\t<meta name=\"twitter:data2\" content=\"3 minutos\" \/>\n<script type=\"application\/ld+json\" class=\"yoast-schema-graph\">{\"@context\":\"https:\\\/\\\/schema.org\",\"@graph\":[{\"@type\":\"Article\",\"@id\":\"http:\\\/\\\/gentedebasquet.com.ar\\\/sitio\\\/2021\\\/10\\\/07\\\/alem-se-lleva-otro-partidazo\\\/#article\",\"isPartOf\":{\"@id\":\"http:\\\/\\\/gentedebasquet.com.ar\\\/sitio\\\/2021\\\/10\\\/07\\\/alem-se-lleva-otro-partidazo\\\/\"},\"author\":{\"name\":\"Gente de B\u00e1squet\",\"@id\":\"https:\\\/\\\/gentedebasquet.com.ar\\\/sitio\\\/#\\\/schema\\\/person\\\/ca0b63bbb977369988a7bbbdc519943a\"},\"headline\":\"Alem se lleva otro partidazo\",\"datePublished\":\"2021-10-08T02:58:30+00:00\",\"mainEntityOfPage\":{\"@id\":\"http:\\\/\\\/gentedebasquet.com.ar\\\/sitio\\\/2021\\\/10\\\/07\\\/alem-se-lleva-otro-partidazo\\\/\"},\"wordCount\":517,\"image\":{\"@id\":\"http:\\\/\\\/gentedebasquet.com.ar\\\/sitio\\\/2021\\\/10\\\/07\\\/alem-se-lleva-otro-partidazo\\\/#primaryimage\"},\"thumbnailUrl\":\"http:\\\/\\\/gentedebasquet.com.ar\\\/sitio\\\/wp-content\\\/uploads\\\/2021\\\/10\\\/690-2.jpg\",\"keywords\":[\"Alem\",\"Marcos Diel\",\"Octavio Cancellarich\",\"Ol\u00edmpo\",\"Patricio Zapata\"],\"articleSection\":[\"Primera\",\"Slide\"],\"inLanguage\":\"es\"},{\"@type\":\"WebPage\",\"@id\":\"http:\\\/\\\/gentedebasquet.com.ar\\\/sitio\\\/2021\\\/10\\\/07\\\/alem-se-lleva-otro-partidazo\\\/\",\"url\":\"http:\\\/\\\/gentedebasquet.com.ar\\\/sitio\\\/2021\\\/10\\\/07\\\/alem-se-lleva-otro-partidazo\\\/\",\"name\":\"Alem se lleva otro partidazo - Gente de B\u00e1squet\",\"isPartOf\":{\"@id\":\"https:\\\/\\\/gentedebasquet.com.ar\\\/sitio\\\/#website\"},\"primaryImageOfPage\":{\"@id\":\"http:\\\/\\\/gentedebasquet.com.ar\\\/sitio\\\/2021\\\/10\\\/07\\\/alem-se-lleva-otro-partidazo\\\/#primaryimage\"},\"image\":{\"@id\":\"http:\\\/\\\/gentedebasquet.com.ar\\\/sitio\\\/2021\\\/10\\\/07\\\/alem-se-lleva-otro-partidazo\\\/#primaryimage\"},\"thumbnailUrl\":\"http:\\\/\\\/gentedebasquet.com.ar\\\/sitio\\\/wp-content\\\/uploads\\\/2021\\\/10\\\/690-2.jpg\",\"datePublished\":\"2021-10-08T02:58:30+00:00\",\"author\":{\"@id\":\"https:\\\/\\\/gentedebasquet.com.ar\\\/sitio\\\/#\\\/schema\\\/person\\\/ca0b63bbb977369988a7bbbdc519943a\"},\"breadcrumb\":{\"@id\":\"http:\\\/\\\/gentedebasquet.com.ar\\\/sitio\\\/2021\\\/10\\\/07\\\/alem-se-lleva-otro-partidazo\\\/#breadcrumb\"},\"inLanguage\":\"es\",\"potentialAction\":[{\"@type\":\"ReadAction\",\"target\":[\"http:\\\/\\\/gentedebasquet.com.ar\\\/sitio\\\/2021\\\/10\\\/07\\\/alem-se-lleva-otro-partidazo\\\/\"]}]},{\"@type\":\"ImageObject\",\"inLanguage\":\"es\",\"@id\":\"http:\\\/\\\/gentedebasquet.com.ar\\\/sitio\\\/2021\\\/10\\\/07\\\/alem-se-lleva-otro-partidazo\\\/#primaryimage\",\"url\":\"http:\\\/\\\/gentedebasquet.com.ar\\\/sitio\\\/wp-content\\\/uploads\\\/2021\\\/10\\\/690-2.jpg\",\"contentUrl\":\"http:\\\/\\\/gentedebasquet.com.ar\\\/sitio\\\/wp-content\\\/uploads\\\/2021\\\/10\\\/690-2.jpg\",\"width\":690,\"height\":319},{\"@type\":\"BreadcrumbList\",\"@id\":\"http:\\\/\\\/gentedebasquet.com.ar\\\/sitio\\\/2021\\\/10\\\/07\\\/alem-se-lleva-otro-partidazo\\\/#breadcrumb\",\"itemListElement\":[{\"@type\":\"ListItem\",\"position\":1,\"name\":\"Portada\",\"item\":\"https:\\\/\\\/gentedebasquet.com.ar\\\/sitio\\\/\"},{\"@type\":\"ListItem\",\"position\":2,\"name\":\"Alem se lleva otro partidazo\"}]},{\"@type\":\"WebSite\",\"@id\":\"https:\\\/\\\/gentedebasquet.com.ar\\\/sitio\\\/#website\",\"url\":\"https:\\\/\\\/gentedebasquet.com.ar\\\/sitio\\\/\",\"name\":\"Gente de B\u00e1squet\",\"description\":\"La revista del basquet de Bah\u00eda Blanca\",\"potentialAction\":[{\"@type\":\"SearchAction\",\"target\":{\"@type\":\"EntryPoint\",\"urlTemplate\":\"https:\\\/\\\/gentedebasquet.com.ar\\\/sitio\\\/?s={search_term_string}\"},\"query-input\":{\"@type\":\"PropertyValueSpecification\",\"valueRequired\":true,\"valueName\":\"search_term_string\"}}],\"inLanguage\":\"es\"},{\"@type\":\"Person\",\"@id\":\"https:\\\/\\\/gentedebasquet.com.ar\\\/sitio\\\/#\\\/schema\\\/person\\\/ca0b63bbb977369988a7bbbdc519943a\",\"name\":\"Gente de B\u00e1squet\",\"image\":{\"@type\":\"ImageObject\",\"inLanguage\":\"es\",\"@id\":\"https:\\\/\\\/secure.gravatar.com\\\/avatar\\\/7f2c48bdc33b30088f941fb6082e555f2874c98e20cb159d7b92b50eadfce793?s=96&d=mm&r=g\",\"url\":\"https:\\\/\\\/secure.gravatar.com\\\/avatar\\\/7f2c48bdc33b30088f941fb6082e555f2874c98e20cb159d7b92b50eadfce793?s=96&d=mm&r=g\",\"contentUrl\":\"https:\\\/\\\/secure.gravatar.com\\\/avatar\\\/7f2c48bdc33b30088f941fb6082e555f2874c98e20cb159d7b92b50eadfce793?s=96&d=mm&r=g\",\"caption\":\"Gente de B\u00e1squet\"},\"sameAs\":[\"http:\\\/\\\/gentedebasquet.com.ar\\\/sitio\"],\"url\":\"http:\\\/\\\/gentedebasquet.com.ar\\\/sitio\\\/author\\\/ulises\\\/\"}]}<\/script>\n<!-- \/ Yoast SEO plugin. -->","yoast_head_json":{"title":"Alem se lleva otro partidazo - Gente de B\u00e1squet","robots":{"index":"index","follow":"follow","max-snippet":"max-snippet:-1","max-image-preview":"max-image-preview:large","max-video-preview":"max-video-preview:-1"},"canonical":"http:\/\/gentedebasquet.com.ar\/sitio\/2021\/10\/07\/alem-se-lleva-otro-partidazo\/","og_locale":"es_ES","og_type":"article","og_title":"Alem se lleva otro partidazo - Gente de B\u00e1squet","og_description":"Alem gan\u00f3 otro duro encuentro, esta vez ante Olimpo (88-83).","og_url":"http:\/\/gentedebasquet.com.ar\/sitio\/2021\/10\/07\/alem-se-lleva-otro-partidazo\/","og_site_name":"Gente de B\u00e1squet","article_published_time":"2021-10-08T02:58:30+00:00","og_image":[{"width":690,"height":319,"url":"http:\/\/gentedebasquet.com.ar\/sitio\/wp-content\/uploads\/2021\/10\/690-2.jpg","type":"image\/jpeg"}],"author":"Gente de B\u00e1squet","twitter_card":"summary_large_image","twitter_misc":{"Escrito por":"Gente de B\u00e1squet","Tiempo de lectura":"3 minutos"},"schema":{"@context":"https:\/\/schema.org","@graph":[{"@type":"Article","@id":"http:\/\/gentedebasquet.com.ar\/sitio\/2021\/10\/07\/alem-se-lleva-otro-partidazo\/#article","isPartOf":{"@id":"http:\/\/gentedebasquet.com.ar\/sitio\/2021\/10\/07\/alem-se-lleva-otro-partidazo\/"},"author":{"name":"Gente de B\u00e1squet","@id":"https:\/\/gentedebasquet.com.ar\/sitio\/#\/schema\/person\/ca0b63bbb977369988a7bbbdc519943a"},"headline":"Alem se lleva otro partidazo","datePublished":"2021-10-08T02:58:30+00:00","mainEntityOfPage":{"@id":"http:\/\/gentedebasquet.com.ar\/sitio\/2021\/10\/07\/alem-se-lleva-otro-partidazo\/"},"wordCount":517,"image":{"@id":"http:\/\/gentedebasquet.com.ar\/sitio\/2021\/10\/07\/alem-se-lleva-otro-partidazo\/#primaryimage"},"thumbnailUrl":"http:\/\/gentedebasquet.com.ar\/sitio\/wp-content\/uploads\/2021\/10\/690-2.jpg","keywords":["Alem","Marcos Diel","Octavio Cancellarich","Ol\u00edmpo","Patricio Zapata"],"articleSection":["Primera","Slide"],"inLanguage":"es"},{"@type":"WebPage","@id":"http:\/\/gentedebasquet.com.ar\/sitio\/2021\/10\/07\/alem-se-lleva-otro-partidazo\/","url":"http:\/\/gentedebasquet.com.ar\/sitio\/2021\/10\/07\/alem-se-lleva-otro-partidazo\/","name":"Alem se lleva otro partidazo - Gente de B\u00e1squet","isPartOf":{"@id":"https:\/\/gentedebasquet.com.ar\/sitio\/#website"},"primaryImageOfPage":{"@id":"http:\/\/gentedebasquet.com.ar\/sitio\/2021\/10\/07\/alem-se-lleva-otro-partidazo\/#primaryimage"},"image":{"@id":"http:\/\/gentedebasquet.com.ar\/sitio\/2021\/10\/07\/alem-se-lleva-otro-partidazo\/#primaryimage"},"thumbnailUrl":"http:\/\/gentedebasquet.com.ar\/sitio\/wp-content\/uploads\/2021\/10\/690-2.jpg","datePublished":"2021-10-08T02:58:30+00:00","author":{"@id":"https:\/\/gentedebasquet.com.ar\/sitio\/#\/schema\/person\/ca0b63bbb977369988a7bbbdc519943a"},"breadcrumb":{"@id":"http:\/\/gentedebasquet.com.ar\/sitio\/2021\/10\/07\/alem-se-lleva-otro-partidazo\/#breadcrumb"},"inLanguage":"es","potentialAction":[{"@type":"ReadAction","target":["http:\/\/gentedebasquet.com.ar\/sitio\/2021\/10\/07\/alem-se-lleva-otro-partidazo\/"]}]},{"@type":"ImageObject","inLanguage":"es","@id":"http:\/\/gentedebasquet.com.ar\/sitio\/2021\/10\/07\/alem-se-lleva-otro-partidazo\/#primaryimage","url":"http:\/\/gentedebasquet.com.ar\/sitio\/wp-content\/uploads\/2021\/10\/690-2.jpg","contentUrl":"http:\/\/gentedebasquet.com.ar\/sitio\/wp-content\/uploads\/2021\/10\/690-2.jpg","width":690,"height":319},{"@type":"BreadcrumbList","@id":"http:\/\/gentedebasquet.com.ar\/sitio\/2021\/10\/07\/alem-se-lleva-otro-partidazo\/#breadcrumb","itemListElement":[{"@type":"ListItem","position":1,"name":"Portada","item":"https:\/\/gentedebasquet.com.ar\/sitio\/"},{"@type":"ListItem","position":2,"name":"Alem se lleva otro partidazo"}]},{"@type":"WebSite","@id":"https:\/\/gentedebasquet.com.ar\/sitio\/#website","url":"https:\/\/gentedebasquet.com.ar\/sitio\/","name":"Gente de B\u00e1squet","description":"La revista del basquet de Bah\u00eda Blanca","potentialAction":[{"@type":"SearchAction","target":{"@type":"EntryPoint","urlTemplate":"https:\/\/gentedebasquet.com.ar\/sitio\/?s={search_term_string}"},"query-input":{"@type":"PropertyValueSpecification","valueRequired":true,"valueName":"search_term_string"}}],"inLanguage":"es"},{"@type":"Person","@id":"https:\/\/gentedebasquet.com.ar\/sitio\/#\/schema\/person\/ca0b63bbb977369988a7bbbdc519943a","name":"Gente de B\u00e1squet","image":{"@type":"ImageObject","inLanguage":"es","@id":"https:\/\/secure.gravatar.com\/avatar\/7f2c48bdc33b30088f941fb6082e555f2874c98e20cb159d7b92b50eadfce793?s=96&d=mm&r=g","url":"https:\/\/secure.gravatar.com\/avatar\/7f2c48bdc33b30088f941fb6082e555f2874c98e20cb159d7b92b50eadfce793?s=96&d=mm&r=g","contentUrl":"https:\/\/secure.gravatar.com\/avatar\/7f2c48bdc33b30088f941fb6082e555f2874c98e20cb159d7b92b50eadfce793?s=96&d=mm&r=g","caption":"Gente de B\u00e1squet"},"sameAs":["http:\/\/gentedebasquet.com.ar\/sitio"],"url":"http:\/\/gentedebasquet.com.ar\/sitio\/author\/ulises\/"}]}},"_links":{"self":[{"href":"http:\/\/gentedebasquet.com.ar\/sitio\/wp-json\/wp\/v2\/posts\/100592","targetHints":{"allow":["GET"]}}],"collection":[{"href":"http:\/\/gentedebasquet.com.ar\/sitio\/wp-json\/wp\/v2\/posts"}],"about":[{"href":"http:\/\/gentedebasquet.com.ar\/sitio\/wp-json\/wp\/v2\/types\/post"}],"author":[{"embeddable":true,"href":"http:\/\/gentedebasquet.com.ar\/sitio\/wp-json\/wp\/v2\/users\/1"}],"replies":[{"embeddable":true,"href":"http:\/\/gentedebasquet.com.ar\/sitio\/wp-json\/wp\/v2\/comments?post=100592"}],"version-history":[{"count":0,"href":"http:\/\/gentedebasquet.com.ar\/sitio\/wp-json\/wp\/v2\/posts\/100592\/revisions"}],"wp:featuredmedia":[{"embeddable":true,"href":"http:\/\/gentedebasquet.com.ar\/sitio\/wp-json\/wp\/v2\/media\/100635"}],"wp:attachment":[{"href":"http:\/\/gentedebasquet.com.ar\/sitio\/wp-json\/wp\/v2\/media?parent=100592"}],"wp:term":[{"taxonomy":"category","embeddable":true,"href":"http:\/\/gentedebasquet.com.ar\/sitio\/wp-json\/wp\/v2\/categories?post=100592"},{"taxonomy":"post_tag","embeddable":true,"href":"http:\/\/gentedebasquet.com.ar\/sitio\/wp-json\/wp\/v2\/tags?post=100592"}],"curies":[{"name":"wp","href":"https:\/\/api.w.org\/{rel}","templated":true}]}}