{"id":100685,"date":"2021-10-15T01:21:30","date_gmt":"2021-10-15T04:21:30","guid":{"rendered":"http:\/\/www.gentedebasquet.com.ar\/?p=100685"},"modified":"2021-10-15T01:21:30","modified_gmt":"2021-10-15T04:21:30","slug":"en-el-barrio-mando-yo","status":"publish","type":"post","link":"http:\/\/gentedebasquet.com.ar\/sitio\/2021\/10\/15\/en-el-barrio-mando-yo\/","title":{"rendered":"El cl\u00e1sico es del aurinegro"},"content":{"rendered":"<p><strong>En el duelo de equipos del fondo de la tabla, Olimpo se hizo fuerte como local y derrot\u00f3 claramente a Estudiantes, por 91 a 78. Adem\u00e1s, ante la victoria de Estrella y 9 de Julio, el albo qued\u00f3 solo en la \u00faltima posici\u00f3n.\u00a0<\/strong><\/p>\n<p><b>La noche iba a comenzar esquiva para el ganador. Defensa f\u00e9rrea\u00a0y Gonzalo Mart\u00ednez con la mano caliente. En esos dos argumentos se bas\u00f3 Estudiantes para sacar 13 de luz (8-21). Nadie se imagin\u00f3 un cambio tan brusco de rendimiento de un instante para el otro, ya que luego el partido fue todo del aurinegro.\u00a0<\/b><\/p>\n<p><strong>Entre el cierre del primer periodo y el inicio del segundo, estableci\u00f3 un parcial de \u00a115-0! para adelantarse 23-21, con un terrible trabajo de Roumec (20 pts en el PT). Palo a palo, gol a gol fueron hasta el cierre del primer tiempo. En Olimpo, tambi\u00e9n apareci\u00f3 Diel (10) y en el visitante, sin dudas el que puso la cara fue Gonza Mart\u00ednez (3\/3 t3).\u00a0<\/strong><\/p>\n<p><strong>Ya en el complemento, el trabajo defensivo del equipo de Errazu fue muy bueno. La defensa zonal complic\u00f3 en demas\u00eda al rival, que no pod\u00eda completar dos buenas acciones seguidas. En cambio, Olimpo defendi\u00f3 duro y por ende, fluy\u00f3 en ofensiva. Lleg\u00f3 a sacar 10 tantos de brecha (66-56), con un tr\u00edo sobresaliente: Roumec (8), Diel (7) y Errazu (6).\u00a0<\/strong><\/p>\n<p><b>Lo bueno del local es que en los \u00faltimos diez minutos no le pes\u00f3 la responsabilidad de ser un equipo joven. Teniendo en cuenta, adem\u00e1s, que en frente estaba un plantel con experiencia. Supo mantener la brecha, nunca corri\u00f3\u00a0peligro su victoria, que termin\u00f3 de sellarla con buenas apariciones de Errazu (8) y Reiner (11).<\/b><\/p>\n<p><a href=\"http:\/\/www.gentedebasquet.com.ar\/wp-content\/uploads\/2021\/09\/Gif-Publicidades-1-1.gif\"><img decoding=\"async\" class=\"alignnone size-full wp-image-99870\" src=\"http:\/\/www.gentedebasquet.com.ar\/wp-content\/uploads\/2021\/09\/Gif-Publicidades-1-1.gif\" alt=\"\" width=\"300\" height=\"250\" \/><\/a><\/p>\n<p><iframe loading=\"lazy\" title=\"YouTube video player\" src=\"https:\/\/www.youtube.com\/embed\/IJRklNhd4MQ\" width=\"560\" height=\"315\" frameborder=\"0\" allowfullscreen=\"allowfullscreen\"><\/iframe><\/p>\n<p><a href=\"http:\/\/www.gentedebasquet.com.ar\/wp-content\/uploads\/2021\/09\/Gif-Publicidades-2.gif\"><img decoding=\"async\" class=\"alignnone size-full wp-image-99871\" src=\"http:\/\/www.gentedebasquet.com.ar\/wp-content\/uploads\/2021\/09\/Gif-Publicidades-2.gif\" alt=\"\" width=\"300\" height=\"250\" \/><\/a><a href=\"http:\/\/www.gentedebasquet.com.ar\/wp-content\/uploads\/2021\/10\/MVP-13.jpg\"><img decoding=\"async\" class=\"alignnone size-full wp-image-100687\" src=\"http:\/\/www.gentedebasquet.com.ar\/wp-content\/uploads\/2021\/10\/MVP-13.jpg\" alt=\"\" width=\"2000\" height=\"2000\" srcset=\"http:\/\/gentedebasquet.com.ar\/sitio\/wp-content\/uploads\/2021\/10\/MVP-13.jpg 2000w, http:\/\/gentedebasquet.com.ar\/sitio\/wp-content\/uploads\/2021\/10\/MVP-13-300x300.jpg 300w, http:\/\/gentedebasquet.com.ar\/sitio\/wp-content\/uploads\/2021\/10\/MVP-13-1024x1024.jpg 1024w, http:\/\/gentedebasquet.com.ar\/sitio\/wp-content\/uploads\/2021\/10\/MVP-13-150x150.jpg 150w, http:\/\/gentedebasquet.com.ar\/sitio\/wp-content\/uploads\/2021\/10\/MVP-13-768x768.jpg 768w, http:\/\/gentedebasquet.com.ar\/sitio\/wp-content\/uploads\/2021\/10\/MVP-13-1536x1536.jpg 1536w\" sizes=\"(max-width: 2000px) 100vw, 2000px\" \/><\/a><\/p>\n<p><a href=\"http:\/\/www.gentedebasquet.com.ar\/wp-content\/uploads\/2021\/10\/Roumec.jpg\"><img decoding=\"async\" class=\"alignnone size-full wp-image-100689\" src=\"http:\/\/www.gentedebasquet.com.ar\/wp-content\/uploads\/2021\/10\/Roumec.jpg\" alt=\"\" width=\"680\" height=\"480\" srcset=\"http:\/\/gentedebasquet.com.ar\/sitio\/wp-content\/uploads\/2021\/10\/Roumec.jpg 680w, http:\/\/gentedebasquet.com.ar\/sitio\/wp-content\/uploads\/2021\/10\/Roumec-300x212.jpg 300w\" sizes=\"(max-width: 680px) 100vw, 680px\" \/><\/a><\/p>\n<blockquote><p><em>Arrancamos un poco dormidos, nos sacaron una diferencia importante, pero pudimos reaccionar, planteando una buena defensa sobre Mart\u00ednez, que arranc\u00f3 encendido. Cuando nos sentimos bien atr\u00e1s, adelante nos salen las cosas, tenemos varios jugadores con gol. Esto de jugar una vez por semana est\u00e1 bueno, porque somos un equipo corto, tenemos mucho desgaste. Hay muy buenos equipos, que se conocen desde hace a\u00f1os. Olimpo est\u00e1 para darle pelea a todos. Yo soy de Necochea, este es un torneo muy competitivo, es un roce de otro nivel, parece un torneo federal.\u00a0<strong>Juli\u00e1n Roumec, jugador de Olimpo<\/strong><\/em><\/p>\n<p>&nbsp;<\/p><\/blockquote>\n<p><a href=\"http:\/\/www.gentedebasquet.com.ar\/wp-content\/uploads\/2021\/09\/Gif-Publicidades-4.gif\"><img decoding=\"async\" class=\"alignnone size-full wp-image-99873\" src=\"http:\/\/www.gentedebasquet.com.ar\/wp-content\/uploads\/2021\/09\/Gif-Publicidades-4.gif\" alt=\"\" width=\"300\" height=\"250\" \/><\/a><\/p>\n<p><strong>S\u00edntesis\u00a0<\/strong>&#8211; Primera &#8211; Fecha #6<\/p>\n<p><strong>Olimpo 91:\u00a0<\/strong>Juan Ignacio Reiner 13, Germ\u00e1n Farah 9, Albano Schneider 2, Juli\u00e1n Roumec 29, Marcos Diel 19 (FI); I\u00f1aki Errazu 17, Mirko Cenzual 2 y Santiago Sartor 0. DT: Mario Errazu.<\/p>\n<p><strong>Estudiantes 78:\u00a0<\/strong>Tom\u00e1s Scarpaci 12, Gonzalo Mart\u00ednez 18, Agust\u00edn Salas 3, Jos\u00e9 Luis Mart\u00ednez 8, Jer\u00f3nimo Mitoire 9 (FI); Albano Rosso 2, Franco Elichiry 12, Juli\u00e1n Rodr\u00edguez 11, Mat\u00edas Couselo 1 y Mateo Fern\u00e1ndez 2. DT: Ariel Ugolini.<\/p>\n<p><strong>Parciales:\u00a0<\/strong>14-21, 44-42 (30-21), 67-60 (23-18) y 91-78 (24-18).<\/p>\n<p><strong>\u00c1rbitros:\u00a0<\/strong>Emanuel S\u00e1nchez, Nicol\u00e1s Larrasolo y Mauro Guall\u00e1n.<\/p>\n<p><strong>Estadio:\u00a0<\/strong>Norberto Tomas (Olimpo).<\/p>\n<p><a href=\"https:\/\/fibalivestats.dcd.shared.geniussports.com\/u\/ABB\/1993236\/bs.html\">ESTAD\u00cdSTICAS OFICIALES<\/a><\/p>\n<p><a href=\"http:\/\/www.gentedebasquet.com.ar\/wp-content\/uploads\/2021\/10\/CLAVE-12.jpg\"><img decoding=\"async\" class=\"alignnone size-full wp-image-100691\" src=\"http:\/\/www.gentedebasquet.com.ar\/wp-content\/uploads\/2021\/10\/CLAVE-12.jpg\" alt=\"\" width=\"2000\" height=\"2000\" srcset=\"http:\/\/gentedebasquet.com.ar\/sitio\/wp-content\/uploads\/2021\/10\/CLAVE-12.jpg 2000w, http:\/\/gentedebasquet.com.ar\/sitio\/wp-content\/uploads\/2021\/10\/CLAVE-12-300x300.jpg 300w, http:\/\/gentedebasquet.com.ar\/sitio\/wp-content\/uploads\/2021\/10\/CLAVE-12-1024x1024.jpg 1024w, http:\/\/gentedebasquet.com.ar\/sitio\/wp-content\/uploads\/2021\/10\/CLAVE-12-150x150.jpg 150w, http:\/\/gentedebasquet.com.ar\/sitio\/wp-content\/uploads\/2021\/10\/CLAVE-12-768x768.jpg 768w, http:\/\/gentedebasquet.com.ar\/sitio\/wp-content\/uploads\/2021\/10\/CLAVE-12-1536x1536.jpg 1536w\" sizes=\"(max-width: 2000px) 100vw, 2000px\" \/><\/a><\/p>\n<p><a href=\"http:\/\/www.gentedebasquet.com.ar\/wp-content\/uploads\/2021\/09\/Gif-Publicidades-3.gif\"><img decoding=\"async\" class=\"alignnone size-full wp-image-99872\" src=\"http:\/\/www.gentedebasquet.com.ar\/wp-content\/uploads\/2021\/09\/Gif-Publicidades-3.gif\" alt=\"\" width=\"300\" height=\"250\" \/><\/a><\/p>\n<p><a href=\"http:\/\/www.gentedebasquet.com.ar\/wp-content\/uploads\/2021\/09\/Gif-Publicidades-5.gif\"><img decoding=\"async\" class=\"alignnone size-full wp-image-99876\" src=\"http:\/\/www.gentedebasquet.com.ar\/wp-content\/uploads\/2021\/09\/Gif-Publicidades-5.gif\" alt=\"\" width=\"300\" height=\"250\" \/><\/a><\/p>\n<p><a href=\"http:\/\/www.gentedebasquet.com.ar\/wp-content\/uploads\/2021\/10\/desarrollo-3.jpg\"><img decoding=\"async\" class=\"alignnone size-full wp-image-100694\" src=\"http:\/\/www.gentedebasquet.com.ar\/wp-content\/uploads\/2021\/10\/desarrollo-3.jpg\" alt=\"\" width=\"680\" height=\"480\" srcset=\"http:\/\/gentedebasquet.com.ar\/sitio\/wp-content\/uploads\/2021\/10\/desarrollo-3.jpg 680w, http:\/\/gentedebasquet.com.ar\/sitio\/wp-content\/uploads\/2021\/10\/desarrollo-3-300x212.jpg 300w\" sizes=\"(max-width: 680px) 100vw, 680px\" \/><\/a><\/p>\n","protected":false},"excerpt":{"rendered":"<p>Con una gran efectividad de t3 (11\/25), Olimpo se adue\u00f1\u00f3 de la victoria<\/p>\n","protected":false},"author":1,"featured_media":100695,"comment_status":"closed","ping_status":"open","sticky":false,"template":"","format":"standard","meta":{"jnews-multi-image_gallery":[],"jnews_single_post":[],"jnews_primary_category":[],"footnotes":""},"categories":[23,101],"tags":[11,329,797,1247,16],"class_list":["post-100685","post","type-post","status-publish","format-standard","has-post-thumbnail","hentry","category-primera","category-slide","tag-estudiantes","tag-gonzalo-martinez","tag-julian-roumec","tag-marcos-diel","tag-olimpo"],"yoast_head":"<!-- This site is optimized with the Yoast SEO plugin v27.5 - https:\/\/yoast.com\/product\/yoast-seo-wordpress\/ -->\n<title>El cl\u00e1sico es del aurinegro - Gente de B\u00e1squet<\/title>\n<meta name=\"robots\" content=\"index, follow, max-snippet:-1, max-image-preview:large, max-video-preview:-1\" \/>\n<link rel=\"canonical\" href=\"http:\/\/gentedebasquet.com.ar\/sitio\/2021\/10\/15\/en-el-barrio-mando-yo\/\" \/>\n<meta property=\"og:locale\" content=\"es_ES\" \/>\n<meta property=\"og:type\" content=\"article\" \/>\n<meta property=\"og:title\" content=\"El cl\u00e1sico es del aurinegro - Gente de B\u00e1squet\" \/>\n<meta property=\"og:description\" content=\"Con una gran efectividad de t3 (11\/25), Olimpo se adue\u00f1\u00f3 de la victoria\" \/>\n<meta property=\"og:url\" content=\"http:\/\/gentedebasquet.com.ar\/sitio\/2021\/10\/15\/en-el-barrio-mando-yo\/\" \/>\n<meta property=\"og:site_name\" content=\"Gente de B\u00e1squet\" \/>\n<meta property=\"article:published_time\" content=\"2021-10-15T04:21:30+00:00\" \/>\n<meta property=\"og:image\" content=\"http:\/\/gentedebasquet.com.ar\/sitio\/wp-content\/uploads\/2021\/10\/destacada-2-1.jpg\" \/>\n\t<meta property=\"og:image:width\" content=\"690\" \/>\n\t<meta property=\"og:image:height\" content=\"319\" \/>\n\t<meta property=\"og:image:type\" content=\"image\/jpeg\" \/>\n<meta name=\"author\" content=\"Gente de B\u00e1squet\" \/>\n<meta name=\"twitter:card\" content=\"summary_large_image\" \/>\n<meta name=\"twitter:label1\" content=\"Escrito por\" \/>\n\t<meta name=\"twitter:data1\" content=\"Gente de B\u00e1squet\" \/>\n\t<meta name=\"twitter:label2\" content=\"Tiempo de lectura\" \/>\n\t<meta name=\"twitter:data2\" content=\"2 minutos\" \/>\n<script type=\"application\/ld+json\" class=\"yoast-schema-graph\">{\"@context\":\"https:\\\/\\\/schema.org\",\"@graph\":[{\"@type\":\"Article\",\"@id\":\"http:\\\/\\\/gentedebasquet.com.ar\\\/sitio\\\/2021\\\/10\\\/15\\\/en-el-barrio-mando-yo\\\/#article\",\"isPartOf\":{\"@id\":\"http:\\\/\\\/gentedebasquet.com.ar\\\/sitio\\\/2021\\\/10\\\/15\\\/en-el-barrio-mando-yo\\\/\"},\"author\":{\"name\":\"Gente de B\u00e1squet\",\"@id\":\"https:\\\/\\\/gentedebasquet.com.ar\\\/sitio\\\/#\\\/schema\\\/person\\\/ca0b63bbb977369988a7bbbdc519943a\"},\"headline\":\"El cl\u00e1sico es del aurinegro\",\"datePublished\":\"2021-10-15T04:21:30+00:00\",\"mainEntityOfPage\":{\"@id\":\"http:\\\/\\\/gentedebasquet.com.ar\\\/sitio\\\/2021\\\/10\\\/15\\\/en-el-barrio-mando-yo\\\/\"},\"wordCount\":476,\"image\":{\"@id\":\"http:\\\/\\\/gentedebasquet.com.ar\\\/sitio\\\/2021\\\/10\\\/15\\\/en-el-barrio-mando-yo\\\/#primaryimage\"},\"thumbnailUrl\":\"http:\\\/\\\/gentedebasquet.com.ar\\\/sitio\\\/wp-content\\\/uploads\\\/2021\\\/10\\\/destacada-2-1.jpg\",\"keywords\":[\"Estudiantes\",\"Gonzalo Mart\u00ednez\",\"Juli\u00e1n Roumec\",\"Marcos Diel\",\"Ol\u00edmpo\"],\"articleSection\":[\"Primera\",\"Slide\"],\"inLanguage\":\"es\"},{\"@type\":\"WebPage\",\"@id\":\"http:\\\/\\\/gentedebasquet.com.ar\\\/sitio\\\/2021\\\/10\\\/15\\\/en-el-barrio-mando-yo\\\/\",\"url\":\"http:\\\/\\\/gentedebasquet.com.ar\\\/sitio\\\/2021\\\/10\\\/15\\\/en-el-barrio-mando-yo\\\/\",\"name\":\"El cl\u00e1sico es del aurinegro - Gente de B\u00e1squet\",\"isPartOf\":{\"@id\":\"https:\\\/\\\/gentedebasquet.com.ar\\\/sitio\\\/#website\"},\"primaryImageOfPage\":{\"@id\":\"http:\\\/\\\/gentedebasquet.com.ar\\\/sitio\\\/2021\\\/10\\\/15\\\/en-el-barrio-mando-yo\\\/#primaryimage\"},\"image\":{\"@id\":\"http:\\\/\\\/gentedebasquet.com.ar\\\/sitio\\\/2021\\\/10\\\/15\\\/en-el-barrio-mando-yo\\\/#primaryimage\"},\"thumbnailUrl\":\"http:\\\/\\\/gentedebasquet.com.ar\\\/sitio\\\/wp-content\\\/uploads\\\/2021\\\/10\\\/destacada-2-1.jpg\",\"datePublished\":\"2021-10-15T04:21:30+00:00\",\"author\":{\"@id\":\"https:\\\/\\\/gentedebasquet.com.ar\\\/sitio\\\/#\\\/schema\\\/person\\\/ca0b63bbb977369988a7bbbdc519943a\"},\"breadcrumb\":{\"@id\":\"http:\\\/\\\/gentedebasquet.com.ar\\\/sitio\\\/2021\\\/10\\\/15\\\/en-el-barrio-mando-yo\\\/#breadcrumb\"},\"inLanguage\":\"es\",\"potentialAction\":[{\"@type\":\"ReadAction\",\"target\":[\"http:\\\/\\\/gentedebasquet.com.ar\\\/sitio\\\/2021\\\/10\\\/15\\\/en-el-barrio-mando-yo\\\/\"]}]},{\"@type\":\"ImageObject\",\"inLanguage\":\"es\",\"@id\":\"http:\\\/\\\/gentedebasquet.com.ar\\\/sitio\\\/2021\\\/10\\\/15\\\/en-el-barrio-mando-yo\\\/#primaryimage\",\"url\":\"http:\\\/\\\/gentedebasquet.com.ar\\\/sitio\\\/wp-content\\\/uploads\\\/2021\\\/10\\\/destacada-2-1.jpg\",\"contentUrl\":\"http:\\\/\\\/gentedebasquet.com.ar\\\/sitio\\\/wp-content\\\/uploads\\\/2021\\\/10\\\/destacada-2-1.jpg\",\"width\":690,\"height\":319},{\"@type\":\"BreadcrumbList\",\"@id\":\"http:\\\/\\\/gentedebasquet.com.ar\\\/sitio\\\/2021\\\/10\\\/15\\\/en-el-barrio-mando-yo\\\/#breadcrumb\",\"itemListElement\":[{\"@type\":\"ListItem\",\"position\":1,\"name\":\"Portada\",\"item\":\"https:\\\/\\\/gentedebasquet.com.ar\\\/sitio\\\/\"},{\"@type\":\"ListItem\",\"position\":2,\"name\":\"El cl\u00e1sico es del aurinegro\"}]},{\"@type\":\"WebSite\",\"@id\":\"https:\\\/\\\/gentedebasquet.com.ar\\\/sitio\\\/#website\",\"url\":\"https:\\\/\\\/gentedebasquet.com.ar\\\/sitio\\\/\",\"name\":\"Gente de B\u00e1squet\",\"description\":\"La revista del basquet de Bah\u00eda Blanca\",\"potentialAction\":[{\"@type\":\"SearchAction\",\"target\":{\"@type\":\"EntryPoint\",\"urlTemplate\":\"https:\\\/\\\/gentedebasquet.com.ar\\\/sitio\\\/?s={search_term_string}\"},\"query-input\":{\"@type\":\"PropertyValueSpecification\",\"valueRequired\":true,\"valueName\":\"search_term_string\"}}],\"inLanguage\":\"es\"},{\"@type\":\"Person\",\"@id\":\"https:\\\/\\\/gentedebasquet.com.ar\\\/sitio\\\/#\\\/schema\\\/person\\\/ca0b63bbb977369988a7bbbdc519943a\",\"name\":\"Gente de B\u00e1squet\",\"image\":{\"@type\":\"ImageObject\",\"inLanguage\":\"es\",\"@id\":\"https:\\\/\\\/secure.gravatar.com\\\/avatar\\\/7f2c48bdc33b30088f941fb6082e555f2874c98e20cb159d7b92b50eadfce793?s=96&d=mm&r=g\",\"url\":\"https:\\\/\\\/secure.gravatar.com\\\/avatar\\\/7f2c48bdc33b30088f941fb6082e555f2874c98e20cb159d7b92b50eadfce793?s=96&d=mm&r=g\",\"contentUrl\":\"https:\\\/\\\/secure.gravatar.com\\\/avatar\\\/7f2c48bdc33b30088f941fb6082e555f2874c98e20cb159d7b92b50eadfce793?s=96&d=mm&r=g\",\"caption\":\"Gente de B\u00e1squet\"},\"sameAs\":[\"http:\\\/\\\/gentedebasquet.com.ar\\\/sitio\"],\"url\":\"http:\\\/\\\/gentedebasquet.com.ar\\\/sitio\\\/author\\\/ulises\\\/\"}]}<\/script>\n<!-- \/ Yoast SEO plugin. -->","yoast_head_json":{"title":"El cl\u00e1sico es del aurinegro - Gente de B\u00e1squet","robots":{"index":"index","follow":"follow","max-snippet":"max-snippet:-1","max-image-preview":"max-image-preview:large","max-video-preview":"max-video-preview:-1"},"canonical":"http:\/\/gentedebasquet.com.ar\/sitio\/2021\/10\/15\/en-el-barrio-mando-yo\/","og_locale":"es_ES","og_type":"article","og_title":"El cl\u00e1sico es del aurinegro - Gente de B\u00e1squet","og_description":"Con una gran efectividad de t3 (11\/25), Olimpo se adue\u00f1\u00f3 de la victoria","og_url":"http:\/\/gentedebasquet.com.ar\/sitio\/2021\/10\/15\/en-el-barrio-mando-yo\/","og_site_name":"Gente de B\u00e1squet","article_published_time":"2021-10-15T04:21:30+00:00","og_image":[{"width":690,"height":319,"url":"http:\/\/gentedebasquet.com.ar\/sitio\/wp-content\/uploads\/2021\/10\/destacada-2-1.jpg","type":"image\/jpeg"}],"author":"Gente de B\u00e1squet","twitter_card":"summary_large_image","twitter_misc":{"Escrito por":"Gente de B\u00e1squet","Tiempo de lectura":"2 minutos"},"schema":{"@context":"https:\/\/schema.org","@graph":[{"@type":"Article","@id":"http:\/\/gentedebasquet.com.ar\/sitio\/2021\/10\/15\/en-el-barrio-mando-yo\/#article","isPartOf":{"@id":"http:\/\/gentedebasquet.com.ar\/sitio\/2021\/10\/15\/en-el-barrio-mando-yo\/"},"author":{"name":"Gente de B\u00e1squet","@id":"https:\/\/gentedebasquet.com.ar\/sitio\/#\/schema\/person\/ca0b63bbb977369988a7bbbdc519943a"},"headline":"El cl\u00e1sico es del aurinegro","datePublished":"2021-10-15T04:21:30+00:00","mainEntityOfPage":{"@id":"http:\/\/gentedebasquet.com.ar\/sitio\/2021\/10\/15\/en-el-barrio-mando-yo\/"},"wordCount":476,"image":{"@id":"http:\/\/gentedebasquet.com.ar\/sitio\/2021\/10\/15\/en-el-barrio-mando-yo\/#primaryimage"},"thumbnailUrl":"http:\/\/gentedebasquet.com.ar\/sitio\/wp-content\/uploads\/2021\/10\/destacada-2-1.jpg","keywords":["Estudiantes","Gonzalo Mart\u00ednez","Juli\u00e1n Roumec","Marcos Diel","Ol\u00edmpo"],"articleSection":["Primera","Slide"],"inLanguage":"es"},{"@type":"WebPage","@id":"http:\/\/gentedebasquet.com.ar\/sitio\/2021\/10\/15\/en-el-barrio-mando-yo\/","url":"http:\/\/gentedebasquet.com.ar\/sitio\/2021\/10\/15\/en-el-barrio-mando-yo\/","name":"El cl\u00e1sico es del aurinegro - Gente de B\u00e1squet","isPartOf":{"@id":"https:\/\/gentedebasquet.com.ar\/sitio\/#website"},"primaryImageOfPage":{"@id":"http:\/\/gentedebasquet.com.ar\/sitio\/2021\/10\/15\/en-el-barrio-mando-yo\/#primaryimage"},"image":{"@id":"http:\/\/gentedebasquet.com.ar\/sitio\/2021\/10\/15\/en-el-barrio-mando-yo\/#primaryimage"},"thumbnailUrl":"http:\/\/gentedebasquet.com.ar\/sitio\/wp-content\/uploads\/2021\/10\/destacada-2-1.jpg","datePublished":"2021-10-15T04:21:30+00:00","author":{"@id":"https:\/\/gentedebasquet.com.ar\/sitio\/#\/schema\/person\/ca0b63bbb977369988a7bbbdc519943a"},"breadcrumb":{"@id":"http:\/\/gentedebasquet.com.ar\/sitio\/2021\/10\/15\/en-el-barrio-mando-yo\/#breadcrumb"},"inLanguage":"es","potentialAction":[{"@type":"ReadAction","target":["http:\/\/gentedebasquet.com.ar\/sitio\/2021\/10\/15\/en-el-barrio-mando-yo\/"]}]},{"@type":"ImageObject","inLanguage":"es","@id":"http:\/\/gentedebasquet.com.ar\/sitio\/2021\/10\/15\/en-el-barrio-mando-yo\/#primaryimage","url":"http:\/\/gentedebasquet.com.ar\/sitio\/wp-content\/uploads\/2021\/10\/destacada-2-1.jpg","contentUrl":"http:\/\/gentedebasquet.com.ar\/sitio\/wp-content\/uploads\/2021\/10\/destacada-2-1.jpg","width":690,"height":319},{"@type":"BreadcrumbList","@id":"http:\/\/gentedebasquet.com.ar\/sitio\/2021\/10\/15\/en-el-barrio-mando-yo\/#breadcrumb","itemListElement":[{"@type":"ListItem","position":1,"name":"Portada","item":"https:\/\/gentedebasquet.com.ar\/sitio\/"},{"@type":"ListItem","position":2,"name":"El cl\u00e1sico es del aurinegro"}]},{"@type":"WebSite","@id":"https:\/\/gentedebasquet.com.ar\/sitio\/#website","url":"https:\/\/gentedebasquet.com.ar\/sitio\/","name":"Gente de B\u00e1squet","description":"La revista del basquet de Bah\u00eda Blanca","potentialAction":[{"@type":"SearchAction","target":{"@type":"EntryPoint","urlTemplate":"https:\/\/gentedebasquet.com.ar\/sitio\/?s={search_term_string}"},"query-input":{"@type":"PropertyValueSpecification","valueRequired":true,"valueName":"search_term_string"}}],"inLanguage":"es"},{"@type":"Person","@id":"https:\/\/gentedebasquet.com.ar\/sitio\/#\/schema\/person\/ca0b63bbb977369988a7bbbdc519943a","name":"Gente de B\u00e1squet","image":{"@type":"ImageObject","inLanguage":"es","@id":"https:\/\/secure.gravatar.com\/avatar\/7f2c48bdc33b30088f941fb6082e555f2874c98e20cb159d7b92b50eadfce793?s=96&d=mm&r=g","url":"https:\/\/secure.gravatar.com\/avatar\/7f2c48bdc33b30088f941fb6082e555f2874c98e20cb159d7b92b50eadfce793?s=96&d=mm&r=g","contentUrl":"https:\/\/secure.gravatar.com\/avatar\/7f2c48bdc33b30088f941fb6082e555f2874c98e20cb159d7b92b50eadfce793?s=96&d=mm&r=g","caption":"Gente de B\u00e1squet"},"sameAs":["http:\/\/gentedebasquet.com.ar\/sitio"],"url":"http:\/\/gentedebasquet.com.ar\/sitio\/author\/ulises\/"}]}},"_links":{"self":[{"href":"http:\/\/gentedebasquet.com.ar\/sitio\/wp-json\/wp\/v2\/posts\/100685","targetHints":{"allow":["GET"]}}],"collection":[{"href":"http:\/\/gentedebasquet.com.ar\/sitio\/wp-json\/wp\/v2\/posts"}],"about":[{"href":"http:\/\/gentedebasquet.com.ar\/sitio\/wp-json\/wp\/v2\/types\/post"}],"author":[{"embeddable":true,"href":"http:\/\/gentedebasquet.com.ar\/sitio\/wp-json\/wp\/v2\/users\/1"}],"replies":[{"embeddable":true,"href":"http:\/\/gentedebasquet.com.ar\/sitio\/wp-json\/wp\/v2\/comments?post=100685"}],"version-history":[{"count":0,"href":"http:\/\/gentedebasquet.com.ar\/sitio\/wp-json\/wp\/v2\/posts\/100685\/revisions"}],"wp:featuredmedia":[{"embeddable":true,"href":"http:\/\/gentedebasquet.com.ar\/sitio\/wp-json\/wp\/v2\/media\/100695"}],"wp:attachment":[{"href":"http:\/\/gentedebasquet.com.ar\/sitio\/wp-json\/wp\/v2\/media?parent=100685"}],"wp:term":[{"taxonomy":"category","embeddable":true,"href":"http:\/\/gentedebasquet.com.ar\/sitio\/wp-json\/wp\/v2\/categories?post=100685"},{"taxonomy":"post_tag","embeddable":true,"href":"http:\/\/gentedebasquet.com.ar\/sitio\/wp-json\/wp\/v2\/tags?post=100685"}],"curies":[{"name":"wp","href":"https:\/\/api.w.org\/{rel}","templated":true}]}}