{"id":100851,"date":"2021-10-28T23:54:37","date_gmt":"2021-10-29T02:54:37","guid":{"rendered":"http:\/\/www.gentedebasquet.com.ar\/?p=100851"},"modified":"2021-10-28T23:54:37","modified_gmt":"2021-10-29T02:54:37","slug":"pacifico-de-punta-a-punta","status":"publish","type":"post","link":"http:\/\/gentedebasquet.com.ar\/sitio\/2021\/10\/28\/pacifico-de-punta-a-punta\/","title":{"rendered":"Pac\u00edfico, de punta a punta"},"content":{"rendered":"<p><strong>Despu\u00e9s de dos fechas, Pac\u00edfico retorn\u00f3 a la senda del triunfo; al tiempo que provoc\u00f3 el segundo traspi\u00e9 consecutivo del encumbrado Pueyrred\u00f3n: el verde se impuso, inobjetablemente, por 80 a 70.<\/strong><\/p>\n<p><strong>El due\u00f1o de casa siempre estuvo al frente en el marcador. En apenas dos minutos, se fue 8-2, mediante un triple de Branco Salvatori. Esboz\u00f3 una reacci\u00f3n Purre v\u00eda David Pineda (6-9), pero otra bomba de Branco y la potencia de Pomar Garbarino (8 pts-5 reb), hizo que el anfitri\u00f3n escapara a 18-10.<\/strong><\/p>\n<p><strong>Ya en el 2\u00baC, el auriazul hall\u00f3 a Segundo Vasconcelo (6), da\u00f1\u00f3 con Juan Pedro Hollender (6) y surgi\u00f3 Jos\u00e9 Belleggia (4), pudiendo recortar a la m\u00ednima (35-36), con 1m56s para el entretiempo. De todos modos, Pac\u00edfico tuvo una entrada ideal de Mat\u00edas Ponzoni (1-1 t3, 2-2 t2 y 2-2 t1) y entre Germ\u00e1n Andr\u00e9s y Salvatori se combinaron para retirarse a vestuarios arriba por 40-37.<\/strong><\/p>\n<p><strong>A esa altura, debido a los reiterados pitazos, eran varios los protagonistas que hab\u00edan llenado sus casilleros de faltas personales.<\/strong><\/p>\n<p><strong>La reanudaci\u00f3n se dio con Nicol\u00e1s S\u00e1nchez (8) mucho m\u00e1s punzante. Aunque, con granada de Tom\u00e1s Bruni, m\u00e1s el aporte de los internos visitantes, el hu\u00e9sped achic\u00f3 a 50-54 con 3m55s por jugarse del 3\u00baC.<\/strong><\/p>\n<p><strong>De all\u00ed en m\u00e1s, Pueyrred\u00f3n entr\u00f3 en un tobog\u00e1n&#8230; Y en Pac\u00edfico se repartieron el goleo de esa racha de 11-4 entre S\u00e1nchez, Andr\u00e9s y Bautista Olivera, para abrazar la m\u00e1xima justamente con el sonido de la chicharra: 65-54.<\/strong><\/p>\n<p><strong>En 53s del \u00faltimo chico, pareci\u00f3 que todo estaba liquidado, tras triple de Olivera (68-54). Pero Purre sac\u00f3 pecho. Entre Pineda (4) y Bruni (triple+doble) se cargaron al equipo y produjeron una seguidilla de 12-2 que lo devolvi\u00f3 al partido: 66-70, con 4m26s para la finalizaci\u00f3n.<\/strong><\/p>\n<p><strong>Enseguida, otro triple de Andr\u00e9s (73-66) llev\u00f3 alivio para el verde. Hasta que, posteriormente, pitaron una falta inexistente (nada menos que la quinta) de Tom\u00e1s Bruni, quien debi\u00f3 retirarse faltando 3m34s. Indignado, el perimetral continu\u00f3 protestando ya en la banca y fue v\u00edctima de una t\u00e9cnica. Ese episodio, m\u00e1s dos triples seguidos de Andr\u00e9s a 2m30s (77-66) y de Olivera (80-66) a 1m20s, le despej\u00f3 el camino a Pac\u00edfico para tomar distancia definitoria.<\/strong><\/p>\n<p><strong>A Pueyrred\u00f3n, lo derrot\u00f3 de punta a punta.<\/strong><\/p>\n<p><a href=\"http:\/\/www.gentedebasquet.com.ar\/wp-content\/uploads\/2021\/09\/Gif-Publicidades-1-1.gif\"><img decoding=\"async\" class=\"alignnone size-full wp-image-99870\" src=\"http:\/\/www.gentedebasquet.com.ar\/wp-content\/uploads\/2021\/09\/Gif-Publicidades-1-1.gif\" alt=\"\" width=\"300\" height=\"250\" \/><\/a><\/p>\n<p>https:\/\/youtu.be\/hQQHW21NQec<\/p>\n<p><a href=\"http:\/\/www.gentedebasquet.com.ar\/wp-content\/uploads\/2021\/09\/Gif-Publicidades-2.gif\"><img decoding=\"async\" class=\"alignnone size-full wp-image-99871\" src=\"http:\/\/www.gentedebasquet.com.ar\/wp-content\/uploads\/2021\/09\/Gif-Publicidades-2.gif\" alt=\"\" width=\"300\" height=\"250\" \/><\/a><\/p>\n<p><a href=\"http:\/\/www.gentedebasquet.com.ar\/wp-content\/uploads\/2021\/10\/MVP-PRUE-3.jpg\"><img decoding=\"async\" class=\"alignnone size-medium wp-image-100860\" src=\"http:\/\/www.gentedebasquet.com.ar\/wp-content\/uploads\/2021\/10\/MVP-PRUE-3-300x300.jpg\" alt=\"\" width=\"300\" height=\"300\" srcset=\"http:\/\/gentedebasquet.com.ar\/sitio\/wp-content\/uploads\/2021\/10\/MVP-PRUE-3-300x300.jpg 300w, http:\/\/gentedebasquet.com.ar\/sitio\/wp-content\/uploads\/2021\/10\/MVP-PRUE-3-1024x1024.jpg 1024w, http:\/\/gentedebasquet.com.ar\/sitio\/wp-content\/uploads\/2021\/10\/MVP-PRUE-3-150x150.jpg 150w, http:\/\/gentedebasquet.com.ar\/sitio\/wp-content\/uploads\/2021\/10\/MVP-PRUE-3-768x768.jpg 768w, http:\/\/gentedebasquet.com.ar\/sitio\/wp-content\/uploads\/2021\/10\/MVP-PRUE-3-1536x1536.jpg 1536w, http:\/\/gentedebasquet.com.ar\/sitio\/wp-content\/uploads\/2021\/10\/MVP-PRUE-3.jpg 2000w\" sizes=\"(max-width: 300px) 100vw, 300px\" \/><\/a><\/p>\n<p><a href=\"http:\/\/www.gentedebasquet.com.ar\/wp-content\/uploads\/2021\/10\/7-P.jpg\"><img decoding=\"async\" class=\"alignnone size-medium wp-image-100861\" src=\"http:\/\/www.gentedebasquet.com.ar\/wp-content\/uploads\/2021\/10\/7-P-300x225.jpg\" alt=\"\" width=\"300\" height=\"225\" srcset=\"http:\/\/gentedebasquet.com.ar\/sitio\/wp-content\/uploads\/2021\/10\/7-P-300x225.jpg 300w, http:\/\/gentedebasquet.com.ar\/sitio\/wp-content\/uploads\/2021\/10\/7-P.jpg 640w\" sizes=\"(max-width: 300px) 100vw, 300px\" \/><\/a><\/p>\n<blockquote><p>\u00abPueyrred\u00f3n es uno de los que mejor ven\u00eda jugando y nosotros lleg\u00e1bamos con un juego perdido, quiz\u00e1s injustamente. Queremos hacernos fuertes en casa. Nos complicaron adentro, pero por suerte se nos dio que entraron las \u00faltimas bolas y eso nos dio aire. Toda la vida estuve en Pueyrred\u00f3n, pero ahora estoy en Pac\u00edfico, me debo al verde y hago mi mayor esfuerzo. Me toca estar ac\u00e1, hasta fines de noviembre que me vaya a Central. Pero, ahora, estoy con la cabeza metida ac\u00e1, porque hay que ganar la mayor cantidad posible\u00bb.<strong> (Germ\u00e1n Andr\u00e9s-Pac\u00edfico).<\/strong><\/p><\/blockquote>\n<p><a href=\"http:\/\/www.gentedebasquet.com.ar\/wp-content\/uploads\/2021\/09\/Gif-Publicidades-4.gif\"><img decoding=\"async\" class=\"alignnone size-full wp-image-99873\" src=\"http:\/\/www.gentedebasquet.com.ar\/wp-content\/uploads\/2021\/09\/Gif-Publicidades-4.gif\" alt=\"\" width=\"300\" height=\"250\" \/><\/a><\/p>\n<p><strong>S\u00edntesis:\u00a0\u00a0<\/strong>Primera\u00a0Divisi\u00f3n \u2013 Fecha #8<\/p>\n<p><b>Pacifico 80:\u00a0<\/b>Nicol\u00e1s S\u00e1nchez 14, Branco Salvatori 14, Germ\u00e1n Andr\u00e9s\u00a017, Bautista Olivera 13,\u00a0Pomar Garbarino 13,<strong>\u00a0<\/strong>(FI); Baltasar Dom\u00ednguez 0, Mat\u00edas Ponzoni 9, Emanuel Kloster 0 y Marcos Leal 0<b>\u00a0<\/b>.\u00a0DT:\u00a0Andr\u00e9s Iannamico.<\/p>\n<p><strong>Pueyrred\u00f3n 70:<\/strong>\u00a0Segundo Vasconcelo 10, Tom\u00e1s Bruni 14 (x), Jos\u00e9 Belleggia 10, David Pineda 22, Juan Pedro Hollender 14,<strong>\u00a0<\/strong>(FI); Juan I. Scattolini 0, Pedro P\u00e9rez Pav\u00f3n 0, Santiago Segal 0 y Agust\u00edn Icasto 0.<strong>\u00a0<\/strong>DT:\u00a0Fabricio Piccinini.<\/p>\n<p><strong>Parciales:<\/strong>\u00a022-16, 40-37 (18-21), 65-54 (25-17) y 80-70 (15-16).<\/p>\n<p><strong>\u00c1rbitros:<\/strong>\u00a0N\u00e9stor Schernenco \u2013 Mariano Enrique \u2013 Juan Jaramillo.<\/p>\n<p><strong>Estadio:<\/strong>\u00a0William Harding Green (club Pac\u00edfico).<\/p>\n<p><a href=\"https:\/\/fibalivestats.dcd.shared.geniussports.com\/u\/ABB\/1999879\/\">ESTADISTICAS OFICIALES<\/a><\/p>\n<p><a href=\"http:\/\/www.gentedebasquet.com.ar\/wp-content\/uploads\/2021\/10\/CLAVEprue-Recuperado-1.jpg\"><img decoding=\"async\" class=\"alignnone size-medium wp-image-100859\" src=\"http:\/\/www.gentedebasquet.com.ar\/wp-content\/uploads\/2021\/10\/CLAVEprue-Recuperado-1-300x300.jpg\" alt=\"\" width=\"300\" height=\"300\" srcset=\"http:\/\/gentedebasquet.com.ar\/sitio\/wp-content\/uploads\/2021\/10\/CLAVEprue-Recuperado-1-300x300.jpg 300w, http:\/\/gentedebasquet.com.ar\/sitio\/wp-content\/uploads\/2021\/10\/CLAVEprue-Recuperado-1-1024x1024.jpg 1024w, http:\/\/gentedebasquet.com.ar\/sitio\/wp-content\/uploads\/2021\/10\/CLAVEprue-Recuperado-1-150x150.jpg 150w, http:\/\/gentedebasquet.com.ar\/sitio\/wp-content\/uploads\/2021\/10\/CLAVEprue-Recuperado-1-768x768.jpg 768w, http:\/\/gentedebasquet.com.ar\/sitio\/wp-content\/uploads\/2021\/10\/CLAVEprue-Recuperado-1-1536x1536.jpg 1536w, http:\/\/gentedebasquet.com.ar\/sitio\/wp-content\/uploads\/2021\/10\/CLAVEprue-Recuperado-1.jpg 2000w\" sizes=\"(max-width: 300px) 100vw, 300px\" \/><\/a><\/p>\n<p><a href=\"http:\/\/www.gentedebasquet.com.ar\/wp-content\/uploads\/2021\/09\/Gif-Publicidades-3.gif\"><img decoding=\"async\" class=\"alignnone size-full wp-image-99872\" src=\"http:\/\/www.gentedebasquet.com.ar\/wp-content\/uploads\/2021\/09\/Gif-Publicidades-3.gif\" alt=\"\" width=\"300\" height=\"250\" \/><\/a><\/p>\n<p><a href=\"http:\/\/www.gentedebasquet.com.ar\/wp-content\/uploads\/2021\/09\/Gif-Publicidades-5.gif\"><img decoding=\"async\" class=\"alignnone size-full wp-image-99876\" src=\"http:\/\/www.gentedebasquet.com.ar\/wp-content\/uploads\/2021\/09\/Gif-Publicidades-5.gif\" alt=\"\" width=\"300\" height=\"250\" \/><\/a><\/p>\n<p><a href=\"http:\/\/www.gentedebasquet.com.ar\/wp-content\/uploads\/2021\/10\/2-Puey.jpg\"><img decoding=\"async\" class=\"alignnone size-medium wp-image-100863\" src=\"http:\/\/www.gentedebasquet.com.ar\/wp-content\/uploads\/2021\/10\/2-Puey-300x225.jpg\" alt=\"\" width=\"300\" height=\"225\" \/><\/a><\/p>\n","protected":false},"excerpt":{"rendered":"<p>Tach\u00f3 a Purre con bombas de Andr\u00e9s y Olivera, m\u00e1s la injusta quinta falta de Bruni: 80 a 70.<\/p>\n","protected":false},"author":1,"featured_media":0,"comment_status":"closed","ping_status":"open","sticky":false,"template":"","format":"standard","meta":{"jnews-multi-image_gallery":[],"jnews_single_post":[],"jnews_primary_category":[],"footnotes":""},"categories":[23,101],"tags":[554,1386,228,237,1605,484,17,616,18,486],"class_list":["post-100851","post","type-post","status-publish","format-standard","hentry","category-primera","category-slide","tag-bautista-olivera","tag-branco-salvatori","tag-david-pineda","tag-german-andres","tag-juan-pedro-hollender","tag-nicolas-sanchez","tag-pacifico","tag-pomar-garbarino","tag-pueyrredon","tag-tomas-bruni"],"yoast_head":"<!-- This site is optimized with the Yoast SEO plugin v27.5 - https:\/\/yoast.com\/product\/yoast-seo-wordpress\/ -->\n<title>Pac\u00edfico, de punta a punta - Gente de B\u00e1squet<\/title>\n<meta name=\"robots\" content=\"index, follow, max-snippet:-1, max-image-preview:large, max-video-preview:-1\" \/>\n<link rel=\"canonical\" href=\"http:\/\/gentedebasquet.com.ar\/sitio\/2021\/10\/28\/pacifico-de-punta-a-punta\/\" \/>\n<meta property=\"og:locale\" content=\"es_ES\" \/>\n<meta property=\"og:type\" content=\"article\" \/>\n<meta property=\"og:title\" content=\"Pac\u00edfico, de punta a punta - Gente de B\u00e1squet\" \/>\n<meta property=\"og:description\" content=\"Tach\u00f3 a Purre con bombas de Andr\u00e9s y Olivera, m\u00e1s la injusta quinta falta de Bruni: 80 a 70.\" \/>\n<meta property=\"og:url\" content=\"http:\/\/gentedebasquet.com.ar\/sitio\/2021\/10\/28\/pacifico-de-punta-a-punta\/\" \/>\n<meta property=\"og:site_name\" content=\"Gente de B\u00e1squet\" \/>\n<meta property=\"article:published_time\" content=\"2021-10-29T02:54:37+00:00\" \/>\n<meta property=\"og:image\" content=\"http:\/\/www.gentedebasquet.com.ar\/wp-content\/uploads\/2021\/09\/Gif-Publicidades-1-1.gif\" \/>\n<meta name=\"author\" content=\"Gente de B\u00e1squet\" \/>\n<meta name=\"twitter:card\" content=\"summary_large_image\" \/>\n<meta name=\"twitter:label1\" content=\"Escrito por\" \/>\n\t<meta name=\"twitter:data1\" content=\"Gente de B\u00e1squet\" \/>\n\t<meta name=\"twitter:label2\" content=\"Tiempo de lectura\" \/>\n\t<meta name=\"twitter:data2\" content=\"3 minutos\" \/>\n<script type=\"application\/ld+json\" class=\"yoast-schema-graph\">{\"@context\":\"https:\\\/\\\/schema.org\",\"@graph\":[{\"@type\":\"Article\",\"@id\":\"http:\\\/\\\/gentedebasquet.com.ar\\\/sitio\\\/2021\\\/10\\\/28\\\/pacifico-de-punta-a-punta\\\/#article\",\"isPartOf\":{\"@id\":\"http:\\\/\\\/gentedebasquet.com.ar\\\/sitio\\\/2021\\\/10\\\/28\\\/pacifico-de-punta-a-punta\\\/\"},\"author\":{\"name\":\"Gente de B\u00e1squet\",\"@id\":\"https:\\\/\\\/gentedebasquet.com.ar\\\/sitio\\\/#\\\/schema\\\/person\\\/ca0b63bbb977369988a7bbbdc519943a\"},\"headline\":\"Pac\u00edfico, de punta a punta\",\"datePublished\":\"2021-10-29T02:54:37+00:00\",\"mainEntityOfPage\":{\"@id\":\"http:\\\/\\\/gentedebasquet.com.ar\\\/sitio\\\/2021\\\/10\\\/28\\\/pacifico-de-punta-a-punta\\\/\"},\"wordCount\":615,\"image\":{\"@id\":\"http:\\\/\\\/gentedebasquet.com.ar\\\/sitio\\\/2021\\\/10\\\/28\\\/pacifico-de-punta-a-punta\\\/#primaryimage\"},\"thumbnailUrl\":\"http:\\\/\\\/www.gentedebasquet.com.ar\\\/wp-content\\\/uploads\\\/2021\\\/09\\\/Gif-Publicidades-1-1.gif\",\"keywords\":[\"Bautista Olivera\",\"Branco Salvatori\",\"David Pineda\",\"Germ\u00e1n Andr\u00e9s\",\"Juan Pedro Hollender\",\"Nicol\u00e1s S\u00e1nchez\",\"Pacifico\",\"pomar garbarino\",\"Pueyrredon\",\"Tomas Bruni\"],\"articleSection\":[\"Primera\",\"Slide\"],\"inLanguage\":\"es\"},{\"@type\":\"WebPage\",\"@id\":\"http:\\\/\\\/gentedebasquet.com.ar\\\/sitio\\\/2021\\\/10\\\/28\\\/pacifico-de-punta-a-punta\\\/\",\"url\":\"http:\\\/\\\/gentedebasquet.com.ar\\\/sitio\\\/2021\\\/10\\\/28\\\/pacifico-de-punta-a-punta\\\/\",\"name\":\"Pac\u00edfico, de punta a punta - Gente de B\u00e1squet\",\"isPartOf\":{\"@id\":\"https:\\\/\\\/gentedebasquet.com.ar\\\/sitio\\\/#website\"},\"primaryImageOfPage\":{\"@id\":\"http:\\\/\\\/gentedebasquet.com.ar\\\/sitio\\\/2021\\\/10\\\/28\\\/pacifico-de-punta-a-punta\\\/#primaryimage\"},\"image\":{\"@id\":\"http:\\\/\\\/gentedebasquet.com.ar\\\/sitio\\\/2021\\\/10\\\/28\\\/pacifico-de-punta-a-punta\\\/#primaryimage\"},\"thumbnailUrl\":\"http:\\\/\\\/www.gentedebasquet.com.ar\\\/wp-content\\\/uploads\\\/2021\\\/09\\\/Gif-Publicidades-1-1.gif\",\"datePublished\":\"2021-10-29T02:54:37+00:00\",\"author\":{\"@id\":\"https:\\\/\\\/gentedebasquet.com.ar\\\/sitio\\\/#\\\/schema\\\/person\\\/ca0b63bbb977369988a7bbbdc519943a\"},\"breadcrumb\":{\"@id\":\"http:\\\/\\\/gentedebasquet.com.ar\\\/sitio\\\/2021\\\/10\\\/28\\\/pacifico-de-punta-a-punta\\\/#breadcrumb\"},\"inLanguage\":\"es\",\"potentialAction\":[{\"@type\":\"ReadAction\",\"target\":[\"http:\\\/\\\/gentedebasquet.com.ar\\\/sitio\\\/2021\\\/10\\\/28\\\/pacifico-de-punta-a-punta\\\/\"]}]},{\"@type\":\"ImageObject\",\"inLanguage\":\"es\",\"@id\":\"http:\\\/\\\/gentedebasquet.com.ar\\\/sitio\\\/2021\\\/10\\\/28\\\/pacifico-de-punta-a-punta\\\/#primaryimage\",\"url\":\"http:\\\/\\\/www.gentedebasquet.com.ar\\\/wp-content\\\/uploads\\\/2021\\\/09\\\/Gif-Publicidades-1-1.gif\",\"contentUrl\":\"http:\\\/\\\/www.gentedebasquet.com.ar\\\/wp-content\\\/uploads\\\/2021\\\/09\\\/Gif-Publicidades-1-1.gif\"},{\"@type\":\"BreadcrumbList\",\"@id\":\"http:\\\/\\\/gentedebasquet.com.ar\\\/sitio\\\/2021\\\/10\\\/28\\\/pacifico-de-punta-a-punta\\\/#breadcrumb\",\"itemListElement\":[{\"@type\":\"ListItem\",\"position\":1,\"name\":\"Portada\",\"item\":\"https:\\\/\\\/gentedebasquet.com.ar\\\/sitio\\\/\"},{\"@type\":\"ListItem\",\"position\":2,\"name\":\"Pac\u00edfico, de punta a punta\"}]},{\"@type\":\"WebSite\",\"@id\":\"https:\\\/\\\/gentedebasquet.com.ar\\\/sitio\\\/#website\",\"url\":\"https:\\\/\\\/gentedebasquet.com.ar\\\/sitio\\\/\",\"name\":\"Gente de B\u00e1squet\",\"description\":\"La revista del basquet de Bah\u00eda Blanca\",\"potentialAction\":[{\"@type\":\"SearchAction\",\"target\":{\"@type\":\"EntryPoint\",\"urlTemplate\":\"https:\\\/\\\/gentedebasquet.com.ar\\\/sitio\\\/?s={search_term_string}\"},\"query-input\":{\"@type\":\"PropertyValueSpecification\",\"valueRequired\":true,\"valueName\":\"search_term_string\"}}],\"inLanguage\":\"es\"},{\"@type\":\"Person\",\"@id\":\"https:\\\/\\\/gentedebasquet.com.ar\\\/sitio\\\/#\\\/schema\\\/person\\\/ca0b63bbb977369988a7bbbdc519943a\",\"name\":\"Gente de B\u00e1squet\",\"image\":{\"@type\":\"ImageObject\",\"inLanguage\":\"es\",\"@id\":\"https:\\\/\\\/secure.gravatar.com\\\/avatar\\\/7f2c48bdc33b30088f941fb6082e555f2874c98e20cb159d7b92b50eadfce793?s=96&d=mm&r=g\",\"url\":\"https:\\\/\\\/secure.gravatar.com\\\/avatar\\\/7f2c48bdc33b30088f941fb6082e555f2874c98e20cb159d7b92b50eadfce793?s=96&d=mm&r=g\",\"contentUrl\":\"https:\\\/\\\/secure.gravatar.com\\\/avatar\\\/7f2c48bdc33b30088f941fb6082e555f2874c98e20cb159d7b92b50eadfce793?s=96&d=mm&r=g\",\"caption\":\"Gente de B\u00e1squet\"},\"sameAs\":[\"http:\\\/\\\/gentedebasquet.com.ar\\\/sitio\"],\"url\":\"http:\\\/\\\/gentedebasquet.com.ar\\\/sitio\\\/author\\\/ulises\\\/\"}]}<\/script>\n<!-- \/ Yoast SEO plugin. -->","yoast_head_json":{"title":"Pac\u00edfico, de punta a punta - Gente de B\u00e1squet","robots":{"index":"index","follow":"follow","max-snippet":"max-snippet:-1","max-image-preview":"max-image-preview:large","max-video-preview":"max-video-preview:-1"},"canonical":"http:\/\/gentedebasquet.com.ar\/sitio\/2021\/10\/28\/pacifico-de-punta-a-punta\/","og_locale":"es_ES","og_type":"article","og_title":"Pac\u00edfico, de punta a punta - Gente de B\u00e1squet","og_description":"Tach\u00f3 a Purre con bombas de Andr\u00e9s y Olivera, m\u00e1s la injusta quinta falta de Bruni: 80 a 70.","og_url":"http:\/\/gentedebasquet.com.ar\/sitio\/2021\/10\/28\/pacifico-de-punta-a-punta\/","og_site_name":"Gente de B\u00e1squet","article_published_time":"2021-10-29T02:54:37+00:00","og_image":[{"url":"http:\/\/www.gentedebasquet.com.ar\/wp-content\/uploads\/2021\/09\/Gif-Publicidades-1-1.gif","type":"","width":"","height":""}],"author":"Gente de B\u00e1squet","twitter_card":"summary_large_image","twitter_misc":{"Escrito por":"Gente de B\u00e1squet","Tiempo de lectura":"3 minutos"},"schema":{"@context":"https:\/\/schema.org","@graph":[{"@type":"Article","@id":"http:\/\/gentedebasquet.com.ar\/sitio\/2021\/10\/28\/pacifico-de-punta-a-punta\/#article","isPartOf":{"@id":"http:\/\/gentedebasquet.com.ar\/sitio\/2021\/10\/28\/pacifico-de-punta-a-punta\/"},"author":{"name":"Gente de B\u00e1squet","@id":"https:\/\/gentedebasquet.com.ar\/sitio\/#\/schema\/person\/ca0b63bbb977369988a7bbbdc519943a"},"headline":"Pac\u00edfico, de punta a punta","datePublished":"2021-10-29T02:54:37+00:00","mainEntityOfPage":{"@id":"http:\/\/gentedebasquet.com.ar\/sitio\/2021\/10\/28\/pacifico-de-punta-a-punta\/"},"wordCount":615,"image":{"@id":"http:\/\/gentedebasquet.com.ar\/sitio\/2021\/10\/28\/pacifico-de-punta-a-punta\/#primaryimage"},"thumbnailUrl":"http:\/\/www.gentedebasquet.com.ar\/wp-content\/uploads\/2021\/09\/Gif-Publicidades-1-1.gif","keywords":["Bautista Olivera","Branco Salvatori","David Pineda","Germ\u00e1n Andr\u00e9s","Juan Pedro Hollender","Nicol\u00e1s S\u00e1nchez","Pacifico","pomar garbarino","Pueyrredon","Tomas Bruni"],"articleSection":["Primera","Slide"],"inLanguage":"es"},{"@type":"WebPage","@id":"http:\/\/gentedebasquet.com.ar\/sitio\/2021\/10\/28\/pacifico-de-punta-a-punta\/","url":"http:\/\/gentedebasquet.com.ar\/sitio\/2021\/10\/28\/pacifico-de-punta-a-punta\/","name":"Pac\u00edfico, de punta a punta - Gente de B\u00e1squet","isPartOf":{"@id":"https:\/\/gentedebasquet.com.ar\/sitio\/#website"},"primaryImageOfPage":{"@id":"http:\/\/gentedebasquet.com.ar\/sitio\/2021\/10\/28\/pacifico-de-punta-a-punta\/#primaryimage"},"image":{"@id":"http:\/\/gentedebasquet.com.ar\/sitio\/2021\/10\/28\/pacifico-de-punta-a-punta\/#primaryimage"},"thumbnailUrl":"http:\/\/www.gentedebasquet.com.ar\/wp-content\/uploads\/2021\/09\/Gif-Publicidades-1-1.gif","datePublished":"2021-10-29T02:54:37+00:00","author":{"@id":"https:\/\/gentedebasquet.com.ar\/sitio\/#\/schema\/person\/ca0b63bbb977369988a7bbbdc519943a"},"breadcrumb":{"@id":"http:\/\/gentedebasquet.com.ar\/sitio\/2021\/10\/28\/pacifico-de-punta-a-punta\/#breadcrumb"},"inLanguage":"es","potentialAction":[{"@type":"ReadAction","target":["http:\/\/gentedebasquet.com.ar\/sitio\/2021\/10\/28\/pacifico-de-punta-a-punta\/"]}]},{"@type":"ImageObject","inLanguage":"es","@id":"http:\/\/gentedebasquet.com.ar\/sitio\/2021\/10\/28\/pacifico-de-punta-a-punta\/#primaryimage","url":"http:\/\/www.gentedebasquet.com.ar\/wp-content\/uploads\/2021\/09\/Gif-Publicidades-1-1.gif","contentUrl":"http:\/\/www.gentedebasquet.com.ar\/wp-content\/uploads\/2021\/09\/Gif-Publicidades-1-1.gif"},{"@type":"BreadcrumbList","@id":"http:\/\/gentedebasquet.com.ar\/sitio\/2021\/10\/28\/pacifico-de-punta-a-punta\/#breadcrumb","itemListElement":[{"@type":"ListItem","position":1,"name":"Portada","item":"https:\/\/gentedebasquet.com.ar\/sitio\/"},{"@type":"ListItem","position":2,"name":"Pac\u00edfico, de punta a punta"}]},{"@type":"WebSite","@id":"https:\/\/gentedebasquet.com.ar\/sitio\/#website","url":"https:\/\/gentedebasquet.com.ar\/sitio\/","name":"Gente de B\u00e1squet","description":"La revista del basquet de Bah\u00eda Blanca","potentialAction":[{"@type":"SearchAction","target":{"@type":"EntryPoint","urlTemplate":"https:\/\/gentedebasquet.com.ar\/sitio\/?s={search_term_string}"},"query-input":{"@type":"PropertyValueSpecification","valueRequired":true,"valueName":"search_term_string"}}],"inLanguage":"es"},{"@type":"Person","@id":"https:\/\/gentedebasquet.com.ar\/sitio\/#\/schema\/person\/ca0b63bbb977369988a7bbbdc519943a","name":"Gente de B\u00e1squet","image":{"@type":"ImageObject","inLanguage":"es","@id":"https:\/\/secure.gravatar.com\/avatar\/7f2c48bdc33b30088f941fb6082e555f2874c98e20cb159d7b92b50eadfce793?s=96&d=mm&r=g","url":"https:\/\/secure.gravatar.com\/avatar\/7f2c48bdc33b30088f941fb6082e555f2874c98e20cb159d7b92b50eadfce793?s=96&d=mm&r=g","contentUrl":"https:\/\/secure.gravatar.com\/avatar\/7f2c48bdc33b30088f941fb6082e555f2874c98e20cb159d7b92b50eadfce793?s=96&d=mm&r=g","caption":"Gente de B\u00e1squet"},"sameAs":["http:\/\/gentedebasquet.com.ar\/sitio"],"url":"http:\/\/gentedebasquet.com.ar\/sitio\/author\/ulises\/"}]}},"_links":{"self":[{"href":"http:\/\/gentedebasquet.com.ar\/sitio\/wp-json\/wp\/v2\/posts\/100851","targetHints":{"allow":["GET"]}}],"collection":[{"href":"http:\/\/gentedebasquet.com.ar\/sitio\/wp-json\/wp\/v2\/posts"}],"about":[{"href":"http:\/\/gentedebasquet.com.ar\/sitio\/wp-json\/wp\/v2\/types\/post"}],"author":[{"embeddable":true,"href":"http:\/\/gentedebasquet.com.ar\/sitio\/wp-json\/wp\/v2\/users\/1"}],"replies":[{"embeddable":true,"href":"http:\/\/gentedebasquet.com.ar\/sitio\/wp-json\/wp\/v2\/comments?post=100851"}],"version-history":[{"count":0,"href":"http:\/\/gentedebasquet.com.ar\/sitio\/wp-json\/wp\/v2\/posts\/100851\/revisions"}],"wp:attachment":[{"href":"http:\/\/gentedebasquet.com.ar\/sitio\/wp-json\/wp\/v2\/media?parent=100851"}],"wp:term":[{"taxonomy":"category","embeddable":true,"href":"http:\/\/gentedebasquet.com.ar\/sitio\/wp-json\/wp\/v2\/categories?post=100851"},{"taxonomy":"post_tag","embeddable":true,"href":"http:\/\/gentedebasquet.com.ar\/sitio\/wp-json\/wp\/v2\/tags?post=100851"}],"curies":[{"name":"wp","href":"https:\/\/api.w.org\/{rel}","templated":true}]}}