{"id":102074,"date":"2022-03-08T23:58:00","date_gmt":"2022-03-09T02:58:00","guid":{"rendered":"http:\/\/www.gentedebasquet.com.ar\/?p=102074"},"modified":"2022-03-08T23:58:00","modified_gmt":"2022-03-09T02:58:00","slug":"sportivo-y-otra-mas","status":"publish","type":"post","link":"http:\/\/gentedebasquet.com.ar\/sitio\/2022\/03\/08\/sportivo-y-otra-mas\/","title":{"rendered":"Sportivo y otra m\u00e1s"},"content":{"rendered":"\n<p><strong>Sportivo y otro triunfo en el torneo. Anoche, en la Caldera, venci\u00f3 a La Falda por 90 a 77.<\/strong><\/p>\n\n\n\n<p><strong>El visitante tom\u00f3 r\u00e1pida ventaja (inici\u00f3: 11-0), la cual cuid\u00f3 hasta el cierre del juego. Ya en el complemento, el puntero logr\u00f3 una m\u00e1xima de 24 (38-62) promediando el 3C, para cerrar con tranquilidad el juego.<\/strong><\/p>\n\n\n\n<p><strong>Luego de un inicio 0\/8tc entre ambos equipos, el visitante plasm\u00f3 una defensa todo el campo que le provoc\u00f3 un par de perdidas al rival y sumado a los rebotes ofensivos, ambas cuestiones las capitaliz\u00f3 en puntos para escapar 11-0 en 3m30, con t3 De Paoli incluido.<\/strong><\/p>\n\n\n\n<p><strong>Adem\u00e1s, el equipo visitante elev\u00f3 el ritmo de sus ataques y escap\u00f3 15-2 en 6m21, cuando el local solo hab\u00eda sumado desde la linea. <\/strong><\/p>\n\n\n\n<p><strong>El local tras diez intentos al aro, sacudi\u00f3 las redes mediante el triple de Berg\u00e9s, que convirti\u00f3 un par en el 1C y m\u00e1s las segundas oportunidades que logr\u00f3 Perez y el buen ingreso de Bobb, La Falda plasm\u00f3 un parcial: 14 a 9, para cerrar abajo el primer chico: 16-24. <\/strong><\/p>\n\n\n\n<p><strong>Pese a que la segunda unidad le cost\u00f3 engranar, cuando lo hizo Sportivo volvi\u00f3 a estirar diferencias (16-32) en 3m37. Al local le cost\u00f3 el inicio del segmento (0\/5tc y 4 perdidas), pero Bobb castig\u00f3 en continuado desde lejos y los de \u00c1lvarez se pusieron: 24-34.<\/strong><\/p>\n\n\n\n<p><strong>Con la vuelta de algunos titulares, Sportivo volvi\u00f3 a las transiciones r\u00e1pidas y m\u00e1s una buena efectividad en triples, cerr\u00f3 arriba el primer tiempo: 46-32.<\/strong><\/p>\n\n\n\n<p><strong>El inicio del complemento lo vio suelto al visitante, con buen movimiento de bal\u00f3n y buena selecci\u00f3n de tiro que le dio efectividad, para escapar 38 a 62 en 4m07, con Garc\u00eda (9) como goleador del pasaje.<\/strong><\/p>\n\n\n\n<p><strong>Desde ah\u00ed, el local en busca de soluciones se plant\u00f3 en zona para defender, ajust\u00f3 el rebote en su aro y tuvo a De Battista (8) como revulsivo en ataque para arrimar: 58-74 al cierre del tercero.<\/strong><\/p>\n\n\n\n<p><strong>En el 4C parec\u00eda que el juego estaba sentenciado, pero algunas desatenciones<\/strong> <strong>del visitante m\u00e1s la intensidad que mantuvo el local, lo llev\u00f3 a La Falda a ponerse a 11 (71-82), con un parcial 9-0, a falta de 2m49. <\/strong><\/p>\n\n\n\n<p><strong>El puntero lo resolvi\u00f3 con la obtenci\u00f3n de un par de rebotes ofensivos que terminaron en puntos y se dio otra victoria de Sportivo, esta vez en La Caldera.<\/strong><\/p>\n\n\n\n<p><\/p>\n\n\n\n<p><\/p>\n\n\n\n<figure class=\"wp-block-image size-full\"><a href=\"http:\/\/www.gentedebasquet.com.ar\/wp-content\/uploads\/2022\/03\/Gif-Publicidades-1.gif\"><img decoding=\"async\" width=\"300\" height=\"250\" src=\"http:\/\/www.gentedebasquet.com.ar\/wp-content\/uploads\/2022\/03\/Gif-Publicidades-1.gif\" alt=\"\" class=\"wp-image-102020\"\/><\/a><\/figure>\n\n\n\n<figure class=\"wp-block-embed is-type-rich is-provider-gestor-del-servicio wp-block-embed-gestor-del-servicio wp-embed-aspect-16-9 wp-has-aspect-ratio\"><div class=\"wp-block-embed__wrapper\">\nhttps:\/\/youtube.com\/watch?v=QhaMyV0VYak\n<\/div><\/figure>\n\n\n\n<figure class=\"wp-block-image size-full\"><a href=\"http:\/\/www.gentedebasquet.com.ar\/wp-content\/uploads\/2022\/03\/Gif-Publicidades-2.gif\"><img decoding=\"async\" width=\"300\" height=\"250\" src=\"http:\/\/www.gentedebasquet.com.ar\/wp-content\/uploads\/2022\/03\/Gif-Publicidades-2.gif\" alt=\"\" class=\"wp-image-102021\"\/><\/a><\/figure>\n\n\n\n<figure class=\"wp-block-image size-large\"><a href=\"http:\/\/www.gentedebasquet.com.ar\/wp-content\/uploads\/2022\/03\/MVP-3.jpg\"><img decoding=\"async\" width=\"1024\" height=\"1024\" src=\"http:\/\/www.gentedebasquet.com.ar\/wp-content\/uploads\/2022\/03\/MVP-3-1024x1024.jpg\" alt=\"\" class=\"wp-image-102082\" srcset=\"http:\/\/gentedebasquet.com.ar\/sitio\/wp-content\/uploads\/2022\/03\/MVP-3-1024x1024.jpg 1024w, http:\/\/gentedebasquet.com.ar\/sitio\/wp-content\/uploads\/2022\/03\/MVP-3-300x300.jpg 300w, http:\/\/gentedebasquet.com.ar\/sitio\/wp-content\/uploads\/2022\/03\/MVP-3-150x150.jpg 150w, http:\/\/gentedebasquet.com.ar\/sitio\/wp-content\/uploads\/2022\/03\/MVP-3-768x768.jpg 768w, http:\/\/gentedebasquet.com.ar\/sitio\/wp-content\/uploads\/2022\/03\/MVP-3-1536x1536.jpg 1536w, http:\/\/gentedebasquet.com.ar\/sitio\/wp-content\/uploads\/2022\/03\/MVP-3.jpg 2000w\" sizes=\"(max-width: 1024px) 100vw, 1024px\" \/><\/a><\/figure>\n\n\n\n<figure class=\"wp-block-image size-full\"><a href=\"http:\/\/www.gentedebasquet.com.ar\/wp-content\/uploads\/2022\/03\/De-Paoli.jpg\"><img decoding=\"async\" width=\"188\" height=\"418\" src=\"http:\/\/www.gentedebasquet.com.ar\/wp-content\/uploads\/2022\/03\/De-Paoli.jpg\" alt=\"\" class=\"wp-image-102083\" srcset=\"http:\/\/gentedebasquet.com.ar\/sitio\/wp-content\/uploads\/2022\/03\/De-Paoli.jpg 188w, http:\/\/gentedebasquet.com.ar\/sitio\/wp-content\/uploads\/2022\/03\/De-Paoli-135x300.jpg 135w\" sizes=\"(max-width: 188px) 100vw, 188px\" \/><\/a><\/figure>\n\n\n\n<blockquote class=\"wp-block-quote is-layout-flow wp-block-quote-is-layout-flow\"><p><\/p><cite> <p>Se jug\u00f3 bien, encontramos la movilidad de pelota que veniamos buscando y no tantas decisiones individuales, nosotros tenemos el objetivo claro y salimos todos los partidos a ganar. Lo entrenamos en la semana, sabemos que hay equipo que en su cancha defienden as\u00ed (zona), y tratamos de buscarle la vuelta. El equipo esta bien, esta en ritmo y con el objetivo claro. Fausto De Paoli (Sportivo Bahiense).<\/p> <\/cite><\/blockquote>\n\n\n\n<figure class=\"wp-block-image size-full\"><a href=\"http:\/\/www.gentedebasquet.com.ar\/wp-content\/uploads\/2022\/03\/Gif-Publicidades-3.gif\"><img decoding=\"async\" width=\"300\" height=\"250\" src=\"http:\/\/www.gentedebasquet.com.ar\/wp-content\/uploads\/2022\/03\/Gif-Publicidades-3.gif\" alt=\"\" class=\"wp-image-102022\"\/><\/a><\/figure>\n\n\n\n<p><strong>S\u00edntesis |<\/strong>\u00a0Segunda Divisi\u00f3n \u2013 Fecha #17.<\/p>\n\n\n\n<p><strong>La Falda 77:<\/strong> Franco Lib\u00e9ro 2, Sebasti\u00e1n Ranieri 15, Lautaro Berg\u00e9s 11, Lucas Dur\u00e1n 7, Federico Gonz\u00e1lez 0 (FI); Daniel De Battista 11, Francisco Perez 8, Brian Bobb 17, Dar\u00edan Pedrol 4, Valentino Copreni 2. DT: Fernando \u00c1lvarez.<\/p>\n\n\n\n<p><strong>Sportivo Bahiense 90:<\/strong>\u00a0Fausto De Paoli 19, Miguel Garc\u00eda 13, Ulises Montes 4, Emanuel Miguel 8, Cristian Miguel 17 (FI); Facundo Sastre 8, Felipe Galassi 2, Juli\u00e1n Gutt 5, Gustavo Banchero 4, Manuel Ayala 10, Lucas Santarelli 0, Santiago Sim\u00f3n 0. DT: Miguel Loffredo.<\/p>\n\n\n\n<p><strong>Parciales:<\/strong>\u00a016-24, 32-46 (16-22), 58-74 (26-28), 77-90 (19-16). <\/p>\n\n\n\n<p><strong>\u00c1rbitros:<\/strong>\u00a0Diego Kessler &#8211; Santiago Lopez Hoyos &#8211; Ariel Di Marco.<\/p>\n\n\n\n<p><strong>Estadio:<\/strong>\u00a0La Caldera (La Falda).<\/p>\n\n\n\n<p><a href=\"https:\/\/fibalivestats.dcd.shared.geniussports.com\/u\/ABB\/2068214\/index.html\">Ver Planilla<\/a><\/p>\n\n\n\n<figure class=\"wp-block-image size-large\"><a href=\"http:\/\/www.gentedebasquet.com.ar\/wp-content\/uploads\/2022\/03\/CLAVE-2.jpg\"><img decoding=\"async\" width=\"1024\" height=\"1024\" src=\"http:\/\/www.gentedebasquet.com.ar\/wp-content\/uploads\/2022\/03\/CLAVE-2-1024x1024.jpg\" alt=\"\" class=\"wp-image-102084\" srcset=\"http:\/\/gentedebasquet.com.ar\/sitio\/wp-content\/uploads\/2022\/03\/CLAVE-2-1024x1024.jpg 1024w, http:\/\/gentedebasquet.com.ar\/sitio\/wp-content\/uploads\/2022\/03\/CLAVE-2-300x300.jpg 300w, http:\/\/gentedebasquet.com.ar\/sitio\/wp-content\/uploads\/2022\/03\/CLAVE-2-150x150.jpg 150w, http:\/\/gentedebasquet.com.ar\/sitio\/wp-content\/uploads\/2022\/03\/CLAVE-2-768x768.jpg 768w, http:\/\/gentedebasquet.com.ar\/sitio\/wp-content\/uploads\/2022\/03\/CLAVE-2-1536x1536.jpg 1536w, http:\/\/gentedebasquet.com.ar\/sitio\/wp-content\/uploads\/2022\/03\/CLAVE-2.jpg 2000w\" sizes=\"(max-width: 1024px) 100vw, 1024px\" \/><\/a><\/figure>\n\n\n\n<figure class=\"wp-block-image size-full\"><a href=\"http:\/\/www.gentedebasquet.com.ar\/wp-content\/uploads\/2022\/03\/Gif-Publicidades-4.gif\"><img decoding=\"async\" width=\"300\" height=\"250\" src=\"http:\/\/www.gentedebasquet.com.ar\/wp-content\/uploads\/2022\/03\/Gif-Publicidades-4.gif\" alt=\"\" class=\"wp-image-102023\"\/><\/a><figcaption><br><br><a href=\"http:\/\/www.gentedebasquet.com.ar\/wp-content\/uploads\/2021\/09\/Gif-Publicidades-5.gif\"><\/a><\/figcaption><\/figure>\n\n\n\n<figure class=\"wp-block-image size-full\"><a href=\"http:\/\/www.gentedebasquet.com.ar\/wp-content\/uploads\/2022\/03\/680-1.jpg\"><img decoding=\"async\" width=\"680\" height=\"480\" src=\"http:\/\/www.gentedebasquet.com.ar\/wp-content\/uploads\/2022\/03\/680-1.jpg\" alt=\"\" class=\"wp-image-102085\" srcset=\"http:\/\/gentedebasquet.com.ar\/sitio\/wp-content\/uploads\/2022\/03\/680-1.jpg 680w, http:\/\/gentedebasquet.com.ar\/sitio\/wp-content\/uploads\/2022\/03\/680-1-300x212.jpg 300w\" sizes=\"(max-width: 680px) 100vw, 680px\" \/><\/a><\/figure>\n","protected":false},"excerpt":{"rendered":"<p>Nueva victoria de Sportivo, en La Caldera, venci\u00f3 a La Falda: 90 a 77. <\/p>\n","protected":false},"author":1,"featured_media":102086,"comment_status":"closed","ping_status":"open","sticky":false,"template":"","format":"standard","meta":{"jnews-multi-image_gallery":[],"jnews_single_post":[],"jnews_primary_category":[],"footnotes":""},"categories":[25,101],"tags":[694,1872,13,20],"class_list":["post-102074","post","type-post","status-publish","format-standard","has-post-thumbnail","hentry","category-segunda","category-slide","tag-brian-bobb","tag-fausto-de-paoli","tag-la-falda","tag-sportivo-bahiense"],"yoast_head":"<!-- This site is optimized with the Yoast SEO plugin v27.5 - https:\/\/yoast.com\/product\/yoast-seo-wordpress\/ -->\n<title>Sportivo y otra m\u00e1s - Gente de B\u00e1squet<\/title>\n<meta name=\"robots\" content=\"index, follow, max-snippet:-1, max-image-preview:large, max-video-preview:-1\" \/>\n<link rel=\"canonical\" href=\"https:\/\/gentedebasquet.com.ar\/sitio\/2022\/03\/08\/sportivo-y-otra-mas\/\" \/>\n<meta property=\"og:locale\" content=\"es_ES\" \/>\n<meta property=\"og:type\" content=\"article\" \/>\n<meta property=\"og:title\" content=\"Sportivo y otra m\u00e1s - Gente de B\u00e1squet\" \/>\n<meta property=\"og:description\" content=\"Nueva victoria de Sportivo, en La Caldera, venci\u00f3 a La Falda: 90 a 77.\" \/>\n<meta property=\"og:url\" content=\"https:\/\/gentedebasquet.com.ar\/sitio\/2022\/03\/08\/sportivo-y-otra-mas\/\" \/>\n<meta property=\"og:site_name\" content=\"Gente de B\u00e1squet\" \/>\n<meta property=\"article:published_time\" content=\"2022-03-09T02:58:00+00:00\" \/>\n<meta property=\"og:image\" content=\"https:\/\/gentedebasquet.com.ar\/sitio\/wp-content\/uploads\/2022\/03\/690-1.jpg\" \/>\n\t<meta property=\"og:image:width\" content=\"690\" \/>\n\t<meta property=\"og:image:height\" content=\"319\" \/>\n\t<meta property=\"og:image:type\" content=\"image\/jpeg\" \/>\n<meta name=\"author\" content=\"Gente de B\u00e1squet\" \/>\n<meta name=\"twitter:card\" content=\"summary_large_image\" \/>\n<meta name=\"twitter:label1\" content=\"Escrito por\" \/>\n\t<meta name=\"twitter:data1\" content=\"Gente de B\u00e1squet\" \/>\n\t<meta name=\"twitter:label2\" content=\"Tiempo de lectura\" \/>\n\t<meta name=\"twitter:data2\" content=\"3 minutos\" \/>\n<script type=\"application\/ld+json\" class=\"yoast-schema-graph\">{\"@context\":\"https:\\\/\\\/schema.org\",\"@graph\":[{\"@type\":\"Article\",\"@id\":\"https:\\\/\\\/gentedebasquet.com.ar\\\/sitio\\\/2022\\\/03\\\/08\\\/sportivo-y-otra-mas\\\/#article\",\"isPartOf\":{\"@id\":\"https:\\\/\\\/gentedebasquet.com.ar\\\/sitio\\\/2022\\\/03\\\/08\\\/sportivo-y-otra-mas\\\/\"},\"author\":{\"name\":\"Gente de B\u00e1squet\",\"@id\":\"https:\\\/\\\/gentedebasquet.com.ar\\\/sitio\\\/#\\\/schema\\\/person\\\/ca0b63bbb977369988a7bbbdc519943a\"},\"headline\":\"Sportivo y otra m\u00e1s\",\"datePublished\":\"2022-03-09T02:58:00+00:00\",\"mainEntityOfPage\":{\"@id\":\"https:\\\/\\\/gentedebasquet.com.ar\\\/sitio\\\/2022\\\/03\\\/08\\\/sportivo-y-otra-mas\\\/\"},\"wordCount\":571,\"image\":{\"@id\":\"https:\\\/\\\/gentedebasquet.com.ar\\\/sitio\\\/2022\\\/03\\\/08\\\/sportivo-y-otra-mas\\\/#primaryimage\"},\"thumbnailUrl\":\"http:\\\/\\\/gentedebasquet.com.ar\\\/sitio\\\/wp-content\\\/uploads\\\/2022\\\/03\\\/690-1.jpg\",\"keywords\":[\"Brian Bobb\",\"Fausto De Paoli\",\"La Falda\",\"Sportivo Bahiense\"],\"articleSection\":[\"Segunda\",\"Slide\"],\"inLanguage\":\"es\"},{\"@type\":\"WebPage\",\"@id\":\"https:\\\/\\\/gentedebasquet.com.ar\\\/sitio\\\/2022\\\/03\\\/08\\\/sportivo-y-otra-mas\\\/\",\"url\":\"https:\\\/\\\/gentedebasquet.com.ar\\\/sitio\\\/2022\\\/03\\\/08\\\/sportivo-y-otra-mas\\\/\",\"name\":\"Sportivo y otra m\u00e1s - Gente de B\u00e1squet\",\"isPartOf\":{\"@id\":\"https:\\\/\\\/gentedebasquet.com.ar\\\/sitio\\\/#website\"},\"primaryImageOfPage\":{\"@id\":\"https:\\\/\\\/gentedebasquet.com.ar\\\/sitio\\\/2022\\\/03\\\/08\\\/sportivo-y-otra-mas\\\/#primaryimage\"},\"image\":{\"@id\":\"https:\\\/\\\/gentedebasquet.com.ar\\\/sitio\\\/2022\\\/03\\\/08\\\/sportivo-y-otra-mas\\\/#primaryimage\"},\"thumbnailUrl\":\"http:\\\/\\\/gentedebasquet.com.ar\\\/sitio\\\/wp-content\\\/uploads\\\/2022\\\/03\\\/690-1.jpg\",\"datePublished\":\"2022-03-09T02:58:00+00:00\",\"author\":{\"@id\":\"https:\\\/\\\/gentedebasquet.com.ar\\\/sitio\\\/#\\\/schema\\\/person\\\/ca0b63bbb977369988a7bbbdc519943a\"},\"breadcrumb\":{\"@id\":\"https:\\\/\\\/gentedebasquet.com.ar\\\/sitio\\\/2022\\\/03\\\/08\\\/sportivo-y-otra-mas\\\/#breadcrumb\"},\"inLanguage\":\"es\",\"potentialAction\":[{\"@type\":\"ReadAction\",\"target\":[\"https:\\\/\\\/gentedebasquet.com.ar\\\/sitio\\\/2022\\\/03\\\/08\\\/sportivo-y-otra-mas\\\/\"]}]},{\"@type\":\"ImageObject\",\"inLanguage\":\"es\",\"@id\":\"https:\\\/\\\/gentedebasquet.com.ar\\\/sitio\\\/2022\\\/03\\\/08\\\/sportivo-y-otra-mas\\\/#primaryimage\",\"url\":\"http:\\\/\\\/gentedebasquet.com.ar\\\/sitio\\\/wp-content\\\/uploads\\\/2022\\\/03\\\/690-1.jpg\",\"contentUrl\":\"http:\\\/\\\/gentedebasquet.com.ar\\\/sitio\\\/wp-content\\\/uploads\\\/2022\\\/03\\\/690-1.jpg\",\"width\":690,\"height\":319},{\"@type\":\"BreadcrumbList\",\"@id\":\"https:\\\/\\\/gentedebasquet.com.ar\\\/sitio\\\/2022\\\/03\\\/08\\\/sportivo-y-otra-mas\\\/#breadcrumb\",\"itemListElement\":[{\"@type\":\"ListItem\",\"position\":1,\"name\":\"Portada\",\"item\":\"https:\\\/\\\/gentedebasquet.com.ar\\\/sitio\\\/\"},{\"@type\":\"ListItem\",\"position\":2,\"name\":\"Sportivo y otra m\u00e1s\"}]},{\"@type\":\"WebSite\",\"@id\":\"https:\\\/\\\/gentedebasquet.com.ar\\\/sitio\\\/#website\",\"url\":\"https:\\\/\\\/gentedebasquet.com.ar\\\/sitio\\\/\",\"name\":\"Gente de B\u00e1squet\",\"description\":\"La revista del basquet de Bah\u00eda Blanca\",\"potentialAction\":[{\"@type\":\"SearchAction\",\"target\":{\"@type\":\"EntryPoint\",\"urlTemplate\":\"https:\\\/\\\/gentedebasquet.com.ar\\\/sitio\\\/?s={search_term_string}\"},\"query-input\":{\"@type\":\"PropertyValueSpecification\",\"valueRequired\":true,\"valueName\":\"search_term_string\"}}],\"inLanguage\":\"es\"},{\"@type\":\"Person\",\"@id\":\"https:\\\/\\\/gentedebasquet.com.ar\\\/sitio\\\/#\\\/schema\\\/person\\\/ca0b63bbb977369988a7bbbdc519943a\",\"name\":\"Gente de B\u00e1squet\",\"image\":{\"@type\":\"ImageObject\",\"inLanguage\":\"es\",\"@id\":\"https:\\\/\\\/secure.gravatar.com\\\/avatar\\\/7f2c48bdc33b30088f941fb6082e555f2874c98e20cb159d7b92b50eadfce793?s=96&d=mm&r=g\",\"url\":\"https:\\\/\\\/secure.gravatar.com\\\/avatar\\\/7f2c48bdc33b30088f941fb6082e555f2874c98e20cb159d7b92b50eadfce793?s=96&d=mm&r=g\",\"contentUrl\":\"https:\\\/\\\/secure.gravatar.com\\\/avatar\\\/7f2c48bdc33b30088f941fb6082e555f2874c98e20cb159d7b92b50eadfce793?s=96&d=mm&r=g\",\"caption\":\"Gente de B\u00e1squet\"},\"sameAs\":[\"http:\\\/\\\/gentedebasquet.com.ar\\\/sitio\"],\"url\":\"http:\\\/\\\/gentedebasquet.com.ar\\\/sitio\\\/author\\\/ulises\\\/\"}]}<\/script>\n<!-- \/ Yoast SEO plugin. -->","yoast_head_json":{"title":"Sportivo y otra m\u00e1s - Gente de B\u00e1squet","robots":{"index":"index","follow":"follow","max-snippet":"max-snippet:-1","max-image-preview":"max-image-preview:large","max-video-preview":"max-video-preview:-1"},"canonical":"https:\/\/gentedebasquet.com.ar\/sitio\/2022\/03\/08\/sportivo-y-otra-mas\/","og_locale":"es_ES","og_type":"article","og_title":"Sportivo y otra m\u00e1s - Gente de B\u00e1squet","og_description":"Nueva victoria de Sportivo, en La Caldera, venci\u00f3 a La Falda: 90 a 77.","og_url":"https:\/\/gentedebasquet.com.ar\/sitio\/2022\/03\/08\/sportivo-y-otra-mas\/","og_site_name":"Gente de B\u00e1squet","article_published_time":"2022-03-09T02:58:00+00:00","og_image":[{"width":690,"height":319,"url":"https:\/\/gentedebasquet.com.ar\/sitio\/wp-content\/uploads\/2022\/03\/690-1.jpg","type":"image\/jpeg"}],"author":"Gente de B\u00e1squet","twitter_card":"summary_large_image","twitter_misc":{"Escrito por":"Gente de B\u00e1squet","Tiempo de lectura":"3 minutos"},"schema":{"@context":"https:\/\/schema.org","@graph":[{"@type":"Article","@id":"https:\/\/gentedebasquet.com.ar\/sitio\/2022\/03\/08\/sportivo-y-otra-mas\/#article","isPartOf":{"@id":"https:\/\/gentedebasquet.com.ar\/sitio\/2022\/03\/08\/sportivo-y-otra-mas\/"},"author":{"name":"Gente de B\u00e1squet","@id":"https:\/\/gentedebasquet.com.ar\/sitio\/#\/schema\/person\/ca0b63bbb977369988a7bbbdc519943a"},"headline":"Sportivo y otra m\u00e1s","datePublished":"2022-03-09T02:58:00+00:00","mainEntityOfPage":{"@id":"https:\/\/gentedebasquet.com.ar\/sitio\/2022\/03\/08\/sportivo-y-otra-mas\/"},"wordCount":571,"image":{"@id":"https:\/\/gentedebasquet.com.ar\/sitio\/2022\/03\/08\/sportivo-y-otra-mas\/#primaryimage"},"thumbnailUrl":"http:\/\/gentedebasquet.com.ar\/sitio\/wp-content\/uploads\/2022\/03\/690-1.jpg","keywords":["Brian Bobb","Fausto De Paoli","La Falda","Sportivo Bahiense"],"articleSection":["Segunda","Slide"],"inLanguage":"es"},{"@type":"WebPage","@id":"https:\/\/gentedebasquet.com.ar\/sitio\/2022\/03\/08\/sportivo-y-otra-mas\/","url":"https:\/\/gentedebasquet.com.ar\/sitio\/2022\/03\/08\/sportivo-y-otra-mas\/","name":"Sportivo y otra m\u00e1s - Gente de B\u00e1squet","isPartOf":{"@id":"https:\/\/gentedebasquet.com.ar\/sitio\/#website"},"primaryImageOfPage":{"@id":"https:\/\/gentedebasquet.com.ar\/sitio\/2022\/03\/08\/sportivo-y-otra-mas\/#primaryimage"},"image":{"@id":"https:\/\/gentedebasquet.com.ar\/sitio\/2022\/03\/08\/sportivo-y-otra-mas\/#primaryimage"},"thumbnailUrl":"http:\/\/gentedebasquet.com.ar\/sitio\/wp-content\/uploads\/2022\/03\/690-1.jpg","datePublished":"2022-03-09T02:58:00+00:00","author":{"@id":"https:\/\/gentedebasquet.com.ar\/sitio\/#\/schema\/person\/ca0b63bbb977369988a7bbbdc519943a"},"breadcrumb":{"@id":"https:\/\/gentedebasquet.com.ar\/sitio\/2022\/03\/08\/sportivo-y-otra-mas\/#breadcrumb"},"inLanguage":"es","potentialAction":[{"@type":"ReadAction","target":["https:\/\/gentedebasquet.com.ar\/sitio\/2022\/03\/08\/sportivo-y-otra-mas\/"]}]},{"@type":"ImageObject","inLanguage":"es","@id":"https:\/\/gentedebasquet.com.ar\/sitio\/2022\/03\/08\/sportivo-y-otra-mas\/#primaryimage","url":"http:\/\/gentedebasquet.com.ar\/sitio\/wp-content\/uploads\/2022\/03\/690-1.jpg","contentUrl":"http:\/\/gentedebasquet.com.ar\/sitio\/wp-content\/uploads\/2022\/03\/690-1.jpg","width":690,"height":319},{"@type":"BreadcrumbList","@id":"https:\/\/gentedebasquet.com.ar\/sitio\/2022\/03\/08\/sportivo-y-otra-mas\/#breadcrumb","itemListElement":[{"@type":"ListItem","position":1,"name":"Portada","item":"https:\/\/gentedebasquet.com.ar\/sitio\/"},{"@type":"ListItem","position":2,"name":"Sportivo y otra m\u00e1s"}]},{"@type":"WebSite","@id":"https:\/\/gentedebasquet.com.ar\/sitio\/#website","url":"https:\/\/gentedebasquet.com.ar\/sitio\/","name":"Gente de B\u00e1squet","description":"La revista del basquet de Bah\u00eda Blanca","potentialAction":[{"@type":"SearchAction","target":{"@type":"EntryPoint","urlTemplate":"https:\/\/gentedebasquet.com.ar\/sitio\/?s={search_term_string}"},"query-input":{"@type":"PropertyValueSpecification","valueRequired":true,"valueName":"search_term_string"}}],"inLanguage":"es"},{"@type":"Person","@id":"https:\/\/gentedebasquet.com.ar\/sitio\/#\/schema\/person\/ca0b63bbb977369988a7bbbdc519943a","name":"Gente de B\u00e1squet","image":{"@type":"ImageObject","inLanguage":"es","@id":"https:\/\/secure.gravatar.com\/avatar\/7f2c48bdc33b30088f941fb6082e555f2874c98e20cb159d7b92b50eadfce793?s=96&d=mm&r=g","url":"https:\/\/secure.gravatar.com\/avatar\/7f2c48bdc33b30088f941fb6082e555f2874c98e20cb159d7b92b50eadfce793?s=96&d=mm&r=g","contentUrl":"https:\/\/secure.gravatar.com\/avatar\/7f2c48bdc33b30088f941fb6082e555f2874c98e20cb159d7b92b50eadfce793?s=96&d=mm&r=g","caption":"Gente de B\u00e1squet"},"sameAs":["http:\/\/gentedebasquet.com.ar\/sitio"],"url":"http:\/\/gentedebasquet.com.ar\/sitio\/author\/ulises\/"}]}},"_links":{"self":[{"href":"http:\/\/gentedebasquet.com.ar\/sitio\/wp-json\/wp\/v2\/posts\/102074","targetHints":{"allow":["GET"]}}],"collection":[{"href":"http:\/\/gentedebasquet.com.ar\/sitio\/wp-json\/wp\/v2\/posts"}],"about":[{"href":"http:\/\/gentedebasquet.com.ar\/sitio\/wp-json\/wp\/v2\/types\/post"}],"author":[{"embeddable":true,"href":"http:\/\/gentedebasquet.com.ar\/sitio\/wp-json\/wp\/v2\/users\/1"}],"replies":[{"embeddable":true,"href":"http:\/\/gentedebasquet.com.ar\/sitio\/wp-json\/wp\/v2\/comments?post=102074"}],"version-history":[{"count":0,"href":"http:\/\/gentedebasquet.com.ar\/sitio\/wp-json\/wp\/v2\/posts\/102074\/revisions"}],"wp:featuredmedia":[{"embeddable":true,"href":"http:\/\/gentedebasquet.com.ar\/sitio\/wp-json\/wp\/v2\/media\/102086"}],"wp:attachment":[{"href":"http:\/\/gentedebasquet.com.ar\/sitio\/wp-json\/wp\/v2\/media?parent=102074"}],"wp:term":[{"taxonomy":"category","embeddable":true,"href":"http:\/\/gentedebasquet.com.ar\/sitio\/wp-json\/wp\/v2\/categories?post=102074"},{"taxonomy":"post_tag","embeddable":true,"href":"http:\/\/gentedebasquet.com.ar\/sitio\/wp-json\/wp\/v2\/tags?post=102074"}],"curies":[{"name":"wp","href":"https:\/\/api.w.org\/{rel}","templated":true}]}}