{"id":102501,"date":"2022-04-09T00:55:04","date_gmt":"2022-04-09T03:55:04","guid":{"rendered":"http:\/\/www.gentedebasquet.com.ar\/?p=102501"},"modified":"2022-04-09T00:55:04","modified_gmt":"2022-04-09T03:55:04","slug":"sportivo-se-retiro-triunfante-del-hogar-celeste","status":"publish","type":"post","link":"http:\/\/gentedebasquet.com.ar\/sitio\/2022\/04\/09\/sportivo-se-retiro-triunfante-del-hogar-celeste\/","title":{"rendered":"Sportivo se retir\u00f3 triunfante del hogar celeste"},"content":{"rendered":"\n<p><strong>En el Delfo y Pac\u00edfico Ciccioli el equipo conducido desde el banco por Miguel Loffredo obtuvo ante El Nacional su segunda victoria de la serie de cuartos de final. El ganador termin\u00f3 con cuatro jugadores que metieron 10 puntos o m\u00e1s<\/strong>. <strong>Joel Asnaghi fue el m\u00e1s efectivo de este grupo y finaliz\u00f3 con 19 puntos, 4 asistencias y 3 robos. Por el lado de El Nacional sobresali\u00f3 otra vez Genaro Pisani, que aport\u00f3 tambien 19 unidades m\u00e1s 8 rebotes y 2 asistencias.<\/strong> <\/p>\n\n\n\n<p><strong>El Nacional logr\u00f3 la primera ventaja en la jornada gracias a su ataque paciente y preciso y la dura defensa ejercida sobre cada tiro del rival. Sportivo arranc\u00f3 con dudas. Se mantuvo abajo en el marcador hasta los seis minutos de juego.<\/strong> <strong>A partir de ese momento, con un pasaje de diez puntos contra cero de su oponente, empez\u00f3 a controlar el duelo. Perd\u00eda 11 a 8 y dos minutos despu\u00e9s ganaba 18 a 11. Los triples fueron su arma m\u00e1s da\u00f1ina, anot\u00f3 4 en el primer cuarto. Dulsan, Pisani y Fris\u00f3n se repartieron los 16 tantos de El Nacional en ese segmento.     <\/strong><\/p>\n\n\n\n<p><strong>Sportivo impuso su ritmo una vez m\u00e1s<\/strong> <strong>desde el comienzo del segundo cuarto y en tres minutos elev\u00f3 la diferencia a catorce puntos (30 a 16). Al mismo tiempo El Nacional se dej\u00f3 llevar por la ansiedad, equivoc\u00f3 los caminos y ejecut\u00f3 tiros desviados. El desarrollo general del partido en este punto fue muy din\u00e1mico, los dos equipos intercambiaron avances y contraataques casi sin pausas.   <\/strong><\/p>\n\n\n\n<p><strong>La defensa incansable y las definiciones en la pintura fueron los factores que renovaron la vida de El Nacional en algunos instantes del tercer cuarto. Aunque tard\u00f3 un poco m\u00e1s, Sportivo tambien aprovech\u00f3 diversas oportunidades cerca del cesto. Los locales perdieron el orden de forma notable en la parte decisiva del per\u00edodo, sumaron p\u00e9rdidas de pelota sin poder intentar lanzamientos y le dejaron el camino libre a su adversario para que \u00e9ste recupere el protagonismo.  <\/strong><\/p>\n\n\n\n<p><strong>El Nacional volvi\u00f3 al parquet para afrontar los \u00faltimos diez minutos de esta historia con la dif\u00edcil tarea de reducir la desventaja de 20 puntos que estaba sufriendo. Una parte de esta brecha se redujo cuando el anfitri\u00f3n pudo pasarse la naranja y culmin\u00f3 los avances con lanzamientos a pie firme. Pero volvi\u00f3 a crecer cuando Sportivo encontr\u00f3 mal parada a la defensa y agreg\u00f3 puntos a su cosecha en posesiones cortas. De esta forma termin\u00f3 de moldearse este nuevo \u00e9xito del conjunto de la calle Alvarado, que ahora debe obtener un solo partido m\u00e1s de la serie si quiere pasar a la pr\u00f3xima ronda.<\/strong><\/p>\n\n\n\n<figure class=\"wp-block-image\"><img decoding=\"async\" src=\"http:\/\/www.gentedebasquet.com.ar\/wp-content\/uploads\/2022\/03\/Gif-Publicidades-1.gif\" alt=\"La imagen tiene un atributo ALT vac\u00edo; su nombre de archivo es Gif-Publicidades-1.gif\"\/><\/figure>\n\n\n\n<figure class=\"wp-block-embed is-type-video is-provider-youtube wp-block-embed-youtube wp-embed-aspect-16-9 wp-has-aspect-ratio\"><div class=\"wp-block-embed__wrapper\">\nhttps:\/\/youtu.be\/DDp7Rz3Bo0A\n<\/div><\/figure>\n\n\n\n<p><\/p>\n\n\n\n<figure class=\"wp-block-image size-full\"><a href=\"http:\/\/www.gentedebasquet.com.ar\/wp-content\/uploads\/2022\/04\/AsnaghiMVP.png\"><img decoding=\"async\" width=\"640\" height=\"480\" src=\"http:\/\/www.gentedebasquet.com.ar\/wp-content\/uploads\/2022\/04\/AsnaghiMVP.png\" alt=\"\" class=\"wp-image-102507\" srcset=\"http:\/\/gentedebasquet.com.ar\/sitio\/wp-content\/uploads\/2022\/04\/AsnaghiMVP.png 640w, http:\/\/gentedebasquet.com.ar\/sitio\/wp-content\/uploads\/2022\/04\/AsnaghiMVP-300x225.png 300w\" sizes=\"(max-width: 640px) 100vw, 640px\" \/><\/a><\/figure>\n\n\n\n<p><\/p>\n\n\n\n<figure class=\"wp-block-image\"><img decoding=\"async\" src=\"http:\/\/www.gentedebasquet.com.ar\/wp-content\/uploads\/2022\/03\/Gif-Publicidades-2.gif\" alt=\"La imagen tiene un atributo ALT vac\u00edo; su nombre de archivo es Gif-Publicidades-2.gif\"\/><\/figure>\n\n\n\n<p><strong>S\u00edntesis \u2013 Segunda Divisi\u00f3n \u2013 Cuartos de final &#8211; Juego #2 (+5)<\/strong><\/p>\n\n\n\n<p><strong>El Nacional (61):<\/strong> F. Guidi 5; N. Dulsan 7; M. Blanche 6; I. Fris\u00f3n 11; G. Pisani 19 <strong>(F.I.)<\/strong> M. Echarri 6; L. Blazquez; S. Hamze 4; A. Arias 3; M. Sartuqui. <strong>DT: <\/strong>Juan Andr\u00e9s Garc\u00eda.<\/p>\n\n\n\n<p><strong>Sportivo Bahiense (87): <\/strong>F. De Paoli 11; F. Sastre 6; J. Asnaghi 19; E. Miguel 4; C. Miguel 14 <strong>(F.I.) <\/strong>M. Garc\u00eda 10; M. Ayala 9; J. Tuero; J. Gutt 9; G. Banchero 3; F. Galassi 2; G. Plunkett. <strong>DT: <\/strong>Miguel Loffredo. <\/p>\n\n\n\n<p><strong>Parciales<\/strong>:&nbsp;16-23; 24-39 (8-16); 48-68 (24-29); 61-87 (13-19).<\/p>\n\n\n\n<p><strong>\u00c1rbitros<\/strong>: Alejandro Ramallo &#8211; Juan Jaramillo &#8211; Ludmila Munz.<\/p>\n\n\n\n<p><strong>Estadio<\/strong>: Delfo y Pac\u00edfico Ciccioli (El Nacional).<\/p>\n\n\n\n<p><a href=\"https:\/\/fibalivestats.dcd.shared.geniussports.com\/u\/ABB\/2082372\/bs.html\" target=\"_blank\" rel=\"noreferrer noopener\">VER PLANILLA<\/a><\/p>\n\n\n\n<figure class=\"wp-block-image\"><img decoding=\"async\" src=\"http:\/\/www.gentedebasquet.com.ar\/wp-content\/uploads\/2022\/03\/Gif-Publicidades-3.gif\" alt=\"La imagen tiene un atributo ALT vac\u00edo; su nombre de archivo es Gif-Publicidades-3.gif\"\/><\/figure>\n\n\n\n<p><\/p>\n\n\n\n<figure class=\"wp-block-image size-full\"><a href=\"http:\/\/www.gentedebasquet.com.ar\/wp-content\/uploads\/2022\/04\/SportiClave1.png\"><img decoding=\"async\" width=\"640\" height=\"480\" src=\"http:\/\/www.gentedebasquet.com.ar\/wp-content\/uploads\/2022\/04\/SportiClave1.png\" alt=\"\" class=\"wp-image-102514\" srcset=\"http:\/\/gentedebasquet.com.ar\/sitio\/wp-content\/uploads\/2022\/04\/SportiClave1.png 640w, http:\/\/gentedebasquet.com.ar\/sitio\/wp-content\/uploads\/2022\/04\/SportiClave1-300x225.png 300w\" sizes=\"(max-width: 640px) 100vw, 640px\" \/><\/a><\/figure>\n\n\n\n<figure class=\"wp-block-image\"><img decoding=\"async\" src=\"http:\/\/www.gentedebasquet.com.ar\/wp-content\/uploads\/2022\/04\/Gif-Publicidades-4.gif\" alt=\"\"\/><\/figure>\n\n\n\n<figure class=\"wp-block-image size-full\"><a href=\"http:\/\/www.gentedebasquet.com.ar\/wp-content\/uploads\/2022\/04\/20220408_210411.jpg\"><img decoding=\"async\" width=\"640\" height=\"480\" src=\"http:\/\/www.gentedebasquet.com.ar\/wp-content\/uploads\/2022\/04\/20220408_210411.jpg\" alt=\"\" class=\"wp-image-102516\" srcset=\"http:\/\/gentedebasquet.com.ar\/sitio\/wp-content\/uploads\/2022\/04\/20220408_210411.jpg 640w, http:\/\/gentedebasquet.com.ar\/sitio\/wp-content\/uploads\/2022\/04\/20220408_210411-300x225.jpg 300w\" sizes=\"(max-width: 640px) 100vw, 640px\" \/><\/a><\/figure>\n\n\n\n<p><\/p>\n","protected":false},"excerpt":{"rendered":"<p>En el Delfo y Pac\u00edfico Ciccioli el equipo conducido desde el banco por Miguel Loffredo obtuvo ante El Nacional su segunda victoria de la serie de cuartos de final. El ganador termin\u00f3 con cuatro jugadores que metieron 10 puntos o m\u00e1s. Joel Asnaghi fue el m\u00e1s efectivo de este grupo y finaliz\u00f3 con 19 puntos, [&hellip;]<\/p>\n","protected":false},"author":1,"featured_media":102515,"comment_status":"closed","ping_status":"open","sticky":false,"template":"","format":"standard","meta":{"jnews-multi-image_gallery":[],"jnews_single_post":[],"jnews_primary_category":[],"footnotes":""},"categories":[25,101],"tags":[9,20,266],"class_list":["post-102501","post","type-post","status-publish","format-standard","has-post-thumbnail","hentry","category-segunda","category-slide","tag-el-nacional","tag-sportivo-bahiense","tag-yoel-asnaghi"],"yoast_head":"<!-- This site is optimized with the Yoast SEO plugin v27.5 - https:\/\/yoast.com\/product\/yoast-seo-wordpress\/ -->\n<title>Sportivo se retir\u00f3 triunfante del hogar celeste - Gente de B\u00e1squet<\/title>\n<meta name=\"robots\" content=\"index, follow, max-snippet:-1, max-image-preview:large, max-video-preview:-1\" \/>\n<link rel=\"canonical\" href=\"http:\/\/gentedebasquet.com.ar\/sitio\/2022\/04\/09\/sportivo-se-retiro-triunfante-del-hogar-celeste\/\" \/>\n<meta property=\"og:locale\" content=\"es_ES\" \/>\n<meta property=\"og:type\" content=\"article\" \/>\n<meta property=\"og:title\" content=\"Sportivo se retir\u00f3 triunfante del hogar celeste - Gente de B\u00e1squet\" \/>\n<meta property=\"og:description\" content=\"En el Delfo y Pac\u00edfico Ciccioli el equipo conducido desde el banco por Miguel Loffredo obtuvo ante El Nacional su segunda victoria de la serie de cuartos de final. El ganador termin\u00f3 con cuatro jugadores que metieron 10 puntos o m\u00e1s. Joel Asnaghi fue el m\u00e1s efectivo de este grupo y finaliz\u00f3 con 19 puntos, [&hellip;]\" \/>\n<meta property=\"og:url\" content=\"http:\/\/gentedebasquet.com.ar\/sitio\/2022\/04\/09\/sportivo-se-retiro-triunfante-del-hogar-celeste\/\" \/>\n<meta property=\"og:site_name\" content=\"Gente de B\u00e1squet\" \/>\n<meta property=\"article:published_time\" content=\"2022-04-09T03:55:04+00:00\" \/>\n<meta property=\"og:image\" content=\"http:\/\/gentedebasquet.com.ar\/sitio\/wp-content\/uploads\/2022\/04\/20220408_220325.jpg\" \/>\n\t<meta property=\"og:image:width\" content=\"690\" \/>\n\t<meta property=\"og:image:height\" content=\"319\" \/>\n\t<meta property=\"og:image:type\" content=\"image\/jpeg\" \/>\n<meta name=\"author\" content=\"Gente de B\u00e1squet\" \/>\n<meta name=\"twitter:card\" content=\"summary_large_image\" \/>\n<meta name=\"twitter:label1\" content=\"Escrito por\" \/>\n\t<meta name=\"twitter:data1\" content=\"Gente de B\u00e1squet\" \/>\n\t<meta name=\"twitter:label2\" content=\"Tiempo de lectura\" \/>\n\t<meta name=\"twitter:data2\" content=\"3 minutos\" \/>\n<script type=\"application\/ld+json\" class=\"yoast-schema-graph\">{\"@context\":\"https:\\\/\\\/schema.org\",\"@graph\":[{\"@type\":\"Article\",\"@id\":\"http:\\\/\\\/gentedebasquet.com.ar\\\/sitio\\\/2022\\\/04\\\/09\\\/sportivo-se-retiro-triunfante-del-hogar-celeste\\\/#article\",\"isPartOf\":{\"@id\":\"http:\\\/\\\/gentedebasquet.com.ar\\\/sitio\\\/2022\\\/04\\\/09\\\/sportivo-se-retiro-triunfante-del-hogar-celeste\\\/\"},\"author\":{\"name\":\"Gente de B\u00e1squet\",\"@id\":\"https:\\\/\\\/gentedebasquet.com.ar\\\/sitio\\\/#\\\/schema\\\/person\\\/ca0b63bbb977369988a7bbbdc519943a\"},\"headline\":\"Sportivo se retir\u00f3 triunfante del hogar celeste\",\"datePublished\":\"2022-04-09T03:55:04+00:00\",\"mainEntityOfPage\":{\"@id\":\"http:\\\/\\\/gentedebasquet.com.ar\\\/sitio\\\/2022\\\/04\\\/09\\\/sportivo-se-retiro-triunfante-del-hogar-celeste\\\/\"},\"wordCount\":548,\"image\":{\"@id\":\"http:\\\/\\\/gentedebasquet.com.ar\\\/sitio\\\/2022\\\/04\\\/09\\\/sportivo-se-retiro-triunfante-del-hogar-celeste\\\/#primaryimage\"},\"thumbnailUrl\":\"http:\\\/\\\/gentedebasquet.com.ar\\\/sitio\\\/wp-content\\\/uploads\\\/2022\\\/04\\\/20220408_220325.jpg\",\"keywords\":[\"El Nacional\",\"Sportivo Bahiense\",\"Yoel Asnaghi\"],\"articleSection\":[\"Segunda\",\"Slide\"],\"inLanguage\":\"es\"},{\"@type\":\"WebPage\",\"@id\":\"http:\\\/\\\/gentedebasquet.com.ar\\\/sitio\\\/2022\\\/04\\\/09\\\/sportivo-se-retiro-triunfante-del-hogar-celeste\\\/\",\"url\":\"http:\\\/\\\/gentedebasquet.com.ar\\\/sitio\\\/2022\\\/04\\\/09\\\/sportivo-se-retiro-triunfante-del-hogar-celeste\\\/\",\"name\":\"Sportivo se retir\u00f3 triunfante del hogar celeste - Gente de B\u00e1squet\",\"isPartOf\":{\"@id\":\"https:\\\/\\\/gentedebasquet.com.ar\\\/sitio\\\/#website\"},\"primaryImageOfPage\":{\"@id\":\"http:\\\/\\\/gentedebasquet.com.ar\\\/sitio\\\/2022\\\/04\\\/09\\\/sportivo-se-retiro-triunfante-del-hogar-celeste\\\/#primaryimage\"},\"image\":{\"@id\":\"http:\\\/\\\/gentedebasquet.com.ar\\\/sitio\\\/2022\\\/04\\\/09\\\/sportivo-se-retiro-triunfante-del-hogar-celeste\\\/#primaryimage\"},\"thumbnailUrl\":\"http:\\\/\\\/gentedebasquet.com.ar\\\/sitio\\\/wp-content\\\/uploads\\\/2022\\\/04\\\/20220408_220325.jpg\",\"datePublished\":\"2022-04-09T03:55:04+00:00\",\"author\":{\"@id\":\"https:\\\/\\\/gentedebasquet.com.ar\\\/sitio\\\/#\\\/schema\\\/person\\\/ca0b63bbb977369988a7bbbdc519943a\"},\"breadcrumb\":{\"@id\":\"http:\\\/\\\/gentedebasquet.com.ar\\\/sitio\\\/2022\\\/04\\\/09\\\/sportivo-se-retiro-triunfante-del-hogar-celeste\\\/#breadcrumb\"},\"inLanguage\":\"es\",\"potentialAction\":[{\"@type\":\"ReadAction\",\"target\":[\"http:\\\/\\\/gentedebasquet.com.ar\\\/sitio\\\/2022\\\/04\\\/09\\\/sportivo-se-retiro-triunfante-del-hogar-celeste\\\/\"]}]},{\"@type\":\"ImageObject\",\"inLanguage\":\"es\",\"@id\":\"http:\\\/\\\/gentedebasquet.com.ar\\\/sitio\\\/2022\\\/04\\\/09\\\/sportivo-se-retiro-triunfante-del-hogar-celeste\\\/#primaryimage\",\"url\":\"http:\\\/\\\/gentedebasquet.com.ar\\\/sitio\\\/wp-content\\\/uploads\\\/2022\\\/04\\\/20220408_220325.jpg\",\"contentUrl\":\"http:\\\/\\\/gentedebasquet.com.ar\\\/sitio\\\/wp-content\\\/uploads\\\/2022\\\/04\\\/20220408_220325.jpg\",\"width\":690,\"height\":319},{\"@type\":\"BreadcrumbList\",\"@id\":\"http:\\\/\\\/gentedebasquet.com.ar\\\/sitio\\\/2022\\\/04\\\/09\\\/sportivo-se-retiro-triunfante-del-hogar-celeste\\\/#breadcrumb\",\"itemListElement\":[{\"@type\":\"ListItem\",\"position\":1,\"name\":\"Portada\",\"item\":\"https:\\\/\\\/gentedebasquet.com.ar\\\/sitio\\\/\"},{\"@type\":\"ListItem\",\"position\":2,\"name\":\"Sportivo se retir\u00f3 triunfante del hogar celeste\"}]},{\"@type\":\"WebSite\",\"@id\":\"https:\\\/\\\/gentedebasquet.com.ar\\\/sitio\\\/#website\",\"url\":\"https:\\\/\\\/gentedebasquet.com.ar\\\/sitio\\\/\",\"name\":\"Gente de B\u00e1squet\",\"description\":\"La revista del basquet de Bah\u00eda Blanca\",\"potentialAction\":[{\"@type\":\"SearchAction\",\"target\":{\"@type\":\"EntryPoint\",\"urlTemplate\":\"https:\\\/\\\/gentedebasquet.com.ar\\\/sitio\\\/?s={search_term_string}\"},\"query-input\":{\"@type\":\"PropertyValueSpecification\",\"valueRequired\":true,\"valueName\":\"search_term_string\"}}],\"inLanguage\":\"es\"},{\"@type\":\"Person\",\"@id\":\"https:\\\/\\\/gentedebasquet.com.ar\\\/sitio\\\/#\\\/schema\\\/person\\\/ca0b63bbb977369988a7bbbdc519943a\",\"name\":\"Gente de B\u00e1squet\",\"image\":{\"@type\":\"ImageObject\",\"inLanguage\":\"es\",\"@id\":\"https:\\\/\\\/secure.gravatar.com\\\/avatar\\\/7f2c48bdc33b30088f941fb6082e555f2874c98e20cb159d7b92b50eadfce793?s=96&d=mm&r=g\",\"url\":\"https:\\\/\\\/secure.gravatar.com\\\/avatar\\\/7f2c48bdc33b30088f941fb6082e555f2874c98e20cb159d7b92b50eadfce793?s=96&d=mm&r=g\",\"contentUrl\":\"https:\\\/\\\/secure.gravatar.com\\\/avatar\\\/7f2c48bdc33b30088f941fb6082e555f2874c98e20cb159d7b92b50eadfce793?s=96&d=mm&r=g\",\"caption\":\"Gente de B\u00e1squet\"},\"sameAs\":[\"http:\\\/\\\/gentedebasquet.com.ar\\\/sitio\"],\"url\":\"http:\\\/\\\/gentedebasquet.com.ar\\\/sitio\\\/author\\\/ulises\\\/\"}]}<\/script>\n<!-- \/ Yoast SEO plugin. -->","yoast_head_json":{"title":"Sportivo se retir\u00f3 triunfante del hogar celeste - Gente de B\u00e1squet","robots":{"index":"index","follow":"follow","max-snippet":"max-snippet:-1","max-image-preview":"max-image-preview:large","max-video-preview":"max-video-preview:-1"},"canonical":"http:\/\/gentedebasquet.com.ar\/sitio\/2022\/04\/09\/sportivo-se-retiro-triunfante-del-hogar-celeste\/","og_locale":"es_ES","og_type":"article","og_title":"Sportivo se retir\u00f3 triunfante del hogar celeste - Gente de B\u00e1squet","og_description":"En el Delfo y Pac\u00edfico Ciccioli el equipo conducido desde el banco por Miguel Loffredo obtuvo ante El Nacional su segunda victoria de la serie de cuartos de final. El ganador termin\u00f3 con cuatro jugadores que metieron 10 puntos o m\u00e1s. Joel Asnaghi fue el m\u00e1s efectivo de este grupo y finaliz\u00f3 con 19 puntos, [&hellip;]","og_url":"http:\/\/gentedebasquet.com.ar\/sitio\/2022\/04\/09\/sportivo-se-retiro-triunfante-del-hogar-celeste\/","og_site_name":"Gente de B\u00e1squet","article_published_time":"2022-04-09T03:55:04+00:00","og_image":[{"width":690,"height":319,"url":"http:\/\/gentedebasquet.com.ar\/sitio\/wp-content\/uploads\/2022\/04\/20220408_220325.jpg","type":"image\/jpeg"}],"author":"Gente de B\u00e1squet","twitter_card":"summary_large_image","twitter_misc":{"Escrito por":"Gente de B\u00e1squet","Tiempo de lectura":"3 minutos"},"schema":{"@context":"https:\/\/schema.org","@graph":[{"@type":"Article","@id":"http:\/\/gentedebasquet.com.ar\/sitio\/2022\/04\/09\/sportivo-se-retiro-triunfante-del-hogar-celeste\/#article","isPartOf":{"@id":"http:\/\/gentedebasquet.com.ar\/sitio\/2022\/04\/09\/sportivo-se-retiro-triunfante-del-hogar-celeste\/"},"author":{"name":"Gente de B\u00e1squet","@id":"https:\/\/gentedebasquet.com.ar\/sitio\/#\/schema\/person\/ca0b63bbb977369988a7bbbdc519943a"},"headline":"Sportivo se retir\u00f3 triunfante del hogar celeste","datePublished":"2022-04-09T03:55:04+00:00","mainEntityOfPage":{"@id":"http:\/\/gentedebasquet.com.ar\/sitio\/2022\/04\/09\/sportivo-se-retiro-triunfante-del-hogar-celeste\/"},"wordCount":548,"image":{"@id":"http:\/\/gentedebasquet.com.ar\/sitio\/2022\/04\/09\/sportivo-se-retiro-triunfante-del-hogar-celeste\/#primaryimage"},"thumbnailUrl":"http:\/\/gentedebasquet.com.ar\/sitio\/wp-content\/uploads\/2022\/04\/20220408_220325.jpg","keywords":["El Nacional","Sportivo Bahiense","Yoel Asnaghi"],"articleSection":["Segunda","Slide"],"inLanguage":"es"},{"@type":"WebPage","@id":"http:\/\/gentedebasquet.com.ar\/sitio\/2022\/04\/09\/sportivo-se-retiro-triunfante-del-hogar-celeste\/","url":"http:\/\/gentedebasquet.com.ar\/sitio\/2022\/04\/09\/sportivo-se-retiro-triunfante-del-hogar-celeste\/","name":"Sportivo se retir\u00f3 triunfante del hogar celeste - Gente de B\u00e1squet","isPartOf":{"@id":"https:\/\/gentedebasquet.com.ar\/sitio\/#website"},"primaryImageOfPage":{"@id":"http:\/\/gentedebasquet.com.ar\/sitio\/2022\/04\/09\/sportivo-se-retiro-triunfante-del-hogar-celeste\/#primaryimage"},"image":{"@id":"http:\/\/gentedebasquet.com.ar\/sitio\/2022\/04\/09\/sportivo-se-retiro-triunfante-del-hogar-celeste\/#primaryimage"},"thumbnailUrl":"http:\/\/gentedebasquet.com.ar\/sitio\/wp-content\/uploads\/2022\/04\/20220408_220325.jpg","datePublished":"2022-04-09T03:55:04+00:00","author":{"@id":"https:\/\/gentedebasquet.com.ar\/sitio\/#\/schema\/person\/ca0b63bbb977369988a7bbbdc519943a"},"breadcrumb":{"@id":"http:\/\/gentedebasquet.com.ar\/sitio\/2022\/04\/09\/sportivo-se-retiro-triunfante-del-hogar-celeste\/#breadcrumb"},"inLanguage":"es","potentialAction":[{"@type":"ReadAction","target":["http:\/\/gentedebasquet.com.ar\/sitio\/2022\/04\/09\/sportivo-se-retiro-triunfante-del-hogar-celeste\/"]}]},{"@type":"ImageObject","inLanguage":"es","@id":"http:\/\/gentedebasquet.com.ar\/sitio\/2022\/04\/09\/sportivo-se-retiro-triunfante-del-hogar-celeste\/#primaryimage","url":"http:\/\/gentedebasquet.com.ar\/sitio\/wp-content\/uploads\/2022\/04\/20220408_220325.jpg","contentUrl":"http:\/\/gentedebasquet.com.ar\/sitio\/wp-content\/uploads\/2022\/04\/20220408_220325.jpg","width":690,"height":319},{"@type":"BreadcrumbList","@id":"http:\/\/gentedebasquet.com.ar\/sitio\/2022\/04\/09\/sportivo-se-retiro-triunfante-del-hogar-celeste\/#breadcrumb","itemListElement":[{"@type":"ListItem","position":1,"name":"Portada","item":"https:\/\/gentedebasquet.com.ar\/sitio\/"},{"@type":"ListItem","position":2,"name":"Sportivo se retir\u00f3 triunfante del hogar celeste"}]},{"@type":"WebSite","@id":"https:\/\/gentedebasquet.com.ar\/sitio\/#website","url":"https:\/\/gentedebasquet.com.ar\/sitio\/","name":"Gente de B\u00e1squet","description":"La revista del basquet de Bah\u00eda Blanca","potentialAction":[{"@type":"SearchAction","target":{"@type":"EntryPoint","urlTemplate":"https:\/\/gentedebasquet.com.ar\/sitio\/?s={search_term_string}"},"query-input":{"@type":"PropertyValueSpecification","valueRequired":true,"valueName":"search_term_string"}}],"inLanguage":"es"},{"@type":"Person","@id":"https:\/\/gentedebasquet.com.ar\/sitio\/#\/schema\/person\/ca0b63bbb977369988a7bbbdc519943a","name":"Gente de B\u00e1squet","image":{"@type":"ImageObject","inLanguage":"es","@id":"https:\/\/secure.gravatar.com\/avatar\/7f2c48bdc33b30088f941fb6082e555f2874c98e20cb159d7b92b50eadfce793?s=96&d=mm&r=g","url":"https:\/\/secure.gravatar.com\/avatar\/7f2c48bdc33b30088f941fb6082e555f2874c98e20cb159d7b92b50eadfce793?s=96&d=mm&r=g","contentUrl":"https:\/\/secure.gravatar.com\/avatar\/7f2c48bdc33b30088f941fb6082e555f2874c98e20cb159d7b92b50eadfce793?s=96&d=mm&r=g","caption":"Gente de B\u00e1squet"},"sameAs":["http:\/\/gentedebasquet.com.ar\/sitio"],"url":"http:\/\/gentedebasquet.com.ar\/sitio\/author\/ulises\/"}]}},"_links":{"self":[{"href":"http:\/\/gentedebasquet.com.ar\/sitio\/wp-json\/wp\/v2\/posts\/102501","targetHints":{"allow":["GET"]}}],"collection":[{"href":"http:\/\/gentedebasquet.com.ar\/sitio\/wp-json\/wp\/v2\/posts"}],"about":[{"href":"http:\/\/gentedebasquet.com.ar\/sitio\/wp-json\/wp\/v2\/types\/post"}],"author":[{"embeddable":true,"href":"http:\/\/gentedebasquet.com.ar\/sitio\/wp-json\/wp\/v2\/users\/1"}],"replies":[{"embeddable":true,"href":"http:\/\/gentedebasquet.com.ar\/sitio\/wp-json\/wp\/v2\/comments?post=102501"}],"version-history":[{"count":0,"href":"http:\/\/gentedebasquet.com.ar\/sitio\/wp-json\/wp\/v2\/posts\/102501\/revisions"}],"wp:featuredmedia":[{"embeddable":true,"href":"http:\/\/gentedebasquet.com.ar\/sitio\/wp-json\/wp\/v2\/media\/102515"}],"wp:attachment":[{"href":"http:\/\/gentedebasquet.com.ar\/sitio\/wp-json\/wp\/v2\/media?parent=102501"}],"wp:term":[{"taxonomy":"category","embeddable":true,"href":"http:\/\/gentedebasquet.com.ar\/sitio\/wp-json\/wp\/v2\/categories?post=102501"},{"taxonomy":"post_tag","embeddable":true,"href":"http:\/\/gentedebasquet.com.ar\/sitio\/wp-json\/wp\/v2\/tags?post=102501"}],"curies":[{"name":"wp","href":"https:\/\/api.w.org\/{rel}","templated":true}]}}