{"id":103560,"date":"2022-09-15T01:52:41","date_gmt":"2022-09-15T04:52:41","guid":{"rendered":"http:\/\/www.gentedebasquet.com.ar\/?p=103560"},"modified":"2022-09-15T01:52:41","modified_gmt":"2022-09-15T04:52:41","slug":"el-purre-camina-y-camina","status":"publish","type":"post","link":"http:\/\/gentedebasquet.com.ar\/sitio\/2022\/09\/15\/el-purre-camina-y-camina\/","title":{"rendered":"El Purre camina y camina"},"content":{"rendered":"\n<p><strong>Camina a paso firme. Sin dudar. Imponiendo condiciones de principio a fin. Pueyrred\u00f3n se sac\u00f3 de encima a un rival de fuste. Venci\u00f3 73-62 a Bahiense del Norte, en condici\u00f3n de visitante. De esta manera, el equipo que comanda Piccinini gan\u00f3 sus dos fechas.<\/strong><\/p>\n\n\n\n<p><strong>Luego de unos minutos imprecisos, de p\u00e9rdidas por parte de ambos, el visitante fue marcando tendencia. Lo gener\u00f3 corriendo la cancha, con la velocidad de sus jugadores. Bruni se puso el overol de asistidor (3) y Belleggia el traje de anotador (9). <\/strong><\/p>\n\n\n\n<p><strong>Por su parte, el tricolor de calle Salta no encontr\u00f3 el poder que le da Garc\u00eda en la pintura, producto del buen trabajo en defensa del Purre. 13-20 fue la brecha m\u00e1s amplia del cuarto, que luego con algunos arrebatos de La Bella, Bahiense achic\u00f3: 17-22.<\/strong><\/p>\n\n\n\n<p><strong>Voraz inicio de segundo segmento para Pueyrred\u00f3n. Plasm\u00f3 un contundente parcial de 11-0, en cuatro minutos de juego (17-22 \/ 17-33). Ya el ex Argentino Tom\u00e1s Bruni dej\u00f3 el rol de asistidor y se carg\u00f3 el de anotador (9). Por su parte, su compa\u00f1ero Segundo Vasconcelo le hizo la segunda: 8 pts (3\/3 t2).<\/strong><\/p>\n\n\n\n<p><strong>El local era un mar de dudas y errores (5 p\u00e9rdidas &#8211; 0\/4 t3 &#8211; 0\/1 t2 y 0\/4 t1). El tramo final fue muy entrecortado, de varios viajes a la l\u00ednea. All\u00ed, Jorge Garc\u00eda mejor\u00f3 la mira (5\/6) e hizo que su equipo se pueda ir con otra imagen de cara al segundo tiempo: 29-42.<\/strong><\/p>\n\n\n\n<p><strong>Quiz\u00e1s, el tercer periodo fue el m\u00e1s parejo, d\u00f3nde el local pudo demostrar su juego. Todo parti\u00f3 de la cabeza de Leo La Bella (3 asis &#8211; 7 pts). As\u00ed, el tricolor logr\u00f3 estar en partido de vuelta, sentirse suelto. Para colmo, los triples esta vez entraron (4\/7). Se puso 48-55. Eso fue suficiente para que Piccinini pare el desarrollo. <\/strong><\/p>\n\n\n\n<p><strong>Esa distancia de 7 unidades, lleg\u00f3 a ser de 6 (53-59), a falta de 7 minutos para que finalice el partido. Era momento para que el visitante reaccione, si no la noche se iba a transformar en una pesadilla. Y lo hizo. Luego, de tomarse un leve \u00a8descanso\u00a8, Pueyrred\u00f3n volvi\u00f3.<\/strong><\/p>\n\n\n\n<p><strong>El local fue perdiendo soldados por 5 faltas (Lamonega y Bonivardo) y se qued\u00f3 sin nafta en ataque: solo 9 pts en 7 minutos finales. En el visitante, fue clave un doble y luego, una bomba de Roberson, para que tome de vuelta una ventaja tranquilizadora y definitoria de +10 (55-66).<\/strong><\/p>\n\n\n\n<p><strong>Ya estaba todo liquidado. Rem\u00f3 Bahiense, pero no lleg\u00f3 a la orilla. Pueyrred\u00f3n domin\u00f3, jug\u00f3 mejor y se alz\u00f3 con una resonante victoria. <\/strong><\/p>\n\n\n\n<figure class=\"wp-block-image\"><img decoding=\"async\" src=\"http:\/\/www.gentedebasquet.com.ar\/wp-content\/uploads\/2022\/09\/Gif-Publicidades-1.gif\" alt=\"La imagen tiene un atributo ALT vac\u00edo; su nombre de archivo es Gif-Publicidades-1.gif\"\/><\/figure>\n\n\n\n<figure class=\"wp-block-embed is-type-rich is-provider-gestor-del-servicio wp-block-embed-gestor-del-servicio wp-embed-aspect-16-9 wp-has-aspect-ratio\"><div class=\"wp-block-embed__wrapper\">\nhttps:\/\/youtube.com\/watch?v=94KE_oxRNXA\n<\/div><\/figure>\n\n\n\n<figure class=\"wp-block-image\"><img decoding=\"async\" src=\"http:\/\/www.gentedebasquet.com.ar\/wp-content\/uploads\/2022\/09\/Gif-Publicidades-2.gif\" alt=\"La imagen tiene un atributo ALT vac\u00edo; su nombre de archivo es Gif-Publicidades-2.gif\"\/><\/figure>\n\n\n\n<figure class=\"wp-block-image size-large\"><a href=\"http:\/\/www.gentedebasquet.com.ar\/wp-content\/uploads\/2022\/09\/MVP-3.jpg\"><img decoding=\"async\" width=\"1024\" height=\"1024\" src=\"http:\/\/www.gentedebasquet.com.ar\/wp-content\/uploads\/2022\/09\/MVP-3-1024x1024.jpg\" alt=\"\" class=\"wp-image-103562\" srcset=\"http:\/\/gentedebasquet.com.ar\/sitio\/wp-content\/uploads\/2022\/09\/MVP-3-1024x1024.jpg 1024w, http:\/\/gentedebasquet.com.ar\/sitio\/wp-content\/uploads\/2022\/09\/MVP-3-300x300.jpg 300w, http:\/\/gentedebasquet.com.ar\/sitio\/wp-content\/uploads\/2022\/09\/MVP-3-150x150.jpg 150w, http:\/\/gentedebasquet.com.ar\/sitio\/wp-content\/uploads\/2022\/09\/MVP-3-768x768.jpg 768w, http:\/\/gentedebasquet.com.ar\/sitio\/wp-content\/uploads\/2022\/09\/MVP-3-1536x1536.jpg 1536w, http:\/\/gentedebasquet.com.ar\/sitio\/wp-content\/uploads\/2022\/09\/MVP-3.jpg 2000w\" sizes=\"(max-width: 1024px) 100vw, 1024px\" \/><\/a><\/figure>\n\n\n\n<figure class=\"wp-block-image size-full\"><a href=\"http:\/\/www.gentedebasquet.com.ar\/wp-content\/uploads\/2021\/11\/Segundo.jpg\"><img decoding=\"async\" width=\"680\" height=\"480\" src=\"http:\/\/www.gentedebasquet.com.ar\/wp-content\/uploads\/2021\/11\/Segundo.jpg\" alt=\"\" class=\"wp-image-101343\" srcset=\"http:\/\/gentedebasquet.com.ar\/sitio\/wp-content\/uploads\/2021\/11\/Segundo.jpg 680w, http:\/\/gentedebasquet.com.ar\/sitio\/wp-content\/uploads\/2021\/11\/Segundo-300x212.jpg 300w\" sizes=\"(max-width: 680px) 100vw, 680px\" \/><\/a><\/figure>\n\n\n\n<blockquote class=\"wp-block-quote is-layout-flow wp-block-quote-is-layout-flow\"><p>\u00a8Tremenda victoria conseguimos, siempre esta cancha cuesta un mont\u00f3n. Bahiense juega buenos partidos, tiene una defensa muy fuerte. Sab\u00edamos que ellos ten\u00edan dos puntos fuertes, que son Garc\u00eda y La Bella. Dentro de todo los pudimos controlar bien. Lo m\u00e1s importante era mantener la base, y adem\u00e1s, trajimos dos refuerzos de jerarqu\u00eda y experiencia, as\u00ed que estamos para pelearle a cualquiera. Es un golpe duro la lesi\u00f3n de Pepa (P\u00e9rez Pav\u00f3n), una baja muy importante que nos da muchos minutos, hay que seguir no queda otra\u00a8<strong> Segundo Vasconcelo, jugador de Pueyrred\u00f3n.<\/strong><\/p><\/blockquote>\n\n\n\n<figure class=\"wp-block-image\"><img decoding=\"async\" src=\"http:\/\/www.gentedebasquet.com.ar\/wp-content\/uploads\/2022\/09\/Gif-Publicidades-3.gif\" alt=\"La imagen tiene un atributo ALT vac\u00edo; su nombre de archivo es Gif-Publicidades-3.gif\"\/><\/figure>\n\n\n\n<p><strong>S\u00edntesis<\/strong> &#8211; Primera &#8211; Fecha #2<\/p>\n\n\n\n<p><strong>Bahiense del Norte 62:<\/strong> Leonardo La Bella 10, Luciano Polak 5, Sebasti\u00e1n Luengo 13, Jorge Garc\u00eda 16 y Marcos Fern\u00e1ndez 2 (FI); Augusto Lamonega 5 (x), Pedro Santiago 4, Alejo Blanco 2 y Tom\u00e1s Bonivardo 5 (x). DT: Alejandro Navallo.<\/p>\n\n\n\n<p><strong>Pueyrred\u00f3n 73:<\/strong> Segundo Vasconcelo 16, Tom\u00e1s Bruni 20, Lucas Marin 5, Jos\u00e9 Belleggia 15, Juan Pedro Hollender 4 (FI); Gregorio Gerhardt 0, Eddie Roberson 12 y David Pineda 1. DT: Fabricio Piccinini.<\/p>\n\n\n\n<p><strong>Parciales: <\/strong>17-22, 29-42 (12-20), 51-59 (22-17) y 62-73 (11-14).<\/p>\n\n\n\n<p><strong>\u00c1rbitros:<\/strong> Emanuel S\u00e1nchez, Marjorie Stuardo y Mariano Enrique.<\/p>\n\n\n\n<p><strong>Estadio: <\/strong>Manu Gin\u00f3bili (Bahiense).<\/p>\n\n\n\n<p><a href=\"https:\/\/fibalivestats.dcd.shared.geniussports.com\/u\/ABB\/2134204\/bs.html\">ESTAD\u00cdSTICAS OFICIALES<\/a><\/p>\n\n\n\n<figure class=\"wp-block-image\"><img decoding=\"async\" src=\"http:\/\/www.gentedebasquet.com.ar\/wp-content\/uploads\/2022\/09\/Gif-Publicidades-4.gif\" alt=\"La imagen tiene un atributo ALT vac\u00edo; su nombre de archivo es Gif-Publicidades-4.gif\"\/><\/figure>\n\n\n\n<figure class=\"wp-block-image size-large\"><a href=\"http:\/\/www.gentedebasquet.com.ar\/wp-content\/uploads\/2022\/09\/CLAVE-5.jpg\"><img decoding=\"async\" width=\"1024\" height=\"1024\" src=\"http:\/\/www.gentedebasquet.com.ar\/wp-content\/uploads\/2022\/09\/CLAVE-5-1024x1024.jpg\" alt=\"\" class=\"wp-image-103563\" srcset=\"http:\/\/gentedebasquet.com.ar\/sitio\/wp-content\/uploads\/2022\/09\/CLAVE-5-1024x1024.jpg 1024w, http:\/\/gentedebasquet.com.ar\/sitio\/wp-content\/uploads\/2022\/09\/CLAVE-5-300x300.jpg 300w, http:\/\/gentedebasquet.com.ar\/sitio\/wp-content\/uploads\/2022\/09\/CLAVE-5-150x150.jpg 150w, http:\/\/gentedebasquet.com.ar\/sitio\/wp-content\/uploads\/2022\/09\/CLAVE-5-768x768.jpg 768w, http:\/\/gentedebasquet.com.ar\/sitio\/wp-content\/uploads\/2022\/09\/CLAVE-5-1536x1536.jpg 1536w, http:\/\/gentedebasquet.com.ar\/sitio\/wp-content\/uploads\/2022\/09\/CLAVE-5.jpg 2000w\" sizes=\"(max-width: 1024px) 100vw, 1024px\" \/><\/a><\/figure>\n\n\n\n<figure class=\"wp-block-image\"><img decoding=\"async\" src=\"http:\/\/www.gentedebasquet.com.ar\/wp-content\/uploads\/2022\/09\/Gif-Publicidades-5.gif\" alt=\"La imagen tiene un atributo ALT vac\u00edo; su nombre de archivo es Gif-Publicidades-5.gif\"\/><\/figure>\n\n\n\n<figure class=\"wp-block-image size-full\"><a href=\"http:\/\/www.gentedebasquet.com.ar\/wp-content\/uploads\/2022\/09\/DESARROLLO-2.jpg\"><img decoding=\"async\" width=\"680\" height=\"480\" src=\"http:\/\/www.gentedebasquet.com.ar\/wp-content\/uploads\/2022\/09\/DESARROLLO-2.jpg\" alt=\"\" class=\"wp-image-103564\" srcset=\"http:\/\/gentedebasquet.com.ar\/sitio\/wp-content\/uploads\/2022\/09\/DESARROLLO-2.jpg 680w, http:\/\/gentedebasquet.com.ar\/sitio\/wp-content\/uploads\/2022\/09\/DESARROLLO-2-300x212.jpg 300w\" sizes=\"(max-width: 680px) 100vw, 680px\" \/><\/a><\/figure>\n","protected":false},"excerpt":{"rendered":"<p>Partidazo del Purre para festejar ante Bahiense, por 73 a 62.<\/p>\n","protected":false},"author":1,"featured_media":103565,"comment_status":"closed","ping_status":"open","sticky":false,"template":"","format":"standard","meta":{"jnews-multi-image_gallery":[],"jnews_single_post":[],"jnews_primary_category":[],"footnotes":""},"categories":[23,101],"tags":[5,89,38,18,1273,486],"class_list":["post-103560","post","type-post","status-publish","format-standard","has-post-thumbnail","hentry","category-primera","category-slide","tag-bahiense-del-norte","tag-jorge-garcia","tag-leonardo-la-bella","tag-pueyrredon","tag-segundo-vasconcelo","tag-tomas-bruni"],"yoast_head":"<!-- This site is optimized with the Yoast SEO plugin v27.5 - https:\/\/yoast.com\/product\/yoast-seo-wordpress\/ -->\n<title>El Purre camina y camina - Gente de B\u00e1squet<\/title>\n<meta name=\"robots\" content=\"index, follow, max-snippet:-1, max-image-preview:large, max-video-preview:-1\" \/>\n<link rel=\"canonical\" href=\"http:\/\/gentedebasquet.com.ar\/sitio\/2022\/09\/15\/el-purre-camina-y-camina\/\" \/>\n<meta property=\"og:locale\" content=\"es_ES\" \/>\n<meta property=\"og:type\" content=\"article\" \/>\n<meta property=\"og:title\" content=\"El Purre camina y camina - Gente de B\u00e1squet\" \/>\n<meta property=\"og:description\" content=\"Partidazo del Purre para festejar ante Bahiense, por 73 a 62.\" \/>\n<meta property=\"og:url\" content=\"http:\/\/gentedebasquet.com.ar\/sitio\/2022\/09\/15\/el-purre-camina-y-camina\/\" \/>\n<meta property=\"og:site_name\" content=\"Gente de B\u00e1squet\" \/>\n<meta property=\"article:published_time\" content=\"2022-09-15T04:52:41+00:00\" \/>\n<meta property=\"og:image\" content=\"http:\/\/gentedebasquet.com.ar\/sitio\/wp-content\/uploads\/2022\/09\/DESTACADA-3.jpg\" \/>\n\t<meta property=\"og:image:width\" content=\"690\" \/>\n\t<meta property=\"og:image:height\" content=\"319\" \/>\n\t<meta property=\"og:image:type\" content=\"image\/jpeg\" \/>\n<meta name=\"author\" content=\"Gente de B\u00e1squet\" \/>\n<meta name=\"twitter:card\" content=\"summary_large_image\" \/>\n<meta name=\"twitter:label1\" content=\"Escrito por\" \/>\n\t<meta name=\"twitter:data1\" content=\"Gente de B\u00e1squet\" \/>\n\t<meta name=\"twitter:label2\" content=\"Tiempo de lectura\" \/>\n\t<meta name=\"twitter:data2\" content=\"3 minutos\" \/>\n<script type=\"application\/ld+json\" class=\"yoast-schema-graph\">{\"@context\":\"https:\\\/\\\/schema.org\",\"@graph\":[{\"@type\":\"Article\",\"@id\":\"http:\\\/\\\/gentedebasquet.com.ar\\\/sitio\\\/2022\\\/09\\\/15\\\/el-purre-camina-y-camina\\\/#article\",\"isPartOf\":{\"@id\":\"http:\\\/\\\/gentedebasquet.com.ar\\\/sitio\\\/2022\\\/09\\\/15\\\/el-purre-camina-y-camina\\\/\"},\"author\":{\"name\":\"Gente de B\u00e1squet\",\"@id\":\"https:\\\/\\\/gentedebasquet.com.ar\\\/sitio\\\/#\\\/schema\\\/person\\\/ca0b63bbb977369988a7bbbdc519943a\"},\"headline\":\"El Purre camina y camina\",\"datePublished\":\"2022-09-15T04:52:41+00:00\",\"mainEntityOfPage\":{\"@id\":\"http:\\\/\\\/gentedebasquet.com.ar\\\/sitio\\\/2022\\\/09\\\/15\\\/el-purre-camina-y-camina\\\/\"},\"wordCount\":626,\"image\":{\"@id\":\"http:\\\/\\\/gentedebasquet.com.ar\\\/sitio\\\/2022\\\/09\\\/15\\\/el-purre-camina-y-camina\\\/#primaryimage\"},\"thumbnailUrl\":\"http:\\\/\\\/gentedebasquet.com.ar\\\/sitio\\\/wp-content\\\/uploads\\\/2022\\\/09\\\/DESTACADA-3.jpg\",\"keywords\":[\"Bahiense Del Norte\",\"Jorge Garc\u00eda\",\"Leonardo La Bella\",\"Pueyrredon\",\"Segundo Vasconcelo\",\"Tomas Bruni\"],\"articleSection\":[\"Primera\",\"Slide\"],\"inLanguage\":\"es\"},{\"@type\":\"WebPage\",\"@id\":\"http:\\\/\\\/gentedebasquet.com.ar\\\/sitio\\\/2022\\\/09\\\/15\\\/el-purre-camina-y-camina\\\/\",\"url\":\"http:\\\/\\\/gentedebasquet.com.ar\\\/sitio\\\/2022\\\/09\\\/15\\\/el-purre-camina-y-camina\\\/\",\"name\":\"El Purre camina y camina - Gente de B\u00e1squet\",\"isPartOf\":{\"@id\":\"https:\\\/\\\/gentedebasquet.com.ar\\\/sitio\\\/#website\"},\"primaryImageOfPage\":{\"@id\":\"http:\\\/\\\/gentedebasquet.com.ar\\\/sitio\\\/2022\\\/09\\\/15\\\/el-purre-camina-y-camina\\\/#primaryimage\"},\"image\":{\"@id\":\"http:\\\/\\\/gentedebasquet.com.ar\\\/sitio\\\/2022\\\/09\\\/15\\\/el-purre-camina-y-camina\\\/#primaryimage\"},\"thumbnailUrl\":\"http:\\\/\\\/gentedebasquet.com.ar\\\/sitio\\\/wp-content\\\/uploads\\\/2022\\\/09\\\/DESTACADA-3.jpg\",\"datePublished\":\"2022-09-15T04:52:41+00:00\",\"author\":{\"@id\":\"https:\\\/\\\/gentedebasquet.com.ar\\\/sitio\\\/#\\\/schema\\\/person\\\/ca0b63bbb977369988a7bbbdc519943a\"},\"breadcrumb\":{\"@id\":\"http:\\\/\\\/gentedebasquet.com.ar\\\/sitio\\\/2022\\\/09\\\/15\\\/el-purre-camina-y-camina\\\/#breadcrumb\"},\"inLanguage\":\"es\",\"potentialAction\":[{\"@type\":\"ReadAction\",\"target\":[\"http:\\\/\\\/gentedebasquet.com.ar\\\/sitio\\\/2022\\\/09\\\/15\\\/el-purre-camina-y-camina\\\/\"]}]},{\"@type\":\"ImageObject\",\"inLanguage\":\"es\",\"@id\":\"http:\\\/\\\/gentedebasquet.com.ar\\\/sitio\\\/2022\\\/09\\\/15\\\/el-purre-camina-y-camina\\\/#primaryimage\",\"url\":\"http:\\\/\\\/gentedebasquet.com.ar\\\/sitio\\\/wp-content\\\/uploads\\\/2022\\\/09\\\/DESTACADA-3.jpg\",\"contentUrl\":\"http:\\\/\\\/gentedebasquet.com.ar\\\/sitio\\\/wp-content\\\/uploads\\\/2022\\\/09\\\/DESTACADA-3.jpg\",\"width\":690,\"height\":319},{\"@type\":\"BreadcrumbList\",\"@id\":\"http:\\\/\\\/gentedebasquet.com.ar\\\/sitio\\\/2022\\\/09\\\/15\\\/el-purre-camina-y-camina\\\/#breadcrumb\",\"itemListElement\":[{\"@type\":\"ListItem\",\"position\":1,\"name\":\"Portada\",\"item\":\"https:\\\/\\\/gentedebasquet.com.ar\\\/sitio\\\/\"},{\"@type\":\"ListItem\",\"position\":2,\"name\":\"El Purre camina y camina\"}]},{\"@type\":\"WebSite\",\"@id\":\"https:\\\/\\\/gentedebasquet.com.ar\\\/sitio\\\/#website\",\"url\":\"https:\\\/\\\/gentedebasquet.com.ar\\\/sitio\\\/\",\"name\":\"Gente de B\u00e1squet\",\"description\":\"La revista del basquet de Bah\u00eda Blanca\",\"potentialAction\":[{\"@type\":\"SearchAction\",\"target\":{\"@type\":\"EntryPoint\",\"urlTemplate\":\"https:\\\/\\\/gentedebasquet.com.ar\\\/sitio\\\/?s={search_term_string}\"},\"query-input\":{\"@type\":\"PropertyValueSpecification\",\"valueRequired\":true,\"valueName\":\"search_term_string\"}}],\"inLanguage\":\"es\"},{\"@type\":\"Person\",\"@id\":\"https:\\\/\\\/gentedebasquet.com.ar\\\/sitio\\\/#\\\/schema\\\/person\\\/ca0b63bbb977369988a7bbbdc519943a\",\"name\":\"Gente de B\u00e1squet\",\"image\":{\"@type\":\"ImageObject\",\"inLanguage\":\"es\",\"@id\":\"https:\\\/\\\/secure.gravatar.com\\\/avatar\\\/7f2c48bdc33b30088f941fb6082e555f2874c98e20cb159d7b92b50eadfce793?s=96&d=mm&r=g\",\"url\":\"https:\\\/\\\/secure.gravatar.com\\\/avatar\\\/7f2c48bdc33b30088f941fb6082e555f2874c98e20cb159d7b92b50eadfce793?s=96&d=mm&r=g\",\"contentUrl\":\"https:\\\/\\\/secure.gravatar.com\\\/avatar\\\/7f2c48bdc33b30088f941fb6082e555f2874c98e20cb159d7b92b50eadfce793?s=96&d=mm&r=g\",\"caption\":\"Gente de B\u00e1squet\"},\"sameAs\":[\"http:\\\/\\\/gentedebasquet.com.ar\\\/sitio\"],\"url\":\"http:\\\/\\\/gentedebasquet.com.ar\\\/sitio\\\/author\\\/ulises\\\/\"}]}<\/script>\n<!-- \/ Yoast SEO plugin. -->","yoast_head_json":{"title":"El Purre camina y camina - Gente de B\u00e1squet","robots":{"index":"index","follow":"follow","max-snippet":"max-snippet:-1","max-image-preview":"max-image-preview:large","max-video-preview":"max-video-preview:-1"},"canonical":"http:\/\/gentedebasquet.com.ar\/sitio\/2022\/09\/15\/el-purre-camina-y-camina\/","og_locale":"es_ES","og_type":"article","og_title":"El Purre camina y camina - Gente de B\u00e1squet","og_description":"Partidazo del Purre para festejar ante Bahiense, por 73 a 62.","og_url":"http:\/\/gentedebasquet.com.ar\/sitio\/2022\/09\/15\/el-purre-camina-y-camina\/","og_site_name":"Gente de B\u00e1squet","article_published_time":"2022-09-15T04:52:41+00:00","og_image":[{"width":690,"height":319,"url":"http:\/\/gentedebasquet.com.ar\/sitio\/wp-content\/uploads\/2022\/09\/DESTACADA-3.jpg","type":"image\/jpeg"}],"author":"Gente de B\u00e1squet","twitter_card":"summary_large_image","twitter_misc":{"Escrito por":"Gente de B\u00e1squet","Tiempo de lectura":"3 minutos"},"schema":{"@context":"https:\/\/schema.org","@graph":[{"@type":"Article","@id":"http:\/\/gentedebasquet.com.ar\/sitio\/2022\/09\/15\/el-purre-camina-y-camina\/#article","isPartOf":{"@id":"http:\/\/gentedebasquet.com.ar\/sitio\/2022\/09\/15\/el-purre-camina-y-camina\/"},"author":{"name":"Gente de B\u00e1squet","@id":"https:\/\/gentedebasquet.com.ar\/sitio\/#\/schema\/person\/ca0b63bbb977369988a7bbbdc519943a"},"headline":"El Purre camina y camina","datePublished":"2022-09-15T04:52:41+00:00","mainEntityOfPage":{"@id":"http:\/\/gentedebasquet.com.ar\/sitio\/2022\/09\/15\/el-purre-camina-y-camina\/"},"wordCount":626,"image":{"@id":"http:\/\/gentedebasquet.com.ar\/sitio\/2022\/09\/15\/el-purre-camina-y-camina\/#primaryimage"},"thumbnailUrl":"http:\/\/gentedebasquet.com.ar\/sitio\/wp-content\/uploads\/2022\/09\/DESTACADA-3.jpg","keywords":["Bahiense Del Norte","Jorge Garc\u00eda","Leonardo La Bella","Pueyrredon","Segundo Vasconcelo","Tomas Bruni"],"articleSection":["Primera","Slide"],"inLanguage":"es"},{"@type":"WebPage","@id":"http:\/\/gentedebasquet.com.ar\/sitio\/2022\/09\/15\/el-purre-camina-y-camina\/","url":"http:\/\/gentedebasquet.com.ar\/sitio\/2022\/09\/15\/el-purre-camina-y-camina\/","name":"El Purre camina y camina - Gente de B\u00e1squet","isPartOf":{"@id":"https:\/\/gentedebasquet.com.ar\/sitio\/#website"},"primaryImageOfPage":{"@id":"http:\/\/gentedebasquet.com.ar\/sitio\/2022\/09\/15\/el-purre-camina-y-camina\/#primaryimage"},"image":{"@id":"http:\/\/gentedebasquet.com.ar\/sitio\/2022\/09\/15\/el-purre-camina-y-camina\/#primaryimage"},"thumbnailUrl":"http:\/\/gentedebasquet.com.ar\/sitio\/wp-content\/uploads\/2022\/09\/DESTACADA-3.jpg","datePublished":"2022-09-15T04:52:41+00:00","author":{"@id":"https:\/\/gentedebasquet.com.ar\/sitio\/#\/schema\/person\/ca0b63bbb977369988a7bbbdc519943a"},"breadcrumb":{"@id":"http:\/\/gentedebasquet.com.ar\/sitio\/2022\/09\/15\/el-purre-camina-y-camina\/#breadcrumb"},"inLanguage":"es","potentialAction":[{"@type":"ReadAction","target":["http:\/\/gentedebasquet.com.ar\/sitio\/2022\/09\/15\/el-purre-camina-y-camina\/"]}]},{"@type":"ImageObject","inLanguage":"es","@id":"http:\/\/gentedebasquet.com.ar\/sitio\/2022\/09\/15\/el-purre-camina-y-camina\/#primaryimage","url":"http:\/\/gentedebasquet.com.ar\/sitio\/wp-content\/uploads\/2022\/09\/DESTACADA-3.jpg","contentUrl":"http:\/\/gentedebasquet.com.ar\/sitio\/wp-content\/uploads\/2022\/09\/DESTACADA-3.jpg","width":690,"height":319},{"@type":"BreadcrumbList","@id":"http:\/\/gentedebasquet.com.ar\/sitio\/2022\/09\/15\/el-purre-camina-y-camina\/#breadcrumb","itemListElement":[{"@type":"ListItem","position":1,"name":"Portada","item":"https:\/\/gentedebasquet.com.ar\/sitio\/"},{"@type":"ListItem","position":2,"name":"El Purre camina y camina"}]},{"@type":"WebSite","@id":"https:\/\/gentedebasquet.com.ar\/sitio\/#website","url":"https:\/\/gentedebasquet.com.ar\/sitio\/","name":"Gente de B\u00e1squet","description":"La revista del basquet de Bah\u00eda Blanca","potentialAction":[{"@type":"SearchAction","target":{"@type":"EntryPoint","urlTemplate":"https:\/\/gentedebasquet.com.ar\/sitio\/?s={search_term_string}"},"query-input":{"@type":"PropertyValueSpecification","valueRequired":true,"valueName":"search_term_string"}}],"inLanguage":"es"},{"@type":"Person","@id":"https:\/\/gentedebasquet.com.ar\/sitio\/#\/schema\/person\/ca0b63bbb977369988a7bbbdc519943a","name":"Gente de B\u00e1squet","image":{"@type":"ImageObject","inLanguage":"es","@id":"https:\/\/secure.gravatar.com\/avatar\/7f2c48bdc33b30088f941fb6082e555f2874c98e20cb159d7b92b50eadfce793?s=96&d=mm&r=g","url":"https:\/\/secure.gravatar.com\/avatar\/7f2c48bdc33b30088f941fb6082e555f2874c98e20cb159d7b92b50eadfce793?s=96&d=mm&r=g","contentUrl":"https:\/\/secure.gravatar.com\/avatar\/7f2c48bdc33b30088f941fb6082e555f2874c98e20cb159d7b92b50eadfce793?s=96&d=mm&r=g","caption":"Gente de B\u00e1squet"},"sameAs":["http:\/\/gentedebasquet.com.ar\/sitio"],"url":"http:\/\/gentedebasquet.com.ar\/sitio\/author\/ulises\/"}]}},"_links":{"self":[{"href":"http:\/\/gentedebasquet.com.ar\/sitio\/wp-json\/wp\/v2\/posts\/103560","targetHints":{"allow":["GET"]}}],"collection":[{"href":"http:\/\/gentedebasquet.com.ar\/sitio\/wp-json\/wp\/v2\/posts"}],"about":[{"href":"http:\/\/gentedebasquet.com.ar\/sitio\/wp-json\/wp\/v2\/types\/post"}],"author":[{"embeddable":true,"href":"http:\/\/gentedebasquet.com.ar\/sitio\/wp-json\/wp\/v2\/users\/1"}],"replies":[{"embeddable":true,"href":"http:\/\/gentedebasquet.com.ar\/sitio\/wp-json\/wp\/v2\/comments?post=103560"}],"version-history":[{"count":0,"href":"http:\/\/gentedebasquet.com.ar\/sitio\/wp-json\/wp\/v2\/posts\/103560\/revisions"}],"wp:featuredmedia":[{"embeddable":true,"href":"http:\/\/gentedebasquet.com.ar\/sitio\/wp-json\/wp\/v2\/media\/103565"}],"wp:attachment":[{"href":"http:\/\/gentedebasquet.com.ar\/sitio\/wp-json\/wp\/v2\/media?parent=103560"}],"wp:term":[{"taxonomy":"category","embeddable":true,"href":"http:\/\/gentedebasquet.com.ar\/sitio\/wp-json\/wp\/v2\/categories?post=103560"},{"taxonomy":"post_tag","embeddable":true,"href":"http:\/\/gentedebasquet.com.ar\/sitio\/wp-json\/wp\/v2\/tags?post=103560"}],"curies":[{"name":"wp","href":"https:\/\/api.w.org\/{rel}","templated":true}]}}