{"id":107667,"date":"2023-05-19T02:46:49","date_gmt":"2023-05-19T05:46:49","guid":{"rendered":"https:\/\/www.gentedebasquet.com.ar\/?p=107667"},"modified":"2023-05-19T02:46:49","modified_gmt":"2023-05-19T05:46:49","slug":"sportivo-condeno-a-bahia-basket","status":"publish","type":"post","link":"http:\/\/gentedebasquet.com.ar\/sitio\/2023\/05\/19\/sportivo-condeno-a-bahia-basket\/","title":{"rendered":"Sportivo conden\u00f3 a Bah\u00eda Basket"},"content":{"rendered":"\n<p><strong>Sportivo tuvo un gran segundo tiempo, y super\u00f3 76-66 a Bah\u00eda que ahora pertenece a la segunda categor\u00eda del b\u00e1squet local. El local cerr\u00f3 la llave 3 a 1 y ahora espera rival para jugar la serie de la promoci\u00f3n ante el subcampe\u00f3n de segunda. La figura del encuentro fue Yoel Asnaghi que termin\u00f3 con 18 puntos y 4 rebotes, con 4\/5 en libres. En la visita, Joaqu\u00edn S\u00e1nchez sum\u00f3 17 y Facundo Aranda 16.<\/strong><\/p>\n\n\n\n<p>El arranque del partido fue de lo m\u00e1s parejo en todo el juego, la visita tuvo un mejor comienzo de juego y sac\u00f3 una ventaja corta, 7-12 con buenos contraataques que terminaban en bandejas de S\u00e1nchez. Luego de esto, el due\u00f1o de casa entr\u00f3 en partido y di\u00f3 vuelta el tr\u00e1mite 15-12, Asnaghi y Vel\u00e1zquez con 7 puntos cada uno eran las refencias en el ataque tricolor, que finaliz\u00f3 el cuarto igualado 18-18.<\/p>\n\n\n\n<p>En el inicio del segundo periodo, el local que ven\u00eda de remontar sigui\u00f3 con el envi\u00f3n y con un parcial de 12-5 en 4m jugados, se adelant\u00f3 30-23 tras dos bombazos de Pristupa y desat\u00f3 el enojo de Cors que r\u00e1pidamente fren\u00f3 el juego. Tras el minuto, Bah\u00eda sali\u00f3 a cancha y mejor\u00f3 notablemente, en defensa se volvi\u00f3 una muralla y s\u00f3lo permiti\u00f3 5 puntos de Sportivo en 6 minutos, y en ataque Bicondoa simplific\u00f3 las cosas con 3 bombas, S\u00e1nchez (6) y Aranda (5) lo acompa\u00f1aron para que Bah\u00eda se vaya al descanso en ventaja 35-40.<\/p>\n\n\n\n<p>En la vuelta de los vestuarios, Sportivo poco a poco fue emparejando las cosas y tuvo un cuarto excelente, con Blanco (7) como arma ofensiva, apareci\u00f3 Montes en ataque y tambi\u00e9n acompa\u00f1aron Ayala y Asnaghi. Sportivo lo igual\u00f3 cuando restaban 4m, pero nuevamente Bah\u00eda se adelantaba a dos posesiones con Aranda encestando. Al local s\u00f3lo le convirtieron 8 puntos en este cuarto, y el \u00faltimo doble de Bah\u00eda fue a 3m20s del cierre del 3C, de ah\u00ed en adelante fue todo del tricolor, que con un parcial de 13-0 cerr\u00f3 el periodo 56-48. <\/p>\n\n\n\n<p>Y en los \u00faltimos diez minutos, Sportivo hizo lo que deb\u00eda hacer que fue mantener la ventaja que hab\u00eda logrado. El intercambio de puntos beneficiaba al local y a la visita lo acorralaba el reloj. Sportivo estir\u00f3 la m\u00e1xima que lleg\u00f3 a ser de 13 puntos (68-55) y poco a poco fue encaminando su partido, para el festejo de un Eladio Santos con gran marco de p\u00fablico.<\/p>\n\n\n\n<p>Bah\u00eda despu\u00e9s de pelear termina en descenso directo y la temporada siguiente jugar\u00e1 en segunda divisi\u00f3n. Mientras que el equipo de Loffredo est\u00e1 a la espera de lo que pase entre Pac\u00edfico y 9 de Julio, puesto que el perdedor de esa final ser\u00e1 su pr\u00f3ximo rival en la serie de la promoci\u00f3n.<\/p>\n\n\n\n<figure class=\"wp-block-image\"><a href=\"http:\/\/www.gentedebasquet.com.ar\/wp-content\/uploads\/2023\/03\/Gif-Publicidades-1-1.gif\"><img decoding=\"async\" width=\"300\" height=\"250\" src=\"http:\/\/www.gentedebasquet.com.ar\/wp-content\/uploads\/2023\/03\/Gif-Publicidades-1-1.gif\" alt=\"\" class=\"wp-image-106167\"\/><\/a><\/figure>\n\n\n\n<figure class=\"wp-block-embed is-type-video is-provider-youtube wp-block-embed-youtube wp-embed-aspect-16-9 wp-has-aspect-ratio\"><div class=\"wp-block-embed__wrapper\">\nhttps:\/\/www.youtube.com\/watch?v=HDaOeHlP3j4\n<\/div><\/figure>\n\n\n\n<figure class=\"wp-block-image\"><a href=\"http:\/\/www.gentedebasquet.com.ar\/wp-content\/uploads\/2023\/03\/Gif-Publicidades-2-1.gif\"><img decoding=\"async\" width=\"300\" height=\"250\" src=\"http:\/\/www.gentedebasquet.com.ar\/wp-content\/uploads\/2023\/03\/Gif-Publicidades-2-1.gif\" alt=\"\" class=\"wp-image-106168\"\/><\/a><\/figure>\n\n\n\n<figure class=\"wp-block-image size-large\"><a href=\"https:\/\/www.gentedebasquet.com.ar\/wp-content\/uploads\/2023\/05\/MVP-asnaghi.png\"><img decoding=\"async\" width=\"1024\" height=\"1024\" src=\"https:\/\/www.gentedebasquet.com.ar\/wp-content\/uploads\/2023\/05\/MVP-asnaghi-1024x1024.png\" alt=\"\" class=\"wp-image-107695\" srcset=\"http:\/\/gentedebasquet.com.ar\/sitio\/wp-content\/uploads\/2023\/05\/MVP-asnaghi-1024x1024.png 1024w, http:\/\/gentedebasquet.com.ar\/sitio\/wp-content\/uploads\/2023\/05\/MVP-asnaghi-300x300.png 300w, http:\/\/gentedebasquet.com.ar\/sitio\/wp-content\/uploads\/2023\/05\/MVP-asnaghi-150x150.png 150w, http:\/\/gentedebasquet.com.ar\/sitio\/wp-content\/uploads\/2023\/05\/MVP-asnaghi-768x768.png 768w, http:\/\/gentedebasquet.com.ar\/sitio\/wp-content\/uploads\/2023\/05\/MVP-asnaghi-1536x1536.png 1536w, http:\/\/gentedebasquet.com.ar\/sitio\/wp-content\/uploads\/2023\/05\/MVP-asnaghi.png 2000w\" sizes=\"(max-width: 1024px) 100vw, 1024px\" \/><\/a><\/figure>\n\n\n\n<figure class=\"wp-block-image size-full\"><a href=\"https:\/\/www.gentedebasquet.com.ar\/wp-content\/uploads\/2023\/05\/figura-asnaghi.jpg\"><img decoding=\"async\" src=\"https:\/\/www.gentedebasquet.com.ar\/wp-content\/uploads\/2023\/05\/figura-asnaghi.jpg\" alt=\"\" class=\"wp-image-107694\"\/><\/a><\/figure>\n\n\n\n<blockquote class=\"wp-block-quote is-layout-flow wp-block-quote-is-layout-flow\">\n<p>Salimos a comernos la cancha, en la segunda parte del torneo ya sab\u00edamos que \u00edbamos a jugar por esto y nos preparamos, ya con Villa Mitre empezamos a jugar mejor y ahora esta serie fue bastante peleada, fuimos los dos equipos que menos ganamos. La clave estuvo en la defensa y controlar a los tres jugadores claves que tienen ellos en la mediacancha.\u00a0<strong>Yoel Asnaghi, Sportivo.<\/strong><\/p>\n<\/blockquote>\n\n\n\n<figure class=\"wp-block-image\"><a href=\"http:\/\/www.gentedebasquet.com.ar\/wp-content\/uploads\/2023\/03\/Gif-Publicidades-33.gif\"><img decoding=\"async\" width=\"300\" height=\"250\" src=\"http:\/\/www.gentedebasquet.com.ar\/wp-content\/uploads\/2023\/03\/Gif-Publicidades-33.gif\" alt=\"\" class=\"wp-image-106174\"\/><\/a><\/figure>\n\n\n\n<p><strong>S\u00edntesis \u2013 Primera \u2013 Permanencia \u2013 Juego #4<\/strong><\/p>\n\n\n\n<p><strong>Sportivo Bahiense 76:<\/strong>\u00a0Rodrigo Blanco 14, Ulises Montes 9, Yoel Asnaghi 18, Manuel Ayala 15, Cristian Vel\u00e1zquez 14\u00a0<strong>(FI)<\/strong>; Joaqu\u00edn Tuero 0, Miguel Garc\u00eda Pintos 0, Facundo Sastre 0, Mat\u00edas Pristupa 6.\u00a0<strong>DT: Miguel Loffredo.<\/strong><\/p>\n\n\n\n<p><strong>Bah\u00eda Basket 66:<\/strong>\u00a0Santiago Candia 6, Facundo Aranda 16, Joaqu\u00edn S\u00e1nchez 17, Mart\u00edn Alvarez 7 (x), Joaqu\u00edn Koellner 4\u00a0<strong>(FI)<\/strong>\u00a0Juan Manuel Bicondoa 9, Santiago Sartor 4 (x), Felipe Fern\u00e1ndez Solari 1, Agust\u00edn Fern\u00e1ndez 2.\u00a0<strong>DT: Laura Cors.<\/strong><\/p>\n\n\n\n<p><strong>Parciales<\/strong>: 18-18, 35-40 (17-22), 56-48 (21-8) y 76-66 (20-18).<\/p>\n\n\n\n<p><strong>\u00c1rbitros<\/strong>: N\u00e9stor Schernenco &#8211; Sebasti\u00e1n Giannino &#8211; Alejandro Vizca\u00edno.<\/p>\n\n\n\n<p><strong>Estadio:<\/strong>\u00a0Eladio Santos (Sportivo)<\/p>\n\n\n\n<p><strong>Serie:<\/strong>\u00a0Sportivo 3-1<\/p>\n\n\n\n<p><a href=\"https:\/\/fibalivestats.dcd.shared.geniussports.com\/u\/ABB\/2276106\/index.html\" target=\"_blank\" rel=\"noreferrer noopener\">ESTAD\u00cdSTICAS OFICIALES<\/a><\/p>\n\n\n\n<figure class=\"wp-block-image\"><a href=\"http:\/\/www.gentedebasquet.com.ar\/wp-content\/uploads\/2023\/03\/Gif-Publicidades-5correct.gif\"><img decoding=\"async\" width=\"300\" height=\"250\" src=\"http:\/\/www.gentedebasquet.com.ar\/wp-content\/uploads\/2023\/03\/Gif-Publicidades-5correct.gif\" alt=\"\" class=\"wp-image-106173\"\/><\/a><\/figure>\n\n\n\n<figure class=\"wp-block-image size-large\"><a href=\"https:\/\/www.gentedebasquet.com.ar\/wp-content\/uploads\/2023\/05\/CLAVE-sportivo-bb-4.png\"><img decoding=\"async\" src=\"https:\/\/www.gentedebasquet.com.ar\/wp-content\/uploads\/2023\/05\/CLAVE-sportivo-bb-4-1024x1024.png\" alt=\"\" class=\"wp-image-107696\"\/><\/a><\/figure>\n\n\n\n<figure class=\"wp-block-image size-full\"><a href=\"http:\/\/www.gentedebasquet.com.ar\/wp-content\/uploads\/2023\/05\/principal-sportivo-bb.jpg\"><img decoding=\"async\" width=\"690\" height=\"319\" src=\"http:\/\/www.gentedebasquet.com.ar\/wp-content\/uploads\/2023\/05\/principal-sportivo-bb.jpg\" alt=\"\" class=\"wp-image-107534\" srcset=\"http:\/\/gentedebasquet.com.ar\/sitio\/wp-content\/uploads\/2023\/05\/principal-sportivo-bb.jpg 690w, http:\/\/gentedebasquet.com.ar\/sitio\/wp-content\/uploads\/2023\/05\/principal-sportivo-bb-300x139.jpg 300w\" sizes=\"(max-width: 690px) 100vw, 690px\" \/><\/a><\/figure>\n","protected":false},"excerpt":{"rendered":"<p>Sportivo tuvo un gran segundo tiempo, y super\u00f3 76-66 a Bah\u00eda que ahora pertenece a la segunda categor\u00eda del b\u00e1squet local. El local cerr\u00f3 la llave 3 a 1 y ahora espera rival para jugar la serie de la promoci\u00f3n ante el subcampe\u00f3n de segunda. La figura del encuentro fue Yoel Asnaghi que termin\u00f3 con [&hellip;]<\/p>\n","protected":false},"author":1,"featured_media":107697,"comment_status":"closed","ping_status":"open","sticky":false,"template":"","format":"standard","meta":{"jnews-multi-image_gallery":[],"jnews_single_post":[],"jnews_primary_category":[],"footnotes":""},"categories":[23,101],"tags":[58,305,20,266],"class_list":["post-107667","post","type-post","status-publish","format-standard","has-post-thumbnail","hentry","category-primera","category-slide","tag-bahiabasket","tag-joaquin-sanchez","tag-sportivo-bahiense","tag-yoel-asnaghi"],"yoast_head":"<!-- This site is optimized with the Yoast SEO plugin v27.5 - https:\/\/yoast.com\/product\/yoast-seo-wordpress\/ -->\n<title>Sportivo conden\u00f3 a Bah\u00eda Basket - Gente de B\u00e1squet<\/title>\n<meta name=\"robots\" content=\"index, follow, max-snippet:-1, max-image-preview:large, max-video-preview:-1\" \/>\n<link rel=\"canonical\" href=\"http:\/\/gentedebasquet.com.ar\/sitio\/2023\/05\/19\/sportivo-condeno-a-bahia-basket\/\" \/>\n<meta property=\"og:locale\" content=\"es_ES\" \/>\n<meta property=\"og:type\" content=\"article\" \/>\n<meta property=\"og:title\" content=\"Sportivo conden\u00f3 a Bah\u00eda Basket - Gente de B\u00e1squet\" \/>\n<meta property=\"og:description\" content=\"Sportivo tuvo un gran segundo tiempo, y super\u00f3 76-66 a Bah\u00eda que ahora pertenece a la segunda categor\u00eda del b\u00e1squet local. El local cerr\u00f3 la llave 3 a 1 y ahora espera rival para jugar la serie de la promoci\u00f3n ante el subcampe\u00f3n de segunda. La figura del encuentro fue Yoel Asnaghi que termin\u00f3 con [&hellip;]\" \/>\n<meta property=\"og:url\" content=\"http:\/\/gentedebasquet.com.ar\/sitio\/2023\/05\/19\/sportivo-condeno-a-bahia-basket\/\" \/>\n<meta property=\"og:site_name\" content=\"Gente de B\u00e1squet\" \/>\n<meta property=\"article:published_time\" content=\"2023-05-19T05:46:49+00:00\" \/>\n<meta name=\"author\" content=\"Gente de B\u00e1squet\" \/>\n<meta name=\"twitter:card\" content=\"summary_large_image\" \/>\n<meta name=\"twitter:label1\" content=\"Escrito por\" \/>\n\t<meta name=\"twitter:data1\" content=\"Gente de B\u00e1squet\" \/>\n\t<meta name=\"twitter:label2\" content=\"Tiempo de lectura\" \/>\n\t<meta name=\"twitter:data2\" content=\"3 minutos\" \/>\n<script type=\"application\/ld+json\" class=\"yoast-schema-graph\">{\"@context\":\"https:\\\/\\\/schema.org\",\"@graph\":[{\"@type\":\"Article\",\"@id\":\"http:\\\/\\\/gentedebasquet.com.ar\\\/sitio\\\/2023\\\/05\\\/19\\\/sportivo-condeno-a-bahia-basket\\\/#article\",\"isPartOf\":{\"@id\":\"http:\\\/\\\/gentedebasquet.com.ar\\\/sitio\\\/2023\\\/05\\\/19\\\/sportivo-condeno-a-bahia-basket\\\/\"},\"author\":{\"name\":\"Gente de B\u00e1squet\",\"@id\":\"https:\\\/\\\/gentedebasquet.com.ar\\\/sitio\\\/#\\\/schema\\\/person\\\/ca0b63bbb977369988a7bbbdc519943a\"},\"headline\":\"Sportivo conden\u00f3 a Bah\u00eda Basket\",\"datePublished\":\"2023-05-19T05:46:49+00:00\",\"mainEntityOfPage\":{\"@id\":\"http:\\\/\\\/gentedebasquet.com.ar\\\/sitio\\\/2023\\\/05\\\/19\\\/sportivo-condeno-a-bahia-basket\\\/\"},\"wordCount\":659,\"image\":{\"@id\":\"http:\\\/\\\/gentedebasquet.com.ar\\\/sitio\\\/2023\\\/05\\\/19\\\/sportivo-condeno-a-bahia-basket\\\/#primaryimage\"},\"thumbnailUrl\":\"\",\"keywords\":[\"Bah\u00eda Basket\",\"Joaqu\u00edn S\u00e1nchez\",\"Sportivo Bahiense\",\"Yoel Asnaghi\"],\"articleSection\":[\"Primera\",\"Slide\"],\"inLanguage\":\"es\"},{\"@type\":\"WebPage\",\"@id\":\"http:\\\/\\\/gentedebasquet.com.ar\\\/sitio\\\/2023\\\/05\\\/19\\\/sportivo-condeno-a-bahia-basket\\\/\",\"url\":\"http:\\\/\\\/gentedebasquet.com.ar\\\/sitio\\\/2023\\\/05\\\/19\\\/sportivo-condeno-a-bahia-basket\\\/\",\"name\":\"Sportivo conden\u00f3 a Bah\u00eda Basket - Gente de B\u00e1squet\",\"isPartOf\":{\"@id\":\"https:\\\/\\\/gentedebasquet.com.ar\\\/sitio\\\/#website\"},\"primaryImageOfPage\":{\"@id\":\"http:\\\/\\\/gentedebasquet.com.ar\\\/sitio\\\/2023\\\/05\\\/19\\\/sportivo-condeno-a-bahia-basket\\\/#primaryimage\"},\"image\":{\"@id\":\"http:\\\/\\\/gentedebasquet.com.ar\\\/sitio\\\/2023\\\/05\\\/19\\\/sportivo-condeno-a-bahia-basket\\\/#primaryimage\"},\"thumbnailUrl\":\"\",\"datePublished\":\"2023-05-19T05:46:49+00:00\",\"author\":{\"@id\":\"https:\\\/\\\/gentedebasquet.com.ar\\\/sitio\\\/#\\\/schema\\\/person\\\/ca0b63bbb977369988a7bbbdc519943a\"},\"breadcrumb\":{\"@id\":\"http:\\\/\\\/gentedebasquet.com.ar\\\/sitio\\\/2023\\\/05\\\/19\\\/sportivo-condeno-a-bahia-basket\\\/#breadcrumb\"},\"inLanguage\":\"es\",\"potentialAction\":[{\"@type\":\"ReadAction\",\"target\":[\"http:\\\/\\\/gentedebasquet.com.ar\\\/sitio\\\/2023\\\/05\\\/19\\\/sportivo-condeno-a-bahia-basket\\\/\"]}]},{\"@type\":\"ImageObject\",\"inLanguage\":\"es\",\"@id\":\"http:\\\/\\\/gentedebasquet.com.ar\\\/sitio\\\/2023\\\/05\\\/19\\\/sportivo-condeno-a-bahia-basket\\\/#primaryimage\",\"url\":\"\",\"contentUrl\":\"\"},{\"@type\":\"BreadcrumbList\",\"@id\":\"http:\\\/\\\/gentedebasquet.com.ar\\\/sitio\\\/2023\\\/05\\\/19\\\/sportivo-condeno-a-bahia-basket\\\/#breadcrumb\",\"itemListElement\":[{\"@type\":\"ListItem\",\"position\":1,\"name\":\"Portada\",\"item\":\"https:\\\/\\\/gentedebasquet.com.ar\\\/sitio\\\/\"},{\"@type\":\"ListItem\",\"position\":2,\"name\":\"Sportivo conden\u00f3 a Bah\u00eda Basket\"}]},{\"@type\":\"WebSite\",\"@id\":\"https:\\\/\\\/gentedebasquet.com.ar\\\/sitio\\\/#website\",\"url\":\"https:\\\/\\\/gentedebasquet.com.ar\\\/sitio\\\/\",\"name\":\"Gente de B\u00e1squet\",\"description\":\"La revista del basquet de Bah\u00eda Blanca\",\"potentialAction\":[{\"@type\":\"SearchAction\",\"target\":{\"@type\":\"EntryPoint\",\"urlTemplate\":\"https:\\\/\\\/gentedebasquet.com.ar\\\/sitio\\\/?s={search_term_string}\"},\"query-input\":{\"@type\":\"PropertyValueSpecification\",\"valueRequired\":true,\"valueName\":\"search_term_string\"}}],\"inLanguage\":\"es\"},{\"@type\":\"Person\",\"@id\":\"https:\\\/\\\/gentedebasquet.com.ar\\\/sitio\\\/#\\\/schema\\\/person\\\/ca0b63bbb977369988a7bbbdc519943a\",\"name\":\"Gente de B\u00e1squet\",\"image\":{\"@type\":\"ImageObject\",\"inLanguage\":\"es\",\"@id\":\"https:\\\/\\\/secure.gravatar.com\\\/avatar\\\/7f2c48bdc33b30088f941fb6082e555f2874c98e20cb159d7b92b50eadfce793?s=96&d=mm&r=g\",\"url\":\"https:\\\/\\\/secure.gravatar.com\\\/avatar\\\/7f2c48bdc33b30088f941fb6082e555f2874c98e20cb159d7b92b50eadfce793?s=96&d=mm&r=g\",\"contentUrl\":\"https:\\\/\\\/secure.gravatar.com\\\/avatar\\\/7f2c48bdc33b30088f941fb6082e555f2874c98e20cb159d7b92b50eadfce793?s=96&d=mm&r=g\",\"caption\":\"Gente de B\u00e1squet\"},\"sameAs\":[\"http:\\\/\\\/gentedebasquet.com.ar\\\/sitio\"],\"url\":\"http:\\\/\\\/gentedebasquet.com.ar\\\/sitio\\\/author\\\/ulises\\\/\"}]}<\/script>\n<!-- \/ Yoast SEO plugin. -->","yoast_head_json":{"title":"Sportivo conden\u00f3 a Bah\u00eda Basket - Gente de B\u00e1squet","robots":{"index":"index","follow":"follow","max-snippet":"max-snippet:-1","max-image-preview":"max-image-preview:large","max-video-preview":"max-video-preview:-1"},"canonical":"http:\/\/gentedebasquet.com.ar\/sitio\/2023\/05\/19\/sportivo-condeno-a-bahia-basket\/","og_locale":"es_ES","og_type":"article","og_title":"Sportivo conden\u00f3 a Bah\u00eda Basket - Gente de B\u00e1squet","og_description":"Sportivo tuvo un gran segundo tiempo, y super\u00f3 76-66 a Bah\u00eda que ahora pertenece a la segunda categor\u00eda del b\u00e1squet local. El local cerr\u00f3 la llave 3 a 1 y ahora espera rival para jugar la serie de la promoci\u00f3n ante el subcampe\u00f3n de segunda. La figura del encuentro fue Yoel Asnaghi que termin\u00f3 con [&hellip;]","og_url":"http:\/\/gentedebasquet.com.ar\/sitio\/2023\/05\/19\/sportivo-condeno-a-bahia-basket\/","og_site_name":"Gente de B\u00e1squet","article_published_time":"2023-05-19T05:46:49+00:00","author":"Gente de B\u00e1squet","twitter_card":"summary_large_image","twitter_misc":{"Escrito por":"Gente de B\u00e1squet","Tiempo de lectura":"3 minutos"},"schema":{"@context":"https:\/\/schema.org","@graph":[{"@type":"Article","@id":"http:\/\/gentedebasquet.com.ar\/sitio\/2023\/05\/19\/sportivo-condeno-a-bahia-basket\/#article","isPartOf":{"@id":"http:\/\/gentedebasquet.com.ar\/sitio\/2023\/05\/19\/sportivo-condeno-a-bahia-basket\/"},"author":{"name":"Gente de B\u00e1squet","@id":"https:\/\/gentedebasquet.com.ar\/sitio\/#\/schema\/person\/ca0b63bbb977369988a7bbbdc519943a"},"headline":"Sportivo conden\u00f3 a Bah\u00eda Basket","datePublished":"2023-05-19T05:46:49+00:00","mainEntityOfPage":{"@id":"http:\/\/gentedebasquet.com.ar\/sitio\/2023\/05\/19\/sportivo-condeno-a-bahia-basket\/"},"wordCount":659,"image":{"@id":"http:\/\/gentedebasquet.com.ar\/sitio\/2023\/05\/19\/sportivo-condeno-a-bahia-basket\/#primaryimage"},"thumbnailUrl":"","keywords":["Bah\u00eda Basket","Joaqu\u00edn S\u00e1nchez","Sportivo Bahiense","Yoel Asnaghi"],"articleSection":["Primera","Slide"],"inLanguage":"es"},{"@type":"WebPage","@id":"http:\/\/gentedebasquet.com.ar\/sitio\/2023\/05\/19\/sportivo-condeno-a-bahia-basket\/","url":"http:\/\/gentedebasquet.com.ar\/sitio\/2023\/05\/19\/sportivo-condeno-a-bahia-basket\/","name":"Sportivo conden\u00f3 a Bah\u00eda Basket - Gente de B\u00e1squet","isPartOf":{"@id":"https:\/\/gentedebasquet.com.ar\/sitio\/#website"},"primaryImageOfPage":{"@id":"http:\/\/gentedebasquet.com.ar\/sitio\/2023\/05\/19\/sportivo-condeno-a-bahia-basket\/#primaryimage"},"image":{"@id":"http:\/\/gentedebasquet.com.ar\/sitio\/2023\/05\/19\/sportivo-condeno-a-bahia-basket\/#primaryimage"},"thumbnailUrl":"","datePublished":"2023-05-19T05:46:49+00:00","author":{"@id":"https:\/\/gentedebasquet.com.ar\/sitio\/#\/schema\/person\/ca0b63bbb977369988a7bbbdc519943a"},"breadcrumb":{"@id":"http:\/\/gentedebasquet.com.ar\/sitio\/2023\/05\/19\/sportivo-condeno-a-bahia-basket\/#breadcrumb"},"inLanguage":"es","potentialAction":[{"@type":"ReadAction","target":["http:\/\/gentedebasquet.com.ar\/sitio\/2023\/05\/19\/sportivo-condeno-a-bahia-basket\/"]}]},{"@type":"ImageObject","inLanguage":"es","@id":"http:\/\/gentedebasquet.com.ar\/sitio\/2023\/05\/19\/sportivo-condeno-a-bahia-basket\/#primaryimage","url":"","contentUrl":""},{"@type":"BreadcrumbList","@id":"http:\/\/gentedebasquet.com.ar\/sitio\/2023\/05\/19\/sportivo-condeno-a-bahia-basket\/#breadcrumb","itemListElement":[{"@type":"ListItem","position":1,"name":"Portada","item":"https:\/\/gentedebasquet.com.ar\/sitio\/"},{"@type":"ListItem","position":2,"name":"Sportivo conden\u00f3 a Bah\u00eda Basket"}]},{"@type":"WebSite","@id":"https:\/\/gentedebasquet.com.ar\/sitio\/#website","url":"https:\/\/gentedebasquet.com.ar\/sitio\/","name":"Gente de B\u00e1squet","description":"La revista del basquet de Bah\u00eda Blanca","potentialAction":[{"@type":"SearchAction","target":{"@type":"EntryPoint","urlTemplate":"https:\/\/gentedebasquet.com.ar\/sitio\/?s={search_term_string}"},"query-input":{"@type":"PropertyValueSpecification","valueRequired":true,"valueName":"search_term_string"}}],"inLanguage":"es"},{"@type":"Person","@id":"https:\/\/gentedebasquet.com.ar\/sitio\/#\/schema\/person\/ca0b63bbb977369988a7bbbdc519943a","name":"Gente de B\u00e1squet","image":{"@type":"ImageObject","inLanguage":"es","@id":"https:\/\/secure.gravatar.com\/avatar\/7f2c48bdc33b30088f941fb6082e555f2874c98e20cb159d7b92b50eadfce793?s=96&d=mm&r=g","url":"https:\/\/secure.gravatar.com\/avatar\/7f2c48bdc33b30088f941fb6082e555f2874c98e20cb159d7b92b50eadfce793?s=96&d=mm&r=g","contentUrl":"https:\/\/secure.gravatar.com\/avatar\/7f2c48bdc33b30088f941fb6082e555f2874c98e20cb159d7b92b50eadfce793?s=96&d=mm&r=g","caption":"Gente de B\u00e1squet"},"sameAs":["http:\/\/gentedebasquet.com.ar\/sitio"],"url":"http:\/\/gentedebasquet.com.ar\/sitio\/author\/ulises\/"}]}},"_links":{"self":[{"href":"http:\/\/gentedebasquet.com.ar\/sitio\/wp-json\/wp\/v2\/posts\/107667","targetHints":{"allow":["GET"]}}],"collection":[{"href":"http:\/\/gentedebasquet.com.ar\/sitio\/wp-json\/wp\/v2\/posts"}],"about":[{"href":"http:\/\/gentedebasquet.com.ar\/sitio\/wp-json\/wp\/v2\/types\/post"}],"author":[{"embeddable":true,"href":"http:\/\/gentedebasquet.com.ar\/sitio\/wp-json\/wp\/v2\/users\/1"}],"replies":[{"embeddable":true,"href":"http:\/\/gentedebasquet.com.ar\/sitio\/wp-json\/wp\/v2\/comments?post=107667"}],"version-history":[{"count":0,"href":"http:\/\/gentedebasquet.com.ar\/sitio\/wp-json\/wp\/v2\/posts\/107667\/revisions"}],"wp:featuredmedia":[{"embeddable":true,"href":"http:\/\/gentedebasquet.com.ar\/sitio\/wp-json\/"}],"wp:attachment":[{"href":"http:\/\/gentedebasquet.com.ar\/sitio\/wp-json\/wp\/v2\/media?parent=107667"}],"wp:term":[{"taxonomy":"category","embeddable":true,"href":"http:\/\/gentedebasquet.com.ar\/sitio\/wp-json\/wp\/v2\/categories?post=107667"},{"taxonomy":"post_tag","embeddable":true,"href":"http:\/\/gentedebasquet.com.ar\/sitio\/wp-json\/wp\/v2\/tags?post=107667"}],"curies":[{"name":"wp","href":"https:\/\/api.w.org\/{rel}","templated":true}]}}