{"id":107830,"date":"2023-06-03T00:24:33","date_gmt":"2023-06-03T03:24:33","guid":{"rendered":"http:\/\/www.gentedebasquet.com.ar\/?p=107830"},"modified":"2023-06-03T00:24:33","modified_gmt":"2023-06-03T03:24:33","slug":"sportivo-repitio-la-victoria-y-suena-con-quedarse-en-primera","status":"publish","type":"post","link":"http:\/\/gentedebasquet.com.ar\/sitio\/2023\/06\/03\/sportivo-repitio-la-victoria-y-suena-con-quedarse-en-primera\/","title":{"rendered":"Sportivo repiti\u00f3 la victoria y sue\u00f1a con quedarse en primera"},"content":{"rendered":"\n<p>En su cancha y con su gente, el tricolor de calle Alvarado volvi\u00f3 a sonre\u00edr por segunda vez en esta semana y qued\u00f3 a un paso de mantener la categor\u00eda tras ganarle 66-59 a 9 de Julio por el tercer juego de la serie por la promoci\u00f3n.<\/p>\n\n\n\n<p>El arranque del encuentro favoreci\u00f3 a la visita, quien rapidamente marc\u00f3 una diferencia con su figura Alan Prost (19 pts, 5 reb) en la zona pintada. Sportivo ten\u00eda como \u00fanica arma goleadora a Ulises Montes quien anot\u00f3 9 de sus 15 puntos totales en ese primer cuarto. 25-18 a favor del 9 de cara al 2c.<\/p>\n\n\n\n<p>El dominio en el marcador de la visita prevaleci\u00f3 en el 2c, donde los de Rold\u00e1n llegaron a estampar  la m\u00e1xima del encuentro (12) (40-28). Con poca participaci\u00f3n ofensiva de Lucas Luchetti (3 pts, no anot\u00f3 de campo) y un err\u00e1tico Jos\u00e9 Gutierrez (10 pts), la batuta en ataque la tomaban los pibes, Sebasti\u00e1n Villegas (10 pts, 2\/3 t3) y Emilio Boye (7 pts, 3\/3 t2). Sportivo no completaba una primera parte de la mejor manera y se marchaba al entretiempo 8 abajo (35-43).<\/p>\n\n\n\n<p>El due\u00f1o de casa marcar\u00eda el terreno en el inicio del 2t con un parcial 5-0 (40-43) que rapidamente lo pon\u00eda en juego. Adem\u00e1s de lo mencionado, los de Loffredo tuvieron un rendimiento defensivo excelente, tal es as\u00ed que 9 de Julio solo anoto 4 puntos en el 3c (14-4). La aparici\u00f3n de los hist\u00f3ricos en Sportivo le dio un plus al ataque para poder pasar al frente en el cierre de ese tercer cap\u00edtulo. Joaqu\u00edn Tuero cosech\u00f3 10 unidades con 2\/3 en t3 y Yoel Asnaghi (11 pts) fue vital con dos triples en un momento caliente del partido. <\/p>\n\n\n\n<p>M\u00e1s all\u00e1 de que 9 de Julio domin\u00f3 el primer tiempo, una vez que Sportivo tom\u00f3 el mando del marcador, los de Rold\u00e1n nunca pudieron ponerse a menos 5 unidades. El tricolor sigui\u00f3 con una gran defensa en el final y dej\u00f3 en 12 pts al 9, quien en total sum\u00f3 tan solo 16 en el segundo tiempo. <\/p>\n\n\n\n<p>Sportivo Bahiense pudo cerrar el encuentro y se qued\u00f3 con la victoria 66-59. Los de Loffredo revertieron la serie y ahora el pr\u00f3ximo martes tendr\u00e1n la posibilidad de sellar su permanencia en primera divisi\u00f3n. En 9 de Julio el golpe recibido al inicio de esta semana parece haber dejado secuelas, ahora deber\u00e1 ganar el martes en su cancha y jugarse todo en un 5to partido en el Eladio Santos. <\/p>\n\n\n\n<figure class=\"wp-block-image\"><a href=\"http:\/\/www.gentedebasquet.com.ar\/wp-content\/uploads\/2023\/03\/Gif-Publicidades-1-6.gif\"><img decoding=\"async\" width=\"300\" height=\"250\" src=\"http:\/\/www.gentedebasquet.com.ar\/wp-content\/uploads\/2023\/03\/Gif-Publicidades-1-6.gif\" alt=\"\" class=\"wp-image-106769\"\/><\/a><\/figure>\n\n\n\n<figure class=\"wp-block-embed is-type-video is-provider-youtube wp-block-embed-youtube wp-embed-aspect-16-9 wp-has-aspect-ratio\"><div class=\"wp-block-embed__wrapper\">\nhttps:\/\/www.youtube.com\/watch?v=X_8PRSpa9yk\n<\/div><\/figure>\n\n\n\n<figure class=\"wp-block-image\"><a href=\"http:\/\/www.gentedebasquet.com.ar\/wp-content\/uploads\/2023\/03\/Gif-Publicidades-2-1-2.gif\"><img decoding=\"async\" width=\"300\" height=\"250\" src=\"http:\/\/www.gentedebasquet.com.ar\/wp-content\/uploads\/2023\/03\/Gif-Publicidades-2-1-2.gif\" alt=\"\" class=\"wp-image-106770\"\/><\/a><\/figure>\n\n\n\n<figure class=\"wp-block-image size-large is-resized\"><a href=\"http:\/\/www.gentedebasquet.com.ar\/wp-content\/uploads\/2023\/06\/MVP-2.png\"><img decoding=\"async\" src=\"http:\/\/www.gentedebasquet.com.ar\/wp-content\/uploads\/2023\/06\/MVP-2-1024x1024.png\" alt=\"\" class=\"wp-image-107832\" width=\"371\" height=\"371\" srcset=\"http:\/\/gentedebasquet.com.ar\/sitio\/wp-content\/uploads\/2023\/06\/MVP-2-1024x1024.png 1024w, http:\/\/gentedebasquet.com.ar\/sitio\/wp-content\/uploads\/2023\/06\/MVP-2-300x300.png 300w, http:\/\/gentedebasquet.com.ar\/sitio\/wp-content\/uploads\/2023\/06\/MVP-2-150x150.png 150w, http:\/\/gentedebasquet.com.ar\/sitio\/wp-content\/uploads\/2023\/06\/MVP-2-768x768.png 768w, http:\/\/gentedebasquet.com.ar\/sitio\/wp-content\/uploads\/2023\/06\/MVP-2-1536x1536.png 1536w, http:\/\/gentedebasquet.com.ar\/sitio\/wp-content\/uploads\/2023\/06\/MVP-2.png 2000w\" sizes=\"(max-width: 371px) 100vw, 371px\" \/><\/a><\/figure>\n\n\n\n<figure class=\"wp-block-image size-large is-resized\"><a href=\"http:\/\/gentedebasquet.com.ar\/sitio\/wp-content\/uploads\/2023\/06\/WhatsApp-Image-2023-06-02-at-23.58.40.jpeg\"><img decoding=\"async\" src=\"http:\/\/gentedebasquet.com.ar\/sitio\/wp-content\/uploads\/2023\/06\/WhatsApp-Image-2023-06-02-at-23.58.40-1024x765.jpeg\" alt=\"\" class=\"wp-image-107834\" width=\"373\" height=\"278\" srcset=\"http:\/\/gentedebasquet.com.ar\/sitio\/wp-content\/uploads\/2023\/06\/WhatsApp-Image-2023-06-02-at-23.58.40-1024x765.jpeg 1024w, http:\/\/gentedebasquet.com.ar\/sitio\/wp-content\/uploads\/2023\/06\/WhatsApp-Image-2023-06-02-at-23.58.40-300x224.jpeg 300w, http:\/\/gentedebasquet.com.ar\/sitio\/wp-content\/uploads\/2023\/06\/WhatsApp-Image-2023-06-02-at-23.58.40-768x574.jpeg 768w, http:\/\/gentedebasquet.com.ar\/sitio\/wp-content\/uploads\/2023\/06\/WhatsApp-Image-2023-06-02-at-23.58.40-1536x1148.jpeg 1536w, http:\/\/gentedebasquet.com.ar\/sitio\/wp-content\/uploads\/2023\/06\/WhatsApp-Image-2023-06-02-at-23.58.40.jpeg 1600w\" sizes=\"(max-width: 373px) 100vw, 373px\" \/><\/a><\/figure>\n\n\n\n<blockquote class=\"wp-block-quote is-layout-flow wp-block-quote-is-layout-flow\">\n<p>\u00abEs incre\u00edble, se est\u00e1 dando una serie hermosa, muy pareja. Salvo el primer partido que nos sacaron 20 y no pudimos entrar en partido, los otros dos muy parejos. La defensa fue enorme, ellos terminaron el segundo tiempo con 16 puntos, hubo un gran compromiso de todos. Nuestro juego es ese, durante todo el a\u00f1o hicimos de promedio 70 puntos por partido, no somos un equipo goleador as\u00ed que tenemos que ajustar siempre la defensa. Desde que arranc\u00f3 la segunda parte del torneo, ya sab\u00edamos que \u00edbamos a estar ac\u00e1, obviamente quer\u00edamos ganar alg\u00fan partido pero la realidad es que nos preparamos para este momento\u00bb Yoel Asnaghi. <\/p>\n<\/blockquote>\n\n\n\n<figure class=\"wp-block-image\"><a href=\"http:\/\/www.gentedebasquet.com.ar\/wp-content\/uploads\/2023\/03\/Gif-Publicidades-33-2.gif\"><img decoding=\"async\" width=\"300\" height=\"250\" src=\"http:\/\/www.gentedebasquet.com.ar\/wp-content\/uploads\/2023\/03\/Gif-Publicidades-33-2.gif\" alt=\"\" class=\"wp-image-106774\"\/><\/a><\/figure>\n\n\n\n<p><strong>S\u00edntesis<\/strong>\u00a0\u2013 Promoci\u00f3n \u2013 Juego #3 (+5)<\/p>\n\n\n\n<p><strong>Sportivo Bahiense 88:<\/strong>\u00a0Rodrigo Blanco 2, Ulises Montes 15, Yoel Asnaghi 11, Manuel Ayala 10, Cristian Vel\u00e1zquez 11\u00a0<strong>(FI)<\/strong>; Joaqu\u00edn Tuero 10, Miguel Garc\u00eda Pintos 3, Juli\u00e1n Gutt 0, Facundo Sastre 4, Mat\u00edas Pristupa 0.\u00a0<strong>DT: Miguel Loffredo.<\/strong><\/p>\n\n\n\n<p><strong>9 de Julio 85:<\/strong>\u00a0Jos\u00e9 Guti\u00e9rrez 11, Lucas Luchetti 3, Sebasti\u00e1n Villegas 10, Santiago Boy\u00e9 2 y Alan Prost 19 (FI); Albano Costa 5, Christian Bisterfield 2, Ramiro Lorenzo 0, Emilio Boye 7, Santiago Ruesga 0.\u00a0<strong>DT: Emiliano Roldan.<\/strong><\/p>\n\n\n\n<p><strong>Parciales:<\/strong>\u00a018-25, 35-43 (17-18), 49-47 (14-4) y 66-59 (17-12) <\/p>\n\n\n\n<p><strong>\u00c1rbitros:<\/strong>\u00a0Emanuel Sanchez, Andres Vizaino y Sebasti\u00e1n Arcas<\/p>\n\n\n\n<p><strong>Estadio<\/strong>: Eladio Santos<\/p>\n\n\n\n<p><strong>Serie<\/strong>: 2-1 Sportivo<\/p>\n\n\n\n<figure class=\"wp-block-image\"><a href=\"http:\/\/www.gentedebasquet.com.ar\/wp-content\/uploads\/2023\/03\/Gif-Publicidades-5-5.gif\"><img decoding=\"async\" width=\"300\" height=\"250\" src=\"http:\/\/www.gentedebasquet.com.ar\/wp-content\/uploads\/2023\/03\/Gif-Publicidades-5-5.gif\" alt=\"\" class=\"wp-image-106773\"\/><\/a><\/figure>\n\n\n\n<figure class=\"wp-block-image size-large is-resized\"><a href=\"http:\/\/www.gentedebasquet.com.ar\/wp-content\/uploads\/2023\/06\/CLAVE-2.png\"><img decoding=\"async\" src=\"http:\/\/www.gentedebasquet.com.ar\/wp-content\/uploads\/2023\/06\/CLAVE-2-1024x819.png\" alt=\"\" class=\"wp-image-107833\" width=\"304\" height=\"242\" srcset=\"http:\/\/gentedebasquet.com.ar\/sitio\/wp-content\/uploads\/2023\/06\/CLAVE-2-1024x819.png 1024w, http:\/\/gentedebasquet.com.ar\/sitio\/wp-content\/uploads\/2023\/06\/CLAVE-2-300x240.png 300w, http:\/\/gentedebasquet.com.ar\/sitio\/wp-content\/uploads\/2023\/06\/CLAVE-2-768x614.png 768w, http:\/\/gentedebasquet.com.ar\/sitio\/wp-content\/uploads\/2023\/06\/CLAVE-2-1536x1229.png 1536w, http:\/\/gentedebasquet.com.ar\/sitio\/wp-content\/uploads\/2023\/06\/CLAVE-2.png 2004w\" sizes=\"(max-width: 304px) 100vw, 304px\" \/><\/a><\/figure>\n","protected":false},"excerpt":{"rendered":"<p>En su cancha y con su gente, el tricolor de calle Alvarado volvi\u00f3 a sonre\u00edr por segunda vez en esta semana y qued\u00f3 a un paso de mantener la categor\u00eda tras ganarle 66-59 a 9 de Julio por el tercer juego de la serie por la promoci\u00f3n. El arranque del encuentro favoreci\u00f3 a la visita, [&hellip;]<\/p>\n","protected":false},"author":1,"featured_media":107835,"comment_status":"closed","ping_status":"open","sticky":false,"template":"","format":"standard","meta":{"jnews-multi-image_gallery":[],"jnews_single_post":[],"jnews_primary_category":[],"footnotes":""},"categories":[24,25,101],"tags":[2,20],"class_list":["post-107830","post","type-post","status-publish","format-standard","has-post-thumbnail","hentry","category-overtime","category-segunda","category-slide","tag-9dejulio","tag-sportivo-bahiense"],"yoast_head":"<!-- This site is optimized with the Yoast SEO plugin v27.5 - https:\/\/yoast.com\/product\/yoast-seo-wordpress\/ -->\n<title>Sportivo repiti\u00f3 la victoria y sue\u00f1a con quedarse en primera - Gente de B\u00e1squet<\/title>\n<meta name=\"robots\" content=\"index, follow, max-snippet:-1, max-image-preview:large, max-video-preview:-1\" \/>\n<link rel=\"canonical\" href=\"http:\/\/gentedebasquet.com.ar\/sitio\/2023\/06\/03\/sportivo-repitio-la-victoria-y-suena-con-quedarse-en-primera\/\" \/>\n<meta property=\"og:locale\" content=\"es_ES\" \/>\n<meta property=\"og:type\" content=\"article\" \/>\n<meta property=\"og:title\" content=\"Sportivo repiti\u00f3 la victoria y sue\u00f1a con quedarse en primera - Gente de B\u00e1squet\" \/>\n<meta property=\"og:description\" content=\"En su cancha y con su gente, el tricolor de calle Alvarado volvi\u00f3 a sonre\u00edr por segunda vez en esta semana y qued\u00f3 a un paso de mantener la categor\u00eda tras ganarle 66-59 a 9 de Julio por el tercer juego de la serie por la promoci\u00f3n. El arranque del encuentro favoreci\u00f3 a la visita, [&hellip;]\" \/>\n<meta property=\"og:url\" content=\"http:\/\/gentedebasquet.com.ar\/sitio\/2023\/06\/03\/sportivo-repitio-la-victoria-y-suena-con-quedarse-en-primera\/\" \/>\n<meta property=\"og:site_name\" content=\"Gente de B\u00e1squet\" \/>\n<meta property=\"article:published_time\" content=\"2023-06-03T03:24:33+00:00\" \/>\n<meta property=\"og:image\" content=\"http:\/\/gentedebasquet.com.ar\/sitio\/wp-content\/uploads\/2023\/06\/ASDDASDSA.png\" \/>\n\t<meta property=\"og:image:width\" content=\"690\" \/>\n\t<meta property=\"og:image:height\" content=\"319\" \/>\n\t<meta property=\"og:image:type\" content=\"image\/png\" \/>\n<meta name=\"author\" content=\"Gente de B\u00e1squet\" \/>\n<meta name=\"twitter:card\" content=\"summary_large_image\" \/>\n<meta name=\"twitter:label1\" content=\"Escrito por\" \/>\n\t<meta name=\"twitter:data1\" content=\"Gente de B\u00e1squet\" \/>\n\t<meta name=\"twitter:label2\" content=\"Tiempo de lectura\" \/>\n\t<meta name=\"twitter:data2\" content=\"3 minutos\" \/>\n<script type=\"application\/ld+json\" class=\"yoast-schema-graph\">{\"@context\":\"https:\\\/\\\/schema.org\",\"@graph\":[{\"@type\":\"Article\",\"@id\":\"http:\\\/\\\/gentedebasquet.com.ar\\\/sitio\\\/2023\\\/06\\\/03\\\/sportivo-repitio-la-victoria-y-suena-con-quedarse-en-primera\\\/#article\",\"isPartOf\":{\"@id\":\"http:\\\/\\\/gentedebasquet.com.ar\\\/sitio\\\/2023\\\/06\\\/03\\\/sportivo-repitio-la-victoria-y-suena-con-quedarse-en-primera\\\/\"},\"author\":{\"name\":\"Gente de B\u00e1squet\",\"@id\":\"https:\\\/\\\/gentedebasquet.com.ar\\\/sitio\\\/#\\\/schema\\\/person\\\/ca0b63bbb977369988a7bbbdc519943a\"},\"headline\":\"Sportivo repiti\u00f3 la victoria y sue\u00f1a con quedarse en primera\",\"datePublished\":\"2023-06-03T03:24:33+00:00\",\"mainEntityOfPage\":{\"@id\":\"http:\\\/\\\/gentedebasquet.com.ar\\\/sitio\\\/2023\\\/06\\\/03\\\/sportivo-repitio-la-victoria-y-suena-con-quedarse-en-primera\\\/\"},\"wordCount\":630,\"image\":{\"@id\":\"http:\\\/\\\/gentedebasquet.com.ar\\\/sitio\\\/2023\\\/06\\\/03\\\/sportivo-repitio-la-victoria-y-suena-con-quedarse-en-primera\\\/#primaryimage\"},\"thumbnailUrl\":\"http:\\\/\\\/gentedebasquet.com.ar\\\/sitio\\\/wp-content\\\/uploads\\\/2023\\\/06\\\/ASDDASDSA.png\",\"keywords\":[\"9 de Julio\",\"Sportivo Bahiense\"],\"articleSection\":[\"#Overtime\",\"Segunda\",\"Slide\"],\"inLanguage\":\"es\"},{\"@type\":\"WebPage\",\"@id\":\"http:\\\/\\\/gentedebasquet.com.ar\\\/sitio\\\/2023\\\/06\\\/03\\\/sportivo-repitio-la-victoria-y-suena-con-quedarse-en-primera\\\/\",\"url\":\"http:\\\/\\\/gentedebasquet.com.ar\\\/sitio\\\/2023\\\/06\\\/03\\\/sportivo-repitio-la-victoria-y-suena-con-quedarse-en-primera\\\/\",\"name\":\"Sportivo repiti\u00f3 la victoria y sue\u00f1a con quedarse en primera - Gente de B\u00e1squet\",\"isPartOf\":{\"@id\":\"https:\\\/\\\/gentedebasquet.com.ar\\\/sitio\\\/#website\"},\"primaryImageOfPage\":{\"@id\":\"http:\\\/\\\/gentedebasquet.com.ar\\\/sitio\\\/2023\\\/06\\\/03\\\/sportivo-repitio-la-victoria-y-suena-con-quedarse-en-primera\\\/#primaryimage\"},\"image\":{\"@id\":\"http:\\\/\\\/gentedebasquet.com.ar\\\/sitio\\\/2023\\\/06\\\/03\\\/sportivo-repitio-la-victoria-y-suena-con-quedarse-en-primera\\\/#primaryimage\"},\"thumbnailUrl\":\"http:\\\/\\\/gentedebasquet.com.ar\\\/sitio\\\/wp-content\\\/uploads\\\/2023\\\/06\\\/ASDDASDSA.png\",\"datePublished\":\"2023-06-03T03:24:33+00:00\",\"author\":{\"@id\":\"https:\\\/\\\/gentedebasquet.com.ar\\\/sitio\\\/#\\\/schema\\\/person\\\/ca0b63bbb977369988a7bbbdc519943a\"},\"breadcrumb\":{\"@id\":\"http:\\\/\\\/gentedebasquet.com.ar\\\/sitio\\\/2023\\\/06\\\/03\\\/sportivo-repitio-la-victoria-y-suena-con-quedarse-en-primera\\\/#breadcrumb\"},\"inLanguage\":\"es\",\"potentialAction\":[{\"@type\":\"ReadAction\",\"target\":[\"http:\\\/\\\/gentedebasquet.com.ar\\\/sitio\\\/2023\\\/06\\\/03\\\/sportivo-repitio-la-victoria-y-suena-con-quedarse-en-primera\\\/\"]}]},{\"@type\":\"ImageObject\",\"inLanguage\":\"es\",\"@id\":\"http:\\\/\\\/gentedebasquet.com.ar\\\/sitio\\\/2023\\\/06\\\/03\\\/sportivo-repitio-la-victoria-y-suena-con-quedarse-en-primera\\\/#primaryimage\",\"url\":\"http:\\\/\\\/gentedebasquet.com.ar\\\/sitio\\\/wp-content\\\/uploads\\\/2023\\\/06\\\/ASDDASDSA.png\",\"contentUrl\":\"http:\\\/\\\/gentedebasquet.com.ar\\\/sitio\\\/wp-content\\\/uploads\\\/2023\\\/06\\\/ASDDASDSA.png\",\"width\":690,\"height\":319},{\"@type\":\"BreadcrumbList\",\"@id\":\"http:\\\/\\\/gentedebasquet.com.ar\\\/sitio\\\/2023\\\/06\\\/03\\\/sportivo-repitio-la-victoria-y-suena-con-quedarse-en-primera\\\/#breadcrumb\",\"itemListElement\":[{\"@type\":\"ListItem\",\"position\":1,\"name\":\"Portada\",\"item\":\"https:\\\/\\\/gentedebasquet.com.ar\\\/sitio\\\/\"},{\"@type\":\"ListItem\",\"position\":2,\"name\":\"Sportivo repiti\u00f3 la victoria y sue\u00f1a con quedarse en primera\"}]},{\"@type\":\"WebSite\",\"@id\":\"https:\\\/\\\/gentedebasquet.com.ar\\\/sitio\\\/#website\",\"url\":\"https:\\\/\\\/gentedebasquet.com.ar\\\/sitio\\\/\",\"name\":\"Gente de B\u00e1squet\",\"description\":\"La revista del basquet de Bah\u00eda Blanca\",\"potentialAction\":[{\"@type\":\"SearchAction\",\"target\":{\"@type\":\"EntryPoint\",\"urlTemplate\":\"https:\\\/\\\/gentedebasquet.com.ar\\\/sitio\\\/?s={search_term_string}\"},\"query-input\":{\"@type\":\"PropertyValueSpecification\",\"valueRequired\":true,\"valueName\":\"search_term_string\"}}],\"inLanguage\":\"es\"},{\"@type\":\"Person\",\"@id\":\"https:\\\/\\\/gentedebasquet.com.ar\\\/sitio\\\/#\\\/schema\\\/person\\\/ca0b63bbb977369988a7bbbdc519943a\",\"name\":\"Gente de B\u00e1squet\",\"image\":{\"@type\":\"ImageObject\",\"inLanguage\":\"es\",\"@id\":\"https:\\\/\\\/secure.gravatar.com\\\/avatar\\\/7f2c48bdc33b30088f941fb6082e555f2874c98e20cb159d7b92b50eadfce793?s=96&d=mm&r=g\",\"url\":\"https:\\\/\\\/secure.gravatar.com\\\/avatar\\\/7f2c48bdc33b30088f941fb6082e555f2874c98e20cb159d7b92b50eadfce793?s=96&d=mm&r=g\",\"contentUrl\":\"https:\\\/\\\/secure.gravatar.com\\\/avatar\\\/7f2c48bdc33b30088f941fb6082e555f2874c98e20cb159d7b92b50eadfce793?s=96&d=mm&r=g\",\"caption\":\"Gente de B\u00e1squet\"},\"sameAs\":[\"http:\\\/\\\/gentedebasquet.com.ar\\\/sitio\"],\"url\":\"http:\\\/\\\/gentedebasquet.com.ar\\\/sitio\\\/author\\\/ulises\\\/\"}]}<\/script>\n<!-- \/ Yoast SEO plugin. -->","yoast_head_json":{"title":"Sportivo repiti\u00f3 la victoria y sue\u00f1a con quedarse en primera - Gente de B\u00e1squet","robots":{"index":"index","follow":"follow","max-snippet":"max-snippet:-1","max-image-preview":"max-image-preview:large","max-video-preview":"max-video-preview:-1"},"canonical":"http:\/\/gentedebasquet.com.ar\/sitio\/2023\/06\/03\/sportivo-repitio-la-victoria-y-suena-con-quedarse-en-primera\/","og_locale":"es_ES","og_type":"article","og_title":"Sportivo repiti\u00f3 la victoria y sue\u00f1a con quedarse en primera - Gente de B\u00e1squet","og_description":"En su cancha y con su gente, el tricolor de calle Alvarado volvi\u00f3 a sonre\u00edr por segunda vez en esta semana y qued\u00f3 a un paso de mantener la categor\u00eda tras ganarle 66-59 a 9 de Julio por el tercer juego de la serie por la promoci\u00f3n. El arranque del encuentro favoreci\u00f3 a la visita, [&hellip;]","og_url":"http:\/\/gentedebasquet.com.ar\/sitio\/2023\/06\/03\/sportivo-repitio-la-victoria-y-suena-con-quedarse-en-primera\/","og_site_name":"Gente de B\u00e1squet","article_published_time":"2023-06-03T03:24:33+00:00","og_image":[{"width":690,"height":319,"url":"http:\/\/gentedebasquet.com.ar\/sitio\/wp-content\/uploads\/2023\/06\/ASDDASDSA.png","type":"image\/png"}],"author":"Gente de B\u00e1squet","twitter_card":"summary_large_image","twitter_misc":{"Escrito por":"Gente de B\u00e1squet","Tiempo de lectura":"3 minutos"},"schema":{"@context":"https:\/\/schema.org","@graph":[{"@type":"Article","@id":"http:\/\/gentedebasquet.com.ar\/sitio\/2023\/06\/03\/sportivo-repitio-la-victoria-y-suena-con-quedarse-en-primera\/#article","isPartOf":{"@id":"http:\/\/gentedebasquet.com.ar\/sitio\/2023\/06\/03\/sportivo-repitio-la-victoria-y-suena-con-quedarse-en-primera\/"},"author":{"name":"Gente de B\u00e1squet","@id":"https:\/\/gentedebasquet.com.ar\/sitio\/#\/schema\/person\/ca0b63bbb977369988a7bbbdc519943a"},"headline":"Sportivo repiti\u00f3 la victoria y sue\u00f1a con quedarse en primera","datePublished":"2023-06-03T03:24:33+00:00","mainEntityOfPage":{"@id":"http:\/\/gentedebasquet.com.ar\/sitio\/2023\/06\/03\/sportivo-repitio-la-victoria-y-suena-con-quedarse-en-primera\/"},"wordCount":630,"image":{"@id":"http:\/\/gentedebasquet.com.ar\/sitio\/2023\/06\/03\/sportivo-repitio-la-victoria-y-suena-con-quedarse-en-primera\/#primaryimage"},"thumbnailUrl":"http:\/\/gentedebasquet.com.ar\/sitio\/wp-content\/uploads\/2023\/06\/ASDDASDSA.png","keywords":["9 de Julio","Sportivo Bahiense"],"articleSection":["#Overtime","Segunda","Slide"],"inLanguage":"es"},{"@type":"WebPage","@id":"http:\/\/gentedebasquet.com.ar\/sitio\/2023\/06\/03\/sportivo-repitio-la-victoria-y-suena-con-quedarse-en-primera\/","url":"http:\/\/gentedebasquet.com.ar\/sitio\/2023\/06\/03\/sportivo-repitio-la-victoria-y-suena-con-quedarse-en-primera\/","name":"Sportivo repiti\u00f3 la victoria y sue\u00f1a con quedarse en primera - Gente de B\u00e1squet","isPartOf":{"@id":"https:\/\/gentedebasquet.com.ar\/sitio\/#website"},"primaryImageOfPage":{"@id":"http:\/\/gentedebasquet.com.ar\/sitio\/2023\/06\/03\/sportivo-repitio-la-victoria-y-suena-con-quedarse-en-primera\/#primaryimage"},"image":{"@id":"http:\/\/gentedebasquet.com.ar\/sitio\/2023\/06\/03\/sportivo-repitio-la-victoria-y-suena-con-quedarse-en-primera\/#primaryimage"},"thumbnailUrl":"http:\/\/gentedebasquet.com.ar\/sitio\/wp-content\/uploads\/2023\/06\/ASDDASDSA.png","datePublished":"2023-06-03T03:24:33+00:00","author":{"@id":"https:\/\/gentedebasquet.com.ar\/sitio\/#\/schema\/person\/ca0b63bbb977369988a7bbbdc519943a"},"breadcrumb":{"@id":"http:\/\/gentedebasquet.com.ar\/sitio\/2023\/06\/03\/sportivo-repitio-la-victoria-y-suena-con-quedarse-en-primera\/#breadcrumb"},"inLanguage":"es","potentialAction":[{"@type":"ReadAction","target":["http:\/\/gentedebasquet.com.ar\/sitio\/2023\/06\/03\/sportivo-repitio-la-victoria-y-suena-con-quedarse-en-primera\/"]}]},{"@type":"ImageObject","inLanguage":"es","@id":"http:\/\/gentedebasquet.com.ar\/sitio\/2023\/06\/03\/sportivo-repitio-la-victoria-y-suena-con-quedarse-en-primera\/#primaryimage","url":"http:\/\/gentedebasquet.com.ar\/sitio\/wp-content\/uploads\/2023\/06\/ASDDASDSA.png","contentUrl":"http:\/\/gentedebasquet.com.ar\/sitio\/wp-content\/uploads\/2023\/06\/ASDDASDSA.png","width":690,"height":319},{"@type":"BreadcrumbList","@id":"http:\/\/gentedebasquet.com.ar\/sitio\/2023\/06\/03\/sportivo-repitio-la-victoria-y-suena-con-quedarse-en-primera\/#breadcrumb","itemListElement":[{"@type":"ListItem","position":1,"name":"Portada","item":"https:\/\/gentedebasquet.com.ar\/sitio\/"},{"@type":"ListItem","position":2,"name":"Sportivo repiti\u00f3 la victoria y sue\u00f1a con quedarse en primera"}]},{"@type":"WebSite","@id":"https:\/\/gentedebasquet.com.ar\/sitio\/#website","url":"https:\/\/gentedebasquet.com.ar\/sitio\/","name":"Gente de B\u00e1squet","description":"La revista del basquet de Bah\u00eda Blanca","potentialAction":[{"@type":"SearchAction","target":{"@type":"EntryPoint","urlTemplate":"https:\/\/gentedebasquet.com.ar\/sitio\/?s={search_term_string}"},"query-input":{"@type":"PropertyValueSpecification","valueRequired":true,"valueName":"search_term_string"}}],"inLanguage":"es"},{"@type":"Person","@id":"https:\/\/gentedebasquet.com.ar\/sitio\/#\/schema\/person\/ca0b63bbb977369988a7bbbdc519943a","name":"Gente de B\u00e1squet","image":{"@type":"ImageObject","inLanguage":"es","@id":"https:\/\/secure.gravatar.com\/avatar\/7f2c48bdc33b30088f941fb6082e555f2874c98e20cb159d7b92b50eadfce793?s=96&d=mm&r=g","url":"https:\/\/secure.gravatar.com\/avatar\/7f2c48bdc33b30088f941fb6082e555f2874c98e20cb159d7b92b50eadfce793?s=96&d=mm&r=g","contentUrl":"https:\/\/secure.gravatar.com\/avatar\/7f2c48bdc33b30088f941fb6082e555f2874c98e20cb159d7b92b50eadfce793?s=96&d=mm&r=g","caption":"Gente de B\u00e1squet"},"sameAs":["http:\/\/gentedebasquet.com.ar\/sitio"],"url":"http:\/\/gentedebasquet.com.ar\/sitio\/author\/ulises\/"}]}},"_links":{"self":[{"href":"http:\/\/gentedebasquet.com.ar\/sitio\/wp-json\/wp\/v2\/posts\/107830","targetHints":{"allow":["GET"]}}],"collection":[{"href":"http:\/\/gentedebasquet.com.ar\/sitio\/wp-json\/wp\/v2\/posts"}],"about":[{"href":"http:\/\/gentedebasquet.com.ar\/sitio\/wp-json\/wp\/v2\/types\/post"}],"author":[{"embeddable":true,"href":"http:\/\/gentedebasquet.com.ar\/sitio\/wp-json\/wp\/v2\/users\/1"}],"replies":[{"embeddable":true,"href":"http:\/\/gentedebasquet.com.ar\/sitio\/wp-json\/wp\/v2\/comments?post=107830"}],"version-history":[{"count":0,"href":"http:\/\/gentedebasquet.com.ar\/sitio\/wp-json\/wp\/v2\/posts\/107830\/revisions"}],"wp:featuredmedia":[{"embeddable":true,"href":"http:\/\/gentedebasquet.com.ar\/sitio\/wp-json\/wp\/v2\/media\/107835"}],"wp:attachment":[{"href":"http:\/\/gentedebasquet.com.ar\/sitio\/wp-json\/wp\/v2\/media?parent=107830"}],"wp:term":[{"taxonomy":"category","embeddable":true,"href":"http:\/\/gentedebasquet.com.ar\/sitio\/wp-json\/wp\/v2\/categories?post=107830"},{"taxonomy":"post_tag","embeddable":true,"href":"http:\/\/gentedebasquet.com.ar\/sitio\/wp-json\/wp\/v2\/tags?post=107830"}],"curies":[{"name":"wp","href":"https:\/\/api.w.org\/{rel}","templated":true}]}}