{"id":108851,"date":"2023-10-02T06:28:35","date_gmt":"2023-10-02T04:28:35","guid":{"rendered":"https:\/\/gentedebasquet.com.ar\/sitio\/?p=108851"},"modified":"2023-10-02T06:28:35","modified_gmt":"2023-10-02T04:28:35","slug":"9-de-julio-gano-el-segundo-y-esta-en-la-cima","status":"publish","type":"post","link":"http:\/\/gentedebasquet.com.ar\/sitio\/2023\/10\/02\/9-de-julio-gano-el-segundo-y-esta-en-la-cima\/","title":{"rendered":"9 de Julio gan\u00f3 el segundo y est\u00e1 en la cima"},"content":{"rendered":"<p><strong>En este torneo de la primera divisi\u00f3n femenina que reci\u00e9n est\u00e1 empezando el elenco dirigido por Juli\u00e1n Turcato puede disfrutar de su condici\u00f3n de l\u00edder, que hoy comparte con El Nacional. Ambos ganaron en sus dos presentaciones. En la noche del domingo 1 de octubre el elenco de la esquina de 9 de Julio y Charlone venci\u00f3 a Sportivo Bahiense 68 a 63.<\/strong><\/p>\n<p><strong>Sportivo comenz\u00f3 el partido provocando da\u00f1os con sus avances r\u00e1pidos despu\u00e9s de robar pelotas en repetidas oportunidades. 9 de Julio tuvo un inicio desordenado, tard\u00f3 algunos minutos en empezar a repartirse la pelota de forma segura. Cuando lo hizo encontr\u00f3 eficacia en los tiros y logr\u00f3 pasar al frente en el marcador. La paridad fue algo constante en toda la primera mitad del choque, que fue ganada por el visitante 55 a 51.<\/strong><\/p>\n<p><strong>Sportivo pudo agregarle unos puntos a su ventaja en el arranque del tercer cuarto. 9 de Julio emparej\u00f3 gracias a su mayor velocidad en las contras y su defensa desgastante sobre las goleadoras rivales.\u00a0<\/strong><\/p>\n<p><strong>En esta segunda mitad hubo tramos con varios errores de los dos equipos, en los que el resultado apenas cambiaba. A 4 minutos del cierre Sportivo Bahiense ganaba por 5 puntos (60-55). A continuaci\u00f3n un triple de Corval\u00e1n (el \u00fanico de su noche), m\u00e1s un simple de la misma jugadora y otro de Victoria Martin permitieron que el anfitri\u00f3n iguale en 60 apenas un minuto despu\u00e9s. Ese fue el principio del fin para Sportivo, que se desorient\u00f3 y dej\u00f3 que su rival tome el mando. Otra jugada destacada y decisiva de las azules ocurri\u00f3 unos segundos m\u00e1s tarde. Anahel Maurer, m\u00e1xima goleadora del ganador, penetr\u00f3, anot\u00f3 en bandeja y rob\u00f3 una falta. Meti\u00f3 el tiro libre adicional y el tanteador qued\u00f3 65-62 en favor de su plantel. El tiempo restante jug\u00f3 para 9 de Julio, que solo tuvo que anotar dos tiros libres m\u00e1s para asegurar esta nueva victoria en el principal torneo femenino bahiense.<\/strong><\/p>\n<p><img decoding=\"async\" class=\"alignnone size-full wp-image-108712\" src=\"http:\/\/gentedebasquet.com.ar\/sitio\/wp-content\/uploads\/2023\/09\/Gif-Publicidades-1-1.gif\" alt=\"\" width=\"300\" height=\"250\" \/><\/p>\n<div class=\"jeg_video_container jeg_video_content\">\n<div class=\"jeg_video_container jeg_video_content\"><iframe loading=\"lazy\" title=\"#PrimeraFemenino - Fecha #2: 9 de Julio 68 - 63 Sportivo Bahiense\" width=\"500\" height=\"281\" src=\"https:\/\/www.youtube.com\/embed\/fURMgnLoi7U?feature=oembed\" frameborder=\"0\" allow=\"accelerometer; autoplay; clipboard-write; encrypted-media; gyroscope; picture-in-picture; web-share\" referrerpolicy=\"strict-origin-when-cross-origin\" allowfullscreen><\/iframe><\/div>\n<\/div>\n<p><img decoding=\"async\" class=\"alignnone wp-image-108858 \" src=\"http:\/\/gentedebasquet.com.ar\/sitio\/wp-content\/uploads\/2023\/10\/CLAVE9DJ-fem-5-300x225.png\" alt=\"\" width=\"407\" height=\"305\" srcset=\"http:\/\/gentedebasquet.com.ar\/sitio\/wp-content\/uploads\/2023\/10\/CLAVE9DJ-fem-5-300x225.png 300w, http:\/\/gentedebasquet.com.ar\/sitio\/wp-content\/uploads\/2023\/10\/CLAVE9DJ-fem-5.png 640w\" sizes=\"(max-width: 407px) 100vw, 407px\" \/><\/p>\n<p><img decoding=\"async\" class=\"alignnone size-full wp-image-108713\" src=\"http:\/\/gentedebasquet.com.ar\/sitio\/wp-content\/uploads\/2023\/09\/Gif-Publicidades-2-1.gif\" alt=\"\" width=\"300\" height=\"250\" \/><\/p>\n<p><img decoding=\"async\" class=\"alignnone wp-image-108861 \" src=\"http:\/\/gentedebasquet.com.ar\/sitio\/wp-content\/uploads\/2023\/10\/Anahel-1-300x225.png\" alt=\"\" width=\"383\" height=\"287\" data-pin-no-hover=\"true\" srcset=\"http:\/\/gentedebasquet.com.ar\/sitio\/wp-content\/uploads\/2023\/10\/Anahel-1-300x225.png 300w, http:\/\/gentedebasquet.com.ar\/sitio\/wp-content\/uploads\/2023\/10\/Anahel-1.png 640w\" sizes=\"(max-width: 383px) 100vw, 383px\" \/><\/p>\n<blockquote><p>Jugamos en equipo, nos estamos ayudando entre todas. Tenemos dos bajas importantes (Emilia Fernandez y Bel\u00e9n Tombesi). Todas tenemos que hacer lo que estabamos haciendo y un poquito m\u00e1s tambien. Creo que si seguimos haciendo lo que hicimos hoy vamos a poder ganar en las pr\u00f3ximas fechas. <strong>Anahel Maurer, 9 de Julio.<\/strong><\/p>\n<p>&nbsp;<\/p>\n<p><img decoding=\"async\" class=\"alignnone wp-image-108857 \" src=\"http:\/\/gentedebasquet.com.ar\/sitio\/wp-content\/uploads\/2023\/10\/MVP9DJ-fem-5-300x225.png\" alt=\"\" width=\"405\" height=\"304\" data-pin-no-hover=\"true\" srcset=\"http:\/\/gentedebasquet.com.ar\/sitio\/wp-content\/uploads\/2023\/10\/MVP9DJ-fem-5-300x225.png 300w, http:\/\/gentedebasquet.com.ar\/sitio\/wp-content\/uploads\/2023\/10\/MVP9DJ-fem-5.png 640w\" sizes=\"(max-width: 405px) 100vw, 405px\" \/><\/p><\/blockquote>\n<p><img decoding=\"async\" class=\"alignnone size-full wp-image-108714\" src=\"http:\/\/gentedebasquet.com.ar\/sitio\/wp-content\/uploads\/2023\/09\/Gif-Publicidades-3-1.gif\" alt=\"\" width=\"300\" height=\"250\" \/><\/p>\n<p><strong>S\u00edntesis<\/strong> \u2013 <b>Femenino &#8211; Fecha #2<\/b><\/p>\n<p><strong>9 de Julio 68: <\/strong>Ileana Corval\u00e1n 13; Anahel Maurer 20; Carmela Dehumara 11; Tamara Nieva 2; Victoria Martin 7 <strong>(<\/strong><strong>F.I.)\u00a0<\/strong>G\u00e9nesis Haberkorn; Isabella Rold\u00e1n 8; Catalina Arena 5; Jessica Azaroff; Celina Stempelet; Amparo Althabe 2; Clara Kiessling. <strong>DT:\u00a0<\/strong>Juli\u00e1n Turcato.<\/p>\n<p><strong>Sportivo Bahiense 63:\u00a0<\/strong>Abril Lella 7; Roc\u00edo Hammerschmidt 2; Bernardita Marcocci 21; Agustina Kenny 15; Guillermina Rial 3 <strong>(F.I.)\u00a0<\/strong>B\u00e1rbara Cunningham 2; Camila Irigoyen 10; Regina Sesma 2; Florencia Sorbellini; Rosario Albarrac\u00edn 1; Agustina Disdel; Micaela Larralde. <strong>DT:<\/strong> Mat\u00edas Gomez.<\/p>\n<p><strong>Parciales:<\/strong> 18-21; 35-35 (17-14); 51-55 (16-20); 68-63 (17-8).<\/p>\n<p><strong>\u00c1rbitros:<\/strong> Marcelo Gordillo &#8211; Leandro Bressan.<\/p>\n<p><strong>Estadio:<\/strong> N\u00e9stor Damiani (9 de Julio).<\/p>\n<p><img decoding=\"async\" class=\"alignnone wp-image-108718\" src=\"http:\/\/gentedebasquet.com.ar\/sitio\/wp-content\/uploads\/2023\/09\/Gif-Publicidades-4-1.gif\" alt=\"\" width=\"332\" height=\"277\" \/><\/p>\n<p><img decoding=\"async\" class=\"alignnone wp-image-108863 \" src=\"http:\/\/gentedebasquet.com.ar\/sitio\/wp-content\/uploads\/2023\/10\/vlcsnap-2023-10-02-01h26m20s215-300x225.png\" alt=\"\" width=\"403\" height=\"302\" data-pin-no-hover=\"true\" srcset=\"http:\/\/gentedebasquet.com.ar\/sitio\/wp-content\/uploads\/2023\/10\/vlcsnap-2023-10-02-01h26m20s215-300x225.png 300w, http:\/\/gentedebasquet.com.ar\/sitio\/wp-content\/uploads\/2023\/10\/vlcsnap-2023-10-02-01h26m20s215.png 640w\" sizes=\"(max-width: 403px) 100vw, 403px\" \/><\/p>\n","protected":false},"excerpt":{"rendered":"<p>En este torneo de la primera divisi\u00f3n femenina que reci\u00e9n est\u00e1 empezando el elenco dirigido por Juli\u00e1n Turcato puede disfrutar de su condici\u00f3n de l\u00edder, que hoy comparte con El Nacional. Ambos ganaron en sus dos presentaciones. En la noche del domingo 1 de octubre el elenco de la esquina de 9 de Julio y [&hellip;]<\/p>\n","protected":false},"author":70,"featured_media":108864,"comment_status":"open","ping_status":"open","sticky":false,"template":"","format":"standard","meta":{"jnews-multi-image_gallery":[],"jnews_single_post":{"source_name":"","source_url":"","via_name":"","via_url":"","override_template":"0","override":[{"template":"1","single_blog_custom":"","parallax":"1","fullscreen":"1","layout":"right-sidebar","sidebar":"default-sidebar","second_sidebar":"default-sidebar","sticky_sidebar":"1","share_position":"top","share_float_style":"share-monocrhome","show_share_counter":"0","show_view_counter":"0","show_featured":"1","show_post_meta":"1","show_post_author":"1","show_post_author_image":"1","show_post_date":"1","post_date_format":"default","post_date_format_custom":"Y\/m\/d","show_post_category":"1","show_post_reading_time":"0","post_reading_time_wpm":"300","show_zoom_button":"0","zoom_button_out_step":"2","zoom_button_in_step":"3","show_post_tag":"1","show_prev_next_post":"1","show_popup_post":"1","number_popup_post":"1","show_author_box":"0","show_post_related":"0","show_inline_post_related":"0"}],"override_image_size":"0","image_override":[{"single_post_thumbnail_size":"crop-500","single_post_gallery_size":"crop-500"}],"trending_post":"0","trending_post_position":"meta","trending_post_label":"Trending","sponsored_post":"0","sponsored_post_label":"Sponsored by","sponsored_post_name":"","sponsored_post_url":"","sponsored_post_logo_enable":"0","sponsored_post_logo":"","sponsored_post_desc":"","disable_ad":"0"},"jnews_primary_category":{"id":"","hide":""},"footnotes":""},"categories":[33,101],"tags":[2,1941,1825,20],"class_list":["post-108851","post","type-post","status-publish","format-standard","has-post-thumbnail","hentry","category-femenino","category-slide","tag-9dejulio","tag-anahel-maurer","tag-bernardita-marcocci","tag-sportivo-bahiense"],"yoast_head":"<!-- This site is optimized with the Yoast SEO plugin v27.5 - https:\/\/yoast.com\/product\/yoast-seo-wordpress\/ -->\n<title>9 de Julio gan\u00f3 el segundo y est\u00e1 en la cima - Gente de B\u00e1squet<\/title>\n<meta name=\"robots\" content=\"index, follow, max-snippet:-1, max-image-preview:large, max-video-preview:-1\" \/>\n<link rel=\"canonical\" href=\"http:\/\/gentedebasquet.com.ar\/sitio\/2023\/10\/02\/9-de-julio-gano-el-segundo-y-esta-en-la-cima\/\" \/>\n<meta property=\"og:locale\" content=\"es_ES\" \/>\n<meta property=\"og:type\" content=\"article\" \/>\n<meta property=\"og:title\" content=\"9 de Julio gan\u00f3 el segundo y est\u00e1 en la cima - Gente de B\u00e1squet\" \/>\n<meta property=\"og:description\" content=\"En este torneo de la primera divisi\u00f3n femenina que reci\u00e9n est\u00e1 empezando el elenco dirigido por Juli\u00e1n Turcato puede disfrutar de su condici\u00f3n de l\u00edder, que hoy comparte con El Nacional. Ambos ganaron en sus dos presentaciones. En la noche del domingo 1 de octubre el elenco de la esquina de 9 de Julio y [&hellip;]\" \/>\n<meta property=\"og:url\" content=\"http:\/\/gentedebasquet.com.ar\/sitio\/2023\/10\/02\/9-de-julio-gano-el-segundo-y-esta-en-la-cima\/\" \/>\n<meta property=\"og:site_name\" content=\"Gente de B\u00e1squet\" \/>\n<meta property=\"article:published_time\" content=\"2023-10-02T04:28:35+00:00\" \/>\n<meta property=\"og:image\" content=\"http:\/\/gentedebasquet.com.ar\/sitio\/wp-content\/uploads\/2023\/10\/vlcsnap-2023-10-02-01h23m21s301.png\" \/>\n\t<meta property=\"og:image:width\" content=\"690\" \/>\n\t<meta property=\"og:image:height\" content=\"319\" \/>\n\t<meta property=\"og:image:type\" content=\"image\/png\" \/>\n<meta name=\"author\" content=\"Andres Camarero\" \/>\n<meta name=\"twitter:card\" content=\"summary_large_image\" \/>\n<meta name=\"twitter:label1\" content=\"Escrito por\" \/>\n\t<meta name=\"twitter:data1\" content=\"Andres Camarero\" \/>\n\t<meta name=\"twitter:label2\" content=\"Tiempo de lectura\" \/>\n\t<meta name=\"twitter:data2\" content=\"4 minutos\" \/>\n<script type=\"application\/ld+json\" class=\"yoast-schema-graph\">{\"@context\":\"https:\\\/\\\/schema.org\",\"@graph\":[{\"@type\":\"Article\",\"@id\":\"http:\\\/\\\/gentedebasquet.com.ar\\\/sitio\\\/2023\\\/10\\\/02\\\/9-de-julio-gano-el-segundo-y-esta-en-la-cima\\\/#article\",\"isPartOf\":{\"@id\":\"http:\\\/\\\/gentedebasquet.com.ar\\\/sitio\\\/2023\\\/10\\\/02\\\/9-de-julio-gano-el-segundo-y-esta-en-la-cima\\\/\"},\"author\":{\"name\":\"Andres Camarero\",\"@id\":\"https:\\\/\\\/gentedebasquet.com.ar\\\/sitio\\\/#\\\/schema\\\/person\\\/6f3e5bc5df127b420a445d22fc9eaa51\"},\"headline\":\"9 de Julio gan\u00f3 el segundo y est\u00e1 en la cima\",\"datePublished\":\"2023-10-02T04:28:35+00:00\",\"mainEntityOfPage\":{\"@id\":\"http:\\\/\\\/gentedebasquet.com.ar\\\/sitio\\\/2023\\\/10\\\/02\\\/9-de-julio-gano-el-segundo-y-esta-en-la-cima\\\/\"},\"wordCount\":499,\"commentCount\":0,\"image\":{\"@id\":\"http:\\\/\\\/gentedebasquet.com.ar\\\/sitio\\\/2023\\\/10\\\/02\\\/9-de-julio-gano-el-segundo-y-esta-en-la-cima\\\/#primaryimage\"},\"thumbnailUrl\":\"http:\\\/\\\/gentedebasquet.com.ar\\\/sitio\\\/wp-content\\\/uploads\\\/2023\\\/10\\\/vlcsnap-2023-10-02-01h23m21s301.png\",\"keywords\":[\"9 de Julio\",\"Anahel Maurer\",\"Bernardita Marcocci\",\"Sportivo Bahiense\"],\"articleSection\":[\"Femenino\",\"Slide\"],\"inLanguage\":\"es\",\"potentialAction\":[{\"@type\":\"CommentAction\",\"name\":\"Comment\",\"target\":[\"http:\\\/\\\/gentedebasquet.com.ar\\\/sitio\\\/2023\\\/10\\\/02\\\/9-de-julio-gano-el-segundo-y-esta-en-la-cima\\\/#respond\"]}]},{\"@type\":\"WebPage\",\"@id\":\"http:\\\/\\\/gentedebasquet.com.ar\\\/sitio\\\/2023\\\/10\\\/02\\\/9-de-julio-gano-el-segundo-y-esta-en-la-cima\\\/\",\"url\":\"http:\\\/\\\/gentedebasquet.com.ar\\\/sitio\\\/2023\\\/10\\\/02\\\/9-de-julio-gano-el-segundo-y-esta-en-la-cima\\\/\",\"name\":\"9 de Julio gan\u00f3 el segundo y est\u00e1 en la cima - Gente de B\u00e1squet\",\"isPartOf\":{\"@id\":\"https:\\\/\\\/gentedebasquet.com.ar\\\/sitio\\\/#website\"},\"primaryImageOfPage\":{\"@id\":\"http:\\\/\\\/gentedebasquet.com.ar\\\/sitio\\\/2023\\\/10\\\/02\\\/9-de-julio-gano-el-segundo-y-esta-en-la-cima\\\/#primaryimage\"},\"image\":{\"@id\":\"http:\\\/\\\/gentedebasquet.com.ar\\\/sitio\\\/2023\\\/10\\\/02\\\/9-de-julio-gano-el-segundo-y-esta-en-la-cima\\\/#primaryimage\"},\"thumbnailUrl\":\"http:\\\/\\\/gentedebasquet.com.ar\\\/sitio\\\/wp-content\\\/uploads\\\/2023\\\/10\\\/vlcsnap-2023-10-02-01h23m21s301.png\",\"datePublished\":\"2023-10-02T04:28:35+00:00\",\"author\":{\"@id\":\"https:\\\/\\\/gentedebasquet.com.ar\\\/sitio\\\/#\\\/schema\\\/person\\\/6f3e5bc5df127b420a445d22fc9eaa51\"},\"breadcrumb\":{\"@id\":\"http:\\\/\\\/gentedebasquet.com.ar\\\/sitio\\\/2023\\\/10\\\/02\\\/9-de-julio-gano-el-segundo-y-esta-en-la-cima\\\/#breadcrumb\"},\"inLanguage\":\"es\",\"potentialAction\":[{\"@type\":\"ReadAction\",\"target\":[\"http:\\\/\\\/gentedebasquet.com.ar\\\/sitio\\\/2023\\\/10\\\/02\\\/9-de-julio-gano-el-segundo-y-esta-en-la-cima\\\/\"]}]},{\"@type\":\"ImageObject\",\"inLanguage\":\"es\",\"@id\":\"http:\\\/\\\/gentedebasquet.com.ar\\\/sitio\\\/2023\\\/10\\\/02\\\/9-de-julio-gano-el-segundo-y-esta-en-la-cima\\\/#primaryimage\",\"url\":\"http:\\\/\\\/gentedebasquet.com.ar\\\/sitio\\\/wp-content\\\/uploads\\\/2023\\\/10\\\/vlcsnap-2023-10-02-01h23m21s301.png\",\"contentUrl\":\"http:\\\/\\\/gentedebasquet.com.ar\\\/sitio\\\/wp-content\\\/uploads\\\/2023\\\/10\\\/vlcsnap-2023-10-02-01h23m21s301.png\",\"width\":690,\"height\":319},{\"@type\":\"BreadcrumbList\",\"@id\":\"http:\\\/\\\/gentedebasquet.com.ar\\\/sitio\\\/2023\\\/10\\\/02\\\/9-de-julio-gano-el-segundo-y-esta-en-la-cima\\\/#breadcrumb\",\"itemListElement\":[{\"@type\":\"ListItem\",\"position\":1,\"name\":\"Portada\",\"item\":\"https:\\\/\\\/gentedebasquet.com.ar\\\/sitio\\\/\"},{\"@type\":\"ListItem\",\"position\":2,\"name\":\"9 de Julio gan\u00f3 el segundo y est\u00e1 en la cima\"}]},{\"@type\":\"WebSite\",\"@id\":\"https:\\\/\\\/gentedebasquet.com.ar\\\/sitio\\\/#website\",\"url\":\"https:\\\/\\\/gentedebasquet.com.ar\\\/sitio\\\/\",\"name\":\"Gente de B\u00e1squet\",\"description\":\"La revista del basquet de Bah\u00eda Blanca\",\"potentialAction\":[{\"@type\":\"SearchAction\",\"target\":{\"@type\":\"EntryPoint\",\"urlTemplate\":\"https:\\\/\\\/gentedebasquet.com.ar\\\/sitio\\\/?s={search_term_string}\"},\"query-input\":{\"@type\":\"PropertyValueSpecification\",\"valueRequired\":true,\"valueName\":\"search_term_string\"}}],\"inLanguage\":\"es\"},{\"@type\":\"Person\",\"@id\":\"https:\\\/\\\/gentedebasquet.com.ar\\\/sitio\\\/#\\\/schema\\\/person\\\/6f3e5bc5df127b420a445d22fc9eaa51\",\"name\":\"Andres Camarero\",\"image\":{\"@type\":\"ImageObject\",\"inLanguage\":\"es\",\"@id\":\"https:\\\/\\\/secure.gravatar.com\\\/avatar\\\/f6d4884ec54a50c25ccd5e4f54f5e904d09dfe74ef58e58f631f3917b6fed7cd?s=96&d=mm&r=g\",\"url\":\"https:\\\/\\\/secure.gravatar.com\\\/avatar\\\/f6d4884ec54a50c25ccd5e4f54f5e904d09dfe74ef58e58f631f3917b6fed7cd?s=96&d=mm&r=g\",\"contentUrl\":\"https:\\\/\\\/secure.gravatar.com\\\/avatar\\\/f6d4884ec54a50c25ccd5e4f54f5e904d09dfe74ef58e58f631f3917b6fed7cd?s=96&d=mm&r=g\",\"caption\":\"Andres Camarero\"},\"url\":\"http:\\\/\\\/gentedebasquet.com.ar\\\/sitio\\\/author\\\/andres-camarero\\\/\"}]}<\/script>\n<!-- \/ Yoast SEO plugin. -->","yoast_head_json":{"title":"9 de Julio gan\u00f3 el segundo y est\u00e1 en la cima - Gente de B\u00e1squet","robots":{"index":"index","follow":"follow","max-snippet":"max-snippet:-1","max-image-preview":"max-image-preview:large","max-video-preview":"max-video-preview:-1"},"canonical":"http:\/\/gentedebasquet.com.ar\/sitio\/2023\/10\/02\/9-de-julio-gano-el-segundo-y-esta-en-la-cima\/","og_locale":"es_ES","og_type":"article","og_title":"9 de Julio gan\u00f3 el segundo y est\u00e1 en la cima - Gente de B\u00e1squet","og_description":"En este torneo de la primera divisi\u00f3n femenina que reci\u00e9n est\u00e1 empezando el elenco dirigido por Juli\u00e1n Turcato puede disfrutar de su condici\u00f3n de l\u00edder, que hoy comparte con El Nacional. Ambos ganaron en sus dos presentaciones. En la noche del domingo 1 de octubre el elenco de la esquina de 9 de Julio y [&hellip;]","og_url":"http:\/\/gentedebasquet.com.ar\/sitio\/2023\/10\/02\/9-de-julio-gano-el-segundo-y-esta-en-la-cima\/","og_site_name":"Gente de B\u00e1squet","article_published_time":"2023-10-02T04:28:35+00:00","og_image":[{"width":690,"height":319,"url":"http:\/\/gentedebasquet.com.ar\/sitio\/wp-content\/uploads\/2023\/10\/vlcsnap-2023-10-02-01h23m21s301.png","type":"image\/png"}],"author":"Andres Camarero","twitter_card":"summary_large_image","twitter_misc":{"Escrito por":"Andres Camarero","Tiempo de lectura":"4 minutos"},"schema":{"@context":"https:\/\/schema.org","@graph":[{"@type":"Article","@id":"http:\/\/gentedebasquet.com.ar\/sitio\/2023\/10\/02\/9-de-julio-gano-el-segundo-y-esta-en-la-cima\/#article","isPartOf":{"@id":"http:\/\/gentedebasquet.com.ar\/sitio\/2023\/10\/02\/9-de-julio-gano-el-segundo-y-esta-en-la-cima\/"},"author":{"name":"Andres Camarero","@id":"https:\/\/gentedebasquet.com.ar\/sitio\/#\/schema\/person\/6f3e5bc5df127b420a445d22fc9eaa51"},"headline":"9 de Julio gan\u00f3 el segundo y est\u00e1 en la cima","datePublished":"2023-10-02T04:28:35+00:00","mainEntityOfPage":{"@id":"http:\/\/gentedebasquet.com.ar\/sitio\/2023\/10\/02\/9-de-julio-gano-el-segundo-y-esta-en-la-cima\/"},"wordCount":499,"commentCount":0,"image":{"@id":"http:\/\/gentedebasquet.com.ar\/sitio\/2023\/10\/02\/9-de-julio-gano-el-segundo-y-esta-en-la-cima\/#primaryimage"},"thumbnailUrl":"http:\/\/gentedebasquet.com.ar\/sitio\/wp-content\/uploads\/2023\/10\/vlcsnap-2023-10-02-01h23m21s301.png","keywords":["9 de Julio","Anahel Maurer","Bernardita Marcocci","Sportivo Bahiense"],"articleSection":["Femenino","Slide"],"inLanguage":"es","potentialAction":[{"@type":"CommentAction","name":"Comment","target":["http:\/\/gentedebasquet.com.ar\/sitio\/2023\/10\/02\/9-de-julio-gano-el-segundo-y-esta-en-la-cima\/#respond"]}]},{"@type":"WebPage","@id":"http:\/\/gentedebasquet.com.ar\/sitio\/2023\/10\/02\/9-de-julio-gano-el-segundo-y-esta-en-la-cima\/","url":"http:\/\/gentedebasquet.com.ar\/sitio\/2023\/10\/02\/9-de-julio-gano-el-segundo-y-esta-en-la-cima\/","name":"9 de Julio gan\u00f3 el segundo y est\u00e1 en la cima - Gente de B\u00e1squet","isPartOf":{"@id":"https:\/\/gentedebasquet.com.ar\/sitio\/#website"},"primaryImageOfPage":{"@id":"http:\/\/gentedebasquet.com.ar\/sitio\/2023\/10\/02\/9-de-julio-gano-el-segundo-y-esta-en-la-cima\/#primaryimage"},"image":{"@id":"http:\/\/gentedebasquet.com.ar\/sitio\/2023\/10\/02\/9-de-julio-gano-el-segundo-y-esta-en-la-cima\/#primaryimage"},"thumbnailUrl":"http:\/\/gentedebasquet.com.ar\/sitio\/wp-content\/uploads\/2023\/10\/vlcsnap-2023-10-02-01h23m21s301.png","datePublished":"2023-10-02T04:28:35+00:00","author":{"@id":"https:\/\/gentedebasquet.com.ar\/sitio\/#\/schema\/person\/6f3e5bc5df127b420a445d22fc9eaa51"},"breadcrumb":{"@id":"http:\/\/gentedebasquet.com.ar\/sitio\/2023\/10\/02\/9-de-julio-gano-el-segundo-y-esta-en-la-cima\/#breadcrumb"},"inLanguage":"es","potentialAction":[{"@type":"ReadAction","target":["http:\/\/gentedebasquet.com.ar\/sitio\/2023\/10\/02\/9-de-julio-gano-el-segundo-y-esta-en-la-cima\/"]}]},{"@type":"ImageObject","inLanguage":"es","@id":"http:\/\/gentedebasquet.com.ar\/sitio\/2023\/10\/02\/9-de-julio-gano-el-segundo-y-esta-en-la-cima\/#primaryimage","url":"http:\/\/gentedebasquet.com.ar\/sitio\/wp-content\/uploads\/2023\/10\/vlcsnap-2023-10-02-01h23m21s301.png","contentUrl":"http:\/\/gentedebasquet.com.ar\/sitio\/wp-content\/uploads\/2023\/10\/vlcsnap-2023-10-02-01h23m21s301.png","width":690,"height":319},{"@type":"BreadcrumbList","@id":"http:\/\/gentedebasquet.com.ar\/sitio\/2023\/10\/02\/9-de-julio-gano-el-segundo-y-esta-en-la-cima\/#breadcrumb","itemListElement":[{"@type":"ListItem","position":1,"name":"Portada","item":"https:\/\/gentedebasquet.com.ar\/sitio\/"},{"@type":"ListItem","position":2,"name":"9 de Julio gan\u00f3 el segundo y est\u00e1 en la cima"}]},{"@type":"WebSite","@id":"https:\/\/gentedebasquet.com.ar\/sitio\/#website","url":"https:\/\/gentedebasquet.com.ar\/sitio\/","name":"Gente de B\u00e1squet","description":"La revista del basquet de Bah\u00eda Blanca","potentialAction":[{"@type":"SearchAction","target":{"@type":"EntryPoint","urlTemplate":"https:\/\/gentedebasquet.com.ar\/sitio\/?s={search_term_string}"},"query-input":{"@type":"PropertyValueSpecification","valueRequired":true,"valueName":"search_term_string"}}],"inLanguage":"es"},{"@type":"Person","@id":"https:\/\/gentedebasquet.com.ar\/sitio\/#\/schema\/person\/6f3e5bc5df127b420a445d22fc9eaa51","name":"Andres Camarero","image":{"@type":"ImageObject","inLanguage":"es","@id":"https:\/\/secure.gravatar.com\/avatar\/f6d4884ec54a50c25ccd5e4f54f5e904d09dfe74ef58e58f631f3917b6fed7cd?s=96&d=mm&r=g","url":"https:\/\/secure.gravatar.com\/avatar\/f6d4884ec54a50c25ccd5e4f54f5e904d09dfe74ef58e58f631f3917b6fed7cd?s=96&d=mm&r=g","contentUrl":"https:\/\/secure.gravatar.com\/avatar\/f6d4884ec54a50c25ccd5e4f54f5e904d09dfe74ef58e58f631f3917b6fed7cd?s=96&d=mm&r=g","caption":"Andres Camarero"},"url":"http:\/\/gentedebasquet.com.ar\/sitio\/author\/andres-camarero\/"}]}},"_links":{"self":[{"href":"http:\/\/gentedebasquet.com.ar\/sitio\/wp-json\/wp\/v2\/posts\/108851","targetHints":{"allow":["GET"]}}],"collection":[{"href":"http:\/\/gentedebasquet.com.ar\/sitio\/wp-json\/wp\/v2\/posts"}],"about":[{"href":"http:\/\/gentedebasquet.com.ar\/sitio\/wp-json\/wp\/v2\/types\/post"}],"author":[{"embeddable":true,"href":"http:\/\/gentedebasquet.com.ar\/sitio\/wp-json\/wp\/v2\/users\/70"}],"replies":[{"embeddable":true,"href":"http:\/\/gentedebasquet.com.ar\/sitio\/wp-json\/wp\/v2\/comments?post=108851"}],"version-history":[{"count":8,"href":"http:\/\/gentedebasquet.com.ar\/sitio\/wp-json\/wp\/v2\/posts\/108851\/revisions"}],"predecessor-version":[{"id":108865,"href":"http:\/\/gentedebasquet.com.ar\/sitio\/wp-json\/wp\/v2\/posts\/108851\/revisions\/108865"}],"wp:featuredmedia":[{"embeddable":true,"href":"http:\/\/gentedebasquet.com.ar\/sitio\/wp-json\/wp\/v2\/media\/108864"}],"wp:attachment":[{"href":"http:\/\/gentedebasquet.com.ar\/sitio\/wp-json\/wp\/v2\/media?parent=108851"}],"wp:term":[{"taxonomy":"category","embeddable":true,"href":"http:\/\/gentedebasquet.com.ar\/sitio\/wp-json\/wp\/v2\/categories?post=108851"},{"taxonomy":"post_tag","embeddable":true,"href":"http:\/\/gentedebasquet.com.ar\/sitio\/wp-json\/wp\/v2\/tags?post=108851"}],"curies":[{"name":"wp","href":"https:\/\/api.w.org\/{rel}","templated":true}]}}