{"id":110052,"date":"2023-12-01T05:46:37","date_gmt":"2023-12-01T04:46:37","guid":{"rendered":"https:\/\/gentedebasquet.com.ar\/sitio\/?p=110052"},"modified":"2023-12-01T05:49:26","modified_gmt":"2023-12-01T04:49:26","slug":"liniers-y-una-victoria-manchada-por-la-violencia","status":"publish","type":"post","link":"http:\/\/gentedebasquet.com.ar\/sitio\/2023\/12\/01\/liniers-y-una-victoria-manchada-por-la-violencia\/","title":{"rendered":"Una gran victoria manchada por la violencia"},"content":{"rendered":"<p><strong>En el Hern\u00e1n Sagasti Liniers venci\u00f3 en un picante partido a Estrella 89-87, lamentablemente el gran partido brindado por los equipos se vio opacado por un triste hecho de violencia que sucedi\u00f3 entre jugadores e hinchas en la puerta de los vestuarios. Como consecuencia de esa ri\u00f1a el preparador f\u00edsico de Liniers termin\u00f3 cortado en su cabeza. Una nueva p\u00e1gina negra del b\u00e1squet bahiense.\u00a0<\/strong><\/p>\n<p>Estrella inici\u00f3 el 1c como viene jugando a lo largo del torneo, siendo efectivos en ofensiva repartiendo el goleo. Un parcial 11-4 le daban la primera luz de ventaja al equipo de Deminicis. En Estrella, como de costumbre, el goleo de Alan Pan (21 pts, 5\/6 t3) comenzaba a aparecer: 10 pts en el 1c. Los del barrio San Martin cerrar\u00edan el primer cap\u00edtulo 24-15 a su favor.<\/p>\n<p>La visita mantuvo la intensidad en el inicio del 2c y lleg\u00f3 a sacarle 17 al chivo (41-24) con la aparici\u00f3n de Santiago Quiroga (25 pts). Liniers no bajo los brazos y con la ilusi\u00f3n de meterse nuevamente en partido, estamp\u00f3 un parcial \u00a121-7! y se march\u00f3 al entretiempo 48-45 arriba. Agust\u00edn Dottori (19 pts) fue uno de los responsables de este envi\u00f3n an\u00edmico.<\/p>\n<p>Ya con el partido al rojo vivo, en el 3c rein\u00f3 la paridad donde sin muchas diferencias dejaron todo por resolver en el cap\u00edtulo final. En Liniers, Segundo Vasconcelo (22 pts. 11 reb) ya daba muestras de hacerse cargo de los ataques pesados. 65-65 y todo por definirse en el 4c.<\/p>\n<p>Estrella golpe\u00f3 primero y con un parcial 7-0 (72-65) de la mano de su goleador Santiago Quiroga generaba una nueva diferencia. Liniers no perdi\u00f3 el rumbo, meti\u00f3 algunas bombas dif\u00edciles y defendi\u00f3 a su rival de gran manera. 20-11 fue el parcial que estamparon los de Vago a 43 segundos del final, 85-83. Luego de que ambos hagan efectivos su r\u00e1pidos ataques, sumando dos (87-85), con 18 seg la bola era para la visita. Despu\u00e9s de una infracci\u00f3n, Quiroga har\u00eda efectivo su pasaje por la l\u00ednea de libres e igualar\u00eda el marcador en 87. Con tan solo 3,5seg, el chivo encontr\u00f3 en soledad a Joaqu\u00edn Larrandart que con un tiro volado sobre la chicharra sellar\u00eda la victoria 89-87. Liniers cort\u00f3 una mala racha de 4 partidos, nada m\u00e1s ni nada menos que contra uno de los animadores de esta fase regular.<\/p>\n<p>El episodio bochornoso de la noche, se vi\u00f3 cuando los jugadores de ambos planteles se iban a los vestuarios y en la puerta del mismo se gener\u00f3 una trifulca que involucr\u00f3 a jugadores, cuerpo t\u00e9cnico e hinchas. Lamentablemente para el b\u00e1squet de nuestra ciudad, volaron golpes de pu\u00f1o y hasta algunos objetos, uno de ellos impact\u00f3 en la cabeza de un integrante de Liniers quien termin\u00f3 con un corte profundo. Para analizar la r\u00e1pida salida de ambos equipos de la cancha, en un partido cargado de emociones, donde incluso hubo algunos entredichos en pleno partido, se deber\u00eda esperar un tiempo m\u00e1s a que se desaloje la zona de vestuarios para evitar las agresiones desde las parcialidades. Veremos c\u00f3mo act\u00faa la Asociaci\u00f3n de B\u00e1squet Bahiense en las pr\u00f3ximas horas, pero posiblemente el informe de los \u00e1rbitros tenga a algunos jugadores marcados.<\/p>\n<p>&nbsp;<\/p>\n<p>&nbsp;<\/p>\n<p><img decoding=\"async\" src=\"http:\/\/gentedebasquet.com.ar\/sitio\/wp-content\/uploads\/2023\/09\/Gif-Publicidades-1-6.gif\" \/><\/p>\n<p><iframe loading=\"lazy\" title=\"YouTube video player\" src=\"https:\/\/www.youtube.com\/embed\/3uSg2jrOuFw?si=SOKDZmx9gg-MbXU0\" width=\"560\" height=\"315\" frameborder=\"0\" allowfullscreen=\"allowfullscreen\"><\/iframe><\/p>\n<p>&nbsp;<\/p>\n<p><img decoding=\"async\" class=\"alignnone size-medium wp-image-110082\" src=\"http:\/\/gentedebasquet.com.ar\/sitio\/wp-content\/uploads\/2023\/12\/CLAVE-300x300.png\" alt=\"\" width=\"300\" height=\"300\" srcset=\"http:\/\/gentedebasquet.com.ar\/sitio\/wp-content\/uploads\/2023\/12\/CLAVE-300x300.png 300w, http:\/\/gentedebasquet.com.ar\/sitio\/wp-content\/uploads\/2023\/12\/CLAVE-1024x1024.png 1024w, http:\/\/gentedebasquet.com.ar\/sitio\/wp-content\/uploads\/2023\/12\/CLAVE-150x150.png 150w, http:\/\/gentedebasquet.com.ar\/sitio\/wp-content\/uploads\/2023\/12\/CLAVE-768x768.png 768w, http:\/\/gentedebasquet.com.ar\/sitio\/wp-content\/uploads\/2023\/12\/CLAVE-1536x1536.png 1536w, http:\/\/gentedebasquet.com.ar\/sitio\/wp-content\/uploads\/2023\/12\/CLAVE-75x75.png 75w, http:\/\/gentedebasquet.com.ar\/sitio\/wp-content\/uploads\/2023\/12\/CLAVE-350x350.png 350w, http:\/\/gentedebasquet.com.ar\/sitio\/wp-content\/uploads\/2023\/12\/CLAVE-750x750.png 750w, http:\/\/gentedebasquet.com.ar\/sitio\/wp-content\/uploads\/2023\/12\/CLAVE-1140x1140.png 1140w, http:\/\/gentedebasquet.com.ar\/sitio\/wp-content\/uploads\/2023\/12\/CLAVE.png 2000w\" sizes=\"(max-width: 300px) 100vw, 300px\" \/><\/p>\n<p><img decoding=\"async\" src=\"http:\/\/gentedebasquet.com.ar\/sitio\/wp-content\/uploads\/2023\/09\/Gif-Publicidades-2-3.gif\" \/><\/p>\n<p><img decoding=\"async\" class=\"alignnone size-medium wp-image-110095\" src=\"http:\/\/gentedebasquet.com.ar\/sitio\/wp-content\/uploads\/2023\/12\/WhatsApp-Image-2023-12-01-at-01.33.11-300x226.jpeg\" alt=\"\" width=\"300\" height=\"226\" srcset=\"http:\/\/gentedebasquet.com.ar\/sitio\/wp-content\/uploads\/2023\/12\/WhatsApp-Image-2023-12-01-at-01.33.11-300x226.jpeg 300w, http:\/\/gentedebasquet.com.ar\/sitio\/wp-content\/uploads\/2023\/12\/WhatsApp-Image-2023-12-01-at-01.33.11-1024x771.jpeg 1024w, http:\/\/gentedebasquet.com.ar\/sitio\/wp-content\/uploads\/2023\/12\/WhatsApp-Image-2023-12-01-at-01.33.11-768x578.jpeg 768w, http:\/\/gentedebasquet.com.ar\/sitio\/wp-content\/uploads\/2023\/12\/WhatsApp-Image-2023-12-01-at-01.33.11-1536x1156.jpeg 1536w, http:\/\/gentedebasquet.com.ar\/sitio\/wp-content\/uploads\/2023\/12\/WhatsApp-Image-2023-12-01-at-01.33.11-750x564.jpeg 750w, http:\/\/gentedebasquet.com.ar\/sitio\/wp-content\/uploads\/2023\/12\/WhatsApp-Image-2023-12-01-at-01.33.11-1140x858.jpeg 1140w, http:\/\/gentedebasquet.com.ar\/sitio\/wp-content\/uploads\/2023\/12\/WhatsApp-Image-2023-12-01-at-01.33.11.jpeg 1600w\" sizes=\"(max-width: 300px) 100vw, 300px\" \/><\/p>\n<blockquote><p><em>Fue muy picante, necesit\u00e1bamos mucho esta victoria ven\u00edamos de un mes sin ganar, un partido muy cerrado, nos estaban costando mucho los finales pero este lo pudimos sacar. Nos motivaba mucho que Estrella viniera muy bien, tenemos momentos de altibajos como todo equipo y estamos trabajando en eso, pero hemos dado el salto de calidad. Fue un partido muy caliente, por ah\u00ed habr\u00eda que esperar para meterse al vestuario para no cruzarse con las hinchadas, pero lamentablemente pasan estas cosas que no deber\u00edan\u00a0pasar.\u00a0<\/em><\/p><\/blockquote>\n<p><img decoding=\"async\" class=\"alignnone size-medium wp-image-110091\" src=\"http:\/\/gentedebasquet.com.ar\/sitio\/wp-content\/uploads\/2023\/12\/MVP-300x300.png\" alt=\"\" width=\"300\" height=\"300\" srcset=\"http:\/\/gentedebasquet.com.ar\/sitio\/wp-content\/uploads\/2023\/12\/MVP-300x300.png 300w, http:\/\/gentedebasquet.com.ar\/sitio\/wp-content\/uploads\/2023\/12\/MVP-1024x1024.png 1024w, http:\/\/gentedebasquet.com.ar\/sitio\/wp-content\/uploads\/2023\/12\/MVP-150x150.png 150w, http:\/\/gentedebasquet.com.ar\/sitio\/wp-content\/uploads\/2023\/12\/MVP-768x768.png 768w, http:\/\/gentedebasquet.com.ar\/sitio\/wp-content\/uploads\/2023\/12\/MVP-1536x1536.png 1536w, http:\/\/gentedebasquet.com.ar\/sitio\/wp-content\/uploads\/2023\/12\/MVP-75x75.png 75w, http:\/\/gentedebasquet.com.ar\/sitio\/wp-content\/uploads\/2023\/12\/MVP-350x350.png 350w, http:\/\/gentedebasquet.com.ar\/sitio\/wp-content\/uploads\/2023\/12\/MVP-750x750.png 750w, http:\/\/gentedebasquet.com.ar\/sitio\/wp-content\/uploads\/2023\/12\/MVP-1140x1140.png 1140w, http:\/\/gentedebasquet.com.ar\/sitio\/wp-content\/uploads\/2023\/12\/MVP.png 2000w\" sizes=\"(max-width: 300px) 100vw, 300px\" \/><\/p>\n<p><img decoding=\"async\" class=\"alignnone size-full wp-image-109953\" src=\"http:\/\/gentedebasquet.com.ar\/sitio\/wp-content\/uploads\/2023\/11\/Gif-Publicidades-3-3.gif\" alt=\"\" width=\"300\" height=\"250\" \/><\/p>\n<p><strong>S\u00edntesis<\/strong> &#8211; <strong>Primera &#8211; Fecha 12<\/strong><\/p>\n<p><b>Liniers 89:<\/b> Mauro Mierez 8, Segundo Vasconcelo 22, Franco Ferrari 16 , Joaqu\u00edn Larrandart 16 y Juli\u00e1n Marinsalta 4 (FI); Franco Marinsalta 4, Agust\u00edn Dottori 19<b>. DT: Mauricio Vago<\/b><\/p>\n<p><b>Estrella 87: <\/b>Tom\u00e1s Bruni 13, Alan Pan 21, Mat\u00edas Specogna 12, Santiago Quiroga 25 y Nahuel C\u00e1mara 5 (FI); Tom\u00e1s Pe\u00f1a 0, Federico Lambrecht 0, Bruno Gigliotti 9 y Andr\u00e9s Almir\u00f3n 2.<b> DT: Luciano Deminicis.<\/b><\/p>\n<p><strong>Parciales:15-24, 48-45 (33-21); 65-65 (17-20) y 89-87 (24-22)<\/strong><\/p>\n<p><strong>\u00c1rbitros: <\/strong>Sebasti\u00e1n Arcas, Andr\u00e9s Vizcaino y Joaqu\u00edn Irrazabal<\/p>\n<p><strong>Estadio:<\/strong> Hern\u00e1n Sagasti<\/p>\n<p><img decoding=\"async\" class=\"alignnone size-full wp-image-109954\" src=\"http:\/\/gentedebasquet.com.ar\/sitio\/wp-content\/uploads\/2023\/11\/Gif-Publicidades-4-1-3.gif\" alt=\"\" width=\"300\" height=\"250\" \/><\/p>\n<p><img decoding=\"async\" class=\"alignnone wp-image-110096\" src=\"http:\/\/gentedebasquet.com.ar\/sitio\/wp-content\/uploads\/2023\/12\/WhatsApp-Image-2023-12-01-at-01.33.43-300x226.jpeg\" alt=\"\" width=\"463\" height=\"348\" srcset=\"http:\/\/gentedebasquet.com.ar\/sitio\/wp-content\/uploads\/2023\/12\/WhatsApp-Image-2023-12-01-at-01.33.43-300x226.jpeg 300w, http:\/\/gentedebasquet.com.ar\/sitio\/wp-content\/uploads\/2023\/12\/WhatsApp-Image-2023-12-01-at-01.33.43-1024x770.jpeg 1024w, http:\/\/gentedebasquet.com.ar\/sitio\/wp-content\/uploads\/2023\/12\/WhatsApp-Image-2023-12-01-at-01.33.43-768x578.jpeg 768w, http:\/\/gentedebasquet.com.ar\/sitio\/wp-content\/uploads\/2023\/12\/WhatsApp-Image-2023-12-01-at-01.33.43-750x564.jpeg 750w, http:\/\/gentedebasquet.com.ar\/sitio\/wp-content\/uploads\/2023\/12\/WhatsApp-Image-2023-12-01-at-01.33.43-1140x858.jpeg 1140w, http:\/\/gentedebasquet.com.ar\/sitio\/wp-content\/uploads\/2023\/12\/WhatsApp-Image-2023-12-01-at-01.33.43.jpeg 1280w\" sizes=\"(max-width: 463px) 100vw, 463px\" \/><\/p>\n<p><img decoding=\"async\" class=\"alignnone wp-image-110098\" src=\"http:\/\/gentedebasquet.com.ar\/sitio\/wp-content\/uploads\/2023\/12\/WhatsApp-Image-2023-12-01-at-01.35.37-300x252.jpeg\" alt=\"\" width=\"461\" height=\"387\" srcset=\"http:\/\/gentedebasquet.com.ar\/sitio\/wp-content\/uploads\/2023\/12\/WhatsApp-Image-2023-12-01-at-01.35.37-300x252.jpeg 300w, http:\/\/gentedebasquet.com.ar\/sitio\/wp-content\/uploads\/2023\/12\/WhatsApp-Image-2023-12-01-at-01.35.37-1024x859.jpeg 1024w, http:\/\/gentedebasquet.com.ar\/sitio\/wp-content\/uploads\/2023\/12\/WhatsApp-Image-2023-12-01-at-01.35.37-768x644.jpeg 768w, http:\/\/gentedebasquet.com.ar\/sitio\/wp-content\/uploads\/2023\/12\/WhatsApp-Image-2023-12-01-at-01.35.37-750x629.jpeg 750w, http:\/\/gentedebasquet.com.ar\/sitio\/wp-content\/uploads\/2023\/12\/WhatsApp-Image-2023-12-01-at-01.35.37-1140x956.jpeg 1140w, http:\/\/gentedebasquet.com.ar\/sitio\/wp-content\/uploads\/2023\/12\/WhatsApp-Image-2023-12-01-at-01.35.37.jpeg 1393w\" sizes=\"(max-width: 461px) 100vw, 461px\" \/><\/p>\n<p>&nbsp;<\/p>\n","protected":false},"excerpt":{"rendered":"<p>En el Hern\u00e1n Sagasti Liniers venci\u00f3 en un picante partido a Estrella 89-87, lamentablemente el gran partido brindado por los equipos se vio opacado por un triste hecho de violencia que sucedi\u00f3 entre jugadores e hinchas en la puerta de los vestuarios. Como consecuencia de esa ri\u00f1a el preparador f\u00edsico de Liniers termin\u00f3 cortado en [&hellip;]<\/p>\n","protected":false},"author":67,"featured_media":110088,"comment_status":"open","ping_status":"open","sticky":false,"template":"","format":"standard","meta":{"jnews-multi-image_gallery":[],"jnews_single_post":{"source_name":"","source_url":"","via_name":"","via_url":"","override_template":"0","override":[{"template":"1","single_blog_custom":"","parallax":"1","fullscreen":"1","layout":"right-sidebar","sidebar":"default-sidebar","second_sidebar":"default-sidebar","sticky_sidebar":"1","share_position":"top","share_float_style":"share-monocrhome","show_share_counter":"0","show_view_counter":"0","show_featured":"1","show_post_meta":"1","show_post_author":"1","show_post_author_image":"1","show_post_date":"1","post_date_format":"default","post_date_format_custom":"Y\/m\/d","show_post_category":"1","show_post_reading_time":"0","post_reading_time_wpm":"300","show_zoom_button":"0","zoom_button_out_step":"2","zoom_button_in_step":"3","show_post_tag":"1","show_prev_next_post":"1","show_popup_post":"1","number_popup_post":"1","show_author_box":"0","show_post_related":"0","show_inline_post_related":"0"}],"override_image_size":"0","image_override":[{"single_post_thumbnail_size":"crop-500","single_post_gallery_size":"crop-500"}],"trending_post":"0","trending_post_position":"meta","trending_post_label":"Trending","sponsored_post":"0","sponsored_post_label":"Sponsored by","sponsored_post_name":"","sponsored_post_url":"","sponsored_post_logo_enable":"0","sponsored_post_logo":"","sponsored_post_desc":"","disable_ad":"0"},"jnews_primary_category":{"id":"","hide":""},"footnotes":""},"categories":[23,1],"tags":[298,10,14,1273],"class_list":["post-110052","post","type-post","status-publish","format-standard","has-post-thumbnail","hentry","category-primera","category-sin-categoria","tag-alan-pan","tag-estrella","tag-liniers","tag-segundo-vasconcelo"],"yoast_head":"<!-- This site is optimized with the Yoast SEO plugin v27.5 - https:\/\/yoast.com\/product\/yoast-seo-wordpress\/ -->\n<title>Una gran victoria manchada por la violencia - Gente de B\u00e1squet<\/title>\n<meta name=\"robots\" content=\"index, follow, max-snippet:-1, max-image-preview:large, max-video-preview:-1\" \/>\n<link rel=\"canonical\" href=\"http:\/\/gentedebasquet.com.ar\/sitio\/2023\/12\/01\/liniers-y-una-victoria-manchada-por-la-violencia\/\" \/>\n<meta property=\"og:locale\" content=\"es_ES\" \/>\n<meta property=\"og:type\" content=\"article\" \/>\n<meta property=\"og:title\" content=\"Una gran victoria manchada por la violencia - Gente de B\u00e1squet\" \/>\n<meta property=\"og:description\" content=\"En el Hern\u00e1n Sagasti Liniers venci\u00f3 en un picante partido a Estrella 89-87, lamentablemente el gran partido brindado por los equipos se vio opacado por un triste hecho de violencia que sucedi\u00f3 entre jugadores e hinchas en la puerta de los vestuarios. Como consecuencia de esa ri\u00f1a el preparador f\u00edsico de Liniers termin\u00f3 cortado en [&hellip;]\" \/>\n<meta property=\"og:url\" content=\"http:\/\/gentedebasquet.com.ar\/sitio\/2023\/12\/01\/liniers-y-una-victoria-manchada-por-la-violencia\/\" \/>\n<meta property=\"og:site_name\" content=\"Gente de B\u00e1squet\" \/>\n<meta property=\"article:published_time\" content=\"2023-12-01T04:46:37+00:00\" \/>\n<meta property=\"article:modified_time\" content=\"2023-12-01T04:49:26+00:00\" \/>\n<meta property=\"og:image\" content=\"http:\/\/gentedebasquet.com.ar\/sitio\/wp-content\/uploads\/2023\/12\/DSC_0087-1-scaled.jpg\" \/>\n\t<meta property=\"og:image:width\" content=\"2560\" \/>\n\t<meta property=\"og:image:height\" content=\"1707\" \/>\n\t<meta property=\"og:image:type\" content=\"image\/jpeg\" \/>\n<meta name=\"author\" content=\"Enzo Gra\u00f1a\" \/>\n<meta name=\"twitter:card\" content=\"summary_large_image\" \/>\n<meta name=\"twitter:label1\" content=\"Escrito por\" \/>\n\t<meta name=\"twitter:data1\" content=\"Enzo Gra\u00f1a\" \/>\n\t<meta name=\"twitter:label2\" content=\"Tiempo de lectura\" \/>\n\t<meta name=\"twitter:data2\" content=\"5 minutos\" \/>\n<script type=\"application\/ld+json\" class=\"yoast-schema-graph\">{\"@context\":\"https:\\\/\\\/schema.org\",\"@graph\":[{\"@type\":\"Article\",\"@id\":\"http:\\\/\\\/gentedebasquet.com.ar\\\/sitio\\\/2023\\\/12\\\/01\\\/liniers-y-una-victoria-manchada-por-la-violencia\\\/#article\",\"isPartOf\":{\"@id\":\"http:\\\/\\\/gentedebasquet.com.ar\\\/sitio\\\/2023\\\/12\\\/01\\\/liniers-y-una-victoria-manchada-por-la-violencia\\\/\"},\"author\":{\"name\":\"Enzo Gra\u00f1a\",\"@id\":\"http:\\\/\\\/gentedebasquet.com.ar\\\/sitio\\\/#\\\/schema\\\/person\\\/1a3f017b806c51157b3ac47d302dbe95\"},\"headline\":\"Una gran victoria manchada por la violencia\",\"datePublished\":\"2023-12-01T04:46:37+00:00\",\"dateModified\":\"2023-12-01T04:49:26+00:00\",\"mainEntityOfPage\":{\"@id\":\"http:\\\/\\\/gentedebasquet.com.ar\\\/sitio\\\/2023\\\/12\\\/01\\\/liniers-y-una-victoria-manchada-por-la-violencia\\\/\"},\"wordCount\":734,\"commentCount\":0,\"image\":{\"@id\":\"http:\\\/\\\/gentedebasquet.com.ar\\\/sitio\\\/2023\\\/12\\\/01\\\/liniers-y-una-victoria-manchada-por-la-violencia\\\/#primaryimage\"},\"thumbnailUrl\":\"http:\\\/\\\/gentedebasquet.com.ar\\\/sitio\\\/wp-content\\\/uploads\\\/2023\\\/12\\\/DSC_0087-1-scaled.jpg\",\"keywords\":[\"Alan Pan\",\"Estrella\",\"Liniers\",\"Segundo Vasconcelo\"],\"articleSection\":[\"Primera\"],\"inLanguage\":\"es\",\"potentialAction\":[{\"@type\":\"CommentAction\",\"name\":\"Comment\",\"target\":[\"http:\\\/\\\/gentedebasquet.com.ar\\\/sitio\\\/2023\\\/12\\\/01\\\/liniers-y-una-victoria-manchada-por-la-violencia\\\/#respond\"]}]},{\"@type\":\"WebPage\",\"@id\":\"http:\\\/\\\/gentedebasquet.com.ar\\\/sitio\\\/2023\\\/12\\\/01\\\/liniers-y-una-victoria-manchada-por-la-violencia\\\/\",\"url\":\"http:\\\/\\\/gentedebasquet.com.ar\\\/sitio\\\/2023\\\/12\\\/01\\\/liniers-y-una-victoria-manchada-por-la-violencia\\\/\",\"name\":\"Una gran victoria manchada por la violencia - Gente de B\u00e1squet\",\"isPartOf\":{\"@id\":\"http:\\\/\\\/gentedebasquet.com.ar\\\/sitio\\\/#website\"},\"primaryImageOfPage\":{\"@id\":\"http:\\\/\\\/gentedebasquet.com.ar\\\/sitio\\\/2023\\\/12\\\/01\\\/liniers-y-una-victoria-manchada-por-la-violencia\\\/#primaryimage\"},\"image\":{\"@id\":\"http:\\\/\\\/gentedebasquet.com.ar\\\/sitio\\\/2023\\\/12\\\/01\\\/liniers-y-una-victoria-manchada-por-la-violencia\\\/#primaryimage\"},\"thumbnailUrl\":\"http:\\\/\\\/gentedebasquet.com.ar\\\/sitio\\\/wp-content\\\/uploads\\\/2023\\\/12\\\/DSC_0087-1-scaled.jpg\",\"datePublished\":\"2023-12-01T04:46:37+00:00\",\"dateModified\":\"2023-12-01T04:49:26+00:00\",\"author\":{\"@id\":\"http:\\\/\\\/gentedebasquet.com.ar\\\/sitio\\\/#\\\/schema\\\/person\\\/1a3f017b806c51157b3ac47d302dbe95\"},\"breadcrumb\":{\"@id\":\"http:\\\/\\\/gentedebasquet.com.ar\\\/sitio\\\/2023\\\/12\\\/01\\\/liniers-y-una-victoria-manchada-por-la-violencia\\\/#breadcrumb\"},\"inLanguage\":\"es\",\"potentialAction\":[{\"@type\":\"ReadAction\",\"target\":[\"http:\\\/\\\/gentedebasquet.com.ar\\\/sitio\\\/2023\\\/12\\\/01\\\/liniers-y-una-victoria-manchada-por-la-violencia\\\/\"]}]},{\"@type\":\"ImageObject\",\"inLanguage\":\"es\",\"@id\":\"http:\\\/\\\/gentedebasquet.com.ar\\\/sitio\\\/2023\\\/12\\\/01\\\/liniers-y-una-victoria-manchada-por-la-violencia\\\/#primaryimage\",\"url\":\"http:\\\/\\\/gentedebasquet.com.ar\\\/sitio\\\/wp-content\\\/uploads\\\/2023\\\/12\\\/DSC_0087-1-scaled.jpg\",\"contentUrl\":\"http:\\\/\\\/gentedebasquet.com.ar\\\/sitio\\\/wp-content\\\/uploads\\\/2023\\\/12\\\/DSC_0087-1-scaled.jpg\",\"width\":2560,\"height\":1707},{\"@type\":\"BreadcrumbList\",\"@id\":\"http:\\\/\\\/gentedebasquet.com.ar\\\/sitio\\\/2023\\\/12\\\/01\\\/liniers-y-una-victoria-manchada-por-la-violencia\\\/#breadcrumb\",\"itemListElement\":[{\"@type\":\"ListItem\",\"position\":1,\"name\":\"Portada\",\"item\":\"http:\\\/\\\/gentedebasquet.com.ar\\\/sitio\\\/\"},{\"@type\":\"ListItem\",\"position\":2,\"name\":\"Una gran victoria manchada por la violencia\"}]},{\"@type\":\"WebSite\",\"@id\":\"http:\\\/\\\/gentedebasquet.com.ar\\\/sitio\\\/#website\",\"url\":\"http:\\\/\\\/gentedebasquet.com.ar\\\/sitio\\\/\",\"name\":\"Gente de B\u00e1squet\",\"description\":\"La revista del basquet de Bah\u00eda Blanca\",\"potentialAction\":[{\"@type\":\"SearchAction\",\"target\":{\"@type\":\"EntryPoint\",\"urlTemplate\":\"http:\\\/\\\/gentedebasquet.com.ar\\\/sitio\\\/?s={search_term_string}\"},\"query-input\":{\"@type\":\"PropertyValueSpecification\",\"valueRequired\":true,\"valueName\":\"search_term_string\"}}],\"inLanguage\":\"es\"},{\"@type\":\"Person\",\"@id\":\"http:\\\/\\\/gentedebasquet.com.ar\\\/sitio\\\/#\\\/schema\\\/person\\\/1a3f017b806c51157b3ac47d302dbe95\",\"name\":\"Enzo Gra\u00f1a\",\"image\":{\"@type\":\"ImageObject\",\"inLanguage\":\"es\",\"@id\":\"https:\\\/\\\/secure.gravatar.com\\\/avatar\\\/93ce035f49cd06f4bd8081993fdcc3ce02f277c5c8dacd23bf419d1c8409f5c8?s=96&d=mm&r=g\",\"url\":\"https:\\\/\\\/secure.gravatar.com\\\/avatar\\\/93ce035f49cd06f4bd8081993fdcc3ce02f277c5c8dacd23bf419d1c8409f5c8?s=96&d=mm&r=g\",\"contentUrl\":\"https:\\\/\\\/secure.gravatar.com\\\/avatar\\\/93ce035f49cd06f4bd8081993fdcc3ce02f277c5c8dacd23bf419d1c8409f5c8?s=96&d=mm&r=g\",\"caption\":\"Enzo Gra\u00f1a\"},\"url\":\"http:\\\/\\\/gentedebasquet.com.ar\\\/sitio\\\/author\\\/enzo-grana\\\/\"}]}<\/script>\n<!-- \/ Yoast SEO plugin. -->","yoast_head_json":{"title":"Una gran victoria manchada por la violencia - Gente de B\u00e1squet","robots":{"index":"index","follow":"follow","max-snippet":"max-snippet:-1","max-image-preview":"max-image-preview:large","max-video-preview":"max-video-preview:-1"},"canonical":"http:\/\/gentedebasquet.com.ar\/sitio\/2023\/12\/01\/liniers-y-una-victoria-manchada-por-la-violencia\/","og_locale":"es_ES","og_type":"article","og_title":"Una gran victoria manchada por la violencia - Gente de B\u00e1squet","og_description":"En el Hern\u00e1n Sagasti Liniers venci\u00f3 en un picante partido a Estrella 89-87, lamentablemente el gran partido brindado por los equipos se vio opacado por un triste hecho de violencia que sucedi\u00f3 entre jugadores e hinchas en la puerta de los vestuarios. Como consecuencia de esa ri\u00f1a el preparador f\u00edsico de Liniers termin\u00f3 cortado en [&hellip;]","og_url":"http:\/\/gentedebasquet.com.ar\/sitio\/2023\/12\/01\/liniers-y-una-victoria-manchada-por-la-violencia\/","og_site_name":"Gente de B\u00e1squet","article_published_time":"2023-12-01T04:46:37+00:00","article_modified_time":"2023-12-01T04:49:26+00:00","og_image":[{"width":2560,"height":1707,"url":"http:\/\/gentedebasquet.com.ar\/sitio\/wp-content\/uploads\/2023\/12\/DSC_0087-1-scaled.jpg","type":"image\/jpeg"}],"author":"Enzo Gra\u00f1a","twitter_card":"summary_large_image","twitter_misc":{"Escrito por":"Enzo Gra\u00f1a","Tiempo de lectura":"5 minutos"},"schema":{"@context":"https:\/\/schema.org","@graph":[{"@type":"Article","@id":"http:\/\/gentedebasquet.com.ar\/sitio\/2023\/12\/01\/liniers-y-una-victoria-manchada-por-la-violencia\/#article","isPartOf":{"@id":"http:\/\/gentedebasquet.com.ar\/sitio\/2023\/12\/01\/liniers-y-una-victoria-manchada-por-la-violencia\/"},"author":{"name":"Enzo Gra\u00f1a","@id":"http:\/\/gentedebasquet.com.ar\/sitio\/#\/schema\/person\/1a3f017b806c51157b3ac47d302dbe95"},"headline":"Una gran victoria manchada por la violencia","datePublished":"2023-12-01T04:46:37+00:00","dateModified":"2023-12-01T04:49:26+00:00","mainEntityOfPage":{"@id":"http:\/\/gentedebasquet.com.ar\/sitio\/2023\/12\/01\/liniers-y-una-victoria-manchada-por-la-violencia\/"},"wordCount":734,"commentCount":0,"image":{"@id":"http:\/\/gentedebasquet.com.ar\/sitio\/2023\/12\/01\/liniers-y-una-victoria-manchada-por-la-violencia\/#primaryimage"},"thumbnailUrl":"http:\/\/gentedebasquet.com.ar\/sitio\/wp-content\/uploads\/2023\/12\/DSC_0087-1-scaled.jpg","keywords":["Alan Pan","Estrella","Liniers","Segundo Vasconcelo"],"articleSection":["Primera"],"inLanguage":"es","potentialAction":[{"@type":"CommentAction","name":"Comment","target":["http:\/\/gentedebasquet.com.ar\/sitio\/2023\/12\/01\/liniers-y-una-victoria-manchada-por-la-violencia\/#respond"]}]},{"@type":"WebPage","@id":"http:\/\/gentedebasquet.com.ar\/sitio\/2023\/12\/01\/liniers-y-una-victoria-manchada-por-la-violencia\/","url":"http:\/\/gentedebasquet.com.ar\/sitio\/2023\/12\/01\/liniers-y-una-victoria-manchada-por-la-violencia\/","name":"Una gran victoria manchada por la violencia - Gente de B\u00e1squet","isPartOf":{"@id":"http:\/\/gentedebasquet.com.ar\/sitio\/#website"},"primaryImageOfPage":{"@id":"http:\/\/gentedebasquet.com.ar\/sitio\/2023\/12\/01\/liniers-y-una-victoria-manchada-por-la-violencia\/#primaryimage"},"image":{"@id":"http:\/\/gentedebasquet.com.ar\/sitio\/2023\/12\/01\/liniers-y-una-victoria-manchada-por-la-violencia\/#primaryimage"},"thumbnailUrl":"http:\/\/gentedebasquet.com.ar\/sitio\/wp-content\/uploads\/2023\/12\/DSC_0087-1-scaled.jpg","datePublished":"2023-12-01T04:46:37+00:00","dateModified":"2023-12-01T04:49:26+00:00","author":{"@id":"http:\/\/gentedebasquet.com.ar\/sitio\/#\/schema\/person\/1a3f017b806c51157b3ac47d302dbe95"},"breadcrumb":{"@id":"http:\/\/gentedebasquet.com.ar\/sitio\/2023\/12\/01\/liniers-y-una-victoria-manchada-por-la-violencia\/#breadcrumb"},"inLanguage":"es","potentialAction":[{"@type":"ReadAction","target":["http:\/\/gentedebasquet.com.ar\/sitio\/2023\/12\/01\/liniers-y-una-victoria-manchada-por-la-violencia\/"]}]},{"@type":"ImageObject","inLanguage":"es","@id":"http:\/\/gentedebasquet.com.ar\/sitio\/2023\/12\/01\/liniers-y-una-victoria-manchada-por-la-violencia\/#primaryimage","url":"http:\/\/gentedebasquet.com.ar\/sitio\/wp-content\/uploads\/2023\/12\/DSC_0087-1-scaled.jpg","contentUrl":"http:\/\/gentedebasquet.com.ar\/sitio\/wp-content\/uploads\/2023\/12\/DSC_0087-1-scaled.jpg","width":2560,"height":1707},{"@type":"BreadcrumbList","@id":"http:\/\/gentedebasquet.com.ar\/sitio\/2023\/12\/01\/liniers-y-una-victoria-manchada-por-la-violencia\/#breadcrumb","itemListElement":[{"@type":"ListItem","position":1,"name":"Portada","item":"http:\/\/gentedebasquet.com.ar\/sitio\/"},{"@type":"ListItem","position":2,"name":"Una gran victoria manchada por la violencia"}]},{"@type":"WebSite","@id":"http:\/\/gentedebasquet.com.ar\/sitio\/#website","url":"http:\/\/gentedebasquet.com.ar\/sitio\/","name":"Gente de B\u00e1squet","description":"La revista del basquet de Bah\u00eda Blanca","potentialAction":[{"@type":"SearchAction","target":{"@type":"EntryPoint","urlTemplate":"http:\/\/gentedebasquet.com.ar\/sitio\/?s={search_term_string}"},"query-input":{"@type":"PropertyValueSpecification","valueRequired":true,"valueName":"search_term_string"}}],"inLanguage":"es"},{"@type":"Person","@id":"http:\/\/gentedebasquet.com.ar\/sitio\/#\/schema\/person\/1a3f017b806c51157b3ac47d302dbe95","name":"Enzo Gra\u00f1a","image":{"@type":"ImageObject","inLanguage":"es","@id":"https:\/\/secure.gravatar.com\/avatar\/93ce035f49cd06f4bd8081993fdcc3ce02f277c5c8dacd23bf419d1c8409f5c8?s=96&d=mm&r=g","url":"https:\/\/secure.gravatar.com\/avatar\/93ce035f49cd06f4bd8081993fdcc3ce02f277c5c8dacd23bf419d1c8409f5c8?s=96&d=mm&r=g","contentUrl":"https:\/\/secure.gravatar.com\/avatar\/93ce035f49cd06f4bd8081993fdcc3ce02f277c5c8dacd23bf419d1c8409f5c8?s=96&d=mm&r=g","caption":"Enzo Gra\u00f1a"},"url":"http:\/\/gentedebasquet.com.ar\/sitio\/author\/enzo-grana\/"}]}},"_links":{"self":[{"href":"http:\/\/gentedebasquet.com.ar\/sitio\/wp-json\/wp\/v2\/posts\/110052","targetHints":{"allow":["GET"]}}],"collection":[{"href":"http:\/\/gentedebasquet.com.ar\/sitio\/wp-json\/wp\/v2\/posts"}],"about":[{"href":"http:\/\/gentedebasquet.com.ar\/sitio\/wp-json\/wp\/v2\/types\/post"}],"author":[{"embeddable":true,"href":"http:\/\/gentedebasquet.com.ar\/sitio\/wp-json\/wp\/v2\/users\/67"}],"replies":[{"embeddable":true,"href":"http:\/\/gentedebasquet.com.ar\/sitio\/wp-json\/wp\/v2\/comments?post=110052"}],"version-history":[{"count":5,"href":"http:\/\/gentedebasquet.com.ar\/sitio\/wp-json\/wp\/v2\/posts\/110052\/revisions"}],"predecessor-version":[{"id":110102,"href":"http:\/\/gentedebasquet.com.ar\/sitio\/wp-json\/wp\/v2\/posts\/110052\/revisions\/110102"}],"wp:featuredmedia":[{"embeddable":true,"href":"http:\/\/gentedebasquet.com.ar\/sitio\/wp-json\/wp\/v2\/media\/110088"}],"wp:attachment":[{"href":"http:\/\/gentedebasquet.com.ar\/sitio\/wp-json\/wp\/v2\/media?parent=110052"}],"wp:term":[{"taxonomy":"category","embeddable":true,"href":"http:\/\/gentedebasquet.com.ar\/sitio\/wp-json\/wp\/v2\/categories?post=110052"},{"taxonomy":"post_tag","embeddable":true,"href":"http:\/\/gentedebasquet.com.ar\/sitio\/wp-json\/wp\/v2\/tags?post=110052"}],"curies":[{"name":"wp","href":"https:\/\/api.w.org\/{rel}","templated":true}]}}