{"id":111653,"date":"2024-05-10T07:59:52","date_gmt":"2024-05-10T05:59:52","guid":{"rendered":"https:\/\/gentedebasquet.com.ar\/sitio\/?p=111653"},"modified":"2024-05-10T17:21:48","modified_gmt":"2024-05-10T15:21:48","slug":"la-bella-tomo-el-control-y-bahiense-se-puso-1-0","status":"publish","type":"post","link":"http:\/\/gentedebasquet.com.ar\/sitio\/2024\/05\/10\/la-bella-tomo-el-control-y-bahiense-se-puso-1-0\/","title":{"rendered":"La Bella tom\u00f3 el control y Bahiense se puso 1-0"},"content":{"rendered":"<p><strong>El equipo que tiene su estadio en la primera cuadra de la calle Salta recibi\u00f3 en ese escenario a Pac\u00edfico para iniciar la serie de los cuartos de final de Primera. Fue un encuentro en el que los dos conjuntos tuvieron altibajos y que termin\u00f3 ganando el local por la m\u00ednima diferencia: 71-70. Leonardo La Bella complet\u00f3 una tarea con muy pocos errores y aportes fundamentales, termin\u00f3 con 24 puntos, 5 asistencias y 5 robos. En los \u00faltimos cinco minutos anot\u00f3 dos triples que le devolvieron la esperanza al tricolor y le sac\u00f3 la pelota de las manos a Branco Salvatori cuando el Verde armaba su ataque final. El perimetral visitante fue el goleador de su equipo con 16 puntos.<\/strong><\/p>\n<p><strong>En el inicio del partido se pudo observar una leve ventaja a favor de Pac\u00edfico. Los tiros de tres puntos fueron un aspecto destacado en este tramo. Los dirigidos por Richotti ganaban 10-5 a los tres minutos y medio con ocho puntos de I\u00f1aki Errazu, incluidos dos triples, y otros dos tantos de Salvatori. Bahiense respondi\u00f3 r\u00e1pido con dos triples en jugadas consecutivas, uno de Luengo y otro de Santiago. Cuando faltaban dos minutos La Bella acert\u00f3 desde atras de la medialuna y Salvatori le respondi\u00f3 con otro. Ese lanzamiento le permiti\u00f3 al Verde igualar en 18. Pac\u00edfico gan\u00f3 el cuarto inicial 21-18.<\/strong><\/p>\n<p><strong>Las diferencias en el marcador continuaron siendo muy chicas en el segundo per\u00edodo. Bahiense lo comenz\u00f3 con un 7-0 en dos minutos y medio (25-21) pero inmediatamente Pac\u00edfico le respondi\u00f3 con un racha ofensiva similar y no permiti\u00f3 otra separaci\u00f3n tan amplia. Tres tiros libres de Franco Gin\u00f3bili en el cierre le dieron a Bahiense la ventaja de 33-32 con la que finaliz\u00f3 el primer tiempo.<\/strong><\/p>\n<p><strong>Gin\u00f3bili y La Bella formaron la dupla conductora de Bahiense en el arranque del tercer cap\u00edtulo. Cristian Miguel empez\u00f3 a posicionarse como el principal rebotero y una de las mejores cartas ofensivas de Pac\u00edfico, y Errazu apareci\u00f3 con m\u00e1s triples clave. Con estos factores Pac\u00edfico recuper\u00f3 el liderazgo de forma contundente. Bahiense parec\u00eda desconcertado y sin ideas. El mal momento del anfitri\u00f3n comenz\u00f3 a desaparecer reci\u00e9n en la segunda mitad de esos diez minutos porque La Bella tuvo dos apariciones decisivas. Dos triples del n\u00famero cuatro transformaron el 47-40 en favor de Pac\u00edfico en un 47-46. El hu\u00e9sped lo cerr\u00f3 mejor y entr\u00f3 al segmento definitorio ganando 53-46.\u00a0<\/strong><\/p>\n<p><strong>\u00a0 En el \u00faltimo cuarto Bahiense peg\u00f3 su golpe m\u00e1s fuerte. No se dej\u00f3 intimidar por esa brecha en contra y se enfoc\u00f3 en su estrategia. Hasta los cuatro minutos finales Pac\u00edfico siempre estuvo entre 9 y 11 puntos por encima de su rival. Este fue el instante en el que La Bella y Juan Pedro Hollender dieron una impactante muestra de lo mejor de su juego y gu\u00edado por ellos Bahiense dio vuelta la historia. El de la camiseta 12 anot\u00f3 9 puntos en los 3 minutos definitorios, incluyendo el doble que le dio la victoria a los due\u00f1os de casa cuando faltaban 12 segundos por disputar. De esta manera Bahiense gan\u00f3 el primer punto de la serie de cuartos de final y espera m\u00e1s confiado el siguiente duelo, que se desarrollar\u00e1 el pr\u00f3ximo lunes 13 en la cancha de Pac\u00edfico.\u00a0<\/strong><\/p>\n<p><img decoding=\"async\" class=\"alignnone size-full wp-image-108712\" src=\"http:\/\/gentedebasquet.com.ar\/sitio\/wp-content\/uploads\/2023\/09\/Gif-Publicidades-1-1.gif\" alt=\"\" width=\"300\" height=\"250\" \/><\/p>\n<div class=\"jeg_video_container jeg_video_content\">\n<div class=\"jeg_video_container jeg_video_content\"><iframe loading=\"lazy\" title=\"#Primera - Playoffs - 4tos de final - Juego #1 (+5): Bahiense del Norte (1) 71 - 70 (0) Pac\u00edfico\" width=\"500\" height=\"281\" src=\"https:\/\/www.youtube.com\/embed\/jpxyViuXT54?feature=oembed\" frameborder=\"0\" allow=\"accelerometer; autoplay; clipboard-write; encrypted-media; gyroscope; picture-in-picture; web-share\" referrerpolicy=\"strict-origin-when-cross-origin\" allowfullscreen><\/iframe><\/div>\n<\/div>\n<p><img decoding=\"async\" class=\"alignnone wp-image-111682 \" src=\"http:\/\/gentedebasquet.com.ar\/sitio\/wp-content\/uploads\/2024\/05\/CLAVEBahie-4-300x300.png\" alt=\"\" width=\"510\" height=\"510\" srcset=\"http:\/\/gentedebasquet.com.ar\/sitio\/wp-content\/uploads\/2024\/05\/CLAVEBahie-4-300x300.png 300w, http:\/\/gentedebasquet.com.ar\/sitio\/wp-content\/uploads\/2024\/05\/CLAVEBahie-4-1024x1024.png 1024w, http:\/\/gentedebasquet.com.ar\/sitio\/wp-content\/uploads\/2024\/05\/CLAVEBahie-4-150x150.png 150w, http:\/\/gentedebasquet.com.ar\/sitio\/wp-content\/uploads\/2024\/05\/CLAVEBahie-4-768x768.png 768w, http:\/\/gentedebasquet.com.ar\/sitio\/wp-content\/uploads\/2024\/05\/CLAVEBahie-4-1536x1536.png 1536w, http:\/\/gentedebasquet.com.ar\/sitio\/wp-content\/uploads\/2024\/05\/CLAVEBahie-4-75x75.png 75w, http:\/\/gentedebasquet.com.ar\/sitio\/wp-content\/uploads\/2024\/05\/CLAVEBahie-4-350x350.png 350w, http:\/\/gentedebasquet.com.ar\/sitio\/wp-content\/uploads\/2024\/05\/CLAVEBahie-4-750x750.png 750w, http:\/\/gentedebasquet.com.ar\/sitio\/wp-content\/uploads\/2024\/05\/CLAVEBahie-4-1140x1140.png 1140w, http:\/\/gentedebasquet.com.ar\/sitio\/wp-content\/uploads\/2024\/05\/CLAVEBahie-4.png 2000w\" sizes=\"(max-width: 510px) 100vw, 510px\" \/><\/p>\n<p>&nbsp;<\/p>\n<p><img decoding=\"async\" class=\"alignnone size-full wp-image-108713\" src=\"http:\/\/gentedebasquet.com.ar\/sitio\/wp-content\/uploads\/2023\/09\/Gif-Publicidades-2-1.gif\" alt=\"\" width=\"300\" height=\"250\" \/><\/p>\n<p>&nbsp;<\/p>\n<blockquote><p><img decoding=\"async\" class=\"alignnone wp-image-111683 \" src=\"http:\/\/gentedebasquet.com.ar\/sitio\/wp-content\/uploads\/2024\/05\/MVPBahie-4-300x300.png\" alt=\"\" width=\"500\" height=\"500\" data-pin-no-hover=\"true\" srcset=\"http:\/\/gentedebasquet.com.ar\/sitio\/wp-content\/uploads\/2024\/05\/MVPBahie-4-300x300.png 300w, http:\/\/gentedebasquet.com.ar\/sitio\/wp-content\/uploads\/2024\/05\/MVPBahie-4-1024x1024.png 1024w, http:\/\/gentedebasquet.com.ar\/sitio\/wp-content\/uploads\/2024\/05\/MVPBahie-4-150x150.png 150w, http:\/\/gentedebasquet.com.ar\/sitio\/wp-content\/uploads\/2024\/05\/MVPBahie-4-768x768.png 768w, http:\/\/gentedebasquet.com.ar\/sitio\/wp-content\/uploads\/2024\/05\/MVPBahie-4-1536x1536.png 1536w, http:\/\/gentedebasquet.com.ar\/sitio\/wp-content\/uploads\/2024\/05\/MVPBahie-4-75x75.png 75w, http:\/\/gentedebasquet.com.ar\/sitio\/wp-content\/uploads\/2024\/05\/MVPBahie-4-350x350.png 350w, http:\/\/gentedebasquet.com.ar\/sitio\/wp-content\/uploads\/2024\/05\/MVPBahie-4-750x750.png 750w, http:\/\/gentedebasquet.com.ar\/sitio\/wp-content\/uploads\/2024\/05\/MVPBahie-4-1140x1140.png 1140w, http:\/\/gentedebasquet.com.ar\/sitio\/wp-content\/uploads\/2024\/05\/MVPBahie-4.png 2000w\" sizes=\"(max-width: 500px) 100vw, 500px\" \/><\/p><\/blockquote>\n<p><img decoding=\"async\" class=\"alignnone wp-image-109909 size-full\" src=\"http:\/\/gentedebasquet.com.ar\/sitio\/wp-content\/uploads\/2023\/11\/Gif-Publicidades-3.gif\" alt=\"\" width=\"300\" height=\"250\" \/><\/p>\n<p><strong>S\u00edntesis &#8211; Primera Masculina &#8211; Cuartos de final &#8211; Juego #1<\/strong><\/p>\n<p><strong>Bahiense del Norte 71 : <\/strong>Leonardo La Bella 24; Sebasti\u00e1n Luengo 3; Eddie Roberson 4; Pedro Santiago 5; Jorge Garc\u00eda 5 <strong>(F.I.)\u00a0<\/strong>Juan Pedro Hollender 16; Franco Gin\u00f3bili 12; Augusto Lamonega 2; Augusto C\u00e1rdenas; Tob\u00edas Rodr\u00edguez; Juli\u00e1n Lambertucci; Marcos Fernandez. <strong>DT:<\/strong> Alejandro Navallo.<\/p>\n<p><strong>Pac\u00edfico 70 :<\/strong> Branco Salvatori 16; Juan Cruz Marini 2; I\u00f1aki Errazu 14; Cristian Miguel 13; Pomar Garbarino 9 <strong>(F.I.)<\/strong> Santiago Loos 13; Gonzalo Mart\u00ednez 2; Tom\u00e1s Bussetti 1; Guillermo Lucas; Bautista Olivera; Emanuel Moreno; Mat\u00edas Padilla<strong>.<\/strong> <strong>DT:<\/strong> Mauro Richotti.<\/p>\n<p><strong>Parciales:<\/strong> 18-21; 33-32 (15-11); 46-53 (13-21); 71-70 (25-17).<\/p>\n<p><strong>\u00c1rbitros: <\/strong>Eduardo Ferreyra &#8211; Alejandro Vizca\u00edno &#8211; Juan Jaramillo.<\/p>\n<p><strong>Estadio:<\/strong> Manu Gin\u00f3bili (Bahiense del Norte).<\/p>\n<p><strong>Serie:<\/strong> Bahiense 1-0.<\/p>\n<p>&nbsp;<\/p>\n<p>&nbsp;<\/p>\n<p><img decoding=\"async\" class=\"alignnone wp-image-109910 size-full\" src=\"http:\/\/gentedebasquet.com.ar\/sitio\/wp-content\/uploads\/2023\/11\/Gif-Publicidades-4-1.gif\" alt=\"\" width=\"300\" height=\"250\" \/><\/p>\n<p><img decoding=\"async\" class=\"alignnone wp-image-111685 \" src=\"http:\/\/gentedebasquet.com.ar\/sitio\/wp-content\/uploads\/2024\/05\/vlcsnap-2024-05-10-02h54m32s504-300x169.png\" alt=\"\" width=\"636\" height=\"358\" data-pin-no-hover=\"true\" srcset=\"http:\/\/gentedebasquet.com.ar\/sitio\/wp-content\/uploads\/2024\/05\/vlcsnap-2024-05-10-02h54m32s504-300x169.png 300w, http:\/\/gentedebasquet.com.ar\/sitio\/wp-content\/uploads\/2024\/05\/vlcsnap-2024-05-10-02h54m32s504-1024x576.png 1024w, http:\/\/gentedebasquet.com.ar\/sitio\/wp-content\/uploads\/2024\/05\/vlcsnap-2024-05-10-02h54m32s504-768x432.png 768w, http:\/\/gentedebasquet.com.ar\/sitio\/wp-content\/uploads\/2024\/05\/vlcsnap-2024-05-10-02h54m32s504-1536x864.png 1536w, http:\/\/gentedebasquet.com.ar\/sitio\/wp-content\/uploads\/2024\/05\/vlcsnap-2024-05-10-02h54m32s504-750x422.png 750w, http:\/\/gentedebasquet.com.ar\/sitio\/wp-content\/uploads\/2024\/05\/vlcsnap-2024-05-10-02h54m32s504-1140x641.png 1140w, http:\/\/gentedebasquet.com.ar\/sitio\/wp-content\/uploads\/2024\/05\/vlcsnap-2024-05-10-02h54m32s504.png 1920w\" sizes=\"(max-width: 636px) 100vw, 636px\" \/><\/p>\n","protected":false},"excerpt":{"rendered":"<p>El equipo que tiene su estadio en la primera cuadra de la calle Salta recibi\u00f3 en ese escenario a Pac\u00edfico para iniciar la serie de los cuartos de final de Primera. Fue un encuentro en el que los dos conjuntos tuvieron altibajos y que termin\u00f3 ganando el local por la m\u00ednima diferencia: 71-70. Leonardo La [&hellip;]<\/p>\n","protected":false},"author":70,"featured_media":111686,"comment_status":"open","ping_status":"open","sticky":false,"template":"","format":"standard","meta":{"jnews-multi-image_gallery":[],"jnews_single_post":{"source_name":"","source_url":"","via_name":"","via_url":"","override_template":"0","override":[{"template":"1","single_blog_custom":"","parallax":"1","fullscreen":"1","layout":"right-sidebar","sidebar":"default-sidebar","second_sidebar":"default-sidebar","sticky_sidebar":"1","share_position":"top","share_float_style":"share-monocrhome","show_share_counter":"0","show_view_counter":"0","show_featured":"1","show_post_meta":"1","show_post_author":"1","show_post_author_image":"1","show_post_date":"1","post_date_format":"default","post_date_format_custom":"Y\/m\/d","show_post_category":"1","show_post_reading_time":"0","post_reading_time_wpm":"300","show_zoom_button":"0","zoom_button_out_step":"2","zoom_button_in_step":"3","show_post_tag":"1","show_prev_next_post":"1","show_popup_post":"1","number_popup_post":"1","show_author_box":"0","show_post_related":"0","show_inline_post_related":"0"}],"override_image_size":"0","image_override":[{"single_post_thumbnail_size":"crop-500","single_post_gallery_size":"crop-500"}],"trending_post":"0","trending_post_position":"meta","trending_post_label":"Trending","sponsored_post":"0","sponsored_post_label":"Sponsored by","sponsored_post_name":"","sponsored_post_url":"","sponsored_post_logo_enable":"0","sponsored_post_logo":"","sponsored_post_desc":"","disable_ad":"0"},"jnews_primary_category":{"id":"","hide":""},"footnotes":""},"categories":[23,101],"tags":[5,261,38,17],"class_list":["post-111653","post","type-post","status-publish","format-standard","has-post-thumbnail","hentry","category-primera","category-slide","tag-bahiense-del-norte","tag-cristian-miguel","tag-leonardo-la-bella","tag-pacifico"],"yoast_head":"<!-- This site is optimized with the Yoast SEO plugin v27.5 - https:\/\/yoast.com\/product\/yoast-seo-wordpress\/ -->\n<title>La Bella tom\u00f3 el control y Bahiense se puso 1-0 - Gente de B\u00e1squet<\/title>\n<meta name=\"robots\" content=\"index, follow, max-snippet:-1, max-image-preview:large, max-video-preview:-1\" \/>\n<link rel=\"canonical\" href=\"http:\/\/gentedebasquet.com.ar\/sitio\/2024\/05\/10\/la-bella-tomo-el-control-y-bahiense-se-puso-1-0\/\" \/>\n<meta property=\"og:locale\" content=\"es_ES\" \/>\n<meta property=\"og:type\" content=\"article\" \/>\n<meta property=\"og:title\" content=\"La Bella tom\u00f3 el control y Bahiense se puso 1-0 - Gente de B\u00e1squet\" \/>\n<meta property=\"og:description\" content=\"El equipo que tiene su estadio en la primera cuadra de la calle Salta recibi\u00f3 en ese escenario a Pac\u00edfico para iniciar la serie de los cuartos de final de Primera. Fue un encuentro en el que los dos conjuntos tuvieron altibajos y que termin\u00f3 ganando el local por la m\u00ednima diferencia: 71-70. Leonardo La [&hellip;]\" \/>\n<meta property=\"og:url\" content=\"http:\/\/gentedebasquet.com.ar\/sitio\/2024\/05\/10\/la-bella-tomo-el-control-y-bahiense-se-puso-1-0\/\" \/>\n<meta property=\"og:site_name\" content=\"Gente de B\u00e1squet\" \/>\n<meta property=\"article:published_time\" content=\"2024-05-10T05:59:52+00:00\" \/>\n<meta property=\"article:modified_time\" content=\"2024-05-10T15:21:48+00:00\" \/>\n<meta property=\"og:image\" content=\"http:\/\/gentedebasquet.com.ar\/sitio\/wp-content\/uploads\/2024\/05\/vlcsnap-2024-05-10-02h57m29s129.png\" \/>\n\t<meta property=\"og:image:width\" content=\"690\" \/>\n\t<meta property=\"og:image:height\" content=\"319\" \/>\n\t<meta property=\"og:image:type\" content=\"image\/png\" \/>\n<meta name=\"author\" content=\"Andres Camarero\" \/>\n<meta name=\"twitter:card\" content=\"summary_large_image\" \/>\n<meta name=\"twitter:label1\" content=\"Escrito por\" \/>\n\t<meta name=\"twitter:data1\" content=\"Andres Camarero\" \/>\n\t<meta name=\"twitter:label2\" content=\"Tiempo de lectura\" \/>\n\t<meta name=\"twitter:data2\" content=\"5 minutos\" \/>\n<script type=\"application\/ld+json\" class=\"yoast-schema-graph\">{\"@context\":\"https:\\\/\\\/schema.org\",\"@graph\":[{\"@type\":\"Article\",\"@id\":\"http:\\\/\\\/gentedebasquet.com.ar\\\/sitio\\\/2024\\\/05\\\/10\\\/la-bella-tomo-el-control-y-bahiense-se-puso-1-0\\\/#article\",\"isPartOf\":{\"@id\":\"http:\\\/\\\/gentedebasquet.com.ar\\\/sitio\\\/2024\\\/05\\\/10\\\/la-bella-tomo-el-control-y-bahiense-se-puso-1-0\\\/\"},\"author\":{\"name\":\"Andres Camarero\",\"@id\":\"https:\\\/\\\/gentedebasquet.com.ar\\\/sitio\\\/#\\\/schema\\\/person\\\/6f3e5bc5df127b420a445d22fc9eaa51\"},\"headline\":\"La Bella tom\u00f3 el control y Bahiense se puso 1-0\",\"datePublished\":\"2024-05-10T05:59:52+00:00\",\"dateModified\":\"2024-05-10T15:21:48+00:00\",\"mainEntityOfPage\":{\"@id\":\"http:\\\/\\\/gentedebasquet.com.ar\\\/sitio\\\/2024\\\/05\\\/10\\\/la-bella-tomo-el-control-y-bahiense-se-puso-1-0\\\/\"},\"wordCount\":690,\"commentCount\":0,\"image\":{\"@id\":\"http:\\\/\\\/gentedebasquet.com.ar\\\/sitio\\\/2024\\\/05\\\/10\\\/la-bella-tomo-el-control-y-bahiense-se-puso-1-0\\\/#primaryimage\"},\"thumbnailUrl\":\"http:\\\/\\\/gentedebasquet.com.ar\\\/sitio\\\/wp-content\\\/uploads\\\/2024\\\/05\\\/vlcsnap-2024-05-10-02h57m29s129.png\",\"keywords\":[\"Bahiense Del Norte\",\"Cristian Miguel\",\"Leonardo La Bella\",\"Pacifico\"],\"articleSection\":[\"Primera\",\"Slide\"],\"inLanguage\":\"es\",\"potentialAction\":[{\"@type\":\"CommentAction\",\"name\":\"Comment\",\"target\":[\"http:\\\/\\\/gentedebasquet.com.ar\\\/sitio\\\/2024\\\/05\\\/10\\\/la-bella-tomo-el-control-y-bahiense-se-puso-1-0\\\/#respond\"]}]},{\"@type\":\"WebPage\",\"@id\":\"http:\\\/\\\/gentedebasquet.com.ar\\\/sitio\\\/2024\\\/05\\\/10\\\/la-bella-tomo-el-control-y-bahiense-se-puso-1-0\\\/\",\"url\":\"http:\\\/\\\/gentedebasquet.com.ar\\\/sitio\\\/2024\\\/05\\\/10\\\/la-bella-tomo-el-control-y-bahiense-se-puso-1-0\\\/\",\"name\":\"La Bella tom\u00f3 el control y Bahiense se puso 1-0 - Gente de B\u00e1squet\",\"isPartOf\":{\"@id\":\"https:\\\/\\\/gentedebasquet.com.ar\\\/sitio\\\/#website\"},\"primaryImageOfPage\":{\"@id\":\"http:\\\/\\\/gentedebasquet.com.ar\\\/sitio\\\/2024\\\/05\\\/10\\\/la-bella-tomo-el-control-y-bahiense-se-puso-1-0\\\/#primaryimage\"},\"image\":{\"@id\":\"http:\\\/\\\/gentedebasquet.com.ar\\\/sitio\\\/2024\\\/05\\\/10\\\/la-bella-tomo-el-control-y-bahiense-se-puso-1-0\\\/#primaryimage\"},\"thumbnailUrl\":\"http:\\\/\\\/gentedebasquet.com.ar\\\/sitio\\\/wp-content\\\/uploads\\\/2024\\\/05\\\/vlcsnap-2024-05-10-02h57m29s129.png\",\"datePublished\":\"2024-05-10T05:59:52+00:00\",\"dateModified\":\"2024-05-10T15:21:48+00:00\",\"author\":{\"@id\":\"https:\\\/\\\/gentedebasquet.com.ar\\\/sitio\\\/#\\\/schema\\\/person\\\/6f3e5bc5df127b420a445d22fc9eaa51\"},\"breadcrumb\":{\"@id\":\"http:\\\/\\\/gentedebasquet.com.ar\\\/sitio\\\/2024\\\/05\\\/10\\\/la-bella-tomo-el-control-y-bahiense-se-puso-1-0\\\/#breadcrumb\"},\"inLanguage\":\"es\",\"potentialAction\":[{\"@type\":\"ReadAction\",\"target\":[\"http:\\\/\\\/gentedebasquet.com.ar\\\/sitio\\\/2024\\\/05\\\/10\\\/la-bella-tomo-el-control-y-bahiense-se-puso-1-0\\\/\"]}]},{\"@type\":\"ImageObject\",\"inLanguage\":\"es\",\"@id\":\"http:\\\/\\\/gentedebasquet.com.ar\\\/sitio\\\/2024\\\/05\\\/10\\\/la-bella-tomo-el-control-y-bahiense-se-puso-1-0\\\/#primaryimage\",\"url\":\"http:\\\/\\\/gentedebasquet.com.ar\\\/sitio\\\/wp-content\\\/uploads\\\/2024\\\/05\\\/vlcsnap-2024-05-10-02h57m29s129.png\",\"contentUrl\":\"http:\\\/\\\/gentedebasquet.com.ar\\\/sitio\\\/wp-content\\\/uploads\\\/2024\\\/05\\\/vlcsnap-2024-05-10-02h57m29s129.png\",\"width\":690,\"height\":319},{\"@type\":\"BreadcrumbList\",\"@id\":\"http:\\\/\\\/gentedebasquet.com.ar\\\/sitio\\\/2024\\\/05\\\/10\\\/la-bella-tomo-el-control-y-bahiense-se-puso-1-0\\\/#breadcrumb\",\"itemListElement\":[{\"@type\":\"ListItem\",\"position\":1,\"name\":\"Portada\",\"item\":\"https:\\\/\\\/gentedebasquet.com.ar\\\/sitio\\\/\"},{\"@type\":\"ListItem\",\"position\":2,\"name\":\"La Bella tom\u00f3 el control y Bahiense se puso 1-0\"}]},{\"@type\":\"WebSite\",\"@id\":\"https:\\\/\\\/gentedebasquet.com.ar\\\/sitio\\\/#website\",\"url\":\"https:\\\/\\\/gentedebasquet.com.ar\\\/sitio\\\/\",\"name\":\"Gente de B\u00e1squet\",\"description\":\"La revista del basquet de Bah\u00eda Blanca\",\"potentialAction\":[{\"@type\":\"SearchAction\",\"target\":{\"@type\":\"EntryPoint\",\"urlTemplate\":\"https:\\\/\\\/gentedebasquet.com.ar\\\/sitio\\\/?s={search_term_string}\"},\"query-input\":{\"@type\":\"PropertyValueSpecification\",\"valueRequired\":true,\"valueName\":\"search_term_string\"}}],\"inLanguage\":\"es\"},{\"@type\":\"Person\",\"@id\":\"https:\\\/\\\/gentedebasquet.com.ar\\\/sitio\\\/#\\\/schema\\\/person\\\/6f3e5bc5df127b420a445d22fc9eaa51\",\"name\":\"Andres Camarero\",\"image\":{\"@type\":\"ImageObject\",\"inLanguage\":\"es\",\"@id\":\"https:\\\/\\\/secure.gravatar.com\\\/avatar\\\/f6d4884ec54a50c25ccd5e4f54f5e904d09dfe74ef58e58f631f3917b6fed7cd?s=96&d=mm&r=g\",\"url\":\"https:\\\/\\\/secure.gravatar.com\\\/avatar\\\/f6d4884ec54a50c25ccd5e4f54f5e904d09dfe74ef58e58f631f3917b6fed7cd?s=96&d=mm&r=g\",\"contentUrl\":\"https:\\\/\\\/secure.gravatar.com\\\/avatar\\\/f6d4884ec54a50c25ccd5e4f54f5e904d09dfe74ef58e58f631f3917b6fed7cd?s=96&d=mm&r=g\",\"caption\":\"Andres Camarero\"},\"url\":\"http:\\\/\\\/gentedebasquet.com.ar\\\/sitio\\\/author\\\/andres-camarero\\\/\"}]}<\/script>\n<!-- \/ Yoast SEO plugin. -->","yoast_head_json":{"title":"La Bella tom\u00f3 el control y Bahiense se puso 1-0 - Gente de B\u00e1squet","robots":{"index":"index","follow":"follow","max-snippet":"max-snippet:-1","max-image-preview":"max-image-preview:large","max-video-preview":"max-video-preview:-1"},"canonical":"http:\/\/gentedebasquet.com.ar\/sitio\/2024\/05\/10\/la-bella-tomo-el-control-y-bahiense-se-puso-1-0\/","og_locale":"es_ES","og_type":"article","og_title":"La Bella tom\u00f3 el control y Bahiense se puso 1-0 - Gente de B\u00e1squet","og_description":"El equipo que tiene su estadio en la primera cuadra de la calle Salta recibi\u00f3 en ese escenario a Pac\u00edfico para iniciar la serie de los cuartos de final de Primera. Fue un encuentro en el que los dos conjuntos tuvieron altibajos y que termin\u00f3 ganando el local por la m\u00ednima diferencia: 71-70. Leonardo La [&hellip;]","og_url":"http:\/\/gentedebasquet.com.ar\/sitio\/2024\/05\/10\/la-bella-tomo-el-control-y-bahiense-se-puso-1-0\/","og_site_name":"Gente de B\u00e1squet","article_published_time":"2024-05-10T05:59:52+00:00","article_modified_time":"2024-05-10T15:21:48+00:00","og_image":[{"width":690,"height":319,"url":"http:\/\/gentedebasquet.com.ar\/sitio\/wp-content\/uploads\/2024\/05\/vlcsnap-2024-05-10-02h57m29s129.png","type":"image\/png"}],"author":"Andres Camarero","twitter_card":"summary_large_image","twitter_misc":{"Escrito por":"Andres Camarero","Tiempo de lectura":"5 minutos"},"schema":{"@context":"https:\/\/schema.org","@graph":[{"@type":"Article","@id":"http:\/\/gentedebasquet.com.ar\/sitio\/2024\/05\/10\/la-bella-tomo-el-control-y-bahiense-se-puso-1-0\/#article","isPartOf":{"@id":"http:\/\/gentedebasquet.com.ar\/sitio\/2024\/05\/10\/la-bella-tomo-el-control-y-bahiense-se-puso-1-0\/"},"author":{"name":"Andres Camarero","@id":"https:\/\/gentedebasquet.com.ar\/sitio\/#\/schema\/person\/6f3e5bc5df127b420a445d22fc9eaa51"},"headline":"La Bella tom\u00f3 el control y Bahiense se puso 1-0","datePublished":"2024-05-10T05:59:52+00:00","dateModified":"2024-05-10T15:21:48+00:00","mainEntityOfPage":{"@id":"http:\/\/gentedebasquet.com.ar\/sitio\/2024\/05\/10\/la-bella-tomo-el-control-y-bahiense-se-puso-1-0\/"},"wordCount":690,"commentCount":0,"image":{"@id":"http:\/\/gentedebasquet.com.ar\/sitio\/2024\/05\/10\/la-bella-tomo-el-control-y-bahiense-se-puso-1-0\/#primaryimage"},"thumbnailUrl":"http:\/\/gentedebasquet.com.ar\/sitio\/wp-content\/uploads\/2024\/05\/vlcsnap-2024-05-10-02h57m29s129.png","keywords":["Bahiense Del Norte","Cristian Miguel","Leonardo La Bella","Pacifico"],"articleSection":["Primera","Slide"],"inLanguage":"es","potentialAction":[{"@type":"CommentAction","name":"Comment","target":["http:\/\/gentedebasquet.com.ar\/sitio\/2024\/05\/10\/la-bella-tomo-el-control-y-bahiense-se-puso-1-0\/#respond"]}]},{"@type":"WebPage","@id":"http:\/\/gentedebasquet.com.ar\/sitio\/2024\/05\/10\/la-bella-tomo-el-control-y-bahiense-se-puso-1-0\/","url":"http:\/\/gentedebasquet.com.ar\/sitio\/2024\/05\/10\/la-bella-tomo-el-control-y-bahiense-se-puso-1-0\/","name":"La Bella tom\u00f3 el control y Bahiense se puso 1-0 - Gente de B\u00e1squet","isPartOf":{"@id":"https:\/\/gentedebasquet.com.ar\/sitio\/#website"},"primaryImageOfPage":{"@id":"http:\/\/gentedebasquet.com.ar\/sitio\/2024\/05\/10\/la-bella-tomo-el-control-y-bahiense-se-puso-1-0\/#primaryimage"},"image":{"@id":"http:\/\/gentedebasquet.com.ar\/sitio\/2024\/05\/10\/la-bella-tomo-el-control-y-bahiense-se-puso-1-0\/#primaryimage"},"thumbnailUrl":"http:\/\/gentedebasquet.com.ar\/sitio\/wp-content\/uploads\/2024\/05\/vlcsnap-2024-05-10-02h57m29s129.png","datePublished":"2024-05-10T05:59:52+00:00","dateModified":"2024-05-10T15:21:48+00:00","author":{"@id":"https:\/\/gentedebasquet.com.ar\/sitio\/#\/schema\/person\/6f3e5bc5df127b420a445d22fc9eaa51"},"breadcrumb":{"@id":"http:\/\/gentedebasquet.com.ar\/sitio\/2024\/05\/10\/la-bella-tomo-el-control-y-bahiense-se-puso-1-0\/#breadcrumb"},"inLanguage":"es","potentialAction":[{"@type":"ReadAction","target":["http:\/\/gentedebasquet.com.ar\/sitio\/2024\/05\/10\/la-bella-tomo-el-control-y-bahiense-se-puso-1-0\/"]}]},{"@type":"ImageObject","inLanguage":"es","@id":"http:\/\/gentedebasquet.com.ar\/sitio\/2024\/05\/10\/la-bella-tomo-el-control-y-bahiense-se-puso-1-0\/#primaryimage","url":"http:\/\/gentedebasquet.com.ar\/sitio\/wp-content\/uploads\/2024\/05\/vlcsnap-2024-05-10-02h57m29s129.png","contentUrl":"http:\/\/gentedebasquet.com.ar\/sitio\/wp-content\/uploads\/2024\/05\/vlcsnap-2024-05-10-02h57m29s129.png","width":690,"height":319},{"@type":"BreadcrumbList","@id":"http:\/\/gentedebasquet.com.ar\/sitio\/2024\/05\/10\/la-bella-tomo-el-control-y-bahiense-se-puso-1-0\/#breadcrumb","itemListElement":[{"@type":"ListItem","position":1,"name":"Portada","item":"https:\/\/gentedebasquet.com.ar\/sitio\/"},{"@type":"ListItem","position":2,"name":"La Bella tom\u00f3 el control y Bahiense se puso 1-0"}]},{"@type":"WebSite","@id":"https:\/\/gentedebasquet.com.ar\/sitio\/#website","url":"https:\/\/gentedebasquet.com.ar\/sitio\/","name":"Gente de B\u00e1squet","description":"La revista del basquet de Bah\u00eda Blanca","potentialAction":[{"@type":"SearchAction","target":{"@type":"EntryPoint","urlTemplate":"https:\/\/gentedebasquet.com.ar\/sitio\/?s={search_term_string}"},"query-input":{"@type":"PropertyValueSpecification","valueRequired":true,"valueName":"search_term_string"}}],"inLanguage":"es"},{"@type":"Person","@id":"https:\/\/gentedebasquet.com.ar\/sitio\/#\/schema\/person\/6f3e5bc5df127b420a445d22fc9eaa51","name":"Andres Camarero","image":{"@type":"ImageObject","inLanguage":"es","@id":"https:\/\/secure.gravatar.com\/avatar\/f6d4884ec54a50c25ccd5e4f54f5e904d09dfe74ef58e58f631f3917b6fed7cd?s=96&d=mm&r=g","url":"https:\/\/secure.gravatar.com\/avatar\/f6d4884ec54a50c25ccd5e4f54f5e904d09dfe74ef58e58f631f3917b6fed7cd?s=96&d=mm&r=g","contentUrl":"https:\/\/secure.gravatar.com\/avatar\/f6d4884ec54a50c25ccd5e4f54f5e904d09dfe74ef58e58f631f3917b6fed7cd?s=96&d=mm&r=g","caption":"Andres Camarero"},"url":"http:\/\/gentedebasquet.com.ar\/sitio\/author\/andres-camarero\/"}]}},"_links":{"self":[{"href":"http:\/\/gentedebasquet.com.ar\/sitio\/wp-json\/wp\/v2\/posts\/111653","targetHints":{"allow":["GET"]}}],"collection":[{"href":"http:\/\/gentedebasquet.com.ar\/sitio\/wp-json\/wp\/v2\/posts"}],"about":[{"href":"http:\/\/gentedebasquet.com.ar\/sitio\/wp-json\/wp\/v2\/types\/post"}],"author":[{"embeddable":true,"href":"http:\/\/gentedebasquet.com.ar\/sitio\/wp-json\/wp\/v2\/users\/70"}],"replies":[{"embeddable":true,"href":"http:\/\/gentedebasquet.com.ar\/sitio\/wp-json\/wp\/v2\/comments?post=111653"}],"version-history":[{"count":6,"href":"http:\/\/gentedebasquet.com.ar\/sitio\/wp-json\/wp\/v2\/posts\/111653\/revisions"}],"predecessor-version":[{"id":111694,"href":"http:\/\/gentedebasquet.com.ar\/sitio\/wp-json\/wp\/v2\/posts\/111653\/revisions\/111694"}],"wp:featuredmedia":[{"embeddable":true,"href":"http:\/\/gentedebasquet.com.ar\/sitio\/wp-json\/wp\/v2\/media\/111686"}],"wp:attachment":[{"href":"http:\/\/gentedebasquet.com.ar\/sitio\/wp-json\/wp\/v2\/media?parent=111653"}],"wp:term":[{"taxonomy":"category","embeddable":true,"href":"http:\/\/gentedebasquet.com.ar\/sitio\/wp-json\/wp\/v2\/categories?post=111653"},{"taxonomy":"post_tag","embeddable":true,"href":"http:\/\/gentedebasquet.com.ar\/sitio\/wp-json\/wp\/v2\/tags?post=111653"}],"curies":[{"name":"wp","href":"https:\/\/api.w.org\/{rel}","templated":true}]}}