{"id":113736,"date":"2024-09-27T06:31:49","date_gmt":"2024-09-27T04:31:49","guid":{"rendered":"https:\/\/gentedebasquet.com.ar\/sitio\/?p=113736"},"modified":"2024-09-27T06:49:50","modified_gmt":"2024-09-27T04:49:50","slug":"napo-tiene-en-claro-cual-es-su-norte","status":"publish","type":"post","link":"http:\/\/gentedebasquet.com.ar\/sitio\/2024\/09\/27\/napo-tiene-en-claro-cual-es-su-norte\/","title":{"rendered":"Napo tiene en claro cual es su \u00abnorte\u00bb"},"content":{"rendered":"<p>El equipo de Piccinini sigue invicto en el torneo, le gan\u00f3 a Bahiense del norte 80 a 66. Pasan las fechas y Naposta sigue ganando y jugando bien.<\/p>\n<p>Sin darle , en ningun momento, lugar al rival para que maneje el juego, siempre imponiendose desde el juego, fisico y mental.<\/p>\n<p>Con Guido Muzi como figura , mas el aporte de Alema\u00f1y y Guerrero desde la base, Bruni y Zambrano sumando desde el per\u00edmetro y cerca del aro Iturrios le fueron dando forma a este triunfo. En la visita nunca le pudo encontrar la vuelta al juego. Eran todos arrestos individuales, nunca pudo encontrar fluidez en el juego, por eso se fue al entretiempo perdiendo 42 a 30.<\/p>\n<p>El segundo tiempo fue mas de lo mismo, cada ataque de Bahiense terminaban con tiros forzados, por eso de los 15 pts que convirti\u00f3 en el 3er cuarto, 6 fueron desde la linea de simples.<\/p>\n<p>Navallo intent\u00f3 buscar en el banco respuestas, como sucedio una semana atr\u00e1s frente a Estrella pero est\u00e1 vez no pudo lograrlo.<\/p>\n<p>Gan\u00f3 Naposta 80 a 66 y sigue puntero e invicto.<\/p>\n<div class=\"jeg_video_container jeg_video_content\"><iframe loading=\"lazy\" title=\"#Primera - Fecha #5: Napost\u00e1 80 - 66 Bahiense del Norte\" width=\"500\" height=\"281\" src=\"https:\/\/www.youtube.com\/embed\/hO3872i0MNg?feature=oembed\" frameborder=\"0\" allow=\"accelerometer; autoplay; clipboard-write; encrypted-media; gyroscope; picture-in-picture; web-share\" referrerpolicy=\"strict-origin-when-cross-origin\" allowfullscreen><\/iframe><\/div>\n<p><img decoding=\"async\" class=\"alignnone size-medium wp-image-113738\" src=\"http:\/\/gentedebasquet.com.ar\/sitio\/wp-content\/uploads\/2024\/09\/CLAVE-napo-bdn-300x300.png\" alt=\"\" width=\"300\" height=\"300\" srcset=\"http:\/\/gentedebasquet.com.ar\/sitio\/wp-content\/uploads\/2024\/09\/CLAVE-napo-bdn-300x300.png 300w, http:\/\/gentedebasquet.com.ar\/sitio\/wp-content\/uploads\/2024\/09\/CLAVE-napo-bdn-1024x1024.png 1024w, http:\/\/gentedebasquet.com.ar\/sitio\/wp-content\/uploads\/2024\/09\/CLAVE-napo-bdn-150x150.png 150w, http:\/\/gentedebasquet.com.ar\/sitio\/wp-content\/uploads\/2024\/09\/CLAVE-napo-bdn-768x768.png 768w, http:\/\/gentedebasquet.com.ar\/sitio\/wp-content\/uploads\/2024\/09\/CLAVE-napo-bdn-1536x1536.png 1536w, http:\/\/gentedebasquet.com.ar\/sitio\/wp-content\/uploads\/2024\/09\/CLAVE-napo-bdn-75x75.png 75w, http:\/\/gentedebasquet.com.ar\/sitio\/wp-content\/uploads\/2024\/09\/CLAVE-napo-bdn-350x350.png 350w, http:\/\/gentedebasquet.com.ar\/sitio\/wp-content\/uploads\/2024\/09\/CLAVE-napo-bdn-750x750.png 750w, http:\/\/gentedebasquet.com.ar\/sitio\/wp-content\/uploads\/2024\/09\/CLAVE-napo-bdn-1140x1140.png 1140w, http:\/\/gentedebasquet.com.ar\/sitio\/wp-content\/uploads\/2024\/09\/CLAVE-napo-bdn.png 2000w\" sizes=\"(max-width: 300px) 100vw, 300px\" \/><\/p>\n<p><img decoding=\"async\" class=\"alignnone size-medium wp-image-113737\" src=\"http:\/\/gentedebasquet.com.ar\/sitio\/wp-content\/uploads\/2024\/09\/WhatsApp-Image-2024-09-27-at-00.16.14-135x300.jpeg\" alt=\"\" width=\"135\" height=\"300\" srcset=\"http:\/\/gentedebasquet.com.ar\/sitio\/wp-content\/uploads\/2024\/09\/WhatsApp-Image-2024-09-27-at-00.16.14-135x300.jpeg 135w, http:\/\/gentedebasquet.com.ar\/sitio\/wp-content\/uploads\/2024\/09\/WhatsApp-Image-2024-09-27-at-00.16.14-461x1024.jpeg 461w, http:\/\/gentedebasquet.com.ar\/sitio\/wp-content\/uploads\/2024\/09\/WhatsApp-Image-2024-09-27-at-00.16.14-691x1536.jpeg 691w, http:\/\/gentedebasquet.com.ar\/sitio\/wp-content\/uploads\/2024\/09\/WhatsApp-Image-2024-09-27-at-00.16.14.jpeg 720w\" sizes=\"(max-width: 135px) 100vw, 135px\" \/><\/p>\n<blockquote><p>\u00ab\u00bbSab\u00edamos que iba a ser un partido dificil, pero lo domimamos desde el arranque e impusimos nuestro juego\u00bb\u00bb <strong><em>Guido Muzi<\/em>, Napost\u00e1.<\/strong><\/p><\/blockquote>\n<p><img decoding=\"async\" class=\"alignnone size-medium wp-image-113739\" src=\"http:\/\/gentedebasquet.com.ar\/sitio\/wp-content\/uploads\/2024\/09\/MVP-MUZI-300x300.png\" alt=\"\" width=\"300\" height=\"300\" srcset=\"http:\/\/gentedebasquet.com.ar\/sitio\/wp-content\/uploads\/2024\/09\/MVP-MUZI-300x300.png 300w, http:\/\/gentedebasquet.com.ar\/sitio\/wp-content\/uploads\/2024\/09\/MVP-MUZI-1024x1024.png 1024w, http:\/\/gentedebasquet.com.ar\/sitio\/wp-content\/uploads\/2024\/09\/MVP-MUZI-150x150.png 150w, http:\/\/gentedebasquet.com.ar\/sitio\/wp-content\/uploads\/2024\/09\/MVP-MUZI-768x768.png 768w, http:\/\/gentedebasquet.com.ar\/sitio\/wp-content\/uploads\/2024\/09\/MVP-MUZI-1536x1536.png 1536w, http:\/\/gentedebasquet.com.ar\/sitio\/wp-content\/uploads\/2024\/09\/MVP-MUZI-75x75.png 75w, http:\/\/gentedebasquet.com.ar\/sitio\/wp-content\/uploads\/2024\/09\/MVP-MUZI-350x350.png 350w, http:\/\/gentedebasquet.com.ar\/sitio\/wp-content\/uploads\/2024\/09\/MVP-MUZI-750x750.png 750w, http:\/\/gentedebasquet.com.ar\/sitio\/wp-content\/uploads\/2024\/09\/MVP-MUZI-1140x1140.png 1140w, http:\/\/gentedebasquet.com.ar\/sitio\/wp-content\/uploads\/2024\/09\/MVP-MUZI.png 2000w\" sizes=\"(max-width: 300px) 100vw, 300px\" \/><\/p>\n<p>&nbsp;<\/p>\n<p><strong>S\u00edntesis \u2013 Primera \u2013 Fecha 5<\/strong><\/p>\n<p><strong>Napost\u00e1 80:<\/strong> Leonel Alema\u00f1y 12, Tom\u00e1s Bruni 15, Nicol\u00e1s Guerrero 1, Santiago Ayala 8, Antonio Iturrioz 3 (FI)<br \/>\nNicol\u00e1s S\u00e1nchez 2, Gast\u00f3n Torres 0, Ulises Martorell 0, Guido Muzi 27, Kevin Zambrano 12, Sebasti\u00e1n Su\u00e1rez 0, Mariano Blanche 0. <strong>DT: Fabricio Piccinini<\/strong><\/p>\n<p><strong>Bahiense Del Norte 66:<\/strong> Leonardo La Bella 11, Augusto Lamonega 5, Tom\u00e1s Bonivardo 0, Jorge Garc\u00eda 0, Juan Pedro Hollender 20 (FI) Leonel Ruggiero 0, Eddie Roberson 2, Facundo Mariano 0, Franco Gin\u00f3bili 15, Martino Hait 3, Tom\u00e1s G\u00f3mez Lepez 10, Marcos Fern\u00e1ndez 0 <strong>DT: Alejandro Navallo<\/strong><\/p>\n<p><strong>\u00c1rbitros:<\/strong> Alejandro Ramallo, Sam Inglera, Lucas Andres<\/p>\n<p><strong>Estadio:<\/strong>Antonio Palma (Naposta)<\/p>\n<p><strong>Cobertura:<\/strong> Ariel Bravo<\/p>\n<p>&nbsp;<\/p>\n","protected":false},"excerpt":{"rendered":"<p>El equipo de Piccinini sigue invicto en el torneo, le gan\u00f3 a Bahiense del norte 80 a 66. Pasan las fechas y Naposta sigue ganando y jugando bien. Sin darle , en ningun momento, lugar al rival para que maneje el juego, siempre imponiendose desde el juego, fisico y mental. Con Guido Muzi como figura [&hellip;]<\/p>\n","protected":false},"author":71,"featured_media":113740,"comment_status":"open","ping_status":"open","sticky":false,"template":"","format":"standard","meta":{"jnews-multi-image_gallery":[],"jnews_single_post":{"source_name":"","source_url":"","via_name":"","via_url":"","override_template":"0","override":[{"template":"1","single_blog_custom":"","parallax":"1","fullscreen":"1","layout":"right-sidebar","sidebar":"default-sidebar","second_sidebar":"default-sidebar","sticky_sidebar":"1","share_position":"top","share_float_style":"share-monocrhome","show_share_counter":"0","show_view_counter":"0","show_featured":"1","show_post_meta":"1","show_post_author":"1","show_post_author_image":"0","show_post_date":"1","post_date_format":"default","post_date_format_custom":"Y\/m\/d","show_post_category":"1","show_post_reading_time":"0","post_reading_time_wpm":"300","show_zoom_button":"0","zoom_button_out_step":"2","zoom_button_in_step":"3","show_post_tag":"1","show_prev_next_post":"1","show_popup_post":"0","number_popup_post":"1","show_author_box":"0","show_post_related":"0","show_inline_post_related":"0"}],"override_image_size":"0","image_override":[{"single_post_thumbnail_size":"crop-500","single_post_gallery_size":"crop-500"}],"trending_post":"0","trending_post_position":"meta","trending_post_label":"Trending","sponsored_post":"0","sponsored_post_label":"Sponsored by","sponsored_post_name":"","sponsored_post_url":"","sponsored_post_logo_enable":"0","sponsored_post_logo":"","sponsored_post_desc":"","disable_ad":"0"},"jnews_primary_category":{"id":"","hide":""},"footnotes":""},"categories":[23,101],"tags":[287,5,1723,15,1169,508],"class_list":["post-113736","post","type-post","status-publish","format-standard","has-post-thumbnail","hentry","category-primera","category-slide","tag-bahiense","tag-bahiense-del-norte","tag-guido-muzi","tag-naposta","tag-primera","tag-primera-division"],"yoast_head":"<!-- This site is optimized with the Yoast SEO plugin v27.5 - https:\/\/yoast.com\/product\/yoast-seo-wordpress\/ -->\n<title>Napo tiene en claro cual es su &quot;norte&quot; - Gente de B\u00e1squet<\/title>\n<meta name=\"robots\" content=\"index, follow, max-snippet:-1, max-image-preview:large, max-video-preview:-1\" \/>\n<link rel=\"canonical\" href=\"https:\/\/gentedebasquet.com.ar\/sitio\/2024\/09\/27\/napo-tiene-en-claro-cual-es-su-norte\/\" \/>\n<meta property=\"og:locale\" content=\"es_ES\" \/>\n<meta property=\"og:type\" content=\"article\" \/>\n<meta property=\"og:title\" content=\"Napo tiene en claro cual es su &quot;norte&quot; - Gente de B\u00e1squet\" \/>\n<meta property=\"og:description\" content=\"El equipo de Piccinini sigue invicto en el torneo, le gan\u00f3 a Bahiense del norte 80 a 66. Pasan las fechas y Naposta sigue ganando y jugando bien. Sin darle , en ningun momento, lugar al rival para que maneje el juego, siempre imponiendose desde el juego, fisico y mental. Con Guido Muzi como figura [&hellip;]\" \/>\n<meta property=\"og:url\" content=\"https:\/\/gentedebasquet.com.ar\/sitio\/2024\/09\/27\/napo-tiene-en-claro-cual-es-su-norte\/\" \/>\n<meta property=\"og:site_name\" content=\"Gente de B\u00e1squet\" \/>\n<meta property=\"article:published_time\" content=\"2024-09-27T04:31:49+00:00\" \/>\n<meta property=\"article:modified_time\" content=\"2024-09-27T04:49:50+00:00\" \/>\n<meta property=\"og:image\" content=\"https:\/\/gentedebasquet.com.ar\/sitio\/wp-content\/uploads\/2024\/09\/WhatsApp-Image-2024-09-27-at-01.30.51.jpeg\" \/>\n\t<meta property=\"og:image:width\" content=\"1125\" \/>\n\t<meta property=\"og:image:height\" content=\"625\" \/>\n\t<meta property=\"og:image:type\" content=\"image\/jpeg\" \/>\n<meta name=\"author\" content=\"Santiago Seisdedos\" \/>\n<meta name=\"twitter:card\" content=\"summary_large_image\" \/>\n<meta name=\"twitter:label1\" content=\"Escrito por\" \/>\n\t<meta name=\"twitter:data1\" content=\"Santiago Seisdedos\" \/>\n\t<meta name=\"twitter:label2\" content=\"Tiempo de lectura\" \/>\n\t<meta name=\"twitter:data2\" content=\"3 minutos\" \/>\n<script type=\"application\/ld+json\" class=\"yoast-schema-graph\">{\"@context\":\"https:\\\/\\\/schema.org\",\"@graph\":[{\"@type\":\"Article\",\"@id\":\"https:\\\/\\\/gentedebasquet.com.ar\\\/sitio\\\/2024\\\/09\\\/27\\\/napo-tiene-en-claro-cual-es-su-norte\\\/#article\",\"isPartOf\":{\"@id\":\"https:\\\/\\\/gentedebasquet.com.ar\\\/sitio\\\/2024\\\/09\\\/27\\\/napo-tiene-en-claro-cual-es-su-norte\\\/\"},\"author\":{\"name\":\"Santiago Seisdedos\",\"@id\":\"http:\\\/\\\/gentedebasquet.com.ar\\\/sitio\\\/#\\\/schema\\\/person\\\/3b50d7c801b9529aba70bd4613bca6da\"},\"headline\":\"Napo tiene en claro cual es su \u00abnorte\u00bb\",\"datePublished\":\"2024-09-27T04:31:49+00:00\",\"dateModified\":\"2024-09-27T04:49:50+00:00\",\"mainEntityOfPage\":{\"@id\":\"https:\\\/\\\/gentedebasquet.com.ar\\\/sitio\\\/2024\\\/09\\\/27\\\/napo-tiene-en-claro-cual-es-su-norte\\\/\"},\"wordCount\":309,\"commentCount\":0,\"image\":{\"@id\":\"https:\\\/\\\/gentedebasquet.com.ar\\\/sitio\\\/2024\\\/09\\\/27\\\/napo-tiene-en-claro-cual-es-su-norte\\\/#primaryimage\"},\"thumbnailUrl\":\"http:\\\/\\\/gentedebasquet.com.ar\\\/sitio\\\/wp-content\\\/uploads\\\/2024\\\/09\\\/WhatsApp-Image-2024-09-27-at-01.30.51.jpeg\",\"keywords\":[\"Bahiense\",\"Bahiense Del Norte\",\"Guido Muzi\",\"Naposta\",\"Primera\",\"Primera Divisi\u00f3n\"],\"articleSection\":[\"Primera\",\"Slide\"],\"inLanguage\":\"es\",\"potentialAction\":[{\"@type\":\"CommentAction\",\"name\":\"Comment\",\"target\":[\"https:\\\/\\\/gentedebasquet.com.ar\\\/sitio\\\/2024\\\/09\\\/27\\\/napo-tiene-en-claro-cual-es-su-norte\\\/#respond\"]}]},{\"@type\":\"WebPage\",\"@id\":\"https:\\\/\\\/gentedebasquet.com.ar\\\/sitio\\\/2024\\\/09\\\/27\\\/napo-tiene-en-claro-cual-es-su-norte\\\/\",\"url\":\"https:\\\/\\\/gentedebasquet.com.ar\\\/sitio\\\/2024\\\/09\\\/27\\\/napo-tiene-en-claro-cual-es-su-norte\\\/\",\"name\":\"Napo tiene en claro cual es su \\\"norte\\\" - Gente de B\u00e1squet\",\"isPartOf\":{\"@id\":\"http:\\\/\\\/gentedebasquet.com.ar\\\/sitio\\\/#website\"},\"primaryImageOfPage\":{\"@id\":\"https:\\\/\\\/gentedebasquet.com.ar\\\/sitio\\\/2024\\\/09\\\/27\\\/napo-tiene-en-claro-cual-es-su-norte\\\/#primaryimage\"},\"image\":{\"@id\":\"https:\\\/\\\/gentedebasquet.com.ar\\\/sitio\\\/2024\\\/09\\\/27\\\/napo-tiene-en-claro-cual-es-su-norte\\\/#primaryimage\"},\"thumbnailUrl\":\"http:\\\/\\\/gentedebasquet.com.ar\\\/sitio\\\/wp-content\\\/uploads\\\/2024\\\/09\\\/WhatsApp-Image-2024-09-27-at-01.30.51.jpeg\",\"datePublished\":\"2024-09-27T04:31:49+00:00\",\"dateModified\":\"2024-09-27T04:49:50+00:00\",\"author\":{\"@id\":\"http:\\\/\\\/gentedebasquet.com.ar\\\/sitio\\\/#\\\/schema\\\/person\\\/3b50d7c801b9529aba70bd4613bca6da\"},\"breadcrumb\":{\"@id\":\"https:\\\/\\\/gentedebasquet.com.ar\\\/sitio\\\/2024\\\/09\\\/27\\\/napo-tiene-en-claro-cual-es-su-norte\\\/#breadcrumb\"},\"inLanguage\":\"es\",\"potentialAction\":[{\"@type\":\"ReadAction\",\"target\":[\"https:\\\/\\\/gentedebasquet.com.ar\\\/sitio\\\/2024\\\/09\\\/27\\\/napo-tiene-en-claro-cual-es-su-norte\\\/\"]}]},{\"@type\":\"ImageObject\",\"inLanguage\":\"es\",\"@id\":\"https:\\\/\\\/gentedebasquet.com.ar\\\/sitio\\\/2024\\\/09\\\/27\\\/napo-tiene-en-claro-cual-es-su-norte\\\/#primaryimage\",\"url\":\"http:\\\/\\\/gentedebasquet.com.ar\\\/sitio\\\/wp-content\\\/uploads\\\/2024\\\/09\\\/WhatsApp-Image-2024-09-27-at-01.30.51.jpeg\",\"contentUrl\":\"http:\\\/\\\/gentedebasquet.com.ar\\\/sitio\\\/wp-content\\\/uploads\\\/2024\\\/09\\\/WhatsApp-Image-2024-09-27-at-01.30.51.jpeg\",\"width\":1125,\"height\":625},{\"@type\":\"BreadcrumbList\",\"@id\":\"https:\\\/\\\/gentedebasquet.com.ar\\\/sitio\\\/2024\\\/09\\\/27\\\/napo-tiene-en-claro-cual-es-su-norte\\\/#breadcrumb\",\"itemListElement\":[{\"@type\":\"ListItem\",\"position\":1,\"name\":\"Portada\",\"item\":\"http:\\\/\\\/gentedebasquet.com.ar\\\/sitio\\\/\"},{\"@type\":\"ListItem\",\"position\":2,\"name\":\"Napo tiene en claro cual es su \u00abnorte\u00bb\"}]},{\"@type\":\"WebSite\",\"@id\":\"http:\\\/\\\/gentedebasquet.com.ar\\\/sitio\\\/#website\",\"url\":\"http:\\\/\\\/gentedebasquet.com.ar\\\/sitio\\\/\",\"name\":\"Gente de B\u00e1squet\",\"description\":\"La revista del basquet de Bah\u00eda Blanca\",\"potentialAction\":[{\"@type\":\"SearchAction\",\"target\":{\"@type\":\"EntryPoint\",\"urlTemplate\":\"http:\\\/\\\/gentedebasquet.com.ar\\\/sitio\\\/?s={search_term_string}\"},\"query-input\":{\"@type\":\"PropertyValueSpecification\",\"valueRequired\":true,\"valueName\":\"search_term_string\"}}],\"inLanguage\":\"es\"},{\"@type\":\"Person\",\"@id\":\"http:\\\/\\\/gentedebasquet.com.ar\\\/sitio\\\/#\\\/schema\\\/person\\\/3b50d7c801b9529aba70bd4613bca6da\",\"name\":\"Santiago Seisdedos\",\"image\":{\"@type\":\"ImageObject\",\"inLanguage\":\"es\",\"@id\":\"https:\\\/\\\/secure.gravatar.com\\\/avatar\\\/be737e74404eb3825c4679da7a152b3c6980b470f7253114cd451344e20a8d80?s=96&d=mm&r=g\",\"url\":\"https:\\\/\\\/secure.gravatar.com\\\/avatar\\\/be737e74404eb3825c4679da7a152b3c6980b470f7253114cd451344e20a8d80?s=96&d=mm&r=g\",\"contentUrl\":\"https:\\\/\\\/secure.gravatar.com\\\/avatar\\\/be737e74404eb3825c4679da7a152b3c6980b470f7253114cd451344e20a8d80?s=96&d=mm&r=g\",\"caption\":\"Santiago Seisdedos\"},\"url\":\"http:\\\/\\\/gentedebasquet.com.ar\\\/sitio\\\/author\\\/santiago-sesidedos\\\/\"}]}<\/script>\n<!-- \/ Yoast SEO plugin. -->","yoast_head_json":{"title":"Napo tiene en claro cual es su \"norte\" - Gente de B\u00e1squet","robots":{"index":"index","follow":"follow","max-snippet":"max-snippet:-1","max-image-preview":"max-image-preview:large","max-video-preview":"max-video-preview:-1"},"canonical":"https:\/\/gentedebasquet.com.ar\/sitio\/2024\/09\/27\/napo-tiene-en-claro-cual-es-su-norte\/","og_locale":"es_ES","og_type":"article","og_title":"Napo tiene en claro cual es su \"norte\" - Gente de B\u00e1squet","og_description":"El equipo de Piccinini sigue invicto en el torneo, le gan\u00f3 a Bahiense del norte 80 a 66. Pasan las fechas y Naposta sigue ganando y jugando bien. Sin darle , en ningun momento, lugar al rival para que maneje el juego, siempre imponiendose desde el juego, fisico y mental. Con Guido Muzi como figura [&hellip;]","og_url":"https:\/\/gentedebasquet.com.ar\/sitio\/2024\/09\/27\/napo-tiene-en-claro-cual-es-su-norte\/","og_site_name":"Gente de B\u00e1squet","article_published_time":"2024-09-27T04:31:49+00:00","article_modified_time":"2024-09-27T04:49:50+00:00","og_image":[{"width":1125,"height":625,"url":"https:\/\/gentedebasquet.com.ar\/sitio\/wp-content\/uploads\/2024\/09\/WhatsApp-Image-2024-09-27-at-01.30.51.jpeg","type":"image\/jpeg"}],"author":"Santiago Seisdedos","twitter_card":"summary_large_image","twitter_misc":{"Escrito por":"Santiago Seisdedos","Tiempo de lectura":"3 minutos"},"schema":{"@context":"https:\/\/schema.org","@graph":[{"@type":"Article","@id":"https:\/\/gentedebasquet.com.ar\/sitio\/2024\/09\/27\/napo-tiene-en-claro-cual-es-su-norte\/#article","isPartOf":{"@id":"https:\/\/gentedebasquet.com.ar\/sitio\/2024\/09\/27\/napo-tiene-en-claro-cual-es-su-norte\/"},"author":{"name":"Santiago Seisdedos","@id":"http:\/\/gentedebasquet.com.ar\/sitio\/#\/schema\/person\/3b50d7c801b9529aba70bd4613bca6da"},"headline":"Napo tiene en claro cual es su \u00abnorte\u00bb","datePublished":"2024-09-27T04:31:49+00:00","dateModified":"2024-09-27T04:49:50+00:00","mainEntityOfPage":{"@id":"https:\/\/gentedebasquet.com.ar\/sitio\/2024\/09\/27\/napo-tiene-en-claro-cual-es-su-norte\/"},"wordCount":309,"commentCount":0,"image":{"@id":"https:\/\/gentedebasquet.com.ar\/sitio\/2024\/09\/27\/napo-tiene-en-claro-cual-es-su-norte\/#primaryimage"},"thumbnailUrl":"http:\/\/gentedebasquet.com.ar\/sitio\/wp-content\/uploads\/2024\/09\/WhatsApp-Image-2024-09-27-at-01.30.51.jpeg","keywords":["Bahiense","Bahiense Del Norte","Guido Muzi","Naposta","Primera","Primera Divisi\u00f3n"],"articleSection":["Primera","Slide"],"inLanguage":"es","potentialAction":[{"@type":"CommentAction","name":"Comment","target":["https:\/\/gentedebasquet.com.ar\/sitio\/2024\/09\/27\/napo-tiene-en-claro-cual-es-su-norte\/#respond"]}]},{"@type":"WebPage","@id":"https:\/\/gentedebasquet.com.ar\/sitio\/2024\/09\/27\/napo-tiene-en-claro-cual-es-su-norte\/","url":"https:\/\/gentedebasquet.com.ar\/sitio\/2024\/09\/27\/napo-tiene-en-claro-cual-es-su-norte\/","name":"Napo tiene en claro cual es su \"norte\" - Gente de B\u00e1squet","isPartOf":{"@id":"http:\/\/gentedebasquet.com.ar\/sitio\/#website"},"primaryImageOfPage":{"@id":"https:\/\/gentedebasquet.com.ar\/sitio\/2024\/09\/27\/napo-tiene-en-claro-cual-es-su-norte\/#primaryimage"},"image":{"@id":"https:\/\/gentedebasquet.com.ar\/sitio\/2024\/09\/27\/napo-tiene-en-claro-cual-es-su-norte\/#primaryimage"},"thumbnailUrl":"http:\/\/gentedebasquet.com.ar\/sitio\/wp-content\/uploads\/2024\/09\/WhatsApp-Image-2024-09-27-at-01.30.51.jpeg","datePublished":"2024-09-27T04:31:49+00:00","dateModified":"2024-09-27T04:49:50+00:00","author":{"@id":"http:\/\/gentedebasquet.com.ar\/sitio\/#\/schema\/person\/3b50d7c801b9529aba70bd4613bca6da"},"breadcrumb":{"@id":"https:\/\/gentedebasquet.com.ar\/sitio\/2024\/09\/27\/napo-tiene-en-claro-cual-es-su-norte\/#breadcrumb"},"inLanguage":"es","potentialAction":[{"@type":"ReadAction","target":["https:\/\/gentedebasquet.com.ar\/sitio\/2024\/09\/27\/napo-tiene-en-claro-cual-es-su-norte\/"]}]},{"@type":"ImageObject","inLanguage":"es","@id":"https:\/\/gentedebasquet.com.ar\/sitio\/2024\/09\/27\/napo-tiene-en-claro-cual-es-su-norte\/#primaryimage","url":"http:\/\/gentedebasquet.com.ar\/sitio\/wp-content\/uploads\/2024\/09\/WhatsApp-Image-2024-09-27-at-01.30.51.jpeg","contentUrl":"http:\/\/gentedebasquet.com.ar\/sitio\/wp-content\/uploads\/2024\/09\/WhatsApp-Image-2024-09-27-at-01.30.51.jpeg","width":1125,"height":625},{"@type":"BreadcrumbList","@id":"https:\/\/gentedebasquet.com.ar\/sitio\/2024\/09\/27\/napo-tiene-en-claro-cual-es-su-norte\/#breadcrumb","itemListElement":[{"@type":"ListItem","position":1,"name":"Portada","item":"http:\/\/gentedebasquet.com.ar\/sitio\/"},{"@type":"ListItem","position":2,"name":"Napo tiene en claro cual es su \u00abnorte\u00bb"}]},{"@type":"WebSite","@id":"http:\/\/gentedebasquet.com.ar\/sitio\/#website","url":"http:\/\/gentedebasquet.com.ar\/sitio\/","name":"Gente de B\u00e1squet","description":"La revista del basquet de Bah\u00eda Blanca","potentialAction":[{"@type":"SearchAction","target":{"@type":"EntryPoint","urlTemplate":"http:\/\/gentedebasquet.com.ar\/sitio\/?s={search_term_string}"},"query-input":{"@type":"PropertyValueSpecification","valueRequired":true,"valueName":"search_term_string"}}],"inLanguage":"es"},{"@type":"Person","@id":"http:\/\/gentedebasquet.com.ar\/sitio\/#\/schema\/person\/3b50d7c801b9529aba70bd4613bca6da","name":"Santiago Seisdedos","image":{"@type":"ImageObject","inLanguage":"es","@id":"https:\/\/secure.gravatar.com\/avatar\/be737e74404eb3825c4679da7a152b3c6980b470f7253114cd451344e20a8d80?s=96&d=mm&r=g","url":"https:\/\/secure.gravatar.com\/avatar\/be737e74404eb3825c4679da7a152b3c6980b470f7253114cd451344e20a8d80?s=96&d=mm&r=g","contentUrl":"https:\/\/secure.gravatar.com\/avatar\/be737e74404eb3825c4679da7a152b3c6980b470f7253114cd451344e20a8d80?s=96&d=mm&r=g","caption":"Santiago Seisdedos"},"url":"http:\/\/gentedebasquet.com.ar\/sitio\/author\/santiago-sesidedos\/"}]}},"_links":{"self":[{"href":"http:\/\/gentedebasquet.com.ar\/sitio\/wp-json\/wp\/v2\/posts\/113736","targetHints":{"allow":["GET"]}}],"collection":[{"href":"http:\/\/gentedebasquet.com.ar\/sitio\/wp-json\/wp\/v2\/posts"}],"about":[{"href":"http:\/\/gentedebasquet.com.ar\/sitio\/wp-json\/wp\/v2\/types\/post"}],"author":[{"embeddable":true,"href":"http:\/\/gentedebasquet.com.ar\/sitio\/wp-json\/wp\/v2\/users\/71"}],"replies":[{"embeddable":true,"href":"http:\/\/gentedebasquet.com.ar\/sitio\/wp-json\/wp\/v2\/comments?post=113736"}],"version-history":[{"count":3,"href":"http:\/\/gentedebasquet.com.ar\/sitio\/wp-json\/wp\/v2\/posts\/113736\/revisions"}],"predecessor-version":[{"id":113750,"href":"http:\/\/gentedebasquet.com.ar\/sitio\/wp-json\/wp\/v2\/posts\/113736\/revisions\/113750"}],"wp:featuredmedia":[{"embeddable":true,"href":"http:\/\/gentedebasquet.com.ar\/sitio\/wp-json\/wp\/v2\/media\/113740"}],"wp:attachment":[{"href":"http:\/\/gentedebasquet.com.ar\/sitio\/wp-json\/wp\/v2\/media?parent=113736"}],"wp:term":[{"taxonomy":"category","embeddable":true,"href":"http:\/\/gentedebasquet.com.ar\/sitio\/wp-json\/wp\/v2\/categories?post=113736"},{"taxonomy":"post_tag","embeddable":true,"href":"http:\/\/gentedebasquet.com.ar\/sitio\/wp-json\/wp\/v2\/tags?post=113736"}],"curies":[{"name":"wp","href":"https:\/\/api.w.org\/{rel}","templated":true}]}}