{"id":115622,"date":"2025-05-01T21:37:58","date_gmt":"2025-05-01T19:37:58","guid":{"rendered":"https:\/\/gentedebasquet.com.ar\/sitio\/?p=115622"},"modified":"2025-05-01T21:37:58","modified_gmt":"2025-05-01T19:37:58","slug":"olimpo-sonrio-por-primera-vez","status":"publish","type":"post","link":"http:\/\/gentedebasquet.com.ar\/sitio\/2025\/05\/01\/olimpo-sonrio-por-primera-vez\/","title":{"rendered":"Olimpo sonri\u00f3 por primera vez"},"content":{"rendered":"\n<p>Reci\u00e9n tras un tiempo suplementario, de la mano de Marcos Diel y con un gran debut de Valent\u00edn Carrizo, el aurinegro se sac\u00f3 de encima a un inc\u00f3modo Pac\u00edfico y sum\u00f3 su primera alegr\u00eda del campeonato.<\/p>\n\n\n\n<p>El verde lo hab\u00eda empatado en la \u00faltima del tiempo regular con Sagarzazu, pero el local defini\u00f3 mejor en el tiempo extra y se qued\u00f3 con una festejada victoria.<\/p>\n\n\n\n<figure class=\"wp-block-embed is-type-video is-provider-youtube wp-block-embed-youtube wp-embed-aspect-16-9 wp-has-aspect-ratio\"><div class=\"wp-block-embed__wrapper\">\n<div class=\"jeg_video_container jeg_video_content\"><iframe loading=\"lazy\" title=\"#Primera - Fecha #2: Olimpo 86 - 83 Pac\u00edfico\" width=\"500\" height=\"281\" src=\"https:\/\/www.youtube.com\/embed\/2tDYEHpLfXQ?feature=oembed\" frameborder=\"0\" allow=\"accelerometer; autoplay; clipboard-write; encrypted-media; gyroscope; picture-in-picture; web-share\" referrerpolicy=\"strict-origin-when-cross-origin\" allowfullscreen><\/iframe><\/div>\n<\/div><\/figure>\n\n\n\n<figure class=\"wp-block-image size-large\"><img decoding=\"async\" width=\"1024\" height=\"1024\" src=\"https:\/\/gentedebasquet.com.ar\/sitio\/wp-content\/uploads\/2025\/05\/parcial-12-0-de-bahiense-en-el-tercer-cuarto.-1-1-1-1024x1024.png\" class=\"wp-image-115619\" srcset=\"http:\/\/gentedebasquet.com.ar\/sitio\/wp-content\/uploads\/2025\/05\/parcial-12-0-de-bahiense-en-el-tercer-cuarto.-1-1-1-1024x1024.png 1024w, http:\/\/gentedebasquet.com.ar\/sitio\/wp-content\/uploads\/2025\/05\/parcial-12-0-de-bahiense-en-el-tercer-cuarto.-1-1-1-300x300.png 300w, http:\/\/gentedebasquet.com.ar\/sitio\/wp-content\/uploads\/2025\/05\/parcial-12-0-de-bahiense-en-el-tercer-cuarto.-1-1-1-150x150.png 150w, http:\/\/gentedebasquet.com.ar\/sitio\/wp-content\/uploads\/2025\/05\/parcial-12-0-de-bahiense-en-el-tercer-cuarto.-1-1-1-768x768.png 768w, http:\/\/gentedebasquet.com.ar\/sitio\/wp-content\/uploads\/2025\/05\/parcial-12-0-de-bahiense-en-el-tercer-cuarto.-1-1-1-1536x1536.png 1536w, http:\/\/gentedebasquet.com.ar\/sitio\/wp-content\/uploads\/2025\/05\/parcial-12-0-de-bahiense-en-el-tercer-cuarto.-1-1-1-75x75.png 75w, http:\/\/gentedebasquet.com.ar\/sitio\/wp-content\/uploads\/2025\/05\/parcial-12-0-de-bahiense-en-el-tercer-cuarto.-1-1-1-350x350.png 350w, http:\/\/gentedebasquet.com.ar\/sitio\/wp-content\/uploads\/2025\/05\/parcial-12-0-de-bahiense-en-el-tercer-cuarto.-1-1-1-750x750.png 750w, http:\/\/gentedebasquet.com.ar\/sitio\/wp-content\/uploads\/2025\/05\/parcial-12-0-de-bahiense-en-el-tercer-cuarto.-1-1-1-1140x1140.png 1140w, http:\/\/gentedebasquet.com.ar\/sitio\/wp-content\/uploads\/2025\/05\/parcial-12-0-de-bahiense-en-el-tercer-cuarto.-1-1-1.png 1600w\" sizes=\"(max-width: 1024px) 100vw, 1024px\" \/><\/figure>\n\n\n\n<figure class=\"wp-block-image size-large\"><img decoding=\"async\" width=\"1024\" height=\"1024\" src=\"https:\/\/gentedebasquet.com.ar\/sitio\/wp-content\/uploads\/2025\/05\/parcial-12-0-de-bahiense-en-el-tercer-cuarto.-2-1-1-1024x1024.png\" class=\"wp-image-115620\" srcset=\"http:\/\/gentedebasquet.com.ar\/sitio\/wp-content\/uploads\/2025\/05\/parcial-12-0-de-bahiense-en-el-tercer-cuarto.-2-1-1-1024x1024.png 1024w, http:\/\/gentedebasquet.com.ar\/sitio\/wp-content\/uploads\/2025\/05\/parcial-12-0-de-bahiense-en-el-tercer-cuarto.-2-1-1-300x300.png 300w, http:\/\/gentedebasquet.com.ar\/sitio\/wp-content\/uploads\/2025\/05\/parcial-12-0-de-bahiense-en-el-tercer-cuarto.-2-1-1-150x150.png 150w, http:\/\/gentedebasquet.com.ar\/sitio\/wp-content\/uploads\/2025\/05\/parcial-12-0-de-bahiense-en-el-tercer-cuarto.-2-1-1-768x768.png 768w, http:\/\/gentedebasquet.com.ar\/sitio\/wp-content\/uploads\/2025\/05\/parcial-12-0-de-bahiense-en-el-tercer-cuarto.-2-1-1-1536x1536.png 1536w, http:\/\/gentedebasquet.com.ar\/sitio\/wp-content\/uploads\/2025\/05\/parcial-12-0-de-bahiense-en-el-tercer-cuarto.-2-1-1-75x75.png 75w, http:\/\/gentedebasquet.com.ar\/sitio\/wp-content\/uploads\/2025\/05\/parcial-12-0-de-bahiense-en-el-tercer-cuarto.-2-1-1-350x350.png 350w, http:\/\/gentedebasquet.com.ar\/sitio\/wp-content\/uploads\/2025\/05\/parcial-12-0-de-bahiense-en-el-tercer-cuarto.-2-1-1-750x750.png 750w, http:\/\/gentedebasquet.com.ar\/sitio\/wp-content\/uploads\/2025\/05\/parcial-12-0-de-bahiense-en-el-tercer-cuarto.-2-1-1-1140x1140.png 1140w, http:\/\/gentedebasquet.com.ar\/sitio\/wp-content\/uploads\/2025\/05\/parcial-12-0-de-bahiense-en-el-tercer-cuarto.-2-1-1.png 1600w\" sizes=\"(max-width: 1024px) 100vw, 1024px\" \/><\/figure>\n\n\n\n<p><strong>S\u00edntesis \u2013 Primera \u2013 Fecha 2<\/strong><\/p>\n\n\n\n<p><strong>Olimpo (86):<\/strong> S. Alimenti (16), A. Marroni (17), A. Dottori (8), M. Diel (19), A. Gonz\u00e1lez (7), fi; A. Solomon, V. Carrizo (10), A. Diel, L. Polak (3) y A. Bodach (6). <strong>DT: Juan Cruz Santini.<\/strong><\/p>\n\n\n\n<p><strong>Pac\u00edfico (83):<\/strong> B. Salvatori (9), J.C. Redivo (20), V. Cort\u00e9s (8), S. Loos (5), T. Sagarzazu (20), fi; F. Michelli (10), G. Pisani, I. Errazu (7), G. Lucas (2) y F. Mattioli (2). <strong>DT: Mauro Richotti.<\/strong><\/p>\n\n\n\n<p><strong>Parciales<\/strong>: Olimpo, 24-15; 38-26 y 58-40.<\/p>\n\n\n\n<p><strong>Tiempo regular:<\/strong> 76-76.<\/p>\n\n\n\n<p><strong>\u00c1rbitros<\/strong>: Alejandro Vizca\u00edno, Horacio Sed\u00e1n\u2069 y Marcelo Gordillo.<\/p>\n\n\n\n<p><strong>Estadio<\/strong>: Norberto Tom\u00e1s (Olimpo).<\/p>\n\n\n\n<figure class=\"wp-block-image size-large\"><img decoding=\"async\" width=\"1024\" height=\"592\" src=\"https:\/\/gentedebasquet.com.ar\/sitio\/wp-content\/uploads\/2025\/05\/img_8358-1-1024x592.jpg\" class=\"wp-image-115618\" srcset=\"http:\/\/gentedebasquet.com.ar\/sitio\/wp-content\/uploads\/2025\/05\/img_8358-1-1024x592.jpg 1024w, http:\/\/gentedebasquet.com.ar\/sitio\/wp-content\/uploads\/2025\/05\/img_8358-1-300x173.jpg 300w, http:\/\/gentedebasquet.com.ar\/sitio\/wp-content\/uploads\/2025\/05\/img_8358-1-768x444.jpg 768w, http:\/\/gentedebasquet.com.ar\/sitio\/wp-content\/uploads\/2025\/05\/img_8358-1-750x434.jpg 750w, http:\/\/gentedebasquet.com.ar\/sitio\/wp-content\/uploads\/2025\/05\/img_8358-1.jpg 1036w\" sizes=\"(max-width: 1024px) 100vw, 1024px\" \/><\/figure>\n","protected":false},"excerpt":{"rendered":"<p>Reci\u00e9n tras un tiempo suplementario, de la mano de Marcos Diel y con un gran debut de Valent\u00edn Carrizo, el aurinegro se sac\u00f3 de encima a un inc\u00f3modo Pac\u00edfico y sum\u00f3 su primera alegr\u00eda del campeonato. El verde lo hab\u00eda empatado en la \u00faltima del tiempo regular con Sagarzazu, pero el local defini\u00f3 mejor en [&hellip;]<\/p>\n","protected":false},"author":82,"featured_media":115621,"comment_status":"closed","ping_status":"open","sticky":false,"template":"","format":"standard","meta":{"jnews-multi-image_gallery":[],"jnews_single_post":[],"jnews_primary_category":[],"footnotes":""},"categories":[23,101],"tags":[1173,1247,16,17,1169,508],"class_list":["post-115622","post","type-post","status-publish","format-standard","has-post-thumbnail","hentry","category-primera","category-slide","tag-juan-cruz-redivo","tag-marcos-diel","tag-olimpo","tag-pacifico","tag-primera","tag-primera-division"],"yoast_head":"<!-- This site is optimized with the Yoast SEO plugin v27.5 - https:\/\/yoast.com\/product\/yoast-seo-wordpress\/ -->\n<title>Olimpo sonri\u00f3 por primera vez - Gente de B\u00e1squet<\/title>\n<meta name=\"robots\" content=\"index, follow, max-snippet:-1, max-image-preview:large, max-video-preview:-1\" \/>\n<link rel=\"canonical\" href=\"http:\/\/gentedebasquet.com.ar\/sitio\/2025\/05\/01\/olimpo-sonrio-por-primera-vez\/\" \/>\n<meta property=\"og:locale\" content=\"es_ES\" \/>\n<meta property=\"og:type\" content=\"article\" \/>\n<meta property=\"og:title\" content=\"Olimpo sonri\u00f3 por primera vez - Gente de B\u00e1squet\" \/>\n<meta property=\"og:description\" content=\"Reci\u00e9n tras un tiempo suplementario, de la mano de Marcos Diel y con un gran debut de Valent\u00edn Carrizo, el aurinegro se sac\u00f3 de encima a un inc\u00f3modo Pac\u00edfico y sum\u00f3 su primera alegr\u00eda del campeonato. El verde lo hab\u00eda empatado en la \u00faltima del tiempo regular con Sagarzazu, pero el local defini\u00f3 mejor en [&hellip;]\" \/>\n<meta property=\"og:url\" content=\"http:\/\/gentedebasquet.com.ar\/sitio\/2025\/05\/01\/olimpo-sonrio-por-primera-vez\/\" \/>\n<meta property=\"og:site_name\" content=\"Gente de B\u00e1squet\" \/>\n<meta property=\"article:published_time\" content=\"2025-05-01T19:37:58+00:00\" \/>\n<meta property=\"og:image\" content=\"http:\/\/gentedebasquet.com.ar\/sitio\/wp-content\/uploads\/2025\/05\/img_8357-1.jpg\" \/>\n\t<meta property=\"og:image:width\" content=\"1076\" \/>\n\t<meta property=\"og:image:height\" content=\"619\" \/>\n\t<meta property=\"og:image:type\" content=\"image\/jpeg\" \/>\n<meta name=\"author\" content=\"Manuel Lacerenza\" \/>\n<meta name=\"twitter:card\" content=\"summary_large_image\" \/>\n<meta name=\"twitter:label1\" content=\"Escrito por\" \/>\n\t<meta name=\"twitter:data1\" content=\"Manuel Lacerenza\" \/>\n\t<meta name=\"twitter:label2\" content=\"Tiempo de lectura\" \/>\n\t<meta name=\"twitter:data2\" content=\"1 minuto\" \/>\n<script type=\"application\/ld+json\" class=\"yoast-schema-graph\">{\"@context\":\"https:\\\/\\\/schema.org\",\"@graph\":[{\"@type\":\"Article\",\"@id\":\"http:\\\/\\\/gentedebasquet.com.ar\\\/sitio\\\/2025\\\/05\\\/01\\\/olimpo-sonrio-por-primera-vez\\\/#article\",\"isPartOf\":{\"@id\":\"http:\\\/\\\/gentedebasquet.com.ar\\\/sitio\\\/2025\\\/05\\\/01\\\/olimpo-sonrio-por-primera-vez\\\/\"},\"author\":{\"name\":\"Manuel Lacerenza\",\"@id\":\"https:\\\/\\\/gentedebasquet.com.ar\\\/sitio\\\/#\\\/schema\\\/person\\\/643357fb6a37b5549c9cfe9f339c9f1b\"},\"headline\":\"Olimpo sonri\u00f3 por primera vez\",\"datePublished\":\"2025-05-01T19:37:58+00:00\",\"mainEntityOfPage\":{\"@id\":\"http:\\\/\\\/gentedebasquet.com.ar\\\/sitio\\\/2025\\\/05\\\/01\\\/olimpo-sonrio-por-primera-vez\\\/\"},\"wordCount\":167,\"image\":{\"@id\":\"http:\\\/\\\/gentedebasquet.com.ar\\\/sitio\\\/2025\\\/05\\\/01\\\/olimpo-sonrio-por-primera-vez\\\/#primaryimage\"},\"thumbnailUrl\":\"http:\\\/\\\/gentedebasquet.com.ar\\\/sitio\\\/wp-content\\\/uploads\\\/2025\\\/05\\\/img_8357-1.jpg\",\"keywords\":[\"Juan Cruz Redivo\",\"Marcos Diel\",\"Ol\u00edmpo\",\"Pacifico\",\"Primera\",\"Primera Divisi\u00f3n\"],\"articleSection\":[\"Primera\",\"Slide\"],\"inLanguage\":\"es\"},{\"@type\":\"WebPage\",\"@id\":\"http:\\\/\\\/gentedebasquet.com.ar\\\/sitio\\\/2025\\\/05\\\/01\\\/olimpo-sonrio-por-primera-vez\\\/\",\"url\":\"http:\\\/\\\/gentedebasquet.com.ar\\\/sitio\\\/2025\\\/05\\\/01\\\/olimpo-sonrio-por-primera-vez\\\/\",\"name\":\"Olimpo sonri\u00f3 por primera vez - Gente de B\u00e1squet\",\"isPartOf\":{\"@id\":\"https:\\\/\\\/gentedebasquet.com.ar\\\/sitio\\\/#website\"},\"primaryImageOfPage\":{\"@id\":\"http:\\\/\\\/gentedebasquet.com.ar\\\/sitio\\\/2025\\\/05\\\/01\\\/olimpo-sonrio-por-primera-vez\\\/#primaryimage\"},\"image\":{\"@id\":\"http:\\\/\\\/gentedebasquet.com.ar\\\/sitio\\\/2025\\\/05\\\/01\\\/olimpo-sonrio-por-primera-vez\\\/#primaryimage\"},\"thumbnailUrl\":\"http:\\\/\\\/gentedebasquet.com.ar\\\/sitio\\\/wp-content\\\/uploads\\\/2025\\\/05\\\/img_8357-1.jpg\",\"datePublished\":\"2025-05-01T19:37:58+00:00\",\"author\":{\"@id\":\"https:\\\/\\\/gentedebasquet.com.ar\\\/sitio\\\/#\\\/schema\\\/person\\\/643357fb6a37b5549c9cfe9f339c9f1b\"},\"breadcrumb\":{\"@id\":\"http:\\\/\\\/gentedebasquet.com.ar\\\/sitio\\\/2025\\\/05\\\/01\\\/olimpo-sonrio-por-primera-vez\\\/#breadcrumb\"},\"inLanguage\":\"es\",\"potentialAction\":[{\"@type\":\"ReadAction\",\"target\":[\"http:\\\/\\\/gentedebasquet.com.ar\\\/sitio\\\/2025\\\/05\\\/01\\\/olimpo-sonrio-por-primera-vez\\\/\"]}]},{\"@type\":\"ImageObject\",\"inLanguage\":\"es\",\"@id\":\"http:\\\/\\\/gentedebasquet.com.ar\\\/sitio\\\/2025\\\/05\\\/01\\\/olimpo-sonrio-por-primera-vez\\\/#primaryimage\",\"url\":\"http:\\\/\\\/gentedebasquet.com.ar\\\/sitio\\\/wp-content\\\/uploads\\\/2025\\\/05\\\/img_8357-1.jpg\",\"contentUrl\":\"http:\\\/\\\/gentedebasquet.com.ar\\\/sitio\\\/wp-content\\\/uploads\\\/2025\\\/05\\\/img_8357-1.jpg\",\"width\":1076,\"height\":619},{\"@type\":\"BreadcrumbList\",\"@id\":\"http:\\\/\\\/gentedebasquet.com.ar\\\/sitio\\\/2025\\\/05\\\/01\\\/olimpo-sonrio-por-primera-vez\\\/#breadcrumb\",\"itemListElement\":[{\"@type\":\"ListItem\",\"position\":1,\"name\":\"Portada\",\"item\":\"https:\\\/\\\/gentedebasquet.com.ar\\\/sitio\\\/\"},{\"@type\":\"ListItem\",\"position\":2,\"name\":\"Olimpo sonri\u00f3 por primera vez\"}]},{\"@type\":\"WebSite\",\"@id\":\"https:\\\/\\\/gentedebasquet.com.ar\\\/sitio\\\/#website\",\"url\":\"https:\\\/\\\/gentedebasquet.com.ar\\\/sitio\\\/\",\"name\":\"Gente de B\u00e1squet\",\"description\":\"La revista del basquet de Bah\u00eda Blanca\",\"potentialAction\":[{\"@type\":\"SearchAction\",\"target\":{\"@type\":\"EntryPoint\",\"urlTemplate\":\"https:\\\/\\\/gentedebasquet.com.ar\\\/sitio\\\/?s={search_term_string}\"},\"query-input\":{\"@type\":\"PropertyValueSpecification\",\"valueRequired\":true,\"valueName\":\"search_term_string\"}}],\"inLanguage\":\"es\"},{\"@type\":\"Person\",\"@id\":\"https:\\\/\\\/gentedebasquet.com.ar\\\/sitio\\\/#\\\/schema\\\/person\\\/643357fb6a37b5549c9cfe9f339c9f1b\",\"name\":\"Manuel Lacerenza\",\"image\":{\"@type\":\"ImageObject\",\"inLanguage\":\"es\",\"@id\":\"https:\\\/\\\/secure.gravatar.com\\\/avatar\\\/6a427d587bd181ca8afd828e8cf364f233c5cbe5b8a1332b92ea42687ad97845?s=96&d=mm&r=g\",\"url\":\"https:\\\/\\\/secure.gravatar.com\\\/avatar\\\/6a427d587bd181ca8afd828e8cf364f233c5cbe5b8a1332b92ea42687ad97845?s=96&d=mm&r=g\",\"contentUrl\":\"https:\\\/\\\/secure.gravatar.com\\\/avatar\\\/6a427d587bd181ca8afd828e8cf364f233c5cbe5b8a1332b92ea42687ad97845?s=96&d=mm&r=g\",\"caption\":\"Manuel Lacerenza\"},\"url\":\"http:\\\/\\\/gentedebasquet.com.ar\\\/sitio\\\/author\\\/manuel\\\/\"}]}<\/script>\n<!-- \/ Yoast SEO plugin. -->","yoast_head_json":{"title":"Olimpo sonri\u00f3 por primera vez - Gente de B\u00e1squet","robots":{"index":"index","follow":"follow","max-snippet":"max-snippet:-1","max-image-preview":"max-image-preview:large","max-video-preview":"max-video-preview:-1"},"canonical":"http:\/\/gentedebasquet.com.ar\/sitio\/2025\/05\/01\/olimpo-sonrio-por-primera-vez\/","og_locale":"es_ES","og_type":"article","og_title":"Olimpo sonri\u00f3 por primera vez - Gente de B\u00e1squet","og_description":"Reci\u00e9n tras un tiempo suplementario, de la mano de Marcos Diel y con un gran debut de Valent\u00edn Carrizo, el aurinegro se sac\u00f3 de encima a un inc\u00f3modo Pac\u00edfico y sum\u00f3 su primera alegr\u00eda del campeonato. El verde lo hab\u00eda empatado en la \u00faltima del tiempo regular con Sagarzazu, pero el local defini\u00f3 mejor en [&hellip;]","og_url":"http:\/\/gentedebasquet.com.ar\/sitio\/2025\/05\/01\/olimpo-sonrio-por-primera-vez\/","og_site_name":"Gente de B\u00e1squet","article_published_time":"2025-05-01T19:37:58+00:00","og_image":[{"width":1076,"height":619,"url":"http:\/\/gentedebasquet.com.ar\/sitio\/wp-content\/uploads\/2025\/05\/img_8357-1.jpg","type":"image\/jpeg"}],"author":"Manuel Lacerenza","twitter_card":"summary_large_image","twitter_misc":{"Escrito por":"Manuel Lacerenza","Tiempo de lectura":"1 minuto"},"schema":{"@context":"https:\/\/schema.org","@graph":[{"@type":"Article","@id":"http:\/\/gentedebasquet.com.ar\/sitio\/2025\/05\/01\/olimpo-sonrio-por-primera-vez\/#article","isPartOf":{"@id":"http:\/\/gentedebasquet.com.ar\/sitio\/2025\/05\/01\/olimpo-sonrio-por-primera-vez\/"},"author":{"name":"Manuel Lacerenza","@id":"https:\/\/gentedebasquet.com.ar\/sitio\/#\/schema\/person\/643357fb6a37b5549c9cfe9f339c9f1b"},"headline":"Olimpo sonri\u00f3 por primera vez","datePublished":"2025-05-01T19:37:58+00:00","mainEntityOfPage":{"@id":"http:\/\/gentedebasquet.com.ar\/sitio\/2025\/05\/01\/olimpo-sonrio-por-primera-vez\/"},"wordCount":167,"image":{"@id":"http:\/\/gentedebasquet.com.ar\/sitio\/2025\/05\/01\/olimpo-sonrio-por-primera-vez\/#primaryimage"},"thumbnailUrl":"http:\/\/gentedebasquet.com.ar\/sitio\/wp-content\/uploads\/2025\/05\/img_8357-1.jpg","keywords":["Juan Cruz Redivo","Marcos Diel","Ol\u00edmpo","Pacifico","Primera","Primera Divisi\u00f3n"],"articleSection":["Primera","Slide"],"inLanguage":"es"},{"@type":"WebPage","@id":"http:\/\/gentedebasquet.com.ar\/sitio\/2025\/05\/01\/olimpo-sonrio-por-primera-vez\/","url":"http:\/\/gentedebasquet.com.ar\/sitio\/2025\/05\/01\/olimpo-sonrio-por-primera-vez\/","name":"Olimpo sonri\u00f3 por primera vez - Gente de B\u00e1squet","isPartOf":{"@id":"https:\/\/gentedebasquet.com.ar\/sitio\/#website"},"primaryImageOfPage":{"@id":"http:\/\/gentedebasquet.com.ar\/sitio\/2025\/05\/01\/olimpo-sonrio-por-primera-vez\/#primaryimage"},"image":{"@id":"http:\/\/gentedebasquet.com.ar\/sitio\/2025\/05\/01\/olimpo-sonrio-por-primera-vez\/#primaryimage"},"thumbnailUrl":"http:\/\/gentedebasquet.com.ar\/sitio\/wp-content\/uploads\/2025\/05\/img_8357-1.jpg","datePublished":"2025-05-01T19:37:58+00:00","author":{"@id":"https:\/\/gentedebasquet.com.ar\/sitio\/#\/schema\/person\/643357fb6a37b5549c9cfe9f339c9f1b"},"breadcrumb":{"@id":"http:\/\/gentedebasquet.com.ar\/sitio\/2025\/05\/01\/olimpo-sonrio-por-primera-vez\/#breadcrumb"},"inLanguage":"es","potentialAction":[{"@type":"ReadAction","target":["http:\/\/gentedebasquet.com.ar\/sitio\/2025\/05\/01\/olimpo-sonrio-por-primera-vez\/"]}]},{"@type":"ImageObject","inLanguage":"es","@id":"http:\/\/gentedebasquet.com.ar\/sitio\/2025\/05\/01\/olimpo-sonrio-por-primera-vez\/#primaryimage","url":"http:\/\/gentedebasquet.com.ar\/sitio\/wp-content\/uploads\/2025\/05\/img_8357-1.jpg","contentUrl":"http:\/\/gentedebasquet.com.ar\/sitio\/wp-content\/uploads\/2025\/05\/img_8357-1.jpg","width":1076,"height":619},{"@type":"BreadcrumbList","@id":"http:\/\/gentedebasquet.com.ar\/sitio\/2025\/05\/01\/olimpo-sonrio-por-primera-vez\/#breadcrumb","itemListElement":[{"@type":"ListItem","position":1,"name":"Portada","item":"https:\/\/gentedebasquet.com.ar\/sitio\/"},{"@type":"ListItem","position":2,"name":"Olimpo sonri\u00f3 por primera vez"}]},{"@type":"WebSite","@id":"https:\/\/gentedebasquet.com.ar\/sitio\/#website","url":"https:\/\/gentedebasquet.com.ar\/sitio\/","name":"Gente de B\u00e1squet","description":"La revista del basquet de Bah\u00eda Blanca","potentialAction":[{"@type":"SearchAction","target":{"@type":"EntryPoint","urlTemplate":"https:\/\/gentedebasquet.com.ar\/sitio\/?s={search_term_string}"},"query-input":{"@type":"PropertyValueSpecification","valueRequired":true,"valueName":"search_term_string"}}],"inLanguage":"es"},{"@type":"Person","@id":"https:\/\/gentedebasquet.com.ar\/sitio\/#\/schema\/person\/643357fb6a37b5549c9cfe9f339c9f1b","name":"Manuel Lacerenza","image":{"@type":"ImageObject","inLanguage":"es","@id":"https:\/\/secure.gravatar.com\/avatar\/6a427d587bd181ca8afd828e8cf364f233c5cbe5b8a1332b92ea42687ad97845?s=96&d=mm&r=g","url":"https:\/\/secure.gravatar.com\/avatar\/6a427d587bd181ca8afd828e8cf364f233c5cbe5b8a1332b92ea42687ad97845?s=96&d=mm&r=g","contentUrl":"https:\/\/secure.gravatar.com\/avatar\/6a427d587bd181ca8afd828e8cf364f233c5cbe5b8a1332b92ea42687ad97845?s=96&d=mm&r=g","caption":"Manuel Lacerenza"},"url":"http:\/\/gentedebasquet.com.ar\/sitio\/author\/manuel\/"}]}},"_links":{"self":[{"href":"http:\/\/gentedebasquet.com.ar\/sitio\/wp-json\/wp\/v2\/posts\/115622","targetHints":{"allow":["GET"]}}],"collection":[{"href":"http:\/\/gentedebasquet.com.ar\/sitio\/wp-json\/wp\/v2\/posts"}],"about":[{"href":"http:\/\/gentedebasquet.com.ar\/sitio\/wp-json\/wp\/v2\/types\/post"}],"author":[{"embeddable":true,"href":"http:\/\/gentedebasquet.com.ar\/sitio\/wp-json\/wp\/v2\/users\/82"}],"replies":[{"embeddable":true,"href":"http:\/\/gentedebasquet.com.ar\/sitio\/wp-json\/wp\/v2\/comments?post=115622"}],"version-history":[{"count":1,"href":"http:\/\/gentedebasquet.com.ar\/sitio\/wp-json\/wp\/v2\/posts\/115622\/revisions"}],"predecessor-version":[{"id":115623,"href":"http:\/\/gentedebasquet.com.ar\/sitio\/wp-json\/wp\/v2\/posts\/115622\/revisions\/115623"}],"wp:featuredmedia":[{"embeddable":true,"href":"http:\/\/gentedebasquet.com.ar\/sitio\/wp-json\/wp\/v2\/media\/115621"}],"wp:attachment":[{"href":"http:\/\/gentedebasquet.com.ar\/sitio\/wp-json\/wp\/v2\/media?parent=115622"}],"wp:term":[{"taxonomy":"category","embeddable":true,"href":"http:\/\/gentedebasquet.com.ar\/sitio\/wp-json\/wp\/v2\/categories?post=115622"},{"taxonomy":"post_tag","embeddable":true,"href":"http:\/\/gentedebasquet.com.ar\/sitio\/wp-json\/wp\/v2\/tags?post=115622"}],"curies":[{"name":"wp","href":"https:\/\/api.w.org\/{rel}","templated":true}]}}