{"id":118173,"date":"2025-10-01T06:14:52","date_gmt":"2025-10-01T04:14:52","guid":{"rendered":"https:\/\/gentedebasquet.com.ar\/sitio\/?p=118173"},"modified":"2025-10-01T18:09:58","modified_gmt":"2025-10-01T16:09:58","slug":"pico-en-punta-barrio","status":"publish","type":"post","link":"http:\/\/gentedebasquet.com.ar\/sitio\/2025\/10\/01\/pico-en-punta-barrio\/","title":{"rendered":"Pic\u00f3 en punta Barrio"},"content":{"rendered":"<p>&nbsp;<\/p>\n<p><strong>Barrio Hospital se llev\u00f3 un important\u00edsimo triunfo ante Independiente por 96-92, para volver a la punta del campeonato. El encuentro se defini\u00f3 en prorroga, Jos\u00e9 Luis Mart\u00ednez fue figura con 28 puntos, 18 rebotes y 40 de valoraci\u00f3n.<\/strong><\/p>\n<p>Independiente arranc\u00f3 con fuerza. <strong>Agust\u00edn Astradas sorprendi\u00f3 encadenando cuatro triples casi consecutivos,<\/strong> mostrando una clara superioridad en el per\u00edmetro. <strong>En Barrio, la clave estuvo en el juego interior, tanto en ataque como en defensa.<\/strong> Tras los primeros diez minutos, el cuarto cerr\u00f3 22-21 a favor de los locales.<\/p>\n<p>El segundo parcial comenz\u00f3 con muchas faltas; sin embargo, el goleo nunca baj\u00f3. <strong>Alen R\u00edos empez\u00f3 a adue\u00f1arse de la pintura con un gran pasaje,<\/strong> mientras que, en Barrio, <strong>\u201cEl Colo\u201d Mart\u00ednez respondi\u00f3 con lo propio.<\/strong> Con un alto nivel de anotaci\u00f3n y un juego fluido, la primera mitad concluy\u00f3 44-41 en favor de Independiente.<\/p>\n<p>El complemento se inici\u00f3 nuevamente con ritmo, aunque con poco goleo. <strong>Astradas, otra vez, apareci\u00f3 con dos triples para marcar la diferencia en el anfitri\u00f3n.<\/strong> En Barrio, Am\u00edlcar Andreanelli fue clave con seis puntos y <strong>Luciano Fortelli, con un triple, les dio el liderato por primera vez desde el primer cuarto.<\/strong> Sin embargo, el Viola, con un cierre m\u00e1s s\u00f3lido, se fue arriba 64-60.<\/p>\n<p>Tras tres intensos cuartos, el \u00faltimo no fue la excepci\u00f3n. Los de calle Italia comenzaron de manera excepcional: <strong>parcial de 8-3, con seis puntos de R\u00edos, para ponerse nueve arriba y alcanzar la m\u00e1xima ventaja de la noche.<\/strong> Con el correr de los minutos, supieron sostener esa diferencia. <strong>Herman Banegas fue expulsado por quinta falta<\/strong> y todo parec\u00eda encaminarse para que el Viola sellara un triunfo important\u00edsimo. Pero el destino ten\u00eda otros planes.<\/p>\n<p><strong>Los \u00faltimos dos minutos fueron de pel\u00edcula.<\/strong> Barrio Hospital, de la mano de Tom\u00e1s Bussetti, Esteban Benedetti y Am\u00edlcar Andreanelli, <strong>firm\u00f3 un enorme parcial de 11-3 para empatar el marcador.<\/strong> Con seis segundos por jugar y un \u00faltimo intento de asedio por parte de Independiente, el partido se fue a la pr\u00f3rroga.<\/p>\n<p>El tiempo extra fue un ida y vuelta de canastas durante cuatro minutos, <strong>con ambos equipos neg\u00e1ndose a dar el brazo a torcer.<\/strong> Sin embargo, en el \u00faltimo minuto <strong>apareci\u00f3 \u201cEl Colo\u201d Mart\u00ednez con dos conversiones consecutivas,<\/strong> adem\u00e1s de frenar los avances de los locales. Sus puntos resultaron determinantes, y con la canasta final de Am\u00edlcar Andreanelli, Barrio Hospital sell\u00f3 un enorme triunfo por 96-92.<\/p>\n<p><strong>Los dirigidos por Claudio Queti, vuelven a asaltar la punta del certamen. Independiente por su parte, con su segunda ca\u00edda al hilo, sigue a la espera de los regresos de Juan Pablo Moran, Fernando Bonino y Luciano Figueroa.<\/strong><\/p>\n<div class=\"jeg_video_container jeg_video_content\">\n<div class=\"jeg_video_container jeg_video_content\">\n<div class=\"jeg_video_container jeg_video_content\">\n<div class=\"jeg_video_container jeg_video_content\">\n<div class=\"jeg_video_container jeg_video_content\">\n<div class=\"jeg_video_container jeg_video_content\"><iframe loading=\"lazy\" title=\"#Segunda - Fecha #10: Independiente 92 - 96 Barrio Hospital\" width=\"500\" height=\"281\" src=\"https:\/\/www.youtube.com\/embed\/sPIwGyDTcRU?feature=oembed\" frameborder=\"0\" allow=\"accelerometer; autoplay; clipboard-write; encrypted-media; gyroscope; picture-in-picture; web-share\" referrerpolicy=\"strict-origin-when-cross-origin\" allowfullscreen><\/iframe><\/div>\n<\/div>\n<\/div>\n<\/div>\n<\/div>\n<\/div>\n<p><img decoding=\"async\" class=\"alignnone wp-image-118215 \" src=\"http:\/\/gentedebasquet.com.ar\/sitio\/wp-content\/uploads\/2025\/10\/CLAVE-1024x1024.png\" alt=\"\" width=\"300\" height=\"300\" data-pin-no-hover=\"true\" srcset=\"http:\/\/gentedebasquet.com.ar\/sitio\/wp-content\/uploads\/2025\/10\/CLAVE-1024x1024.png 1024w, http:\/\/gentedebasquet.com.ar\/sitio\/wp-content\/uploads\/2025\/10\/CLAVE-300x300.png 300w, http:\/\/gentedebasquet.com.ar\/sitio\/wp-content\/uploads\/2025\/10\/CLAVE-150x150.png 150w, http:\/\/gentedebasquet.com.ar\/sitio\/wp-content\/uploads\/2025\/10\/CLAVE-768x768.png 768w, http:\/\/gentedebasquet.com.ar\/sitio\/wp-content\/uploads\/2025\/10\/CLAVE-1536x1536.png 1536w, http:\/\/gentedebasquet.com.ar\/sitio\/wp-content\/uploads\/2025\/10\/CLAVE-75x75.png 75w, http:\/\/gentedebasquet.com.ar\/sitio\/wp-content\/uploads\/2025\/10\/CLAVE-350x350.png 350w, http:\/\/gentedebasquet.com.ar\/sitio\/wp-content\/uploads\/2025\/10\/CLAVE-750x750.png 750w, http:\/\/gentedebasquet.com.ar\/sitio\/wp-content\/uploads\/2025\/10\/CLAVE-1140x1140.png 1140w, http:\/\/gentedebasquet.com.ar\/sitio\/wp-content\/uploads\/2025\/10\/CLAVE.png 2000w\" sizes=\"(max-width: 300px) 100vw, 300px\" \/><\/p>\n<p><img decoding=\"async\" class=\"alignnone wp-image-118218 \" src=\"http:\/\/gentedebasquet.com.ar\/sitio\/wp-content\/uploads\/2025\/10\/IMG_20250930_220150-1024x908.jpg\" alt=\"\" width=\"400\" height=\"355\" data-pin-no-hover=\"true\" srcset=\"http:\/\/gentedebasquet.com.ar\/sitio\/wp-content\/uploads\/2025\/10\/IMG_20250930_220150-1024x908.jpg 1024w, http:\/\/gentedebasquet.com.ar\/sitio\/wp-content\/uploads\/2025\/10\/IMG_20250930_220150-300x266.jpg 300w, http:\/\/gentedebasquet.com.ar\/sitio\/wp-content\/uploads\/2025\/10\/IMG_20250930_220150-768x681.jpg 768w, http:\/\/gentedebasquet.com.ar\/sitio\/wp-content\/uploads\/2025\/10\/IMG_20250930_220150-1536x1362.jpg 1536w, http:\/\/gentedebasquet.com.ar\/sitio\/wp-content\/uploads\/2025\/10\/IMG_20250930_220150-2048x1816.jpg 2048w, http:\/\/gentedebasquet.com.ar\/sitio\/wp-content\/uploads\/2025\/10\/IMG_20250930_220150-750x665.jpg 750w, http:\/\/gentedebasquet.com.ar\/sitio\/wp-content\/uploads\/2025\/10\/IMG_20250930_220150-1140x1011.jpg 1140w\" sizes=\"(max-width: 400px) 100vw, 400px\" \/><\/p>\n<p><img decoding=\"async\" class=\"alignnone wp-image-118214 \" src=\"http:\/\/gentedebasquet.com.ar\/sitio\/wp-content\/uploads\/2025\/10\/MVP-1024x1024.png\" alt=\"\" width=\"300\" height=\"300\" data-pin-no-hover=\"true\" srcset=\"http:\/\/gentedebasquet.com.ar\/sitio\/wp-content\/uploads\/2025\/10\/MVP-1024x1024.png 1024w, http:\/\/gentedebasquet.com.ar\/sitio\/wp-content\/uploads\/2025\/10\/MVP-300x300.png 300w, http:\/\/gentedebasquet.com.ar\/sitio\/wp-content\/uploads\/2025\/10\/MVP-150x150.png 150w, http:\/\/gentedebasquet.com.ar\/sitio\/wp-content\/uploads\/2025\/10\/MVP-768x768.png 768w, http:\/\/gentedebasquet.com.ar\/sitio\/wp-content\/uploads\/2025\/10\/MVP-1536x1536.png 1536w, http:\/\/gentedebasquet.com.ar\/sitio\/wp-content\/uploads\/2025\/10\/MVP-75x75.png 75w, http:\/\/gentedebasquet.com.ar\/sitio\/wp-content\/uploads\/2025\/10\/MVP-350x350.png 350w, http:\/\/gentedebasquet.com.ar\/sitio\/wp-content\/uploads\/2025\/10\/MVP-750x750.png 750w, http:\/\/gentedebasquet.com.ar\/sitio\/wp-content\/uploads\/2025\/10\/MVP-1140x1140.png 1140w, http:\/\/gentedebasquet.com.ar\/sitio\/wp-content\/uploads\/2025\/10\/MVP.png 2000w\" sizes=\"(max-width: 300px) 100vw, 300px\" \/><\/p>\n<p><strong>S\u00edntesis \u2013 Segunda Divisi\u00f3n \u2013 Fecha 10<\/strong><\/p>\n<p><strong>Independiente 92:<\/strong> Mart\u00edn Schmir 6, Maximiliano Zonza 4, Juan Ignacio De P\u00e1stena 13, Agust\u00edn Astradas 20, Alen R\u00edos 28, <strong>(FI); <\/strong>Facundo Slonimsqui 13, Ramiro Catala 8, Diego Pav\u00f3n 0. <strong>DT: Javier Musumeci.<\/strong><\/p>\n<p><strong>Barrio Hospital 96:<\/strong> Luciano Fortelli 5, Esteban Benedetti 19, Sebasti\u00e1n Branciforte 0, Jos\u00e9 Luis Mart\u00ednez 28, Herman Banegas 14, <strong>(FI); <\/strong>Am\u00edlcar Andreanelli 23, Tom\u00e1s Bussetti 7, Tom\u00e1s Galant 0, Marcos Fern\u00e1ndez 0. <strong>DT: Claudio Queti.<\/strong><\/p>\n<p><strong>Parciales:<\/strong> 22-21, 44-41 (22-20), 64-60 (20-19), 84-84 (20-24), 92-96 (8-12).<\/p>\n<p><strong>\u00c1rbitros:<\/strong> Juan Cruz Schernenco &#8211; Marjorie Stuardo &#8211; Joaqu\u00edn\u2069 Irraz\u00e1bal.<\/p>\n<p><strong>Estadio:<\/strong> Ra\u00fal y N\u00e9stor Barral (Independiente).<\/p>\n<p><img decoding=\"async\" class=\"alignnone wp-image-118219\" src=\"http:\/\/gentedebasquet.com.ar\/sitio\/wp-content\/uploads\/2025\/10\/IMG_20250930_223700-1024x576.jpg\" alt=\"\" width=\"601\" height=\"338\" srcset=\"http:\/\/gentedebasquet.com.ar\/sitio\/wp-content\/uploads\/2025\/10\/IMG_20250930_223700-1024x576.jpg 1024w, http:\/\/gentedebasquet.com.ar\/sitio\/wp-content\/uploads\/2025\/10\/IMG_20250930_223700-300x169.jpg 300w, http:\/\/gentedebasquet.com.ar\/sitio\/wp-content\/uploads\/2025\/10\/IMG_20250930_223700-768x432.jpg 768w, http:\/\/gentedebasquet.com.ar\/sitio\/wp-content\/uploads\/2025\/10\/IMG_20250930_223700-1536x864.jpg 1536w, http:\/\/gentedebasquet.com.ar\/sitio\/wp-content\/uploads\/2025\/10\/IMG_20250930_223700-750x422.jpg 750w, http:\/\/gentedebasquet.com.ar\/sitio\/wp-content\/uploads\/2025\/10\/IMG_20250930_223700-1140x641.jpg 1140w, http:\/\/gentedebasquet.com.ar\/sitio\/wp-content\/uploads\/2025\/10\/IMG_20250930_223700.jpg 1920w\" sizes=\"(max-width: 601px) 100vw, 601px\" \/><\/p>\n","protected":false},"excerpt":{"rendered":"<p>&nbsp; Barrio Hospital se llev\u00f3 un important\u00edsimo triunfo ante Independiente por 96-92, para volver a la punta del campeonato. El encuentro se defini\u00f3 en prorroga, Jos\u00e9 Luis Mart\u00ednez fue figura con 28 puntos, 18 rebotes y 40 de valoraci\u00f3n. Independiente arranc\u00f3 con fuerza. Agust\u00edn Astradas sorprendi\u00f3 encadenando cuatro triples casi consecutivos, mostrando una clara superioridad [&hellip;]<\/p>\n","protected":false},"author":84,"featured_media":118221,"comment_status":"closed","ping_status":"open","sticky":false,"template":"","format":"standard","meta":{"jnews-multi-image_gallery":[],"jnews_single_post":[],"jnews_primary_category":[],"footnotes":""},"categories":[25],"tags":[1252,1560,1938,12,285,503,1940],"class_list":["post-118173","post","type-post","status-publish","format-standard","has-post-thumbnail","hentry","category-segunda","tag-agustin-astradas","tag-alen-rios","tag-barrio-hospital","tag-independiente","tag-jose-luis-martinez","tag-segunda-division","tag-torneo-de-segunda"],"yoast_head":"<!-- This site is optimized with the Yoast SEO plugin v27.5 - https:\/\/yoast.com\/product\/yoast-seo-wordpress\/ -->\n<title>Pic\u00f3 en punta Barrio - Gente de B\u00e1squet<\/title>\n<meta name=\"robots\" content=\"index, follow, max-snippet:-1, max-image-preview:large, max-video-preview:-1\" \/>\n<link rel=\"canonical\" href=\"http:\/\/gentedebasquet.com.ar\/sitio\/2025\/10\/01\/pico-en-punta-barrio\/\" \/>\n<meta property=\"og:locale\" content=\"es_ES\" \/>\n<meta property=\"og:type\" content=\"article\" \/>\n<meta property=\"og:title\" content=\"Pic\u00f3 en punta Barrio - Gente de B\u00e1squet\" \/>\n<meta property=\"og:description\" content=\"&nbsp; Barrio Hospital se llev\u00f3 un important\u00edsimo triunfo ante Independiente por 96-92, para volver a la punta del campeonato. El encuentro se defini\u00f3 en prorroga, Jos\u00e9 Luis Mart\u00ednez fue figura con 28 puntos, 18 rebotes y 40 de valoraci\u00f3n. Independiente arranc\u00f3 con fuerza. Agust\u00edn Astradas sorprendi\u00f3 encadenando cuatro triples casi consecutivos, mostrando una clara superioridad [&hellip;]\" \/>\n<meta property=\"og:url\" content=\"http:\/\/gentedebasquet.com.ar\/sitio\/2025\/10\/01\/pico-en-punta-barrio\/\" \/>\n<meta property=\"og:site_name\" content=\"Gente de B\u00e1squet\" \/>\n<meta property=\"article:published_time\" content=\"2025-10-01T04:14:52+00:00\" \/>\n<meta property=\"article:modified_time\" content=\"2025-10-01T16:09:58+00:00\" \/>\n<meta property=\"og:image\" content=\"http:\/\/gentedebasquet.com.ar\/sitio\/wp-content\/uploads\/2025\/10\/IMG_20250930_220153-1-scaled.jpg\" \/>\n\t<meta property=\"og:image:width\" content=\"2560\" \/>\n\t<meta property=\"og:image:height\" content=\"1452\" \/>\n\t<meta property=\"og:image:type\" content=\"image\/jpeg\" \/>\n<meta name=\"author\" content=\"Facundo Elizalde\" \/>\n<meta name=\"twitter:card\" content=\"summary_large_image\" \/>\n<meta name=\"twitter:label1\" content=\"Escrito por\" \/>\n\t<meta name=\"twitter:data1\" content=\"Facundo Elizalde\" \/>\n\t<meta name=\"twitter:label2\" content=\"Tiempo de lectura\" \/>\n\t<meta name=\"twitter:data2\" content=\"4 minutos\" \/>\n<script type=\"application\/ld+json\" class=\"yoast-schema-graph\">{\"@context\":\"https:\\\/\\\/schema.org\",\"@graph\":[{\"@type\":\"Article\",\"@id\":\"http:\\\/\\\/gentedebasquet.com.ar\\\/sitio\\\/2025\\\/10\\\/01\\\/pico-en-punta-barrio\\\/#article\",\"isPartOf\":{\"@id\":\"http:\\\/\\\/gentedebasquet.com.ar\\\/sitio\\\/2025\\\/10\\\/01\\\/pico-en-punta-barrio\\\/\"},\"author\":{\"name\":\"Facundo Elizalde\",\"@id\":\"https:\\\/\\\/gentedebasquet.com.ar\\\/sitio\\\/#\\\/schema\\\/person\\\/2830c671ecf949fe6896fdc95b81667e\"},\"headline\":\"Pic\u00f3 en punta Barrio\",\"datePublished\":\"2025-10-01T04:14:52+00:00\",\"dateModified\":\"2025-10-01T16:09:58+00:00\",\"mainEntityOfPage\":{\"@id\":\"http:\\\/\\\/gentedebasquet.com.ar\\\/sitio\\\/2025\\\/10\\\/01\\\/pico-en-punta-barrio\\\/\"},\"wordCount\":567,\"image\":{\"@id\":\"http:\\\/\\\/gentedebasquet.com.ar\\\/sitio\\\/2025\\\/10\\\/01\\\/pico-en-punta-barrio\\\/#primaryimage\"},\"thumbnailUrl\":\"http:\\\/\\\/gentedebasquet.com.ar\\\/sitio\\\/wp-content\\\/uploads\\\/2025\\\/10\\\/IMG_20250930_220153-1-scaled.jpg\",\"keywords\":[\"Agustin Astradas\",\"Alen R\u00edos\",\"Barrio Hospital\",\"independiente\",\"Jos\u00e9 Luis Mart\u00ednez\",\"Segunda Divisi\u00f3n\",\"Torneo de Segunda\"],\"articleSection\":[\"Segunda\"],\"inLanguage\":\"es\"},{\"@type\":\"WebPage\",\"@id\":\"http:\\\/\\\/gentedebasquet.com.ar\\\/sitio\\\/2025\\\/10\\\/01\\\/pico-en-punta-barrio\\\/\",\"url\":\"http:\\\/\\\/gentedebasquet.com.ar\\\/sitio\\\/2025\\\/10\\\/01\\\/pico-en-punta-barrio\\\/\",\"name\":\"Pic\u00f3 en punta Barrio - Gente de B\u00e1squet\",\"isPartOf\":{\"@id\":\"https:\\\/\\\/gentedebasquet.com.ar\\\/sitio\\\/#website\"},\"primaryImageOfPage\":{\"@id\":\"http:\\\/\\\/gentedebasquet.com.ar\\\/sitio\\\/2025\\\/10\\\/01\\\/pico-en-punta-barrio\\\/#primaryimage\"},\"image\":{\"@id\":\"http:\\\/\\\/gentedebasquet.com.ar\\\/sitio\\\/2025\\\/10\\\/01\\\/pico-en-punta-barrio\\\/#primaryimage\"},\"thumbnailUrl\":\"http:\\\/\\\/gentedebasquet.com.ar\\\/sitio\\\/wp-content\\\/uploads\\\/2025\\\/10\\\/IMG_20250930_220153-1-scaled.jpg\",\"datePublished\":\"2025-10-01T04:14:52+00:00\",\"dateModified\":\"2025-10-01T16:09:58+00:00\",\"author\":{\"@id\":\"https:\\\/\\\/gentedebasquet.com.ar\\\/sitio\\\/#\\\/schema\\\/person\\\/2830c671ecf949fe6896fdc95b81667e\"},\"breadcrumb\":{\"@id\":\"http:\\\/\\\/gentedebasquet.com.ar\\\/sitio\\\/2025\\\/10\\\/01\\\/pico-en-punta-barrio\\\/#breadcrumb\"},\"inLanguage\":\"es\",\"potentialAction\":[{\"@type\":\"ReadAction\",\"target\":[\"http:\\\/\\\/gentedebasquet.com.ar\\\/sitio\\\/2025\\\/10\\\/01\\\/pico-en-punta-barrio\\\/\"]}]},{\"@type\":\"ImageObject\",\"inLanguage\":\"es\",\"@id\":\"http:\\\/\\\/gentedebasquet.com.ar\\\/sitio\\\/2025\\\/10\\\/01\\\/pico-en-punta-barrio\\\/#primaryimage\",\"url\":\"http:\\\/\\\/gentedebasquet.com.ar\\\/sitio\\\/wp-content\\\/uploads\\\/2025\\\/10\\\/IMG_20250930_220153-1-scaled.jpg\",\"contentUrl\":\"http:\\\/\\\/gentedebasquet.com.ar\\\/sitio\\\/wp-content\\\/uploads\\\/2025\\\/10\\\/IMG_20250930_220153-1-scaled.jpg\",\"width\":2560,\"height\":1452},{\"@type\":\"BreadcrumbList\",\"@id\":\"http:\\\/\\\/gentedebasquet.com.ar\\\/sitio\\\/2025\\\/10\\\/01\\\/pico-en-punta-barrio\\\/#breadcrumb\",\"itemListElement\":[{\"@type\":\"ListItem\",\"position\":1,\"name\":\"Portada\",\"item\":\"https:\\\/\\\/gentedebasquet.com.ar\\\/sitio\\\/\"},{\"@type\":\"ListItem\",\"position\":2,\"name\":\"Pic\u00f3 en punta Barrio\"}]},{\"@type\":\"WebSite\",\"@id\":\"https:\\\/\\\/gentedebasquet.com.ar\\\/sitio\\\/#website\",\"url\":\"https:\\\/\\\/gentedebasquet.com.ar\\\/sitio\\\/\",\"name\":\"Gente de B\u00e1squet\",\"description\":\"La revista del basquet de Bah\u00eda Blanca\",\"potentialAction\":[{\"@type\":\"SearchAction\",\"target\":{\"@type\":\"EntryPoint\",\"urlTemplate\":\"https:\\\/\\\/gentedebasquet.com.ar\\\/sitio\\\/?s={search_term_string}\"},\"query-input\":{\"@type\":\"PropertyValueSpecification\",\"valueRequired\":true,\"valueName\":\"search_term_string\"}}],\"inLanguage\":\"es\"},{\"@type\":\"Person\",\"@id\":\"https:\\\/\\\/gentedebasquet.com.ar\\\/sitio\\\/#\\\/schema\\\/person\\\/2830c671ecf949fe6896fdc95b81667e\",\"name\":\"Facundo Elizalde\",\"image\":{\"@type\":\"ImageObject\",\"inLanguage\":\"es\",\"@id\":\"https:\\\/\\\/secure.gravatar.com\\\/avatar\\\/38bc8b15c12547ad3ed99650859898dc3f58534034667dbb6c2788c85e4f6edb?s=96&d=mm&r=g\",\"url\":\"https:\\\/\\\/secure.gravatar.com\\\/avatar\\\/38bc8b15c12547ad3ed99650859898dc3f58534034667dbb6c2788c85e4f6edb?s=96&d=mm&r=g\",\"contentUrl\":\"https:\\\/\\\/secure.gravatar.com\\\/avatar\\\/38bc8b15c12547ad3ed99650859898dc3f58534034667dbb6c2788c85e4f6edb?s=96&d=mm&r=g\",\"caption\":\"Facundo Elizalde\"},\"url\":\"http:\\\/\\\/gentedebasquet.com.ar\\\/sitio\\\/author\\\/facundo\\\/\"}]}<\/script>\n<!-- \/ Yoast SEO plugin. -->","yoast_head_json":{"title":"Pic\u00f3 en punta Barrio - Gente de B\u00e1squet","robots":{"index":"index","follow":"follow","max-snippet":"max-snippet:-1","max-image-preview":"max-image-preview:large","max-video-preview":"max-video-preview:-1"},"canonical":"http:\/\/gentedebasquet.com.ar\/sitio\/2025\/10\/01\/pico-en-punta-barrio\/","og_locale":"es_ES","og_type":"article","og_title":"Pic\u00f3 en punta Barrio - Gente de B\u00e1squet","og_description":"&nbsp; Barrio Hospital se llev\u00f3 un important\u00edsimo triunfo ante Independiente por 96-92, para volver a la punta del campeonato. El encuentro se defini\u00f3 en prorroga, Jos\u00e9 Luis Mart\u00ednez fue figura con 28 puntos, 18 rebotes y 40 de valoraci\u00f3n. Independiente arranc\u00f3 con fuerza. Agust\u00edn Astradas sorprendi\u00f3 encadenando cuatro triples casi consecutivos, mostrando una clara superioridad [&hellip;]","og_url":"http:\/\/gentedebasquet.com.ar\/sitio\/2025\/10\/01\/pico-en-punta-barrio\/","og_site_name":"Gente de B\u00e1squet","article_published_time":"2025-10-01T04:14:52+00:00","article_modified_time":"2025-10-01T16:09:58+00:00","og_image":[{"width":2560,"height":1452,"url":"http:\/\/gentedebasquet.com.ar\/sitio\/wp-content\/uploads\/2025\/10\/IMG_20250930_220153-1-scaled.jpg","type":"image\/jpeg"}],"author":"Facundo Elizalde","twitter_card":"summary_large_image","twitter_misc":{"Escrito por":"Facundo Elizalde","Tiempo de lectura":"4 minutos"},"schema":{"@context":"https:\/\/schema.org","@graph":[{"@type":"Article","@id":"http:\/\/gentedebasquet.com.ar\/sitio\/2025\/10\/01\/pico-en-punta-barrio\/#article","isPartOf":{"@id":"http:\/\/gentedebasquet.com.ar\/sitio\/2025\/10\/01\/pico-en-punta-barrio\/"},"author":{"name":"Facundo Elizalde","@id":"https:\/\/gentedebasquet.com.ar\/sitio\/#\/schema\/person\/2830c671ecf949fe6896fdc95b81667e"},"headline":"Pic\u00f3 en punta Barrio","datePublished":"2025-10-01T04:14:52+00:00","dateModified":"2025-10-01T16:09:58+00:00","mainEntityOfPage":{"@id":"http:\/\/gentedebasquet.com.ar\/sitio\/2025\/10\/01\/pico-en-punta-barrio\/"},"wordCount":567,"image":{"@id":"http:\/\/gentedebasquet.com.ar\/sitio\/2025\/10\/01\/pico-en-punta-barrio\/#primaryimage"},"thumbnailUrl":"http:\/\/gentedebasquet.com.ar\/sitio\/wp-content\/uploads\/2025\/10\/IMG_20250930_220153-1-scaled.jpg","keywords":["Agustin Astradas","Alen R\u00edos","Barrio Hospital","independiente","Jos\u00e9 Luis Mart\u00ednez","Segunda Divisi\u00f3n","Torneo de Segunda"],"articleSection":["Segunda"],"inLanguage":"es"},{"@type":"WebPage","@id":"http:\/\/gentedebasquet.com.ar\/sitio\/2025\/10\/01\/pico-en-punta-barrio\/","url":"http:\/\/gentedebasquet.com.ar\/sitio\/2025\/10\/01\/pico-en-punta-barrio\/","name":"Pic\u00f3 en punta Barrio - Gente de B\u00e1squet","isPartOf":{"@id":"https:\/\/gentedebasquet.com.ar\/sitio\/#website"},"primaryImageOfPage":{"@id":"http:\/\/gentedebasquet.com.ar\/sitio\/2025\/10\/01\/pico-en-punta-barrio\/#primaryimage"},"image":{"@id":"http:\/\/gentedebasquet.com.ar\/sitio\/2025\/10\/01\/pico-en-punta-barrio\/#primaryimage"},"thumbnailUrl":"http:\/\/gentedebasquet.com.ar\/sitio\/wp-content\/uploads\/2025\/10\/IMG_20250930_220153-1-scaled.jpg","datePublished":"2025-10-01T04:14:52+00:00","dateModified":"2025-10-01T16:09:58+00:00","author":{"@id":"https:\/\/gentedebasquet.com.ar\/sitio\/#\/schema\/person\/2830c671ecf949fe6896fdc95b81667e"},"breadcrumb":{"@id":"http:\/\/gentedebasquet.com.ar\/sitio\/2025\/10\/01\/pico-en-punta-barrio\/#breadcrumb"},"inLanguage":"es","potentialAction":[{"@type":"ReadAction","target":["http:\/\/gentedebasquet.com.ar\/sitio\/2025\/10\/01\/pico-en-punta-barrio\/"]}]},{"@type":"ImageObject","inLanguage":"es","@id":"http:\/\/gentedebasquet.com.ar\/sitio\/2025\/10\/01\/pico-en-punta-barrio\/#primaryimage","url":"http:\/\/gentedebasquet.com.ar\/sitio\/wp-content\/uploads\/2025\/10\/IMG_20250930_220153-1-scaled.jpg","contentUrl":"http:\/\/gentedebasquet.com.ar\/sitio\/wp-content\/uploads\/2025\/10\/IMG_20250930_220153-1-scaled.jpg","width":2560,"height":1452},{"@type":"BreadcrumbList","@id":"http:\/\/gentedebasquet.com.ar\/sitio\/2025\/10\/01\/pico-en-punta-barrio\/#breadcrumb","itemListElement":[{"@type":"ListItem","position":1,"name":"Portada","item":"https:\/\/gentedebasquet.com.ar\/sitio\/"},{"@type":"ListItem","position":2,"name":"Pic\u00f3 en punta Barrio"}]},{"@type":"WebSite","@id":"https:\/\/gentedebasquet.com.ar\/sitio\/#website","url":"https:\/\/gentedebasquet.com.ar\/sitio\/","name":"Gente de B\u00e1squet","description":"La revista del basquet de Bah\u00eda Blanca","potentialAction":[{"@type":"SearchAction","target":{"@type":"EntryPoint","urlTemplate":"https:\/\/gentedebasquet.com.ar\/sitio\/?s={search_term_string}"},"query-input":{"@type":"PropertyValueSpecification","valueRequired":true,"valueName":"search_term_string"}}],"inLanguage":"es"},{"@type":"Person","@id":"https:\/\/gentedebasquet.com.ar\/sitio\/#\/schema\/person\/2830c671ecf949fe6896fdc95b81667e","name":"Facundo Elizalde","image":{"@type":"ImageObject","inLanguage":"es","@id":"https:\/\/secure.gravatar.com\/avatar\/38bc8b15c12547ad3ed99650859898dc3f58534034667dbb6c2788c85e4f6edb?s=96&d=mm&r=g","url":"https:\/\/secure.gravatar.com\/avatar\/38bc8b15c12547ad3ed99650859898dc3f58534034667dbb6c2788c85e4f6edb?s=96&d=mm&r=g","contentUrl":"https:\/\/secure.gravatar.com\/avatar\/38bc8b15c12547ad3ed99650859898dc3f58534034667dbb6c2788c85e4f6edb?s=96&d=mm&r=g","caption":"Facundo Elizalde"},"url":"http:\/\/gentedebasquet.com.ar\/sitio\/author\/facundo\/"}]}},"_links":{"self":[{"href":"http:\/\/gentedebasquet.com.ar\/sitio\/wp-json\/wp\/v2\/posts\/118173","targetHints":{"allow":["GET"]}}],"collection":[{"href":"http:\/\/gentedebasquet.com.ar\/sitio\/wp-json\/wp\/v2\/posts"}],"about":[{"href":"http:\/\/gentedebasquet.com.ar\/sitio\/wp-json\/wp\/v2\/types\/post"}],"author":[{"embeddable":true,"href":"http:\/\/gentedebasquet.com.ar\/sitio\/wp-json\/wp\/v2\/users\/84"}],"replies":[{"embeddable":true,"href":"http:\/\/gentedebasquet.com.ar\/sitio\/wp-json\/wp\/v2\/comments?post=118173"}],"version-history":[{"count":4,"href":"http:\/\/gentedebasquet.com.ar\/sitio\/wp-json\/wp\/v2\/posts\/118173\/revisions"}],"predecessor-version":[{"id":118241,"href":"http:\/\/gentedebasquet.com.ar\/sitio\/wp-json\/wp\/v2\/posts\/118173\/revisions\/118241"}],"wp:featuredmedia":[{"embeddable":true,"href":"http:\/\/gentedebasquet.com.ar\/sitio\/wp-json\/wp\/v2\/media\/118221"}],"wp:attachment":[{"href":"http:\/\/gentedebasquet.com.ar\/sitio\/wp-json\/wp\/v2\/media?parent=118173"}],"wp:term":[{"taxonomy":"category","embeddable":true,"href":"http:\/\/gentedebasquet.com.ar\/sitio\/wp-json\/wp\/v2\/categories?post=118173"},{"taxonomy":"post_tag","embeddable":true,"href":"http:\/\/gentedebasquet.com.ar\/sitio\/wp-json\/wp\/v2\/tags?post=118173"}],"curies":[{"name":"wp","href":"https:\/\/api.w.org\/{rel}","templated":true}]}}