{"id":118362,"date":"2025-10-08T05:45:29","date_gmt":"2025-10-08T03:45:29","guid":{"rendered":"https:\/\/gentedebasquet.com.ar\/sitio\/?p=118362"},"modified":"2025-10-08T05:47:54","modified_gmt":"2025-10-08T03:47:54","slug":"el-viola-hizo-los-deberes-2","status":"publish","type":"post","link":"http:\/\/gentedebasquet.com.ar\/sitio\/2025\/10\/08\/el-viola-hizo-los-deberes-2\/","title":{"rendered":"El Viola hizo los deberes"},"content":{"rendered":"<p><strong>Tras perder el invicto, Independiente volvi\u00f3 al triunfo frente a Barracas Central por 82-59. <\/strong><\/p>\n<p><span style=\"font-weight: 400\">El primer cuarto comenz\u00f3 con buen augurio para el local, <strong>logr\u00f3 sacar una ventaja de 7 puntos antes de que Barracas empiece a sumar.<\/strong> Con el pasar de los minutos, la visita empez\u00f3 hacer pie en el encuentro, pero con <strong>Alen R\u00edos que se hizo due\u00f1o de la pintura, marcando 13 puntos,<\/strong> el Viola cerr\u00f3 24-19 el cuarto.<\/span><\/p>\n<p><span style=\"font-weight: 400\">El segundo parcial fue crucial para el local, <strong>supo aprovechar la baja efectividad en tiros de los dirigidos por Albano Schneider, y pudo sacar una ventaja de 27 puntos<\/strong> para encaminar la posterior victoria, <strong>teniendo como golero a Fernando Bonino con 12 puntos.<\/strong> El parcial de la primera mitad termin\u00f3 56-29 a favor de Independiente.<\/span><\/p>\n<p><span style=\"font-weight: 400\">Al comenzar el segundo tiempo, <strong>se produjo una meseta de puntos, durante casi 5 minutos el tanteador iba 6-3 para el Viola,<\/strong> denotando un bajo porcentaje de tiro para ambos equipos. Pese a que en los \u00faltimos minutos el resultado fue subiendo, el parcial fue 13-13, dejando el final del tercer cuarto en 69-42.<\/span><\/p>\n<p><span style=\"font-weight: 400\">Para el \u00faltimo cuarto, ya con un ganador claro, <strong>Javier Musumeci mando a la cancha a los m\u00e1s j\u00f3venes, dejando a Bonino para que los gu\u00ede en el final<\/strong> del encuentro que termin\u00f3 82-59. <\/span><\/p>\n<p><strong>Por parte del local, los goleadores fueron 19 pts de Fernando Bonino, 15 pts de Maximiliano Zonza, y 14 pts de Alen R\u00edos. En la visita, 18 pts de Rafael Eliosoff , 11 pts de Lucas Duran y 7 pts de Brian Ruiz.<\/strong><\/p>\n<div class=\"jeg_video_container jeg_video_content\">\n<div class=\"jeg_video_container jeg_video_content\">\n<div class=\"jeg_video_container jeg_video_content\">\n<div class=\"jeg_video_container jeg_video_content\">\n<div class=\"jeg_video_container jeg_video_content\"><iframe loading=\"lazy\" title=\"#Segunda - Fecha #12: Independiente 82 - 59 Barracas Central\" width=\"500\" height=\"281\" src=\"https:\/\/www.youtube.com\/embed\/xwLse9ElAGI?feature=oembed\" frameborder=\"0\" allow=\"accelerometer; autoplay; clipboard-write; encrypted-media; gyroscope; picture-in-picture; web-share\" referrerpolicy=\"strict-origin-when-cross-origin\" allowfullscreen><\/iframe><\/div>\n<\/div>\n<\/div>\n<\/div>\n<\/div>\n<p><img decoding=\"async\" class=\"alignnone wp-image-118372 \" src=\"http:\/\/gentedebasquet.com.ar\/sitio\/wp-content\/uploads\/2025\/10\/CLArfrfVE-1024x1024.png\" alt=\"\" width=\"300\" height=\"300\" data-pin-no-hover=\"true\" srcset=\"http:\/\/gentedebasquet.com.ar\/sitio\/wp-content\/uploads\/2025\/10\/CLArfrfVE-1024x1024.png 1024w, http:\/\/gentedebasquet.com.ar\/sitio\/wp-content\/uploads\/2025\/10\/CLArfrfVE-300x300.png 300w, http:\/\/gentedebasquet.com.ar\/sitio\/wp-content\/uploads\/2025\/10\/CLArfrfVE-150x150.png 150w, http:\/\/gentedebasquet.com.ar\/sitio\/wp-content\/uploads\/2025\/10\/CLArfrfVE-768x768.png 768w, http:\/\/gentedebasquet.com.ar\/sitio\/wp-content\/uploads\/2025\/10\/CLArfrfVE-1536x1536.png 1536w, http:\/\/gentedebasquet.com.ar\/sitio\/wp-content\/uploads\/2025\/10\/CLArfrfVE-75x75.png 75w, http:\/\/gentedebasquet.com.ar\/sitio\/wp-content\/uploads\/2025\/10\/CLArfrfVE-350x350.png 350w, http:\/\/gentedebasquet.com.ar\/sitio\/wp-content\/uploads\/2025\/10\/CLArfrfVE-750x750.png 750w, http:\/\/gentedebasquet.com.ar\/sitio\/wp-content\/uploads\/2025\/10\/CLArfrfVE-1140x1140.png 1140w, http:\/\/gentedebasquet.com.ar\/sitio\/wp-content\/uploads\/2025\/10\/CLArfrfVE.png 2000w\" sizes=\"(max-width: 300px) 100vw, 300px\" \/><\/p>\n<p><img decoding=\"async\" class=\"alignnone wp-image-118365 \" src=\"http:\/\/gentedebasquet.com.ar\/sitio\/wp-content\/uploads\/2025\/10\/WhatsApp-Image-2025-10-07-at-23.57.21-1024x576.jpeg\" alt=\"\" width=\"549\" height=\"309\" data-pin-no-hover=\"true\" srcset=\"http:\/\/gentedebasquet.com.ar\/sitio\/wp-content\/uploads\/2025\/10\/WhatsApp-Image-2025-10-07-at-23.57.21-1024x576.jpeg 1024w, http:\/\/gentedebasquet.com.ar\/sitio\/wp-content\/uploads\/2025\/10\/WhatsApp-Image-2025-10-07-at-23.57.21-300x169.jpeg 300w, http:\/\/gentedebasquet.com.ar\/sitio\/wp-content\/uploads\/2025\/10\/WhatsApp-Image-2025-10-07-at-23.57.21-768x432.jpeg 768w, http:\/\/gentedebasquet.com.ar\/sitio\/wp-content\/uploads\/2025\/10\/WhatsApp-Image-2025-10-07-at-23.57.21-750x422.jpeg 750w, http:\/\/gentedebasquet.com.ar\/sitio\/wp-content\/uploads\/2025\/10\/WhatsApp-Image-2025-10-07-at-23.57.21-1140x641.jpeg 1140w, http:\/\/gentedebasquet.com.ar\/sitio\/wp-content\/uploads\/2025\/10\/WhatsApp-Image-2025-10-07-at-23.57.21.jpeg 1280w\" sizes=\"(max-width: 549px) 100vw, 549px\" \/><\/p>\n<blockquote><p>\u00ab Todav\u00eda un poco oxidado. Estar 10\/15 d\u00edas sin entrenar, y volver a jugar, intenso. El f\u00edsico va a tomar unos d\u00edas para volver a ponerse a punto para los playoffs&#8230; Duele (Sobre su golpe en el tercer cuarto), me golpee justo con la pared, y el nudillo lo tengo inflamado, espero que no sea nada grave&#8230; La clave fue defender muy bien en el primer tiempo&#8230; A Barracas le tenemos que jugar r\u00e1pido, generar muchos puntos, muchas posesiones para poder tener la ventaja y cerrar el partido m\u00e1s tranquilos&#8230; \u00bb<strong> Fernando Bonino, Independiente.<\/strong><\/p><\/blockquote>\n<p><img decoding=\"async\" class=\"alignnone wp-image-118364 \" src=\"http:\/\/gentedebasquet.com.ar\/sitio\/wp-content\/uploads\/2025\/10\/MVP-2-1024x1024.png\" alt=\"\" width=\"300\" height=\"300\" data-pin-no-hover=\"true\" srcset=\"http:\/\/gentedebasquet.com.ar\/sitio\/wp-content\/uploads\/2025\/10\/MVP-2-1024x1024.png 1024w, http:\/\/gentedebasquet.com.ar\/sitio\/wp-content\/uploads\/2025\/10\/MVP-2-300x300.png 300w, http:\/\/gentedebasquet.com.ar\/sitio\/wp-content\/uploads\/2025\/10\/MVP-2-150x150.png 150w, http:\/\/gentedebasquet.com.ar\/sitio\/wp-content\/uploads\/2025\/10\/MVP-2-768x768.png 768w, http:\/\/gentedebasquet.com.ar\/sitio\/wp-content\/uploads\/2025\/10\/MVP-2-1536x1536.png 1536w, http:\/\/gentedebasquet.com.ar\/sitio\/wp-content\/uploads\/2025\/10\/MVP-2-75x75.png 75w, http:\/\/gentedebasquet.com.ar\/sitio\/wp-content\/uploads\/2025\/10\/MVP-2-350x350.png 350w, http:\/\/gentedebasquet.com.ar\/sitio\/wp-content\/uploads\/2025\/10\/MVP-2-750x750.png 750w, http:\/\/gentedebasquet.com.ar\/sitio\/wp-content\/uploads\/2025\/10\/MVP-2-1140x1140.png 1140w, http:\/\/gentedebasquet.com.ar\/sitio\/wp-content\/uploads\/2025\/10\/MVP-2.png 2000w\" sizes=\"(max-width: 300px) 100vw, 300px\" \/><\/p>\n<p><strong>S\u00edntesis \u2013 Segunda Divisi\u00f3n \u2013 Fecha 12<\/strong><\/p>\n<p><strong>Independiente 82:<\/strong> Mart\u00edn Schmir 0, Maximiliano Zonza 15, Juan Ignacio De P\u00e1stena 8, Agust\u00edn Astradas 6, Alen R\u00edos 14, <strong>(FI); <\/strong>Fernando Bonino 19, Benjam\u00edn Jim\u00e9nez 8, Facundo Slonimsqui 4, Diego Pav\u00f3n 4, Valent\u00edn Gemetro 2, Baltazar P\u00e9rez 2, Mat\u00edas Varela 0. <strong>DT: Javier Musumeci.<\/strong><\/p>\n<p><strong>Barracas Central 59: <\/strong>Mauro Capurso 2, Dylan Albisu 9, Lucas Dur\u00e1n 11, Rafael Eliosoff 18, Francisco Perrin 3, <strong>(<\/strong><strong>F.I.);<\/strong> Jes\u00fas Ruiz 7, Ignacio R\u00edos 4, Juan Jos\u00e9 Rom\u00e1n Contreras 2, Alesio Ciamprone 2, Jonathan Cruz Loza 1, Santiago Segal. <strong>DT:\u00a0Albano Schneider.<\/strong><\/p>\n<p><strong>Parciales:<\/strong> 24-19, 56-29 (32-10), 69-42 (13-13), 82-59 (13-17).<\/p>\n<p><strong>\u00c1rbitros:<\/strong> Sebasti\u00e1n Arcas &#8211; Marcelo Gordillo &#8211; Camila Robles.<\/p>\n<p><strong>Estadio:<\/strong> Ra\u00fal y N\u00e9stor Barral (Independiente).<\/p>\n<p><strong>Cobertura:\u00a0<\/strong>Julio Nill, Facundo Elizalde.<\/p>\n","protected":false},"excerpt":{"rendered":"<p>Tras perder el invicto, Independiente volvi\u00f3 al triunfo frente a Barracas Central por 82-59. El primer cuarto comenz\u00f3 con buen augurio para el local, logr\u00f3 sacar una ventaja de 7 puntos antes de que Barracas empiece a sumar. Con el pasar de los minutos, la visita empez\u00f3 hacer pie en el encuentro, pero con Alen [&hellip;]<\/p>\n","protected":false},"author":84,"featured_media":118370,"comment_status":"closed","ping_status":"open","sticky":false,"template":"","format":"standard","meta":{"jnews-multi-image_gallery":[],"jnews_single_post":[],"jnews_primary_category":[],"footnotes":""},"categories":[25],"tags":[1560,6,577,12,503,1940],"class_list":["post-118362","post","type-post","status-publish","format-standard","has-post-thumbnail","hentry","category-segunda","tag-alen-rios","tag-barracas-central","tag-fernando-bonino","tag-independiente","tag-segunda-division","tag-torneo-de-segunda"],"yoast_head":"<!-- This site is optimized with the Yoast SEO plugin v27.5 - https:\/\/yoast.com\/product\/yoast-seo-wordpress\/ -->\n<title>El Viola hizo los deberes - Gente de B\u00e1squet<\/title>\n<meta name=\"robots\" content=\"index, follow, max-snippet:-1, max-image-preview:large, max-video-preview:-1\" \/>\n<link rel=\"canonical\" href=\"https:\/\/gentedebasquet.com.ar\/sitio\/2025\/10\/08\/el-viola-hizo-los-deberes-2\/\" \/>\n<meta property=\"og:locale\" content=\"es_ES\" \/>\n<meta property=\"og:type\" content=\"article\" \/>\n<meta property=\"og:title\" content=\"El Viola hizo los deberes - Gente de B\u00e1squet\" \/>\n<meta property=\"og:description\" content=\"Tras perder el invicto, Independiente volvi\u00f3 al triunfo frente a Barracas Central por 82-59. El primer cuarto comenz\u00f3 con buen augurio para el local, logr\u00f3 sacar una ventaja de 7 puntos antes de que Barracas empiece a sumar. Con el pasar de los minutos, la visita empez\u00f3 hacer pie en el encuentro, pero con Alen [&hellip;]\" \/>\n<meta property=\"og:url\" content=\"https:\/\/gentedebasquet.com.ar\/sitio\/2025\/10\/08\/el-viola-hizo-los-deberes-2\/\" \/>\n<meta property=\"og:site_name\" content=\"Gente de B\u00e1squet\" \/>\n<meta property=\"article:published_time\" content=\"2025-10-08T03:45:29+00:00\" \/>\n<meta property=\"article:modified_time\" content=\"2025-10-08T03:47:54+00:00\" \/>\n<meta property=\"og:image\" content=\"https:\/\/gentedebasquet.com.ar\/sitio\/wp-content\/uploads\/2025\/10\/IMG_20251007_220021.jpg\" \/>\n\t<meta property=\"og:image:width\" content=\"1920\" \/>\n\t<meta property=\"og:image:height\" content=\"1080\" \/>\n\t<meta property=\"og:image:type\" content=\"image\/jpeg\" \/>\n<meta name=\"author\" content=\"Facundo Elizalde\" \/>\n<meta name=\"twitter:card\" content=\"summary_large_image\" \/>\n<meta name=\"twitter:label1\" content=\"Escrito por\" \/>\n\t<meta name=\"twitter:data1\" content=\"Facundo Elizalde\" \/>\n\t<meta name=\"twitter:label2\" content=\"Tiempo de lectura\" \/>\n\t<meta name=\"twitter:data2\" content=\"3 minutos\" \/>\n<script type=\"application\/ld+json\" class=\"yoast-schema-graph\">{\"@context\":\"https:\\\/\\\/schema.org\",\"@graph\":[{\"@type\":\"Article\",\"@id\":\"https:\\\/\\\/gentedebasquet.com.ar\\\/sitio\\\/2025\\\/10\\\/08\\\/el-viola-hizo-los-deberes-2\\\/#article\",\"isPartOf\":{\"@id\":\"https:\\\/\\\/gentedebasquet.com.ar\\\/sitio\\\/2025\\\/10\\\/08\\\/el-viola-hizo-los-deberes-2\\\/\"},\"author\":{\"name\":\"Facundo Elizalde\",\"@id\":\"https:\\\/\\\/gentedebasquet.com.ar\\\/sitio\\\/#\\\/schema\\\/person\\\/2830c671ecf949fe6896fdc95b81667e\"},\"headline\":\"El Viola hizo los deberes\",\"datePublished\":\"2025-10-08T03:45:29+00:00\",\"dateModified\":\"2025-10-08T03:47:54+00:00\",\"mainEntityOfPage\":{\"@id\":\"https:\\\/\\\/gentedebasquet.com.ar\\\/sitio\\\/2025\\\/10\\\/08\\\/el-viola-hizo-los-deberes-2\\\/\"},\"wordCount\":475,\"image\":{\"@id\":\"https:\\\/\\\/gentedebasquet.com.ar\\\/sitio\\\/2025\\\/10\\\/08\\\/el-viola-hizo-los-deberes-2\\\/#primaryimage\"},\"thumbnailUrl\":\"http:\\\/\\\/gentedebasquet.com.ar\\\/sitio\\\/wp-content\\\/uploads\\\/2025\\\/10\\\/IMG_20251007_220021.jpg\",\"keywords\":[\"Alen R\u00edos\",\"Barracas Central\",\"Fernando Bonino\",\"independiente\",\"Segunda Divisi\u00f3n\",\"Torneo de Segunda\"],\"articleSection\":[\"Segunda\"],\"inLanguage\":\"es\"},{\"@type\":\"WebPage\",\"@id\":\"https:\\\/\\\/gentedebasquet.com.ar\\\/sitio\\\/2025\\\/10\\\/08\\\/el-viola-hizo-los-deberes-2\\\/\",\"url\":\"https:\\\/\\\/gentedebasquet.com.ar\\\/sitio\\\/2025\\\/10\\\/08\\\/el-viola-hizo-los-deberes-2\\\/\",\"name\":\"El Viola hizo los deberes - Gente de B\u00e1squet\",\"isPartOf\":{\"@id\":\"https:\\\/\\\/gentedebasquet.com.ar\\\/sitio\\\/#website\"},\"primaryImageOfPage\":{\"@id\":\"https:\\\/\\\/gentedebasquet.com.ar\\\/sitio\\\/2025\\\/10\\\/08\\\/el-viola-hizo-los-deberes-2\\\/#primaryimage\"},\"image\":{\"@id\":\"https:\\\/\\\/gentedebasquet.com.ar\\\/sitio\\\/2025\\\/10\\\/08\\\/el-viola-hizo-los-deberes-2\\\/#primaryimage\"},\"thumbnailUrl\":\"http:\\\/\\\/gentedebasquet.com.ar\\\/sitio\\\/wp-content\\\/uploads\\\/2025\\\/10\\\/IMG_20251007_220021.jpg\",\"datePublished\":\"2025-10-08T03:45:29+00:00\",\"dateModified\":\"2025-10-08T03:47:54+00:00\",\"author\":{\"@id\":\"https:\\\/\\\/gentedebasquet.com.ar\\\/sitio\\\/#\\\/schema\\\/person\\\/2830c671ecf949fe6896fdc95b81667e\"},\"breadcrumb\":{\"@id\":\"https:\\\/\\\/gentedebasquet.com.ar\\\/sitio\\\/2025\\\/10\\\/08\\\/el-viola-hizo-los-deberes-2\\\/#breadcrumb\"},\"inLanguage\":\"es\",\"potentialAction\":[{\"@type\":\"ReadAction\",\"target\":[\"https:\\\/\\\/gentedebasquet.com.ar\\\/sitio\\\/2025\\\/10\\\/08\\\/el-viola-hizo-los-deberes-2\\\/\"]}]},{\"@type\":\"ImageObject\",\"inLanguage\":\"es\",\"@id\":\"https:\\\/\\\/gentedebasquet.com.ar\\\/sitio\\\/2025\\\/10\\\/08\\\/el-viola-hizo-los-deberes-2\\\/#primaryimage\",\"url\":\"http:\\\/\\\/gentedebasquet.com.ar\\\/sitio\\\/wp-content\\\/uploads\\\/2025\\\/10\\\/IMG_20251007_220021.jpg\",\"contentUrl\":\"http:\\\/\\\/gentedebasquet.com.ar\\\/sitio\\\/wp-content\\\/uploads\\\/2025\\\/10\\\/IMG_20251007_220021.jpg\",\"width\":1920,\"height\":1080},{\"@type\":\"BreadcrumbList\",\"@id\":\"https:\\\/\\\/gentedebasquet.com.ar\\\/sitio\\\/2025\\\/10\\\/08\\\/el-viola-hizo-los-deberes-2\\\/#breadcrumb\",\"itemListElement\":[{\"@type\":\"ListItem\",\"position\":1,\"name\":\"Portada\",\"item\":\"https:\\\/\\\/gentedebasquet.com.ar\\\/sitio\\\/\"},{\"@type\":\"ListItem\",\"position\":2,\"name\":\"El Viola hizo los deberes\"}]},{\"@type\":\"WebSite\",\"@id\":\"https:\\\/\\\/gentedebasquet.com.ar\\\/sitio\\\/#website\",\"url\":\"https:\\\/\\\/gentedebasquet.com.ar\\\/sitio\\\/\",\"name\":\"Gente de B\u00e1squet\",\"description\":\"La revista del basquet de Bah\u00eda Blanca\",\"potentialAction\":[{\"@type\":\"SearchAction\",\"target\":{\"@type\":\"EntryPoint\",\"urlTemplate\":\"https:\\\/\\\/gentedebasquet.com.ar\\\/sitio\\\/?s={search_term_string}\"},\"query-input\":{\"@type\":\"PropertyValueSpecification\",\"valueRequired\":true,\"valueName\":\"search_term_string\"}}],\"inLanguage\":\"es\"},{\"@type\":\"Person\",\"@id\":\"https:\\\/\\\/gentedebasquet.com.ar\\\/sitio\\\/#\\\/schema\\\/person\\\/2830c671ecf949fe6896fdc95b81667e\",\"name\":\"Facundo Elizalde\",\"image\":{\"@type\":\"ImageObject\",\"inLanguage\":\"es\",\"@id\":\"https:\\\/\\\/secure.gravatar.com\\\/avatar\\\/38bc8b15c12547ad3ed99650859898dc3f58534034667dbb6c2788c85e4f6edb?s=96&d=mm&r=g\",\"url\":\"https:\\\/\\\/secure.gravatar.com\\\/avatar\\\/38bc8b15c12547ad3ed99650859898dc3f58534034667dbb6c2788c85e4f6edb?s=96&d=mm&r=g\",\"contentUrl\":\"https:\\\/\\\/secure.gravatar.com\\\/avatar\\\/38bc8b15c12547ad3ed99650859898dc3f58534034667dbb6c2788c85e4f6edb?s=96&d=mm&r=g\",\"caption\":\"Facundo Elizalde\"},\"url\":\"http:\\\/\\\/gentedebasquet.com.ar\\\/sitio\\\/author\\\/facundo\\\/\"}]}<\/script>\n<!-- \/ Yoast SEO plugin. -->","yoast_head_json":{"title":"El Viola hizo los deberes - Gente de B\u00e1squet","robots":{"index":"index","follow":"follow","max-snippet":"max-snippet:-1","max-image-preview":"max-image-preview:large","max-video-preview":"max-video-preview:-1"},"canonical":"https:\/\/gentedebasquet.com.ar\/sitio\/2025\/10\/08\/el-viola-hizo-los-deberes-2\/","og_locale":"es_ES","og_type":"article","og_title":"El Viola hizo los deberes - Gente de B\u00e1squet","og_description":"Tras perder el invicto, Independiente volvi\u00f3 al triunfo frente a Barracas Central por 82-59. El primer cuarto comenz\u00f3 con buen augurio para el local, logr\u00f3 sacar una ventaja de 7 puntos antes de que Barracas empiece a sumar. Con el pasar de los minutos, la visita empez\u00f3 hacer pie en el encuentro, pero con Alen [&hellip;]","og_url":"https:\/\/gentedebasquet.com.ar\/sitio\/2025\/10\/08\/el-viola-hizo-los-deberes-2\/","og_site_name":"Gente de B\u00e1squet","article_published_time":"2025-10-08T03:45:29+00:00","article_modified_time":"2025-10-08T03:47:54+00:00","og_image":[{"width":1920,"height":1080,"url":"https:\/\/gentedebasquet.com.ar\/sitio\/wp-content\/uploads\/2025\/10\/IMG_20251007_220021.jpg","type":"image\/jpeg"}],"author":"Facundo Elizalde","twitter_card":"summary_large_image","twitter_misc":{"Escrito por":"Facundo Elizalde","Tiempo de lectura":"3 minutos"},"schema":{"@context":"https:\/\/schema.org","@graph":[{"@type":"Article","@id":"https:\/\/gentedebasquet.com.ar\/sitio\/2025\/10\/08\/el-viola-hizo-los-deberes-2\/#article","isPartOf":{"@id":"https:\/\/gentedebasquet.com.ar\/sitio\/2025\/10\/08\/el-viola-hizo-los-deberes-2\/"},"author":{"name":"Facundo Elizalde","@id":"https:\/\/gentedebasquet.com.ar\/sitio\/#\/schema\/person\/2830c671ecf949fe6896fdc95b81667e"},"headline":"El Viola hizo los deberes","datePublished":"2025-10-08T03:45:29+00:00","dateModified":"2025-10-08T03:47:54+00:00","mainEntityOfPage":{"@id":"https:\/\/gentedebasquet.com.ar\/sitio\/2025\/10\/08\/el-viola-hizo-los-deberes-2\/"},"wordCount":475,"image":{"@id":"https:\/\/gentedebasquet.com.ar\/sitio\/2025\/10\/08\/el-viola-hizo-los-deberes-2\/#primaryimage"},"thumbnailUrl":"http:\/\/gentedebasquet.com.ar\/sitio\/wp-content\/uploads\/2025\/10\/IMG_20251007_220021.jpg","keywords":["Alen R\u00edos","Barracas Central","Fernando Bonino","independiente","Segunda Divisi\u00f3n","Torneo de Segunda"],"articleSection":["Segunda"],"inLanguage":"es"},{"@type":"WebPage","@id":"https:\/\/gentedebasquet.com.ar\/sitio\/2025\/10\/08\/el-viola-hizo-los-deberes-2\/","url":"https:\/\/gentedebasquet.com.ar\/sitio\/2025\/10\/08\/el-viola-hizo-los-deberes-2\/","name":"El Viola hizo los deberes - Gente de B\u00e1squet","isPartOf":{"@id":"https:\/\/gentedebasquet.com.ar\/sitio\/#website"},"primaryImageOfPage":{"@id":"https:\/\/gentedebasquet.com.ar\/sitio\/2025\/10\/08\/el-viola-hizo-los-deberes-2\/#primaryimage"},"image":{"@id":"https:\/\/gentedebasquet.com.ar\/sitio\/2025\/10\/08\/el-viola-hizo-los-deberes-2\/#primaryimage"},"thumbnailUrl":"http:\/\/gentedebasquet.com.ar\/sitio\/wp-content\/uploads\/2025\/10\/IMG_20251007_220021.jpg","datePublished":"2025-10-08T03:45:29+00:00","dateModified":"2025-10-08T03:47:54+00:00","author":{"@id":"https:\/\/gentedebasquet.com.ar\/sitio\/#\/schema\/person\/2830c671ecf949fe6896fdc95b81667e"},"breadcrumb":{"@id":"https:\/\/gentedebasquet.com.ar\/sitio\/2025\/10\/08\/el-viola-hizo-los-deberes-2\/#breadcrumb"},"inLanguage":"es","potentialAction":[{"@type":"ReadAction","target":["https:\/\/gentedebasquet.com.ar\/sitio\/2025\/10\/08\/el-viola-hizo-los-deberes-2\/"]}]},{"@type":"ImageObject","inLanguage":"es","@id":"https:\/\/gentedebasquet.com.ar\/sitio\/2025\/10\/08\/el-viola-hizo-los-deberes-2\/#primaryimage","url":"http:\/\/gentedebasquet.com.ar\/sitio\/wp-content\/uploads\/2025\/10\/IMG_20251007_220021.jpg","contentUrl":"http:\/\/gentedebasquet.com.ar\/sitio\/wp-content\/uploads\/2025\/10\/IMG_20251007_220021.jpg","width":1920,"height":1080},{"@type":"BreadcrumbList","@id":"https:\/\/gentedebasquet.com.ar\/sitio\/2025\/10\/08\/el-viola-hizo-los-deberes-2\/#breadcrumb","itemListElement":[{"@type":"ListItem","position":1,"name":"Portada","item":"https:\/\/gentedebasquet.com.ar\/sitio\/"},{"@type":"ListItem","position":2,"name":"El Viola hizo los deberes"}]},{"@type":"WebSite","@id":"https:\/\/gentedebasquet.com.ar\/sitio\/#website","url":"https:\/\/gentedebasquet.com.ar\/sitio\/","name":"Gente de B\u00e1squet","description":"La revista del basquet de Bah\u00eda Blanca","potentialAction":[{"@type":"SearchAction","target":{"@type":"EntryPoint","urlTemplate":"https:\/\/gentedebasquet.com.ar\/sitio\/?s={search_term_string}"},"query-input":{"@type":"PropertyValueSpecification","valueRequired":true,"valueName":"search_term_string"}}],"inLanguage":"es"},{"@type":"Person","@id":"https:\/\/gentedebasquet.com.ar\/sitio\/#\/schema\/person\/2830c671ecf949fe6896fdc95b81667e","name":"Facundo Elizalde","image":{"@type":"ImageObject","inLanguage":"es","@id":"https:\/\/secure.gravatar.com\/avatar\/38bc8b15c12547ad3ed99650859898dc3f58534034667dbb6c2788c85e4f6edb?s=96&d=mm&r=g","url":"https:\/\/secure.gravatar.com\/avatar\/38bc8b15c12547ad3ed99650859898dc3f58534034667dbb6c2788c85e4f6edb?s=96&d=mm&r=g","contentUrl":"https:\/\/secure.gravatar.com\/avatar\/38bc8b15c12547ad3ed99650859898dc3f58534034667dbb6c2788c85e4f6edb?s=96&d=mm&r=g","caption":"Facundo Elizalde"},"url":"http:\/\/gentedebasquet.com.ar\/sitio\/author\/facundo\/"}]}},"_links":{"self":[{"href":"http:\/\/gentedebasquet.com.ar\/sitio\/wp-json\/wp\/v2\/posts\/118362","targetHints":{"allow":["GET"]}}],"collection":[{"href":"http:\/\/gentedebasquet.com.ar\/sitio\/wp-json\/wp\/v2\/posts"}],"about":[{"href":"http:\/\/gentedebasquet.com.ar\/sitio\/wp-json\/wp\/v2\/types\/post"}],"author":[{"embeddable":true,"href":"http:\/\/gentedebasquet.com.ar\/sitio\/wp-json\/wp\/v2\/users\/84"}],"replies":[{"embeddable":true,"href":"http:\/\/gentedebasquet.com.ar\/sitio\/wp-json\/wp\/v2\/comments?post=118362"}],"version-history":[{"count":4,"href":"http:\/\/gentedebasquet.com.ar\/sitio\/wp-json\/wp\/v2\/posts\/118362\/revisions"}],"predecessor-version":[{"id":118377,"href":"http:\/\/gentedebasquet.com.ar\/sitio\/wp-json\/wp\/v2\/posts\/118362\/revisions\/118377"}],"wp:featuredmedia":[{"embeddable":true,"href":"http:\/\/gentedebasquet.com.ar\/sitio\/wp-json\/wp\/v2\/media\/118370"}],"wp:attachment":[{"href":"http:\/\/gentedebasquet.com.ar\/sitio\/wp-json\/wp\/v2\/media?parent=118362"}],"wp:term":[{"taxonomy":"category","embeddable":true,"href":"http:\/\/gentedebasquet.com.ar\/sitio\/wp-json\/wp\/v2\/categories?post=118362"},{"taxonomy":"post_tag","embeddable":true,"href":"http:\/\/gentedebasquet.com.ar\/sitio\/wp-json\/wp\/v2\/tags?post=118362"}],"curies":[{"name":"wp","href":"https:\/\/api.w.org\/{rel}","templated":true}]}}