{"id":121272,"date":"2026-04-29T05:38:03","date_gmt":"2026-04-29T03:38:03","guid":{"rendered":"https:\/\/gentedebasquet.com.ar\/sitio\/?p=121272"},"modified":"2026-04-29T05:40:37","modified_gmt":"2026-04-29T03:40:37","slug":"la-noche-del-10-2","status":"publish","type":"post","link":"http:\/\/gentedebasquet.com.ar\/sitio\/2026\/04\/29\/la-noche-del-10-2\/","title":{"rendered":"La noche del \u201c10\u201d"},"content":{"rendered":"<p><strong>Con Ezequiel Pordomingo figura, Altense venci\u00f3 79 a 62 a Espora y volvi\u00f3 a sonre\u00edr.<\/strong><\/p>\n<p><strong>El \u201cBuda\u201d aport\u00f3 18 puntos (con 6\/7 en T2 y 2\/3 en T3) m\u00e1s 6 rebotes. El orientador Nicol\u00e1s Altamirano utiliz\u00f3 toda su rotaci\u00f3n y los doce elementos aportaron unidades (incluido el debutante Guillermo Berm\u00fadez).<\/strong><\/p>\n<p><strong>En el visitante, que sufri\u00f3 19 p\u00e9rdidas de bal\u00f3n, sobresalieron Nicol\u00e1s Cornago con 13, Juan Coronel con 11 m\u00e1s 12 recobres, Tom\u00e1s Galant con 10 y Andr\u00e9s Miguez con 10.<\/strong><\/p>\n<p><img decoding=\"async\" class=\"alignnone size-medium wp-image-121282\" src=\"http:\/\/gentedebasquet.com.ar\/sitio\/wp-content\/uploads\/2026\/04\/DSC_4285-300x200.jpg\" alt=\"\" width=\"300\" height=\"200\" srcset=\"http:\/\/gentedebasquet.com.ar\/sitio\/wp-content\/uploads\/2026\/04\/DSC_4285-300x200.jpg 300w, http:\/\/gentedebasquet.com.ar\/sitio\/wp-content\/uploads\/2026\/04\/DSC_4285.jpg 650w\" sizes=\"(max-width: 300px) 100vw, 300px\" \/><\/p>\n<p><img decoding=\"async\" class=\"alignnone size-medium wp-image-121280\" src=\"http:\/\/gentedebasquet.com.ar\/sitio\/wp-content\/uploads\/2026\/04\/ac5fc9f9-4b69-4d3e-8a54-58c08ec11485-300x300.jpg\" alt=\"\" width=\"300\" height=\"300\" srcset=\"http:\/\/gentedebasquet.com.ar\/sitio\/wp-content\/uploads\/2026\/04\/ac5fc9f9-4b69-4d3e-8a54-58c08ec11485-300x300.jpg 300w, http:\/\/gentedebasquet.com.ar\/sitio\/wp-content\/uploads\/2026\/04\/ac5fc9f9-4b69-4d3e-8a54-58c08ec11485-1024x1024.jpg 1024w, http:\/\/gentedebasquet.com.ar\/sitio\/wp-content\/uploads\/2026\/04\/ac5fc9f9-4b69-4d3e-8a54-58c08ec11485-150x150.jpg 150w, http:\/\/gentedebasquet.com.ar\/sitio\/wp-content\/uploads\/2026\/04\/ac5fc9f9-4b69-4d3e-8a54-58c08ec11485-768x768.jpg 768w, http:\/\/gentedebasquet.com.ar\/sitio\/wp-content\/uploads\/2026\/04\/ac5fc9f9-4b69-4d3e-8a54-58c08ec11485-1536x1536.jpg 1536w, http:\/\/gentedebasquet.com.ar\/sitio\/wp-content\/uploads\/2026\/04\/ac5fc9f9-4b69-4d3e-8a54-58c08ec11485-75x75.jpg 75w, http:\/\/gentedebasquet.com.ar\/sitio\/wp-content\/uploads\/2026\/04\/ac5fc9f9-4b69-4d3e-8a54-58c08ec11485-350x350.jpg 350w, http:\/\/gentedebasquet.com.ar\/sitio\/wp-content\/uploads\/2026\/04\/ac5fc9f9-4b69-4d3e-8a54-58c08ec11485-750x750.jpg 750w, http:\/\/gentedebasquet.com.ar\/sitio\/wp-content\/uploads\/2026\/04\/ac5fc9f9-4b69-4d3e-8a54-58c08ec11485-1140x1140.jpg 1140w, http:\/\/gentedebasquet.com.ar\/sitio\/wp-content\/uploads\/2026\/04\/ac5fc9f9-4b69-4d3e-8a54-58c08ec11485.jpg 1600w\" sizes=\"(max-width: 300px) 100vw, 300px\" \/><\/p>\n<blockquote><p>\u201cNos recuperamos del partido anterior, donde el rival nos pas\u00f3 por arriba. De las derrotas tambi\u00e9n se aprende y son un combustible para seguir. Hab\u00eda que dar vuelta la p\u00e1gina y regresar r\u00e1pido al triunfo. No somos invencibles, las derrotas forman parte del deporte, hay que convivir con ellas. Todos los juegos son distintos, los rivales son muy diferentes y te vas adaptando. Hoy por momentos nos falt\u00f3 m\u00e1s intensidad, pero se gan\u00f3, esto es largo. Estamos contentos. Los m\u00e1s chicos son el motor, esto es un proceso que contin\u00faa de los \u00faltimos a\u00f1os. Pensamos en el equipo antes que lo individual, cuando uno se quiere acordar ya est\u00e1s en los playoff y es importante llegar en buena forma a esa instancia\u201d, Ezequiel Pordomingo (Altense).<\/p><\/blockquote>\n<p><img decoding=\"async\" class=\"alignnone size-medium wp-image-121277\" src=\"http:\/\/gentedebasquet.com.ar\/sitio\/wp-content\/uploads\/2026\/04\/DSC_4268-300x200.jpg\" alt=\"\" width=\"300\" height=\"200\" srcset=\"http:\/\/gentedebasquet.com.ar\/sitio\/wp-content\/uploads\/2026\/04\/DSC_4268-300x200.jpg 300w, http:\/\/gentedebasquet.com.ar\/sitio\/wp-content\/uploads\/2026\/04\/DSC_4268.jpg 650w\" sizes=\"(max-width: 300px) 100vw, 300px\" \/><\/p>\n<p><img decoding=\"async\" class=\"alignnone size-medium wp-image-121281\" src=\"http:\/\/gentedebasquet.com.ar\/sitio\/wp-content\/uploads\/2026\/04\/d423078f-310d-4e4a-893a-36f8db41d541-300x300.jpg\" alt=\"\" width=\"300\" height=\"300\" srcset=\"http:\/\/gentedebasquet.com.ar\/sitio\/wp-content\/uploads\/2026\/04\/d423078f-310d-4e4a-893a-36f8db41d541-300x300.jpg 300w, http:\/\/gentedebasquet.com.ar\/sitio\/wp-content\/uploads\/2026\/04\/d423078f-310d-4e4a-893a-36f8db41d541-1024x1024.jpg 1024w, http:\/\/gentedebasquet.com.ar\/sitio\/wp-content\/uploads\/2026\/04\/d423078f-310d-4e4a-893a-36f8db41d541-150x150.jpg 150w, http:\/\/gentedebasquet.com.ar\/sitio\/wp-content\/uploads\/2026\/04\/d423078f-310d-4e4a-893a-36f8db41d541-768x768.jpg 768w, http:\/\/gentedebasquet.com.ar\/sitio\/wp-content\/uploads\/2026\/04\/d423078f-310d-4e4a-893a-36f8db41d541-1536x1536.jpg 1536w, http:\/\/gentedebasquet.com.ar\/sitio\/wp-content\/uploads\/2026\/04\/d423078f-310d-4e4a-893a-36f8db41d541-75x75.jpg 75w, http:\/\/gentedebasquet.com.ar\/sitio\/wp-content\/uploads\/2026\/04\/d423078f-310d-4e4a-893a-36f8db41d541-350x350.jpg 350w, http:\/\/gentedebasquet.com.ar\/sitio\/wp-content\/uploads\/2026\/04\/d423078f-310d-4e4a-893a-36f8db41d541-750x750.jpg 750w, http:\/\/gentedebasquet.com.ar\/sitio\/wp-content\/uploads\/2026\/04\/d423078f-310d-4e4a-893a-36f8db41d541-1140x1140.jpg 1140w, http:\/\/gentedebasquet.com.ar\/sitio\/wp-content\/uploads\/2026\/04\/d423078f-310d-4e4a-893a-36f8db41d541.jpg 1600w\" sizes=\"(max-width: 300px) 100vw, 300px\" \/><\/p>\n<p><strong>S\u00edntesis \u2013 Segunda Divisi\u00f3n \u2013 Fecha 7<\/strong><\/p>\n<p><strong>Altense 79<\/strong>: Mateo Ortega (9), Ezequiel Pordomingo (18), Juan Bicondoa (7), Braian Baier (3) y\u00a0Daniel Agalupe (9),<strong> FI<\/strong>; Genaro Simoncini (8), Nahuel Zanabria (7), Lautaro Jaimes (6), M\u00e1ximo Simoncini (2), Alan Lera (6), Joaqu\u00edn G\u00f3mez (2)\u00a0y\u00a0Guillermo Bermudez (2).\u00a0<strong>DT: Nicol\u00e1s Altamirano.<\/strong><\/p>\n<p><strong>Espora 62<\/strong>: Andr\u00e9s Miguez (10), Mateo Achor (0), Nicol\u00e1s Cornago (13), Tom\u00e1s Galant (10) y Lucas Ruiz (8), <strong>FI<\/strong>;\u00a0Mauro Veliz (8),\u00a0Juan Coronel (11) y Juli\u00e1n Mart\u00ednez (2).\u00a0<strong>DT: Juan Gilberto Soldini.<\/strong><\/p>\n<p><strong>Cuartos<\/strong>: 20-11; 39-31 (19-20); 56-48 (17-17) y 79-62 (23-14).<\/p>\n<p><strong>\u00c1rbitros<\/strong>: Alejandro Vizca\u00edno, Juan Jaramillo y Francisco Irraz\u00e1bal.<\/p>\n<p><strong>Estadio<\/strong>: Armando Traini (Altense).<\/p>\n<p><img decoding=\"async\" class=\"alignnone size-medium wp-image-121279\" src=\"http:\/\/gentedebasquet.com.ar\/sitio\/wp-content\/uploads\/2026\/04\/DSC_4314-300x200.jpg\" alt=\"\" width=\"300\" height=\"200\" srcset=\"http:\/\/gentedebasquet.com.ar\/sitio\/wp-content\/uploads\/2026\/04\/DSC_4314-300x200.jpg 300w, http:\/\/gentedebasquet.com.ar\/sitio\/wp-content\/uploads\/2026\/04\/DSC_4314.jpg 650w\" sizes=\"(max-width: 300px) 100vw, 300px\" \/><\/p>\n<p>&nbsp;<\/p>\n<p>Fotos: Marcelo Barth (Punta Noticias)<\/p>\n","protected":false},"excerpt":{"rendered":"<p>Con Ezequiel Pordomingo figura, Altense venci\u00f3 79 a 62 a Espora y volvi\u00f3 a sonre\u00edr. El \u201cBuda\u201d aport\u00f3 18 puntos (con 6\/7 en T2 y 2\/3 en T3) m\u00e1s 6 rebotes. El orientador Nicol\u00e1s Altamirano utiliz\u00f3 toda su rotaci\u00f3n y los doce elementos aportaron unidades (incluido el debutante Guillermo Berm\u00fadez). En el visitante, que sufri\u00f3 [&hellip;]<\/p>\n","protected":false},"author":62,"featured_media":121283,"comment_status":"closed","ping_status":"open","sticky":false,"template":"","format":"standard","meta":{"jnews-multi-image_gallery":[],"jnews_single_post":[],"jnews_primary_category":[],"footnotes":""},"categories":[25,101],"tags":[357,213,1889,1940],"class_list":["post-121272","post","type-post","status-publish","format-standard","has-post-thumbnail","hentry","category-segunda","category-slide","tag-abb","tag-altense","tag-espora","tag-torneo-de-segunda"],"yoast_head":"<!-- This site is optimized with the Yoast SEO plugin v27.5 - https:\/\/yoast.com\/product\/yoast-seo-wordpress\/ -->\n<title>La noche del \u201c10\u201d - Gente de B\u00e1squet<\/title>\n<meta name=\"robots\" content=\"index, follow, max-snippet:-1, max-image-preview:large, max-video-preview:-1\" \/>\n<link rel=\"canonical\" href=\"https:\/\/gentedebasquet.com.ar\/sitio\/2026\/04\/29\/la-noche-del-10-2\/\" \/>\n<meta property=\"og:locale\" content=\"es_ES\" \/>\n<meta property=\"og:type\" content=\"article\" \/>\n<meta property=\"og:title\" content=\"La noche del \u201c10\u201d - Gente de B\u00e1squet\" \/>\n<meta property=\"og:description\" content=\"Con Ezequiel Pordomingo figura, Altense venci\u00f3 79 a 62 a Espora y volvi\u00f3 a sonre\u00edr. El \u201cBuda\u201d aport\u00f3 18 puntos (con 6\/7 en T2 y 2\/3 en T3) m\u00e1s 6 rebotes. El orientador Nicol\u00e1s Altamirano utiliz\u00f3 toda su rotaci\u00f3n y los doce elementos aportaron unidades (incluido el debutante Guillermo Berm\u00fadez). En el visitante, que sufri\u00f3 [&hellip;]\" \/>\n<meta property=\"og:url\" content=\"https:\/\/gentedebasquet.com.ar\/sitio\/2026\/04\/29\/la-noche-del-10-2\/\" \/>\n<meta property=\"og:site_name\" content=\"Gente de B\u00e1squet\" \/>\n<meta property=\"article:published_time\" content=\"2026-04-29T03:38:03+00:00\" \/>\n<meta property=\"article:modified_time\" content=\"2026-04-29T03:40:37+00:00\" \/>\n<meta property=\"og:image\" content=\"http:\/\/gentedebasquet.com.ar\/sitio\/wp-content\/uploads\/2026\/04\/DSC_4322.jpg\" \/>\n\t<meta property=\"og:image:width\" content=\"750\" \/>\n\t<meta property=\"og:image:height\" content=\"373\" \/>\n\t<meta property=\"og:image:type\" content=\"image\/jpeg\" \/>\n<meta name=\"author\" content=\"Mat\u00edas Dom\u00ednguez\" \/>\n<meta name=\"twitter:card\" content=\"summary_large_image\" \/>\n<meta name=\"twitter:label1\" content=\"Escrito por\" \/>\n\t<meta name=\"twitter:data1\" content=\"Mat\u00edas Dom\u00ednguez\" \/>\n\t<meta name=\"twitter:label2\" content=\"Tiempo de lectura\" \/>\n\t<meta name=\"twitter:data2\" content=\"3 minutos\" \/>\n<script type=\"application\/ld+json\" class=\"yoast-schema-graph\">{\"@context\":\"https:\\\/\\\/schema.org\",\"@graph\":[{\"@type\":\"Article\",\"@id\":\"https:\\\/\\\/gentedebasquet.com.ar\\\/sitio\\\/2026\\\/04\\\/29\\\/la-noche-del-10-2\\\/#article\",\"isPartOf\":{\"@id\":\"https:\\\/\\\/gentedebasquet.com.ar\\\/sitio\\\/2026\\\/04\\\/29\\\/la-noche-del-10-2\\\/\"},\"author\":{\"name\":\"Mat\u00edas Dom\u00ednguez\",\"@id\":\"http:\\\/\\\/gentedebasquet.com.ar\\\/sitio\\\/#\\\/schema\\\/person\\\/2df9550994560b26db96aa8de5494221\"},\"headline\":\"La noche del \u201c10\u201d\",\"datePublished\":\"2026-04-29T03:38:03+00:00\",\"dateModified\":\"2026-04-29T03:40:37+00:00\",\"mainEntityOfPage\":{\"@id\":\"https:\\\/\\\/gentedebasquet.com.ar\\\/sitio\\\/2026\\\/04\\\/29\\\/la-noche-del-10-2\\\/\"},\"wordCount\":315,\"image\":{\"@id\":\"https:\\\/\\\/gentedebasquet.com.ar\\\/sitio\\\/2026\\\/04\\\/29\\\/la-noche-del-10-2\\\/#primaryimage\"},\"thumbnailUrl\":\"http:\\\/\\\/gentedebasquet.com.ar\\\/sitio\\\/wp-content\\\/uploads\\\/2026\\\/04\\\/DSC_4322.jpg\",\"keywords\":[\"ABB\",\"Altense\",\"Espora\",\"Torneo de Segunda\"],\"articleSection\":[\"Segunda\",\"Slide\"],\"inLanguage\":\"es\"},{\"@type\":\"WebPage\",\"@id\":\"https:\\\/\\\/gentedebasquet.com.ar\\\/sitio\\\/2026\\\/04\\\/29\\\/la-noche-del-10-2\\\/\",\"url\":\"https:\\\/\\\/gentedebasquet.com.ar\\\/sitio\\\/2026\\\/04\\\/29\\\/la-noche-del-10-2\\\/\",\"name\":\"La noche del \u201c10\u201d - Gente de B\u00e1squet\",\"isPartOf\":{\"@id\":\"http:\\\/\\\/gentedebasquet.com.ar\\\/sitio\\\/#website\"},\"primaryImageOfPage\":{\"@id\":\"https:\\\/\\\/gentedebasquet.com.ar\\\/sitio\\\/2026\\\/04\\\/29\\\/la-noche-del-10-2\\\/#primaryimage\"},\"image\":{\"@id\":\"https:\\\/\\\/gentedebasquet.com.ar\\\/sitio\\\/2026\\\/04\\\/29\\\/la-noche-del-10-2\\\/#primaryimage\"},\"thumbnailUrl\":\"http:\\\/\\\/gentedebasquet.com.ar\\\/sitio\\\/wp-content\\\/uploads\\\/2026\\\/04\\\/DSC_4322.jpg\",\"datePublished\":\"2026-04-29T03:38:03+00:00\",\"dateModified\":\"2026-04-29T03:40:37+00:00\",\"author\":{\"@id\":\"http:\\\/\\\/gentedebasquet.com.ar\\\/sitio\\\/#\\\/schema\\\/person\\\/2df9550994560b26db96aa8de5494221\"},\"breadcrumb\":{\"@id\":\"https:\\\/\\\/gentedebasquet.com.ar\\\/sitio\\\/2026\\\/04\\\/29\\\/la-noche-del-10-2\\\/#breadcrumb\"},\"inLanguage\":\"es\",\"potentialAction\":[{\"@type\":\"ReadAction\",\"target\":[\"https:\\\/\\\/gentedebasquet.com.ar\\\/sitio\\\/2026\\\/04\\\/29\\\/la-noche-del-10-2\\\/\"]}]},{\"@type\":\"ImageObject\",\"inLanguage\":\"es\",\"@id\":\"https:\\\/\\\/gentedebasquet.com.ar\\\/sitio\\\/2026\\\/04\\\/29\\\/la-noche-del-10-2\\\/#primaryimage\",\"url\":\"http:\\\/\\\/gentedebasquet.com.ar\\\/sitio\\\/wp-content\\\/uploads\\\/2026\\\/04\\\/DSC_4322.jpg\",\"contentUrl\":\"http:\\\/\\\/gentedebasquet.com.ar\\\/sitio\\\/wp-content\\\/uploads\\\/2026\\\/04\\\/DSC_4322.jpg\",\"width\":750,\"height\":373},{\"@type\":\"BreadcrumbList\",\"@id\":\"https:\\\/\\\/gentedebasquet.com.ar\\\/sitio\\\/2026\\\/04\\\/29\\\/la-noche-del-10-2\\\/#breadcrumb\",\"itemListElement\":[{\"@type\":\"ListItem\",\"position\":1,\"name\":\"Portada\",\"item\":\"http:\\\/\\\/gentedebasquet.com.ar\\\/sitio\\\/\"},{\"@type\":\"ListItem\",\"position\":2,\"name\":\"La noche del \u201c10\u201d\"}]},{\"@type\":\"WebSite\",\"@id\":\"http:\\\/\\\/gentedebasquet.com.ar\\\/sitio\\\/#website\",\"url\":\"http:\\\/\\\/gentedebasquet.com.ar\\\/sitio\\\/\",\"name\":\"Gente de B\u00e1squet\",\"description\":\"La revista del basquet de Bah\u00eda Blanca\",\"potentialAction\":[{\"@type\":\"SearchAction\",\"target\":{\"@type\":\"EntryPoint\",\"urlTemplate\":\"http:\\\/\\\/gentedebasquet.com.ar\\\/sitio\\\/?s={search_term_string}\"},\"query-input\":{\"@type\":\"PropertyValueSpecification\",\"valueRequired\":true,\"valueName\":\"search_term_string\"}}],\"inLanguage\":\"es\"},{\"@type\":\"Person\",\"@id\":\"http:\\\/\\\/gentedebasquet.com.ar\\\/sitio\\\/#\\\/schema\\\/person\\\/2df9550994560b26db96aa8de5494221\",\"name\":\"Mat\u00edas Dom\u00ednguez\",\"image\":{\"@type\":\"ImageObject\",\"inLanguage\":\"es\",\"@id\":\"https:\\\/\\\/secure.gravatar.com\\\/avatar\\\/29491ec59dbc2f899f1cb4052e9f2827b5aee3a84bdc66a9fd6789abc018a99d?s=96&d=mm&r=g\",\"url\":\"https:\\\/\\\/secure.gravatar.com\\\/avatar\\\/29491ec59dbc2f899f1cb4052e9f2827b5aee3a84bdc66a9fd6789abc018a99d?s=96&d=mm&r=g\",\"contentUrl\":\"https:\\\/\\\/secure.gravatar.com\\\/avatar\\\/29491ec59dbc2f899f1cb4052e9f2827b5aee3a84bdc66a9fd6789abc018a99d?s=96&d=mm&r=g\",\"caption\":\"Mat\u00edas Dom\u00ednguez\"},\"url\":\"http:\\\/\\\/gentedebasquet.com.ar\\\/sitio\\\/author\\\/matias-dominguez\\\/\"}]}<\/script>\n<!-- \/ Yoast SEO plugin. -->","yoast_head_json":{"title":"La noche del \u201c10\u201d - Gente de B\u00e1squet","robots":{"index":"index","follow":"follow","max-snippet":"max-snippet:-1","max-image-preview":"max-image-preview:large","max-video-preview":"max-video-preview:-1"},"canonical":"https:\/\/gentedebasquet.com.ar\/sitio\/2026\/04\/29\/la-noche-del-10-2\/","og_locale":"es_ES","og_type":"article","og_title":"La noche del \u201c10\u201d - Gente de B\u00e1squet","og_description":"Con Ezequiel Pordomingo figura, Altense venci\u00f3 79 a 62 a Espora y volvi\u00f3 a sonre\u00edr. El \u201cBuda\u201d aport\u00f3 18 puntos (con 6\/7 en T2 y 2\/3 en T3) m\u00e1s 6 rebotes. El orientador Nicol\u00e1s Altamirano utiliz\u00f3 toda su rotaci\u00f3n y los doce elementos aportaron unidades (incluido el debutante Guillermo Berm\u00fadez). En el visitante, que sufri\u00f3 [&hellip;]","og_url":"https:\/\/gentedebasquet.com.ar\/sitio\/2026\/04\/29\/la-noche-del-10-2\/","og_site_name":"Gente de B\u00e1squet","article_published_time":"2026-04-29T03:38:03+00:00","article_modified_time":"2026-04-29T03:40:37+00:00","og_image":[{"width":750,"height":373,"url":"http:\/\/gentedebasquet.com.ar\/sitio\/wp-content\/uploads\/2026\/04\/DSC_4322.jpg","type":"image\/jpeg"}],"author":"Mat\u00edas Dom\u00ednguez","twitter_card":"summary_large_image","twitter_misc":{"Escrito por":"Mat\u00edas Dom\u00ednguez","Tiempo de lectura":"3 minutos"},"schema":{"@context":"https:\/\/schema.org","@graph":[{"@type":"Article","@id":"https:\/\/gentedebasquet.com.ar\/sitio\/2026\/04\/29\/la-noche-del-10-2\/#article","isPartOf":{"@id":"https:\/\/gentedebasquet.com.ar\/sitio\/2026\/04\/29\/la-noche-del-10-2\/"},"author":{"name":"Mat\u00edas Dom\u00ednguez","@id":"http:\/\/gentedebasquet.com.ar\/sitio\/#\/schema\/person\/2df9550994560b26db96aa8de5494221"},"headline":"La noche del \u201c10\u201d","datePublished":"2026-04-29T03:38:03+00:00","dateModified":"2026-04-29T03:40:37+00:00","mainEntityOfPage":{"@id":"https:\/\/gentedebasquet.com.ar\/sitio\/2026\/04\/29\/la-noche-del-10-2\/"},"wordCount":315,"image":{"@id":"https:\/\/gentedebasquet.com.ar\/sitio\/2026\/04\/29\/la-noche-del-10-2\/#primaryimage"},"thumbnailUrl":"http:\/\/gentedebasquet.com.ar\/sitio\/wp-content\/uploads\/2026\/04\/DSC_4322.jpg","keywords":["ABB","Altense","Espora","Torneo de Segunda"],"articleSection":["Segunda","Slide"],"inLanguage":"es"},{"@type":"WebPage","@id":"https:\/\/gentedebasquet.com.ar\/sitio\/2026\/04\/29\/la-noche-del-10-2\/","url":"https:\/\/gentedebasquet.com.ar\/sitio\/2026\/04\/29\/la-noche-del-10-2\/","name":"La noche del \u201c10\u201d - Gente de B\u00e1squet","isPartOf":{"@id":"http:\/\/gentedebasquet.com.ar\/sitio\/#website"},"primaryImageOfPage":{"@id":"https:\/\/gentedebasquet.com.ar\/sitio\/2026\/04\/29\/la-noche-del-10-2\/#primaryimage"},"image":{"@id":"https:\/\/gentedebasquet.com.ar\/sitio\/2026\/04\/29\/la-noche-del-10-2\/#primaryimage"},"thumbnailUrl":"http:\/\/gentedebasquet.com.ar\/sitio\/wp-content\/uploads\/2026\/04\/DSC_4322.jpg","datePublished":"2026-04-29T03:38:03+00:00","dateModified":"2026-04-29T03:40:37+00:00","author":{"@id":"http:\/\/gentedebasquet.com.ar\/sitio\/#\/schema\/person\/2df9550994560b26db96aa8de5494221"},"breadcrumb":{"@id":"https:\/\/gentedebasquet.com.ar\/sitio\/2026\/04\/29\/la-noche-del-10-2\/#breadcrumb"},"inLanguage":"es","potentialAction":[{"@type":"ReadAction","target":["https:\/\/gentedebasquet.com.ar\/sitio\/2026\/04\/29\/la-noche-del-10-2\/"]}]},{"@type":"ImageObject","inLanguage":"es","@id":"https:\/\/gentedebasquet.com.ar\/sitio\/2026\/04\/29\/la-noche-del-10-2\/#primaryimage","url":"http:\/\/gentedebasquet.com.ar\/sitio\/wp-content\/uploads\/2026\/04\/DSC_4322.jpg","contentUrl":"http:\/\/gentedebasquet.com.ar\/sitio\/wp-content\/uploads\/2026\/04\/DSC_4322.jpg","width":750,"height":373},{"@type":"BreadcrumbList","@id":"https:\/\/gentedebasquet.com.ar\/sitio\/2026\/04\/29\/la-noche-del-10-2\/#breadcrumb","itemListElement":[{"@type":"ListItem","position":1,"name":"Portada","item":"http:\/\/gentedebasquet.com.ar\/sitio\/"},{"@type":"ListItem","position":2,"name":"La noche del \u201c10\u201d"}]},{"@type":"WebSite","@id":"http:\/\/gentedebasquet.com.ar\/sitio\/#website","url":"http:\/\/gentedebasquet.com.ar\/sitio\/","name":"Gente de B\u00e1squet","description":"La revista del basquet de Bah\u00eda Blanca","potentialAction":[{"@type":"SearchAction","target":{"@type":"EntryPoint","urlTemplate":"http:\/\/gentedebasquet.com.ar\/sitio\/?s={search_term_string}"},"query-input":{"@type":"PropertyValueSpecification","valueRequired":true,"valueName":"search_term_string"}}],"inLanguage":"es"},{"@type":"Person","@id":"http:\/\/gentedebasquet.com.ar\/sitio\/#\/schema\/person\/2df9550994560b26db96aa8de5494221","name":"Mat\u00edas Dom\u00ednguez","image":{"@type":"ImageObject","inLanguage":"es","@id":"https:\/\/secure.gravatar.com\/avatar\/29491ec59dbc2f899f1cb4052e9f2827b5aee3a84bdc66a9fd6789abc018a99d?s=96&d=mm&r=g","url":"https:\/\/secure.gravatar.com\/avatar\/29491ec59dbc2f899f1cb4052e9f2827b5aee3a84bdc66a9fd6789abc018a99d?s=96&d=mm&r=g","contentUrl":"https:\/\/secure.gravatar.com\/avatar\/29491ec59dbc2f899f1cb4052e9f2827b5aee3a84bdc66a9fd6789abc018a99d?s=96&d=mm&r=g","caption":"Mat\u00edas Dom\u00ednguez"},"url":"http:\/\/gentedebasquet.com.ar\/sitio\/author\/matias-dominguez\/"}]}},"_links":{"self":[{"href":"http:\/\/gentedebasquet.com.ar\/sitio\/wp-json\/wp\/v2\/posts\/121272","targetHints":{"allow":["GET"]}}],"collection":[{"href":"http:\/\/gentedebasquet.com.ar\/sitio\/wp-json\/wp\/v2\/posts"}],"about":[{"href":"http:\/\/gentedebasquet.com.ar\/sitio\/wp-json\/wp\/v2\/types\/post"}],"author":[{"embeddable":true,"href":"http:\/\/gentedebasquet.com.ar\/sitio\/wp-json\/wp\/v2\/users\/62"}],"replies":[{"embeddable":true,"href":"http:\/\/gentedebasquet.com.ar\/sitio\/wp-json\/wp\/v2\/comments?post=121272"}],"version-history":[{"count":4,"href":"http:\/\/gentedebasquet.com.ar\/sitio\/wp-json\/wp\/v2\/posts\/121272\/revisions"}],"predecessor-version":[{"id":121289,"href":"http:\/\/gentedebasquet.com.ar\/sitio\/wp-json\/wp\/v2\/posts\/121272\/revisions\/121289"}],"wp:featuredmedia":[{"embeddable":true,"href":"http:\/\/gentedebasquet.com.ar\/sitio\/wp-json\/wp\/v2\/media\/121283"}],"wp:attachment":[{"href":"http:\/\/gentedebasquet.com.ar\/sitio\/wp-json\/wp\/v2\/media?parent=121272"}],"wp:term":[{"taxonomy":"category","embeddable":true,"href":"http:\/\/gentedebasquet.com.ar\/sitio\/wp-json\/wp\/v2\/categories?post=121272"},{"taxonomy":"post_tag","embeddable":true,"href":"http:\/\/gentedebasquet.com.ar\/sitio\/wp-json\/wp\/v2\/tags?post=121272"}],"curies":[{"name":"wp","href":"https:\/\/api.w.org\/{rel}","templated":true}]}}