{"id":121292,"date":"2026-04-29T06:05:57","date_gmt":"2026-04-29T04:05:57","guid":{"rendered":"https:\/\/gentedebasquet.com.ar\/sitio\/?p=121292"},"modified":"2026-04-29T06:31:36","modified_gmt":"2026-04-29T04:31:36","slug":"abajo-pego-la-falda","status":"publish","type":"post","link":"http:\/\/gentedebasquet.com.ar\/sitio\/2026\/04\/29\/abajo-pego-la-falda\/","title":{"rendered":"Abajo, peg\u00f3 La Falda"},"content":{"rendered":"<p><b>La Falda venci\u00f3 a un rival directo como Bahia Basket. Tras un encuentro friccionado y de alto vuelo, los locales supieron aguantar el envi\u00f3n de la visita y <\/b><strong>pudieron<\/strong><b> triunfar 69-61.<\/b><\/p>\n<p><strong>Trabado comienzo, donde Lafa sacar\u00eda +7 (13-6). Bahia Basket, no lograba conectar tiros certeros y se quedar\u00eda en 6 en gran parte del primero, donde Kloster era el \u00fanico estandarte visitante<\/strong>. El gran momento anfitri\u00f3n se ve\u00eda reflejado en el cierre del primer cuarto donde se fue +12 (23-11). <strong>Con un comienzo intenso del segundo y siendo de roce, La Falda perder\u00eda a Benjam\u00edn Minnucci (Descalificado), el hu\u00e9sped aprovech\u00f3 ese baj\u00f3n local y utilizo el contragolpe como arma de remontada<\/strong>, pero el local sin su mayor exponente en cancha<span class=\"Apple-converted-space\">&nbsp;<\/span>aguant\u00f3 el envi\u00f3n de los de Coronel.<\/p>\n<p><strong>La visita propon\u00eda una zona 2-3 desde el inicio del tercero, que La Falda romper\u00eda con 2t3 (Fris\u00f3n &#8211; Amigo), la visita tenia un mal pasaje y estaba 17 abajo (47-30), ademas de no encontrar tiros claros. Antonio Durand era la carta goleadora visitante en ese tramo de cuarto<\/strong>, <strong>Bahia Basket resurgir\u00eda y se pon\u00eda a un d\u00edgito en el electr\u00f3nico (62-54), donde eran Kloster y Mambretti los encargados de la remontada.<\/strong> Un cierre donde la visita fue a buscar el partido, le gener\u00f3 p\u00e9rdidas a La Falda y dejo el final con suspenso, pero el anfitri\u00f3n saco +10 en el epilogo (65-55) y pudo llevarse la victoria.<\/p>\n<p><b>La Falda consigui\u00f3 su segundo triunfo en la actual campa\u00f1a y pone las cosas interesantes en la parte baja. El equipo de Vigna visitara a San Lorenzo en la octava, mientras que Bahia Basket recibir\u00e1 a El Nacional.<\/b><\/p>\n<div class=\"jeg_video_container jeg_video_content\"><iframe loading=\"lazy\" title=\"#Segunda - Fecha #7: La Falda 69 - 61 Bah\u00eda Basket\" width=\"500\" height=\"281\" src=\"https:\/\/www.youtube.com\/embed\/RkqjPtmT8eE?feature=oembed\" frameborder=\"0\" allow=\"accelerometer; autoplay; clipboard-write; encrypted-media; gyroscope; picture-in-picture; web-share\" referrerpolicy=\"strict-origin-when-cross-origin\" allowfullscreen><\/iframe><\/div>\n<p>&nbsp;<img decoding=\"async\" src=\"https:\/\/gentedebasquet.com.ar\/sitio\/wp-content\/uploads\/2026\/04\/proyecto-nuevo-13.jpg\" class=\"size-full wp-image-121294\" width=\"1080\" height=\"1080\" srcset=\"http:\/\/gentedebasquet.com.ar\/sitio\/wp-content\/uploads\/2026\/04\/proyecto-nuevo-13.jpg 1080w, http:\/\/gentedebasquet.com.ar\/sitio\/wp-content\/uploads\/2026\/04\/proyecto-nuevo-13-300x300.jpg 300w, http:\/\/gentedebasquet.com.ar\/sitio\/wp-content\/uploads\/2026\/04\/proyecto-nuevo-13-1024x1024.jpg 1024w, http:\/\/gentedebasquet.com.ar\/sitio\/wp-content\/uploads\/2026\/04\/proyecto-nuevo-13-150x150.jpg 150w, http:\/\/gentedebasquet.com.ar\/sitio\/wp-content\/uploads\/2026\/04\/proyecto-nuevo-13-768x768.jpg 768w, http:\/\/gentedebasquet.com.ar\/sitio\/wp-content\/uploads\/2026\/04\/proyecto-nuevo-13-75x75.jpg 75w, http:\/\/gentedebasquet.com.ar\/sitio\/wp-content\/uploads\/2026\/04\/proyecto-nuevo-13-350x350.jpg 350w, http:\/\/gentedebasquet.com.ar\/sitio\/wp-content\/uploads\/2026\/04\/proyecto-nuevo-13-750x750.jpg 750w\" sizes=\"(max-width: 1080px) 100vw, 1080px\" \/><img decoding=\"async\" src=\"https:\/\/gentedebasquet.com.ar\/sitio\/wp-content\/uploads\/2026\/04\/proyecto-nuevo-14.jpg\" class=\"size-full wp-image-121295\" width=\"1080\" height=\"1080\" srcset=\"http:\/\/gentedebasquet.com.ar\/sitio\/wp-content\/uploads\/2026\/04\/proyecto-nuevo-14.jpg 1080w, http:\/\/gentedebasquet.com.ar\/sitio\/wp-content\/uploads\/2026\/04\/proyecto-nuevo-14-300x300.jpg 300w, http:\/\/gentedebasquet.com.ar\/sitio\/wp-content\/uploads\/2026\/04\/proyecto-nuevo-14-1024x1024.jpg 1024w, http:\/\/gentedebasquet.com.ar\/sitio\/wp-content\/uploads\/2026\/04\/proyecto-nuevo-14-150x150.jpg 150w, http:\/\/gentedebasquet.com.ar\/sitio\/wp-content\/uploads\/2026\/04\/proyecto-nuevo-14-768x768.jpg 768w, http:\/\/gentedebasquet.com.ar\/sitio\/wp-content\/uploads\/2026\/04\/proyecto-nuevo-14-75x75.jpg 75w, http:\/\/gentedebasquet.com.ar\/sitio\/wp-content\/uploads\/2026\/04\/proyecto-nuevo-14-350x350.jpg 350w, http:\/\/gentedebasquet.com.ar\/sitio\/wp-content\/uploads\/2026\/04\/proyecto-nuevo-14-750x750.jpg 750w\" sizes=\"(max-width: 1080px) 100vw, 1080px\" \/><\/p>\n<p><img decoding=\"async\" src=\"https:\/\/gentedebasquet.com.ar\/sitio\/wp-content\/uploads\/2026\/04\/img_5010.jpg\" class=\"size-full wp-image-121296\" width=\"2000\" height=\"1500\" srcset=\"http:\/\/gentedebasquet.com.ar\/sitio\/wp-content\/uploads\/2026\/04\/img_5010.jpg 2000w, http:\/\/gentedebasquet.com.ar\/sitio\/wp-content\/uploads\/2026\/04\/img_5010-300x225.jpg 300w, http:\/\/gentedebasquet.com.ar\/sitio\/wp-content\/uploads\/2026\/04\/img_5010-1024x768.jpg 1024w, http:\/\/gentedebasquet.com.ar\/sitio\/wp-content\/uploads\/2026\/04\/img_5010-768x576.jpg 768w, http:\/\/gentedebasquet.com.ar\/sitio\/wp-content\/uploads\/2026\/04\/img_5010-1536x1152.jpg 1536w, http:\/\/gentedebasquet.com.ar\/sitio\/wp-content\/uploads\/2026\/04\/img_5010-750x563.jpg 750w, http:\/\/gentedebasquet.com.ar\/sitio\/wp-content\/uploads\/2026\/04\/img_5010-1140x855.jpg 1140w\" sizes=\"(max-width: 2000px) 100vw, 2000px\" \/><\/p>\n<blockquote><p>\u00abMuy trabado, la clave fue la defensa, hubo algunos momentos donde nos agarraron algunos rebotes, pero cuando ten\u00edamos el rebote m\u00e1s o menos asegurado, pudimos jugar.\u00bb <strong>Valentino Kleja, La Falda.<\/strong><\/p>\n<\/blockquote>\n<p><strong><em>S\u00edntesis &#8211; Segunda &#8211; Fecha 7<\/em><\/strong><\/p>\n<p><strong>La Falda 69:<\/strong> Germ\u00e1n Fern\u00e1ndez Vita 13, Benjamin Minnucci (x) 8, Franco Riccio 13, Valentino Kleja 13, Ignacio Fris\u00f3n 9 (FI); Pablo Amigo 5, Juan Pablo Troja (x) 3, Ivan Piriz 5, Josue Chazarreta 0. <strong>DT: Juan Miguel Vigna.<\/strong><\/p>\n<p><strong>Bahia Basket 61:<\/strong> Antonio Durand 14, Federico Salce 9, Emanuel Kloster 11, Santiago Ponzoni (x) 9, Santiago Russi 0 (FI); Juan Cruz Mambretti (x) 12, Esteban Jaime 0, Juan Manuel Vazquez 0, Nicolas Costa 0, Bruno Gigliotti 6. <strong>DT: Juan Pablo Coronel.<\/strong><\/p>\n<p><strong>Parciales:<\/strong> 23-11, 34-21 (11-10), 55-39 (21-18), 69-61 (14-22).<\/p>\n<p><strong>Arbitros:<\/strong> Juan Agust\u00edn Mat\u00edas &#8211; Sam Inglera &#8211; Alexia Gonzalez.<\/p>\n<p><strong>Estadio: <\/strong>Lili Pisani (La Falda).<\/p>\n<p><img decoding=\"async\" src=\"https:\/\/gentedebasquet.com.ar\/sitio\/wp-content\/uploads\/2026\/04\/img_4928.jpg\" class=\"size-full wp-image-121297\" width=\"2000\" height=\"1500\" srcset=\"http:\/\/gentedebasquet.com.ar\/sitio\/wp-content\/uploads\/2026\/04\/img_4928.jpg 2000w, http:\/\/gentedebasquet.com.ar\/sitio\/wp-content\/uploads\/2026\/04\/img_4928-300x225.jpg 300w, http:\/\/gentedebasquet.com.ar\/sitio\/wp-content\/uploads\/2026\/04\/img_4928-1024x768.jpg 1024w, http:\/\/gentedebasquet.com.ar\/sitio\/wp-content\/uploads\/2026\/04\/img_4928-768x576.jpg 768w, http:\/\/gentedebasquet.com.ar\/sitio\/wp-content\/uploads\/2026\/04\/img_4928-1536x1152.jpg 1536w, http:\/\/gentedebasquet.com.ar\/sitio\/wp-content\/uploads\/2026\/04\/img_4928-750x563.jpg 750w, http:\/\/gentedebasquet.com.ar\/sitio\/wp-content\/uploads\/2026\/04\/img_4928-1140x855.jpg 1140w\" sizes=\"(max-width: 2000px) 100vw, 2000px\" \/><\/p>\n","protected":false},"excerpt":{"rendered":"<p>La Falda venci\u00f3 a un rival directo como Bahia Basket. Tras un encuentro friccionado y de alto vuelo, los locales supieron aguantar el envi\u00f3n de la visita y pudieron triunfar 69-61. Trabado comienzo, donde Lafa sacar\u00eda +7 (13-6). Bahia Basket, no lograba conectar tiros certeros y se quedar\u00eda en 6 en gran parte del primero, [&hellip;]<\/p>\n","protected":false},"author":82,"featured_media":121298,"comment_status":"closed","ping_status":"open","sticky":false,"template":"","format":"standard","meta":{"jnews-multi-image_gallery":[],"jnews_single_post":[],"jnews_primary_category":[],"footnotes":""},"categories":[25,101],"tags":[2099,58,13,1855,503,1963],"class_list":["post-121292","post","type-post","status-publish","format-standard","has-post-thumbnail","hentry","category-segunda","category-slide","tag-antonio-durand","tag-bahiabasket","tag-la-falda","tag-segunda","tag-segunda-division","tag-valentino-kleja"],"yoast_head":"<!-- This site is optimized with the Yoast SEO plugin v27.5 - https:\/\/yoast.com\/product\/yoast-seo-wordpress\/ -->\n<title>Abajo, peg\u00f3 La Falda - Gente de B\u00e1squet<\/title>\n<meta name=\"robots\" content=\"index, follow, max-snippet:-1, max-image-preview:large, max-video-preview:-1\" \/>\n<link rel=\"canonical\" href=\"https:\/\/gentedebasquet.com.ar\/sitio\/2026\/04\/29\/abajo-pego-la-falda\/\" \/>\n<meta property=\"og:locale\" content=\"es_ES\" \/>\n<meta property=\"og:type\" content=\"article\" \/>\n<meta property=\"og:title\" content=\"Abajo, peg\u00f3 La Falda - Gente de B\u00e1squet\" \/>\n<meta property=\"og:description\" content=\"La Falda venci\u00f3 a un rival directo como Bahia Basket. Tras un encuentro friccionado y de alto vuelo, los locales supieron aguantar el envi\u00f3n de la visita y pudieron triunfar 69-61. Trabado comienzo, donde Lafa sacar\u00eda +7 (13-6). Bahia Basket, no lograba conectar tiros certeros y se quedar\u00eda en 6 en gran parte del primero, [&hellip;]\" \/>\n<meta property=\"og:url\" content=\"https:\/\/gentedebasquet.com.ar\/sitio\/2026\/04\/29\/abajo-pego-la-falda\/\" \/>\n<meta property=\"og:site_name\" content=\"Gente de B\u00e1squet\" \/>\n<meta property=\"article:published_time\" content=\"2026-04-29T04:05:57+00:00\" \/>\n<meta property=\"article:modified_time\" content=\"2026-04-29T04:31:36+00:00\" \/>\n<meta property=\"og:image\" content=\"https:\/\/gentedebasquet.com.ar\/sitio\/wp-content\/uploads\/2026\/04\/img_4931.jpg\" \/>\n\t<meta property=\"og:image:width\" content=\"2000\" \/>\n\t<meta property=\"og:image:height\" content=\"1500\" \/>\n\t<meta property=\"og:image:type\" content=\"image\/jpeg\" \/>\n<meta name=\"author\" content=\"Manuel Lacerenza\" \/>\n<meta name=\"twitter:card\" content=\"summary_large_image\" \/>\n<meta name=\"twitter:label1\" content=\"Escrito por\" \/>\n\t<meta name=\"twitter:data1\" content=\"Manuel Lacerenza\" \/>\n\t<meta name=\"twitter:label2\" content=\"Tiempo de lectura\" \/>\n\t<meta name=\"twitter:data2\" content=\"3 minutos\" \/>\n<script type=\"application\/ld+json\" class=\"yoast-schema-graph\">{\"@context\":\"https:\\\/\\\/schema.org\",\"@graph\":[{\"@type\":\"Article\",\"@id\":\"https:\\\/\\\/gentedebasquet.com.ar\\\/sitio\\\/2026\\\/04\\\/29\\\/abajo-pego-la-falda\\\/#article\",\"isPartOf\":{\"@id\":\"https:\\\/\\\/gentedebasquet.com.ar\\\/sitio\\\/2026\\\/04\\\/29\\\/abajo-pego-la-falda\\\/\"},\"author\":{\"name\":\"Manuel Lacerenza\",\"@id\":\"http:\\\/\\\/gentedebasquet.com.ar\\\/sitio\\\/#\\\/schema\\\/person\\\/643357fb6a37b5549c9cfe9f339c9f1b\"},\"headline\":\"Abajo, peg\u00f3 La Falda\",\"datePublished\":\"2026-04-29T04:05:57+00:00\",\"dateModified\":\"2026-04-29T04:31:36+00:00\",\"mainEntityOfPage\":{\"@id\":\"https:\\\/\\\/gentedebasquet.com.ar\\\/sitio\\\/2026\\\/04\\\/29\\\/abajo-pego-la-falda\\\/\"},\"wordCount\":428,\"image\":{\"@id\":\"https:\\\/\\\/gentedebasquet.com.ar\\\/sitio\\\/2026\\\/04\\\/29\\\/abajo-pego-la-falda\\\/#primaryimage\"},\"thumbnailUrl\":\"http:\\\/\\\/gentedebasquet.com.ar\\\/sitio\\\/wp-content\\\/uploads\\\/2026\\\/04\\\/img_4931.jpg\",\"keywords\":[\"Antonio Durand\",\"Bah\u00eda Basket\",\"La Falda\",\"Segunda\",\"Segunda Divisi\u00f3n\",\"Valentino Kleja\"],\"articleSection\":[\"Segunda\",\"Slide\"],\"inLanguage\":\"es\"},{\"@type\":\"WebPage\",\"@id\":\"https:\\\/\\\/gentedebasquet.com.ar\\\/sitio\\\/2026\\\/04\\\/29\\\/abajo-pego-la-falda\\\/\",\"url\":\"https:\\\/\\\/gentedebasquet.com.ar\\\/sitio\\\/2026\\\/04\\\/29\\\/abajo-pego-la-falda\\\/\",\"name\":\"Abajo, peg\u00f3 La Falda - Gente de B\u00e1squet\",\"isPartOf\":{\"@id\":\"http:\\\/\\\/gentedebasquet.com.ar\\\/sitio\\\/#website\"},\"primaryImageOfPage\":{\"@id\":\"https:\\\/\\\/gentedebasquet.com.ar\\\/sitio\\\/2026\\\/04\\\/29\\\/abajo-pego-la-falda\\\/#primaryimage\"},\"image\":{\"@id\":\"https:\\\/\\\/gentedebasquet.com.ar\\\/sitio\\\/2026\\\/04\\\/29\\\/abajo-pego-la-falda\\\/#primaryimage\"},\"thumbnailUrl\":\"http:\\\/\\\/gentedebasquet.com.ar\\\/sitio\\\/wp-content\\\/uploads\\\/2026\\\/04\\\/img_4931.jpg\",\"datePublished\":\"2026-04-29T04:05:57+00:00\",\"dateModified\":\"2026-04-29T04:31:36+00:00\",\"author\":{\"@id\":\"http:\\\/\\\/gentedebasquet.com.ar\\\/sitio\\\/#\\\/schema\\\/person\\\/643357fb6a37b5549c9cfe9f339c9f1b\"},\"breadcrumb\":{\"@id\":\"https:\\\/\\\/gentedebasquet.com.ar\\\/sitio\\\/2026\\\/04\\\/29\\\/abajo-pego-la-falda\\\/#breadcrumb\"},\"inLanguage\":\"es\",\"potentialAction\":[{\"@type\":\"ReadAction\",\"target\":[\"https:\\\/\\\/gentedebasquet.com.ar\\\/sitio\\\/2026\\\/04\\\/29\\\/abajo-pego-la-falda\\\/\"]}]},{\"@type\":\"ImageObject\",\"inLanguage\":\"es\",\"@id\":\"https:\\\/\\\/gentedebasquet.com.ar\\\/sitio\\\/2026\\\/04\\\/29\\\/abajo-pego-la-falda\\\/#primaryimage\",\"url\":\"http:\\\/\\\/gentedebasquet.com.ar\\\/sitio\\\/wp-content\\\/uploads\\\/2026\\\/04\\\/img_4931.jpg\",\"contentUrl\":\"http:\\\/\\\/gentedebasquet.com.ar\\\/sitio\\\/wp-content\\\/uploads\\\/2026\\\/04\\\/img_4931.jpg\",\"width\":2000,\"height\":1500},{\"@type\":\"BreadcrumbList\",\"@id\":\"https:\\\/\\\/gentedebasquet.com.ar\\\/sitio\\\/2026\\\/04\\\/29\\\/abajo-pego-la-falda\\\/#breadcrumb\",\"itemListElement\":[{\"@type\":\"ListItem\",\"position\":1,\"name\":\"Portada\",\"item\":\"http:\\\/\\\/gentedebasquet.com.ar\\\/sitio\\\/\"},{\"@type\":\"ListItem\",\"position\":2,\"name\":\"Abajo, peg\u00f3 La Falda\"}]},{\"@type\":\"WebSite\",\"@id\":\"http:\\\/\\\/gentedebasquet.com.ar\\\/sitio\\\/#website\",\"url\":\"http:\\\/\\\/gentedebasquet.com.ar\\\/sitio\\\/\",\"name\":\"Gente de B\u00e1squet\",\"description\":\"La revista del basquet de Bah\u00eda Blanca\",\"potentialAction\":[{\"@type\":\"SearchAction\",\"target\":{\"@type\":\"EntryPoint\",\"urlTemplate\":\"http:\\\/\\\/gentedebasquet.com.ar\\\/sitio\\\/?s={search_term_string}\"},\"query-input\":{\"@type\":\"PropertyValueSpecification\",\"valueRequired\":true,\"valueName\":\"search_term_string\"}}],\"inLanguage\":\"es\"},{\"@type\":\"Person\",\"@id\":\"http:\\\/\\\/gentedebasquet.com.ar\\\/sitio\\\/#\\\/schema\\\/person\\\/643357fb6a37b5549c9cfe9f339c9f1b\",\"name\":\"Manuel Lacerenza\",\"image\":{\"@type\":\"ImageObject\",\"inLanguage\":\"es\",\"@id\":\"https:\\\/\\\/secure.gravatar.com\\\/avatar\\\/6a427d587bd181ca8afd828e8cf364f233c5cbe5b8a1332b92ea42687ad97845?s=96&d=mm&r=g\",\"url\":\"https:\\\/\\\/secure.gravatar.com\\\/avatar\\\/6a427d587bd181ca8afd828e8cf364f233c5cbe5b8a1332b92ea42687ad97845?s=96&d=mm&r=g\",\"contentUrl\":\"https:\\\/\\\/secure.gravatar.com\\\/avatar\\\/6a427d587bd181ca8afd828e8cf364f233c5cbe5b8a1332b92ea42687ad97845?s=96&d=mm&r=g\",\"caption\":\"Manuel Lacerenza\"},\"url\":\"http:\\\/\\\/gentedebasquet.com.ar\\\/sitio\\\/author\\\/manuel\\\/\"}]}<\/script>\n<!-- \/ Yoast SEO plugin. -->","yoast_head_json":{"title":"Abajo, peg\u00f3 La Falda - Gente de B\u00e1squet","robots":{"index":"index","follow":"follow","max-snippet":"max-snippet:-1","max-image-preview":"max-image-preview:large","max-video-preview":"max-video-preview:-1"},"canonical":"https:\/\/gentedebasquet.com.ar\/sitio\/2026\/04\/29\/abajo-pego-la-falda\/","og_locale":"es_ES","og_type":"article","og_title":"Abajo, peg\u00f3 La Falda - Gente de B\u00e1squet","og_description":"La Falda venci\u00f3 a un rival directo como Bahia Basket. Tras un encuentro friccionado y de alto vuelo, los locales supieron aguantar el envi\u00f3n de la visita y pudieron triunfar 69-61. Trabado comienzo, donde Lafa sacar\u00eda +7 (13-6). Bahia Basket, no lograba conectar tiros certeros y se quedar\u00eda en 6 en gran parte del primero, [&hellip;]","og_url":"https:\/\/gentedebasquet.com.ar\/sitio\/2026\/04\/29\/abajo-pego-la-falda\/","og_site_name":"Gente de B\u00e1squet","article_published_time":"2026-04-29T04:05:57+00:00","article_modified_time":"2026-04-29T04:31:36+00:00","og_image":[{"width":2000,"height":1500,"url":"https:\/\/gentedebasquet.com.ar\/sitio\/wp-content\/uploads\/2026\/04\/img_4931.jpg","type":"image\/jpeg"}],"author":"Manuel Lacerenza","twitter_card":"summary_large_image","twitter_misc":{"Escrito por":"Manuel Lacerenza","Tiempo de lectura":"3 minutos"},"schema":{"@context":"https:\/\/schema.org","@graph":[{"@type":"Article","@id":"https:\/\/gentedebasquet.com.ar\/sitio\/2026\/04\/29\/abajo-pego-la-falda\/#article","isPartOf":{"@id":"https:\/\/gentedebasquet.com.ar\/sitio\/2026\/04\/29\/abajo-pego-la-falda\/"},"author":{"name":"Manuel Lacerenza","@id":"http:\/\/gentedebasquet.com.ar\/sitio\/#\/schema\/person\/643357fb6a37b5549c9cfe9f339c9f1b"},"headline":"Abajo, peg\u00f3 La Falda","datePublished":"2026-04-29T04:05:57+00:00","dateModified":"2026-04-29T04:31:36+00:00","mainEntityOfPage":{"@id":"https:\/\/gentedebasquet.com.ar\/sitio\/2026\/04\/29\/abajo-pego-la-falda\/"},"wordCount":428,"image":{"@id":"https:\/\/gentedebasquet.com.ar\/sitio\/2026\/04\/29\/abajo-pego-la-falda\/#primaryimage"},"thumbnailUrl":"http:\/\/gentedebasquet.com.ar\/sitio\/wp-content\/uploads\/2026\/04\/img_4931.jpg","keywords":["Antonio Durand","Bah\u00eda Basket","La Falda","Segunda","Segunda Divisi\u00f3n","Valentino Kleja"],"articleSection":["Segunda","Slide"],"inLanguage":"es"},{"@type":"WebPage","@id":"https:\/\/gentedebasquet.com.ar\/sitio\/2026\/04\/29\/abajo-pego-la-falda\/","url":"https:\/\/gentedebasquet.com.ar\/sitio\/2026\/04\/29\/abajo-pego-la-falda\/","name":"Abajo, peg\u00f3 La Falda - Gente de B\u00e1squet","isPartOf":{"@id":"http:\/\/gentedebasquet.com.ar\/sitio\/#website"},"primaryImageOfPage":{"@id":"https:\/\/gentedebasquet.com.ar\/sitio\/2026\/04\/29\/abajo-pego-la-falda\/#primaryimage"},"image":{"@id":"https:\/\/gentedebasquet.com.ar\/sitio\/2026\/04\/29\/abajo-pego-la-falda\/#primaryimage"},"thumbnailUrl":"http:\/\/gentedebasquet.com.ar\/sitio\/wp-content\/uploads\/2026\/04\/img_4931.jpg","datePublished":"2026-04-29T04:05:57+00:00","dateModified":"2026-04-29T04:31:36+00:00","author":{"@id":"http:\/\/gentedebasquet.com.ar\/sitio\/#\/schema\/person\/643357fb6a37b5549c9cfe9f339c9f1b"},"breadcrumb":{"@id":"https:\/\/gentedebasquet.com.ar\/sitio\/2026\/04\/29\/abajo-pego-la-falda\/#breadcrumb"},"inLanguage":"es","potentialAction":[{"@type":"ReadAction","target":["https:\/\/gentedebasquet.com.ar\/sitio\/2026\/04\/29\/abajo-pego-la-falda\/"]}]},{"@type":"ImageObject","inLanguage":"es","@id":"https:\/\/gentedebasquet.com.ar\/sitio\/2026\/04\/29\/abajo-pego-la-falda\/#primaryimage","url":"http:\/\/gentedebasquet.com.ar\/sitio\/wp-content\/uploads\/2026\/04\/img_4931.jpg","contentUrl":"http:\/\/gentedebasquet.com.ar\/sitio\/wp-content\/uploads\/2026\/04\/img_4931.jpg","width":2000,"height":1500},{"@type":"BreadcrumbList","@id":"https:\/\/gentedebasquet.com.ar\/sitio\/2026\/04\/29\/abajo-pego-la-falda\/#breadcrumb","itemListElement":[{"@type":"ListItem","position":1,"name":"Portada","item":"http:\/\/gentedebasquet.com.ar\/sitio\/"},{"@type":"ListItem","position":2,"name":"Abajo, peg\u00f3 La Falda"}]},{"@type":"WebSite","@id":"http:\/\/gentedebasquet.com.ar\/sitio\/#website","url":"http:\/\/gentedebasquet.com.ar\/sitio\/","name":"Gente de B\u00e1squet","description":"La revista del basquet de Bah\u00eda Blanca","potentialAction":[{"@type":"SearchAction","target":{"@type":"EntryPoint","urlTemplate":"http:\/\/gentedebasquet.com.ar\/sitio\/?s={search_term_string}"},"query-input":{"@type":"PropertyValueSpecification","valueRequired":true,"valueName":"search_term_string"}}],"inLanguage":"es"},{"@type":"Person","@id":"http:\/\/gentedebasquet.com.ar\/sitio\/#\/schema\/person\/643357fb6a37b5549c9cfe9f339c9f1b","name":"Manuel Lacerenza","image":{"@type":"ImageObject","inLanguage":"es","@id":"https:\/\/secure.gravatar.com\/avatar\/6a427d587bd181ca8afd828e8cf364f233c5cbe5b8a1332b92ea42687ad97845?s=96&d=mm&r=g","url":"https:\/\/secure.gravatar.com\/avatar\/6a427d587bd181ca8afd828e8cf364f233c5cbe5b8a1332b92ea42687ad97845?s=96&d=mm&r=g","contentUrl":"https:\/\/secure.gravatar.com\/avatar\/6a427d587bd181ca8afd828e8cf364f233c5cbe5b8a1332b92ea42687ad97845?s=96&d=mm&r=g","caption":"Manuel Lacerenza"},"url":"http:\/\/gentedebasquet.com.ar\/sitio\/author\/manuel\/"}]}},"_links":{"self":[{"href":"http:\/\/gentedebasquet.com.ar\/sitio\/wp-json\/wp\/v2\/posts\/121292","targetHints":{"allow":["GET"]}}],"collection":[{"href":"http:\/\/gentedebasquet.com.ar\/sitio\/wp-json\/wp\/v2\/posts"}],"about":[{"href":"http:\/\/gentedebasquet.com.ar\/sitio\/wp-json\/wp\/v2\/types\/post"}],"author":[{"embeddable":true,"href":"http:\/\/gentedebasquet.com.ar\/sitio\/wp-json\/wp\/v2\/users\/82"}],"replies":[{"embeddable":true,"href":"http:\/\/gentedebasquet.com.ar\/sitio\/wp-json\/wp\/v2\/comments?post=121292"}],"version-history":[{"count":5,"href":"http:\/\/gentedebasquet.com.ar\/sitio\/wp-json\/wp\/v2\/posts\/121292\/revisions"}],"predecessor-version":[{"id":121303,"href":"http:\/\/gentedebasquet.com.ar\/sitio\/wp-json\/wp\/v2\/posts\/121292\/revisions\/121303"}],"wp:featuredmedia":[{"embeddable":true,"href":"http:\/\/gentedebasquet.com.ar\/sitio\/wp-json\/wp\/v2\/media\/121298"}],"wp:attachment":[{"href":"http:\/\/gentedebasquet.com.ar\/sitio\/wp-json\/wp\/v2\/media?parent=121292"}],"wp:term":[{"taxonomy":"category","embeddable":true,"href":"http:\/\/gentedebasquet.com.ar\/sitio\/wp-json\/wp\/v2\/categories?post=121292"},{"taxonomy":"post_tag","embeddable":true,"href":"http:\/\/gentedebasquet.com.ar\/sitio\/wp-json\/wp\/v2\/tags?post=121292"}],"curies":[{"name":"wp","href":"https:\/\/api.w.org\/{rel}","templated":true}]}}