{"id":12266,"date":"2013-06-11T00:36:10","date_gmt":"2013-06-11T00:36:10","guid":{"rendered":"http:\/\/www.gentedebasquet.com.ar\/?p=12266"},"modified":"2013-06-11T00:36:10","modified_gmt":"2013-06-11T00:36:10","slug":"visitas-de-lujo","status":"publish","type":"post","link":"http:\/\/gentedebasquet.com.ar\/sitio\/2013\/06\/11\/visitas-de-lujo\/","title":{"rendered":"Visitas de lujo"},"content":{"rendered":"<p><em><strong><a href=\"http:\/\/www.gentedebasquet.com.ar\/wp-content\/uploads\/2013\/06\/Scola-Cenard-Medios-1.jpg\"><img decoding=\"async\" class=\"alignnone size-full wp-image-12268\" title=\"Scola Cenard Medios 1\" src=\"http:\/\/www.gentedebasquet.com.ar\/wp-content\/uploads\/2013\/06\/Scola-Cenard-Medios-1.jpg\" alt=\"\" width=\"448\" height=\"336\" \/><\/a>Luis Scola se entren\u00f3 en el Polideportivo \u201cLe\u00f3n Najnudel\u201d del CENARD junto al equipo U19 que participar\u00e1 del Mundial en Rep\u00fablica Checa y que integran los bahienses Gonzalo Torres e Ignacio Moreno. Estuvo acompa\u00f1ado por el entrenador del combinado mayor Julio Lamas.<!--more--><\/strong><\/em><\/p>\n<p>Con la mente puesta en el Premundial de Caracas, el capit\u00e1n y referente de la selecci\u00f3n argentina de b\u00e1squetbol, Lu\u00eds Scola, se entren\u00f3 esta tarde en el Polideportivo \u201cLe\u00f3n Najnudel\u201d del CENARD junto al <a href=\"http:\/\/www.gentedebasquet.com.ar\/?p=11841\" target=\"_blank\" rel=\"noopener\">combinado U19 que ultima detalles para la participaci\u00f3n el Mundial de Rep\u00fablica Checa<\/a> (del 27 al 7 de julio). \u201cEsta es la casa de los deportistas argentinos y Luis se siente muy a gusto cuando se entrena ac\u00e1\u201d, confi\u00f3 Julio Lamas, entrenador del seleccionado nacional, quien acompa\u00f1\u00f3 al pivote de los Phoenix Suns durante la pr\u00e1ctica.<\/p>\n<p>Asimismo, Lamas reconoci\u00f3 que \u201cArgentina est\u00e1 hoy encarando un proceso de recambio de lo que fue la \u2018Generaci\u00f3n Dorada\u2019 y tanto Scola como Delfino han quedado como los m\u00e1ximos referentes. Por suerte contamos con muchos j\u00f3venes talentos como Facundo Campazzo, el \u2018Lobito\u2019 Juan Fern\u00e1ndez, Nicolas Laprov\u00edttola y Franco Giorgetti que cuentan con un nivel y un f\u00edsico de proyecci\u00f3n internacional. Queremos que estos chicos de las selecciones de base vean c\u00f3mo entrena alguien a quien admiran, un \u00eddolo como lo es Scola, y puedan copiar movimientos\u201d.<\/p>\n<p>Atento a esta realidad, es que Lamas ha decidido encarar la participaci\u00f3n argentina en la prestigiosa Copa Stankovic en China con un plantel cuyo promedio de edad apenas supera los 25 a\u00f1os: Nicol\u00e1s Laprov\u00edttola, Facundo Campazzo, <a href=\"http:\/\/www.gentedebasquet.com.ar\/?p=10657\" target=\"_blank\" rel=\"noopener\">Nicol\u00e1s Richotti, Juan Manuel Torres<\/a>, Adri\u00e1n Boccia, Federico van Lacke, Marcos Mata, Franco Giorgetti, Leonardo Mainoldi, Juan Guti\u00e9rrez, Marcos Del\u00eda y Mat\u00edas Bortol\u00edn.<\/p>\n<p>Justamente el chico Bortol\u00edn fue quien realiz\u00f3 esta tarde una fuerte rutina de entrenamiento con Scola, haciendo ejercicios de \u201cuno contra uno\u201d. \u201cEs un pibe categor\u00eda \u201993 de 2,07 metros que ya estuvo entrenando con la Selecci\u00f3n mayor y nos dej\u00f3 muy buenas sensaciones. El desaf\u00edo que estamos encarando es captar futuras promesas que gocen de gran altura, una de las carencias que tiene hoy por hoy la Argentina. Por eso apostamos a este tipo de jugadores y Mat\u00edas va a formar parte del viaje a China\u201d, explic\u00f3 Lamas mientras el pivote de los Phoenix Suns continuaba con los ejercicios t\u00e9cnicos junto a la joven promesa.<\/p>\n<p>Con las ausencias confirmadas de Emanuel Gin\u00f3bili, Andr\u00e9s \u201cChapu\u201d Nocioni y Leonardo Guti\u00e9rrez, sumadas a la lesi\u00f3n de Carlos Delfino (se est\u00e1 recuperando de una fractura en el pie derecho) y el desgaste de Pablo Prigioni post temporada en la NBA, Scola emerge como el m\u00e1ximo referente de la Selecci\u00f3n para afrontar el Premundial de Caracas del 30 de agosto al 11 de septiembre, que otorgar\u00e1 cuatro plazas para el Mundial de Espa\u00f1a 2014.<\/p>\n<p>Por el lado del equipo U19 dirigido por el entrenador de Regatas Corrientes, Nicol\u00e1s Casal\u00e1nguida, finalizar\u00e1 ma\u00f1ana la concentraci\u00f3n encarada en el CENARD desde el pasado jueves y comenzar\u00e1 una gira por Europa que desembocar\u00e1 en la cita mundialista.<\/p>\n<p>Fuente e imagen: Secretar\u00eda de Deportes de la Naci\u00f3n.<\/p>\n","protected":false},"excerpt":{"rendered":"<p>Luis Scola se entren\u00f3 en el Polideportivo \u201cLe\u00f3n Najnudel\u201d del CENARD junto al equipo U19 que participar\u00e1 del Mundial en Rep\u00fablica Checa y que integran los bahienses Gonzalo Torres e Ignacio Moreno. Estuvo acompa\u00f1ado por el entrenador del combinado mayor Julio Lamas.<\/p>\n","protected":false},"author":1,"featured_media":0,"comment_status":"open","ping_status":"open","sticky":false,"template":"","format":"standard","meta":{"jnews-multi-image_gallery":[],"jnews_single_post":[],"jnews_primary_category":[],"footnotes":""},"categories":[61,26],"tags":[],"class_list":["post-12266","post","type-post","status-publish","format-standard","hentry","category-selecciones-nacionales","category-u19"],"yoast_head":"<!-- This site is optimized with the Yoast SEO plugin v27.5 - https:\/\/yoast.com\/product\/yoast-seo-wordpress\/ -->\n<title>Visitas de lujo - Gente de B\u00e1squet<\/title>\n<meta name=\"robots\" content=\"index, follow, max-snippet:-1, max-image-preview:large, max-video-preview:-1\" \/>\n<link rel=\"canonical\" href=\"https:\/\/gentedebasquet.com.ar\/sitio\/2013\/06\/11\/visitas-de-lujo\/\" \/>\n<meta property=\"og:locale\" content=\"es_ES\" \/>\n<meta property=\"og:type\" content=\"article\" \/>\n<meta property=\"og:title\" content=\"Visitas de lujo - Gente de B\u00e1squet\" \/>\n<meta property=\"og:description\" content=\"Luis Scola se entren\u00f3 en el Polideportivo \u201cLe\u00f3n Najnudel\u201d del CENARD junto al equipo U19 que participar\u00e1 del Mundial en Rep\u00fablica Checa y que integran los bahienses Gonzalo Torres e Ignacio Moreno. Estuvo acompa\u00f1ado por el entrenador del combinado mayor Julio Lamas.\" \/>\n<meta property=\"og:url\" content=\"https:\/\/gentedebasquet.com.ar\/sitio\/2013\/06\/11\/visitas-de-lujo\/\" \/>\n<meta property=\"og:site_name\" content=\"Gente de B\u00e1squet\" \/>\n<meta property=\"article:published_time\" content=\"2013-06-11T00:36:10+00:00\" \/>\n<meta property=\"og:image\" content=\"http:\/\/www.gentedebasquet.com.ar\/wp-content\/uploads\/2013\/06\/Scola-Cenard-Medios-1.jpg\" \/>\n<meta name=\"author\" content=\"Gente de B\u00e1squet\" \/>\n<meta name=\"twitter:card\" content=\"summary_large_image\" \/>\n<meta name=\"twitter:label1\" content=\"Escrito por\" \/>\n\t<meta name=\"twitter:data1\" content=\"Gente de B\u00e1squet\" \/>\n\t<meta name=\"twitter:label2\" content=\"Tiempo de lectura\" \/>\n\t<meta name=\"twitter:data2\" content=\"3 minutos\" \/>\n<script type=\"application\/ld+json\" class=\"yoast-schema-graph\">{\"@context\":\"https:\\\/\\\/schema.org\",\"@graph\":[{\"@type\":\"Article\",\"@id\":\"https:\\\/\\\/gentedebasquet.com.ar\\\/sitio\\\/2013\\\/06\\\/11\\\/visitas-de-lujo\\\/#article\",\"isPartOf\":{\"@id\":\"https:\\\/\\\/gentedebasquet.com.ar\\\/sitio\\\/2013\\\/06\\\/11\\\/visitas-de-lujo\\\/\"},\"author\":{\"name\":\"Gente de B\u00e1squet\",\"@id\":\"https:\\\/\\\/gentedebasquet.com.ar\\\/sitio\\\/#\\\/schema\\\/person\\\/ca0b63bbb977369988a7bbbdc519943a\"},\"headline\":\"Visitas de lujo\",\"datePublished\":\"2013-06-11T00:36:10+00:00\",\"mainEntityOfPage\":{\"@id\":\"https:\\\/\\\/gentedebasquet.com.ar\\\/sitio\\\/2013\\\/06\\\/11\\\/visitas-de-lujo\\\/\"},\"wordCount\":548,\"commentCount\":0,\"image\":{\"@id\":\"https:\\\/\\\/gentedebasquet.com.ar\\\/sitio\\\/2013\\\/06\\\/11\\\/visitas-de-lujo\\\/#primaryimage\"},\"thumbnailUrl\":\"http:\\\/\\\/www.gentedebasquet.com.ar\\\/wp-content\\\/uploads\\\/2013\\\/06\\\/Scola-Cenard-Medios-1.jpg\",\"articleSection\":[\"Selecciones Nacionales\",\"U19\"],\"inLanguage\":\"es\",\"potentialAction\":[{\"@type\":\"CommentAction\",\"name\":\"Comment\",\"target\":[\"https:\\\/\\\/gentedebasquet.com.ar\\\/sitio\\\/2013\\\/06\\\/11\\\/visitas-de-lujo\\\/#respond\"]}]},{\"@type\":\"WebPage\",\"@id\":\"https:\\\/\\\/gentedebasquet.com.ar\\\/sitio\\\/2013\\\/06\\\/11\\\/visitas-de-lujo\\\/\",\"url\":\"https:\\\/\\\/gentedebasquet.com.ar\\\/sitio\\\/2013\\\/06\\\/11\\\/visitas-de-lujo\\\/\",\"name\":\"Visitas de lujo - Gente de B\u00e1squet\",\"isPartOf\":{\"@id\":\"https:\\\/\\\/gentedebasquet.com.ar\\\/sitio\\\/#website\"},\"primaryImageOfPage\":{\"@id\":\"https:\\\/\\\/gentedebasquet.com.ar\\\/sitio\\\/2013\\\/06\\\/11\\\/visitas-de-lujo\\\/#primaryimage\"},\"image\":{\"@id\":\"https:\\\/\\\/gentedebasquet.com.ar\\\/sitio\\\/2013\\\/06\\\/11\\\/visitas-de-lujo\\\/#primaryimage\"},\"thumbnailUrl\":\"http:\\\/\\\/www.gentedebasquet.com.ar\\\/wp-content\\\/uploads\\\/2013\\\/06\\\/Scola-Cenard-Medios-1.jpg\",\"datePublished\":\"2013-06-11T00:36:10+00:00\",\"author\":{\"@id\":\"https:\\\/\\\/gentedebasquet.com.ar\\\/sitio\\\/#\\\/schema\\\/person\\\/ca0b63bbb977369988a7bbbdc519943a\"},\"breadcrumb\":{\"@id\":\"https:\\\/\\\/gentedebasquet.com.ar\\\/sitio\\\/2013\\\/06\\\/11\\\/visitas-de-lujo\\\/#breadcrumb\"},\"inLanguage\":\"es\",\"potentialAction\":[{\"@type\":\"ReadAction\",\"target\":[\"https:\\\/\\\/gentedebasquet.com.ar\\\/sitio\\\/2013\\\/06\\\/11\\\/visitas-de-lujo\\\/\"]}]},{\"@type\":\"ImageObject\",\"inLanguage\":\"es\",\"@id\":\"https:\\\/\\\/gentedebasquet.com.ar\\\/sitio\\\/2013\\\/06\\\/11\\\/visitas-de-lujo\\\/#primaryimage\",\"url\":\"http:\\\/\\\/www.gentedebasquet.com.ar\\\/wp-content\\\/uploads\\\/2013\\\/06\\\/Scola-Cenard-Medios-1.jpg\",\"contentUrl\":\"http:\\\/\\\/www.gentedebasquet.com.ar\\\/wp-content\\\/uploads\\\/2013\\\/06\\\/Scola-Cenard-Medios-1.jpg\"},{\"@type\":\"BreadcrumbList\",\"@id\":\"https:\\\/\\\/gentedebasquet.com.ar\\\/sitio\\\/2013\\\/06\\\/11\\\/visitas-de-lujo\\\/#breadcrumb\",\"itemListElement\":[{\"@type\":\"ListItem\",\"position\":1,\"name\":\"Portada\",\"item\":\"https:\\\/\\\/gentedebasquet.com.ar\\\/sitio\\\/\"},{\"@type\":\"ListItem\",\"position\":2,\"name\":\"Visitas de lujo\"}]},{\"@type\":\"WebSite\",\"@id\":\"https:\\\/\\\/gentedebasquet.com.ar\\\/sitio\\\/#website\",\"url\":\"https:\\\/\\\/gentedebasquet.com.ar\\\/sitio\\\/\",\"name\":\"Gente de B\u00e1squet\",\"description\":\"La revista del basquet de Bah\u00eda Blanca\",\"potentialAction\":[{\"@type\":\"SearchAction\",\"target\":{\"@type\":\"EntryPoint\",\"urlTemplate\":\"https:\\\/\\\/gentedebasquet.com.ar\\\/sitio\\\/?s={search_term_string}\"},\"query-input\":{\"@type\":\"PropertyValueSpecification\",\"valueRequired\":true,\"valueName\":\"search_term_string\"}}],\"inLanguage\":\"es\"},{\"@type\":\"Person\",\"@id\":\"https:\\\/\\\/gentedebasquet.com.ar\\\/sitio\\\/#\\\/schema\\\/person\\\/ca0b63bbb977369988a7bbbdc519943a\",\"name\":\"Gente de B\u00e1squet\",\"image\":{\"@type\":\"ImageObject\",\"inLanguage\":\"es\",\"@id\":\"https:\\\/\\\/secure.gravatar.com\\\/avatar\\\/7f2c48bdc33b30088f941fb6082e555f2874c98e20cb159d7b92b50eadfce793?s=96&d=mm&r=g\",\"url\":\"https:\\\/\\\/secure.gravatar.com\\\/avatar\\\/7f2c48bdc33b30088f941fb6082e555f2874c98e20cb159d7b92b50eadfce793?s=96&d=mm&r=g\",\"contentUrl\":\"https:\\\/\\\/secure.gravatar.com\\\/avatar\\\/7f2c48bdc33b30088f941fb6082e555f2874c98e20cb159d7b92b50eadfce793?s=96&d=mm&r=g\",\"caption\":\"Gente de B\u00e1squet\"},\"sameAs\":[\"http:\\\/\\\/gentedebasquet.com.ar\\\/sitio\"],\"url\":\"http:\\\/\\\/gentedebasquet.com.ar\\\/sitio\\\/author\\\/ulises\\\/\"}]}<\/script>\n<!-- \/ Yoast SEO plugin. -->","yoast_head_json":{"title":"Visitas de lujo - Gente de B\u00e1squet","robots":{"index":"index","follow":"follow","max-snippet":"max-snippet:-1","max-image-preview":"max-image-preview:large","max-video-preview":"max-video-preview:-1"},"canonical":"https:\/\/gentedebasquet.com.ar\/sitio\/2013\/06\/11\/visitas-de-lujo\/","og_locale":"es_ES","og_type":"article","og_title":"Visitas de lujo - Gente de B\u00e1squet","og_description":"Luis Scola se entren\u00f3 en el Polideportivo \u201cLe\u00f3n Najnudel\u201d del CENARD junto al equipo U19 que participar\u00e1 del Mundial en Rep\u00fablica Checa y que integran los bahienses Gonzalo Torres e Ignacio Moreno. Estuvo acompa\u00f1ado por el entrenador del combinado mayor Julio Lamas.","og_url":"https:\/\/gentedebasquet.com.ar\/sitio\/2013\/06\/11\/visitas-de-lujo\/","og_site_name":"Gente de B\u00e1squet","article_published_time":"2013-06-11T00:36:10+00:00","og_image":[{"url":"http:\/\/www.gentedebasquet.com.ar\/wp-content\/uploads\/2013\/06\/Scola-Cenard-Medios-1.jpg","type":"","width":"","height":""}],"author":"Gente de B\u00e1squet","twitter_card":"summary_large_image","twitter_misc":{"Escrito por":"Gente de B\u00e1squet","Tiempo de lectura":"3 minutos"},"schema":{"@context":"https:\/\/schema.org","@graph":[{"@type":"Article","@id":"https:\/\/gentedebasquet.com.ar\/sitio\/2013\/06\/11\/visitas-de-lujo\/#article","isPartOf":{"@id":"https:\/\/gentedebasquet.com.ar\/sitio\/2013\/06\/11\/visitas-de-lujo\/"},"author":{"name":"Gente de B\u00e1squet","@id":"https:\/\/gentedebasquet.com.ar\/sitio\/#\/schema\/person\/ca0b63bbb977369988a7bbbdc519943a"},"headline":"Visitas de lujo","datePublished":"2013-06-11T00:36:10+00:00","mainEntityOfPage":{"@id":"https:\/\/gentedebasquet.com.ar\/sitio\/2013\/06\/11\/visitas-de-lujo\/"},"wordCount":548,"commentCount":0,"image":{"@id":"https:\/\/gentedebasquet.com.ar\/sitio\/2013\/06\/11\/visitas-de-lujo\/#primaryimage"},"thumbnailUrl":"http:\/\/www.gentedebasquet.com.ar\/wp-content\/uploads\/2013\/06\/Scola-Cenard-Medios-1.jpg","articleSection":["Selecciones Nacionales","U19"],"inLanguage":"es","potentialAction":[{"@type":"CommentAction","name":"Comment","target":["https:\/\/gentedebasquet.com.ar\/sitio\/2013\/06\/11\/visitas-de-lujo\/#respond"]}]},{"@type":"WebPage","@id":"https:\/\/gentedebasquet.com.ar\/sitio\/2013\/06\/11\/visitas-de-lujo\/","url":"https:\/\/gentedebasquet.com.ar\/sitio\/2013\/06\/11\/visitas-de-lujo\/","name":"Visitas de lujo - Gente de B\u00e1squet","isPartOf":{"@id":"https:\/\/gentedebasquet.com.ar\/sitio\/#website"},"primaryImageOfPage":{"@id":"https:\/\/gentedebasquet.com.ar\/sitio\/2013\/06\/11\/visitas-de-lujo\/#primaryimage"},"image":{"@id":"https:\/\/gentedebasquet.com.ar\/sitio\/2013\/06\/11\/visitas-de-lujo\/#primaryimage"},"thumbnailUrl":"http:\/\/www.gentedebasquet.com.ar\/wp-content\/uploads\/2013\/06\/Scola-Cenard-Medios-1.jpg","datePublished":"2013-06-11T00:36:10+00:00","author":{"@id":"https:\/\/gentedebasquet.com.ar\/sitio\/#\/schema\/person\/ca0b63bbb977369988a7bbbdc519943a"},"breadcrumb":{"@id":"https:\/\/gentedebasquet.com.ar\/sitio\/2013\/06\/11\/visitas-de-lujo\/#breadcrumb"},"inLanguage":"es","potentialAction":[{"@type":"ReadAction","target":["https:\/\/gentedebasquet.com.ar\/sitio\/2013\/06\/11\/visitas-de-lujo\/"]}]},{"@type":"ImageObject","inLanguage":"es","@id":"https:\/\/gentedebasquet.com.ar\/sitio\/2013\/06\/11\/visitas-de-lujo\/#primaryimage","url":"http:\/\/www.gentedebasquet.com.ar\/wp-content\/uploads\/2013\/06\/Scola-Cenard-Medios-1.jpg","contentUrl":"http:\/\/www.gentedebasquet.com.ar\/wp-content\/uploads\/2013\/06\/Scola-Cenard-Medios-1.jpg"},{"@type":"BreadcrumbList","@id":"https:\/\/gentedebasquet.com.ar\/sitio\/2013\/06\/11\/visitas-de-lujo\/#breadcrumb","itemListElement":[{"@type":"ListItem","position":1,"name":"Portada","item":"https:\/\/gentedebasquet.com.ar\/sitio\/"},{"@type":"ListItem","position":2,"name":"Visitas de lujo"}]},{"@type":"WebSite","@id":"https:\/\/gentedebasquet.com.ar\/sitio\/#website","url":"https:\/\/gentedebasquet.com.ar\/sitio\/","name":"Gente de B\u00e1squet","description":"La revista del basquet de Bah\u00eda Blanca","potentialAction":[{"@type":"SearchAction","target":{"@type":"EntryPoint","urlTemplate":"https:\/\/gentedebasquet.com.ar\/sitio\/?s={search_term_string}"},"query-input":{"@type":"PropertyValueSpecification","valueRequired":true,"valueName":"search_term_string"}}],"inLanguage":"es"},{"@type":"Person","@id":"https:\/\/gentedebasquet.com.ar\/sitio\/#\/schema\/person\/ca0b63bbb977369988a7bbbdc519943a","name":"Gente de B\u00e1squet","image":{"@type":"ImageObject","inLanguage":"es","@id":"https:\/\/secure.gravatar.com\/avatar\/7f2c48bdc33b30088f941fb6082e555f2874c98e20cb159d7b92b50eadfce793?s=96&d=mm&r=g","url":"https:\/\/secure.gravatar.com\/avatar\/7f2c48bdc33b30088f941fb6082e555f2874c98e20cb159d7b92b50eadfce793?s=96&d=mm&r=g","contentUrl":"https:\/\/secure.gravatar.com\/avatar\/7f2c48bdc33b30088f941fb6082e555f2874c98e20cb159d7b92b50eadfce793?s=96&d=mm&r=g","caption":"Gente de B\u00e1squet"},"sameAs":["http:\/\/gentedebasquet.com.ar\/sitio"],"url":"http:\/\/gentedebasquet.com.ar\/sitio\/author\/ulises\/"}]}},"_links":{"self":[{"href":"http:\/\/gentedebasquet.com.ar\/sitio\/wp-json\/wp\/v2\/posts\/12266","targetHints":{"allow":["GET"]}}],"collection":[{"href":"http:\/\/gentedebasquet.com.ar\/sitio\/wp-json\/wp\/v2\/posts"}],"about":[{"href":"http:\/\/gentedebasquet.com.ar\/sitio\/wp-json\/wp\/v2\/types\/post"}],"author":[{"embeddable":true,"href":"http:\/\/gentedebasquet.com.ar\/sitio\/wp-json\/wp\/v2\/users\/1"}],"replies":[{"embeddable":true,"href":"http:\/\/gentedebasquet.com.ar\/sitio\/wp-json\/wp\/v2\/comments?post=12266"}],"version-history":[{"count":0,"href":"http:\/\/gentedebasquet.com.ar\/sitio\/wp-json\/wp\/v2\/posts\/12266\/revisions"}],"wp:attachment":[{"href":"http:\/\/gentedebasquet.com.ar\/sitio\/wp-json\/wp\/v2\/media?parent=12266"}],"wp:term":[{"taxonomy":"category","embeddable":true,"href":"http:\/\/gentedebasquet.com.ar\/sitio\/wp-json\/wp\/v2\/categories?post=12266"},{"taxonomy":"post_tag","embeddable":true,"href":"http:\/\/gentedebasquet.com.ar\/sitio\/wp-json\/wp\/v2\/tags?post=12266"}],"curies":[{"name":"wp","href":"https:\/\/api.w.org\/{rel}","templated":true}]}}