{"id":12629,"date":"2013-06-19T02:19:59","date_gmt":"2013-06-19T02:19:59","guid":{"rendered":"http:\/\/www.gentedebasquet.com.ar\/?p=12629"},"modified":"2013-06-19T02:19:59","modified_gmt":"2013-06-19T02:19:59","slug":"triunfo-de-primera","status":"publish","type":"post","link":"http:\/\/gentedebasquet.com.ar\/sitio\/2013\/06\/19\/triunfo-de-primera\/","title":{"rendered":"Triunfo de primera"},"content":{"rendered":"<p><strong><em><a href=\"http:\/\/www.gentedebasquet.com.ar\/wp-content\/uploads\/2013\/06\/IMG00402-20130618-2135.jpg\"><img decoding=\"async\" class=\"alignnone size-full wp-image-12630\" src=\"http:\/\/www.gentedebasquet.com.ar\/wp-content\/uploads\/2013\/06\/IMG00402-20130618-2135.jpg\" alt=\"\" width=\"448\" height=\"336\" \/><\/a>Independiente derrot\u00f3 a Sportivo Bahiense en el Hermanos Barral por 92 a 69. Luego de un buen comienzo, supo sacar diferencia y mantenerla, terminando de agrandarla en el \u00faltimo per\u00edodo. La clave del encuentro fueron los triples en donde contabiliz\u00f3 13 contra 3 de su rival. El m\u00e1ximo anotador fue Javier Musumeci con 22 puntos y 4 rebotes, mientras que en la visita se destac\u00f3 Lucas Santarelli con 17 tantos y 10 recobres.<\/em><\/strong><\/p>\n<p><!--more--><\/p>\n<p>El primer cuarto result\u00f3 por dem\u00e1s igualado. Sportivo comenz\u00f3 con mayor presi\u00f3n ofensiva, ganado rebotes en ataque, de la mano de Lucas Santarelli. Sin embargo, Musumeci y Lella con sendos triples, acortaban el marcador y Javier, con otra bomba, colocaba el 14-12. Asnagui lo pas\u00f3 a ganar con otro tiro de larga distancia (\u00fanico de Sportivo hasta el \u00faltimo per\u00edodo) y Lella volvi\u00f3 a contestar. As\u00ed, se mantuvieron igualados hasta que Massa y Montanaro con dobles, estiraron la diferencia a cuatro, provocando el minuto de Dobal. De esta forma, Sportivo solo pudo acortar diferencias desde la l\u00ednea y el per\u00edodo se cerr\u00f3 25-22 en favor del local.<\/p>\n<p>En el segundo cuarto, Independiente mantuvo la diferencia y Lella con el triple coloc\u00f3 el 30-25. Ofensivamente estuvo mejor el local y Sportivo comenz\u00f3 a sufrir varios errores, aunque sumaba desde la l\u00ednea ya que los de Palumbo se cargaron con faltas, como es el caso de Montanaro que r\u00e1pidamente lleg\u00f3 a tres. Asnaghi tambi\u00e9n se comprometi\u00f3 con infracciones y Dobal pidi\u00f3 minuto. En el regreso, Gendana hizo su presentaci\u00f3n con una bombas y sac\u00f3 10 de luz (40-30) Sportivo no encontr\u00f3 la soluci\u00f3n y se qued\u00f3 solo con los puntos realizados en el poste bajo, donde gan\u00f3. De esta forma, El Viola se fue al descanso arriba por diez, 48 a 38.<\/p>\n<p>El segundo tiempo empez\u00f3 con un r\u00e1pido parcial de 5-0 en favor del local que estuvo mejor y aprovech\u00f3 las fallas en la visita. Nuevamente gan\u00f3 en el juego a\u00e9reo de la mano de Bert\u00f3n, que adem\u00e1s de sus 7 puntos en el per\u00edodo, colabor\u00f3 con 6 rebotes, dos de ellos ofensivos. Lo mejor de Sportivo se resumi\u00f3 en los 4 puntos de Tuero e Independiente sac\u00f3 20 de diferencia. Sin embargo, el per\u00edodo finaliz\u00f3 70 a 52.<\/p>\n<p>En el \u00faltimo cuarto, Sportivo, ayudado por su gente, lo fue a buscar. Con un parcial de 12-5 que coron\u00f3 con el triple clave de Iriarte, provoc\u00f3 el minuto de Palumbo. Independiente fue impreciso y la visita comenz\u00f3 a intentar descontar en el marcador. Pero cuando parec\u00eda que pod\u00eda haber alguna sorpresa, comenzaron los errores y Montanaro (que volvi\u00f3 despu\u00e9s de haber salido en el segundo cuarto) convirti\u00f3 tres triples consecutivos, que fueron contestados por una boc\u00e7mba de Sanhueza y otra de C\u00e9sar Massa en el final, que cerr\u00f3 el partido y la victoria de Independiente sobre Sportivo, 92 a 69.<\/p>\n<p><strong><span style=\"text-decoration: underline\">S\u00edntesis<\/span><\/strong>:<\/p>\n<p><strong>Independiente (92)<\/strong>:<\/p>\n<p>Iniciales: Bert\u00f3n, Maximiliano (15); Musumeci, Javier (22); Lella, Dalmiro (11); Massa, C\u00e9sar (17); Montanaro, Mauro (11)<\/p>\n<p>Ingresaron: Reschini, Juan Cruz (4); De la Torre, Gabriel (3) Gendana, Fabi\u00e1n (9)<\/p>\n<p>DT: Palumbo, Juan Sergio<\/p>\n<p><strong>Sportivo Bahiense (69)<\/strong>:<\/p>\n<p>Iniciales: Santarelli, Lucas (17); Antonelli, Nicol\u00e1s (8); Tuero, Joaqu\u00edn (13); Mart\u00ednez, Nicol\u00e1s (6); Asnaghi, Yoel (4)<\/p>\n<p>Ingresaron: Santarelli, Tom\u00e1s (7); Hammerschmidt, Axel (2); Iriarte, Ferm\u00edn (7); Sanhueza, Lucas (7).<\/p>\n<p>DT: Dobal, Juan Manuel<\/p>\n<p><strong>Cuartos<\/strong>: 25-2; 48-38; 70-52<\/p>\n<p><strong>5 Faltas<\/strong>: Yoel Asnaghi<\/p>\n<p><strong>\u00c1rbitros<\/strong>: Schernenco, N\u00e9stor \u2013 Garate, Mat\u00edas<\/p>\n<p><strong>Estadio<\/strong>: Hermanos Barral<\/p>\n<p><a class=\"modalf iframe\" title=\"Planilla\" href=\"https:\/\/docs.google.com\/spreadsheet\/pub?key=0AmQ4w9i2HKVQdF9IOGRmVFI1SGJ5aXFsR25oSkk1MlE&amp;single=true&amp;gid=0&amp;output=html\">Ver Planilla<\/a><\/p>\n","protected":false},"excerpt":{"rendered":"<p>Independiente derrot\u00f3 a Sportivo Bahiense en el Hermanos Barral por 92 a 69. Luego de un buen comienzo, supo sacar diferencia y mantenerla, terminando de agrandarla en el \u00faltimo per\u00edodo. La clave del encuentro fueron los triples en donde contabiliz\u00f3 13 contra 3 de su rival. El m\u00e1ximo anotador fue Javier Musumeci con 22 puntos [&hellip;]<\/p>\n","protected":false},"author":10,"featured_media":0,"comment_status":"open","ping_status":"open","sticky":false,"template":"","format":"standard","meta":{"jnews-multi-image_gallery":[],"jnews_single_post":[],"jnews_primary_category":[],"footnotes":""},"categories":[25],"tags":[12,20],"class_list":["post-12629","post","type-post","status-publish","format-standard","hentry","category-segunda","tag-independiente","tag-sportivo-bahiense"],"yoast_head":"<!-- This site is optimized with the Yoast SEO plugin v27.5 - https:\/\/yoast.com\/product\/yoast-seo-wordpress\/ -->\n<title>Triunfo de primera - Gente de B\u00e1squet<\/title>\n<meta name=\"robots\" content=\"index, follow, max-snippet:-1, max-image-preview:large, max-video-preview:-1\" \/>\n<link rel=\"canonical\" href=\"https:\/\/gentedebasquet.com.ar\/sitio\/2013\/06\/19\/triunfo-de-primera\/\" \/>\n<meta property=\"og:locale\" content=\"es_ES\" \/>\n<meta property=\"og:type\" content=\"article\" \/>\n<meta property=\"og:title\" content=\"Triunfo de primera - Gente de B\u00e1squet\" \/>\n<meta property=\"og:description\" content=\"Independiente derrot\u00f3 a Sportivo Bahiense en el Hermanos Barral por 92 a 69. Luego de un buen comienzo, supo sacar diferencia y mantenerla, terminando de agrandarla en el \u00faltimo per\u00edodo. La clave del encuentro fueron los triples en donde contabiliz\u00f3 13 contra 3 de su rival. El m\u00e1ximo anotador fue Javier Musumeci con 22 puntos [&hellip;]\" \/>\n<meta property=\"og:url\" content=\"https:\/\/gentedebasquet.com.ar\/sitio\/2013\/06\/19\/triunfo-de-primera\/\" \/>\n<meta property=\"og:site_name\" content=\"Gente de B\u00e1squet\" \/>\n<meta property=\"article:published_time\" content=\"2013-06-19T02:19:59+00:00\" \/>\n<meta property=\"og:image\" content=\"http:\/\/www.gentedebasquet.com.ar\/wp-content\/uploads\/2013\/06\/IMG00402-20130618-2135.jpg\" \/>\n<meta name=\"author\" content=\"Emiliano Roza\" \/>\n<meta name=\"twitter:card\" content=\"summary_large_image\" \/>\n<meta name=\"twitter:label1\" content=\"Escrito por\" \/>\n\t<meta name=\"twitter:data1\" content=\"Emiliano Roza\" \/>\n\t<meta name=\"twitter:label2\" content=\"Tiempo de lectura\" \/>\n\t<meta name=\"twitter:data2\" content=\"3 minutos\" \/>\n<script type=\"application\/ld+json\" class=\"yoast-schema-graph\">{\"@context\":\"https:\\\/\\\/schema.org\",\"@graph\":[{\"@type\":\"Article\",\"@id\":\"https:\\\/\\\/gentedebasquet.com.ar\\\/sitio\\\/2013\\\/06\\\/19\\\/triunfo-de-primera\\\/#article\",\"isPartOf\":{\"@id\":\"https:\\\/\\\/gentedebasquet.com.ar\\\/sitio\\\/2013\\\/06\\\/19\\\/triunfo-de-primera\\\/\"},\"author\":{\"name\":\"Emiliano Roza\",\"@id\":\"https:\\\/\\\/gentedebasquet.com.ar\\\/sitio\\\/#\\\/schema\\\/person\\\/745db2a44dc7729cfc1c6faaa16d895b\"},\"headline\":\"Triunfo de primera\",\"datePublished\":\"2013-06-19T02:19:59+00:00\",\"mainEntityOfPage\":{\"@id\":\"https:\\\/\\\/gentedebasquet.com.ar\\\/sitio\\\/2013\\\/06\\\/19\\\/triunfo-de-primera\\\/\"},\"wordCount\":561,\"commentCount\":0,\"image\":{\"@id\":\"https:\\\/\\\/gentedebasquet.com.ar\\\/sitio\\\/2013\\\/06\\\/19\\\/triunfo-de-primera\\\/#primaryimage\"},\"thumbnailUrl\":\"http:\\\/\\\/www.gentedebasquet.com.ar\\\/wp-content\\\/uploads\\\/2013\\\/06\\\/IMG00402-20130618-2135.jpg\",\"keywords\":[\"independiente\",\"Sportivo Bahiense\"],\"articleSection\":[\"Segunda\"],\"inLanguage\":\"es\",\"potentialAction\":[{\"@type\":\"CommentAction\",\"name\":\"Comment\",\"target\":[\"https:\\\/\\\/gentedebasquet.com.ar\\\/sitio\\\/2013\\\/06\\\/19\\\/triunfo-de-primera\\\/#respond\"]}]},{\"@type\":\"WebPage\",\"@id\":\"https:\\\/\\\/gentedebasquet.com.ar\\\/sitio\\\/2013\\\/06\\\/19\\\/triunfo-de-primera\\\/\",\"url\":\"https:\\\/\\\/gentedebasquet.com.ar\\\/sitio\\\/2013\\\/06\\\/19\\\/triunfo-de-primera\\\/\",\"name\":\"Triunfo de primera - Gente de B\u00e1squet\",\"isPartOf\":{\"@id\":\"https:\\\/\\\/gentedebasquet.com.ar\\\/sitio\\\/#website\"},\"primaryImageOfPage\":{\"@id\":\"https:\\\/\\\/gentedebasquet.com.ar\\\/sitio\\\/2013\\\/06\\\/19\\\/triunfo-de-primera\\\/#primaryimage\"},\"image\":{\"@id\":\"https:\\\/\\\/gentedebasquet.com.ar\\\/sitio\\\/2013\\\/06\\\/19\\\/triunfo-de-primera\\\/#primaryimage\"},\"thumbnailUrl\":\"http:\\\/\\\/www.gentedebasquet.com.ar\\\/wp-content\\\/uploads\\\/2013\\\/06\\\/IMG00402-20130618-2135.jpg\",\"datePublished\":\"2013-06-19T02:19:59+00:00\",\"author\":{\"@id\":\"https:\\\/\\\/gentedebasquet.com.ar\\\/sitio\\\/#\\\/schema\\\/person\\\/745db2a44dc7729cfc1c6faaa16d895b\"},\"breadcrumb\":{\"@id\":\"https:\\\/\\\/gentedebasquet.com.ar\\\/sitio\\\/2013\\\/06\\\/19\\\/triunfo-de-primera\\\/#breadcrumb\"},\"inLanguage\":\"es\",\"potentialAction\":[{\"@type\":\"ReadAction\",\"target\":[\"https:\\\/\\\/gentedebasquet.com.ar\\\/sitio\\\/2013\\\/06\\\/19\\\/triunfo-de-primera\\\/\"]}]},{\"@type\":\"ImageObject\",\"inLanguage\":\"es\",\"@id\":\"https:\\\/\\\/gentedebasquet.com.ar\\\/sitio\\\/2013\\\/06\\\/19\\\/triunfo-de-primera\\\/#primaryimage\",\"url\":\"http:\\\/\\\/www.gentedebasquet.com.ar\\\/wp-content\\\/uploads\\\/2013\\\/06\\\/IMG00402-20130618-2135.jpg\",\"contentUrl\":\"http:\\\/\\\/www.gentedebasquet.com.ar\\\/wp-content\\\/uploads\\\/2013\\\/06\\\/IMG00402-20130618-2135.jpg\"},{\"@type\":\"BreadcrumbList\",\"@id\":\"https:\\\/\\\/gentedebasquet.com.ar\\\/sitio\\\/2013\\\/06\\\/19\\\/triunfo-de-primera\\\/#breadcrumb\",\"itemListElement\":[{\"@type\":\"ListItem\",\"position\":1,\"name\":\"Portada\",\"item\":\"https:\\\/\\\/gentedebasquet.com.ar\\\/sitio\\\/\"},{\"@type\":\"ListItem\",\"position\":2,\"name\":\"Triunfo de primera\"}]},{\"@type\":\"WebSite\",\"@id\":\"https:\\\/\\\/gentedebasquet.com.ar\\\/sitio\\\/#website\",\"url\":\"https:\\\/\\\/gentedebasquet.com.ar\\\/sitio\\\/\",\"name\":\"Gente de B\u00e1squet\",\"description\":\"La revista del basquet de Bah\u00eda Blanca\",\"potentialAction\":[{\"@type\":\"SearchAction\",\"target\":{\"@type\":\"EntryPoint\",\"urlTemplate\":\"https:\\\/\\\/gentedebasquet.com.ar\\\/sitio\\\/?s={search_term_string}\"},\"query-input\":{\"@type\":\"PropertyValueSpecification\",\"valueRequired\":true,\"valueName\":\"search_term_string\"}}],\"inLanguage\":\"es\"},{\"@type\":\"Person\",\"@id\":\"https:\\\/\\\/gentedebasquet.com.ar\\\/sitio\\\/#\\\/schema\\\/person\\\/745db2a44dc7729cfc1c6faaa16d895b\",\"name\":\"Emiliano Roza\",\"image\":{\"@type\":\"ImageObject\",\"inLanguage\":\"es\",\"@id\":\"https:\\\/\\\/secure.gravatar.com\\\/avatar\\\/04256ceef48211167df8402e69580be023beb74ca857078daaf21e35d6076e03?s=96&d=mm&r=g\",\"url\":\"https:\\\/\\\/secure.gravatar.com\\\/avatar\\\/04256ceef48211167df8402e69580be023beb74ca857078daaf21e35d6076e03?s=96&d=mm&r=g\",\"contentUrl\":\"https:\\\/\\\/secure.gravatar.com\\\/avatar\\\/04256ceef48211167df8402e69580be023beb74ca857078daaf21e35d6076e03?s=96&d=mm&r=g\",\"caption\":\"Emiliano Roza\"},\"url\":\"http:\\\/\\\/gentedebasquet.com.ar\\\/sitio\\\/author\\\/emilianor\\\/\"}]}<\/script>\n<!-- \/ Yoast SEO plugin. -->","yoast_head_json":{"title":"Triunfo de primera - Gente de B\u00e1squet","robots":{"index":"index","follow":"follow","max-snippet":"max-snippet:-1","max-image-preview":"max-image-preview:large","max-video-preview":"max-video-preview:-1"},"canonical":"https:\/\/gentedebasquet.com.ar\/sitio\/2013\/06\/19\/triunfo-de-primera\/","og_locale":"es_ES","og_type":"article","og_title":"Triunfo de primera - Gente de B\u00e1squet","og_description":"Independiente derrot\u00f3 a Sportivo Bahiense en el Hermanos Barral por 92 a 69. Luego de un buen comienzo, supo sacar diferencia y mantenerla, terminando de agrandarla en el \u00faltimo per\u00edodo. La clave del encuentro fueron los triples en donde contabiliz\u00f3 13 contra 3 de su rival. El m\u00e1ximo anotador fue Javier Musumeci con 22 puntos [&hellip;]","og_url":"https:\/\/gentedebasquet.com.ar\/sitio\/2013\/06\/19\/triunfo-de-primera\/","og_site_name":"Gente de B\u00e1squet","article_published_time":"2013-06-19T02:19:59+00:00","og_image":[{"url":"http:\/\/www.gentedebasquet.com.ar\/wp-content\/uploads\/2013\/06\/IMG00402-20130618-2135.jpg","type":"","width":"","height":""}],"author":"Emiliano Roza","twitter_card":"summary_large_image","twitter_misc":{"Escrito por":"Emiliano Roza","Tiempo de lectura":"3 minutos"},"schema":{"@context":"https:\/\/schema.org","@graph":[{"@type":"Article","@id":"https:\/\/gentedebasquet.com.ar\/sitio\/2013\/06\/19\/triunfo-de-primera\/#article","isPartOf":{"@id":"https:\/\/gentedebasquet.com.ar\/sitio\/2013\/06\/19\/triunfo-de-primera\/"},"author":{"name":"Emiliano Roza","@id":"https:\/\/gentedebasquet.com.ar\/sitio\/#\/schema\/person\/745db2a44dc7729cfc1c6faaa16d895b"},"headline":"Triunfo de primera","datePublished":"2013-06-19T02:19:59+00:00","mainEntityOfPage":{"@id":"https:\/\/gentedebasquet.com.ar\/sitio\/2013\/06\/19\/triunfo-de-primera\/"},"wordCount":561,"commentCount":0,"image":{"@id":"https:\/\/gentedebasquet.com.ar\/sitio\/2013\/06\/19\/triunfo-de-primera\/#primaryimage"},"thumbnailUrl":"http:\/\/www.gentedebasquet.com.ar\/wp-content\/uploads\/2013\/06\/IMG00402-20130618-2135.jpg","keywords":["independiente","Sportivo Bahiense"],"articleSection":["Segunda"],"inLanguage":"es","potentialAction":[{"@type":"CommentAction","name":"Comment","target":["https:\/\/gentedebasquet.com.ar\/sitio\/2013\/06\/19\/triunfo-de-primera\/#respond"]}]},{"@type":"WebPage","@id":"https:\/\/gentedebasquet.com.ar\/sitio\/2013\/06\/19\/triunfo-de-primera\/","url":"https:\/\/gentedebasquet.com.ar\/sitio\/2013\/06\/19\/triunfo-de-primera\/","name":"Triunfo de primera - Gente de B\u00e1squet","isPartOf":{"@id":"https:\/\/gentedebasquet.com.ar\/sitio\/#website"},"primaryImageOfPage":{"@id":"https:\/\/gentedebasquet.com.ar\/sitio\/2013\/06\/19\/triunfo-de-primera\/#primaryimage"},"image":{"@id":"https:\/\/gentedebasquet.com.ar\/sitio\/2013\/06\/19\/triunfo-de-primera\/#primaryimage"},"thumbnailUrl":"http:\/\/www.gentedebasquet.com.ar\/wp-content\/uploads\/2013\/06\/IMG00402-20130618-2135.jpg","datePublished":"2013-06-19T02:19:59+00:00","author":{"@id":"https:\/\/gentedebasquet.com.ar\/sitio\/#\/schema\/person\/745db2a44dc7729cfc1c6faaa16d895b"},"breadcrumb":{"@id":"https:\/\/gentedebasquet.com.ar\/sitio\/2013\/06\/19\/triunfo-de-primera\/#breadcrumb"},"inLanguage":"es","potentialAction":[{"@type":"ReadAction","target":["https:\/\/gentedebasquet.com.ar\/sitio\/2013\/06\/19\/triunfo-de-primera\/"]}]},{"@type":"ImageObject","inLanguage":"es","@id":"https:\/\/gentedebasquet.com.ar\/sitio\/2013\/06\/19\/triunfo-de-primera\/#primaryimage","url":"http:\/\/www.gentedebasquet.com.ar\/wp-content\/uploads\/2013\/06\/IMG00402-20130618-2135.jpg","contentUrl":"http:\/\/www.gentedebasquet.com.ar\/wp-content\/uploads\/2013\/06\/IMG00402-20130618-2135.jpg"},{"@type":"BreadcrumbList","@id":"https:\/\/gentedebasquet.com.ar\/sitio\/2013\/06\/19\/triunfo-de-primera\/#breadcrumb","itemListElement":[{"@type":"ListItem","position":1,"name":"Portada","item":"https:\/\/gentedebasquet.com.ar\/sitio\/"},{"@type":"ListItem","position":2,"name":"Triunfo de primera"}]},{"@type":"WebSite","@id":"https:\/\/gentedebasquet.com.ar\/sitio\/#website","url":"https:\/\/gentedebasquet.com.ar\/sitio\/","name":"Gente de B\u00e1squet","description":"La revista del basquet de Bah\u00eda Blanca","potentialAction":[{"@type":"SearchAction","target":{"@type":"EntryPoint","urlTemplate":"https:\/\/gentedebasquet.com.ar\/sitio\/?s={search_term_string}"},"query-input":{"@type":"PropertyValueSpecification","valueRequired":true,"valueName":"search_term_string"}}],"inLanguage":"es"},{"@type":"Person","@id":"https:\/\/gentedebasquet.com.ar\/sitio\/#\/schema\/person\/745db2a44dc7729cfc1c6faaa16d895b","name":"Emiliano Roza","image":{"@type":"ImageObject","inLanguage":"es","@id":"https:\/\/secure.gravatar.com\/avatar\/04256ceef48211167df8402e69580be023beb74ca857078daaf21e35d6076e03?s=96&d=mm&r=g","url":"https:\/\/secure.gravatar.com\/avatar\/04256ceef48211167df8402e69580be023beb74ca857078daaf21e35d6076e03?s=96&d=mm&r=g","contentUrl":"https:\/\/secure.gravatar.com\/avatar\/04256ceef48211167df8402e69580be023beb74ca857078daaf21e35d6076e03?s=96&d=mm&r=g","caption":"Emiliano Roza"},"url":"http:\/\/gentedebasquet.com.ar\/sitio\/author\/emilianor\/"}]}},"_links":{"self":[{"href":"http:\/\/gentedebasquet.com.ar\/sitio\/wp-json\/wp\/v2\/posts\/12629","targetHints":{"allow":["GET"]}}],"collection":[{"href":"http:\/\/gentedebasquet.com.ar\/sitio\/wp-json\/wp\/v2\/posts"}],"about":[{"href":"http:\/\/gentedebasquet.com.ar\/sitio\/wp-json\/wp\/v2\/types\/post"}],"author":[{"embeddable":true,"href":"http:\/\/gentedebasquet.com.ar\/sitio\/wp-json\/wp\/v2\/users\/10"}],"replies":[{"embeddable":true,"href":"http:\/\/gentedebasquet.com.ar\/sitio\/wp-json\/wp\/v2\/comments?post=12629"}],"version-history":[{"count":0,"href":"http:\/\/gentedebasquet.com.ar\/sitio\/wp-json\/wp\/v2\/posts\/12629\/revisions"}],"wp:attachment":[{"href":"http:\/\/gentedebasquet.com.ar\/sitio\/wp-json\/wp\/v2\/media?parent=12629"}],"wp:term":[{"taxonomy":"category","embeddable":true,"href":"http:\/\/gentedebasquet.com.ar\/sitio\/wp-json\/wp\/v2\/categories?post=12629"},{"taxonomy":"post_tag","embeddable":true,"href":"http:\/\/gentedebasquet.com.ar\/sitio\/wp-json\/wp\/v2\/tags?post=12629"}],"curies":[{"name":"wp","href":"https:\/\/api.w.org\/{rel}","templated":true}]}}