{"id":21856,"date":"2014-02-03T03:14:28","date_gmt":"2014-02-03T03:14:28","guid":{"rendered":"http:\/\/www.gentedebasquet.com.ar\/?p=21856"},"modified":"2014-02-03T03:14:28","modified_gmt":"2014-02-03T03:14:28","slug":"al-menos-mejoro-la-imagen","status":"publish","type":"post","link":"http:\/\/gentedebasquet.com.ar\/sitio\/2014\/02\/03\/al-menos-mejoro-la-imagen\/","title":{"rendered":"Al menos mejor\u00f3 la imagen"},"content":{"rendered":"<p><em><strong>Bah\u00eda Basket le hizo partido a Libertad en Sunchales, aunque termin\u00f3 cayendo 81 a 73. Con pocos minutos de Rasio (10 puntos) por un problema estomacal, Gerbaudo (15) y Redivo (13) fueron los mejores en el visitante. McNeil, que tuvo su mejor juego de la temporada, termin\u00f3 con 9 unidades.\u00a0<!--more--><\/strong><\/em><\/p>\n<p><span style=\"color: #ffcc99;\">.<\/span><\/p>\n<p><span style=\"text-decoration: underline;\"><em><strong>S\u00edntesis:<\/strong><\/em><\/span><\/p>\n<p><strong>Libertad 81:<\/strong><\/p>\n<p>Iniciales: Diego Ciorciari (4), Diego Garc\u00eda (13), William Graves (13), Dego Lo Grippo (11) y Hakeem Rollins (12).<\/p>\n<p>Ingresaron: Emiliano Correa (0), Juan Fern\u00e1ndez Ch\u00e1vez (16), Jos\u00e9 Vildoza (0), Jonatan Slider (2), Pablo Barrios (3) y Alejandro Alloatti (7).<\/p>\n<p>DT: Fernando Duro.<\/p>\n<p><strong>Bah\u00eda Basket 73:\u00a0<\/strong><\/p>\n<p>Iniciales: Diego Gerbaudo (15), Mat\u00edas Nocedal (7), Franco Amigo (3), Ivory Clark (5) y Maurce McNeil(9).<\/p>\n<p>Ingresaron: Gonzalo Mart\u00ednez (3), Mateo Gaynor (0), Lisandro Rasio (10), Lucio Redivo (13), Gast\u00f3n Whelan (2) y Agust\u00edn Ambrosino (6).<\/p>\n<p>DT: Sebasti\u00e1n Gin\u00f3bili.<\/p>\n<p><span style=\"color: #ffcc99;\"><strong>.<\/strong><\/span><\/p>\n<p><strong>Cuartos:\u00a0<\/strong>Libertad 23-13, 40-35 (17-22), 63-54 (23-19) y 81-73 (18-19).<\/p>\n<p><strong>Cinco Faltas:\u00a0<\/strong>nadie lleg\u00f3 al l\u00edmite.<\/p>\n<p><strong>\u00c1rbitros:\u00a0<\/strong>Juan Fern\u00e1ndez y Jorge Ch\u00e1vez.<\/p>\n<p><strong>Estadio: <\/strong>El hogar de los tigres, Sunchales.<\/p>\n<p><a href=\"http:\/\/www.lnb.com.ar\/page\/partido\/nro\/238\" target=\"_blank\" rel=\"noopener\"><span style=\"color: #0000ff;\"><strong>ESTAD\u00cdSTICAS OFICIALES<\/strong><\/span><\/a><\/p>\n<p><strong>Fuente:<\/strong> LNB.com<\/p>\n<p><strong>Foto: <\/strong>Ligate una Foto.<\/p>\n","protected":false},"excerpt":{"rendered":"<p>Bah\u00eda Basket le hizo partido a Libertad en Sunchales, aunque termin\u00f3 cayendo 81 a 73. Con pocos minutos de Rasio (10 puntos) por un problema estomacal, Gerbaudo (15) y Redivo (13) fueron los mejores en el visitante. McNeil, que tuvo su mejor juego de la temporada, termin\u00f3 con 9 unidades.\u00a0<\/p>\n","protected":false},"author":1,"featured_media":25495,"comment_status":"open","ping_status":"open","sticky":false,"template":"","format":"standard","meta":{"jnews-multi-image_gallery":[],"jnews_single_post":[],"jnews_primary_category":[],"footnotes":""},"categories":[57],"tags":[58],"class_list":["post-21856","post","type-post","status-publish","format-standard","has-post-thumbnail","hentry","category-bahia-basket","tag-bahiabasket"],"yoast_head":"<!-- This site is optimized with the Yoast SEO plugin v27.5 - https:\/\/yoast.com\/product\/yoast-seo-wordpress\/ -->\n<title>Al menos mejor\u00f3 la imagen - Gente de B\u00e1squet<\/title>\n<meta name=\"robots\" content=\"index, follow, max-snippet:-1, max-image-preview:large, max-video-preview:-1\" \/>\n<link rel=\"canonical\" href=\"https:\/\/gentedebasquet.com.ar\/sitio\/2014\/02\/03\/al-menos-mejoro-la-imagen\/\" \/>\n<meta property=\"og:locale\" content=\"es_ES\" \/>\n<meta property=\"og:type\" content=\"article\" \/>\n<meta property=\"og:title\" content=\"Al menos mejor\u00f3 la imagen - Gente de B\u00e1squet\" \/>\n<meta property=\"og:description\" content=\"Bah\u00eda Basket le hizo partido a Libertad en Sunchales, aunque termin\u00f3 cayendo 81 a 73. Con pocos minutos de Rasio (10 puntos) por un problema estomacal, Gerbaudo (15) y Redivo (13) fueron los mejores en el visitante. McNeil, que tuvo su mejor juego de la temporada, termin\u00f3 con 9 unidades.\u00a0\" \/>\n<meta property=\"og:url\" content=\"https:\/\/gentedebasquet.com.ar\/sitio\/2014\/02\/03\/al-menos-mejoro-la-imagen\/\" \/>\n<meta property=\"og:site_name\" content=\"Gente de B\u00e1squet\" \/>\n<meta property=\"article:published_time\" content=\"2014-02-03T03:14:28+00:00\" \/>\n<meta property=\"og:image\" content=\"https:\/\/gentedebasquet.com.ar\/sitio\/wp-content\/uploads\/2014\/02\/vs-Libertad.jpg\" \/>\n\t<meta property=\"og:image:width\" content=\"300\" \/>\n\t<meta property=\"og:image:height\" content=\"225\" \/>\n\t<meta property=\"og:image:type\" content=\"image\/jpeg\" \/>\n<meta name=\"author\" content=\"Gente de B\u00e1squet\" \/>\n<meta name=\"twitter:card\" content=\"summary_large_image\" \/>\n<meta name=\"twitter:label1\" content=\"Escrito por\" \/>\n\t<meta name=\"twitter:data1\" content=\"Gente de B\u00e1squet\" \/>\n\t<meta name=\"twitter:label2\" content=\"Tiempo de lectura\" \/>\n\t<meta name=\"twitter:data2\" content=\"1 minuto\" \/>\n<script type=\"application\/ld+json\" class=\"yoast-schema-graph\">{\"@context\":\"https:\\\/\\\/schema.org\",\"@graph\":[{\"@type\":\"Article\",\"@id\":\"https:\\\/\\\/gentedebasquet.com.ar\\\/sitio\\\/2014\\\/02\\\/03\\\/al-menos-mejoro-la-imagen\\\/#article\",\"isPartOf\":{\"@id\":\"https:\\\/\\\/gentedebasquet.com.ar\\\/sitio\\\/2014\\\/02\\\/03\\\/al-menos-mejoro-la-imagen\\\/\"},\"author\":{\"name\":\"Gente de B\u00e1squet\",\"@id\":\"https:\\\/\\\/gentedebasquet.com.ar\\\/sitio\\\/#\\\/schema\\\/person\\\/ca0b63bbb977369988a7bbbdc519943a\"},\"headline\":\"Al menos mejor\u00f3 la imagen\",\"datePublished\":\"2014-02-03T03:14:28+00:00\",\"mainEntityOfPage\":{\"@id\":\"https:\\\/\\\/gentedebasquet.com.ar\\\/sitio\\\/2014\\\/02\\\/03\\\/al-menos-mejoro-la-imagen\\\/\"},\"wordCount\":167,\"commentCount\":0,\"image\":{\"@id\":\"https:\\\/\\\/gentedebasquet.com.ar\\\/sitio\\\/2014\\\/02\\\/03\\\/al-menos-mejoro-la-imagen\\\/#primaryimage\"},\"thumbnailUrl\":\"http:\\\/\\\/gentedebasquet.com.ar\\\/sitio\\\/wp-content\\\/uploads\\\/2014\\\/02\\\/vs-Libertad.jpg\",\"keywords\":[\"Bah\u00eda Basket\"],\"articleSection\":[\"Bah\u00eda Basket\"],\"inLanguage\":\"es\",\"potentialAction\":[{\"@type\":\"CommentAction\",\"name\":\"Comment\",\"target\":[\"https:\\\/\\\/gentedebasquet.com.ar\\\/sitio\\\/2014\\\/02\\\/03\\\/al-menos-mejoro-la-imagen\\\/#respond\"]}]},{\"@type\":\"WebPage\",\"@id\":\"https:\\\/\\\/gentedebasquet.com.ar\\\/sitio\\\/2014\\\/02\\\/03\\\/al-menos-mejoro-la-imagen\\\/\",\"url\":\"https:\\\/\\\/gentedebasquet.com.ar\\\/sitio\\\/2014\\\/02\\\/03\\\/al-menos-mejoro-la-imagen\\\/\",\"name\":\"Al menos mejor\u00f3 la imagen - Gente de B\u00e1squet\",\"isPartOf\":{\"@id\":\"https:\\\/\\\/gentedebasquet.com.ar\\\/sitio\\\/#website\"},\"primaryImageOfPage\":{\"@id\":\"https:\\\/\\\/gentedebasquet.com.ar\\\/sitio\\\/2014\\\/02\\\/03\\\/al-menos-mejoro-la-imagen\\\/#primaryimage\"},\"image\":{\"@id\":\"https:\\\/\\\/gentedebasquet.com.ar\\\/sitio\\\/2014\\\/02\\\/03\\\/al-menos-mejoro-la-imagen\\\/#primaryimage\"},\"thumbnailUrl\":\"http:\\\/\\\/gentedebasquet.com.ar\\\/sitio\\\/wp-content\\\/uploads\\\/2014\\\/02\\\/vs-Libertad.jpg\",\"datePublished\":\"2014-02-03T03:14:28+00:00\",\"author\":{\"@id\":\"https:\\\/\\\/gentedebasquet.com.ar\\\/sitio\\\/#\\\/schema\\\/person\\\/ca0b63bbb977369988a7bbbdc519943a\"},\"breadcrumb\":{\"@id\":\"https:\\\/\\\/gentedebasquet.com.ar\\\/sitio\\\/2014\\\/02\\\/03\\\/al-menos-mejoro-la-imagen\\\/#breadcrumb\"},\"inLanguage\":\"es\",\"potentialAction\":[{\"@type\":\"ReadAction\",\"target\":[\"https:\\\/\\\/gentedebasquet.com.ar\\\/sitio\\\/2014\\\/02\\\/03\\\/al-menos-mejoro-la-imagen\\\/\"]}]},{\"@type\":\"ImageObject\",\"inLanguage\":\"es\",\"@id\":\"https:\\\/\\\/gentedebasquet.com.ar\\\/sitio\\\/2014\\\/02\\\/03\\\/al-menos-mejoro-la-imagen\\\/#primaryimage\",\"url\":\"http:\\\/\\\/gentedebasquet.com.ar\\\/sitio\\\/wp-content\\\/uploads\\\/2014\\\/02\\\/vs-Libertad.jpg\",\"contentUrl\":\"http:\\\/\\\/gentedebasquet.com.ar\\\/sitio\\\/wp-content\\\/uploads\\\/2014\\\/02\\\/vs-Libertad.jpg\",\"width\":300,\"height\":225},{\"@type\":\"BreadcrumbList\",\"@id\":\"https:\\\/\\\/gentedebasquet.com.ar\\\/sitio\\\/2014\\\/02\\\/03\\\/al-menos-mejoro-la-imagen\\\/#breadcrumb\",\"itemListElement\":[{\"@type\":\"ListItem\",\"position\":1,\"name\":\"Portada\",\"item\":\"https:\\\/\\\/gentedebasquet.com.ar\\\/sitio\\\/\"},{\"@type\":\"ListItem\",\"position\":2,\"name\":\"Al menos mejor\u00f3 la imagen\"}]},{\"@type\":\"WebSite\",\"@id\":\"https:\\\/\\\/gentedebasquet.com.ar\\\/sitio\\\/#website\",\"url\":\"https:\\\/\\\/gentedebasquet.com.ar\\\/sitio\\\/\",\"name\":\"Gente de B\u00e1squet\",\"description\":\"La revista del basquet de Bah\u00eda Blanca\",\"potentialAction\":[{\"@type\":\"SearchAction\",\"target\":{\"@type\":\"EntryPoint\",\"urlTemplate\":\"https:\\\/\\\/gentedebasquet.com.ar\\\/sitio\\\/?s={search_term_string}\"},\"query-input\":{\"@type\":\"PropertyValueSpecification\",\"valueRequired\":true,\"valueName\":\"search_term_string\"}}],\"inLanguage\":\"es\"},{\"@type\":\"Person\",\"@id\":\"https:\\\/\\\/gentedebasquet.com.ar\\\/sitio\\\/#\\\/schema\\\/person\\\/ca0b63bbb977369988a7bbbdc519943a\",\"name\":\"Gente de B\u00e1squet\",\"image\":{\"@type\":\"ImageObject\",\"inLanguage\":\"es\",\"@id\":\"https:\\\/\\\/secure.gravatar.com\\\/avatar\\\/7f2c48bdc33b30088f941fb6082e555f2874c98e20cb159d7b92b50eadfce793?s=96&d=mm&r=g\",\"url\":\"https:\\\/\\\/secure.gravatar.com\\\/avatar\\\/7f2c48bdc33b30088f941fb6082e555f2874c98e20cb159d7b92b50eadfce793?s=96&d=mm&r=g\",\"contentUrl\":\"https:\\\/\\\/secure.gravatar.com\\\/avatar\\\/7f2c48bdc33b30088f941fb6082e555f2874c98e20cb159d7b92b50eadfce793?s=96&d=mm&r=g\",\"caption\":\"Gente de B\u00e1squet\"},\"sameAs\":[\"http:\\\/\\\/gentedebasquet.com.ar\\\/sitio\"],\"url\":\"http:\\\/\\\/gentedebasquet.com.ar\\\/sitio\\\/author\\\/ulises\\\/\"}]}<\/script>\n<!-- \/ Yoast SEO plugin. -->","yoast_head_json":{"title":"Al menos mejor\u00f3 la imagen - Gente de B\u00e1squet","robots":{"index":"index","follow":"follow","max-snippet":"max-snippet:-1","max-image-preview":"max-image-preview:large","max-video-preview":"max-video-preview:-1"},"canonical":"https:\/\/gentedebasquet.com.ar\/sitio\/2014\/02\/03\/al-menos-mejoro-la-imagen\/","og_locale":"es_ES","og_type":"article","og_title":"Al menos mejor\u00f3 la imagen - Gente de B\u00e1squet","og_description":"Bah\u00eda Basket le hizo partido a Libertad en Sunchales, aunque termin\u00f3 cayendo 81 a 73. Con pocos minutos de Rasio (10 puntos) por un problema estomacal, Gerbaudo (15) y Redivo (13) fueron los mejores en el visitante. McNeil, que tuvo su mejor juego de la temporada, termin\u00f3 con 9 unidades.\u00a0","og_url":"https:\/\/gentedebasquet.com.ar\/sitio\/2014\/02\/03\/al-menos-mejoro-la-imagen\/","og_site_name":"Gente de B\u00e1squet","article_published_time":"2014-02-03T03:14:28+00:00","og_image":[{"width":300,"height":225,"url":"https:\/\/gentedebasquet.com.ar\/sitio\/wp-content\/uploads\/2014\/02\/vs-Libertad.jpg","type":"image\/jpeg"}],"author":"Gente de B\u00e1squet","twitter_card":"summary_large_image","twitter_misc":{"Escrito por":"Gente de B\u00e1squet","Tiempo de lectura":"1 minuto"},"schema":{"@context":"https:\/\/schema.org","@graph":[{"@type":"Article","@id":"https:\/\/gentedebasquet.com.ar\/sitio\/2014\/02\/03\/al-menos-mejoro-la-imagen\/#article","isPartOf":{"@id":"https:\/\/gentedebasquet.com.ar\/sitio\/2014\/02\/03\/al-menos-mejoro-la-imagen\/"},"author":{"name":"Gente de B\u00e1squet","@id":"https:\/\/gentedebasquet.com.ar\/sitio\/#\/schema\/person\/ca0b63bbb977369988a7bbbdc519943a"},"headline":"Al menos mejor\u00f3 la imagen","datePublished":"2014-02-03T03:14:28+00:00","mainEntityOfPage":{"@id":"https:\/\/gentedebasquet.com.ar\/sitio\/2014\/02\/03\/al-menos-mejoro-la-imagen\/"},"wordCount":167,"commentCount":0,"image":{"@id":"https:\/\/gentedebasquet.com.ar\/sitio\/2014\/02\/03\/al-menos-mejoro-la-imagen\/#primaryimage"},"thumbnailUrl":"http:\/\/gentedebasquet.com.ar\/sitio\/wp-content\/uploads\/2014\/02\/vs-Libertad.jpg","keywords":["Bah\u00eda Basket"],"articleSection":["Bah\u00eda Basket"],"inLanguage":"es","potentialAction":[{"@type":"CommentAction","name":"Comment","target":["https:\/\/gentedebasquet.com.ar\/sitio\/2014\/02\/03\/al-menos-mejoro-la-imagen\/#respond"]}]},{"@type":"WebPage","@id":"https:\/\/gentedebasquet.com.ar\/sitio\/2014\/02\/03\/al-menos-mejoro-la-imagen\/","url":"https:\/\/gentedebasquet.com.ar\/sitio\/2014\/02\/03\/al-menos-mejoro-la-imagen\/","name":"Al menos mejor\u00f3 la imagen - Gente de B\u00e1squet","isPartOf":{"@id":"https:\/\/gentedebasquet.com.ar\/sitio\/#website"},"primaryImageOfPage":{"@id":"https:\/\/gentedebasquet.com.ar\/sitio\/2014\/02\/03\/al-menos-mejoro-la-imagen\/#primaryimage"},"image":{"@id":"https:\/\/gentedebasquet.com.ar\/sitio\/2014\/02\/03\/al-menos-mejoro-la-imagen\/#primaryimage"},"thumbnailUrl":"http:\/\/gentedebasquet.com.ar\/sitio\/wp-content\/uploads\/2014\/02\/vs-Libertad.jpg","datePublished":"2014-02-03T03:14:28+00:00","author":{"@id":"https:\/\/gentedebasquet.com.ar\/sitio\/#\/schema\/person\/ca0b63bbb977369988a7bbbdc519943a"},"breadcrumb":{"@id":"https:\/\/gentedebasquet.com.ar\/sitio\/2014\/02\/03\/al-menos-mejoro-la-imagen\/#breadcrumb"},"inLanguage":"es","potentialAction":[{"@type":"ReadAction","target":["https:\/\/gentedebasquet.com.ar\/sitio\/2014\/02\/03\/al-menos-mejoro-la-imagen\/"]}]},{"@type":"ImageObject","inLanguage":"es","@id":"https:\/\/gentedebasquet.com.ar\/sitio\/2014\/02\/03\/al-menos-mejoro-la-imagen\/#primaryimage","url":"http:\/\/gentedebasquet.com.ar\/sitio\/wp-content\/uploads\/2014\/02\/vs-Libertad.jpg","contentUrl":"http:\/\/gentedebasquet.com.ar\/sitio\/wp-content\/uploads\/2014\/02\/vs-Libertad.jpg","width":300,"height":225},{"@type":"BreadcrumbList","@id":"https:\/\/gentedebasquet.com.ar\/sitio\/2014\/02\/03\/al-menos-mejoro-la-imagen\/#breadcrumb","itemListElement":[{"@type":"ListItem","position":1,"name":"Portada","item":"https:\/\/gentedebasquet.com.ar\/sitio\/"},{"@type":"ListItem","position":2,"name":"Al menos mejor\u00f3 la imagen"}]},{"@type":"WebSite","@id":"https:\/\/gentedebasquet.com.ar\/sitio\/#website","url":"https:\/\/gentedebasquet.com.ar\/sitio\/","name":"Gente de B\u00e1squet","description":"La revista del basquet de Bah\u00eda Blanca","potentialAction":[{"@type":"SearchAction","target":{"@type":"EntryPoint","urlTemplate":"https:\/\/gentedebasquet.com.ar\/sitio\/?s={search_term_string}"},"query-input":{"@type":"PropertyValueSpecification","valueRequired":true,"valueName":"search_term_string"}}],"inLanguage":"es"},{"@type":"Person","@id":"https:\/\/gentedebasquet.com.ar\/sitio\/#\/schema\/person\/ca0b63bbb977369988a7bbbdc519943a","name":"Gente de B\u00e1squet","image":{"@type":"ImageObject","inLanguage":"es","@id":"https:\/\/secure.gravatar.com\/avatar\/7f2c48bdc33b30088f941fb6082e555f2874c98e20cb159d7b92b50eadfce793?s=96&d=mm&r=g","url":"https:\/\/secure.gravatar.com\/avatar\/7f2c48bdc33b30088f941fb6082e555f2874c98e20cb159d7b92b50eadfce793?s=96&d=mm&r=g","contentUrl":"https:\/\/secure.gravatar.com\/avatar\/7f2c48bdc33b30088f941fb6082e555f2874c98e20cb159d7b92b50eadfce793?s=96&d=mm&r=g","caption":"Gente de B\u00e1squet"},"sameAs":["http:\/\/gentedebasquet.com.ar\/sitio"],"url":"http:\/\/gentedebasquet.com.ar\/sitio\/author\/ulises\/"}]}},"_links":{"self":[{"href":"http:\/\/gentedebasquet.com.ar\/sitio\/wp-json\/wp\/v2\/posts\/21856","targetHints":{"allow":["GET"]}}],"collection":[{"href":"http:\/\/gentedebasquet.com.ar\/sitio\/wp-json\/wp\/v2\/posts"}],"about":[{"href":"http:\/\/gentedebasquet.com.ar\/sitio\/wp-json\/wp\/v2\/types\/post"}],"author":[{"embeddable":true,"href":"http:\/\/gentedebasquet.com.ar\/sitio\/wp-json\/wp\/v2\/users\/1"}],"replies":[{"embeddable":true,"href":"http:\/\/gentedebasquet.com.ar\/sitio\/wp-json\/wp\/v2\/comments?post=21856"}],"version-history":[{"count":0,"href":"http:\/\/gentedebasquet.com.ar\/sitio\/wp-json\/wp\/v2\/posts\/21856\/revisions"}],"wp:featuredmedia":[{"embeddable":true,"href":"http:\/\/gentedebasquet.com.ar\/sitio\/wp-json\/wp\/v2\/media\/25495"}],"wp:attachment":[{"href":"http:\/\/gentedebasquet.com.ar\/sitio\/wp-json\/wp\/v2\/media?parent=21856"}],"wp:term":[{"taxonomy":"category","embeddable":true,"href":"http:\/\/gentedebasquet.com.ar\/sitio\/wp-json\/wp\/v2\/categories?post=21856"},{"taxonomy":"post_tag","embeddable":true,"href":"http:\/\/gentedebasquet.com.ar\/sitio\/wp-json\/wp\/v2\/tags?post=21856"}],"curies":[{"name":"wp","href":"https:\/\/api.w.org\/{rel}","templated":true}]}}