{"id":21862,"date":"2014-02-03T02:14:21","date_gmt":"2014-02-03T02:14:21","guid":{"rendered":"http:\/\/www.gentedebasquet.com.ar\/?p=21862"},"modified":"2014-02-03T02:14:21","modified_gmt":"2014-02-03T02:14:21","slug":"atenas-da-lucha-en-la-patagonia","status":"publish","type":"post","link":"http:\/\/gentedebasquet.com.ar\/sitio\/2014\/02\/03\/atenas-da-lucha-en-la-patagonia\/","title":{"rendered":"Atenas da lucha en la Patagonia"},"content":{"rendered":"<p><em><strong><a href=\"http:\/\/www.gentedebasquet.com.ar\/wp-content\/uploads\/2014\/02\/1655273_10203022653877264_326404395_n.jpg\"><img decoding=\"async\" class=\"alignnone size-full wp-image-21867\" title=\"Chaves Atenas\" src=\"http:\/\/www.gentedebasquet.com.ar\/wp-content\/uploads\/2014\/02\/1655273_10203022653877264_326404395_n.jpg\" alt=\"\" width=\"448\" height=\"336\" \/><\/a>El equipo de Mat\u00edas Chaves venci\u00f3 a Anzorena de Mendoza 90-68 y se mantiene entre los mejores tres de su Conferencia, en el Torneo Federal. El escolta termin\u00f3 con 23 puntos. Adem\u00e1s, hubo victorias de Gayt\u00e1n y Ruiz y cay\u00f3 P\u00e9rfora pese a los 18 tantos de \u00abChichi\u00bb Gonz\u00e1lez.<!--more--><\/strong><\/em><\/p>\n<p>Atenas Patagones (Conferencia Patagonia) sigue dando pelea en el sur y se mantiene entre los tres primeros de su zona al vencer como local a Anzorena de Mendoza (Centro Oeste)\u00a0<a href=\"http:\/\/www.torneofederal.com.ar\/liveStatsGame.php?id=527\" target=\"_blank\" rel=\"noopener\">90-68<\/a>. Re\u00fane 33 puntos (12-9), uno m\u00e1s que Hispano Americano de Rio Gallegos (14-4) y que P\u00e9rfora de Plaza Hincul (12-8), aunque con m\u00e1s partidos jugados.<\/p>\n<p>El escolta bahiense <strong>Mat\u00edas Chaves<\/strong>\u00a0<a href=\"http:\/\/postebajo.com.ar\/category-slideshow\/260-c%C3%B3moda-victoria.html\" target=\"_blank\" rel=\"noopener\">volvi\u00f3 a ser desequilibrante para el Griego<\/a>, finalizando la noche con 23 puntos (2\/7 3p, 5\/8 2p, 7\/8 TL) y 7 rebotes en 32m57.<\/p>\n<p>En tanto, P\u00e9rfora de Plaza Huincul (Patagonia) cay\u00f3 en su visita a\u00a0Atenas Sport Club de Mendoza (Centro Oeste), continuando con las jornadas de Interconferencia, <a href=\"http:\/\/www.torneofederal.com.ar\/liveStatsGame.php?id=529\" target=\"_blank\" rel=\"noopener\">85-79<\/a>. <strong>Juan Daniel Gonz\u00e1lez<\/strong> fue el goleador de su equipo con 18 unidades (8\/11 2p, 2\/2 TL); adem\u00e1s, colabor\u00f3 con 3 recobres y 1 asistencia en 23m46.<\/p>\n<p>Por otra parte, Uni\u00f3n de Sunchales (Litoral) gan\u00f3 como visitante a\u00a0UNCAus de Saenz Pe\u00f1a (Nor Noreste) <a href=\"http:\/\/www.torneofederal.com.ar\/liveStatsGame.php?id=520\" target=\"_blank\" rel=\"noopener\">69-59<\/a>\u00a0con 11 puntos (0\/1 3p, 5\/6 2p, 1\/2 TL), 7 rebotes y 4 robos en 29m11 de <strong>Juan Manuel Ruiz<\/strong>. Finalmente, con 7 puntos (0\/2 3p, 2\/3 2p, 3\/8 TL), 4 rebotes, 2 asistencias y 1 robo en 26m28 de\u00a0<strong>Francisco Gayt\u00e1n<\/strong>, Del progreso de General Roca (Patagonia) venci\u00f3 en Mendoza a\u00a0Andes Talleres Sport Club (Centro Oeste)\u00a0<a href=\"http:\/\/www.torneofederal.com.ar\/liveStatsGame.php?id=530\" target=\"_blank\" rel=\"noopener\">78-67<\/a>.<\/p>\n<p>&nbsp;<\/p>\n<p>&nbsp;<\/p>\n<p><a href=\"http:\/\/www.torneofederal.com.ar\/posicionesFaseRegular.php\" target=\"_blank\" rel=\"noopener\"><strong>Tabla de Posiciones Fase Regular 2013-2014<\/strong><\/a><\/p>\n<p><span style=\"color: #ffcc99;\">.<\/span><\/p>\n<p><strong>Nahuel Rizzo<\/strong><\/p>\n<p><em>Agenda de Santa Rita de Corrientes (Nor Noreste):<\/em><\/p>\n<p>&#8211; 07\/02 vs\u00a0Regatas Resistencia (L)<\/p>\n<p>&#8211; 14\/02 vs\u00a0\u00a0Talleres de Taf\u00ed Viejo (L)<\/p>\n<p>&#8211; 21\/02 vs\u00a0Sarmiento de Formosa (V)<\/p>\n<p>&#8211; 28\/02 vs\u00a0Ferrocarril de Concordia (V)<\/p>\n<p>&#8211; 05\/03 vs\u00a0Rosario del Tala (V)<\/p>\n<p>&#8211; 09\/03 vs\u00a0Parque Sur (V)<\/p>\n<p>&#8211; 16\/03 vs\u00a0Sarmiento de Formosa (L)<\/p>\n<p><span style=\"color: #ffcc99;\">.<\/span><\/p>\n<p><strong>Juan Manuel Ruiz<\/strong><\/p>\n<p><em>Agenda de Uni\u00f3n de Sunchales (Litoral):<\/em><\/p>\n<p>&#8211; 07\/02 vs\u00a0Brown de San Vicente (L)<\/p>\n<p>&#8211; 14\/02 vs\u00a0Ferrocarril de Concordia (V)<\/p>\n<p>&#8211; 16\/02 vs\u00a0Parque Sur (V)<\/p>\n<p>&#8211; 21\/02 vs\u00a0Sportsmen Unidos de Rosario (L)<\/p>\n<p>&#8211; 05\/03 vs\u00a0Regatas Resistencia (L)<\/p>\n<p>&#8211; 07\/03 vs\u00a0UNCAus de Saenz Pe\u00f1a (L)<\/p>\n<p>&#8211; 09\/03 vs\u00a0Sarmiento de Formosa (L)<\/p>\n<p>&#8211; 14\/03 vs\u00a0Pe\u00f1arol del Tala (V)<\/p>\n<p>&#8211; 16\/03 vs\u00a0Argentino de Firmat (L)<\/p>\n<p><span style=\"color: #ffcc99;\">.<\/span><\/p>\n<p><strong>Jorge Garc\u00eda<\/strong><\/p>\n<p><em>Agenda de Brown de San Vicente (Litoral):<\/em><\/p>\n<p>&#8211; 07\/02 vs\u00a0Uni\u00f3n de Sunchales (V)<\/p>\n<p>&#8211; 14\/02 vs\u00a0Club Atl\u00e9tico Carcara\u00f1\u00e1 (L)<\/p>\n<p>&#8211; 28\/02 vs San Lorenzo de Almagro\u00a0(V)<\/p>\n<p>&#8211; 07\/03 vs\u00a0Platense (V)<\/p>\n<p>&#8211; 09\/03 vs\u00a0Pedro Echague de Capital Federal (V)<\/p>\n<p>&#8211; 14\/03 vs\u00a0Club Las Parejas (L)<\/p>\n<p>&#8211; 16\/03 vs\u00a0Firmat Foot Ball Club (V)<\/p>\n<p><span style=\"color: #ffcc99;\">.<\/span><\/p>\n<p><strong>Jos\u00e9 Guti\u00e9rrez<\/strong><\/p>\n<p><em>Agenda de Espa\u00f1ola de San Luis (Centro Oeste):<\/em><\/p>\n<p>&#8211; 14\/02 vs\u00a0Olimpia de Catamarca (L)<\/p>\n<p>&#8211; 16\/02 vs\u00a0Facundo de La Rioja (L)<\/p>\n<p>&#8211; 28\/02 vs\u00a0Club Atl\u00e9tico Atenas (L)<\/p>\n<p>&#8211; 04\/03 vs\u00a0Deportivo Roca de R\u00edo Negro (L)<\/p>\n<p>&#8211; 07\/03 vs\u00a0Anzorena de Mendoza (V)<\/p>\n<p>&#8211; 09\/03 vs\u00a0Rivadavia de Mendoza (L)<\/p>\n<p>&#8211; 14\/03 vs\u00a0Hind\u00fa Club de C\u00f3rdoba (V)<\/p>\n<p>&#8211; 16\/03 vs\u00a0Tiro Federal y Deportivo Morteros (V)<\/p>\n<p><span style=\"color: #ffcc99;\">.<\/span><\/p>\n<p><strong>Jos\u00e9 Luis Pisani \u2013 Franco Pennacchiotti<\/strong><\/p>\n<p><em>Agenda de Estudiantes de Olavarr\u00eda (Capital Bonaerense):<\/em><\/p>\n<p>&#8211; 07\/02 vs\u00a0Villa Mitre de Capital Federal (V)<\/p>\n<p>&#8211; 14\/02 vs\u00a0San Mart\u00edn de Jun\u00edn (L)<\/p>\n<p>&#8211; 21\/02 vs\u00a0Pedro Echag\u00fce de Capital Federal (L)<\/p>\n<p>&#8211; 23\/02 vs Platense (V)<\/p>\n<p>&#8211; 28\/02 vs\u00a0Villa Mitre de Capital Federal (V)<\/p>\n<p>&#8211; 07\/03 vs\u00a0V\u00e9lez S\u00e1rsfield de Capital Federal (V)<\/p>\n<p>&#8211; 09\/03 vs\u00a0Ferro Carril Oeste (L)<\/p>\n<p>&#8211; 14\/03 vs\u00a0San Lorenzo de Almagro (L)<\/p>\n<p>&#8211; 16\/03 vs\u00a0Belgrano de San Nicol\u00e1s (V)<\/p>\n<p><span style=\"color: #ffcc99;\">.<\/span><\/p>\n<p><strong>Jos\u00e9 Nicol\u00e1s Ojeda<\/strong><\/p>\n<p><em>Agenda de Platense (Capital Bonaerense):<\/em><\/p>\n<p>&#8211; 07\/02 vs\u00a0Uni\u00f3n Vecinal de La Plata (L)<\/p>\n<p>&#8211; 14\/02 vs\u00a0San Lorenzo de Almagro (L)<\/p>\n<p>&#8211; 21\/02 vs\u00a0V\u00e9lez S\u00e1rsfield de Capital Federal (V)<\/p>\n<p>&#8211; 23\/02 vs\u00a0Estudiantes de Olavarr\u00eda (L)<\/p>\n<p>&#8211; 28\/02 vs\u00a0Firmat Foot Ball Club (L)<\/p>\n<p>&#8211; 07\/03 vs\u00a0Brown de San Vicente (V)<\/p>\n<p>&#8211; 09\/03 vs\u00a0Club Las Parejas (L)<\/p>\n<p>&#8211; 14\/03 vs\u00a0Independiente de Tandil (V)<\/p>\n<p>&#8211; 16\/03 vs\u00a0San Mart\u00edn de Jun\u00edn (L)<\/p>\n<p><span style=\"color: #ffcc99;\">.<\/span><\/p>\n<p><strong>H\u00e9ctor Santini<\/strong><\/p>\n<p><em>Agenda de Uni\u00f3n Vecinal (Capital Bonaerense):<\/em><\/p>\n<p>&#8211; 07\/02 vs\u00a0Platense (V)<\/p>\n<p>&#8211; 14\/02 vs\u00a0Villa Mitre de Capital Federal (L)<\/p>\n<p>&#8211; 21\/02 vs\u00a0Belgrano de San Nicol\u00e1s (L)<\/p>\n<p>&#8211; 23\/02 vs\u00a0Estudiantes de La Plata (V)<\/p>\n<p>&#8211; 28\/02 vs\u00a0Club Atl\u00e9tico Carcara\u00f1\u00e1 (V)<\/p>\n<p>&#8211; 02\/03 vs\u00a0Sportsmen Unidos de Rosario (V)<\/p>\n<p>&#8211; 07\/03 vs\u00a0Argentino de Firmat (L)<\/p>\n<p>&#8211; 14\/03 vs\u00a0Ferro Carril Oeste (L)<\/p>\n<p>&#8211; 16\/03 vs\u00a0Pedro Echag\u00fce de Capital Federal (V)<\/p>\n<p><span style=\"color: #ffcc99;\">.<\/span><\/p>\n<p><strong>Mauro Mi\u00e9rez<\/strong><\/p>\n<p><em>Agenda de Estudiantes de La Plata (Capital Bonaerense):<\/em><\/p>\n<p>&#8211; 07\/02 vs\u00a0Belgrano de San Nicol\u00e1s (V)<\/p>\n<p>&#8211; 15\/02 vs\u00a0Pedro Echague de Capital Federal (L)<\/p>\n<p>&#8211; 20\/02 vs\u00a0San Mart\u00edn de Jun\u00edn (V)<\/p>\n<p>&#8211; 23\/02 vs\u00a0Uni\u00f3n Vecinal de La Plata (L)<\/p>\n<p>&#8211; 01\/03 vs\u00a0Ferro Carril Oeste (L)<\/p>\n<p>&#8211; 07\/03 vs\u00a0Villa Mitre de Capital Federal (V)<\/p>\n<p>&#8211; 09\/03 vs\u00a0V\u00e9lez S\u00e1rsfield de Capital Federal (L)<\/p>\n<p>&#8211; 14\/03 vs\u00a0Villa Mitre de Capital Federal (V)<\/p>\n<p>&#8211; 16\/03 vs\u00a0V\u00e9lez S\u00e1rsfield de Capital Federal (L)<\/p>\n<p><span style=\"color: #ffcc99;\">.<\/span><\/p>\n<p><strong>Mat\u00edas Chaves<\/strong><\/p>\n<p><em>Agenda de Atenas de Patagones (Patagonia):<\/em><\/p>\n<p>&#8211; 14\/02 vs\u00a0Uni\u00f3n Alem Progresista (V)<\/p>\n<p>&#8211; 16\/02 vs\u00a0Del Progreso de General Roca (V)<\/p>\n<p>&#8211; 21\/02 vs\u00a0Deportivo Roca de R\u00edo Negro (L)<\/p>\n<p>&#8211; 23\/02 vs\u00a0Hispano Americano de R\u00edo Gallegos (L)<\/p>\n<p>&#8211; 28\/02 vs\u00a0Espa\u00f1ola de San Luis (V)<\/p>\n<p>&#8211; 02\/03 vs\u00a0Rivadavia de Mendoza (V)<\/p>\n<p>&#8211; 04\/03 vs\u00a0Anzorena de Mendoza (V)<\/p>\n<p><span style=\"color: #ffcc99;\">.<\/span><\/p>\n<p><strong>Juan Daniel Gonz\u00e1lez<\/strong><\/p>\n<p><em>Agenda de P\u00e9rfora de Plaza Huincul (Patagonia):<\/em><\/p>\n<p>&#8211; 14\/02 vs\u00a0Deportivo Roca de R\u00edo Negro (V)<\/p>\n<p>&#8211; 16\/02 vs\u00a0Hispano Americano de R\u00edo Gallegos (L)<\/p>\n<p>&#8211; 21\/02 vs\u00a0Del Progreso de General Roca (V)<\/p>\n<p>&#8211; 28\/02 vs\u00a0Andes Talleres Sport Club de Mendoza (L)<\/p>\n<p>&#8211; 02\/03 vs GEPU (L)<\/p>\n<p>&#8211; 04\/03 vs\u00a0Atenas Sport Club de Mendoza (L)<\/p>\n<p>&#8211; 16\/03 vs\u00a0Club Uni\u00f3n Alem Progresista (L)<\/p>\n<p><span style=\"color: #ffcc99;\">.<\/span><\/p>\n<p><strong>Francisco Gayt\u00e1n<\/strong><\/p>\n<p><em>Agenda de Del Progreso de General Roca (Patagonia):<\/em><\/p>\n<p>&#8211; 07\/02 vs\u00a0Uni\u00f3n Alem Progresista (V)<\/p>\n<p>&#8211; 16\/02 vs\u00a0Club Atl\u00e9tico Atenas (L)<\/p>\n<p>&#8211; 18\/02 vs\u00a0Hispano Americano de R\u00edo Gallegos (L)<\/p>\n<p>&#8211; 21\/02 vs\u00a0P\u00e9rfora de Plaza Huincul (L)<\/p>\n<p>&#8211; 28\/08 vs GEPU (L)<\/p>\n<p>&#8211; 02\/03 vs\u00a0Atenas Sport Club de Mendoza (L)<\/p>\n<p>&#8211; 04\/03 vs\u00a0Andes Talleres Sport Club de Mendoza (L)<\/p>\n<p>&#8211; 16\/03 vs\u00a0Deportivo Roca de R\u00edo Negro (V)<\/p>\n<p><strong>Fuente:<\/strong>\u00a0Prensa Torneo Federal.<\/p>\n<p><strong>Foto: <\/strong>Francisco Ciccone (PosteBajo.com.ar).<\/p>\n","protected":false},"excerpt":{"rendered":"<p>El equipo de Mat\u00edas Chaves venci\u00f3 a Anzorena de Mendoza 90-68 y se mantiene entre los mejores tres de su Conferencia, en el Torneo Federal. El escolta termin\u00f3 con 23 puntos. Adem\u00e1s, hubo victorias de Gayt\u00e1n y Ruiz y cay\u00f3 P\u00e9rfora pese a los 18 tantos de \u00abChichi\u00bb Gonz\u00e1lez.<\/p>\n","protected":false},"author":1,"featured_media":0,"comment_status":"open","ping_status":"open","sticky":false,"template":"","format":"standard","meta":{"jnews-multi-image_gallery":[],"jnews_single_post":[],"jnews_primary_category":[],"footnotes":""},"categories":[34,36,39],"tags":[85,86,46,92,51,40],"class_list":["post-21862","post","type-post","status-publish","format-standard","hentry","category-bahienses-afuera","category-federal","category-nacional","tag-atenas-patagones","tag-francisco-gaytan","tag-juan-daniel-gonzalez","tag-juan-manuel-ruiz","tag-matias-chaves","tag-torneo-federal"],"yoast_head":"<!-- This site is optimized with the Yoast SEO plugin v27.5 - https:\/\/yoast.com\/product\/yoast-seo-wordpress\/ -->\n<title>Atenas da lucha en la Patagonia - Gente de B\u00e1squet<\/title>\n<meta name=\"robots\" content=\"index, follow, max-snippet:-1, max-image-preview:large, max-video-preview:-1\" \/>\n<link rel=\"canonical\" href=\"http:\/\/gentedebasquet.com.ar\/sitio\/2014\/02\/03\/atenas-da-lucha-en-la-patagonia\/\" \/>\n<meta property=\"og:locale\" content=\"es_ES\" \/>\n<meta property=\"og:type\" content=\"article\" \/>\n<meta property=\"og:title\" content=\"Atenas da lucha en la Patagonia - Gente de B\u00e1squet\" \/>\n<meta property=\"og:description\" content=\"El equipo de Mat\u00edas Chaves venci\u00f3 a Anzorena de Mendoza 90-68 y se mantiene entre los mejores tres de su Conferencia, en el Torneo Federal. El escolta termin\u00f3 con 23 puntos. Adem\u00e1s, hubo victorias de Gayt\u00e1n y Ruiz y cay\u00f3 P\u00e9rfora pese a los 18 tantos de \u00abChichi\u00bb Gonz\u00e1lez.\" \/>\n<meta property=\"og:url\" content=\"http:\/\/gentedebasquet.com.ar\/sitio\/2014\/02\/03\/atenas-da-lucha-en-la-patagonia\/\" \/>\n<meta property=\"og:site_name\" content=\"Gente de B\u00e1squet\" \/>\n<meta property=\"article:published_time\" content=\"2014-02-03T02:14:21+00:00\" \/>\n<meta property=\"og:image\" content=\"http:\/\/www.gentedebasquet.com.ar\/wp-content\/uploads\/2014\/02\/1655273_10203022653877264_326404395_n.jpg\" \/>\n<meta name=\"author\" content=\"Gente de B\u00e1squet\" \/>\n<meta name=\"twitter:card\" content=\"summary_large_image\" \/>\n<meta name=\"twitter:label1\" content=\"Escrito por\" \/>\n\t<meta name=\"twitter:data1\" content=\"Gente de B\u00e1squet\" \/>\n\t<meta name=\"twitter:label2\" content=\"Tiempo de lectura\" \/>\n\t<meta name=\"twitter:data2\" content=\"5 minutos\" \/>\n<script type=\"application\/ld+json\" class=\"yoast-schema-graph\">{\"@context\":\"https:\\\/\\\/schema.org\",\"@graph\":[{\"@type\":\"Article\",\"@id\":\"http:\\\/\\\/gentedebasquet.com.ar\\\/sitio\\\/2014\\\/02\\\/03\\\/atenas-da-lucha-en-la-patagonia\\\/#article\",\"isPartOf\":{\"@id\":\"http:\\\/\\\/gentedebasquet.com.ar\\\/sitio\\\/2014\\\/02\\\/03\\\/atenas-da-lucha-en-la-patagonia\\\/\"},\"author\":{\"name\":\"Gente de B\u00e1squet\",\"@id\":\"https:\\\/\\\/gentedebasquet.com.ar\\\/sitio\\\/#\\\/schema\\\/person\\\/ca0b63bbb977369988a7bbbdc519943a\"},\"headline\":\"Atenas da lucha en la Patagonia\",\"datePublished\":\"2014-02-03T02:14:21+00:00\",\"mainEntityOfPage\":{\"@id\":\"http:\\\/\\\/gentedebasquet.com.ar\\\/sitio\\\/2014\\\/02\\\/03\\\/atenas-da-lucha-en-la-patagonia\\\/\"},\"wordCount\":1039,\"commentCount\":0,\"image\":{\"@id\":\"http:\\\/\\\/gentedebasquet.com.ar\\\/sitio\\\/2014\\\/02\\\/03\\\/atenas-da-lucha-en-la-patagonia\\\/#primaryimage\"},\"thumbnailUrl\":\"http:\\\/\\\/www.gentedebasquet.com.ar\\\/wp-content\\\/uploads\\\/2014\\\/02\\\/1655273_10203022653877264_326404395_n.jpg\",\"keywords\":[\"Atenas Patagones\",\"Francisco Gayt\u00e1n\",\"Juan Daniel Gonz\u00e1lez\",\"Juan Manuel Ruiz\",\"Mat\u00edas Chaves\",\"Torneo Federal\"],\"articleSection\":[\"Bahienses Afuera\",\"Federal\",\"Nacional\"],\"inLanguage\":\"es\",\"potentialAction\":[{\"@type\":\"CommentAction\",\"name\":\"Comment\",\"target\":[\"http:\\\/\\\/gentedebasquet.com.ar\\\/sitio\\\/2014\\\/02\\\/03\\\/atenas-da-lucha-en-la-patagonia\\\/#respond\"]}]},{\"@type\":\"WebPage\",\"@id\":\"http:\\\/\\\/gentedebasquet.com.ar\\\/sitio\\\/2014\\\/02\\\/03\\\/atenas-da-lucha-en-la-patagonia\\\/\",\"url\":\"http:\\\/\\\/gentedebasquet.com.ar\\\/sitio\\\/2014\\\/02\\\/03\\\/atenas-da-lucha-en-la-patagonia\\\/\",\"name\":\"Atenas da lucha en la Patagonia - Gente de B\u00e1squet\",\"isPartOf\":{\"@id\":\"https:\\\/\\\/gentedebasquet.com.ar\\\/sitio\\\/#website\"},\"primaryImageOfPage\":{\"@id\":\"http:\\\/\\\/gentedebasquet.com.ar\\\/sitio\\\/2014\\\/02\\\/03\\\/atenas-da-lucha-en-la-patagonia\\\/#primaryimage\"},\"image\":{\"@id\":\"http:\\\/\\\/gentedebasquet.com.ar\\\/sitio\\\/2014\\\/02\\\/03\\\/atenas-da-lucha-en-la-patagonia\\\/#primaryimage\"},\"thumbnailUrl\":\"http:\\\/\\\/www.gentedebasquet.com.ar\\\/wp-content\\\/uploads\\\/2014\\\/02\\\/1655273_10203022653877264_326404395_n.jpg\",\"datePublished\":\"2014-02-03T02:14:21+00:00\",\"author\":{\"@id\":\"https:\\\/\\\/gentedebasquet.com.ar\\\/sitio\\\/#\\\/schema\\\/person\\\/ca0b63bbb977369988a7bbbdc519943a\"},\"breadcrumb\":{\"@id\":\"http:\\\/\\\/gentedebasquet.com.ar\\\/sitio\\\/2014\\\/02\\\/03\\\/atenas-da-lucha-en-la-patagonia\\\/#breadcrumb\"},\"inLanguage\":\"es\",\"potentialAction\":[{\"@type\":\"ReadAction\",\"target\":[\"http:\\\/\\\/gentedebasquet.com.ar\\\/sitio\\\/2014\\\/02\\\/03\\\/atenas-da-lucha-en-la-patagonia\\\/\"]}]},{\"@type\":\"ImageObject\",\"inLanguage\":\"es\",\"@id\":\"http:\\\/\\\/gentedebasquet.com.ar\\\/sitio\\\/2014\\\/02\\\/03\\\/atenas-da-lucha-en-la-patagonia\\\/#primaryimage\",\"url\":\"http:\\\/\\\/www.gentedebasquet.com.ar\\\/wp-content\\\/uploads\\\/2014\\\/02\\\/1655273_10203022653877264_326404395_n.jpg\",\"contentUrl\":\"http:\\\/\\\/www.gentedebasquet.com.ar\\\/wp-content\\\/uploads\\\/2014\\\/02\\\/1655273_10203022653877264_326404395_n.jpg\"},{\"@type\":\"BreadcrumbList\",\"@id\":\"http:\\\/\\\/gentedebasquet.com.ar\\\/sitio\\\/2014\\\/02\\\/03\\\/atenas-da-lucha-en-la-patagonia\\\/#breadcrumb\",\"itemListElement\":[{\"@type\":\"ListItem\",\"position\":1,\"name\":\"Portada\",\"item\":\"https:\\\/\\\/gentedebasquet.com.ar\\\/sitio\\\/\"},{\"@type\":\"ListItem\",\"position\":2,\"name\":\"Atenas da lucha en la Patagonia\"}]},{\"@type\":\"WebSite\",\"@id\":\"https:\\\/\\\/gentedebasquet.com.ar\\\/sitio\\\/#website\",\"url\":\"https:\\\/\\\/gentedebasquet.com.ar\\\/sitio\\\/\",\"name\":\"Gente de B\u00e1squet\",\"description\":\"La revista del basquet de Bah\u00eda Blanca\",\"potentialAction\":[{\"@type\":\"SearchAction\",\"target\":{\"@type\":\"EntryPoint\",\"urlTemplate\":\"https:\\\/\\\/gentedebasquet.com.ar\\\/sitio\\\/?s={search_term_string}\"},\"query-input\":{\"@type\":\"PropertyValueSpecification\",\"valueRequired\":true,\"valueName\":\"search_term_string\"}}],\"inLanguage\":\"es\"},{\"@type\":\"Person\",\"@id\":\"https:\\\/\\\/gentedebasquet.com.ar\\\/sitio\\\/#\\\/schema\\\/person\\\/ca0b63bbb977369988a7bbbdc519943a\",\"name\":\"Gente de B\u00e1squet\",\"image\":{\"@type\":\"ImageObject\",\"inLanguage\":\"es\",\"@id\":\"https:\\\/\\\/secure.gravatar.com\\\/avatar\\\/7f2c48bdc33b30088f941fb6082e555f2874c98e20cb159d7b92b50eadfce793?s=96&d=mm&r=g\",\"url\":\"https:\\\/\\\/secure.gravatar.com\\\/avatar\\\/7f2c48bdc33b30088f941fb6082e555f2874c98e20cb159d7b92b50eadfce793?s=96&d=mm&r=g\",\"contentUrl\":\"https:\\\/\\\/secure.gravatar.com\\\/avatar\\\/7f2c48bdc33b30088f941fb6082e555f2874c98e20cb159d7b92b50eadfce793?s=96&d=mm&r=g\",\"caption\":\"Gente de B\u00e1squet\"},\"sameAs\":[\"http:\\\/\\\/gentedebasquet.com.ar\\\/sitio\"],\"url\":\"http:\\\/\\\/gentedebasquet.com.ar\\\/sitio\\\/author\\\/ulises\\\/\"}]}<\/script>\n<!-- \/ Yoast SEO plugin. -->","yoast_head_json":{"title":"Atenas da lucha en la Patagonia - Gente de B\u00e1squet","robots":{"index":"index","follow":"follow","max-snippet":"max-snippet:-1","max-image-preview":"max-image-preview:large","max-video-preview":"max-video-preview:-1"},"canonical":"http:\/\/gentedebasquet.com.ar\/sitio\/2014\/02\/03\/atenas-da-lucha-en-la-patagonia\/","og_locale":"es_ES","og_type":"article","og_title":"Atenas da lucha en la Patagonia - Gente de B\u00e1squet","og_description":"El equipo de Mat\u00edas Chaves venci\u00f3 a Anzorena de Mendoza 90-68 y se mantiene entre los mejores tres de su Conferencia, en el Torneo Federal. El escolta termin\u00f3 con 23 puntos. Adem\u00e1s, hubo victorias de Gayt\u00e1n y Ruiz y cay\u00f3 P\u00e9rfora pese a los 18 tantos de \u00abChichi\u00bb Gonz\u00e1lez.","og_url":"http:\/\/gentedebasquet.com.ar\/sitio\/2014\/02\/03\/atenas-da-lucha-en-la-patagonia\/","og_site_name":"Gente de B\u00e1squet","article_published_time":"2014-02-03T02:14:21+00:00","og_image":[{"url":"http:\/\/www.gentedebasquet.com.ar\/wp-content\/uploads\/2014\/02\/1655273_10203022653877264_326404395_n.jpg","type":"","width":"","height":""}],"author":"Gente de B\u00e1squet","twitter_card":"summary_large_image","twitter_misc":{"Escrito por":"Gente de B\u00e1squet","Tiempo de lectura":"5 minutos"},"schema":{"@context":"https:\/\/schema.org","@graph":[{"@type":"Article","@id":"http:\/\/gentedebasquet.com.ar\/sitio\/2014\/02\/03\/atenas-da-lucha-en-la-patagonia\/#article","isPartOf":{"@id":"http:\/\/gentedebasquet.com.ar\/sitio\/2014\/02\/03\/atenas-da-lucha-en-la-patagonia\/"},"author":{"name":"Gente de B\u00e1squet","@id":"https:\/\/gentedebasquet.com.ar\/sitio\/#\/schema\/person\/ca0b63bbb977369988a7bbbdc519943a"},"headline":"Atenas da lucha en la Patagonia","datePublished":"2014-02-03T02:14:21+00:00","mainEntityOfPage":{"@id":"http:\/\/gentedebasquet.com.ar\/sitio\/2014\/02\/03\/atenas-da-lucha-en-la-patagonia\/"},"wordCount":1039,"commentCount":0,"image":{"@id":"http:\/\/gentedebasquet.com.ar\/sitio\/2014\/02\/03\/atenas-da-lucha-en-la-patagonia\/#primaryimage"},"thumbnailUrl":"http:\/\/www.gentedebasquet.com.ar\/wp-content\/uploads\/2014\/02\/1655273_10203022653877264_326404395_n.jpg","keywords":["Atenas Patagones","Francisco Gayt\u00e1n","Juan Daniel Gonz\u00e1lez","Juan Manuel Ruiz","Mat\u00edas Chaves","Torneo Federal"],"articleSection":["Bahienses Afuera","Federal","Nacional"],"inLanguage":"es","potentialAction":[{"@type":"CommentAction","name":"Comment","target":["http:\/\/gentedebasquet.com.ar\/sitio\/2014\/02\/03\/atenas-da-lucha-en-la-patagonia\/#respond"]}]},{"@type":"WebPage","@id":"http:\/\/gentedebasquet.com.ar\/sitio\/2014\/02\/03\/atenas-da-lucha-en-la-patagonia\/","url":"http:\/\/gentedebasquet.com.ar\/sitio\/2014\/02\/03\/atenas-da-lucha-en-la-patagonia\/","name":"Atenas da lucha en la Patagonia - Gente de B\u00e1squet","isPartOf":{"@id":"https:\/\/gentedebasquet.com.ar\/sitio\/#website"},"primaryImageOfPage":{"@id":"http:\/\/gentedebasquet.com.ar\/sitio\/2014\/02\/03\/atenas-da-lucha-en-la-patagonia\/#primaryimage"},"image":{"@id":"http:\/\/gentedebasquet.com.ar\/sitio\/2014\/02\/03\/atenas-da-lucha-en-la-patagonia\/#primaryimage"},"thumbnailUrl":"http:\/\/www.gentedebasquet.com.ar\/wp-content\/uploads\/2014\/02\/1655273_10203022653877264_326404395_n.jpg","datePublished":"2014-02-03T02:14:21+00:00","author":{"@id":"https:\/\/gentedebasquet.com.ar\/sitio\/#\/schema\/person\/ca0b63bbb977369988a7bbbdc519943a"},"breadcrumb":{"@id":"http:\/\/gentedebasquet.com.ar\/sitio\/2014\/02\/03\/atenas-da-lucha-en-la-patagonia\/#breadcrumb"},"inLanguage":"es","potentialAction":[{"@type":"ReadAction","target":["http:\/\/gentedebasquet.com.ar\/sitio\/2014\/02\/03\/atenas-da-lucha-en-la-patagonia\/"]}]},{"@type":"ImageObject","inLanguage":"es","@id":"http:\/\/gentedebasquet.com.ar\/sitio\/2014\/02\/03\/atenas-da-lucha-en-la-patagonia\/#primaryimage","url":"http:\/\/www.gentedebasquet.com.ar\/wp-content\/uploads\/2014\/02\/1655273_10203022653877264_326404395_n.jpg","contentUrl":"http:\/\/www.gentedebasquet.com.ar\/wp-content\/uploads\/2014\/02\/1655273_10203022653877264_326404395_n.jpg"},{"@type":"BreadcrumbList","@id":"http:\/\/gentedebasquet.com.ar\/sitio\/2014\/02\/03\/atenas-da-lucha-en-la-patagonia\/#breadcrumb","itemListElement":[{"@type":"ListItem","position":1,"name":"Portada","item":"https:\/\/gentedebasquet.com.ar\/sitio\/"},{"@type":"ListItem","position":2,"name":"Atenas da lucha en la Patagonia"}]},{"@type":"WebSite","@id":"https:\/\/gentedebasquet.com.ar\/sitio\/#website","url":"https:\/\/gentedebasquet.com.ar\/sitio\/","name":"Gente de B\u00e1squet","description":"La revista del basquet de Bah\u00eda Blanca","potentialAction":[{"@type":"SearchAction","target":{"@type":"EntryPoint","urlTemplate":"https:\/\/gentedebasquet.com.ar\/sitio\/?s={search_term_string}"},"query-input":{"@type":"PropertyValueSpecification","valueRequired":true,"valueName":"search_term_string"}}],"inLanguage":"es"},{"@type":"Person","@id":"https:\/\/gentedebasquet.com.ar\/sitio\/#\/schema\/person\/ca0b63bbb977369988a7bbbdc519943a","name":"Gente de B\u00e1squet","image":{"@type":"ImageObject","inLanguage":"es","@id":"https:\/\/secure.gravatar.com\/avatar\/7f2c48bdc33b30088f941fb6082e555f2874c98e20cb159d7b92b50eadfce793?s=96&d=mm&r=g","url":"https:\/\/secure.gravatar.com\/avatar\/7f2c48bdc33b30088f941fb6082e555f2874c98e20cb159d7b92b50eadfce793?s=96&d=mm&r=g","contentUrl":"https:\/\/secure.gravatar.com\/avatar\/7f2c48bdc33b30088f941fb6082e555f2874c98e20cb159d7b92b50eadfce793?s=96&d=mm&r=g","caption":"Gente de B\u00e1squet"},"sameAs":["http:\/\/gentedebasquet.com.ar\/sitio"],"url":"http:\/\/gentedebasquet.com.ar\/sitio\/author\/ulises\/"}]}},"_links":{"self":[{"href":"http:\/\/gentedebasquet.com.ar\/sitio\/wp-json\/wp\/v2\/posts\/21862","targetHints":{"allow":["GET"]}}],"collection":[{"href":"http:\/\/gentedebasquet.com.ar\/sitio\/wp-json\/wp\/v2\/posts"}],"about":[{"href":"http:\/\/gentedebasquet.com.ar\/sitio\/wp-json\/wp\/v2\/types\/post"}],"author":[{"embeddable":true,"href":"http:\/\/gentedebasquet.com.ar\/sitio\/wp-json\/wp\/v2\/users\/1"}],"replies":[{"embeddable":true,"href":"http:\/\/gentedebasquet.com.ar\/sitio\/wp-json\/wp\/v2\/comments?post=21862"}],"version-history":[{"count":0,"href":"http:\/\/gentedebasquet.com.ar\/sitio\/wp-json\/wp\/v2\/posts\/21862\/revisions"}],"wp:attachment":[{"href":"http:\/\/gentedebasquet.com.ar\/sitio\/wp-json\/wp\/v2\/media?parent=21862"}],"wp:term":[{"taxonomy":"category","embeddable":true,"href":"http:\/\/gentedebasquet.com.ar\/sitio\/wp-json\/wp\/v2\/categories?post=21862"},{"taxonomy":"post_tag","embeddable":true,"href":"http:\/\/gentedebasquet.com.ar\/sitio\/wp-json\/wp\/v2\/tags?post=21862"}],"curies":[{"name":"wp","href":"https:\/\/api.w.org\/{rel}","templated":true}]}}