{"id":22116,"date":"2014-02-11T02:50:29","date_gmt":"2014-02-11T02:50:29","guid":{"rendered":"http:\/\/www.gentedebasquet.com.ar\/?p=22116"},"modified":"2014-02-11T02:50:29","modified_gmt":"2014-02-11T02:50:29","slug":"al-menos-estuvo-en-la-cancha","status":"publish","type":"post","link":"http:\/\/gentedebasquet.com.ar\/sitio\/2014\/02\/11\/al-menos-estuvo-en-la-cancha\/","title":{"rendered":"Al menos estuvo en la cancha"},"content":{"rendered":"<p><em><strong><a href=\"http:\/\/www.gentedebasquet.com.ar\/wp-content\/uploads\/2014\/02\/DET-recuperaci\u00f3n.jpg\"><img decoding=\"async\" class=\"alignnone size-full wp-image-22118\" title=\"Gin\u00f3bili Spurs Pistons\" src=\"http:\/\/www.gentedebasquet.com.ar\/wp-content\/uploads\/2014\/02\/DET-recuperaci\u00f3n.jpg\" alt=\"\" width=\"448\" height=\"336\" \/><\/a>San Antonio Spurs se volvi\u00f3 a presentar sin Emanuel Gin\u00f3bili, en la derrota con los Pistons, en Detroit, por 109 a 100. Afortunadamente, \u00abManu\u00bb se uni\u00f3 al grupo luego de entrenar solo en Texas desde el 28 de enero \u00faltimo, d\u00eda en que se lesion\u00f3 ante Houston. Volver\u00eda despu\u00e9s del All Star.<!--more--><\/strong><\/em><\/p>\n<p>San Antonio Spurs sum\u00f3 su 15\u00ba derrota en la temporada de la NBA al caer en Detroit con los Pistons por 109 a 100. El conjunto texano re\u00fane 37 victorias y se ubica 2\u00ba en la Conferencia Oeste, detr\u00e1s de Oklahoma City Thunder (41-12). Marco Belinelli, con 20 puntos, fue el goleador en el visitante.<\/p>\n<p>Sin embargo, la noticia lleg\u00f3 antes del comienzo del partido, cuando se lo vio a <strong>Emanuel Gin\u00f3bili<\/strong> realizando trabajos en la cancha donde su equipo se iba a presentar. \u00abManu jugar\u00eda ya si lo dejo, pero no pisar\u00e1 la cancha hasta despu\u00e9s del All Star Game\u00bb, se\u00f1al\u00f3 su entrenador, Gregg Popovich.<\/p>\n<p>Lo cierto es que su distensi\u00f3n en el isquiotibial de la pierna izquierda evolucion\u00f3 mejor de lo esperado y por eso el retorno, originalmente previsto para el 28 de febrero, se producir\u00eda el 18 en Los \u00c1ngeles ente los Clippers.<\/p>\n<p>Desde su ausencia, el 29 de enero ante los Bulls, San Antonio obtuvo un r\u00e9cord de \u00a04-3, aunque las lesiones ocurrieron al por mayor en los Spurs, con problemas sobre Duncan, Parker, Green, Leonard, Splitter y Diaw.<\/p>\n<p><span style=\"color: #ffcc99;\">\u00a0.<\/span><\/p>\n<p><em>Agenda de San Antonio:<\/em><\/p>\n<p>&#8211; Mi\u00e9rcoles 12\/02 vs Boston Celtics (V)<\/p>\n<p>&#8211; Martes 18\/02 vs Los \u00c1ngeles Clippers (V)<\/p>\n<p>&#8211; Mi\u00e9rcoles 19\/02 vs Portland Trail Blazers (V)<\/p>\n<p>&#8211; Viernes 21\/02 vs Phoenix Suns (V)<\/p>\n<p>&#8211; Mi\u00e9rcoles 26\/02 vs Detroit Pistons (L)<\/p>\n<p>&#8211; Viernes 28\/02 vs Charlotte Bobcats (L)<\/p>\n<p>&#8211; Domingo 02\/03 vs Dallas Mavericks (L)<\/p>\n<p><strong>Fuente:<\/strong> NBA.com, Juli\u00e1n Mozo,\u00a0Jeff McDonald\u00a0e @InfoManu.<\/p>\n<p><strong>Foto:<\/strong> NBA.com.<\/p>\n","protected":false},"excerpt":{"rendered":"<p>San Antonio Spurs se volvi\u00f3 a presentar sin Emanuel Gin\u00f3bili, en la derrota con los Pistons, en Detroit, por 109 a 100. Afortunadamente, \u00abManu\u00bb se uni\u00f3 al grupo luego de entrenar solo en Texas desde el 28 de enero \u00faltimo, d\u00eda en que se lesion\u00f3 ante Houston. Volver\u00eda despu\u00e9s del All Star.<\/p>\n","protected":false},"author":1,"featured_media":0,"comment_status":"open","ping_status":"open","sticky":false,"template":"","format":"standard","meta":{"jnews-multi-image_gallery":[],"jnews_single_post":[],"jnews_primary_category":[],"footnotes":""},"categories":[34],"tags":[],"class_list":["post-22116","post","type-post","status-publish","format-standard","hentry","category-bahienses-afuera"],"yoast_head":"<!-- This site is optimized with the Yoast SEO plugin v27.5 - https:\/\/yoast.com\/product\/yoast-seo-wordpress\/ -->\n<title>Al menos estuvo en la cancha - Gente de B\u00e1squet<\/title>\n<meta name=\"robots\" content=\"index, follow, max-snippet:-1, max-image-preview:large, max-video-preview:-1\" \/>\n<link rel=\"canonical\" href=\"https:\/\/gentedebasquet.com.ar\/sitio\/2014\/02\/11\/al-menos-estuvo-en-la-cancha\/\" \/>\n<meta property=\"og:locale\" content=\"es_ES\" \/>\n<meta property=\"og:type\" content=\"article\" \/>\n<meta property=\"og:title\" content=\"Al menos estuvo en la cancha - Gente de B\u00e1squet\" \/>\n<meta property=\"og:description\" content=\"San Antonio Spurs se volvi\u00f3 a presentar sin Emanuel Gin\u00f3bili, en la derrota con los Pistons, en Detroit, por 109 a 100. Afortunadamente, \u00abManu\u00bb se uni\u00f3 al grupo luego de entrenar solo en Texas desde el 28 de enero \u00faltimo, d\u00eda en que se lesion\u00f3 ante Houston. Volver\u00eda despu\u00e9s del All Star.\" \/>\n<meta property=\"og:url\" content=\"https:\/\/gentedebasquet.com.ar\/sitio\/2014\/02\/11\/al-menos-estuvo-en-la-cancha\/\" \/>\n<meta property=\"og:site_name\" content=\"Gente de B\u00e1squet\" \/>\n<meta property=\"article:published_time\" content=\"2014-02-11T02:50:29+00:00\" \/>\n<meta name=\"author\" content=\"Gente de B\u00e1squet\" \/>\n<meta name=\"twitter:card\" content=\"summary_large_image\" \/>\n<meta name=\"twitter:label1\" content=\"Escrito por\" \/>\n\t<meta name=\"twitter:data1\" content=\"Gente de B\u00e1squet\" \/>\n\t<meta name=\"twitter:label2\" content=\"Tiempo de lectura\" \/>\n\t<meta name=\"twitter:data2\" content=\"2 minutos\" \/>\n<script type=\"application\/ld+json\" class=\"yoast-schema-graph\">{\"@context\":\"https:\\\/\\\/schema.org\",\"@graph\":[{\"@type\":\"Article\",\"@id\":\"https:\\\/\\\/gentedebasquet.com.ar\\\/sitio\\\/2014\\\/02\\\/11\\\/al-menos-estuvo-en-la-cancha\\\/#article\",\"isPartOf\":{\"@id\":\"https:\\\/\\\/gentedebasquet.com.ar\\\/sitio\\\/2014\\\/02\\\/11\\\/al-menos-estuvo-en-la-cancha\\\/\"},\"author\":{\"name\":\"Gente de B\u00e1squet\",\"@id\":\"https:\\\/\\\/gentedebasquet.com.ar\\\/sitio\\\/#\\\/schema\\\/person\\\/ca0b63bbb977369988a7bbbdc519943a\"},\"headline\":\"Al menos estuvo en la cancha\",\"datePublished\":\"2014-02-11T02:50:29+00:00\",\"mainEntityOfPage\":{\"@id\":\"https:\\\/\\\/gentedebasquet.com.ar\\\/sitio\\\/2014\\\/02\\\/11\\\/al-menos-estuvo-en-la-cancha\\\/\"},\"wordCount\":306,\"commentCount\":0,\"articleSection\":[\"Bahienses Afuera\"],\"inLanguage\":\"es\",\"potentialAction\":[{\"@type\":\"CommentAction\",\"name\":\"Comment\",\"target\":[\"https:\\\/\\\/gentedebasquet.com.ar\\\/sitio\\\/2014\\\/02\\\/11\\\/al-menos-estuvo-en-la-cancha\\\/#respond\"]}]},{\"@type\":\"WebPage\",\"@id\":\"https:\\\/\\\/gentedebasquet.com.ar\\\/sitio\\\/2014\\\/02\\\/11\\\/al-menos-estuvo-en-la-cancha\\\/\",\"url\":\"https:\\\/\\\/gentedebasquet.com.ar\\\/sitio\\\/2014\\\/02\\\/11\\\/al-menos-estuvo-en-la-cancha\\\/\",\"name\":\"Al menos estuvo en la cancha - Gente de B\u00e1squet\",\"isPartOf\":{\"@id\":\"https:\\\/\\\/gentedebasquet.com.ar\\\/sitio\\\/#website\"},\"datePublished\":\"2014-02-11T02:50:29+00:00\",\"author\":{\"@id\":\"https:\\\/\\\/gentedebasquet.com.ar\\\/sitio\\\/#\\\/schema\\\/person\\\/ca0b63bbb977369988a7bbbdc519943a\"},\"breadcrumb\":{\"@id\":\"https:\\\/\\\/gentedebasquet.com.ar\\\/sitio\\\/2014\\\/02\\\/11\\\/al-menos-estuvo-en-la-cancha\\\/#breadcrumb\"},\"inLanguage\":\"es\",\"potentialAction\":[{\"@type\":\"ReadAction\",\"target\":[\"https:\\\/\\\/gentedebasquet.com.ar\\\/sitio\\\/2014\\\/02\\\/11\\\/al-menos-estuvo-en-la-cancha\\\/\"]}]},{\"@type\":\"BreadcrumbList\",\"@id\":\"https:\\\/\\\/gentedebasquet.com.ar\\\/sitio\\\/2014\\\/02\\\/11\\\/al-menos-estuvo-en-la-cancha\\\/#breadcrumb\",\"itemListElement\":[{\"@type\":\"ListItem\",\"position\":1,\"name\":\"Portada\",\"item\":\"https:\\\/\\\/gentedebasquet.com.ar\\\/sitio\\\/\"},{\"@type\":\"ListItem\",\"position\":2,\"name\":\"Al menos estuvo en la cancha\"}]},{\"@type\":\"WebSite\",\"@id\":\"https:\\\/\\\/gentedebasquet.com.ar\\\/sitio\\\/#website\",\"url\":\"https:\\\/\\\/gentedebasquet.com.ar\\\/sitio\\\/\",\"name\":\"Gente de B\u00e1squet\",\"description\":\"La revista del basquet de Bah\u00eda Blanca\",\"potentialAction\":[{\"@type\":\"SearchAction\",\"target\":{\"@type\":\"EntryPoint\",\"urlTemplate\":\"https:\\\/\\\/gentedebasquet.com.ar\\\/sitio\\\/?s={search_term_string}\"},\"query-input\":{\"@type\":\"PropertyValueSpecification\",\"valueRequired\":true,\"valueName\":\"search_term_string\"}}],\"inLanguage\":\"es\"},{\"@type\":\"Person\",\"@id\":\"https:\\\/\\\/gentedebasquet.com.ar\\\/sitio\\\/#\\\/schema\\\/person\\\/ca0b63bbb977369988a7bbbdc519943a\",\"name\":\"Gente de B\u00e1squet\",\"image\":{\"@type\":\"ImageObject\",\"inLanguage\":\"es\",\"@id\":\"https:\\\/\\\/secure.gravatar.com\\\/avatar\\\/7f2c48bdc33b30088f941fb6082e555f2874c98e20cb159d7b92b50eadfce793?s=96&d=mm&r=g\",\"url\":\"https:\\\/\\\/secure.gravatar.com\\\/avatar\\\/7f2c48bdc33b30088f941fb6082e555f2874c98e20cb159d7b92b50eadfce793?s=96&d=mm&r=g\",\"contentUrl\":\"https:\\\/\\\/secure.gravatar.com\\\/avatar\\\/7f2c48bdc33b30088f941fb6082e555f2874c98e20cb159d7b92b50eadfce793?s=96&d=mm&r=g\",\"caption\":\"Gente de B\u00e1squet\"},\"sameAs\":[\"http:\\\/\\\/gentedebasquet.com.ar\\\/sitio\"],\"url\":\"http:\\\/\\\/gentedebasquet.com.ar\\\/sitio\\\/author\\\/ulises\\\/\"}]}<\/script>\n<!-- \/ Yoast SEO plugin. -->","yoast_head_json":{"title":"Al menos estuvo en la cancha - Gente de B\u00e1squet","robots":{"index":"index","follow":"follow","max-snippet":"max-snippet:-1","max-image-preview":"max-image-preview:large","max-video-preview":"max-video-preview:-1"},"canonical":"https:\/\/gentedebasquet.com.ar\/sitio\/2014\/02\/11\/al-menos-estuvo-en-la-cancha\/","og_locale":"es_ES","og_type":"article","og_title":"Al menos estuvo en la cancha - Gente de B\u00e1squet","og_description":"San Antonio Spurs se volvi\u00f3 a presentar sin Emanuel Gin\u00f3bili, en la derrota con los Pistons, en Detroit, por 109 a 100. Afortunadamente, \u00abManu\u00bb se uni\u00f3 al grupo luego de entrenar solo en Texas desde el 28 de enero \u00faltimo, d\u00eda en que se lesion\u00f3 ante Houston. Volver\u00eda despu\u00e9s del All Star.","og_url":"https:\/\/gentedebasquet.com.ar\/sitio\/2014\/02\/11\/al-menos-estuvo-en-la-cancha\/","og_site_name":"Gente de B\u00e1squet","article_published_time":"2014-02-11T02:50:29+00:00","author":"Gente de B\u00e1squet","twitter_card":"summary_large_image","twitter_misc":{"Escrito por":"Gente de B\u00e1squet","Tiempo de lectura":"2 minutos"},"schema":{"@context":"https:\/\/schema.org","@graph":[{"@type":"Article","@id":"https:\/\/gentedebasquet.com.ar\/sitio\/2014\/02\/11\/al-menos-estuvo-en-la-cancha\/#article","isPartOf":{"@id":"https:\/\/gentedebasquet.com.ar\/sitio\/2014\/02\/11\/al-menos-estuvo-en-la-cancha\/"},"author":{"name":"Gente de B\u00e1squet","@id":"https:\/\/gentedebasquet.com.ar\/sitio\/#\/schema\/person\/ca0b63bbb977369988a7bbbdc519943a"},"headline":"Al menos estuvo en la cancha","datePublished":"2014-02-11T02:50:29+00:00","mainEntityOfPage":{"@id":"https:\/\/gentedebasquet.com.ar\/sitio\/2014\/02\/11\/al-menos-estuvo-en-la-cancha\/"},"wordCount":306,"commentCount":0,"articleSection":["Bahienses Afuera"],"inLanguage":"es","potentialAction":[{"@type":"CommentAction","name":"Comment","target":["https:\/\/gentedebasquet.com.ar\/sitio\/2014\/02\/11\/al-menos-estuvo-en-la-cancha\/#respond"]}]},{"@type":"WebPage","@id":"https:\/\/gentedebasquet.com.ar\/sitio\/2014\/02\/11\/al-menos-estuvo-en-la-cancha\/","url":"https:\/\/gentedebasquet.com.ar\/sitio\/2014\/02\/11\/al-menos-estuvo-en-la-cancha\/","name":"Al menos estuvo en la cancha - Gente de B\u00e1squet","isPartOf":{"@id":"https:\/\/gentedebasquet.com.ar\/sitio\/#website"},"datePublished":"2014-02-11T02:50:29+00:00","author":{"@id":"https:\/\/gentedebasquet.com.ar\/sitio\/#\/schema\/person\/ca0b63bbb977369988a7bbbdc519943a"},"breadcrumb":{"@id":"https:\/\/gentedebasquet.com.ar\/sitio\/2014\/02\/11\/al-menos-estuvo-en-la-cancha\/#breadcrumb"},"inLanguage":"es","potentialAction":[{"@type":"ReadAction","target":["https:\/\/gentedebasquet.com.ar\/sitio\/2014\/02\/11\/al-menos-estuvo-en-la-cancha\/"]}]},{"@type":"BreadcrumbList","@id":"https:\/\/gentedebasquet.com.ar\/sitio\/2014\/02\/11\/al-menos-estuvo-en-la-cancha\/#breadcrumb","itemListElement":[{"@type":"ListItem","position":1,"name":"Portada","item":"https:\/\/gentedebasquet.com.ar\/sitio\/"},{"@type":"ListItem","position":2,"name":"Al menos estuvo en la cancha"}]},{"@type":"WebSite","@id":"https:\/\/gentedebasquet.com.ar\/sitio\/#website","url":"https:\/\/gentedebasquet.com.ar\/sitio\/","name":"Gente de B\u00e1squet","description":"La revista del basquet de Bah\u00eda Blanca","potentialAction":[{"@type":"SearchAction","target":{"@type":"EntryPoint","urlTemplate":"https:\/\/gentedebasquet.com.ar\/sitio\/?s={search_term_string}"},"query-input":{"@type":"PropertyValueSpecification","valueRequired":true,"valueName":"search_term_string"}}],"inLanguage":"es"},{"@type":"Person","@id":"https:\/\/gentedebasquet.com.ar\/sitio\/#\/schema\/person\/ca0b63bbb977369988a7bbbdc519943a","name":"Gente de B\u00e1squet","image":{"@type":"ImageObject","inLanguage":"es","@id":"https:\/\/secure.gravatar.com\/avatar\/7f2c48bdc33b30088f941fb6082e555f2874c98e20cb159d7b92b50eadfce793?s=96&d=mm&r=g","url":"https:\/\/secure.gravatar.com\/avatar\/7f2c48bdc33b30088f941fb6082e555f2874c98e20cb159d7b92b50eadfce793?s=96&d=mm&r=g","contentUrl":"https:\/\/secure.gravatar.com\/avatar\/7f2c48bdc33b30088f941fb6082e555f2874c98e20cb159d7b92b50eadfce793?s=96&d=mm&r=g","caption":"Gente de B\u00e1squet"},"sameAs":["http:\/\/gentedebasquet.com.ar\/sitio"],"url":"http:\/\/gentedebasquet.com.ar\/sitio\/author\/ulises\/"}]}},"_links":{"self":[{"href":"http:\/\/gentedebasquet.com.ar\/sitio\/wp-json\/wp\/v2\/posts\/22116","targetHints":{"allow":["GET"]}}],"collection":[{"href":"http:\/\/gentedebasquet.com.ar\/sitio\/wp-json\/wp\/v2\/posts"}],"about":[{"href":"http:\/\/gentedebasquet.com.ar\/sitio\/wp-json\/wp\/v2\/types\/post"}],"author":[{"embeddable":true,"href":"http:\/\/gentedebasquet.com.ar\/sitio\/wp-json\/wp\/v2\/users\/1"}],"replies":[{"embeddable":true,"href":"http:\/\/gentedebasquet.com.ar\/sitio\/wp-json\/wp\/v2\/comments?post=22116"}],"version-history":[{"count":0,"href":"http:\/\/gentedebasquet.com.ar\/sitio\/wp-json\/wp\/v2\/posts\/22116\/revisions"}],"wp:attachment":[{"href":"http:\/\/gentedebasquet.com.ar\/sitio\/wp-json\/wp\/v2\/media?parent=22116"}],"wp:term":[{"taxonomy":"category","embeddable":true,"href":"http:\/\/gentedebasquet.com.ar\/sitio\/wp-json\/wp\/v2\/categories?post=22116"},{"taxonomy":"post_tag","embeddable":true,"href":"http:\/\/gentedebasquet.com.ar\/sitio\/wp-json\/wp\/v2\/tags?post=22116"}],"curies":[{"name":"wp","href":"https:\/\/api.w.org\/{rel}","templated":true}]}}