{"id":22265,"date":"2014-02-16T16:13:24","date_gmt":"2014-02-16T19:13:24","guid":{"rendered":"http:\/\/www.gentedebasquet.com.ar\/?p=22265"},"modified":"2014-02-16T16:13:24","modified_gmt":"2014-02-16T19:13:24","slug":"exitosa-video-conferencia-informativa-del-federal","status":"publish","type":"post","link":"http:\/\/gentedebasquet.com.ar\/sitio\/2014\/02\/16\/exitosa-video-conferencia-informativa-del-federal\/","title":{"rendered":"Exitosa v\u00eddeo conferencia del Federal Femenino"},"content":{"rendered":"<p><strong>Este s\u00e1bado por la ma\u00f1ana en las oficinas de ProEnter se llev\u00f3 a cabo, como estaba previsto, la reuni\u00f3n del Torneo Federal Femenino que organiza la Confederaci\u00f3n Argentina de B\u00e1squetbol. Se abordaron muchos temas, con un buen acompa\u00f1amiento de personas a trav\u00e9s de internet.<\/strong><\/p>\n<p>Pas\u00f3 la primer gran prueba de fuego del Torneo Federal Femenino para la organizaci\u00f3n de su primera edici\u00f3n en este 2014 y fue realizar en la modalidad de v\u00eddeo conferencia una reuni\u00f3n informativa en la que se pueda a la mayor cantidad de interesados y que los mismos puedan interactuar y evacuar sus dudas con los dirigentes presentes, cabezas principales del proyecto: el Ingeniero Ricardo Siri (VicePresidente CABB y Presidente TFB) y Enrique Tolcachier (Director Deportivo CABB).<\/p>\n<p>Comenz\u00f3 a las 11 horas en las oficinas de ProEnter y adem\u00e1s de algunos dirigentes presentes, hubo un buen acompa\u00f1amiento, seguimiento y participaci\u00f3n de los interesados en conocer las condiciones del certamen, a lo largo y ancho de todo el pa\u00eds, siendo m\u00e1s de 150 personas siguiendo a trav\u00e9s de internet. Adem\u00e1s de los dos dirigentes, estuvo Cristian Santander, Entrenador de la Selecci\u00f3n Argentina de Mayores.<\/p>\n<p>Se explicaron los aspectos m\u00e1s importantes del torneo y hubo algunos cambios a lo planteado en la primera reuni\u00f3n en el mes de diciembre.<\/p>\n<p>Hay que destacar y recalcar que muchos de los puntos son estimativos, ya que puede haber modificaciones, principalmente en la diagramaci\u00f3n de las Regiones y por ende, en las Forma de Disputa, ya que podr\u00e1 variar de acuerdo a la cantidad de equipos participantes.<\/p>\n<p><span style=\"color: #ffcc99;\">.<\/span><\/p>\n<p><strong>REGIONES Y CONFERENCIAS<\/strong><\/p>\n<p><em>Regi\u00f3n Norte:<\/em> NorOeste Argentino \u2013 NorEste Argentino<\/p>\n<p>Regi\u00f3n Centro: Litoral \u2013 Central Andina<\/p>\n<p><em>Regi\u00f3n Sur:<\/em> Metropolitana \u2013 Bonaerense \u2013 Patagonia<\/p>\n<p><strong>CONFERENCIAS Y FEDERACIONES<\/strong><\/p>\n<p><em><strong>REGI\u00d3N NORTE<\/strong><\/em><\/p>\n<p><em>Conferencia NOA:<\/em> Salta \u2013 Jujuy \u2013 Tucum\u00e1n \u2013 Santiago del Estero \u2013 Catamarca \u2013 La Rioja \u2013 C\u00f3rdoba<\/p>\n<p><em>Conferencia NEA:<\/em> Misiones \u2013 Formosa \u2013 Chaco \u2013 Corrientes<\/p>\n<p><em><strong>REGI\u00d3N CENTRO<\/strong><\/em><\/p>\n<p><em>Conferencia Litoral:<\/em> Entre R\u00edos \u2013 Santa Fe<\/p>\n<p><em>Conferencia Central Andina:<\/em> San Luis \u2013 San Juan \u2013 Mendoza \u2013 C\u00f3rdoba \u2013 La Pampa<\/p>\n<p><strong><em>REGI\u00d3N SUR<\/em><\/strong><\/p>\n<p><em>Conferencia Metropolitana:<\/em> Capital Federal (Femamba)<\/p>\n<p><em>Conferencia Bonaerense:<\/em> Buenos Aires<\/p>\n<p><em>Conferencia Patagonia:<\/em> Buenos Aires \u2013 La Pampa \u2013 Neuqu\u00e9n \u2013 R\u00edo Negro \u2013 Chubut \u2013 Santa Cruz \u2013 Tierra del Fuego<\/p>\n<p><strong>FASES DE COMPETENCIA<\/strong><\/p>\n<p><em><strong>PRIMERA FASE: CONFERENCIA \u2013 16\/5 al 29\/6<\/strong><\/em><\/p>\n<p>De acuerdo a las distancias geogr\u00e1ficas entre los equipos se establecen dos posibilidades de formato:<\/p>\n<p>+ Todos contra todos<\/p>\n<p>+ Por triangulares, cuadrangulares o pentagonales en 2 o 3 sedes rotativas<\/p>\n<p><em><strong>SEGUNDA FASE: REGIONAL \u2013 11\/7 al 27\/7<\/strong><\/em><\/p>\n<p>De acuerdo a una clasificaci\u00f3n determinada de la Fase de Conferencia los equipos se dividir\u00e1n en 2 o 3 Regiones (Norte, Centro y Sur).<\/p>\n<p>+ Se disputar\u00e1n por triangulares, cuadrangulares o pentagonales en 1 o 2 sedes rotativas.<\/p>\n<p><em><strong>TERCERA FASE: NACIONAL \u2013 29\/8 al 14\/9<\/strong><\/em><\/p>\n<p>De acuerdo a la clasificaci\u00f3n obtenida en la Fase Regional se disputar\u00e1 en dos formatos posibles de acuerdo a las distancias geogr\u00e1ficas de los equipos:<\/p>\n<p>+ Cuadrangular, pentagonal o hexagonal<\/p>\n<p>+ Play off al mejor de 5 partidos<\/p>\n<p>A partir de este domingo podr\u00e1 verse la v\u00eddeo conferencia completa a trav\u00e9s de la <a href=\"http:\/\/www.federalfemenino.com.ar\/\" target=\"_blank\" rel=\"noopener\">web oficial<\/a> del Federal Femenino y estar\u00e1n cargados todos los aspectos m\u00e1s importantes a tener en cuenta.<\/p>\n<p><strong>Fuente:<\/strong> Federico Radulovich (Prensa CABB)<\/p>\n<p><strong>Foto:<\/strong> Mayra Westre-CABB\/TFFB<\/p>\n","protected":false},"excerpt":{"rendered":"<p>La Primera Fase del torneo comenzar\u00e1 el pr\u00f3ximo 16 de mayo<\/p>\n","protected":false},"author":1,"featured_media":25580,"comment_status":"open","ping_status":"open","sticky":false,"template":"","format":"standard","meta":{"jnews-multi-image_gallery":[],"jnews_single_post":[],"jnews_primary_category":[],"footnotes":""},"categories":[102,33],"tags":[2,6,12],"class_list":["post-22265","post","type-post","status-publish","format-standard","has-post-thumbnail","hentry","category-federal-femenino","category-femenino","tag-9dejulio","tag-barracas-central","tag-independiente"],"yoast_head":"<!-- This site is optimized with the Yoast SEO plugin v27.5 - https:\/\/yoast.com\/product\/yoast-seo-wordpress\/ -->\n<title>Exitosa v\u00eddeo conferencia del Federal Femenino - Gente de B\u00e1squet<\/title>\n<meta name=\"robots\" content=\"index, follow, max-snippet:-1, max-image-preview:large, max-video-preview:-1\" \/>\n<link rel=\"canonical\" href=\"https:\/\/gentedebasquet.com.ar\/sitio\/2014\/02\/16\/exitosa-video-conferencia-informativa-del-federal\/\" \/>\n<meta property=\"og:locale\" content=\"es_ES\" \/>\n<meta property=\"og:type\" content=\"article\" \/>\n<meta property=\"og:title\" content=\"Exitosa v\u00eddeo conferencia del Federal Femenino - Gente de B\u00e1squet\" \/>\n<meta property=\"og:description\" content=\"La Primera Fase del torneo comenzar\u00e1 el pr\u00f3ximo 16 de mayo\" \/>\n<meta property=\"og:url\" content=\"https:\/\/gentedebasquet.com.ar\/sitio\/2014\/02\/16\/exitosa-video-conferencia-informativa-del-federal\/\" \/>\n<meta property=\"og:site_name\" content=\"Gente de B\u00e1squet\" \/>\n<meta property=\"article:published_time\" content=\"2014-02-16T19:13:24+00:00\" \/>\n<meta property=\"og:image\" content=\"https:\/\/gentedebasquet.com.ar\/sitio\/wp-content\/uploads\/2013\/11\/Federal-Femenino-2.jpg\" \/>\n\t<meta property=\"og:image:width\" content=\"300\" \/>\n\t<meta property=\"og:image:height\" content=\"225\" \/>\n\t<meta property=\"og:image:type\" content=\"image\/jpeg\" \/>\n<meta name=\"author\" content=\"Gente de B\u00e1squet\" \/>\n<meta name=\"twitter:card\" content=\"summary_large_image\" \/>\n<meta name=\"twitter:label1\" content=\"Escrito por\" \/>\n\t<meta name=\"twitter:data1\" content=\"Gente de B\u00e1squet\" \/>\n\t<meta name=\"twitter:label2\" content=\"Tiempo de lectura\" \/>\n\t<meta name=\"twitter:data2\" content=\"3 minutos\" \/>\n<script type=\"application\/ld+json\" class=\"yoast-schema-graph\">{\"@context\":\"https:\\\/\\\/schema.org\",\"@graph\":[{\"@type\":\"Article\",\"@id\":\"https:\\\/\\\/gentedebasquet.com.ar\\\/sitio\\\/2014\\\/02\\\/16\\\/exitosa-video-conferencia-informativa-del-federal\\\/#article\",\"isPartOf\":{\"@id\":\"https:\\\/\\\/gentedebasquet.com.ar\\\/sitio\\\/2014\\\/02\\\/16\\\/exitosa-video-conferencia-informativa-del-federal\\\/\"},\"author\":{\"name\":\"Gente de B\u00e1squet\",\"@id\":\"https:\\\/\\\/gentedebasquet.com.ar\\\/sitio\\\/#\\\/schema\\\/person\\\/ca0b63bbb977369988a7bbbdc519943a\"},\"headline\":\"Exitosa v\u00eddeo conferencia del Federal Femenino\",\"datePublished\":\"2014-02-16T19:13:24+00:00\",\"mainEntityOfPage\":{\"@id\":\"https:\\\/\\\/gentedebasquet.com.ar\\\/sitio\\\/2014\\\/02\\\/16\\\/exitosa-video-conferencia-informativa-del-federal\\\/\"},\"wordCount\":541,\"commentCount\":0,\"image\":{\"@id\":\"https:\\\/\\\/gentedebasquet.com.ar\\\/sitio\\\/2014\\\/02\\\/16\\\/exitosa-video-conferencia-informativa-del-federal\\\/#primaryimage\"},\"thumbnailUrl\":\"http:\\\/\\\/gentedebasquet.com.ar\\\/sitio\\\/wp-content\\\/uploads\\\/2013\\\/11\\\/Federal-Femenino-2.jpg\",\"keywords\":[\"9 de Julio\",\"Barracas Central\",\"independiente\"],\"articleSection\":[\"Federal Femenino\",\"Femenino\"],\"inLanguage\":\"es\",\"potentialAction\":[{\"@type\":\"CommentAction\",\"name\":\"Comment\",\"target\":[\"https:\\\/\\\/gentedebasquet.com.ar\\\/sitio\\\/2014\\\/02\\\/16\\\/exitosa-video-conferencia-informativa-del-federal\\\/#respond\"]}]},{\"@type\":\"WebPage\",\"@id\":\"https:\\\/\\\/gentedebasquet.com.ar\\\/sitio\\\/2014\\\/02\\\/16\\\/exitosa-video-conferencia-informativa-del-federal\\\/\",\"url\":\"https:\\\/\\\/gentedebasquet.com.ar\\\/sitio\\\/2014\\\/02\\\/16\\\/exitosa-video-conferencia-informativa-del-federal\\\/\",\"name\":\"Exitosa v\u00eddeo conferencia del Federal Femenino - Gente de B\u00e1squet\",\"isPartOf\":{\"@id\":\"https:\\\/\\\/gentedebasquet.com.ar\\\/sitio\\\/#website\"},\"primaryImageOfPage\":{\"@id\":\"https:\\\/\\\/gentedebasquet.com.ar\\\/sitio\\\/2014\\\/02\\\/16\\\/exitosa-video-conferencia-informativa-del-federal\\\/#primaryimage\"},\"image\":{\"@id\":\"https:\\\/\\\/gentedebasquet.com.ar\\\/sitio\\\/2014\\\/02\\\/16\\\/exitosa-video-conferencia-informativa-del-federal\\\/#primaryimage\"},\"thumbnailUrl\":\"http:\\\/\\\/gentedebasquet.com.ar\\\/sitio\\\/wp-content\\\/uploads\\\/2013\\\/11\\\/Federal-Femenino-2.jpg\",\"datePublished\":\"2014-02-16T19:13:24+00:00\",\"author\":{\"@id\":\"https:\\\/\\\/gentedebasquet.com.ar\\\/sitio\\\/#\\\/schema\\\/person\\\/ca0b63bbb977369988a7bbbdc519943a\"},\"breadcrumb\":{\"@id\":\"https:\\\/\\\/gentedebasquet.com.ar\\\/sitio\\\/2014\\\/02\\\/16\\\/exitosa-video-conferencia-informativa-del-federal\\\/#breadcrumb\"},\"inLanguage\":\"es\",\"potentialAction\":[{\"@type\":\"ReadAction\",\"target\":[\"https:\\\/\\\/gentedebasquet.com.ar\\\/sitio\\\/2014\\\/02\\\/16\\\/exitosa-video-conferencia-informativa-del-federal\\\/\"]}]},{\"@type\":\"ImageObject\",\"inLanguage\":\"es\",\"@id\":\"https:\\\/\\\/gentedebasquet.com.ar\\\/sitio\\\/2014\\\/02\\\/16\\\/exitosa-video-conferencia-informativa-del-federal\\\/#primaryimage\",\"url\":\"http:\\\/\\\/gentedebasquet.com.ar\\\/sitio\\\/wp-content\\\/uploads\\\/2013\\\/11\\\/Federal-Femenino-2.jpg\",\"contentUrl\":\"http:\\\/\\\/gentedebasquet.com.ar\\\/sitio\\\/wp-content\\\/uploads\\\/2013\\\/11\\\/Federal-Femenino-2.jpg\",\"width\":300,\"height\":225},{\"@type\":\"BreadcrumbList\",\"@id\":\"https:\\\/\\\/gentedebasquet.com.ar\\\/sitio\\\/2014\\\/02\\\/16\\\/exitosa-video-conferencia-informativa-del-federal\\\/#breadcrumb\",\"itemListElement\":[{\"@type\":\"ListItem\",\"position\":1,\"name\":\"Portada\",\"item\":\"https:\\\/\\\/gentedebasquet.com.ar\\\/sitio\\\/\"},{\"@type\":\"ListItem\",\"position\":2,\"name\":\"Exitosa v\u00eddeo conferencia del Federal Femenino\"}]},{\"@type\":\"WebSite\",\"@id\":\"https:\\\/\\\/gentedebasquet.com.ar\\\/sitio\\\/#website\",\"url\":\"https:\\\/\\\/gentedebasquet.com.ar\\\/sitio\\\/\",\"name\":\"Gente de B\u00e1squet\",\"description\":\"La revista del basquet de Bah\u00eda Blanca\",\"potentialAction\":[{\"@type\":\"SearchAction\",\"target\":{\"@type\":\"EntryPoint\",\"urlTemplate\":\"https:\\\/\\\/gentedebasquet.com.ar\\\/sitio\\\/?s={search_term_string}\"},\"query-input\":{\"@type\":\"PropertyValueSpecification\",\"valueRequired\":true,\"valueName\":\"search_term_string\"}}],\"inLanguage\":\"es\"},{\"@type\":\"Person\",\"@id\":\"https:\\\/\\\/gentedebasquet.com.ar\\\/sitio\\\/#\\\/schema\\\/person\\\/ca0b63bbb977369988a7bbbdc519943a\",\"name\":\"Gente de B\u00e1squet\",\"image\":{\"@type\":\"ImageObject\",\"inLanguage\":\"es\",\"@id\":\"https:\\\/\\\/secure.gravatar.com\\\/avatar\\\/7f2c48bdc33b30088f941fb6082e555f2874c98e20cb159d7b92b50eadfce793?s=96&d=mm&r=g\",\"url\":\"https:\\\/\\\/secure.gravatar.com\\\/avatar\\\/7f2c48bdc33b30088f941fb6082e555f2874c98e20cb159d7b92b50eadfce793?s=96&d=mm&r=g\",\"contentUrl\":\"https:\\\/\\\/secure.gravatar.com\\\/avatar\\\/7f2c48bdc33b30088f941fb6082e555f2874c98e20cb159d7b92b50eadfce793?s=96&d=mm&r=g\",\"caption\":\"Gente de B\u00e1squet\"},\"sameAs\":[\"http:\\\/\\\/gentedebasquet.com.ar\\\/sitio\"],\"url\":\"http:\\\/\\\/gentedebasquet.com.ar\\\/sitio\\\/author\\\/ulises\\\/\"}]}<\/script>\n<!-- \/ Yoast SEO plugin. -->","yoast_head_json":{"title":"Exitosa v\u00eddeo conferencia del Federal Femenino - Gente de B\u00e1squet","robots":{"index":"index","follow":"follow","max-snippet":"max-snippet:-1","max-image-preview":"max-image-preview:large","max-video-preview":"max-video-preview:-1"},"canonical":"https:\/\/gentedebasquet.com.ar\/sitio\/2014\/02\/16\/exitosa-video-conferencia-informativa-del-federal\/","og_locale":"es_ES","og_type":"article","og_title":"Exitosa v\u00eddeo conferencia del Federal Femenino - Gente de B\u00e1squet","og_description":"La Primera Fase del torneo comenzar\u00e1 el pr\u00f3ximo 16 de mayo","og_url":"https:\/\/gentedebasquet.com.ar\/sitio\/2014\/02\/16\/exitosa-video-conferencia-informativa-del-federal\/","og_site_name":"Gente de B\u00e1squet","article_published_time":"2014-02-16T19:13:24+00:00","og_image":[{"width":300,"height":225,"url":"https:\/\/gentedebasquet.com.ar\/sitio\/wp-content\/uploads\/2013\/11\/Federal-Femenino-2.jpg","type":"image\/jpeg"}],"author":"Gente de B\u00e1squet","twitter_card":"summary_large_image","twitter_misc":{"Escrito por":"Gente de B\u00e1squet","Tiempo de lectura":"3 minutos"},"schema":{"@context":"https:\/\/schema.org","@graph":[{"@type":"Article","@id":"https:\/\/gentedebasquet.com.ar\/sitio\/2014\/02\/16\/exitosa-video-conferencia-informativa-del-federal\/#article","isPartOf":{"@id":"https:\/\/gentedebasquet.com.ar\/sitio\/2014\/02\/16\/exitosa-video-conferencia-informativa-del-federal\/"},"author":{"name":"Gente de B\u00e1squet","@id":"https:\/\/gentedebasquet.com.ar\/sitio\/#\/schema\/person\/ca0b63bbb977369988a7bbbdc519943a"},"headline":"Exitosa v\u00eddeo conferencia del Federal Femenino","datePublished":"2014-02-16T19:13:24+00:00","mainEntityOfPage":{"@id":"https:\/\/gentedebasquet.com.ar\/sitio\/2014\/02\/16\/exitosa-video-conferencia-informativa-del-federal\/"},"wordCount":541,"commentCount":0,"image":{"@id":"https:\/\/gentedebasquet.com.ar\/sitio\/2014\/02\/16\/exitosa-video-conferencia-informativa-del-federal\/#primaryimage"},"thumbnailUrl":"http:\/\/gentedebasquet.com.ar\/sitio\/wp-content\/uploads\/2013\/11\/Federal-Femenino-2.jpg","keywords":["9 de Julio","Barracas Central","independiente"],"articleSection":["Federal Femenino","Femenino"],"inLanguage":"es","potentialAction":[{"@type":"CommentAction","name":"Comment","target":["https:\/\/gentedebasquet.com.ar\/sitio\/2014\/02\/16\/exitosa-video-conferencia-informativa-del-federal\/#respond"]}]},{"@type":"WebPage","@id":"https:\/\/gentedebasquet.com.ar\/sitio\/2014\/02\/16\/exitosa-video-conferencia-informativa-del-federal\/","url":"https:\/\/gentedebasquet.com.ar\/sitio\/2014\/02\/16\/exitosa-video-conferencia-informativa-del-federal\/","name":"Exitosa v\u00eddeo conferencia del Federal Femenino - Gente de B\u00e1squet","isPartOf":{"@id":"https:\/\/gentedebasquet.com.ar\/sitio\/#website"},"primaryImageOfPage":{"@id":"https:\/\/gentedebasquet.com.ar\/sitio\/2014\/02\/16\/exitosa-video-conferencia-informativa-del-federal\/#primaryimage"},"image":{"@id":"https:\/\/gentedebasquet.com.ar\/sitio\/2014\/02\/16\/exitosa-video-conferencia-informativa-del-federal\/#primaryimage"},"thumbnailUrl":"http:\/\/gentedebasquet.com.ar\/sitio\/wp-content\/uploads\/2013\/11\/Federal-Femenino-2.jpg","datePublished":"2014-02-16T19:13:24+00:00","author":{"@id":"https:\/\/gentedebasquet.com.ar\/sitio\/#\/schema\/person\/ca0b63bbb977369988a7bbbdc519943a"},"breadcrumb":{"@id":"https:\/\/gentedebasquet.com.ar\/sitio\/2014\/02\/16\/exitosa-video-conferencia-informativa-del-federal\/#breadcrumb"},"inLanguage":"es","potentialAction":[{"@type":"ReadAction","target":["https:\/\/gentedebasquet.com.ar\/sitio\/2014\/02\/16\/exitosa-video-conferencia-informativa-del-federal\/"]}]},{"@type":"ImageObject","inLanguage":"es","@id":"https:\/\/gentedebasquet.com.ar\/sitio\/2014\/02\/16\/exitosa-video-conferencia-informativa-del-federal\/#primaryimage","url":"http:\/\/gentedebasquet.com.ar\/sitio\/wp-content\/uploads\/2013\/11\/Federal-Femenino-2.jpg","contentUrl":"http:\/\/gentedebasquet.com.ar\/sitio\/wp-content\/uploads\/2013\/11\/Federal-Femenino-2.jpg","width":300,"height":225},{"@type":"BreadcrumbList","@id":"https:\/\/gentedebasquet.com.ar\/sitio\/2014\/02\/16\/exitosa-video-conferencia-informativa-del-federal\/#breadcrumb","itemListElement":[{"@type":"ListItem","position":1,"name":"Portada","item":"https:\/\/gentedebasquet.com.ar\/sitio\/"},{"@type":"ListItem","position":2,"name":"Exitosa v\u00eddeo conferencia del Federal Femenino"}]},{"@type":"WebSite","@id":"https:\/\/gentedebasquet.com.ar\/sitio\/#website","url":"https:\/\/gentedebasquet.com.ar\/sitio\/","name":"Gente de B\u00e1squet","description":"La revista del basquet de Bah\u00eda Blanca","potentialAction":[{"@type":"SearchAction","target":{"@type":"EntryPoint","urlTemplate":"https:\/\/gentedebasquet.com.ar\/sitio\/?s={search_term_string}"},"query-input":{"@type":"PropertyValueSpecification","valueRequired":true,"valueName":"search_term_string"}}],"inLanguage":"es"},{"@type":"Person","@id":"https:\/\/gentedebasquet.com.ar\/sitio\/#\/schema\/person\/ca0b63bbb977369988a7bbbdc519943a","name":"Gente de B\u00e1squet","image":{"@type":"ImageObject","inLanguage":"es","@id":"https:\/\/secure.gravatar.com\/avatar\/7f2c48bdc33b30088f941fb6082e555f2874c98e20cb159d7b92b50eadfce793?s=96&d=mm&r=g","url":"https:\/\/secure.gravatar.com\/avatar\/7f2c48bdc33b30088f941fb6082e555f2874c98e20cb159d7b92b50eadfce793?s=96&d=mm&r=g","contentUrl":"https:\/\/secure.gravatar.com\/avatar\/7f2c48bdc33b30088f941fb6082e555f2874c98e20cb159d7b92b50eadfce793?s=96&d=mm&r=g","caption":"Gente de B\u00e1squet"},"sameAs":["http:\/\/gentedebasquet.com.ar\/sitio"],"url":"http:\/\/gentedebasquet.com.ar\/sitio\/author\/ulises\/"}]}},"_links":{"self":[{"href":"http:\/\/gentedebasquet.com.ar\/sitio\/wp-json\/wp\/v2\/posts\/22265","targetHints":{"allow":["GET"]}}],"collection":[{"href":"http:\/\/gentedebasquet.com.ar\/sitio\/wp-json\/wp\/v2\/posts"}],"about":[{"href":"http:\/\/gentedebasquet.com.ar\/sitio\/wp-json\/wp\/v2\/types\/post"}],"author":[{"embeddable":true,"href":"http:\/\/gentedebasquet.com.ar\/sitio\/wp-json\/wp\/v2\/users\/1"}],"replies":[{"embeddable":true,"href":"http:\/\/gentedebasquet.com.ar\/sitio\/wp-json\/wp\/v2\/comments?post=22265"}],"version-history":[{"count":0,"href":"http:\/\/gentedebasquet.com.ar\/sitio\/wp-json\/wp\/v2\/posts\/22265\/revisions"}],"wp:featuredmedia":[{"embeddable":true,"href":"http:\/\/gentedebasquet.com.ar\/sitio\/wp-json\/wp\/v2\/media\/25580"}],"wp:attachment":[{"href":"http:\/\/gentedebasquet.com.ar\/sitio\/wp-json\/wp\/v2\/media?parent=22265"}],"wp:term":[{"taxonomy":"category","embeddable":true,"href":"http:\/\/gentedebasquet.com.ar\/sitio\/wp-json\/wp\/v2\/categories?post=22265"},{"taxonomy":"post_tag","embeddable":true,"href":"http:\/\/gentedebasquet.com.ar\/sitio\/wp-json\/wp\/v2\/tags?post=22265"}],"curies":[{"name":"wp","href":"https:\/\/api.w.org\/{rel}","templated":true}]}}