{"id":22280,"date":"2014-02-16T00:33:27","date_gmt":"2014-02-16T00:33:27","guid":{"rendered":"http:\/\/www.gentedebasquet.com.ar\/?p=22280"},"modified":"2014-02-16T00:33:27","modified_gmt":"2014-02-16T00:33:27","slug":"tambaleo-sobre-el-final-pero-lo-gano","status":"publish","type":"post","link":"http:\/\/gentedebasquet.com.ar\/sitio\/2014\/02\/16\/tambaleo-sobre-el-final-pero-lo-gano\/","title":{"rendered":"Tambale\u00f3 sobre el final, pero lo gan\u00f3"},"content":{"rendered":"<p><strong><em>El Nacional consigui\u00f3 su primer victoria tras ganarle 73-63 a Olimpo en la apertura de la Copa Patagonia. El conjunto de Canosa arranc\u00f3 sin sacarse diferencias con el aurinegro, sin embargo, en los dos cuartos siguientes, el equipo de Allende decay\u00f3 notablemente, permitiendo al local, conseguir una abultada ventaja. Sobre el final, el \u201cceleste\u201d solt\u00f3 demasiado el acelerador y termin\u00f3 sufriendo. Mor\u00e1n y Quiroga fueron los goleadores con 15 y 14 puntos respectivamente. En frente, Germ\u00e1n Ressia acumul\u00f3 26.<!--more--><\/em><\/strong><\/p>\n<p>El partido comenz\u00f3 con ambos equipos sin sacarse diferencias. En el local, Mor\u00e1n e Iraola se asociaban para girar la bola, mientras que Alonso, se encargaba del goleo acumulando 5 puntos. Por el lado del aurinegro, era todo de los hermanos Ressia, Germ\u00e1n y Gast\u00f3n llevaban adelante a Olimpo, sumando 13 unidades entre los dos. De esta manera, el conjunto de El Nacional, terminaba arriba, 20-15.<\/p>\n<p>En el segundo cuarto, el equipo de Allende baj\u00f3 el nivel notablemente, los Ressia estuvieron pr\u00e1cticamente nulos en el goleo y el resto del equipo logr\u00f3 sumar solo 8 puntos en todo el cuarto. Esta situaci\u00f3n fue muy bien aprovechada por el local. El \u201cpollo\u201d Mor\u00e1n se pon\u00eda el goleo al hombro y acumulaba 10 unidades, mientras que Iraola cristalizaba otros 5 arrojos. As\u00ed, el conjunto de Canosa, se iba al descanso m\u00e1s largo con una gran diferencia conseguida, 44-23.<\/p>\n<p>Ya en el tercer per\u00edodo, la visita comenz\u00f3 a levantar la cabeza de a poco. Gast\u00f3n Ressia despert\u00f3 de la siesta y volvi\u00f3 al goleo sumando 10 unidades. En frente, Iraola continuaba anotando, acumulando 4 puntos m\u00e1s. La misma puntuaci\u00f3n consegu\u00eda Nicolas Quiroga, quien se encargaba de bajar los rebotes ofensivos y corregir. De este modo, el equipo de Canosa continuaba arriba, 55-39.<\/p>\n<p>En los \u00faltimos diez minutos, Canosa puso en cancha a los suplentes, que poco le sumaron. La entrada de Ilekis, Moreyra y Kamerdeek no le dio ning\u00fan respiro al equipo. Con pases errados, tiros malogrados y errores infantiles, El Nacional ve\u00eda como Olimpo se acercaba peligrosamente. Sumado a esto, Germ\u00e1n Ressia consegu\u00eda un momento de puro talento y acumulaba 16 puntos, dejando a el aurinegro a solo 6 unidades 69-63. Sin embargo, el t\u00e9cnico local, obligado a contar nuevamente con los titulares, dio el paso a Alonso y Mor\u00e1n para aguantar el bal\u00f3n y dejar que el reloj marque cero. De esta manera, El Nacional, con un traspi\u00e9 en el final, consigui\u00f3 su primera victoria.<\/p>\n<p><span style=\"color: #ffcc99;\">\u00a0.<\/span><\/p>\n<p><em><strong><span style=\"text-decoration: underline;\">S\u00edntesis:<\/span><\/strong><\/em><\/p>\n<p><strong>El Nacional: 73<\/strong><\/p>\n<p>Iniciales: Braian Alonso (11); J. Pablo Mor\u00e1n (15); Pomar Garbarino (6); Emiliano Iraola (12); Facundo Mart\u00ednez (0).<\/p>\n<p>Ingresaron: Francisco Ilekis (2); Nicol\u00e1s Quiroga (14); Fernando Larra\u00f1aga (4); Gonzalo Moreyra (2); Facundo Sevillano (0); Gonzalo Kamerdeek (0); Francisco Hoffman (7).<\/p>\n<p><strong>DT:<\/strong> Rafael Canosa.<\/p>\n<p><strong>Olimpo: 63<\/strong><\/p>\n<p>Iniciales: Cristian Victoria (3); Germ\u00e1n Ressia (26); Agust\u00edn S\u00e1nchez (0); Gast\u00f3n Ressia (20); Marco Fern\u00e1ndez (2).<\/p>\n<p>Ingresaron: Franco Ruesga (5); Federico Montenegro (2); Facundo Arens (3); Lucas Lucchetti (0); Ezequiel Zani (2).<\/p>\n<p><strong>DT:<\/strong> Daniel Allende.<\/p>\n<p><span style=\"color: #ffcc99;\">.\u00a0<\/span><\/p>\n<p><strong>Cuartos:<\/strong> 20-15; 44-23; 55-39; 73-63.<\/p>\n<p><strong>Cinco faltas:<\/strong> Marco Fern\u00e1ndez (Olimpo)<\/p>\n<p><strong>\u00c1rbitros:<\/strong> Alejandro Go\u00f1i y Sebasti\u00e1n Arcas.<\/p>\n<p><a href=\"https:\/\/docs.google.com\/spreadsheet\/pub?key=0AhWH6MgjN9X5dG5pWVRReGVlVnZTd1FNMm1fbWpIcHc&amp;single=true&amp;gid=0&amp;output=html\" target=\"_blank\" rel=\"noopener\">Ver Planilla<\/a><\/p>\n<p><strong>Foto:<\/strong> <a href=\"https:\/\/twitter.com\/RomiSaldias\" target=\"_blank\" rel=\"noopener\">Romina Sald\u00edas<\/a>.<\/p>\n","protected":false},"excerpt":{"rendered":"<p>El Nacional consigui\u00f3 su primer victoria tras ganarle 73-63 a Olimpo en la apertura de la Copa Patagonia. El conjunto de Canosa arranc\u00f3 sin sacarse diferencias con el aurinegro, sin embargo, en los dos cuartos siguientes, el equipo de Allende decay\u00f3 notablemente, permitiendo al local, conseguir una abultada ventaja. Sobre el final, el \u201cceleste\u201d solt\u00f3 [&hellip;]<\/p>\n","protected":false},"author":1,"featured_media":25702,"comment_status":"open","ping_status":"open","sticky":false,"template":"","format":"standard","meta":{"jnews-multi-image_gallery":[],"jnews_single_post":[],"jnews_primary_category":[],"footnotes":""},"categories":[23],"tags":[9,16],"class_list":["post-22280","post","type-post","status-publish","format-standard","has-post-thumbnail","hentry","category-primera","tag-el-nacional","tag-olimpo"],"yoast_head":"<!-- This site is optimized with the Yoast SEO plugin v27.5 - https:\/\/yoast.com\/product\/yoast-seo-wordpress\/ -->\n<title>Tambale\u00f3 sobre el final, pero lo gan\u00f3 - Gente de B\u00e1squet<\/title>\n<meta name=\"robots\" content=\"index, follow, max-snippet:-1, max-image-preview:large, max-video-preview:-1\" \/>\n<link rel=\"canonical\" href=\"http:\/\/gentedebasquet.com.ar\/sitio\/2014\/02\/16\/tambaleo-sobre-el-final-pero-lo-gano\/\" \/>\n<meta property=\"og:locale\" content=\"es_ES\" \/>\n<meta property=\"og:type\" content=\"article\" \/>\n<meta property=\"og:title\" content=\"Tambale\u00f3 sobre el final, pero lo gan\u00f3 - Gente de B\u00e1squet\" \/>\n<meta property=\"og:description\" content=\"El Nacional consigui\u00f3 su primer victoria tras ganarle 73-63 a Olimpo en la apertura de la Copa Patagonia. El conjunto de Canosa arranc\u00f3 sin sacarse diferencias con el aurinegro, sin embargo, en los dos cuartos siguientes, el equipo de Allende decay\u00f3 notablemente, permitiendo al local, conseguir una abultada ventaja. Sobre el final, el \u201cceleste\u201d solt\u00f3 [&hellip;]\" \/>\n<meta property=\"og:url\" content=\"http:\/\/gentedebasquet.com.ar\/sitio\/2014\/02\/16\/tambaleo-sobre-el-final-pero-lo-gano\/\" \/>\n<meta property=\"og:site_name\" content=\"Gente de B\u00e1squet\" \/>\n<meta property=\"article:published_time\" content=\"2014-02-16T00:33:27+00:00\" \/>\n<meta property=\"og:image\" content=\"http:\/\/gentedebasquet.com.ar\/sitio\/wp-content\/uploads\/2014\/01\/MOran1.jpg\" \/>\n\t<meta property=\"og:image:width\" content=\"300\" \/>\n\t<meta property=\"og:image:height\" content=\"225\" \/>\n\t<meta property=\"og:image:type\" content=\"image\/jpeg\" \/>\n<meta name=\"author\" content=\"Gente de B\u00e1squet\" \/>\n<meta name=\"twitter:card\" content=\"summary_large_image\" \/>\n<meta name=\"twitter:label1\" content=\"Escrito por\" \/>\n\t<meta name=\"twitter:data1\" content=\"Gente de B\u00e1squet\" \/>\n\t<meta name=\"twitter:label2\" content=\"Tiempo de lectura\" \/>\n\t<meta name=\"twitter:data2\" content=\"3 minutos\" \/>\n<script type=\"application\/ld+json\" class=\"yoast-schema-graph\">{\"@context\":\"https:\\\/\\\/schema.org\",\"@graph\":[{\"@type\":\"Article\",\"@id\":\"http:\\\/\\\/gentedebasquet.com.ar\\\/sitio\\\/2014\\\/02\\\/16\\\/tambaleo-sobre-el-final-pero-lo-gano\\\/#article\",\"isPartOf\":{\"@id\":\"http:\\\/\\\/gentedebasquet.com.ar\\\/sitio\\\/2014\\\/02\\\/16\\\/tambaleo-sobre-el-final-pero-lo-gano\\\/\"},\"author\":{\"name\":\"Gente de B\u00e1squet\",\"@id\":\"https:\\\/\\\/gentedebasquet.com.ar\\\/sitio\\\/#\\\/schema\\\/person\\\/ca0b63bbb977369988a7bbbdc519943a\"},\"headline\":\"Tambale\u00f3 sobre el final, pero lo gan\u00f3\",\"datePublished\":\"2014-02-16T00:33:27+00:00\",\"mainEntityOfPage\":{\"@id\":\"http:\\\/\\\/gentedebasquet.com.ar\\\/sitio\\\/2014\\\/02\\\/16\\\/tambaleo-sobre-el-final-pero-lo-gano\\\/\"},\"wordCount\":514,\"commentCount\":0,\"image\":{\"@id\":\"http:\\\/\\\/gentedebasquet.com.ar\\\/sitio\\\/2014\\\/02\\\/16\\\/tambaleo-sobre-el-final-pero-lo-gano\\\/#primaryimage\"},\"thumbnailUrl\":\"http:\\\/\\\/gentedebasquet.com.ar\\\/sitio\\\/wp-content\\\/uploads\\\/2014\\\/01\\\/MOran1.jpg\",\"keywords\":[\"El Nacional\",\"Ol\u00edmpo\"],\"articleSection\":[\"Primera\"],\"inLanguage\":\"es\",\"potentialAction\":[{\"@type\":\"CommentAction\",\"name\":\"Comment\",\"target\":[\"http:\\\/\\\/gentedebasquet.com.ar\\\/sitio\\\/2014\\\/02\\\/16\\\/tambaleo-sobre-el-final-pero-lo-gano\\\/#respond\"]}]},{\"@type\":\"WebPage\",\"@id\":\"http:\\\/\\\/gentedebasquet.com.ar\\\/sitio\\\/2014\\\/02\\\/16\\\/tambaleo-sobre-el-final-pero-lo-gano\\\/\",\"url\":\"http:\\\/\\\/gentedebasquet.com.ar\\\/sitio\\\/2014\\\/02\\\/16\\\/tambaleo-sobre-el-final-pero-lo-gano\\\/\",\"name\":\"Tambale\u00f3 sobre el final, pero lo gan\u00f3 - Gente de B\u00e1squet\",\"isPartOf\":{\"@id\":\"https:\\\/\\\/gentedebasquet.com.ar\\\/sitio\\\/#website\"},\"primaryImageOfPage\":{\"@id\":\"http:\\\/\\\/gentedebasquet.com.ar\\\/sitio\\\/2014\\\/02\\\/16\\\/tambaleo-sobre-el-final-pero-lo-gano\\\/#primaryimage\"},\"image\":{\"@id\":\"http:\\\/\\\/gentedebasquet.com.ar\\\/sitio\\\/2014\\\/02\\\/16\\\/tambaleo-sobre-el-final-pero-lo-gano\\\/#primaryimage\"},\"thumbnailUrl\":\"http:\\\/\\\/gentedebasquet.com.ar\\\/sitio\\\/wp-content\\\/uploads\\\/2014\\\/01\\\/MOran1.jpg\",\"datePublished\":\"2014-02-16T00:33:27+00:00\",\"author\":{\"@id\":\"https:\\\/\\\/gentedebasquet.com.ar\\\/sitio\\\/#\\\/schema\\\/person\\\/ca0b63bbb977369988a7bbbdc519943a\"},\"breadcrumb\":{\"@id\":\"http:\\\/\\\/gentedebasquet.com.ar\\\/sitio\\\/2014\\\/02\\\/16\\\/tambaleo-sobre-el-final-pero-lo-gano\\\/#breadcrumb\"},\"inLanguage\":\"es\",\"potentialAction\":[{\"@type\":\"ReadAction\",\"target\":[\"http:\\\/\\\/gentedebasquet.com.ar\\\/sitio\\\/2014\\\/02\\\/16\\\/tambaleo-sobre-el-final-pero-lo-gano\\\/\"]}]},{\"@type\":\"ImageObject\",\"inLanguage\":\"es\",\"@id\":\"http:\\\/\\\/gentedebasquet.com.ar\\\/sitio\\\/2014\\\/02\\\/16\\\/tambaleo-sobre-el-final-pero-lo-gano\\\/#primaryimage\",\"url\":\"http:\\\/\\\/gentedebasquet.com.ar\\\/sitio\\\/wp-content\\\/uploads\\\/2014\\\/01\\\/MOran1.jpg\",\"contentUrl\":\"http:\\\/\\\/gentedebasquet.com.ar\\\/sitio\\\/wp-content\\\/uploads\\\/2014\\\/01\\\/MOran1.jpg\",\"width\":300,\"height\":225},{\"@type\":\"BreadcrumbList\",\"@id\":\"http:\\\/\\\/gentedebasquet.com.ar\\\/sitio\\\/2014\\\/02\\\/16\\\/tambaleo-sobre-el-final-pero-lo-gano\\\/#breadcrumb\",\"itemListElement\":[{\"@type\":\"ListItem\",\"position\":1,\"name\":\"Portada\",\"item\":\"https:\\\/\\\/gentedebasquet.com.ar\\\/sitio\\\/\"},{\"@type\":\"ListItem\",\"position\":2,\"name\":\"Tambale\u00f3 sobre el final, pero lo gan\u00f3\"}]},{\"@type\":\"WebSite\",\"@id\":\"https:\\\/\\\/gentedebasquet.com.ar\\\/sitio\\\/#website\",\"url\":\"https:\\\/\\\/gentedebasquet.com.ar\\\/sitio\\\/\",\"name\":\"Gente de B\u00e1squet\",\"description\":\"La revista del basquet de Bah\u00eda Blanca\",\"potentialAction\":[{\"@type\":\"SearchAction\",\"target\":{\"@type\":\"EntryPoint\",\"urlTemplate\":\"https:\\\/\\\/gentedebasquet.com.ar\\\/sitio\\\/?s={search_term_string}\"},\"query-input\":{\"@type\":\"PropertyValueSpecification\",\"valueRequired\":true,\"valueName\":\"search_term_string\"}}],\"inLanguage\":\"es\"},{\"@type\":\"Person\",\"@id\":\"https:\\\/\\\/gentedebasquet.com.ar\\\/sitio\\\/#\\\/schema\\\/person\\\/ca0b63bbb977369988a7bbbdc519943a\",\"name\":\"Gente de B\u00e1squet\",\"image\":{\"@type\":\"ImageObject\",\"inLanguage\":\"es\",\"@id\":\"https:\\\/\\\/secure.gravatar.com\\\/avatar\\\/7f2c48bdc33b30088f941fb6082e555f2874c98e20cb159d7b92b50eadfce793?s=96&d=mm&r=g\",\"url\":\"https:\\\/\\\/secure.gravatar.com\\\/avatar\\\/7f2c48bdc33b30088f941fb6082e555f2874c98e20cb159d7b92b50eadfce793?s=96&d=mm&r=g\",\"contentUrl\":\"https:\\\/\\\/secure.gravatar.com\\\/avatar\\\/7f2c48bdc33b30088f941fb6082e555f2874c98e20cb159d7b92b50eadfce793?s=96&d=mm&r=g\",\"caption\":\"Gente de B\u00e1squet\"},\"sameAs\":[\"http:\\\/\\\/gentedebasquet.com.ar\\\/sitio\"],\"url\":\"http:\\\/\\\/gentedebasquet.com.ar\\\/sitio\\\/author\\\/ulises\\\/\"}]}<\/script>\n<!-- \/ Yoast SEO plugin. -->","yoast_head_json":{"title":"Tambale\u00f3 sobre el final, pero lo gan\u00f3 - Gente de B\u00e1squet","robots":{"index":"index","follow":"follow","max-snippet":"max-snippet:-1","max-image-preview":"max-image-preview:large","max-video-preview":"max-video-preview:-1"},"canonical":"http:\/\/gentedebasquet.com.ar\/sitio\/2014\/02\/16\/tambaleo-sobre-el-final-pero-lo-gano\/","og_locale":"es_ES","og_type":"article","og_title":"Tambale\u00f3 sobre el final, pero lo gan\u00f3 - Gente de B\u00e1squet","og_description":"El Nacional consigui\u00f3 su primer victoria tras ganarle 73-63 a Olimpo en la apertura de la Copa Patagonia. El conjunto de Canosa arranc\u00f3 sin sacarse diferencias con el aurinegro, sin embargo, en los dos cuartos siguientes, el equipo de Allende decay\u00f3 notablemente, permitiendo al local, conseguir una abultada ventaja. Sobre el final, el \u201cceleste\u201d solt\u00f3 [&hellip;]","og_url":"http:\/\/gentedebasquet.com.ar\/sitio\/2014\/02\/16\/tambaleo-sobre-el-final-pero-lo-gano\/","og_site_name":"Gente de B\u00e1squet","article_published_time":"2014-02-16T00:33:27+00:00","og_image":[{"width":300,"height":225,"url":"http:\/\/gentedebasquet.com.ar\/sitio\/wp-content\/uploads\/2014\/01\/MOran1.jpg","type":"image\/jpeg"}],"author":"Gente de B\u00e1squet","twitter_card":"summary_large_image","twitter_misc":{"Escrito por":"Gente de B\u00e1squet","Tiempo de lectura":"3 minutos"},"schema":{"@context":"https:\/\/schema.org","@graph":[{"@type":"Article","@id":"http:\/\/gentedebasquet.com.ar\/sitio\/2014\/02\/16\/tambaleo-sobre-el-final-pero-lo-gano\/#article","isPartOf":{"@id":"http:\/\/gentedebasquet.com.ar\/sitio\/2014\/02\/16\/tambaleo-sobre-el-final-pero-lo-gano\/"},"author":{"name":"Gente de B\u00e1squet","@id":"https:\/\/gentedebasquet.com.ar\/sitio\/#\/schema\/person\/ca0b63bbb977369988a7bbbdc519943a"},"headline":"Tambale\u00f3 sobre el final, pero lo gan\u00f3","datePublished":"2014-02-16T00:33:27+00:00","mainEntityOfPage":{"@id":"http:\/\/gentedebasquet.com.ar\/sitio\/2014\/02\/16\/tambaleo-sobre-el-final-pero-lo-gano\/"},"wordCount":514,"commentCount":0,"image":{"@id":"http:\/\/gentedebasquet.com.ar\/sitio\/2014\/02\/16\/tambaleo-sobre-el-final-pero-lo-gano\/#primaryimage"},"thumbnailUrl":"http:\/\/gentedebasquet.com.ar\/sitio\/wp-content\/uploads\/2014\/01\/MOran1.jpg","keywords":["El Nacional","Ol\u00edmpo"],"articleSection":["Primera"],"inLanguage":"es","potentialAction":[{"@type":"CommentAction","name":"Comment","target":["http:\/\/gentedebasquet.com.ar\/sitio\/2014\/02\/16\/tambaleo-sobre-el-final-pero-lo-gano\/#respond"]}]},{"@type":"WebPage","@id":"http:\/\/gentedebasquet.com.ar\/sitio\/2014\/02\/16\/tambaleo-sobre-el-final-pero-lo-gano\/","url":"http:\/\/gentedebasquet.com.ar\/sitio\/2014\/02\/16\/tambaleo-sobre-el-final-pero-lo-gano\/","name":"Tambale\u00f3 sobre el final, pero lo gan\u00f3 - Gente de B\u00e1squet","isPartOf":{"@id":"https:\/\/gentedebasquet.com.ar\/sitio\/#website"},"primaryImageOfPage":{"@id":"http:\/\/gentedebasquet.com.ar\/sitio\/2014\/02\/16\/tambaleo-sobre-el-final-pero-lo-gano\/#primaryimage"},"image":{"@id":"http:\/\/gentedebasquet.com.ar\/sitio\/2014\/02\/16\/tambaleo-sobre-el-final-pero-lo-gano\/#primaryimage"},"thumbnailUrl":"http:\/\/gentedebasquet.com.ar\/sitio\/wp-content\/uploads\/2014\/01\/MOran1.jpg","datePublished":"2014-02-16T00:33:27+00:00","author":{"@id":"https:\/\/gentedebasquet.com.ar\/sitio\/#\/schema\/person\/ca0b63bbb977369988a7bbbdc519943a"},"breadcrumb":{"@id":"http:\/\/gentedebasquet.com.ar\/sitio\/2014\/02\/16\/tambaleo-sobre-el-final-pero-lo-gano\/#breadcrumb"},"inLanguage":"es","potentialAction":[{"@type":"ReadAction","target":["http:\/\/gentedebasquet.com.ar\/sitio\/2014\/02\/16\/tambaleo-sobre-el-final-pero-lo-gano\/"]}]},{"@type":"ImageObject","inLanguage":"es","@id":"http:\/\/gentedebasquet.com.ar\/sitio\/2014\/02\/16\/tambaleo-sobre-el-final-pero-lo-gano\/#primaryimage","url":"http:\/\/gentedebasquet.com.ar\/sitio\/wp-content\/uploads\/2014\/01\/MOran1.jpg","contentUrl":"http:\/\/gentedebasquet.com.ar\/sitio\/wp-content\/uploads\/2014\/01\/MOran1.jpg","width":300,"height":225},{"@type":"BreadcrumbList","@id":"http:\/\/gentedebasquet.com.ar\/sitio\/2014\/02\/16\/tambaleo-sobre-el-final-pero-lo-gano\/#breadcrumb","itemListElement":[{"@type":"ListItem","position":1,"name":"Portada","item":"https:\/\/gentedebasquet.com.ar\/sitio\/"},{"@type":"ListItem","position":2,"name":"Tambale\u00f3 sobre el final, pero lo gan\u00f3"}]},{"@type":"WebSite","@id":"https:\/\/gentedebasquet.com.ar\/sitio\/#website","url":"https:\/\/gentedebasquet.com.ar\/sitio\/","name":"Gente de B\u00e1squet","description":"La revista del basquet de Bah\u00eda Blanca","potentialAction":[{"@type":"SearchAction","target":{"@type":"EntryPoint","urlTemplate":"https:\/\/gentedebasquet.com.ar\/sitio\/?s={search_term_string}"},"query-input":{"@type":"PropertyValueSpecification","valueRequired":true,"valueName":"search_term_string"}}],"inLanguage":"es"},{"@type":"Person","@id":"https:\/\/gentedebasquet.com.ar\/sitio\/#\/schema\/person\/ca0b63bbb977369988a7bbbdc519943a","name":"Gente de B\u00e1squet","image":{"@type":"ImageObject","inLanguage":"es","@id":"https:\/\/secure.gravatar.com\/avatar\/7f2c48bdc33b30088f941fb6082e555f2874c98e20cb159d7b92b50eadfce793?s=96&d=mm&r=g","url":"https:\/\/secure.gravatar.com\/avatar\/7f2c48bdc33b30088f941fb6082e555f2874c98e20cb159d7b92b50eadfce793?s=96&d=mm&r=g","contentUrl":"https:\/\/secure.gravatar.com\/avatar\/7f2c48bdc33b30088f941fb6082e555f2874c98e20cb159d7b92b50eadfce793?s=96&d=mm&r=g","caption":"Gente de B\u00e1squet"},"sameAs":["http:\/\/gentedebasquet.com.ar\/sitio"],"url":"http:\/\/gentedebasquet.com.ar\/sitio\/author\/ulises\/"}]}},"_links":{"self":[{"href":"http:\/\/gentedebasquet.com.ar\/sitio\/wp-json\/wp\/v2\/posts\/22280","targetHints":{"allow":["GET"]}}],"collection":[{"href":"http:\/\/gentedebasquet.com.ar\/sitio\/wp-json\/wp\/v2\/posts"}],"about":[{"href":"http:\/\/gentedebasquet.com.ar\/sitio\/wp-json\/wp\/v2\/types\/post"}],"author":[{"embeddable":true,"href":"http:\/\/gentedebasquet.com.ar\/sitio\/wp-json\/wp\/v2\/users\/1"}],"replies":[{"embeddable":true,"href":"http:\/\/gentedebasquet.com.ar\/sitio\/wp-json\/wp\/v2\/comments?post=22280"}],"version-history":[{"count":0,"href":"http:\/\/gentedebasquet.com.ar\/sitio\/wp-json\/wp\/v2\/posts\/22280\/revisions"}],"wp:featuredmedia":[{"embeddable":true,"href":"http:\/\/gentedebasquet.com.ar\/sitio\/wp-json\/wp\/v2\/media\/25702"}],"wp:attachment":[{"href":"http:\/\/gentedebasquet.com.ar\/sitio\/wp-json\/wp\/v2\/media?parent=22280"}],"wp:term":[{"taxonomy":"category","embeddable":true,"href":"http:\/\/gentedebasquet.com.ar\/sitio\/wp-json\/wp\/v2\/categories?post=22280"},{"taxonomy":"post_tag","embeddable":true,"href":"http:\/\/gentedebasquet.com.ar\/sitio\/wp-json\/wp\/v2\/tags?post=22280"}],"curies":[{"name":"wp","href":"https:\/\/api.w.org\/{rel}","templated":true}]}}