{"id":22436,"date":"2014-02-20T04:40:05","date_gmt":"2014-02-20T04:40:05","guid":{"rendered":"http:\/\/www.gentedebasquet.com.ar\/?p=22436"},"modified":"2014-02-20T04:40:05","modified_gmt":"2014-02-20T04:40:05","slug":"le-corto-el-invicto","status":"publish","type":"post","link":"http:\/\/gentedebasquet.com.ar\/sitio\/2014\/02\/20\/le-corto-el-invicto\/","title":{"rendered":"Le cort\u00f3 el invicto"},"content":{"rendered":"<p><strong><em>El Nacional le propin\u00f3 la primera derrota a Villa Mitre en la Copa Patagonia al vencerlo 71 a 64, en cancha de Napost\u00e1, producto de las goteras que presentaba el Hermanos Cicciolli en la lluviosa tarde bahiense. El celeste reparti\u00f3 su goleo pero se destacaron Mor\u00e1n y Hoffman con 14 puntos cada uno, y Quiroga e Iraola con 10 y 11 rebotes respectivamente. En el tricolor el que m\u00e1s resalt\u00f3 fue Pineda con 22 puntos. Ma\u00f1ana los de Ugolini juegan el cl\u00e1sico con Olimpo en Napost\u00e1 a puertas cerradas.<\/em><\/strong><\/p>\n<p><strong><em><!--more--><\/em><\/strong><\/p>\n<p>El partido comenz\u00f3 intenso y con mucha efectividad de ambos conjuntos. Hoffman y Mor\u00e1n aportaban sus puntos para El Nacional que en mitad de cuarto ganaba 11 a 5. Villa Mitre no era prolijo en ataque y le costaba llegar al gol. Por eso Ugolini rotaba a sus jugadores en buscas de respuestas. A 1m04s para cerrar el primer parcial los de la quinta ganaban 20 a 9 y dominaba con tranquilidad el partido.<\/p>\n<p>Sin embargo un triple de Berdini abri\u00f3 el camino en el segundo cuarto para Villa Mitre, que con un parcial de 11 a 0 pasaba al frente en el electr\u00f3nico 22 a 20, en poco m\u00e1s de dos minutos. De all\u00ed y hasta el final de la primera mitad el encuentro fue parejo, gol a gol, en donde intercambiaron varias veces el liderazgo en el tanteador. Pero fue el tricolor el que se fue con la ventaja al descanso largo 34 a 33.<\/p>\n<p>El tercer cuarto fue todo de Pineda en el visitante, que se encarg\u00f3 de mantener la paridad hasta el final del parcial, aportando 12 de los 14 del equipo. En los dirigidos por Canosa fueron claves dos triples de Alonso cada vez que Villa Mitre intent\u00f3 sacar ventajas y fue clave la zona defensiva a final del cuarto para frenar las anotaciones de Pineda.<\/p>\n<p>Del \u00faltimo descanso volvieron 48 iguales, pero dos triples consecutivos de Larra\u00f1aga empezaron a marcar el camino para el local. Sin embargo un parcial de 6 a 0 por parte de Villa Mitre, volv\u00eda a poner el juego en pardas. El Nacional sigui\u00f3 defendiendo con una zona cerrada, apostando a la baja efectividad en triples del tricolor y as\u00ed obligo a su rival a fallar mucho. Corri\u00f3 cuando pudo y trabaj\u00f3 con paciencia en cada ataque. De a poco fue estirando la ventaja de la mano de Hoffman y Mor\u00e1n y a falta de 1m sacaba la m\u00e1xima diferencia en el juego, 9 puntos. Villa Mitre presion\u00f3 y se puso 67 a 62, pero se equivoc\u00f3 saliendo del fondo, tuvo que cortar con falta y la efectividad de \u201cPancho\u201d y de Alonso le permitieron al celeste cerrar el partido 71 a 64 y cortarle el invicto a Villa Mitre.<\/p>\n<p><span style=\"color: #ffcc99;\">.<\/span><\/p>\n<p><strong><em><span style=\"text-decoration: underline;\">S\u00edntesis:<\/span><\/em><\/strong><\/p>\n<p><strong>El Nacional 71:<\/strong><\/p>\n<p>Iniciales: Braian Alonso (8), Juan Pablo Mor\u00e1n (14), Emiliano Iraola (8), Pomar Garbarino (3) y Francisco Hoffman (14).<\/p>\n<p>Ingresaron: Nicol\u00e1s Quiroga (10), Fernando Larra\u00f1aga (8), Facundo Sevillano (6), Gonzalo Moreyra (0) y Facundo Mart\u00ednez (0).<\/p>\n<p>DT: Rafael Canosa.<\/p>\n<p><strong>Villa Mitre 64:<\/strong><\/p>\n<p>Iniciales: Nicol\u00e1s Renzi (5), Marcelo Berdini (4), Sebasti\u00e1n Acosta (5), Javier Bollo (2), David Pineda (22)<\/p>\n<p>Ingresaron: Gast\u00f3n Diomedi (12), Santiago Susbielles (0), Fernando Alfonso (4), Herman Banegas (10)<\/p>\n<p>DT: Ariel Ugolini<\/p>\n<p>&nbsp;<\/p>\n<p><strong>Cuartos:<\/strong>\u00a020-11; (13-23) 33-34; (15-14) 48-48; (23-16) 71-64<\/p>\n<p><strong>Jueces:<\/strong>\u00a0Alejandro Go\u00f1i y Mat\u00edas Garate.<\/p>\n<p><strong>Estadio:<\/strong>\u00a0Antonio Palma (Napost\u00e1).<\/p>\n<p><a class=\"modalfiframe\" title=\"Planilla\" href=\"https:\/\/docs.google.com\/spreadsheet\/pub?key=0ApvEEwl0g9-EdDR3X055TVJjUmpoSUdNZUtuT3NRTXc&amp;output=html\">Ver Planilla<\/a><\/p>\n<p><strong>Foto:<\/strong> Romina Sald\u00edas.<\/p>\n<p><span style=\"color: #ffcc99;\">.<\/span><\/p>\n<p><strong>POSICIONES<\/strong><\/p>\n<p>El Nacional 7pts (3-1)<\/p>\n<p>Olimpo 7pts (3-1)<\/p>\n<p>Villa Mitre 7pts (3-1)<\/p>\n<p>Napost\u00e1 6pts (2-2)<\/p>\n<p>Canterbury 5pts (1-3)<\/p>\n<p>Estudiantes 4pts (0-4)<\/p>\n<p><a href=\"http:\/\/www.gentedebasquet.com.ar\/wp-content\/uploads\/2014\/02\/Fixture-Basquetbol2.jpg\"><img decoding=\"async\" alt=\"\" src=\"http:\/\/www.gentedebasquet.com.ar\/wp-content\/uploads\/2014\/02\/Fixture-Basquetbol2.jpg\" width=\"679\" height=\"960\" \/><\/a><\/p>\n","protected":false},"excerpt":{"rendered":"<p>El Nacional le propin\u00f3 la primera derrota a Villa Mitre en la Copa Patagonia al vencerlo 71 a 64, en cancha de Napost\u00e1, producto de las goteras que presentaba el Hermanos Cicciolli en la lluviosa tarde bahiense. El celeste reparti\u00f3 su goleo pero se destacaron Mor\u00e1n y Hoffman con 14 puntos cada uno, y Quiroga [&hellip;]<\/p>\n","protected":false},"author":1,"featured_media":25667,"comment_status":"open","ping_status":"open","sticky":false,"template":"","format":"standard","meta":{"jnews-multi-image_gallery":[],"jnews_single_post":[],"jnews_primary_category":[],"footnotes":""},"categories":[23],"tags":[9,22],"class_list":["post-22436","post","type-post","status-publish","format-standard","has-post-thumbnail","hentry","category-primera","tag-el-nacional","tag-villa-mitre"],"yoast_head":"<!-- This site is optimized with the Yoast SEO plugin v27.5 - https:\/\/yoast.com\/product\/yoast-seo-wordpress\/ -->\n<title>Le cort\u00f3 el invicto - Gente de B\u00e1squet<\/title>\n<meta name=\"robots\" content=\"index, follow, max-snippet:-1, max-image-preview:large, max-video-preview:-1\" \/>\n<link rel=\"canonical\" href=\"https:\/\/gentedebasquet.com.ar\/sitio\/2014\/02\/20\/le-corto-el-invicto\/\" \/>\n<meta property=\"og:locale\" content=\"es_ES\" \/>\n<meta property=\"og:type\" content=\"article\" \/>\n<meta property=\"og:title\" content=\"Le cort\u00f3 el invicto - Gente de B\u00e1squet\" \/>\n<meta property=\"og:description\" content=\"El Nacional le propin\u00f3 la primera derrota a Villa Mitre en la Copa Patagonia al vencerlo 71 a 64, en cancha de Napost\u00e1, producto de las goteras que presentaba el Hermanos Cicciolli en la lluviosa tarde bahiense. El celeste reparti\u00f3 su goleo pero se destacaron Mor\u00e1n y Hoffman con 14 puntos cada uno, y Quiroga [&hellip;]\" \/>\n<meta property=\"og:url\" content=\"https:\/\/gentedebasquet.com.ar\/sitio\/2014\/02\/20\/le-corto-el-invicto\/\" \/>\n<meta property=\"og:site_name\" content=\"Gente de B\u00e1squet\" \/>\n<meta property=\"article:published_time\" content=\"2014-02-20T04:40:05+00:00\" \/>\n<meta property=\"og:image\" content=\"https:\/\/gentedebasquet.com.ar\/sitio\/wp-content\/uploads\/2014\/02\/nacio-vm.jpg\" \/>\n\t<meta property=\"og:image:width\" content=\"300\" \/>\n\t<meta property=\"og:image:height\" content=\"225\" \/>\n\t<meta property=\"og:image:type\" content=\"image\/jpeg\" \/>\n<meta name=\"author\" content=\"Gente de B\u00e1squet\" \/>\n<meta name=\"twitter:card\" content=\"summary_large_image\" \/>\n<meta name=\"twitter:label1\" content=\"Escrito por\" \/>\n\t<meta name=\"twitter:data1\" content=\"Gente de B\u00e1squet\" \/>\n\t<meta name=\"twitter:label2\" content=\"Tiempo de lectura\" \/>\n\t<meta name=\"twitter:data2\" content=\"3 minutos\" \/>\n<script type=\"application\/ld+json\" class=\"yoast-schema-graph\">{\"@context\":\"https:\\\/\\\/schema.org\",\"@graph\":[{\"@type\":\"Article\",\"@id\":\"https:\\\/\\\/gentedebasquet.com.ar\\\/sitio\\\/2014\\\/02\\\/20\\\/le-corto-el-invicto\\\/#article\",\"isPartOf\":{\"@id\":\"https:\\\/\\\/gentedebasquet.com.ar\\\/sitio\\\/2014\\\/02\\\/20\\\/le-corto-el-invicto\\\/\"},\"author\":{\"name\":\"Gente de B\u00e1squet\",\"@id\":\"https:\\\/\\\/gentedebasquet.com.ar\\\/sitio\\\/#\\\/schema\\\/person\\\/ca0b63bbb977369988a7bbbdc519943a\"},\"headline\":\"Le cort\u00f3 el invicto\",\"datePublished\":\"2014-02-20T04:40:05+00:00\",\"mainEntityOfPage\":{\"@id\":\"https:\\\/\\\/gentedebasquet.com.ar\\\/sitio\\\/2014\\\/02\\\/20\\\/le-corto-el-invicto\\\/\"},\"wordCount\":561,\"commentCount\":0,\"image\":{\"@id\":\"https:\\\/\\\/gentedebasquet.com.ar\\\/sitio\\\/2014\\\/02\\\/20\\\/le-corto-el-invicto\\\/#primaryimage\"},\"thumbnailUrl\":\"http:\\\/\\\/gentedebasquet.com.ar\\\/sitio\\\/wp-content\\\/uploads\\\/2014\\\/02\\\/nacio-vm.jpg\",\"keywords\":[\"El Nacional\",\"Villa Mitre\"],\"articleSection\":[\"Primera\"],\"inLanguage\":\"es\",\"potentialAction\":[{\"@type\":\"CommentAction\",\"name\":\"Comment\",\"target\":[\"https:\\\/\\\/gentedebasquet.com.ar\\\/sitio\\\/2014\\\/02\\\/20\\\/le-corto-el-invicto\\\/#respond\"]}]},{\"@type\":\"WebPage\",\"@id\":\"https:\\\/\\\/gentedebasquet.com.ar\\\/sitio\\\/2014\\\/02\\\/20\\\/le-corto-el-invicto\\\/\",\"url\":\"https:\\\/\\\/gentedebasquet.com.ar\\\/sitio\\\/2014\\\/02\\\/20\\\/le-corto-el-invicto\\\/\",\"name\":\"Le cort\u00f3 el invicto - Gente de B\u00e1squet\",\"isPartOf\":{\"@id\":\"https:\\\/\\\/gentedebasquet.com.ar\\\/sitio\\\/#website\"},\"primaryImageOfPage\":{\"@id\":\"https:\\\/\\\/gentedebasquet.com.ar\\\/sitio\\\/2014\\\/02\\\/20\\\/le-corto-el-invicto\\\/#primaryimage\"},\"image\":{\"@id\":\"https:\\\/\\\/gentedebasquet.com.ar\\\/sitio\\\/2014\\\/02\\\/20\\\/le-corto-el-invicto\\\/#primaryimage\"},\"thumbnailUrl\":\"http:\\\/\\\/gentedebasquet.com.ar\\\/sitio\\\/wp-content\\\/uploads\\\/2014\\\/02\\\/nacio-vm.jpg\",\"datePublished\":\"2014-02-20T04:40:05+00:00\",\"author\":{\"@id\":\"https:\\\/\\\/gentedebasquet.com.ar\\\/sitio\\\/#\\\/schema\\\/person\\\/ca0b63bbb977369988a7bbbdc519943a\"},\"breadcrumb\":{\"@id\":\"https:\\\/\\\/gentedebasquet.com.ar\\\/sitio\\\/2014\\\/02\\\/20\\\/le-corto-el-invicto\\\/#breadcrumb\"},\"inLanguage\":\"es\",\"potentialAction\":[{\"@type\":\"ReadAction\",\"target\":[\"https:\\\/\\\/gentedebasquet.com.ar\\\/sitio\\\/2014\\\/02\\\/20\\\/le-corto-el-invicto\\\/\"]}]},{\"@type\":\"ImageObject\",\"inLanguage\":\"es\",\"@id\":\"https:\\\/\\\/gentedebasquet.com.ar\\\/sitio\\\/2014\\\/02\\\/20\\\/le-corto-el-invicto\\\/#primaryimage\",\"url\":\"http:\\\/\\\/gentedebasquet.com.ar\\\/sitio\\\/wp-content\\\/uploads\\\/2014\\\/02\\\/nacio-vm.jpg\",\"contentUrl\":\"http:\\\/\\\/gentedebasquet.com.ar\\\/sitio\\\/wp-content\\\/uploads\\\/2014\\\/02\\\/nacio-vm.jpg\",\"width\":300,\"height\":225},{\"@type\":\"BreadcrumbList\",\"@id\":\"https:\\\/\\\/gentedebasquet.com.ar\\\/sitio\\\/2014\\\/02\\\/20\\\/le-corto-el-invicto\\\/#breadcrumb\",\"itemListElement\":[{\"@type\":\"ListItem\",\"position\":1,\"name\":\"Portada\",\"item\":\"https:\\\/\\\/gentedebasquet.com.ar\\\/sitio\\\/\"},{\"@type\":\"ListItem\",\"position\":2,\"name\":\"Le cort\u00f3 el invicto\"}]},{\"@type\":\"WebSite\",\"@id\":\"https:\\\/\\\/gentedebasquet.com.ar\\\/sitio\\\/#website\",\"url\":\"https:\\\/\\\/gentedebasquet.com.ar\\\/sitio\\\/\",\"name\":\"Gente de B\u00e1squet\",\"description\":\"La revista del basquet de Bah\u00eda Blanca\",\"potentialAction\":[{\"@type\":\"SearchAction\",\"target\":{\"@type\":\"EntryPoint\",\"urlTemplate\":\"https:\\\/\\\/gentedebasquet.com.ar\\\/sitio\\\/?s={search_term_string}\"},\"query-input\":{\"@type\":\"PropertyValueSpecification\",\"valueRequired\":true,\"valueName\":\"search_term_string\"}}],\"inLanguage\":\"es\"},{\"@type\":\"Person\",\"@id\":\"https:\\\/\\\/gentedebasquet.com.ar\\\/sitio\\\/#\\\/schema\\\/person\\\/ca0b63bbb977369988a7bbbdc519943a\",\"name\":\"Gente de B\u00e1squet\",\"image\":{\"@type\":\"ImageObject\",\"inLanguage\":\"es\",\"@id\":\"https:\\\/\\\/secure.gravatar.com\\\/avatar\\\/7f2c48bdc33b30088f941fb6082e555f2874c98e20cb159d7b92b50eadfce793?s=96&d=mm&r=g\",\"url\":\"https:\\\/\\\/secure.gravatar.com\\\/avatar\\\/7f2c48bdc33b30088f941fb6082e555f2874c98e20cb159d7b92b50eadfce793?s=96&d=mm&r=g\",\"contentUrl\":\"https:\\\/\\\/secure.gravatar.com\\\/avatar\\\/7f2c48bdc33b30088f941fb6082e555f2874c98e20cb159d7b92b50eadfce793?s=96&d=mm&r=g\",\"caption\":\"Gente de B\u00e1squet\"},\"sameAs\":[\"http:\\\/\\\/gentedebasquet.com.ar\\\/sitio\"],\"url\":\"http:\\\/\\\/gentedebasquet.com.ar\\\/sitio\\\/author\\\/ulises\\\/\"}]}<\/script>\n<!-- \/ Yoast SEO plugin. -->","yoast_head_json":{"title":"Le cort\u00f3 el invicto - Gente de B\u00e1squet","robots":{"index":"index","follow":"follow","max-snippet":"max-snippet:-1","max-image-preview":"max-image-preview:large","max-video-preview":"max-video-preview:-1"},"canonical":"https:\/\/gentedebasquet.com.ar\/sitio\/2014\/02\/20\/le-corto-el-invicto\/","og_locale":"es_ES","og_type":"article","og_title":"Le cort\u00f3 el invicto - Gente de B\u00e1squet","og_description":"El Nacional le propin\u00f3 la primera derrota a Villa Mitre en la Copa Patagonia al vencerlo 71 a 64, en cancha de Napost\u00e1, producto de las goteras que presentaba el Hermanos Cicciolli en la lluviosa tarde bahiense. El celeste reparti\u00f3 su goleo pero se destacaron Mor\u00e1n y Hoffman con 14 puntos cada uno, y Quiroga [&hellip;]","og_url":"https:\/\/gentedebasquet.com.ar\/sitio\/2014\/02\/20\/le-corto-el-invicto\/","og_site_name":"Gente de B\u00e1squet","article_published_time":"2014-02-20T04:40:05+00:00","og_image":[{"width":300,"height":225,"url":"https:\/\/gentedebasquet.com.ar\/sitio\/wp-content\/uploads\/2014\/02\/nacio-vm.jpg","type":"image\/jpeg"}],"author":"Gente de B\u00e1squet","twitter_card":"summary_large_image","twitter_misc":{"Escrito por":"Gente de B\u00e1squet","Tiempo de lectura":"3 minutos"},"schema":{"@context":"https:\/\/schema.org","@graph":[{"@type":"Article","@id":"https:\/\/gentedebasquet.com.ar\/sitio\/2014\/02\/20\/le-corto-el-invicto\/#article","isPartOf":{"@id":"https:\/\/gentedebasquet.com.ar\/sitio\/2014\/02\/20\/le-corto-el-invicto\/"},"author":{"name":"Gente de B\u00e1squet","@id":"https:\/\/gentedebasquet.com.ar\/sitio\/#\/schema\/person\/ca0b63bbb977369988a7bbbdc519943a"},"headline":"Le cort\u00f3 el invicto","datePublished":"2014-02-20T04:40:05+00:00","mainEntityOfPage":{"@id":"https:\/\/gentedebasquet.com.ar\/sitio\/2014\/02\/20\/le-corto-el-invicto\/"},"wordCount":561,"commentCount":0,"image":{"@id":"https:\/\/gentedebasquet.com.ar\/sitio\/2014\/02\/20\/le-corto-el-invicto\/#primaryimage"},"thumbnailUrl":"http:\/\/gentedebasquet.com.ar\/sitio\/wp-content\/uploads\/2014\/02\/nacio-vm.jpg","keywords":["El Nacional","Villa Mitre"],"articleSection":["Primera"],"inLanguage":"es","potentialAction":[{"@type":"CommentAction","name":"Comment","target":["https:\/\/gentedebasquet.com.ar\/sitio\/2014\/02\/20\/le-corto-el-invicto\/#respond"]}]},{"@type":"WebPage","@id":"https:\/\/gentedebasquet.com.ar\/sitio\/2014\/02\/20\/le-corto-el-invicto\/","url":"https:\/\/gentedebasquet.com.ar\/sitio\/2014\/02\/20\/le-corto-el-invicto\/","name":"Le cort\u00f3 el invicto - Gente de B\u00e1squet","isPartOf":{"@id":"https:\/\/gentedebasquet.com.ar\/sitio\/#website"},"primaryImageOfPage":{"@id":"https:\/\/gentedebasquet.com.ar\/sitio\/2014\/02\/20\/le-corto-el-invicto\/#primaryimage"},"image":{"@id":"https:\/\/gentedebasquet.com.ar\/sitio\/2014\/02\/20\/le-corto-el-invicto\/#primaryimage"},"thumbnailUrl":"http:\/\/gentedebasquet.com.ar\/sitio\/wp-content\/uploads\/2014\/02\/nacio-vm.jpg","datePublished":"2014-02-20T04:40:05+00:00","author":{"@id":"https:\/\/gentedebasquet.com.ar\/sitio\/#\/schema\/person\/ca0b63bbb977369988a7bbbdc519943a"},"breadcrumb":{"@id":"https:\/\/gentedebasquet.com.ar\/sitio\/2014\/02\/20\/le-corto-el-invicto\/#breadcrumb"},"inLanguage":"es","potentialAction":[{"@type":"ReadAction","target":["https:\/\/gentedebasquet.com.ar\/sitio\/2014\/02\/20\/le-corto-el-invicto\/"]}]},{"@type":"ImageObject","inLanguage":"es","@id":"https:\/\/gentedebasquet.com.ar\/sitio\/2014\/02\/20\/le-corto-el-invicto\/#primaryimage","url":"http:\/\/gentedebasquet.com.ar\/sitio\/wp-content\/uploads\/2014\/02\/nacio-vm.jpg","contentUrl":"http:\/\/gentedebasquet.com.ar\/sitio\/wp-content\/uploads\/2014\/02\/nacio-vm.jpg","width":300,"height":225},{"@type":"BreadcrumbList","@id":"https:\/\/gentedebasquet.com.ar\/sitio\/2014\/02\/20\/le-corto-el-invicto\/#breadcrumb","itemListElement":[{"@type":"ListItem","position":1,"name":"Portada","item":"https:\/\/gentedebasquet.com.ar\/sitio\/"},{"@type":"ListItem","position":2,"name":"Le cort\u00f3 el invicto"}]},{"@type":"WebSite","@id":"https:\/\/gentedebasquet.com.ar\/sitio\/#website","url":"https:\/\/gentedebasquet.com.ar\/sitio\/","name":"Gente de B\u00e1squet","description":"La revista del basquet de Bah\u00eda Blanca","potentialAction":[{"@type":"SearchAction","target":{"@type":"EntryPoint","urlTemplate":"https:\/\/gentedebasquet.com.ar\/sitio\/?s={search_term_string}"},"query-input":{"@type":"PropertyValueSpecification","valueRequired":true,"valueName":"search_term_string"}}],"inLanguage":"es"},{"@type":"Person","@id":"https:\/\/gentedebasquet.com.ar\/sitio\/#\/schema\/person\/ca0b63bbb977369988a7bbbdc519943a","name":"Gente de B\u00e1squet","image":{"@type":"ImageObject","inLanguage":"es","@id":"https:\/\/secure.gravatar.com\/avatar\/7f2c48bdc33b30088f941fb6082e555f2874c98e20cb159d7b92b50eadfce793?s=96&d=mm&r=g","url":"https:\/\/secure.gravatar.com\/avatar\/7f2c48bdc33b30088f941fb6082e555f2874c98e20cb159d7b92b50eadfce793?s=96&d=mm&r=g","contentUrl":"https:\/\/secure.gravatar.com\/avatar\/7f2c48bdc33b30088f941fb6082e555f2874c98e20cb159d7b92b50eadfce793?s=96&d=mm&r=g","caption":"Gente de B\u00e1squet"},"sameAs":["http:\/\/gentedebasquet.com.ar\/sitio"],"url":"http:\/\/gentedebasquet.com.ar\/sitio\/author\/ulises\/"}]}},"_links":{"self":[{"href":"http:\/\/gentedebasquet.com.ar\/sitio\/wp-json\/wp\/v2\/posts\/22436","targetHints":{"allow":["GET"]}}],"collection":[{"href":"http:\/\/gentedebasquet.com.ar\/sitio\/wp-json\/wp\/v2\/posts"}],"about":[{"href":"http:\/\/gentedebasquet.com.ar\/sitio\/wp-json\/wp\/v2\/types\/post"}],"author":[{"embeddable":true,"href":"http:\/\/gentedebasquet.com.ar\/sitio\/wp-json\/wp\/v2\/users\/1"}],"replies":[{"embeddable":true,"href":"http:\/\/gentedebasquet.com.ar\/sitio\/wp-json\/wp\/v2\/comments?post=22436"}],"version-history":[{"count":0,"href":"http:\/\/gentedebasquet.com.ar\/sitio\/wp-json\/wp\/v2\/posts\/22436\/revisions"}],"wp:featuredmedia":[{"embeddable":true,"href":"http:\/\/gentedebasquet.com.ar\/sitio\/wp-json\/wp\/v2\/media\/25667"}],"wp:attachment":[{"href":"http:\/\/gentedebasquet.com.ar\/sitio\/wp-json\/wp\/v2\/media?parent=22436"}],"wp:term":[{"taxonomy":"category","embeddable":true,"href":"http:\/\/gentedebasquet.com.ar\/sitio\/wp-json\/wp\/v2\/categories?post=22436"},{"taxonomy":"post_tag","embeddable":true,"href":"http:\/\/gentedebasquet.com.ar\/sitio\/wp-json\/wp\/v2\/tags?post=22436"}],"curies":[{"name":"wp","href":"https:\/\/api.w.org\/{rel}","templated":true}]}}