{"id":22480,"date":"2014-02-21T02:07:16","date_gmt":"2014-02-21T02:07:16","guid":{"rendered":"http:\/\/www.gentedebasquet.com.ar\/?p=22480"},"modified":"2014-02-21T02:07:16","modified_gmt":"2014-02-21T02:07:16","slug":"el-primer-clasico-fue-tricolor","status":"publish","type":"post","link":"http:\/\/gentedebasquet.com.ar\/sitio\/2014\/02\/21\/el-primer-clasico-fue-tricolor\/","title":{"rendered":"El primer cl\u00e1sico fue tricolor"},"content":{"rendered":"<p><strong><em>Villa Mitre y Olimpo volvieron a verse las caras en un cl\u00e1sico despu\u00e9s de mucho tiempo, y el campe\u00f3n de primera divisi\u00f3n fue superior al reci\u00e9n ascendido, por 85 a 63, en la \u00faltima fecha de la fase regular de la Copa Patagonia. Se destacaron Pineda (16) y un \u00faltimo cuarto muy bueno de Susbielles (14) con 2 triples y 2 robos claves. En Olimpo los m\u00e1s destacados fueron Gast\u00f3n Ressia (14) y Agust\u00edn S\u00e1nchez (12). Este s\u00e1bado jugar\u00e1n nuevamente por un lugar en la final.<!--more--> <\/em><\/strong><\/p>\n<p>De movida el tricolor sac\u00f3 9 de ventaja con Banegas, Susbielles y Renzi como goleadores en algo m\u00e1s de 2 minutos. Olimpo se orden\u00f3 en ataque y pudo achicar la brecha 13 a 10 de la mano de S\u00e1nchez complicando a Banegas en el poste bajo y con las penetraciones de Ressia a 3m13s para el cierre del cuarto. Los minutos finales fueron imprecisos, pocas perdidas por lado pero si lanzamientos inc\u00f3modos. Y as\u00ed se cerr\u00f3 el primer cuarto 16 a 14 a favor del tricolor.<\/p>\n<p>Un parcial de 7 a 0 en el comienzo del segundo periodo le permiti\u00f3 al aurinegro pasar al frente 21 a 16, Pineda primero cometi\u00f3 una falta infantil sobre Silva que le permiti\u00f3 anotar e ir a la l\u00ednea y luego en la salida le regalo la pelota a Gim\u00e9nez que asisti\u00f3 a S\u00e1nchez. Pero despu\u00e9s Olimpo se sec\u00f3 producto del ajuste defensivo de Villa Mitre, y el tricolor aprovech\u00f3 su momento para poner un parcial de 20 a 4 de la mano de Pineda (8) m\u00e1s el aporte de Diomedi y Banegas.<\/p>\n<p>Volvieron del descanso largo 38 a 28, Olimpo empez\u00f3 a presionar bien arriba para buscar achicar r\u00e1pido la diferencia. Pero cada vez que el aurinegro se acercaba Villa Mitre encontraba variantes para sortear la presi\u00f3n y anotar sin complicaciones. Un triple de Berdini en mitad de cuarto y otro sobre el final disolv\u00edan las esperanzas aurinegras, que tir\u00f3 mucho de tres y sin fortuna (2\/7). Llegaron al \u00faltimo descanso 62 a 48.<\/p>\n<p>En el \u00faltimo per\u00edodo Olimpo perdi\u00f3 muchas pelotas en el arranque y le permiti\u00f3 a Villa Mitre seguir estirando la ventaja, sigui\u00f3 presionando y se planto en una zona 2-3. Pero no fue complicaci\u00f3n para el tricolor, supo tener paciencia para rotar el bal\u00f3n y manejar la diferencia en el marcador. Y ya sobre mitad de cuarto el partido estaba definido. Dos bombas de Susbielles a falta de 3m43s sentenciaron el juego sacando la m\u00e1xima diferencia 77 a 57. Olimpo intent\u00f3 descontar yendo hacia al aro, casi no intent\u00f3 de triple y as\u00ed le facilit\u00f3 el cierre del juego al tricolor, que defendi\u00f3 duro y se qued\u00f3 con el juego por 85 a 63.<\/p>\n<p><span style=\"color: #ffcc99;\">.<\/span><\/p>\n<p><em><strong><span style=\"text-decoration: underline;\">S\u00edntesis:<\/span><\/strong><\/em><\/p>\n<p><strong>Villa Mitre 85:<\/strong><\/p>\n<p>Iniciales: Gast\u00f3n Diomedi (9), Nicol\u00e1s Renzi (9), Fernando Alfonso (2), Santiago Susbielles (14), Herman Banegas (10)<\/p>\n<p>Ingresaron: Marcelo Berdini (9), Sebasti\u00e1n Acosta (2), Javier Bollo (10), David Pineda (16), Alen R\u00edos (4)<\/p>\n<p><strong>DT:<\/strong> Ariel Ugolini<\/p>\n<p><strong>Olimpo 63:<\/strong><\/p>\n<p>Iniciales: Franco Ruesga (2), Cristian Victoria (8), Agust\u00edn S\u00e1nchez (12), Gast\u00f3n Ressia (14), Marcos Fern\u00e1ndez (8)<\/p>\n<p>Ingresaron: Juan Ignacio Caroni (0), Federico Montenegro (0), Emilio Gim\u00e9nez (3), Facundo Arens (2), Lahuel Silva (9), Lucas Luchetti (5)<\/p>\n<p><strong>DT:<\/strong> Daniel Allende.<\/p>\n<p><span style=\"color: #ffcc99;\">.<\/span><\/p>\n<p><strong>Cuartos:<\/strong> 16-14; (22-14) 38-28; (24-20) 62-48; (23-15) 85-63<\/p>\n<p><strong><strong>Cinco Faltas:<\/strong>\u00a0<\/strong>Agust\u00edn S\u00e1nchez (O).<\/p>\n<p><strong>Jueces:<\/strong> Jorge Scheffer \u2013 Diego Kessler<\/p>\n<p><strong>Estadio:<\/strong> Antonio Palma, Napost\u00e1.<\/p>\n<p><strong>Foto:<\/strong> <a href=\"https:\/\/twitter.com\/RomiSaldias\" target=\"_blank\" rel=\"noopener\">Romina Sald\u00edas<\/a>.<\/p>\n<p><span style=\"color: #ffcc99;\">.<\/span><\/p>\n<p><strong>POSICIONES<\/strong><\/p>\n<p>1- El Nacional 9pts (4-1)<\/p>\n<p>2- Villa Mitre 9pts (4-1)<\/p>\n<p>3- Olimpo 8pts (3-2)<\/p>\n<p>4- Napost\u00e1 7pts (2-3)<\/p>\n<p>5- Estudiantes 6pts (1-4)<\/p>\n<p>6- Canterbury 6pts (1-4)<\/p>\n<p><span style=\"color: #ffcc99;\">.<\/span><\/p>\n<p><a href=\"http:\/\/www.gentedebasquet.com.ar\/wp-content\/uploads\/2014\/02\/Fixture-Basquetbol.jpg\"><img decoding=\"async\" title=\"Fixture B\u00e1squet\" alt=\"\" src=\"http:\/\/www.gentedebasquet.com.ar\/wp-content\/uploads\/2014\/02\/Fixture-Basquetbol.jpg\" width=\"679\" height=\"960\" \/><\/a><\/p>\n","protected":false},"excerpt":{"rendered":"<p>Villa Mitre y Olimpo volvieron a verse las caras en un cl\u00e1sico despu\u00e9s de mucho tiempo, y el campe\u00f3n de primera divisi\u00f3n fue superior al reci\u00e9n ascendido, por 85 a 63, en la \u00faltima fecha de la fase regular de la Copa Patagonia. Se destacaron Pineda (16) y un \u00faltimo cuarto muy bueno de Susbielles [&hellip;]<\/p>\n","protected":false},"author":1,"featured_media":25675,"comment_status":"open","ping_status":"open","sticky":false,"template":"","format":"standard","meta":{"jnews-multi-image_gallery":[],"jnews_single_post":[],"jnews_primary_category":[],"footnotes":""},"categories":[23],"tags":[16,22],"class_list":["post-22480","post","type-post","status-publish","format-standard","has-post-thumbnail","hentry","category-primera","tag-olimpo","tag-villa-mitre"],"yoast_head":"<!-- This site is optimized with the Yoast SEO plugin v27.5 - https:\/\/yoast.com\/product\/yoast-seo-wordpress\/ -->\n<title>El primer cl\u00e1sico fue tricolor - Gente de B\u00e1squet<\/title>\n<meta name=\"robots\" content=\"index, follow, max-snippet:-1, max-image-preview:large, max-video-preview:-1\" \/>\n<link rel=\"canonical\" href=\"https:\/\/gentedebasquet.com.ar\/sitio\/2014\/02\/21\/el-primer-clasico-fue-tricolor\/\" \/>\n<meta property=\"og:locale\" content=\"es_ES\" \/>\n<meta property=\"og:type\" content=\"article\" \/>\n<meta property=\"og:title\" content=\"El primer cl\u00e1sico fue tricolor - Gente de B\u00e1squet\" \/>\n<meta property=\"og:description\" content=\"Villa Mitre y Olimpo volvieron a verse las caras en un cl\u00e1sico despu\u00e9s de mucho tiempo, y el campe\u00f3n de primera divisi\u00f3n fue superior al reci\u00e9n ascendido, por 85 a 63, en la \u00faltima fecha de la fase regular de la Copa Patagonia. Se destacaron Pineda (16) y un \u00faltimo cuarto muy bueno de Susbielles [&hellip;]\" \/>\n<meta property=\"og:url\" content=\"https:\/\/gentedebasquet.com.ar\/sitio\/2014\/02\/21\/el-primer-clasico-fue-tricolor\/\" \/>\n<meta property=\"og:site_name\" content=\"Gente de B\u00e1squet\" \/>\n<meta property=\"article:published_time\" content=\"2014-02-21T02:07:16+00:00\" \/>\n<meta property=\"og:image\" content=\"https:\/\/gentedebasquet.com.ar\/sitio\/wp-content\/uploads\/2014\/02\/1779849_675548009153009_1170688474_n.jpg\" \/>\n\t<meta property=\"og:image:width\" content=\"300\" \/>\n\t<meta property=\"og:image:height\" content=\"225\" \/>\n\t<meta property=\"og:image:type\" content=\"image\/jpeg\" \/>\n<meta name=\"author\" content=\"Gente de B\u00e1squet\" \/>\n<meta name=\"twitter:card\" content=\"summary_large_image\" \/>\n<meta name=\"twitter:label1\" content=\"Escrito por\" \/>\n\t<meta name=\"twitter:data1\" content=\"Gente de B\u00e1squet\" \/>\n\t<meta name=\"twitter:label2\" content=\"Tiempo de lectura\" \/>\n\t<meta name=\"twitter:data2\" content=\"3 minutos\" \/>\n<script type=\"application\/ld+json\" class=\"yoast-schema-graph\">{\"@context\":\"https:\\\/\\\/schema.org\",\"@graph\":[{\"@type\":\"Article\",\"@id\":\"https:\\\/\\\/gentedebasquet.com.ar\\\/sitio\\\/2014\\\/02\\\/21\\\/el-primer-clasico-fue-tricolor\\\/#article\",\"isPartOf\":{\"@id\":\"https:\\\/\\\/gentedebasquet.com.ar\\\/sitio\\\/2014\\\/02\\\/21\\\/el-primer-clasico-fue-tricolor\\\/\"},\"author\":{\"name\":\"Gente de B\u00e1squet\",\"@id\":\"https:\\\/\\\/gentedebasquet.com.ar\\\/sitio\\\/#\\\/schema\\\/person\\\/ca0b63bbb977369988a7bbbdc519943a\"},\"headline\":\"El primer cl\u00e1sico fue tricolor\",\"datePublished\":\"2014-02-21T02:07:16+00:00\",\"mainEntityOfPage\":{\"@id\":\"https:\\\/\\\/gentedebasquet.com.ar\\\/sitio\\\/2014\\\/02\\\/21\\\/el-primer-clasico-fue-tricolor\\\/\"},\"wordCount\":577,\"commentCount\":0,\"image\":{\"@id\":\"https:\\\/\\\/gentedebasquet.com.ar\\\/sitio\\\/2014\\\/02\\\/21\\\/el-primer-clasico-fue-tricolor\\\/#primaryimage\"},\"thumbnailUrl\":\"http:\\\/\\\/gentedebasquet.com.ar\\\/sitio\\\/wp-content\\\/uploads\\\/2014\\\/02\\\/1779849_675548009153009_1170688474_n.jpg\",\"keywords\":[\"Ol\u00edmpo\",\"Villa Mitre\"],\"articleSection\":[\"Primera\"],\"inLanguage\":\"es\",\"potentialAction\":[{\"@type\":\"CommentAction\",\"name\":\"Comment\",\"target\":[\"https:\\\/\\\/gentedebasquet.com.ar\\\/sitio\\\/2014\\\/02\\\/21\\\/el-primer-clasico-fue-tricolor\\\/#respond\"]}]},{\"@type\":\"WebPage\",\"@id\":\"https:\\\/\\\/gentedebasquet.com.ar\\\/sitio\\\/2014\\\/02\\\/21\\\/el-primer-clasico-fue-tricolor\\\/\",\"url\":\"https:\\\/\\\/gentedebasquet.com.ar\\\/sitio\\\/2014\\\/02\\\/21\\\/el-primer-clasico-fue-tricolor\\\/\",\"name\":\"El primer cl\u00e1sico fue tricolor - Gente de B\u00e1squet\",\"isPartOf\":{\"@id\":\"https:\\\/\\\/gentedebasquet.com.ar\\\/sitio\\\/#website\"},\"primaryImageOfPage\":{\"@id\":\"https:\\\/\\\/gentedebasquet.com.ar\\\/sitio\\\/2014\\\/02\\\/21\\\/el-primer-clasico-fue-tricolor\\\/#primaryimage\"},\"image\":{\"@id\":\"https:\\\/\\\/gentedebasquet.com.ar\\\/sitio\\\/2014\\\/02\\\/21\\\/el-primer-clasico-fue-tricolor\\\/#primaryimage\"},\"thumbnailUrl\":\"http:\\\/\\\/gentedebasquet.com.ar\\\/sitio\\\/wp-content\\\/uploads\\\/2014\\\/02\\\/1779849_675548009153009_1170688474_n.jpg\",\"datePublished\":\"2014-02-21T02:07:16+00:00\",\"author\":{\"@id\":\"https:\\\/\\\/gentedebasquet.com.ar\\\/sitio\\\/#\\\/schema\\\/person\\\/ca0b63bbb977369988a7bbbdc519943a\"},\"breadcrumb\":{\"@id\":\"https:\\\/\\\/gentedebasquet.com.ar\\\/sitio\\\/2014\\\/02\\\/21\\\/el-primer-clasico-fue-tricolor\\\/#breadcrumb\"},\"inLanguage\":\"es\",\"potentialAction\":[{\"@type\":\"ReadAction\",\"target\":[\"https:\\\/\\\/gentedebasquet.com.ar\\\/sitio\\\/2014\\\/02\\\/21\\\/el-primer-clasico-fue-tricolor\\\/\"]}]},{\"@type\":\"ImageObject\",\"inLanguage\":\"es\",\"@id\":\"https:\\\/\\\/gentedebasquet.com.ar\\\/sitio\\\/2014\\\/02\\\/21\\\/el-primer-clasico-fue-tricolor\\\/#primaryimage\",\"url\":\"http:\\\/\\\/gentedebasquet.com.ar\\\/sitio\\\/wp-content\\\/uploads\\\/2014\\\/02\\\/1779849_675548009153009_1170688474_n.jpg\",\"contentUrl\":\"http:\\\/\\\/gentedebasquet.com.ar\\\/sitio\\\/wp-content\\\/uploads\\\/2014\\\/02\\\/1779849_675548009153009_1170688474_n.jpg\",\"width\":300,\"height\":225},{\"@type\":\"BreadcrumbList\",\"@id\":\"https:\\\/\\\/gentedebasquet.com.ar\\\/sitio\\\/2014\\\/02\\\/21\\\/el-primer-clasico-fue-tricolor\\\/#breadcrumb\",\"itemListElement\":[{\"@type\":\"ListItem\",\"position\":1,\"name\":\"Portada\",\"item\":\"https:\\\/\\\/gentedebasquet.com.ar\\\/sitio\\\/\"},{\"@type\":\"ListItem\",\"position\":2,\"name\":\"El primer cl\u00e1sico fue tricolor\"}]},{\"@type\":\"WebSite\",\"@id\":\"https:\\\/\\\/gentedebasquet.com.ar\\\/sitio\\\/#website\",\"url\":\"https:\\\/\\\/gentedebasquet.com.ar\\\/sitio\\\/\",\"name\":\"Gente de B\u00e1squet\",\"description\":\"La revista del basquet de Bah\u00eda Blanca\",\"potentialAction\":[{\"@type\":\"SearchAction\",\"target\":{\"@type\":\"EntryPoint\",\"urlTemplate\":\"https:\\\/\\\/gentedebasquet.com.ar\\\/sitio\\\/?s={search_term_string}\"},\"query-input\":{\"@type\":\"PropertyValueSpecification\",\"valueRequired\":true,\"valueName\":\"search_term_string\"}}],\"inLanguage\":\"es\"},{\"@type\":\"Person\",\"@id\":\"https:\\\/\\\/gentedebasquet.com.ar\\\/sitio\\\/#\\\/schema\\\/person\\\/ca0b63bbb977369988a7bbbdc519943a\",\"name\":\"Gente de B\u00e1squet\",\"image\":{\"@type\":\"ImageObject\",\"inLanguage\":\"es\",\"@id\":\"https:\\\/\\\/secure.gravatar.com\\\/avatar\\\/7f2c48bdc33b30088f941fb6082e555f2874c98e20cb159d7b92b50eadfce793?s=96&d=mm&r=g\",\"url\":\"https:\\\/\\\/secure.gravatar.com\\\/avatar\\\/7f2c48bdc33b30088f941fb6082e555f2874c98e20cb159d7b92b50eadfce793?s=96&d=mm&r=g\",\"contentUrl\":\"https:\\\/\\\/secure.gravatar.com\\\/avatar\\\/7f2c48bdc33b30088f941fb6082e555f2874c98e20cb159d7b92b50eadfce793?s=96&d=mm&r=g\",\"caption\":\"Gente de B\u00e1squet\"},\"sameAs\":[\"http:\\\/\\\/gentedebasquet.com.ar\\\/sitio\"],\"url\":\"http:\\\/\\\/gentedebasquet.com.ar\\\/sitio\\\/author\\\/ulises\\\/\"}]}<\/script>\n<!-- \/ Yoast SEO plugin. -->","yoast_head_json":{"title":"El primer cl\u00e1sico fue tricolor - Gente de B\u00e1squet","robots":{"index":"index","follow":"follow","max-snippet":"max-snippet:-1","max-image-preview":"max-image-preview:large","max-video-preview":"max-video-preview:-1"},"canonical":"https:\/\/gentedebasquet.com.ar\/sitio\/2014\/02\/21\/el-primer-clasico-fue-tricolor\/","og_locale":"es_ES","og_type":"article","og_title":"El primer cl\u00e1sico fue tricolor - Gente de B\u00e1squet","og_description":"Villa Mitre y Olimpo volvieron a verse las caras en un cl\u00e1sico despu\u00e9s de mucho tiempo, y el campe\u00f3n de primera divisi\u00f3n fue superior al reci\u00e9n ascendido, por 85 a 63, en la \u00faltima fecha de la fase regular de la Copa Patagonia. Se destacaron Pineda (16) y un \u00faltimo cuarto muy bueno de Susbielles [&hellip;]","og_url":"https:\/\/gentedebasquet.com.ar\/sitio\/2014\/02\/21\/el-primer-clasico-fue-tricolor\/","og_site_name":"Gente de B\u00e1squet","article_published_time":"2014-02-21T02:07:16+00:00","og_image":[{"width":300,"height":225,"url":"https:\/\/gentedebasquet.com.ar\/sitio\/wp-content\/uploads\/2014\/02\/1779849_675548009153009_1170688474_n.jpg","type":"image\/jpeg"}],"author":"Gente de B\u00e1squet","twitter_card":"summary_large_image","twitter_misc":{"Escrito por":"Gente de B\u00e1squet","Tiempo de lectura":"3 minutos"},"schema":{"@context":"https:\/\/schema.org","@graph":[{"@type":"Article","@id":"https:\/\/gentedebasquet.com.ar\/sitio\/2014\/02\/21\/el-primer-clasico-fue-tricolor\/#article","isPartOf":{"@id":"https:\/\/gentedebasquet.com.ar\/sitio\/2014\/02\/21\/el-primer-clasico-fue-tricolor\/"},"author":{"name":"Gente de B\u00e1squet","@id":"https:\/\/gentedebasquet.com.ar\/sitio\/#\/schema\/person\/ca0b63bbb977369988a7bbbdc519943a"},"headline":"El primer cl\u00e1sico fue tricolor","datePublished":"2014-02-21T02:07:16+00:00","mainEntityOfPage":{"@id":"https:\/\/gentedebasquet.com.ar\/sitio\/2014\/02\/21\/el-primer-clasico-fue-tricolor\/"},"wordCount":577,"commentCount":0,"image":{"@id":"https:\/\/gentedebasquet.com.ar\/sitio\/2014\/02\/21\/el-primer-clasico-fue-tricolor\/#primaryimage"},"thumbnailUrl":"http:\/\/gentedebasquet.com.ar\/sitio\/wp-content\/uploads\/2014\/02\/1779849_675548009153009_1170688474_n.jpg","keywords":["Ol\u00edmpo","Villa Mitre"],"articleSection":["Primera"],"inLanguage":"es","potentialAction":[{"@type":"CommentAction","name":"Comment","target":["https:\/\/gentedebasquet.com.ar\/sitio\/2014\/02\/21\/el-primer-clasico-fue-tricolor\/#respond"]}]},{"@type":"WebPage","@id":"https:\/\/gentedebasquet.com.ar\/sitio\/2014\/02\/21\/el-primer-clasico-fue-tricolor\/","url":"https:\/\/gentedebasquet.com.ar\/sitio\/2014\/02\/21\/el-primer-clasico-fue-tricolor\/","name":"El primer cl\u00e1sico fue tricolor - Gente de B\u00e1squet","isPartOf":{"@id":"https:\/\/gentedebasquet.com.ar\/sitio\/#website"},"primaryImageOfPage":{"@id":"https:\/\/gentedebasquet.com.ar\/sitio\/2014\/02\/21\/el-primer-clasico-fue-tricolor\/#primaryimage"},"image":{"@id":"https:\/\/gentedebasquet.com.ar\/sitio\/2014\/02\/21\/el-primer-clasico-fue-tricolor\/#primaryimage"},"thumbnailUrl":"http:\/\/gentedebasquet.com.ar\/sitio\/wp-content\/uploads\/2014\/02\/1779849_675548009153009_1170688474_n.jpg","datePublished":"2014-02-21T02:07:16+00:00","author":{"@id":"https:\/\/gentedebasquet.com.ar\/sitio\/#\/schema\/person\/ca0b63bbb977369988a7bbbdc519943a"},"breadcrumb":{"@id":"https:\/\/gentedebasquet.com.ar\/sitio\/2014\/02\/21\/el-primer-clasico-fue-tricolor\/#breadcrumb"},"inLanguage":"es","potentialAction":[{"@type":"ReadAction","target":["https:\/\/gentedebasquet.com.ar\/sitio\/2014\/02\/21\/el-primer-clasico-fue-tricolor\/"]}]},{"@type":"ImageObject","inLanguage":"es","@id":"https:\/\/gentedebasquet.com.ar\/sitio\/2014\/02\/21\/el-primer-clasico-fue-tricolor\/#primaryimage","url":"http:\/\/gentedebasquet.com.ar\/sitio\/wp-content\/uploads\/2014\/02\/1779849_675548009153009_1170688474_n.jpg","contentUrl":"http:\/\/gentedebasquet.com.ar\/sitio\/wp-content\/uploads\/2014\/02\/1779849_675548009153009_1170688474_n.jpg","width":300,"height":225},{"@type":"BreadcrumbList","@id":"https:\/\/gentedebasquet.com.ar\/sitio\/2014\/02\/21\/el-primer-clasico-fue-tricolor\/#breadcrumb","itemListElement":[{"@type":"ListItem","position":1,"name":"Portada","item":"https:\/\/gentedebasquet.com.ar\/sitio\/"},{"@type":"ListItem","position":2,"name":"El primer cl\u00e1sico fue tricolor"}]},{"@type":"WebSite","@id":"https:\/\/gentedebasquet.com.ar\/sitio\/#website","url":"https:\/\/gentedebasquet.com.ar\/sitio\/","name":"Gente de B\u00e1squet","description":"La revista del basquet de Bah\u00eda Blanca","potentialAction":[{"@type":"SearchAction","target":{"@type":"EntryPoint","urlTemplate":"https:\/\/gentedebasquet.com.ar\/sitio\/?s={search_term_string}"},"query-input":{"@type":"PropertyValueSpecification","valueRequired":true,"valueName":"search_term_string"}}],"inLanguage":"es"},{"@type":"Person","@id":"https:\/\/gentedebasquet.com.ar\/sitio\/#\/schema\/person\/ca0b63bbb977369988a7bbbdc519943a","name":"Gente de B\u00e1squet","image":{"@type":"ImageObject","inLanguage":"es","@id":"https:\/\/secure.gravatar.com\/avatar\/7f2c48bdc33b30088f941fb6082e555f2874c98e20cb159d7b92b50eadfce793?s=96&d=mm&r=g","url":"https:\/\/secure.gravatar.com\/avatar\/7f2c48bdc33b30088f941fb6082e555f2874c98e20cb159d7b92b50eadfce793?s=96&d=mm&r=g","contentUrl":"https:\/\/secure.gravatar.com\/avatar\/7f2c48bdc33b30088f941fb6082e555f2874c98e20cb159d7b92b50eadfce793?s=96&d=mm&r=g","caption":"Gente de B\u00e1squet"},"sameAs":["http:\/\/gentedebasquet.com.ar\/sitio"],"url":"http:\/\/gentedebasquet.com.ar\/sitio\/author\/ulises\/"}]}},"_links":{"self":[{"href":"http:\/\/gentedebasquet.com.ar\/sitio\/wp-json\/wp\/v2\/posts\/22480","targetHints":{"allow":["GET"]}}],"collection":[{"href":"http:\/\/gentedebasquet.com.ar\/sitio\/wp-json\/wp\/v2\/posts"}],"about":[{"href":"http:\/\/gentedebasquet.com.ar\/sitio\/wp-json\/wp\/v2\/types\/post"}],"author":[{"embeddable":true,"href":"http:\/\/gentedebasquet.com.ar\/sitio\/wp-json\/wp\/v2\/users\/1"}],"replies":[{"embeddable":true,"href":"http:\/\/gentedebasquet.com.ar\/sitio\/wp-json\/wp\/v2\/comments?post=22480"}],"version-history":[{"count":0,"href":"http:\/\/gentedebasquet.com.ar\/sitio\/wp-json\/wp\/v2\/posts\/22480\/revisions"}],"wp:featuredmedia":[{"embeddable":true,"href":"http:\/\/gentedebasquet.com.ar\/sitio\/wp-json\/wp\/v2\/media\/25675"}],"wp:attachment":[{"href":"http:\/\/gentedebasquet.com.ar\/sitio\/wp-json\/wp\/v2\/media?parent=22480"}],"wp:term":[{"taxonomy":"category","embeddable":true,"href":"http:\/\/gentedebasquet.com.ar\/sitio\/wp-json\/wp\/v2\/categories?post=22480"},{"taxonomy":"post_tag","embeddable":true,"href":"http:\/\/gentedebasquet.com.ar\/sitio\/wp-json\/wp\/v2\/tags?post=22480"}],"curies":[{"name":"wp","href":"https:\/\/api.w.org\/{rel}","templated":true}]}}