{"id":22588,"date":"2014-02-24T02:20:36","date_gmt":"2014-02-24T02:20:36","guid":{"rendered":"http:\/\/www.gentedebasquet.com.ar\/?p=22588"},"modified":"2014-02-24T02:20:36","modified_gmt":"2014-02-24T02:20:36","slug":"las-semifinales-comenzaron-al-ritmo-de-la-bella","status":"publish","type":"post","link":"http:\/\/gentedebasquet.com.ar\/sitio\/2014\/02\/24\/las-semifinales-comenzaron-al-ritmo-de-la-bella\/","title":{"rendered":"Las semifinales comenzaron al ritmo de La Bella"},"content":{"rendered":"<p><em><strong>El base fue una vez m\u00e1s el conductor y el goleador (21) de Gimnasia La Plata, que venci\u00f3 como local a Del Acuerdo 78 a 74 en el inicio de las semifinales del Provincial de Clubes. Si gana el pr\u00f3ximo fin de semana en San Nicol\u00e1s ser\u00e1 finalista. En la otra llave, Sarmiento de Jun\u00edn venci\u00f3 en Olavarr\u00eda a Pueblo Nuevo 78-71.<!--more--><\/strong><\/em><\/p>\n<p>El partido se inici\u00f3 de la mejor manera para los triperos, a pura efectividad en ataque, concretando un parcial de 12-2. Del Acuerdo, que llegaba invicto al polideportivo, no articul\u00f3 hasta que apareci\u00f3 la conducci\u00f3n de Diego Alba y los rebotes ofensivos de V\u00edctor Baldo. Poco a poco limaron la diferencia hasta terminar el primer cuarto, solo tres puntos abajo.<\/p>\n<p>Si bien lo acechaban, el plantel local mostraba tener la autoridad en el partido, manteni\u00e9ndose siempre arriba en el tanteador. <strong>Leonardo La Bella<\/strong> era lo m\u00e1s sobresaliente, junto al pelado Menza y un buen ingreso de Ra\u00fal Crivaro para darle entidad en la zona pintada. El equipo somisero, con la salida de Diego Alba por 4 faltas, perdi\u00f3 a su m\u00e1ximo anotador y recalaba por dem\u00e1s su juego en Baldo. El local logr\u00f3 escapar 61-44 pero perdi\u00f3 a <strong>La Bella<\/strong> en el cierre por calambres en su gemelo derecho y la visita fue oportuna, acortando la brecha a medida que transcurr\u00edan los minutos.<\/p>\n<p>Pero ante cualquier pron\u00f3stico de remontada, Gimnasia sac\u00f3 a relucir su car\u00e1cter y demostr\u00f3 ser m\u00e1s inteligente en el final, siendo preciso al momento de ir a la l\u00ednea en los segundos finales. La serie de semifinales est\u00e1 1-0 y match point para los de Adriani que deber\u00e1n buscar la clasificaci\u00f3n en tierras nicole\u00f1as.<\/p>\n<p><span style=\"color: #ffcc99;\">.<\/span><\/p>\n<p><span style=\"text-decoration: underline;\"><em><strong>S\u00edntesis:<\/strong><\/em><\/span><\/p>\n<p><strong>Gimnasia (La Plata) 78:<\/strong><\/p>\n<p>Iniciales: La Bella 21, P\u00e9rez 11, Menza 9, Mar\u00edn 11 y Vidal 2.<\/p>\n<p>Ingresaron: Vieyra 2, Crivaro 9, Fern\u00e1ndez 13, Lancieri 0, Alonso 0, Rusconi 0 y Fornales 0.<\/p>\n<p>DT: C. Adriani.<\/p>\n<p><strong>Del Acuerdo (San Nicol\u00e1s) 74:<\/strong><\/p>\n<p>Iniciales: D. Alba 11, Zarzo 7, Noguera 16, Saavedra 4 y Baldo 24.<\/p>\n<p>Ingresaron: Genzano 2, P\u00e9rez 4, Salazar 6, E. Alba 0, Voltattorni 0, Valentini 0 y Bianchi 0.<\/p>\n<p>DT: N. Aramburu.<\/p>\n<p><span style=\"color: #ffcc99;\">.<\/span><\/p>\n<p><strong>Parciales:<\/strong> 21-18, 46-34 (25-16), 61-44 (15-10) y 78-74 (17-30).<\/p>\n<p><strong>Jueces:<\/strong> Cabe, S\u00e1nchez y Ranzoni.<\/p>\n<p><strong>Estadio:<\/strong> Polideportivo, Gimnasia.<\/p>\n<p><span style=\"color: #ffcc99;\">.<\/span><\/p>\n<p>En la otra llave, Sarmiento de Jun\u00edn venci\u00f3 como visitante a Pueblo Nuevo de Olavarr\u00eda 78-71.<\/p>\n<p><span style=\"text-decoration: underline;\"><em><strong>S\u00edntesis:<\/strong><\/em><\/span><\/p>\n<p><strong>Pueblo Nuevo (Olavarr\u00eda) 71: <\/strong><\/p>\n<p>Iniciales: Francisco M\u00e9ndez 6, Emiliano Coppero 13, Gonzalo Alonso 0, Federico Arce 17 y Gerardo Barrera 18.<\/p>\n<p>Ingresaron: Jeffrey Merchant 3, Ariel Weisbeck 1, Juan Aquino 5 y Sebasti\u00e1n Masson 8.<\/p>\n<p>DT: Cristian S\u00e1nchez.<\/p>\n<p><strong>Sarmiento (Jun\u00edn) 78: <\/strong><\/p>\n<p>InicialeS: Nicol\u00e1s Godoy 0, Emmanuel D\u00b4Angelo 13, Giuliano Marelli 12, Javier Corniglia 15 y Mart\u00edn Pasquinelli 5.<\/p>\n<p>Ingresaron: Leandro Bordoy 28, Federico Pollio 8 y Andr\u00e9s Rolandelli 2.<\/p>\n<p>DT: Mario Andrade.<\/p>\n<p><span style=\"color: #ffcc99;\">.<\/span><\/p>\n<p><strong>Parciales:<\/strong> 23-19, 40-42, 51-55 y 71-78.<\/p>\n<p><strong>Jueces:<\/strong> Fabricio Vito, Luciano Yaman y Mauro Pereira<\/p>\n<p><strong>Estadio:<\/strong>\u00a0Juan Manolio.<\/p>\n<p><strong>Fuente:<\/strong> Prensa GELP y Olab\u00e1squet.<\/p>\n<p><strong>Foto:<\/strong> Prensa GELP.<\/p>\n","protected":false},"excerpt":{"rendered":"<p>El base fue una vez m\u00e1s el conductor y el goleador (21) de Gimnasia La Plata, que venci\u00f3 como local a Del Acuerdo 78 a 74 en el inicio de las semifinales del Provincial de Clubes. Si gana el pr\u00f3ximo fin de semana en San Nicol\u00e1s ser\u00e1 finalista. En la otra llave, Sarmiento de Jun\u00edn [&hellip;]<\/p>\n","protected":false},"author":1,"featured_media":25554,"comment_status":"open","ping_status":"open","sticky":false,"template":"","format":"standard","meta":{"jnews-multi-image_gallery":[],"jnews_single_post":[],"jnews_primary_category":[],"footnotes":""},"categories":[34,63],"tags":[],"class_list":["post-22588","post","type-post","status-publish","format-standard","has-post-thumbnail","hentry","category-bahienses-afuera","category-prov-de-clubes"],"yoast_head":"<!-- This site is optimized with the Yoast SEO plugin v27.5 - https:\/\/yoast.com\/product\/yoast-seo-wordpress\/ -->\n<title>Las semifinales comenzaron al ritmo de La Bella - Gente de B\u00e1squet<\/title>\n<meta name=\"robots\" content=\"index, follow, max-snippet:-1, max-image-preview:large, max-video-preview:-1\" \/>\n<link rel=\"canonical\" href=\"https:\/\/gentedebasquet.com.ar\/sitio\/2014\/02\/24\/las-semifinales-comenzaron-al-ritmo-de-la-bella\/\" \/>\n<meta property=\"og:locale\" content=\"es_ES\" \/>\n<meta property=\"og:type\" content=\"article\" \/>\n<meta property=\"og:title\" content=\"Las semifinales comenzaron al ritmo de La Bella - Gente de B\u00e1squet\" \/>\n<meta property=\"og:description\" content=\"El base fue una vez m\u00e1s el conductor y el goleador (21) de Gimnasia La Plata, que venci\u00f3 como local a Del Acuerdo 78 a 74 en el inicio de las semifinales del Provincial de Clubes. Si gana el pr\u00f3ximo fin de semana en San Nicol\u00e1s ser\u00e1 finalista. En la otra llave, Sarmiento de Jun\u00edn [&hellip;]\" \/>\n<meta property=\"og:url\" content=\"https:\/\/gentedebasquet.com.ar\/sitio\/2014\/02\/24\/las-semifinales-comenzaron-al-ritmo-de-la-bella\/\" \/>\n<meta property=\"og:site_name\" content=\"Gente de B\u00e1squet\" \/>\n<meta property=\"article:published_time\" content=\"2014-02-24T02:20:36+00:00\" \/>\n<meta property=\"og:image\" content=\"https:\/\/gentedebasquet.com.ar\/sitio\/wp-content\/uploads\/2014\/02\/La-bella-3.jpg\" \/>\n\t<meta property=\"og:image:width\" content=\"300\" \/>\n\t<meta property=\"og:image:height\" content=\"225\" \/>\n\t<meta property=\"og:image:type\" content=\"image\/jpeg\" \/>\n<meta name=\"author\" content=\"Gente de B\u00e1squet\" \/>\n<meta name=\"twitter:card\" content=\"summary_large_image\" \/>\n<meta name=\"twitter:label1\" content=\"Escrito por\" \/>\n\t<meta name=\"twitter:data1\" content=\"Gente de B\u00e1squet\" \/>\n\t<meta name=\"twitter:label2\" content=\"Tiempo de lectura\" \/>\n\t<meta name=\"twitter:data2\" content=\"2 minutos\" \/>\n<script type=\"application\/ld+json\" class=\"yoast-schema-graph\">{\"@context\":\"https:\\\/\\\/schema.org\",\"@graph\":[{\"@type\":\"Article\",\"@id\":\"https:\\\/\\\/gentedebasquet.com.ar\\\/sitio\\\/2014\\\/02\\\/24\\\/las-semifinales-comenzaron-al-ritmo-de-la-bella\\\/#article\",\"isPartOf\":{\"@id\":\"https:\\\/\\\/gentedebasquet.com.ar\\\/sitio\\\/2014\\\/02\\\/24\\\/las-semifinales-comenzaron-al-ritmo-de-la-bella\\\/\"},\"author\":{\"name\":\"Gente de B\u00e1squet\",\"@id\":\"https:\\\/\\\/gentedebasquet.com.ar\\\/sitio\\\/#\\\/schema\\\/person\\\/ca0b63bbb977369988a7bbbdc519943a\"},\"headline\":\"Las semifinales comenzaron al ritmo de La Bella\",\"datePublished\":\"2014-02-24T02:20:36+00:00\",\"mainEntityOfPage\":{\"@id\":\"https:\\\/\\\/gentedebasquet.com.ar\\\/sitio\\\/2014\\\/02\\\/24\\\/las-semifinales-comenzaron-al-ritmo-de-la-bella\\\/\"},\"wordCount\":484,\"commentCount\":0,\"image\":{\"@id\":\"https:\\\/\\\/gentedebasquet.com.ar\\\/sitio\\\/2014\\\/02\\\/24\\\/las-semifinales-comenzaron-al-ritmo-de-la-bella\\\/#primaryimage\"},\"thumbnailUrl\":\"http:\\\/\\\/gentedebasquet.com.ar\\\/sitio\\\/wp-content\\\/uploads\\\/2014\\\/02\\\/La-bella-3.jpg\",\"articleSection\":[\"Bahienses Afuera\",\"Prov. de Clubes\"],\"inLanguage\":\"es\",\"potentialAction\":[{\"@type\":\"CommentAction\",\"name\":\"Comment\",\"target\":[\"https:\\\/\\\/gentedebasquet.com.ar\\\/sitio\\\/2014\\\/02\\\/24\\\/las-semifinales-comenzaron-al-ritmo-de-la-bella\\\/#respond\"]}]},{\"@type\":\"WebPage\",\"@id\":\"https:\\\/\\\/gentedebasquet.com.ar\\\/sitio\\\/2014\\\/02\\\/24\\\/las-semifinales-comenzaron-al-ritmo-de-la-bella\\\/\",\"url\":\"https:\\\/\\\/gentedebasquet.com.ar\\\/sitio\\\/2014\\\/02\\\/24\\\/las-semifinales-comenzaron-al-ritmo-de-la-bella\\\/\",\"name\":\"Las semifinales comenzaron al ritmo de La Bella - Gente de B\u00e1squet\",\"isPartOf\":{\"@id\":\"https:\\\/\\\/gentedebasquet.com.ar\\\/sitio\\\/#website\"},\"primaryImageOfPage\":{\"@id\":\"https:\\\/\\\/gentedebasquet.com.ar\\\/sitio\\\/2014\\\/02\\\/24\\\/las-semifinales-comenzaron-al-ritmo-de-la-bella\\\/#primaryimage\"},\"image\":{\"@id\":\"https:\\\/\\\/gentedebasquet.com.ar\\\/sitio\\\/2014\\\/02\\\/24\\\/las-semifinales-comenzaron-al-ritmo-de-la-bella\\\/#primaryimage\"},\"thumbnailUrl\":\"http:\\\/\\\/gentedebasquet.com.ar\\\/sitio\\\/wp-content\\\/uploads\\\/2014\\\/02\\\/La-bella-3.jpg\",\"datePublished\":\"2014-02-24T02:20:36+00:00\",\"author\":{\"@id\":\"https:\\\/\\\/gentedebasquet.com.ar\\\/sitio\\\/#\\\/schema\\\/person\\\/ca0b63bbb977369988a7bbbdc519943a\"},\"breadcrumb\":{\"@id\":\"https:\\\/\\\/gentedebasquet.com.ar\\\/sitio\\\/2014\\\/02\\\/24\\\/las-semifinales-comenzaron-al-ritmo-de-la-bella\\\/#breadcrumb\"},\"inLanguage\":\"es\",\"potentialAction\":[{\"@type\":\"ReadAction\",\"target\":[\"https:\\\/\\\/gentedebasquet.com.ar\\\/sitio\\\/2014\\\/02\\\/24\\\/las-semifinales-comenzaron-al-ritmo-de-la-bella\\\/\"]}]},{\"@type\":\"ImageObject\",\"inLanguage\":\"es\",\"@id\":\"https:\\\/\\\/gentedebasquet.com.ar\\\/sitio\\\/2014\\\/02\\\/24\\\/las-semifinales-comenzaron-al-ritmo-de-la-bella\\\/#primaryimage\",\"url\":\"http:\\\/\\\/gentedebasquet.com.ar\\\/sitio\\\/wp-content\\\/uploads\\\/2014\\\/02\\\/La-bella-3.jpg\",\"contentUrl\":\"http:\\\/\\\/gentedebasquet.com.ar\\\/sitio\\\/wp-content\\\/uploads\\\/2014\\\/02\\\/La-bella-3.jpg\",\"width\":300,\"height\":225},{\"@type\":\"BreadcrumbList\",\"@id\":\"https:\\\/\\\/gentedebasquet.com.ar\\\/sitio\\\/2014\\\/02\\\/24\\\/las-semifinales-comenzaron-al-ritmo-de-la-bella\\\/#breadcrumb\",\"itemListElement\":[{\"@type\":\"ListItem\",\"position\":1,\"name\":\"Portada\",\"item\":\"https:\\\/\\\/gentedebasquet.com.ar\\\/sitio\\\/\"},{\"@type\":\"ListItem\",\"position\":2,\"name\":\"Las semifinales comenzaron al ritmo de La Bella\"}]},{\"@type\":\"WebSite\",\"@id\":\"https:\\\/\\\/gentedebasquet.com.ar\\\/sitio\\\/#website\",\"url\":\"https:\\\/\\\/gentedebasquet.com.ar\\\/sitio\\\/\",\"name\":\"Gente de B\u00e1squet\",\"description\":\"La revista del basquet de Bah\u00eda Blanca\",\"potentialAction\":[{\"@type\":\"SearchAction\",\"target\":{\"@type\":\"EntryPoint\",\"urlTemplate\":\"https:\\\/\\\/gentedebasquet.com.ar\\\/sitio\\\/?s={search_term_string}\"},\"query-input\":{\"@type\":\"PropertyValueSpecification\",\"valueRequired\":true,\"valueName\":\"search_term_string\"}}],\"inLanguage\":\"es\"},{\"@type\":\"Person\",\"@id\":\"https:\\\/\\\/gentedebasquet.com.ar\\\/sitio\\\/#\\\/schema\\\/person\\\/ca0b63bbb977369988a7bbbdc519943a\",\"name\":\"Gente de B\u00e1squet\",\"image\":{\"@type\":\"ImageObject\",\"inLanguage\":\"es\",\"@id\":\"https:\\\/\\\/secure.gravatar.com\\\/avatar\\\/7f2c48bdc33b30088f941fb6082e555f2874c98e20cb159d7b92b50eadfce793?s=96&d=mm&r=g\",\"url\":\"https:\\\/\\\/secure.gravatar.com\\\/avatar\\\/7f2c48bdc33b30088f941fb6082e555f2874c98e20cb159d7b92b50eadfce793?s=96&d=mm&r=g\",\"contentUrl\":\"https:\\\/\\\/secure.gravatar.com\\\/avatar\\\/7f2c48bdc33b30088f941fb6082e555f2874c98e20cb159d7b92b50eadfce793?s=96&d=mm&r=g\",\"caption\":\"Gente de B\u00e1squet\"},\"sameAs\":[\"http:\\\/\\\/gentedebasquet.com.ar\\\/sitio\"],\"url\":\"http:\\\/\\\/gentedebasquet.com.ar\\\/sitio\\\/author\\\/ulises\\\/\"}]}<\/script>\n<!-- \/ Yoast SEO plugin. -->","yoast_head_json":{"title":"Las semifinales comenzaron al ritmo de La Bella - Gente de B\u00e1squet","robots":{"index":"index","follow":"follow","max-snippet":"max-snippet:-1","max-image-preview":"max-image-preview:large","max-video-preview":"max-video-preview:-1"},"canonical":"https:\/\/gentedebasquet.com.ar\/sitio\/2014\/02\/24\/las-semifinales-comenzaron-al-ritmo-de-la-bella\/","og_locale":"es_ES","og_type":"article","og_title":"Las semifinales comenzaron al ritmo de La Bella - Gente de B\u00e1squet","og_description":"El base fue una vez m\u00e1s el conductor y el goleador (21) de Gimnasia La Plata, que venci\u00f3 como local a Del Acuerdo 78 a 74 en el inicio de las semifinales del Provincial de Clubes. Si gana el pr\u00f3ximo fin de semana en San Nicol\u00e1s ser\u00e1 finalista. En la otra llave, Sarmiento de Jun\u00edn [&hellip;]","og_url":"https:\/\/gentedebasquet.com.ar\/sitio\/2014\/02\/24\/las-semifinales-comenzaron-al-ritmo-de-la-bella\/","og_site_name":"Gente de B\u00e1squet","article_published_time":"2014-02-24T02:20:36+00:00","og_image":[{"width":300,"height":225,"url":"https:\/\/gentedebasquet.com.ar\/sitio\/wp-content\/uploads\/2014\/02\/La-bella-3.jpg","type":"image\/jpeg"}],"author":"Gente de B\u00e1squet","twitter_card":"summary_large_image","twitter_misc":{"Escrito por":"Gente de B\u00e1squet","Tiempo de lectura":"2 minutos"},"schema":{"@context":"https:\/\/schema.org","@graph":[{"@type":"Article","@id":"https:\/\/gentedebasquet.com.ar\/sitio\/2014\/02\/24\/las-semifinales-comenzaron-al-ritmo-de-la-bella\/#article","isPartOf":{"@id":"https:\/\/gentedebasquet.com.ar\/sitio\/2014\/02\/24\/las-semifinales-comenzaron-al-ritmo-de-la-bella\/"},"author":{"name":"Gente de B\u00e1squet","@id":"https:\/\/gentedebasquet.com.ar\/sitio\/#\/schema\/person\/ca0b63bbb977369988a7bbbdc519943a"},"headline":"Las semifinales comenzaron al ritmo de La Bella","datePublished":"2014-02-24T02:20:36+00:00","mainEntityOfPage":{"@id":"https:\/\/gentedebasquet.com.ar\/sitio\/2014\/02\/24\/las-semifinales-comenzaron-al-ritmo-de-la-bella\/"},"wordCount":484,"commentCount":0,"image":{"@id":"https:\/\/gentedebasquet.com.ar\/sitio\/2014\/02\/24\/las-semifinales-comenzaron-al-ritmo-de-la-bella\/#primaryimage"},"thumbnailUrl":"http:\/\/gentedebasquet.com.ar\/sitio\/wp-content\/uploads\/2014\/02\/La-bella-3.jpg","articleSection":["Bahienses Afuera","Prov. de Clubes"],"inLanguage":"es","potentialAction":[{"@type":"CommentAction","name":"Comment","target":["https:\/\/gentedebasquet.com.ar\/sitio\/2014\/02\/24\/las-semifinales-comenzaron-al-ritmo-de-la-bella\/#respond"]}]},{"@type":"WebPage","@id":"https:\/\/gentedebasquet.com.ar\/sitio\/2014\/02\/24\/las-semifinales-comenzaron-al-ritmo-de-la-bella\/","url":"https:\/\/gentedebasquet.com.ar\/sitio\/2014\/02\/24\/las-semifinales-comenzaron-al-ritmo-de-la-bella\/","name":"Las semifinales comenzaron al ritmo de La Bella - Gente de B\u00e1squet","isPartOf":{"@id":"https:\/\/gentedebasquet.com.ar\/sitio\/#website"},"primaryImageOfPage":{"@id":"https:\/\/gentedebasquet.com.ar\/sitio\/2014\/02\/24\/las-semifinales-comenzaron-al-ritmo-de-la-bella\/#primaryimage"},"image":{"@id":"https:\/\/gentedebasquet.com.ar\/sitio\/2014\/02\/24\/las-semifinales-comenzaron-al-ritmo-de-la-bella\/#primaryimage"},"thumbnailUrl":"http:\/\/gentedebasquet.com.ar\/sitio\/wp-content\/uploads\/2014\/02\/La-bella-3.jpg","datePublished":"2014-02-24T02:20:36+00:00","author":{"@id":"https:\/\/gentedebasquet.com.ar\/sitio\/#\/schema\/person\/ca0b63bbb977369988a7bbbdc519943a"},"breadcrumb":{"@id":"https:\/\/gentedebasquet.com.ar\/sitio\/2014\/02\/24\/las-semifinales-comenzaron-al-ritmo-de-la-bella\/#breadcrumb"},"inLanguage":"es","potentialAction":[{"@type":"ReadAction","target":["https:\/\/gentedebasquet.com.ar\/sitio\/2014\/02\/24\/las-semifinales-comenzaron-al-ritmo-de-la-bella\/"]}]},{"@type":"ImageObject","inLanguage":"es","@id":"https:\/\/gentedebasquet.com.ar\/sitio\/2014\/02\/24\/las-semifinales-comenzaron-al-ritmo-de-la-bella\/#primaryimage","url":"http:\/\/gentedebasquet.com.ar\/sitio\/wp-content\/uploads\/2014\/02\/La-bella-3.jpg","contentUrl":"http:\/\/gentedebasquet.com.ar\/sitio\/wp-content\/uploads\/2014\/02\/La-bella-3.jpg","width":300,"height":225},{"@type":"BreadcrumbList","@id":"https:\/\/gentedebasquet.com.ar\/sitio\/2014\/02\/24\/las-semifinales-comenzaron-al-ritmo-de-la-bella\/#breadcrumb","itemListElement":[{"@type":"ListItem","position":1,"name":"Portada","item":"https:\/\/gentedebasquet.com.ar\/sitio\/"},{"@type":"ListItem","position":2,"name":"Las semifinales comenzaron al ritmo de La Bella"}]},{"@type":"WebSite","@id":"https:\/\/gentedebasquet.com.ar\/sitio\/#website","url":"https:\/\/gentedebasquet.com.ar\/sitio\/","name":"Gente de B\u00e1squet","description":"La revista del basquet de Bah\u00eda Blanca","potentialAction":[{"@type":"SearchAction","target":{"@type":"EntryPoint","urlTemplate":"https:\/\/gentedebasquet.com.ar\/sitio\/?s={search_term_string}"},"query-input":{"@type":"PropertyValueSpecification","valueRequired":true,"valueName":"search_term_string"}}],"inLanguage":"es"},{"@type":"Person","@id":"https:\/\/gentedebasquet.com.ar\/sitio\/#\/schema\/person\/ca0b63bbb977369988a7bbbdc519943a","name":"Gente de B\u00e1squet","image":{"@type":"ImageObject","inLanguage":"es","@id":"https:\/\/secure.gravatar.com\/avatar\/7f2c48bdc33b30088f941fb6082e555f2874c98e20cb159d7b92b50eadfce793?s=96&d=mm&r=g","url":"https:\/\/secure.gravatar.com\/avatar\/7f2c48bdc33b30088f941fb6082e555f2874c98e20cb159d7b92b50eadfce793?s=96&d=mm&r=g","contentUrl":"https:\/\/secure.gravatar.com\/avatar\/7f2c48bdc33b30088f941fb6082e555f2874c98e20cb159d7b92b50eadfce793?s=96&d=mm&r=g","caption":"Gente de B\u00e1squet"},"sameAs":["http:\/\/gentedebasquet.com.ar\/sitio"],"url":"http:\/\/gentedebasquet.com.ar\/sitio\/author\/ulises\/"}]}},"_links":{"self":[{"href":"http:\/\/gentedebasquet.com.ar\/sitio\/wp-json\/wp\/v2\/posts\/22588","targetHints":{"allow":["GET"]}}],"collection":[{"href":"http:\/\/gentedebasquet.com.ar\/sitio\/wp-json\/wp\/v2\/posts"}],"about":[{"href":"http:\/\/gentedebasquet.com.ar\/sitio\/wp-json\/wp\/v2\/types\/post"}],"author":[{"embeddable":true,"href":"http:\/\/gentedebasquet.com.ar\/sitio\/wp-json\/wp\/v2\/users\/1"}],"replies":[{"embeddable":true,"href":"http:\/\/gentedebasquet.com.ar\/sitio\/wp-json\/wp\/v2\/comments?post=22588"}],"version-history":[{"count":0,"href":"http:\/\/gentedebasquet.com.ar\/sitio\/wp-json\/wp\/v2\/posts\/22588\/revisions"}],"wp:featuredmedia":[{"embeddable":true,"href":"http:\/\/gentedebasquet.com.ar\/sitio\/wp-json\/wp\/v2\/media\/25554"}],"wp:attachment":[{"href":"http:\/\/gentedebasquet.com.ar\/sitio\/wp-json\/wp\/v2\/media?parent=22588"}],"wp:term":[{"taxonomy":"category","embeddable":true,"href":"http:\/\/gentedebasquet.com.ar\/sitio\/wp-json\/wp\/v2\/categories?post=22588"},{"taxonomy":"post_tag","embeddable":true,"href":"http:\/\/gentedebasquet.com.ar\/sitio\/wp-json\/wp\/v2\/tags?post=22588"}],"curies":[{"name":"wp","href":"https:\/\/api.w.org\/{rel}","templated":true}]}}