{"id":22602,"date":"2014-02-24T03:21:11","date_gmt":"2014-02-24T03:21:11","guid":{"rendered":"http:\/\/www.gentedebasquet.com.ar\/?p=22602"},"modified":"2014-02-24T03:21:11","modified_gmt":"2014-02-24T03:21:11","slug":"no-alcanzaron-los-10-puntos-de-richotti-al-barca","status":"publish","type":"post","link":"http:\/\/gentedebasquet.com.ar\/sitio\/2014\/02\/24\/no-alcanzaron-los-10-puntos-de-richotti-al-barca\/","title":{"rendered":"No alcanzaron los 10 puntos de Richotti al Bar\u00e7a"},"content":{"rendered":"<p><em><strong>El Iberostar Tenerife no pudo derrotar este domingo a un Barelona superior (78-56). El reciente subcampe\u00f3n de la Copa del Rey, invicto en el Top 16 de la Euroliga, dej\u00f3 de manifiesto que tiene recursos suficientes para pelear por todos los torneos que se lo pongan por delante. Nicol\u00e1s jug\u00f3 23 minutos.<!--more--><\/strong><\/em><\/p>\n<p>Lo intent\u00f3 el equipo tinerfe\u00f1o con un desgaste f\u00edsico sin recompensa, entr\u00f3 al cara a cara en un segundo cuarto ciclot\u00edmico, con parciales de un lado y de otro, pero sali\u00f3 perjudicado del intento (25-38, 20\u2019) y sentenciado a la vuelta de la pausa.<\/p>\n<p>A la vuelta del intermedio, el grupo de Xavi Pascual no dej\u00f3 resquicio a la sorpresa y fue alternando su amalgama de recursos para imponerse con autoridad. La intensidad defensiva del bloque; los fogonazos de Mario Hezonja, una perla en gestaci\u00f3n de s\u00f3lo 19 a\u00f1os; el paso al frente de Abrines, la clase de Oleson y el poder interior de Tomic, Dorsey y compa\u00f1\u00eda hicieron infructuosos los intentos del Iberostar Tenerife de apretar la contienda.<\/p>\n<p>El bahiense <strong>Nicol\u00e1s Richotti<\/strong> cerr\u00f3 su planilla personal con 10 puntos (1\/2 TL, 3\/6 2p, 1\/3 3p), 3 rebotes, 2 asistencias, 3 robos y 1 perdidas en 23m05. Adem\u00e1s, hubo 5 unidades y 3 recobres de Juan Pedro Guti\u00e9rrez en 22m48.<\/p>\n<p><em>Agenda de Iberostar Tenerife:<\/em><\/p>\n<p>&#8211; Domingo 02\/03 vs Real Madrid (V)<\/p>\n<p>&#8211; S\u00e1bado 08\/03 vs Estudiantes (L)<\/p>\n<p>&#8211; S\u00e1bado 15\/03 vs Fuenlabrada (V)<\/p>\n<p>&#8211; Domingo 23\/03 vs\u00a0Herbalife Gran Canaria (L)<\/p>\n<p>&#8211; domingo 30\/03 vs\u00a0FIATC Joventut (V)<\/p>\n<p><strong>Fuente:\u00a0<\/strong>Prensa CB Canarias y ACB.com<\/p>\n<p><strong>Foto:<\/strong>\u00a0Prensa CB Canarias.<\/p>\n","protected":false},"excerpt":{"rendered":"<p>El Iberostar Tenerife no pudo derrotar este domingo a un Barelona superior (78-56). El reciente subcampe\u00f3n de la Copa del Rey, invicto en el Top 16 de la Euroliga, dej\u00f3 de manifiesto que tiene recursos suficientes para pelear por todos los torneos que se lo pongan por delante. Nicol\u00e1s jug\u00f3 23 minutos.<\/p>\n","protected":false},"author":1,"featured_media":25552,"comment_status":"open","ping_status":"open","sticky":false,"template":"","format":"standard","meta":{"jnews-multi-image_gallery":[],"jnews_single_post":[],"jnews_primary_category":[],"footnotes":""},"categories":[34],"tags":[],"class_list":["post-22602","post","type-post","status-publish","format-standard","has-post-thumbnail","hentry","category-bahienses-afuera"],"yoast_head":"<!-- This site is optimized with the Yoast SEO plugin v27.5 - https:\/\/yoast.com\/product\/yoast-seo-wordpress\/ -->\n<title>No alcanzaron los 10 puntos de Richotti al Bar\u00e7a - Gente de B\u00e1squet<\/title>\n<meta name=\"robots\" content=\"index, follow, max-snippet:-1, max-image-preview:large, max-video-preview:-1\" \/>\n<link rel=\"canonical\" href=\"https:\/\/gentedebasquet.com.ar\/sitio\/2014\/02\/24\/no-alcanzaron-los-10-puntos-de-richotti-al-barca\/\" \/>\n<meta property=\"og:locale\" content=\"es_ES\" \/>\n<meta property=\"og:type\" content=\"article\" \/>\n<meta property=\"og:title\" content=\"No alcanzaron los 10 puntos de Richotti al Bar\u00e7a - Gente de B\u00e1squet\" \/>\n<meta property=\"og:description\" content=\"El Iberostar Tenerife no pudo derrotar este domingo a un Barelona superior (78-56). El reciente subcampe\u00f3n de la Copa del Rey, invicto en el Top 16 de la Euroliga, dej\u00f3 de manifiesto que tiene recursos suficientes para pelear por todos los torneos que se lo pongan por delante. Nicol\u00e1s jug\u00f3 23 minutos.\" \/>\n<meta property=\"og:url\" content=\"https:\/\/gentedebasquet.com.ar\/sitio\/2014\/02\/24\/no-alcanzaron-los-10-puntos-de-richotti-al-barca\/\" \/>\n<meta property=\"og:site_name\" content=\"Gente de B\u00e1squet\" \/>\n<meta property=\"article:published_time\" content=\"2014-02-24T03:21:11+00:00\" \/>\n<meta property=\"og:image\" content=\"https:\/\/gentedebasquet.com.ar\/sitio\/wp-content\/uploads\/2014\/02\/Richoti-2.jpg\" \/>\n\t<meta property=\"og:image:width\" content=\"300\" \/>\n\t<meta property=\"og:image:height\" content=\"225\" \/>\n\t<meta property=\"og:image:type\" content=\"image\/jpeg\" \/>\n<meta name=\"author\" content=\"Gente de B\u00e1squet\" \/>\n<meta name=\"twitter:card\" content=\"summary_large_image\" \/>\n<meta name=\"twitter:label1\" content=\"Escrito por\" \/>\n\t<meta name=\"twitter:data1\" content=\"Gente de B\u00e1squet\" \/>\n\t<meta name=\"twitter:label2\" content=\"Tiempo de lectura\" \/>\n\t<meta name=\"twitter:data2\" content=\"1 minuto\" \/>\n<script type=\"application\/ld+json\" class=\"yoast-schema-graph\">{\"@context\":\"https:\\\/\\\/schema.org\",\"@graph\":[{\"@type\":\"Article\",\"@id\":\"https:\\\/\\\/gentedebasquet.com.ar\\\/sitio\\\/2014\\\/02\\\/24\\\/no-alcanzaron-los-10-puntos-de-richotti-al-barca\\\/#article\",\"isPartOf\":{\"@id\":\"https:\\\/\\\/gentedebasquet.com.ar\\\/sitio\\\/2014\\\/02\\\/24\\\/no-alcanzaron-los-10-puntos-de-richotti-al-barca\\\/\"},\"author\":{\"name\":\"Gente de B\u00e1squet\",\"@id\":\"https:\\\/\\\/gentedebasquet.com.ar\\\/sitio\\\/#\\\/schema\\\/person\\\/ca0b63bbb977369988a7bbbdc519943a\"},\"headline\":\"No alcanzaron los 10 puntos de Richotti al Bar\u00e7a\",\"datePublished\":\"2014-02-24T03:21:11+00:00\",\"mainEntityOfPage\":{\"@id\":\"https:\\\/\\\/gentedebasquet.com.ar\\\/sitio\\\/2014\\\/02\\\/24\\\/no-alcanzaron-los-10-puntos-de-richotti-al-barca\\\/\"},\"wordCount\":265,\"commentCount\":0,\"image\":{\"@id\":\"https:\\\/\\\/gentedebasquet.com.ar\\\/sitio\\\/2014\\\/02\\\/24\\\/no-alcanzaron-los-10-puntos-de-richotti-al-barca\\\/#primaryimage\"},\"thumbnailUrl\":\"http:\\\/\\\/gentedebasquet.com.ar\\\/sitio\\\/wp-content\\\/uploads\\\/2014\\\/02\\\/Richoti-2.jpg\",\"articleSection\":[\"Bahienses Afuera\"],\"inLanguage\":\"es\",\"potentialAction\":[{\"@type\":\"CommentAction\",\"name\":\"Comment\",\"target\":[\"https:\\\/\\\/gentedebasquet.com.ar\\\/sitio\\\/2014\\\/02\\\/24\\\/no-alcanzaron-los-10-puntos-de-richotti-al-barca\\\/#respond\"]}]},{\"@type\":\"WebPage\",\"@id\":\"https:\\\/\\\/gentedebasquet.com.ar\\\/sitio\\\/2014\\\/02\\\/24\\\/no-alcanzaron-los-10-puntos-de-richotti-al-barca\\\/\",\"url\":\"https:\\\/\\\/gentedebasquet.com.ar\\\/sitio\\\/2014\\\/02\\\/24\\\/no-alcanzaron-los-10-puntos-de-richotti-al-barca\\\/\",\"name\":\"No alcanzaron los 10 puntos de Richotti al Bar\u00e7a - Gente de B\u00e1squet\",\"isPartOf\":{\"@id\":\"https:\\\/\\\/gentedebasquet.com.ar\\\/sitio\\\/#website\"},\"primaryImageOfPage\":{\"@id\":\"https:\\\/\\\/gentedebasquet.com.ar\\\/sitio\\\/2014\\\/02\\\/24\\\/no-alcanzaron-los-10-puntos-de-richotti-al-barca\\\/#primaryimage\"},\"image\":{\"@id\":\"https:\\\/\\\/gentedebasquet.com.ar\\\/sitio\\\/2014\\\/02\\\/24\\\/no-alcanzaron-los-10-puntos-de-richotti-al-barca\\\/#primaryimage\"},\"thumbnailUrl\":\"http:\\\/\\\/gentedebasquet.com.ar\\\/sitio\\\/wp-content\\\/uploads\\\/2014\\\/02\\\/Richoti-2.jpg\",\"datePublished\":\"2014-02-24T03:21:11+00:00\",\"author\":{\"@id\":\"https:\\\/\\\/gentedebasquet.com.ar\\\/sitio\\\/#\\\/schema\\\/person\\\/ca0b63bbb977369988a7bbbdc519943a\"},\"breadcrumb\":{\"@id\":\"https:\\\/\\\/gentedebasquet.com.ar\\\/sitio\\\/2014\\\/02\\\/24\\\/no-alcanzaron-los-10-puntos-de-richotti-al-barca\\\/#breadcrumb\"},\"inLanguage\":\"es\",\"potentialAction\":[{\"@type\":\"ReadAction\",\"target\":[\"https:\\\/\\\/gentedebasquet.com.ar\\\/sitio\\\/2014\\\/02\\\/24\\\/no-alcanzaron-los-10-puntos-de-richotti-al-barca\\\/\"]}]},{\"@type\":\"ImageObject\",\"inLanguage\":\"es\",\"@id\":\"https:\\\/\\\/gentedebasquet.com.ar\\\/sitio\\\/2014\\\/02\\\/24\\\/no-alcanzaron-los-10-puntos-de-richotti-al-barca\\\/#primaryimage\",\"url\":\"http:\\\/\\\/gentedebasquet.com.ar\\\/sitio\\\/wp-content\\\/uploads\\\/2014\\\/02\\\/Richoti-2.jpg\",\"contentUrl\":\"http:\\\/\\\/gentedebasquet.com.ar\\\/sitio\\\/wp-content\\\/uploads\\\/2014\\\/02\\\/Richoti-2.jpg\",\"width\":300,\"height\":225},{\"@type\":\"BreadcrumbList\",\"@id\":\"https:\\\/\\\/gentedebasquet.com.ar\\\/sitio\\\/2014\\\/02\\\/24\\\/no-alcanzaron-los-10-puntos-de-richotti-al-barca\\\/#breadcrumb\",\"itemListElement\":[{\"@type\":\"ListItem\",\"position\":1,\"name\":\"Portada\",\"item\":\"https:\\\/\\\/gentedebasquet.com.ar\\\/sitio\\\/\"},{\"@type\":\"ListItem\",\"position\":2,\"name\":\"No alcanzaron los 10 puntos de Richotti al Bar\u00e7a\"}]},{\"@type\":\"WebSite\",\"@id\":\"https:\\\/\\\/gentedebasquet.com.ar\\\/sitio\\\/#website\",\"url\":\"https:\\\/\\\/gentedebasquet.com.ar\\\/sitio\\\/\",\"name\":\"Gente de B\u00e1squet\",\"description\":\"La revista del basquet de Bah\u00eda Blanca\",\"potentialAction\":[{\"@type\":\"SearchAction\",\"target\":{\"@type\":\"EntryPoint\",\"urlTemplate\":\"https:\\\/\\\/gentedebasquet.com.ar\\\/sitio\\\/?s={search_term_string}\"},\"query-input\":{\"@type\":\"PropertyValueSpecification\",\"valueRequired\":true,\"valueName\":\"search_term_string\"}}],\"inLanguage\":\"es\"},{\"@type\":\"Person\",\"@id\":\"https:\\\/\\\/gentedebasquet.com.ar\\\/sitio\\\/#\\\/schema\\\/person\\\/ca0b63bbb977369988a7bbbdc519943a\",\"name\":\"Gente de B\u00e1squet\",\"image\":{\"@type\":\"ImageObject\",\"inLanguage\":\"es\",\"@id\":\"https:\\\/\\\/secure.gravatar.com\\\/avatar\\\/7f2c48bdc33b30088f941fb6082e555f2874c98e20cb159d7b92b50eadfce793?s=96&d=mm&r=g\",\"url\":\"https:\\\/\\\/secure.gravatar.com\\\/avatar\\\/7f2c48bdc33b30088f941fb6082e555f2874c98e20cb159d7b92b50eadfce793?s=96&d=mm&r=g\",\"contentUrl\":\"https:\\\/\\\/secure.gravatar.com\\\/avatar\\\/7f2c48bdc33b30088f941fb6082e555f2874c98e20cb159d7b92b50eadfce793?s=96&d=mm&r=g\",\"caption\":\"Gente de B\u00e1squet\"},\"sameAs\":[\"http:\\\/\\\/gentedebasquet.com.ar\\\/sitio\"],\"url\":\"http:\\\/\\\/gentedebasquet.com.ar\\\/sitio\\\/author\\\/ulises\\\/\"}]}<\/script>\n<!-- \/ Yoast SEO plugin. -->","yoast_head_json":{"title":"No alcanzaron los 10 puntos de Richotti al Bar\u00e7a - Gente de B\u00e1squet","robots":{"index":"index","follow":"follow","max-snippet":"max-snippet:-1","max-image-preview":"max-image-preview:large","max-video-preview":"max-video-preview:-1"},"canonical":"https:\/\/gentedebasquet.com.ar\/sitio\/2014\/02\/24\/no-alcanzaron-los-10-puntos-de-richotti-al-barca\/","og_locale":"es_ES","og_type":"article","og_title":"No alcanzaron los 10 puntos de Richotti al Bar\u00e7a - Gente de B\u00e1squet","og_description":"El Iberostar Tenerife no pudo derrotar este domingo a un Barelona superior (78-56). El reciente subcampe\u00f3n de la Copa del Rey, invicto en el Top 16 de la Euroliga, dej\u00f3 de manifiesto que tiene recursos suficientes para pelear por todos los torneos que se lo pongan por delante. Nicol\u00e1s jug\u00f3 23 minutos.","og_url":"https:\/\/gentedebasquet.com.ar\/sitio\/2014\/02\/24\/no-alcanzaron-los-10-puntos-de-richotti-al-barca\/","og_site_name":"Gente de B\u00e1squet","article_published_time":"2014-02-24T03:21:11+00:00","og_image":[{"width":300,"height":225,"url":"https:\/\/gentedebasquet.com.ar\/sitio\/wp-content\/uploads\/2014\/02\/Richoti-2.jpg","type":"image\/jpeg"}],"author":"Gente de B\u00e1squet","twitter_card":"summary_large_image","twitter_misc":{"Escrito por":"Gente de B\u00e1squet","Tiempo de lectura":"1 minuto"},"schema":{"@context":"https:\/\/schema.org","@graph":[{"@type":"Article","@id":"https:\/\/gentedebasquet.com.ar\/sitio\/2014\/02\/24\/no-alcanzaron-los-10-puntos-de-richotti-al-barca\/#article","isPartOf":{"@id":"https:\/\/gentedebasquet.com.ar\/sitio\/2014\/02\/24\/no-alcanzaron-los-10-puntos-de-richotti-al-barca\/"},"author":{"name":"Gente de B\u00e1squet","@id":"https:\/\/gentedebasquet.com.ar\/sitio\/#\/schema\/person\/ca0b63bbb977369988a7bbbdc519943a"},"headline":"No alcanzaron los 10 puntos de Richotti al Bar\u00e7a","datePublished":"2014-02-24T03:21:11+00:00","mainEntityOfPage":{"@id":"https:\/\/gentedebasquet.com.ar\/sitio\/2014\/02\/24\/no-alcanzaron-los-10-puntos-de-richotti-al-barca\/"},"wordCount":265,"commentCount":0,"image":{"@id":"https:\/\/gentedebasquet.com.ar\/sitio\/2014\/02\/24\/no-alcanzaron-los-10-puntos-de-richotti-al-barca\/#primaryimage"},"thumbnailUrl":"http:\/\/gentedebasquet.com.ar\/sitio\/wp-content\/uploads\/2014\/02\/Richoti-2.jpg","articleSection":["Bahienses Afuera"],"inLanguage":"es","potentialAction":[{"@type":"CommentAction","name":"Comment","target":["https:\/\/gentedebasquet.com.ar\/sitio\/2014\/02\/24\/no-alcanzaron-los-10-puntos-de-richotti-al-barca\/#respond"]}]},{"@type":"WebPage","@id":"https:\/\/gentedebasquet.com.ar\/sitio\/2014\/02\/24\/no-alcanzaron-los-10-puntos-de-richotti-al-barca\/","url":"https:\/\/gentedebasquet.com.ar\/sitio\/2014\/02\/24\/no-alcanzaron-los-10-puntos-de-richotti-al-barca\/","name":"No alcanzaron los 10 puntos de Richotti al Bar\u00e7a - Gente de B\u00e1squet","isPartOf":{"@id":"https:\/\/gentedebasquet.com.ar\/sitio\/#website"},"primaryImageOfPage":{"@id":"https:\/\/gentedebasquet.com.ar\/sitio\/2014\/02\/24\/no-alcanzaron-los-10-puntos-de-richotti-al-barca\/#primaryimage"},"image":{"@id":"https:\/\/gentedebasquet.com.ar\/sitio\/2014\/02\/24\/no-alcanzaron-los-10-puntos-de-richotti-al-barca\/#primaryimage"},"thumbnailUrl":"http:\/\/gentedebasquet.com.ar\/sitio\/wp-content\/uploads\/2014\/02\/Richoti-2.jpg","datePublished":"2014-02-24T03:21:11+00:00","author":{"@id":"https:\/\/gentedebasquet.com.ar\/sitio\/#\/schema\/person\/ca0b63bbb977369988a7bbbdc519943a"},"breadcrumb":{"@id":"https:\/\/gentedebasquet.com.ar\/sitio\/2014\/02\/24\/no-alcanzaron-los-10-puntos-de-richotti-al-barca\/#breadcrumb"},"inLanguage":"es","potentialAction":[{"@type":"ReadAction","target":["https:\/\/gentedebasquet.com.ar\/sitio\/2014\/02\/24\/no-alcanzaron-los-10-puntos-de-richotti-al-barca\/"]}]},{"@type":"ImageObject","inLanguage":"es","@id":"https:\/\/gentedebasquet.com.ar\/sitio\/2014\/02\/24\/no-alcanzaron-los-10-puntos-de-richotti-al-barca\/#primaryimage","url":"http:\/\/gentedebasquet.com.ar\/sitio\/wp-content\/uploads\/2014\/02\/Richoti-2.jpg","contentUrl":"http:\/\/gentedebasquet.com.ar\/sitio\/wp-content\/uploads\/2014\/02\/Richoti-2.jpg","width":300,"height":225},{"@type":"BreadcrumbList","@id":"https:\/\/gentedebasquet.com.ar\/sitio\/2014\/02\/24\/no-alcanzaron-los-10-puntos-de-richotti-al-barca\/#breadcrumb","itemListElement":[{"@type":"ListItem","position":1,"name":"Portada","item":"https:\/\/gentedebasquet.com.ar\/sitio\/"},{"@type":"ListItem","position":2,"name":"No alcanzaron los 10 puntos de Richotti al Bar\u00e7a"}]},{"@type":"WebSite","@id":"https:\/\/gentedebasquet.com.ar\/sitio\/#website","url":"https:\/\/gentedebasquet.com.ar\/sitio\/","name":"Gente de B\u00e1squet","description":"La revista del basquet de Bah\u00eda Blanca","potentialAction":[{"@type":"SearchAction","target":{"@type":"EntryPoint","urlTemplate":"https:\/\/gentedebasquet.com.ar\/sitio\/?s={search_term_string}"},"query-input":{"@type":"PropertyValueSpecification","valueRequired":true,"valueName":"search_term_string"}}],"inLanguage":"es"},{"@type":"Person","@id":"https:\/\/gentedebasquet.com.ar\/sitio\/#\/schema\/person\/ca0b63bbb977369988a7bbbdc519943a","name":"Gente de B\u00e1squet","image":{"@type":"ImageObject","inLanguage":"es","@id":"https:\/\/secure.gravatar.com\/avatar\/7f2c48bdc33b30088f941fb6082e555f2874c98e20cb159d7b92b50eadfce793?s=96&d=mm&r=g","url":"https:\/\/secure.gravatar.com\/avatar\/7f2c48bdc33b30088f941fb6082e555f2874c98e20cb159d7b92b50eadfce793?s=96&d=mm&r=g","contentUrl":"https:\/\/secure.gravatar.com\/avatar\/7f2c48bdc33b30088f941fb6082e555f2874c98e20cb159d7b92b50eadfce793?s=96&d=mm&r=g","caption":"Gente de B\u00e1squet"},"sameAs":["http:\/\/gentedebasquet.com.ar\/sitio"],"url":"http:\/\/gentedebasquet.com.ar\/sitio\/author\/ulises\/"}]}},"_links":{"self":[{"href":"http:\/\/gentedebasquet.com.ar\/sitio\/wp-json\/wp\/v2\/posts\/22602","targetHints":{"allow":["GET"]}}],"collection":[{"href":"http:\/\/gentedebasquet.com.ar\/sitio\/wp-json\/wp\/v2\/posts"}],"about":[{"href":"http:\/\/gentedebasquet.com.ar\/sitio\/wp-json\/wp\/v2\/types\/post"}],"author":[{"embeddable":true,"href":"http:\/\/gentedebasquet.com.ar\/sitio\/wp-json\/wp\/v2\/users\/1"}],"replies":[{"embeddable":true,"href":"http:\/\/gentedebasquet.com.ar\/sitio\/wp-json\/wp\/v2\/comments?post=22602"}],"version-history":[{"count":0,"href":"http:\/\/gentedebasquet.com.ar\/sitio\/wp-json\/wp\/v2\/posts\/22602\/revisions"}],"wp:featuredmedia":[{"embeddable":true,"href":"http:\/\/gentedebasquet.com.ar\/sitio\/wp-json\/wp\/v2\/media\/25552"}],"wp:attachment":[{"href":"http:\/\/gentedebasquet.com.ar\/sitio\/wp-json\/wp\/v2\/media?parent=22602"}],"wp:term":[{"taxonomy":"category","embeddable":true,"href":"http:\/\/gentedebasquet.com.ar\/sitio\/wp-json\/wp\/v2\/categories?post=22602"},{"taxonomy":"post_tag","embeddable":true,"href":"http:\/\/gentedebasquet.com.ar\/sitio\/wp-json\/wp\/v2\/tags?post=22602"}],"curies":[{"name":"wp","href":"https:\/\/api.w.org\/{rel}","templated":true}]}}