{"id":22611,"date":"2014-02-24T02:24:54","date_gmt":"2014-02-24T05:24:54","guid":{"rendered":"http:\/\/www.gentedebasquet.com.ar\/?p=22611"},"modified":"2014-02-24T02:24:54","modified_gmt":"2014-02-24T05:24:54","slug":"otrofin-de-semana-ideal-para-matias-chaves","status":"publish","type":"post","link":"http:\/\/gentedebasquet.com.ar\/sitio\/2014\/02\/24\/otrofin-de-semana-ideal-para-matias-chaves\/","title":{"rendered":"Otro fin de semana ideal para Mat\u00edas Chaves"},"content":{"rendered":"<p><em><strong><strong>Atenas de Patagones logr\u00f3 un triunfo impecable ante Hispano Americano de R\u00edo Gallego por 95 a 67. El Griego baj\u00f3 al l\u00edder de la Conferencia Patagonia con 19 puntos del perimetral. Adem\u00e1s, Estudiantes de La Plata venci\u00f3 a Uni\u00f3n Vecinal de Santini 70-64 con 15m de Mi\u00e9rez, que sali\u00f3 fracturado. Perdi\u00f3 Estudiantes de Olavarr\u00eda.<!--more--><\/strong><\/strong><\/em><\/p>\n<p>Atenas de Patagones dio un paso importante hacia la clasificaci\u00f3n a la siguiente instancia del Torneo Federal al vencer como local al l\u00edder de la Conferencia Patagonia, Hispano Americano de R\u00edo Gallegos. Fue <a href=\"http:\/\/www.torneofederal.com.ar\/liveStatsGame.php?id=611\" target=\"_blank\" rel=\"noopener\">95-67<\/a>, con 19 puntos (3\/5 3p, 4\/6 2p, 2\/2 \u00a0TL), 1 rebote, 2 asistencias y 1 robo en 23m27 de <strong>Mat\u00edas Chaves <\/strong>(inicial).<\/p>\n<p>Adem\u00e1s, por la Conferencia Capital Bonaerense, Estudiantes de La Plata derrot\u00f3 como local a Uni\u00f3n Vecinal (equipo dirigido por <strong>H\u00e9ctor Santini<\/strong>, ausente por problemas familiares) por <a href=\"http:\/\/www.torneofederal.com.ar\/liveStatsGame.php?id=606\" target=\"_blank\" rel=\"noopener\">70-64<\/a>. Fue en suplementario tras igualar en 61.\u00a0<strong>Mauro Mi\u00e9rez<\/strong> (no fue titular) no anot\u00f3 (0\/3 3p) y colabor\u00f3 con 3 recobres, 1 asistencia y 1 robo en 15m09. Encima, el base sufri\u00f3 una fractura en su nariz que le produjo un corte y la aplicaci\u00f3n de puntos de sutura.<\/p>\n<blockquote class=\"twitter-tweet\" lang=\"es\"><p>el sabado perdi el cel y ayer en el partido fractura en la nariz y 7 puntos&#8230;un finde para el olvido<\/p>\n<p>\u2014 Mauro mierez (@mauromierez) <a href=\"https:\/\/twitter.com\/mauromierez\/statuses\/438075362439098368\">febrero 24, 2014<\/a><\/p><\/blockquote>\n<p>Finalmente, Platense derrot\u00f3 a Estudiantes de Olavarr\u00eda por la Conferencia Capital Bonaerense <a href=\"http:\/\/www.torneofederal.com.ar\/liveStatsGame.php?id=609\" target=\"_blank\" rel=\"noopener\">79-73<\/a>. En el Calamar hubo 10 puntos (0\/1 3p, 5\/8 2p, 0\/2 TL), 12 rebotes, 6 asistencias y 1 tapa en 24m37 de <strong>Jos\u00e9 Nicol\u00e1s Ojeda<\/strong>. En el equipo de <strong>Jos\u00e9 Luis Pisani<\/strong>, <strong>Franco Pennacchiotti<\/strong> sum\u00f3 10 unidades (4\/9 2p, 2\/7 TL), 8 recobres y 2 asistencias en 26m23.<\/p>\n<p><span style=\"color: #ffcc99;\">.<\/span><\/p>\n<p><a href=\"http:\/\/www.torneofederal.com.ar\/posicionesFaseRegular.php\" target=\"_blank\" rel=\"noopener\"><span style=\"color: #0000ff;\"><strong>Tabla de Posiciones Fase Regular 2013-2014<\/strong><\/span><\/a><\/p>\n<p><span style=\"color: #ffcc99;\">.<\/span><\/p>\n<p><strong>Nahuel Rizzo<\/strong><\/p>\n<p><em>Agenda de Santa Rita de Corrientes (Nor Noreste):<\/em><\/p>\n<p>&#8211; 28\/02 vs\u00a0Ferrocarril de Concordia (V)<\/p>\n<p>&#8211; 05\/03 vs\u00a0Rosario del Tala (V)<\/p>\n<p>&#8211; 09\/03 vs\u00a0Parque Sur (V)<\/p>\n<p>&#8211; 16\/03 vs\u00a0Sarmiento de Formosa (L)<\/p>\n<p><span style=\"color: #ffcc99;\">.<\/span><\/p>\n<p><strong>Juan Manuel Ruiz<\/strong><\/p>\n<p><em>Agenda de Uni\u00f3n de Sunchales (Litoral):<\/em><\/p>\n<p>&#8211; 05\/03 vs\u00a0Regatas Resistencia (L)<\/p>\n<p>&#8211; 07\/03 vs\u00a0UNCAus de Saenz Pe\u00f1a (L)<\/p>\n<p>&#8211; 09\/03 vs\u00a0Sarmiento de Formosa (L)<\/p>\n<p>&#8211; 14\/03 vs\u00a0Pe\u00f1arol del Tala (V)<\/p>\n<p>&#8211; 16\/03 vs\u00a0Argentino de Firmat (L)<\/p>\n<p><span style=\"color: #ffcc99;\">.<\/span><\/p>\n<p><strong>Jorge Garc\u00eda<\/strong><\/p>\n<p><em>Agenda de Brown de San Vicente (Litoral):<\/em><\/p>\n<p>&#8211; 28\/02 vs San Lorenzo de Almagro\u00a0(V)<\/p>\n<p>&#8211; 07\/03 vs\u00a0Platense (V)<\/p>\n<p>&#8211; 09\/03 vs\u00a0Pedro Echague de Capital Federal (V)<\/p>\n<p>&#8211; 14\/03 vs\u00a0Club Las Parejas (L)<\/p>\n<p>&#8211; 16\/03 vs\u00a0Firmat Foot Ball Club (V)<\/p>\n<p><span style=\"color: #ffcc99;\">.<\/span><\/p>\n<p><strong>Jos\u00e9 Guti\u00e9rrez<\/strong><\/p>\n<p><em>Agenda de Espa\u00f1ola de San Luis (Centro Oeste):<\/em><\/p>\n<p>&#8211; 28\/02 vs\u00a0Club Atl\u00e9tico Atenas (L)<\/p>\n<p>&#8211; 04\/03 vs\u00a0Deportivo Roca de R\u00edo Negro (L)<\/p>\n<p>&#8211; 07\/03 vs\u00a0Anzorena de Mendoza (V)<\/p>\n<p>&#8211; 09\/03 vs\u00a0Rivadavia de Mendoza (L)<\/p>\n<p>&#8211; 14\/03 vs\u00a0Hind\u00fa Club de C\u00f3rdoba (V)<\/p>\n<p>&#8211; 16\/03 vs\u00a0Tiro Federal y Deportivo Morteros (V)<\/p>\n<p><span style=\"color: #ffcc99;\">.<\/span><\/p>\n<p><strong>Jos\u00e9 Luis Pisani \u2013 Franco Pennacchiotti<\/strong><\/p>\n<p><em>Agenda de Estudiantes de Olavarr\u00eda (Capital Bonaerense):<\/em><\/p>\n<p>&#8211; 28\/02 vs\u00a0Villa Mitre de Capital Federal (V)<\/p>\n<p>&#8211; 07\/03 vs\u00a0V\u00e9lez S\u00e1rsfield de Capital Federal (V)<\/p>\n<p>&#8211; 09\/03 vs\u00a0Ferro Carril Oeste (L)<\/p>\n<p>&#8211; 14\/03 vs\u00a0San Lorenzo de Almagro (L)<\/p>\n<p>&#8211; 16\/03 vs\u00a0Belgrano de San Nicol\u00e1s (V)<\/p>\n<p><span style=\"color: #ffcc99;\">.<\/span><\/p>\n<p><strong>Jos\u00e9 Nicol\u00e1s Ojeda<\/strong><\/p>\n<p><em>Agenda de Platense (Capital Bonaerense):<\/em><\/p>\n<p>&#8211; 28\/02 vs\u00a0Firmat Foot Ball Club (L)<\/p>\n<p>&#8211; 07\/03 vs\u00a0Brown de San Vicente (V)<\/p>\n<p>&#8211; 09\/03 vs\u00a0Club Las Parejas (L)<\/p>\n<p>&#8211; 14\/03 vs\u00a0Independiente de Tandil (V)<\/p>\n<p>&#8211; 16\/03 vs\u00a0San Mart\u00edn de Jun\u00edn (L)<\/p>\n<p><span style=\"color: #ffcc99;\">.<\/span><\/p>\n<p><strong>H\u00e9ctor Santini<\/strong><\/p>\n<p><em>Agenda de Uni\u00f3n Vecinal (Capital Bonaerense):<\/em><\/p>\n<p>&#8211; 28\/02 vs\u00a0Club Atl\u00e9tico Carcara\u00f1\u00e1 (V)<\/p>\n<p>&#8211; 02\/03 vs\u00a0Sportsmen Unidos de Rosario (V)<\/p>\n<p>&#8211; 07\/03 vs\u00a0Argentino de Firmat (L)<\/p>\n<p>&#8211; 14\/03 vs\u00a0Ferro Carril Oeste (L)<\/p>\n<p>&#8211; 16\/03 vs\u00a0Pedro Echag\u00fce de Capital Federal (V)<\/p>\n<p><span style=\"color: #ffcc99;\">.<\/span><\/p>\n<p><strong>Mauro Mi\u00e9rez<\/strong><\/p>\n<p><em>Agenda de Estudiantes de La Plata (Capital Bonaerense):<\/em><\/p>\n<p>&#8211; 01\/03 vs\u00a0Ferro Carril Oeste (L)<\/p>\n<p>&#8211; 07\/03 vs\u00a0Villa Mitre de Capital Federal (V)<\/p>\n<p>&#8211; 09\/03 vs\u00a0V\u00e9lez S\u00e1rsfield de Capital Federal (L)<\/p>\n<p>&#8211; 14\/03 vs\u00a0Villa Mitre de Capital Federal (V)<\/p>\n<p>&#8211; 16\/03 vs\u00a0V\u00e9lez S\u00e1rsfield de Capital Federal (L)<\/p>\n<p><span style=\"color: #ffcc99;\">.<\/span><\/p>\n<p><strong>Mat\u00edas Chaves<\/strong><\/p>\n<p><em>Agenda de Atenas de Patagones (Patagonia):<\/em><\/p>\n<p>&#8211; 28\/02 vs\u00a0Espa\u00f1ola de San Luis (V)<\/p>\n<p>&#8211; 02\/03 vs\u00a0Rivadavia de Mendoza (V)<\/p>\n<p>&#8211; 04\/03 vs\u00a0Anzorena de Mendoza (V)<\/p>\n<p><span style=\"color: #ffcc99;\">.<\/span><\/p>\n<p><strong>Juan Daniel Gonz\u00e1lez<\/strong><\/p>\n<p><em>Agenda de P\u00e9rfora de Plaza Huincul (Patagonia):<\/em><\/p>\n<p>&#8211; 28\/02 vs\u00a0Andes Talleres Sport Club de Mendoza (L)<\/p>\n<p>&#8211; 02\/03 vs GEPU (L)<\/p>\n<p>&#8211; 04\/03 vs\u00a0Atenas Sport Club de Mendoza (L)<\/p>\n<p>&#8211; 16\/03 vs\u00a0Club Uni\u00f3n Alem Progresista (L)<\/p>\n<p><span style=\"color: #ffcc99;\">.<\/span><\/p>\n<p><strong>Francisco Gayt\u00e1n<\/strong><\/p>\n<p><em>Agenda de Del Progreso de General Roca (Patagonia):<\/em><\/p>\n<p>&#8211; 28\/08 vs GEPU (L)<\/p>\n<p>&#8211; 02\/03 vs\u00a0Atenas Sport Club de Mendoza (L)<\/p>\n<p>&#8211; 04\/03 vs\u00a0Andes Talleres Sport Club de Mendoza (L)<\/p>\n<p>&#8211; 16\/03 vs\u00a0Deportivo Roca de R\u00edo Negro (V)<\/p>\n<p><strong>Fuente:<\/strong>\u00a0Prensa Torneo Federal, Federico Ferraresi y PosteBajo.com.ar.<\/p>\n<p><strong>Foto: <\/strong>Planeta B\u00e1squet Viedma.<\/p>\n","protected":false},"excerpt":{"rendered":"<p>Atenas de Patagones logr\u00f3 un triunfo impecable ante Hispano Americano de R\u00edo Gallego por 95 a 67. El Griego baj\u00f3 al l\u00edder de la Conferencia Patagonia con 19 puntos del perimetral. Adem\u00e1s, Estudiantes de La Plata venci\u00f3 a Uni\u00f3n Vecinal de Santini 70-64 con 15m de Mi\u00e9rez, que sali\u00f3 fracturado. Perdi\u00f3 Estudiantes de Olavarr\u00eda.<\/p>\n","protected":false},"author":1,"featured_media":25553,"comment_status":"open","ping_status":"open","sticky":false,"template":"","format":"standard","meta":{"jnews-multi-image_gallery":[],"jnews_single_post":[],"jnews_primary_category":[],"footnotes":""},"categories":[34,36,39],"tags":[85,87,88,91,122,51,93,40],"class_list":["post-22611","post","type-post","status-publish","format-standard","has-post-thumbnail","hentry","category-bahienses-afuera","category-federal","category-nacional","tag-atenas-patagones","tag-franco-pennacchiotti","tag-hector-santini","tag-jose-luis-pisani","tag-jose-nicolas-ojeda","tag-matias-chaves","tag-mauro-mierez","tag-torneo-federal"],"yoast_head":"<!-- This site is optimized with the Yoast SEO plugin v27.5 - https:\/\/yoast.com\/product\/yoast-seo-wordpress\/ -->\n<title>Otro fin de semana ideal para Mat\u00edas Chaves - Gente de B\u00e1squet<\/title>\n<meta name=\"robots\" content=\"index, follow, max-snippet:-1, max-image-preview:large, max-video-preview:-1\" \/>\n<link rel=\"canonical\" href=\"https:\/\/gentedebasquet.com.ar\/sitio\/2014\/02\/24\/otrofin-de-semana-ideal-para-matias-chaves\/\" \/>\n<meta property=\"og:locale\" content=\"es_ES\" \/>\n<meta property=\"og:type\" content=\"article\" \/>\n<meta property=\"og:title\" content=\"Otro fin de semana ideal para Mat\u00edas Chaves - Gente de B\u00e1squet\" \/>\n<meta property=\"og:description\" content=\"Atenas de Patagones logr\u00f3 un triunfo impecable ante Hispano Americano de R\u00edo Gallego por 95 a 67. El Griego baj\u00f3 al l\u00edder de la Conferencia Patagonia con 19 puntos del perimetral. Adem\u00e1s, Estudiantes de La Plata venci\u00f3 a Uni\u00f3n Vecinal de Santini 70-64 con 15m de Mi\u00e9rez, que sali\u00f3 fracturado. Perdi\u00f3 Estudiantes de Olavarr\u00eda.\" \/>\n<meta property=\"og:url\" content=\"https:\/\/gentedebasquet.com.ar\/sitio\/2014\/02\/24\/otrofin-de-semana-ideal-para-matias-chaves\/\" \/>\n<meta property=\"og:site_name\" content=\"Gente de B\u00e1squet\" \/>\n<meta property=\"article:published_time\" content=\"2014-02-24T05:24:54+00:00\" \/>\n<meta property=\"og:image\" content=\"https:\/\/gentedebasquet.com.ar\/sitio\/wp-content\/uploads\/2014\/02\/Matias-Chaves.jpg\" \/>\n\t<meta property=\"og:image:width\" content=\"300\" \/>\n\t<meta property=\"og:image:height\" content=\"225\" \/>\n\t<meta property=\"og:image:type\" content=\"image\/jpeg\" \/>\n<meta name=\"author\" content=\"Gente de B\u00e1squet\" \/>\n<meta name=\"twitter:card\" content=\"summary_large_image\" \/>\n<meta name=\"twitter:label1\" content=\"Escrito por\" \/>\n\t<meta name=\"twitter:data1\" content=\"Gente de B\u00e1squet\" \/>\n\t<meta name=\"twitter:label2\" content=\"Tiempo de lectura\" \/>\n\t<meta name=\"twitter:data2\" content=\"4 minutos\" \/>\n<script type=\"application\/ld+json\" class=\"yoast-schema-graph\">{\"@context\":\"https:\\\/\\\/schema.org\",\"@graph\":[{\"@type\":\"Article\",\"@id\":\"https:\\\/\\\/gentedebasquet.com.ar\\\/sitio\\\/2014\\\/02\\\/24\\\/otrofin-de-semana-ideal-para-matias-chaves\\\/#article\",\"isPartOf\":{\"@id\":\"https:\\\/\\\/gentedebasquet.com.ar\\\/sitio\\\/2014\\\/02\\\/24\\\/otrofin-de-semana-ideal-para-matias-chaves\\\/\"},\"author\":{\"name\":\"Gente de B\u00e1squet\",\"@id\":\"https:\\\/\\\/gentedebasquet.com.ar\\\/sitio\\\/#\\\/schema\\\/person\\\/ca0b63bbb977369988a7bbbdc519943a\"},\"headline\":\"Otro fin de semana ideal para Mat\u00edas Chaves\",\"datePublished\":\"2014-02-24T05:24:54+00:00\",\"mainEntityOfPage\":{\"@id\":\"https:\\\/\\\/gentedebasquet.com.ar\\\/sitio\\\/2014\\\/02\\\/24\\\/otrofin-de-semana-ideal-para-matias-chaves\\\/\"},\"wordCount\":770,\"commentCount\":0,\"image\":{\"@id\":\"https:\\\/\\\/gentedebasquet.com.ar\\\/sitio\\\/2014\\\/02\\\/24\\\/otrofin-de-semana-ideal-para-matias-chaves\\\/#primaryimage\"},\"thumbnailUrl\":\"http:\\\/\\\/gentedebasquet.com.ar\\\/sitio\\\/wp-content\\\/uploads\\\/2014\\\/02\\\/Matias-Chaves.jpg\",\"keywords\":[\"Atenas Patagones\",\"Franco Pennacchiotti\",\"H\u00e9ctor Santini\",\"Jos\u00e9 Luis Pisani\",\"Jos\u00e9 Nicol\u00e1s Ojeda\",\"Mat\u00edas Chaves\",\"Mauro Mi\u00e9rez\",\"Torneo Federal\"],\"articleSection\":[\"Bahienses Afuera\",\"Federal\",\"Nacional\"],\"inLanguage\":\"es\",\"potentialAction\":[{\"@type\":\"CommentAction\",\"name\":\"Comment\",\"target\":[\"https:\\\/\\\/gentedebasquet.com.ar\\\/sitio\\\/2014\\\/02\\\/24\\\/otrofin-de-semana-ideal-para-matias-chaves\\\/#respond\"]}]},{\"@type\":\"WebPage\",\"@id\":\"https:\\\/\\\/gentedebasquet.com.ar\\\/sitio\\\/2014\\\/02\\\/24\\\/otrofin-de-semana-ideal-para-matias-chaves\\\/\",\"url\":\"https:\\\/\\\/gentedebasquet.com.ar\\\/sitio\\\/2014\\\/02\\\/24\\\/otrofin-de-semana-ideal-para-matias-chaves\\\/\",\"name\":\"Otro fin de semana ideal para Mat\u00edas Chaves - Gente de B\u00e1squet\",\"isPartOf\":{\"@id\":\"https:\\\/\\\/gentedebasquet.com.ar\\\/sitio\\\/#website\"},\"primaryImageOfPage\":{\"@id\":\"https:\\\/\\\/gentedebasquet.com.ar\\\/sitio\\\/2014\\\/02\\\/24\\\/otrofin-de-semana-ideal-para-matias-chaves\\\/#primaryimage\"},\"image\":{\"@id\":\"https:\\\/\\\/gentedebasquet.com.ar\\\/sitio\\\/2014\\\/02\\\/24\\\/otrofin-de-semana-ideal-para-matias-chaves\\\/#primaryimage\"},\"thumbnailUrl\":\"http:\\\/\\\/gentedebasquet.com.ar\\\/sitio\\\/wp-content\\\/uploads\\\/2014\\\/02\\\/Matias-Chaves.jpg\",\"datePublished\":\"2014-02-24T05:24:54+00:00\",\"author\":{\"@id\":\"https:\\\/\\\/gentedebasquet.com.ar\\\/sitio\\\/#\\\/schema\\\/person\\\/ca0b63bbb977369988a7bbbdc519943a\"},\"breadcrumb\":{\"@id\":\"https:\\\/\\\/gentedebasquet.com.ar\\\/sitio\\\/2014\\\/02\\\/24\\\/otrofin-de-semana-ideal-para-matias-chaves\\\/#breadcrumb\"},\"inLanguage\":\"es\",\"potentialAction\":[{\"@type\":\"ReadAction\",\"target\":[\"https:\\\/\\\/gentedebasquet.com.ar\\\/sitio\\\/2014\\\/02\\\/24\\\/otrofin-de-semana-ideal-para-matias-chaves\\\/\"]}]},{\"@type\":\"ImageObject\",\"inLanguage\":\"es\",\"@id\":\"https:\\\/\\\/gentedebasquet.com.ar\\\/sitio\\\/2014\\\/02\\\/24\\\/otrofin-de-semana-ideal-para-matias-chaves\\\/#primaryimage\",\"url\":\"http:\\\/\\\/gentedebasquet.com.ar\\\/sitio\\\/wp-content\\\/uploads\\\/2014\\\/02\\\/Matias-Chaves.jpg\",\"contentUrl\":\"http:\\\/\\\/gentedebasquet.com.ar\\\/sitio\\\/wp-content\\\/uploads\\\/2014\\\/02\\\/Matias-Chaves.jpg\",\"width\":300,\"height\":225},{\"@type\":\"BreadcrumbList\",\"@id\":\"https:\\\/\\\/gentedebasquet.com.ar\\\/sitio\\\/2014\\\/02\\\/24\\\/otrofin-de-semana-ideal-para-matias-chaves\\\/#breadcrumb\",\"itemListElement\":[{\"@type\":\"ListItem\",\"position\":1,\"name\":\"Portada\",\"item\":\"https:\\\/\\\/gentedebasquet.com.ar\\\/sitio\\\/\"},{\"@type\":\"ListItem\",\"position\":2,\"name\":\"Otro fin de semana ideal para Mat\u00edas Chaves\"}]},{\"@type\":\"WebSite\",\"@id\":\"https:\\\/\\\/gentedebasquet.com.ar\\\/sitio\\\/#website\",\"url\":\"https:\\\/\\\/gentedebasquet.com.ar\\\/sitio\\\/\",\"name\":\"Gente de B\u00e1squet\",\"description\":\"La revista del basquet de Bah\u00eda Blanca\",\"potentialAction\":[{\"@type\":\"SearchAction\",\"target\":{\"@type\":\"EntryPoint\",\"urlTemplate\":\"https:\\\/\\\/gentedebasquet.com.ar\\\/sitio\\\/?s={search_term_string}\"},\"query-input\":{\"@type\":\"PropertyValueSpecification\",\"valueRequired\":true,\"valueName\":\"search_term_string\"}}],\"inLanguage\":\"es\"},{\"@type\":\"Person\",\"@id\":\"https:\\\/\\\/gentedebasquet.com.ar\\\/sitio\\\/#\\\/schema\\\/person\\\/ca0b63bbb977369988a7bbbdc519943a\",\"name\":\"Gente de B\u00e1squet\",\"image\":{\"@type\":\"ImageObject\",\"inLanguage\":\"es\",\"@id\":\"https:\\\/\\\/secure.gravatar.com\\\/avatar\\\/7f2c48bdc33b30088f941fb6082e555f2874c98e20cb159d7b92b50eadfce793?s=96&d=mm&r=g\",\"url\":\"https:\\\/\\\/secure.gravatar.com\\\/avatar\\\/7f2c48bdc33b30088f941fb6082e555f2874c98e20cb159d7b92b50eadfce793?s=96&d=mm&r=g\",\"contentUrl\":\"https:\\\/\\\/secure.gravatar.com\\\/avatar\\\/7f2c48bdc33b30088f941fb6082e555f2874c98e20cb159d7b92b50eadfce793?s=96&d=mm&r=g\",\"caption\":\"Gente de B\u00e1squet\"},\"sameAs\":[\"http:\\\/\\\/gentedebasquet.com.ar\\\/sitio\"],\"url\":\"http:\\\/\\\/gentedebasquet.com.ar\\\/sitio\\\/author\\\/ulises\\\/\"}]}<\/script>\n<!-- \/ Yoast SEO plugin. -->","yoast_head_json":{"title":"Otro fin de semana ideal para Mat\u00edas Chaves - Gente de B\u00e1squet","robots":{"index":"index","follow":"follow","max-snippet":"max-snippet:-1","max-image-preview":"max-image-preview:large","max-video-preview":"max-video-preview:-1"},"canonical":"https:\/\/gentedebasquet.com.ar\/sitio\/2014\/02\/24\/otrofin-de-semana-ideal-para-matias-chaves\/","og_locale":"es_ES","og_type":"article","og_title":"Otro fin de semana ideal para Mat\u00edas Chaves - Gente de B\u00e1squet","og_description":"Atenas de Patagones logr\u00f3 un triunfo impecable ante Hispano Americano de R\u00edo Gallego por 95 a 67. El Griego baj\u00f3 al l\u00edder de la Conferencia Patagonia con 19 puntos del perimetral. Adem\u00e1s, Estudiantes de La Plata venci\u00f3 a Uni\u00f3n Vecinal de Santini 70-64 con 15m de Mi\u00e9rez, que sali\u00f3 fracturado. Perdi\u00f3 Estudiantes de Olavarr\u00eda.","og_url":"https:\/\/gentedebasquet.com.ar\/sitio\/2014\/02\/24\/otrofin-de-semana-ideal-para-matias-chaves\/","og_site_name":"Gente de B\u00e1squet","article_published_time":"2014-02-24T05:24:54+00:00","og_image":[{"width":300,"height":225,"url":"https:\/\/gentedebasquet.com.ar\/sitio\/wp-content\/uploads\/2014\/02\/Matias-Chaves.jpg","type":"image\/jpeg"}],"author":"Gente de B\u00e1squet","twitter_card":"summary_large_image","twitter_misc":{"Escrito por":"Gente de B\u00e1squet","Tiempo de lectura":"4 minutos"},"schema":{"@context":"https:\/\/schema.org","@graph":[{"@type":"Article","@id":"https:\/\/gentedebasquet.com.ar\/sitio\/2014\/02\/24\/otrofin-de-semana-ideal-para-matias-chaves\/#article","isPartOf":{"@id":"https:\/\/gentedebasquet.com.ar\/sitio\/2014\/02\/24\/otrofin-de-semana-ideal-para-matias-chaves\/"},"author":{"name":"Gente de B\u00e1squet","@id":"https:\/\/gentedebasquet.com.ar\/sitio\/#\/schema\/person\/ca0b63bbb977369988a7bbbdc519943a"},"headline":"Otro fin de semana ideal para Mat\u00edas Chaves","datePublished":"2014-02-24T05:24:54+00:00","mainEntityOfPage":{"@id":"https:\/\/gentedebasquet.com.ar\/sitio\/2014\/02\/24\/otrofin-de-semana-ideal-para-matias-chaves\/"},"wordCount":770,"commentCount":0,"image":{"@id":"https:\/\/gentedebasquet.com.ar\/sitio\/2014\/02\/24\/otrofin-de-semana-ideal-para-matias-chaves\/#primaryimage"},"thumbnailUrl":"http:\/\/gentedebasquet.com.ar\/sitio\/wp-content\/uploads\/2014\/02\/Matias-Chaves.jpg","keywords":["Atenas Patagones","Franco Pennacchiotti","H\u00e9ctor Santini","Jos\u00e9 Luis Pisani","Jos\u00e9 Nicol\u00e1s Ojeda","Mat\u00edas Chaves","Mauro Mi\u00e9rez","Torneo Federal"],"articleSection":["Bahienses Afuera","Federal","Nacional"],"inLanguage":"es","potentialAction":[{"@type":"CommentAction","name":"Comment","target":["https:\/\/gentedebasquet.com.ar\/sitio\/2014\/02\/24\/otrofin-de-semana-ideal-para-matias-chaves\/#respond"]}]},{"@type":"WebPage","@id":"https:\/\/gentedebasquet.com.ar\/sitio\/2014\/02\/24\/otrofin-de-semana-ideal-para-matias-chaves\/","url":"https:\/\/gentedebasquet.com.ar\/sitio\/2014\/02\/24\/otrofin-de-semana-ideal-para-matias-chaves\/","name":"Otro fin de semana ideal para Mat\u00edas Chaves - Gente de B\u00e1squet","isPartOf":{"@id":"https:\/\/gentedebasquet.com.ar\/sitio\/#website"},"primaryImageOfPage":{"@id":"https:\/\/gentedebasquet.com.ar\/sitio\/2014\/02\/24\/otrofin-de-semana-ideal-para-matias-chaves\/#primaryimage"},"image":{"@id":"https:\/\/gentedebasquet.com.ar\/sitio\/2014\/02\/24\/otrofin-de-semana-ideal-para-matias-chaves\/#primaryimage"},"thumbnailUrl":"http:\/\/gentedebasquet.com.ar\/sitio\/wp-content\/uploads\/2014\/02\/Matias-Chaves.jpg","datePublished":"2014-02-24T05:24:54+00:00","author":{"@id":"https:\/\/gentedebasquet.com.ar\/sitio\/#\/schema\/person\/ca0b63bbb977369988a7bbbdc519943a"},"breadcrumb":{"@id":"https:\/\/gentedebasquet.com.ar\/sitio\/2014\/02\/24\/otrofin-de-semana-ideal-para-matias-chaves\/#breadcrumb"},"inLanguage":"es","potentialAction":[{"@type":"ReadAction","target":["https:\/\/gentedebasquet.com.ar\/sitio\/2014\/02\/24\/otrofin-de-semana-ideal-para-matias-chaves\/"]}]},{"@type":"ImageObject","inLanguage":"es","@id":"https:\/\/gentedebasquet.com.ar\/sitio\/2014\/02\/24\/otrofin-de-semana-ideal-para-matias-chaves\/#primaryimage","url":"http:\/\/gentedebasquet.com.ar\/sitio\/wp-content\/uploads\/2014\/02\/Matias-Chaves.jpg","contentUrl":"http:\/\/gentedebasquet.com.ar\/sitio\/wp-content\/uploads\/2014\/02\/Matias-Chaves.jpg","width":300,"height":225},{"@type":"BreadcrumbList","@id":"https:\/\/gentedebasquet.com.ar\/sitio\/2014\/02\/24\/otrofin-de-semana-ideal-para-matias-chaves\/#breadcrumb","itemListElement":[{"@type":"ListItem","position":1,"name":"Portada","item":"https:\/\/gentedebasquet.com.ar\/sitio\/"},{"@type":"ListItem","position":2,"name":"Otro fin de semana ideal para Mat\u00edas Chaves"}]},{"@type":"WebSite","@id":"https:\/\/gentedebasquet.com.ar\/sitio\/#website","url":"https:\/\/gentedebasquet.com.ar\/sitio\/","name":"Gente de B\u00e1squet","description":"La revista del basquet de Bah\u00eda Blanca","potentialAction":[{"@type":"SearchAction","target":{"@type":"EntryPoint","urlTemplate":"https:\/\/gentedebasquet.com.ar\/sitio\/?s={search_term_string}"},"query-input":{"@type":"PropertyValueSpecification","valueRequired":true,"valueName":"search_term_string"}}],"inLanguage":"es"},{"@type":"Person","@id":"https:\/\/gentedebasquet.com.ar\/sitio\/#\/schema\/person\/ca0b63bbb977369988a7bbbdc519943a","name":"Gente de B\u00e1squet","image":{"@type":"ImageObject","inLanguage":"es","@id":"https:\/\/secure.gravatar.com\/avatar\/7f2c48bdc33b30088f941fb6082e555f2874c98e20cb159d7b92b50eadfce793?s=96&d=mm&r=g","url":"https:\/\/secure.gravatar.com\/avatar\/7f2c48bdc33b30088f941fb6082e555f2874c98e20cb159d7b92b50eadfce793?s=96&d=mm&r=g","contentUrl":"https:\/\/secure.gravatar.com\/avatar\/7f2c48bdc33b30088f941fb6082e555f2874c98e20cb159d7b92b50eadfce793?s=96&d=mm&r=g","caption":"Gente de B\u00e1squet"},"sameAs":["http:\/\/gentedebasquet.com.ar\/sitio"],"url":"http:\/\/gentedebasquet.com.ar\/sitio\/author\/ulises\/"}]}},"_links":{"self":[{"href":"http:\/\/gentedebasquet.com.ar\/sitio\/wp-json\/wp\/v2\/posts\/22611","targetHints":{"allow":["GET"]}}],"collection":[{"href":"http:\/\/gentedebasquet.com.ar\/sitio\/wp-json\/wp\/v2\/posts"}],"about":[{"href":"http:\/\/gentedebasquet.com.ar\/sitio\/wp-json\/wp\/v2\/types\/post"}],"author":[{"embeddable":true,"href":"http:\/\/gentedebasquet.com.ar\/sitio\/wp-json\/wp\/v2\/users\/1"}],"replies":[{"embeddable":true,"href":"http:\/\/gentedebasquet.com.ar\/sitio\/wp-json\/wp\/v2\/comments?post=22611"}],"version-history":[{"count":0,"href":"http:\/\/gentedebasquet.com.ar\/sitio\/wp-json\/wp\/v2\/posts\/22611\/revisions"}],"wp:featuredmedia":[{"embeddable":true,"href":"http:\/\/gentedebasquet.com.ar\/sitio\/wp-json\/wp\/v2\/media\/25553"}],"wp:attachment":[{"href":"http:\/\/gentedebasquet.com.ar\/sitio\/wp-json\/wp\/v2\/media?parent=22611"}],"wp:term":[{"taxonomy":"category","embeddable":true,"href":"http:\/\/gentedebasquet.com.ar\/sitio\/wp-json\/wp\/v2\/categories?post=22611"},{"taxonomy":"post_tag","embeddable":true,"href":"http:\/\/gentedebasquet.com.ar\/sitio\/wp-json\/wp\/v2\/tags?post=22611"}],"curies":[{"name":"wp","href":"https:\/\/api.w.org\/{rel}","templated":true}]}}