{"id":27994,"date":"2014-03-29T00:15:35","date_gmt":"2014-03-29T03:15:35","guid":{"rendered":"http:\/\/www.gentedebasquet.com.ar\/?p=27994"},"modified":"2014-03-29T00:15:35","modified_gmt":"2014-03-29T03:15:35","slug":"estrella-tomo-lo-que-la-falda-no-quiso","status":"publish","type":"post","link":"http:\/\/gentedebasquet.com.ar\/sitio\/2014\/03\/29\/estrella-tomo-lo-que-la-falda-no-quiso\/","title":{"rendered":"Estrella tom\u00f3 lo que La Falda \u201cno quiso\u201d"},"content":{"rendered":"<p><b>Los dirigidos por Sebasti\u00e1n Dodero terminaron qued\u00e1ndose con un triunfo sufrido y trabajado al vencer a La Falda por 85 a 80 en suplementario tras igualar en 73 en el tiempo regular. Restando 35s para finalizar el \u00faltimo cuarto, comenz\u00f3 la remontada de la mano de un encendido Quiroga (12, 2\/3 T3) y la din\u00e1mica impuesta por Mauricio Halberg (16); aunque el goleo durante la mayor parte del encuentro estuvo en Nahuel C\u00e1mara (22, 9\/12 T2 y 9 rebotes). Mientras que \u201cLafa\u201d reparti\u00f3 bien su goleo en Federico Gonz\u00e1lez (17, 62% efectividad), Cristian Bisterfeld (16, 8 rebotes) y Manuel Gim\u00e9nez (13).<\/b><\/p>\n<p>Apostando a fortalecer el cristal propio y salir r\u00e1pido de contraataque, Estrella se adelant\u00f3 en el marcador (8-4), pero luego de un minuto pedido por Aleksoski La Falda reaccion\u00f3 con el goleo exterior, dado que dos bombazos seguidos m\u00e1s la recepci\u00f3n de Mallemaci (4) en los cortes por la espalda le otorgaron un parcial de 10-0 (14-8) para dominar el marcador. Fern\u00e1ndez (5) fue quien inici\u00f3 el camino desde detr\u00e1s de los 6m75.<\/p>\n<p>El tr\u00e1mite del segundo segmento fue cambiante y con muchos altibajos, donde se prestaron el liderazgo en el tablero continuamente. Estrella se recost\u00f3 en los rompimientos de Almir\u00f3n (8), quien visit\u00f3 seguido la l\u00ednea y el trabajo en la pintura de C\u00e1mara-Specogna (8 entre ambos). La Falda inici\u00f3 el camino con la dupla Cendoya (5)-Fede Gonz\u00e1lez (4), a quien le siguieron Ranieri-Gim\u00e9nez (otros 9 entre ambos) para mantenerse al frente pr\u00e1cticamente la segunda mitad del chico, donde lleg\u00f3 a tomar 6 de luz (34-28). Sin embargo le gan\u00f3 la ansiedad y en consecuencia cometi\u00f3 muchos errores (5 p\u00e9rdidas), permiti\u00e9ndole al due\u00f1o de casa acercarse y terminar con un triple de Almir\u00f3n casi sobre la chicharra de finalizaci\u00f3n.<\/p>\n<p>Con Sterz y C\u00e1mara en el banco por problemas de faltas, Halberg y Deminicis (8 entre ambos) tomaron la posta en ofensiva; aunque cedieron mucho el bal\u00f3n (5 p\u00e9rdidas) permitiendo que el elenco visitante recupere terreno de la mano de su juego interior: Gim\u00e9nez-Bisterfeld (9 entre ambos). Y si no fuera que abus\u00f3 del tiro exterior (0\/5 T3) los dos puntos de diferencia con los que termin\u00f3 el tercer cuarto, hubieran sido m\u00e1s.<\/p>\n<p>En el cuarto parcial se jug\u00f3 al ritmo de Estrella, quien rot\u00f3 muy bien el bal\u00f3n ante la zona propuesta por La Falda y hasta aprovech\u00f3 cada corte paralelo a la l\u00ednea de fondo con C\u00e1mara (8), usando a Sterz en el poste como receptor. Aunque cuando esta opci\u00f3n no surg\u00eda efecto, el due\u00f1o de casa careci\u00f3 de ideas y recay\u00f3 en malas decisiones de tiro permitiendo que Bisterfeld (8) y Fede Gonz\u00e1lez (5) crezcan en la pintura del otro lado. De todas maneras las p\u00e9rdidas (6) nuevamente le jugaron una mala pasada y cuando hab\u00eda tomado un buen margen (71-65) a falta de 35s para finalizar la etapa regular y con un rival disminuido (Sterz, Cardone y C\u00e1mara afuera por l\u00edmite de infracciones); ingres\u00f3 Quiroga para adue\u00f1arse de la ofensiva (2 triples seguidos) para forzar el suplementario. Bisterfeld tuvo su chance pero su lanzamiento fue forzado y termin\u00f3 quedando trunco.<\/p>\n<p>Y ya en el suplementario, Quiroga (5) mantuvo su enfoque en el partido y termin\u00f3 convirti\u00e9ndose en una de las figuras del encuentro, pero no estuvo solo porque Deminicis y Halberg aportaron a la causa y manejaron los ritmos del juego para conservar la diferencia obtenida. La Falda en cambio, hizo todo como para perderlo. Las imprecisiones (6) una vez m\u00e1s se hicieron presente y salvo Fede Gonz\u00e1lez (los 7 que anot\u00f3 el equipo) nadie se anim\u00f3 a intentar algo distinto (1\/6 TC).<\/p>\n<p>[vimeo]http:\/\/vimeo.com\/90386625[\/vimeo]<\/p>\n<p>&nbsp;<\/p>\n<p><em><b><span style=\"text-decoration: underline;\">S\u00edntesis: <\/span><\/b><\/em><\/p>\n<p><strong>Estrella 85:\u00a0<\/strong>Mauricio Halberg 16, Emiliano Deminicis 7, Nahuel C\u00e1mara 22, Franco Cardone 4 y Maximiliano Sterz 6 (FI); Agust\u00edn Almir\u00f3n 8, Mat\u00edas Specogna 6, Santiago Quiroga 13, Alan Pan 0 y Juan Cruz Flores 2. DT: Sebasti\u00e1n Dodero.<\/p>\n<p><strong>La Falda 80:\u00a0<\/strong>Pablo Obreque 4, Gabriel Fern\u00e1ndez 9, Joaqu\u00edn Gonz\u00e1lez 5, Guillermo Mallemaci 4 y Cristian Bisterfeld 16 (FI); Sebasti\u00e1n Ranieri 5, Manuel Gim\u00e9nez 13, Federico Gonz\u00e1lez 17, Facundo Roque 1 y Agust\u00edn Cendoya 5. DT: Sebasti\u00e1n Aleksoski.<\/p>\n<p><strong>Parciales<\/strong><strong>: <\/strong>15-16, 35-36 (20-20), 50-52 (15-16) y 73-73 (23-21).<\/p>\n<p><b>Suplementario<\/b>: 85-80 (12-7).<\/p>\n<p><strong>\u00c1rbitros<\/strong><strong>: <\/strong>Horacio Sed\u00e1n &#8211; Lucas Paulette<\/p>\n<p><strong>Estadio<\/strong><strong>: <\/strong>\u201cLuis \u00c1lvarez\u201d (Estrella)<\/p>\n<p><a class=\"modalf iframe\" title=\"Planilla\" href=\"https:\/\/docs.google.com\/spreadsheet\/pub?hl=es&amp;hl=es&amp;key=0Att517gK6JjtdFhrV1l5T1NVUkdIbVdVNG9ZY0RpdXc&amp;single=true&amp;gid=0&amp;output=html\" target=\"_blank\" rel=\"noopener\">Ver Planilla<\/a><\/p>\n<p>&nbsp;<\/p>\n<h6><strong>Minuto de silencio<\/strong><\/h6>\n<p>Fue el que se realiz\u00f3 previo al comienzo del encuentro, evocando a Pablo Ventura al conmemorarse cuatro a\u00f1os de su fallecimiento.<\/p>\n<h6><strong>Una baja en La Falda<\/strong><\/h6>\n<p>Anoche no fue de la partida Gustavo Lan, quien se encuentra con un cuadro de broncoespasmos y de no cuidarse adecuadamente podr\u00eda empeorar. Se realizar\u00e1 los estudios correspondientes y a partir de ah\u00ed se ver\u00e1 que decisi\u00f3n toma. Su tradicional n\u00famero 15 fue ocupada por Federico Vilouta, quien ayer retorn\u00f3 de un viaje y de a poco de ensamblar\u00e1 con el resto de sus compa\u00f1eros.<\/p>\n","protected":false},"excerpt":{"rendered":"<p>Termin\u00f3 venci\u00e9ndolo por 85 a 80 en suplementario tras igualar en 73.<\/p>\n","protected":false},"author":1,"featured_media":28003,"comment_status":"closed","ping_status":"open","sticky":false,"template":"","format":"standard","meta":{"jnews-multi-image_gallery":[],"jnews_single_post":[],"jnews_primary_category":[],"footnotes":""},"categories":[25,101],"tags":[267,10,268,13,269,270,271],"class_list":["post-27994","post","type-post","status-publish","format-standard","has-post-thumbnail","hentry","category-segunda","category-slide","tag-cristian-bisterfled","tag-estrella","tag-federico-gonzalez","tag-la-falda","tag-mauricio-halberg","tag-nahuel-camara","tag-santiago-quiroga"],"yoast_head":"<!-- This site is optimized with the Yoast SEO plugin v27.5 - https:\/\/yoast.com\/product\/yoast-seo-wordpress\/ -->\n<title>Estrella tom\u00f3 lo que La Falda \u201cno quiso\u201d - Gente de B\u00e1squet<\/title>\n<meta name=\"robots\" content=\"index, follow, max-snippet:-1, max-image-preview:large, max-video-preview:-1\" \/>\n<link rel=\"canonical\" href=\"https:\/\/gentedebasquet.com.ar\/sitio\/2014\/03\/29\/estrella-tomo-lo-que-la-falda-no-quiso\/\" \/>\n<meta property=\"og:locale\" content=\"es_ES\" \/>\n<meta property=\"og:type\" content=\"article\" \/>\n<meta property=\"og:title\" content=\"Estrella tom\u00f3 lo que La Falda \u201cno quiso\u201d - Gente de B\u00e1squet\" \/>\n<meta property=\"og:description\" content=\"Termin\u00f3 venci\u00e9ndolo por 85 a 80 en suplementario tras igualar en 73.\" \/>\n<meta property=\"og:url\" content=\"https:\/\/gentedebasquet.com.ar\/sitio\/2014\/03\/29\/estrella-tomo-lo-que-la-falda-no-quiso\/\" \/>\n<meta property=\"og:site_name\" content=\"Gente de B\u00e1squet\" \/>\n<meta property=\"article:published_time\" content=\"2014-03-29T03:15:35+00:00\" \/>\n<meta property=\"og:image\" content=\"https:\/\/gentedebasquet.com.ar\/sitio\/wp-content\/uploads\/2014\/03\/Nahuel-Camara.jpg\" \/>\n\t<meta property=\"og:image:width\" content=\"690\" \/>\n\t<meta property=\"og:image:height\" content=\"391\" \/>\n\t<meta property=\"og:image:type\" content=\"image\/jpeg\" \/>\n<meta name=\"author\" content=\"Gente de B\u00e1squet\" \/>\n<meta name=\"twitter:card\" content=\"summary_large_image\" \/>\n<meta name=\"twitter:label1\" content=\"Escrito por\" \/>\n\t<meta name=\"twitter:data1\" content=\"Gente de B\u00e1squet\" \/>\n\t<meta name=\"twitter:label2\" content=\"Tiempo de lectura\" \/>\n\t<meta name=\"twitter:data2\" content=\"4 minutos\" \/>\n<script type=\"application\/ld+json\" class=\"yoast-schema-graph\">{\"@context\":\"https:\\\/\\\/schema.org\",\"@graph\":[{\"@type\":\"Article\",\"@id\":\"https:\\\/\\\/gentedebasquet.com.ar\\\/sitio\\\/2014\\\/03\\\/29\\\/estrella-tomo-lo-que-la-falda-no-quiso\\\/#article\",\"isPartOf\":{\"@id\":\"https:\\\/\\\/gentedebasquet.com.ar\\\/sitio\\\/2014\\\/03\\\/29\\\/estrella-tomo-lo-que-la-falda-no-quiso\\\/\"},\"author\":{\"name\":\"Gente de B\u00e1squet\",\"@id\":\"https:\\\/\\\/gentedebasquet.com.ar\\\/sitio\\\/#\\\/schema\\\/person\\\/ca0b63bbb977369988a7bbbdc519943a\"},\"headline\":\"Estrella tom\u00f3 lo que La Falda \u201cno quiso\u201d\",\"datePublished\":\"2014-03-29T03:15:35+00:00\",\"mainEntityOfPage\":{\"@id\":\"https:\\\/\\\/gentedebasquet.com.ar\\\/sitio\\\/2014\\\/03\\\/29\\\/estrella-tomo-lo-que-la-falda-no-quiso\\\/\"},\"wordCount\":815,\"image\":{\"@id\":\"https:\\\/\\\/gentedebasquet.com.ar\\\/sitio\\\/2014\\\/03\\\/29\\\/estrella-tomo-lo-que-la-falda-no-quiso\\\/#primaryimage\"},\"thumbnailUrl\":\"http:\\\/\\\/gentedebasquet.com.ar\\\/sitio\\\/wp-content\\\/uploads\\\/2014\\\/03\\\/Nahuel-Camara.jpg\",\"keywords\":[\"Cristian Bisterfled\",\"Estrella\",\"Federico Gonz\u00e1lez\",\"La Falda\",\"Mauricio Halberg\",\"Nahuel C\u00e1mara\",\"Santiago Quiroga\"],\"articleSection\":[\"Segunda\",\"Slide\"],\"inLanguage\":\"es\"},{\"@type\":\"WebPage\",\"@id\":\"https:\\\/\\\/gentedebasquet.com.ar\\\/sitio\\\/2014\\\/03\\\/29\\\/estrella-tomo-lo-que-la-falda-no-quiso\\\/\",\"url\":\"https:\\\/\\\/gentedebasquet.com.ar\\\/sitio\\\/2014\\\/03\\\/29\\\/estrella-tomo-lo-que-la-falda-no-quiso\\\/\",\"name\":\"Estrella tom\u00f3 lo que La Falda \u201cno quiso\u201d - Gente de B\u00e1squet\",\"isPartOf\":{\"@id\":\"https:\\\/\\\/gentedebasquet.com.ar\\\/sitio\\\/#website\"},\"primaryImageOfPage\":{\"@id\":\"https:\\\/\\\/gentedebasquet.com.ar\\\/sitio\\\/2014\\\/03\\\/29\\\/estrella-tomo-lo-que-la-falda-no-quiso\\\/#primaryimage\"},\"image\":{\"@id\":\"https:\\\/\\\/gentedebasquet.com.ar\\\/sitio\\\/2014\\\/03\\\/29\\\/estrella-tomo-lo-que-la-falda-no-quiso\\\/#primaryimage\"},\"thumbnailUrl\":\"http:\\\/\\\/gentedebasquet.com.ar\\\/sitio\\\/wp-content\\\/uploads\\\/2014\\\/03\\\/Nahuel-Camara.jpg\",\"datePublished\":\"2014-03-29T03:15:35+00:00\",\"author\":{\"@id\":\"https:\\\/\\\/gentedebasquet.com.ar\\\/sitio\\\/#\\\/schema\\\/person\\\/ca0b63bbb977369988a7bbbdc519943a\"},\"breadcrumb\":{\"@id\":\"https:\\\/\\\/gentedebasquet.com.ar\\\/sitio\\\/2014\\\/03\\\/29\\\/estrella-tomo-lo-que-la-falda-no-quiso\\\/#breadcrumb\"},\"inLanguage\":\"es\",\"potentialAction\":[{\"@type\":\"ReadAction\",\"target\":[\"https:\\\/\\\/gentedebasquet.com.ar\\\/sitio\\\/2014\\\/03\\\/29\\\/estrella-tomo-lo-que-la-falda-no-quiso\\\/\"]}]},{\"@type\":\"ImageObject\",\"inLanguage\":\"es\",\"@id\":\"https:\\\/\\\/gentedebasquet.com.ar\\\/sitio\\\/2014\\\/03\\\/29\\\/estrella-tomo-lo-que-la-falda-no-quiso\\\/#primaryimage\",\"url\":\"http:\\\/\\\/gentedebasquet.com.ar\\\/sitio\\\/wp-content\\\/uploads\\\/2014\\\/03\\\/Nahuel-Camara.jpg\",\"contentUrl\":\"http:\\\/\\\/gentedebasquet.com.ar\\\/sitio\\\/wp-content\\\/uploads\\\/2014\\\/03\\\/Nahuel-Camara.jpg\",\"width\":690,\"height\":391},{\"@type\":\"BreadcrumbList\",\"@id\":\"https:\\\/\\\/gentedebasquet.com.ar\\\/sitio\\\/2014\\\/03\\\/29\\\/estrella-tomo-lo-que-la-falda-no-quiso\\\/#breadcrumb\",\"itemListElement\":[{\"@type\":\"ListItem\",\"position\":1,\"name\":\"Portada\",\"item\":\"https:\\\/\\\/gentedebasquet.com.ar\\\/sitio\\\/\"},{\"@type\":\"ListItem\",\"position\":2,\"name\":\"Estrella tom\u00f3 lo que La Falda \u201cno quiso\u201d\"}]},{\"@type\":\"WebSite\",\"@id\":\"https:\\\/\\\/gentedebasquet.com.ar\\\/sitio\\\/#website\",\"url\":\"https:\\\/\\\/gentedebasquet.com.ar\\\/sitio\\\/\",\"name\":\"Gente de B\u00e1squet\",\"description\":\"La revista del basquet de Bah\u00eda Blanca\",\"potentialAction\":[{\"@type\":\"SearchAction\",\"target\":{\"@type\":\"EntryPoint\",\"urlTemplate\":\"https:\\\/\\\/gentedebasquet.com.ar\\\/sitio\\\/?s={search_term_string}\"},\"query-input\":{\"@type\":\"PropertyValueSpecification\",\"valueRequired\":true,\"valueName\":\"search_term_string\"}}],\"inLanguage\":\"es\"},{\"@type\":\"Person\",\"@id\":\"https:\\\/\\\/gentedebasquet.com.ar\\\/sitio\\\/#\\\/schema\\\/person\\\/ca0b63bbb977369988a7bbbdc519943a\",\"name\":\"Gente de B\u00e1squet\",\"image\":{\"@type\":\"ImageObject\",\"inLanguage\":\"es\",\"@id\":\"https:\\\/\\\/secure.gravatar.com\\\/avatar\\\/7f2c48bdc33b30088f941fb6082e555f2874c98e20cb159d7b92b50eadfce793?s=96&d=mm&r=g\",\"url\":\"https:\\\/\\\/secure.gravatar.com\\\/avatar\\\/7f2c48bdc33b30088f941fb6082e555f2874c98e20cb159d7b92b50eadfce793?s=96&d=mm&r=g\",\"contentUrl\":\"https:\\\/\\\/secure.gravatar.com\\\/avatar\\\/7f2c48bdc33b30088f941fb6082e555f2874c98e20cb159d7b92b50eadfce793?s=96&d=mm&r=g\",\"caption\":\"Gente de B\u00e1squet\"},\"sameAs\":[\"http:\\\/\\\/gentedebasquet.com.ar\\\/sitio\"],\"url\":\"http:\\\/\\\/gentedebasquet.com.ar\\\/sitio\\\/author\\\/ulises\\\/\"}]}<\/script>\n<!-- \/ Yoast SEO plugin. -->","yoast_head_json":{"title":"Estrella tom\u00f3 lo que La Falda \u201cno quiso\u201d - Gente de B\u00e1squet","robots":{"index":"index","follow":"follow","max-snippet":"max-snippet:-1","max-image-preview":"max-image-preview:large","max-video-preview":"max-video-preview:-1"},"canonical":"https:\/\/gentedebasquet.com.ar\/sitio\/2014\/03\/29\/estrella-tomo-lo-que-la-falda-no-quiso\/","og_locale":"es_ES","og_type":"article","og_title":"Estrella tom\u00f3 lo que La Falda \u201cno quiso\u201d - Gente de B\u00e1squet","og_description":"Termin\u00f3 venci\u00e9ndolo por 85 a 80 en suplementario tras igualar en 73.","og_url":"https:\/\/gentedebasquet.com.ar\/sitio\/2014\/03\/29\/estrella-tomo-lo-que-la-falda-no-quiso\/","og_site_name":"Gente de B\u00e1squet","article_published_time":"2014-03-29T03:15:35+00:00","og_image":[{"width":690,"height":391,"url":"https:\/\/gentedebasquet.com.ar\/sitio\/wp-content\/uploads\/2014\/03\/Nahuel-Camara.jpg","type":"image\/jpeg"}],"author":"Gente de B\u00e1squet","twitter_card":"summary_large_image","twitter_misc":{"Escrito por":"Gente de B\u00e1squet","Tiempo de lectura":"4 minutos"},"schema":{"@context":"https:\/\/schema.org","@graph":[{"@type":"Article","@id":"https:\/\/gentedebasquet.com.ar\/sitio\/2014\/03\/29\/estrella-tomo-lo-que-la-falda-no-quiso\/#article","isPartOf":{"@id":"https:\/\/gentedebasquet.com.ar\/sitio\/2014\/03\/29\/estrella-tomo-lo-que-la-falda-no-quiso\/"},"author":{"name":"Gente de B\u00e1squet","@id":"https:\/\/gentedebasquet.com.ar\/sitio\/#\/schema\/person\/ca0b63bbb977369988a7bbbdc519943a"},"headline":"Estrella tom\u00f3 lo que La Falda \u201cno quiso\u201d","datePublished":"2014-03-29T03:15:35+00:00","mainEntityOfPage":{"@id":"https:\/\/gentedebasquet.com.ar\/sitio\/2014\/03\/29\/estrella-tomo-lo-que-la-falda-no-quiso\/"},"wordCount":815,"image":{"@id":"https:\/\/gentedebasquet.com.ar\/sitio\/2014\/03\/29\/estrella-tomo-lo-que-la-falda-no-quiso\/#primaryimage"},"thumbnailUrl":"http:\/\/gentedebasquet.com.ar\/sitio\/wp-content\/uploads\/2014\/03\/Nahuel-Camara.jpg","keywords":["Cristian Bisterfled","Estrella","Federico Gonz\u00e1lez","La Falda","Mauricio Halberg","Nahuel C\u00e1mara","Santiago Quiroga"],"articleSection":["Segunda","Slide"],"inLanguage":"es"},{"@type":"WebPage","@id":"https:\/\/gentedebasquet.com.ar\/sitio\/2014\/03\/29\/estrella-tomo-lo-que-la-falda-no-quiso\/","url":"https:\/\/gentedebasquet.com.ar\/sitio\/2014\/03\/29\/estrella-tomo-lo-que-la-falda-no-quiso\/","name":"Estrella tom\u00f3 lo que La Falda \u201cno quiso\u201d - Gente de B\u00e1squet","isPartOf":{"@id":"https:\/\/gentedebasquet.com.ar\/sitio\/#website"},"primaryImageOfPage":{"@id":"https:\/\/gentedebasquet.com.ar\/sitio\/2014\/03\/29\/estrella-tomo-lo-que-la-falda-no-quiso\/#primaryimage"},"image":{"@id":"https:\/\/gentedebasquet.com.ar\/sitio\/2014\/03\/29\/estrella-tomo-lo-que-la-falda-no-quiso\/#primaryimage"},"thumbnailUrl":"http:\/\/gentedebasquet.com.ar\/sitio\/wp-content\/uploads\/2014\/03\/Nahuel-Camara.jpg","datePublished":"2014-03-29T03:15:35+00:00","author":{"@id":"https:\/\/gentedebasquet.com.ar\/sitio\/#\/schema\/person\/ca0b63bbb977369988a7bbbdc519943a"},"breadcrumb":{"@id":"https:\/\/gentedebasquet.com.ar\/sitio\/2014\/03\/29\/estrella-tomo-lo-que-la-falda-no-quiso\/#breadcrumb"},"inLanguage":"es","potentialAction":[{"@type":"ReadAction","target":["https:\/\/gentedebasquet.com.ar\/sitio\/2014\/03\/29\/estrella-tomo-lo-que-la-falda-no-quiso\/"]}]},{"@type":"ImageObject","inLanguage":"es","@id":"https:\/\/gentedebasquet.com.ar\/sitio\/2014\/03\/29\/estrella-tomo-lo-que-la-falda-no-quiso\/#primaryimage","url":"http:\/\/gentedebasquet.com.ar\/sitio\/wp-content\/uploads\/2014\/03\/Nahuel-Camara.jpg","contentUrl":"http:\/\/gentedebasquet.com.ar\/sitio\/wp-content\/uploads\/2014\/03\/Nahuel-Camara.jpg","width":690,"height":391},{"@type":"BreadcrumbList","@id":"https:\/\/gentedebasquet.com.ar\/sitio\/2014\/03\/29\/estrella-tomo-lo-que-la-falda-no-quiso\/#breadcrumb","itemListElement":[{"@type":"ListItem","position":1,"name":"Portada","item":"https:\/\/gentedebasquet.com.ar\/sitio\/"},{"@type":"ListItem","position":2,"name":"Estrella tom\u00f3 lo que La Falda \u201cno quiso\u201d"}]},{"@type":"WebSite","@id":"https:\/\/gentedebasquet.com.ar\/sitio\/#website","url":"https:\/\/gentedebasquet.com.ar\/sitio\/","name":"Gente de B\u00e1squet","description":"La revista del basquet de Bah\u00eda Blanca","potentialAction":[{"@type":"SearchAction","target":{"@type":"EntryPoint","urlTemplate":"https:\/\/gentedebasquet.com.ar\/sitio\/?s={search_term_string}"},"query-input":{"@type":"PropertyValueSpecification","valueRequired":true,"valueName":"search_term_string"}}],"inLanguage":"es"},{"@type":"Person","@id":"https:\/\/gentedebasquet.com.ar\/sitio\/#\/schema\/person\/ca0b63bbb977369988a7bbbdc519943a","name":"Gente de B\u00e1squet","image":{"@type":"ImageObject","inLanguage":"es","@id":"https:\/\/secure.gravatar.com\/avatar\/7f2c48bdc33b30088f941fb6082e555f2874c98e20cb159d7b92b50eadfce793?s=96&d=mm&r=g","url":"https:\/\/secure.gravatar.com\/avatar\/7f2c48bdc33b30088f941fb6082e555f2874c98e20cb159d7b92b50eadfce793?s=96&d=mm&r=g","contentUrl":"https:\/\/secure.gravatar.com\/avatar\/7f2c48bdc33b30088f941fb6082e555f2874c98e20cb159d7b92b50eadfce793?s=96&d=mm&r=g","caption":"Gente de B\u00e1squet"},"sameAs":["http:\/\/gentedebasquet.com.ar\/sitio"],"url":"http:\/\/gentedebasquet.com.ar\/sitio\/author\/ulises\/"}]}},"_links":{"self":[{"href":"http:\/\/gentedebasquet.com.ar\/sitio\/wp-json\/wp\/v2\/posts\/27994","targetHints":{"allow":["GET"]}}],"collection":[{"href":"http:\/\/gentedebasquet.com.ar\/sitio\/wp-json\/wp\/v2\/posts"}],"about":[{"href":"http:\/\/gentedebasquet.com.ar\/sitio\/wp-json\/wp\/v2\/types\/post"}],"author":[{"embeddable":true,"href":"http:\/\/gentedebasquet.com.ar\/sitio\/wp-json\/wp\/v2\/users\/1"}],"replies":[{"embeddable":true,"href":"http:\/\/gentedebasquet.com.ar\/sitio\/wp-json\/wp\/v2\/comments?post=27994"}],"version-history":[{"count":0,"href":"http:\/\/gentedebasquet.com.ar\/sitio\/wp-json\/wp\/v2\/posts\/27994\/revisions"}],"wp:featuredmedia":[{"embeddable":true,"href":"http:\/\/gentedebasquet.com.ar\/sitio\/wp-json\/wp\/v2\/media\/28003"}],"wp:attachment":[{"href":"http:\/\/gentedebasquet.com.ar\/sitio\/wp-json\/wp\/v2\/media?parent=27994"}],"wp:term":[{"taxonomy":"category","embeddable":true,"href":"http:\/\/gentedebasquet.com.ar\/sitio\/wp-json\/wp\/v2\/categories?post=27994"},{"taxonomy":"post_tag","embeddable":true,"href":"http:\/\/gentedebasquet.com.ar\/sitio\/wp-json\/wp\/v2\/tags?post=27994"}],"curies":[{"name":"wp","href":"https:\/\/api.w.org\/{rel}","templated":true}]}}