{"id":28731,"date":"2014-04-06T00:46:03","date_gmt":"2014-04-06T03:46:03","guid":{"rendered":"http:\/\/www.gentedebasquet.com.ar\/?p=28731"},"modified":"2014-04-06T00:46:03","modified_gmt":"2014-04-06T03:46:03","slug":"una-tarde-solo-verde","status":"publish","type":"post","link":"http:\/\/gentedebasquet.com.ar\/sitio\/2014\/04\/06\/una-tarde-solo-verde\/","title":{"rendered":"Una tarde solo Verde"},"content":{"rendered":"<p><strong>Pac\u00edfico fue m\u00e1s y le gan\u00f3 a Comercial en condici\u00f3n de local sin ning\u00fan inconveniente; 133 a \u00a013. Hubo grandes actuaciones de Marini y Maina (ambos 20 puntos) para que los locales pudieran escaparse r\u00e1pidamente en el marcador y no tuvieron problemas para cerrar el partido.<\/strong><\/p>\n<p>Solo unos minutos le alcanzaron a Pac\u00edfico para demostrar que la diferencia entre los equipos era muy grande, con un Juan Cruz Marini muy enchufado los verdes en 4 minutos ganaban 10- 0. \u00c9l, junto a sus compa\u00f1eros que fueron iniciales, comandados por Leonel \u00c1lvarez, hicieron que el primer cuarto termine con una diferencia de 32 puntos (35-3).<\/p>\n<p>En el segundo cuarto, y con recambio de los cinco jugadores en cancha, la amplia ventaja de los dirigidos por Mart\u00edn Luis mostr\u00f3 el poder ofensivo de Giuliano Ambrogi (15) y Manuel Maina (10). El resultado al finalizar el cuarto fue el mismo que en el primero (35-3) y Pac\u00edfico se fue al descanso largo 70- 6.<\/p>\n<p>En la siguiente parte las cosas no cambiaron, Pacifico propuso un juego vertiginoso que se le hacia muy dif\u00edcil a los visitantes, con alta efectividad desde la pintura y contraataques que nacieron de pelotas pedidas de Comercial. Este parcial, el tercero, qued\u00f3 registrado en la historia de las categor\u00edas menores, ya que el verde anot\u00f3 32, mientras que los del puerto no lograron hacer ning\u00fan punto (102-6). Al margen de la producci\u00f3n, rescatable es la predisposici\u00f3n de los chicos de Comercial para dedicarse exclusivamente a jugar al b\u00e1squetbol.<\/p>\n<p>La \u00faltima etapa s\u00f3lo sirvi\u00f3 para el recambio de jugadores debido a la gran diferencia de puntos que exist\u00eda entre los equipos. No obstante, en esta parte los visitantes lograron aumentar su efectividad y aunque el resultado fue muy amplio, mejor\u00f3 mucho el rendimiento de los dirigidos por Kooistra. Pac\u00edfico subi\u00f3 un escal\u00f3n de un a\u00f1o que seguramente lo tendr\u00e1 como protagonista hasta los \u00faltimos d\u00edas.<\/p>\n<p>&nbsp;<\/p>\n<p><span style=\"text-decoration: underline;\"><em><strong>S\u00edntesis:<\/strong><\/em><strong>\u00a0<\/strong><\/span><strong><\/strong><\/p>\n<p><strong>Pacifico 133: <\/strong>Leonel \u00c1lvarez 17, Branco Salvatori 8, Daniel De Batista 10, Juan Cruz Marini 20 y Esteban Walter 15 (FI); Giuliano Ambrogi 15, Santiago Pardal 4, Manuel Maina 20, Tom\u00e1s Burastero \u00a018 y Tom\u00e1s Aguilar 6. DT: Mart\u00edn Luis.<\/p>\n<p><b>Comercial 13: <\/b>Mateo Abraham 2, Mat\u00edas Madami 0, Agust\u00edn Ribot 3, Ulises Montes 0 y Maximiliano Ruiz 5 (FI); Yago Petercic 0, Luciano Fern\u00e1ndez 0, Emiliano G\u00f3mez 0, Mat\u00edas Iturbide 0 y Gianfranco Morichetti 3. DT: Pablo Kooistra.<\/p>\n<p><strong>Parciales:\u00a0<\/strong>35-3, 70-6 (35-3), 102-6 (32-0) y 133-13 (31-7).<\/p>\n<p><strong>Arbitros:\u00a0<\/strong>Iv\u00e1n Montenegro &#8211; Alberto Arlengui.<\/p>\n<p><a class=\"modalf iframe\" title=\"Planilla\" href=\"https:\/\/docs.google.com\/spreadsheet\/pub?key=0AhWH6MgjN9X5dFBjN05FY3FoRERFSndpanB0QmltV3c&amp;single=true&amp;gid=0&amp;output=html\" target=\"_blank\" rel=\"noopener\">Ver Planilla<\/a><\/p>\n<p><strong>Cancha:\u00a0<\/strong>William Harding Green (Pacifico).<\/p>\n<p><strong>Fotos:<\/strong> Mauro Giovannini.<\/p>\n<h6 style=\"text-align: center;\">Pac\u00edfico<\/h6>\n<p><a href=\"http:\/\/www.gentedebasquet.com.ar\/wp-content\/uploads\/2014\/04\/Pac\u00edfico-U15.jpg\"><img decoding=\"async\" class=\"size-full wp-image-28782 aligncenter\" alt=\"Pac\u00edfico U15\" src=\"http:\/\/www.gentedebasquet.com.ar\/wp-content\/uploads\/2014\/04\/Pac\u00edfico-U15.jpg\" width=\"448\" height=\"336\" \/><\/a><\/p>\n<h6 style=\"text-align: center;\">Comercial<\/h6>\n<p><a href=\"http:\/\/www.gentedebasquet.com.ar\/wp-content\/uploads\/2014\/04\/Comercial-U15.jpg\"><img decoding=\"async\" class=\"size-full wp-image-28781 aligncenter\" alt=\"Comercial U15\" src=\"http:\/\/www.gentedebasquet.com.ar\/wp-content\/uploads\/2014\/04\/Comercial-U15.jpg\" width=\"448\" height=\"336\" srcset=\"http:\/\/gentedebasquet.com.ar\/sitio\/wp-content\/uploads\/2014\/04\/Comercial-U15.jpg 448w, http:\/\/gentedebasquet.com.ar\/sitio\/wp-content\/uploads\/2014\/04\/Comercial-U15-300x225.jpg 300w\" sizes=\"(max-width: 448px) 100vw, 448px\" \/><\/a><\/p>\n","protected":false},"excerpt":{"rendered":"<p>Pacifico derrot\u00f3 con claridad y como local a Comercial 113-13, en Infantiles<\/p>\n","protected":false},"author":27,"featured_media":28763,"comment_status":"closed","ping_status":"open","sticky":false,"template":"","format":"standard","meta":{"jnews-multi-image_gallery":[],"jnews_single_post":[],"jnews_primary_category":[],"footnotes":""},"categories":[101,27],"tags":[7,309,17],"class_list":["post-28731","post","type-post","status-publish","format-standard","has-post-thumbnail","hentry","category-slide","category-u15","tag-comercial","tag-juan-cruz-marini","tag-pacifico"],"yoast_head":"<!-- This site is optimized with the Yoast SEO plugin v27.5 - https:\/\/yoast.com\/product\/yoast-seo-wordpress\/ -->\n<title>Una tarde solo Verde - Gente de B\u00e1squet<\/title>\n<meta name=\"robots\" content=\"index, follow, max-snippet:-1, max-image-preview:large, max-video-preview:-1\" \/>\n<link rel=\"canonical\" href=\"https:\/\/gentedebasquet.com.ar\/sitio\/2014\/04\/06\/una-tarde-solo-verde\/\" \/>\n<meta property=\"og:locale\" content=\"es_ES\" \/>\n<meta property=\"og:type\" content=\"article\" \/>\n<meta property=\"og:title\" content=\"Una tarde solo Verde - Gente de B\u00e1squet\" \/>\n<meta property=\"og:description\" content=\"Pacifico derrot\u00f3 con claridad y como local a Comercial 113-13, en Infantiles\" \/>\n<meta property=\"og:url\" content=\"https:\/\/gentedebasquet.com.ar\/sitio\/2014\/04\/06\/una-tarde-solo-verde\/\" \/>\n<meta property=\"og:site_name\" content=\"Gente de B\u00e1squet\" \/>\n<meta property=\"article:published_time\" content=\"2014-04-06T03:46:03+00:00\" \/>\n<meta property=\"og:image\" content=\"https:\/\/gentedebasquet.com.ar\/sitio\/wp-content\/uploads\/2014\/04\/Pacifico-Comercial-2.jpg\" \/>\n\t<meta property=\"og:image:width\" content=\"690\" \/>\n\t<meta property=\"og:image:height\" content=\"319\" \/>\n\t<meta property=\"og:image:type\" content=\"image\/jpeg\" \/>\n<meta name=\"author\" content=\"Mart\u00edn Turner\" \/>\n<meta name=\"twitter:card\" content=\"summary_large_image\" \/>\n<meta name=\"twitter:label1\" content=\"Escrito por\" \/>\n\t<meta name=\"twitter:data1\" content=\"Mart\u00edn Turner\" \/>\n\t<meta name=\"twitter:label2\" content=\"Tiempo de lectura\" \/>\n\t<meta name=\"twitter:data2\" content=\"2 minutos\" \/>\n<script type=\"application\/ld+json\" class=\"yoast-schema-graph\">{\"@context\":\"https:\\\/\\\/schema.org\",\"@graph\":[{\"@type\":\"Article\",\"@id\":\"https:\\\/\\\/gentedebasquet.com.ar\\\/sitio\\\/2014\\\/04\\\/06\\\/una-tarde-solo-verde\\\/#article\",\"isPartOf\":{\"@id\":\"https:\\\/\\\/gentedebasquet.com.ar\\\/sitio\\\/2014\\\/04\\\/06\\\/una-tarde-solo-verde\\\/\"},\"author\":{\"name\":\"Mart\u00edn Turner\",\"@id\":\"https:\\\/\\\/gentedebasquet.com.ar\\\/sitio\\\/#\\\/schema\\\/person\\\/71f1e6df3c46dc03bd15898b60123bcb\"},\"headline\":\"Una tarde solo Verde\",\"datePublished\":\"2014-04-06T03:46:03+00:00\",\"mainEntityOfPage\":{\"@id\":\"https:\\\/\\\/gentedebasquet.com.ar\\\/sitio\\\/2014\\\/04\\\/06\\\/una-tarde-solo-verde\\\/\"},\"wordCount\":426,\"image\":{\"@id\":\"https:\\\/\\\/gentedebasquet.com.ar\\\/sitio\\\/2014\\\/04\\\/06\\\/una-tarde-solo-verde\\\/#primaryimage\"},\"thumbnailUrl\":\"http:\\\/\\\/gentedebasquet.com.ar\\\/sitio\\\/wp-content\\\/uploads\\\/2014\\\/04\\\/Pacifico-Comercial-2.jpg\",\"keywords\":[\"Comercial\",\"Juan Cruz Marini\",\"Pacifico\"],\"articleSection\":[\"Slide\",\"U15\"],\"inLanguage\":\"es\"},{\"@type\":\"WebPage\",\"@id\":\"https:\\\/\\\/gentedebasquet.com.ar\\\/sitio\\\/2014\\\/04\\\/06\\\/una-tarde-solo-verde\\\/\",\"url\":\"https:\\\/\\\/gentedebasquet.com.ar\\\/sitio\\\/2014\\\/04\\\/06\\\/una-tarde-solo-verde\\\/\",\"name\":\"Una tarde solo Verde - Gente de B\u00e1squet\",\"isPartOf\":{\"@id\":\"https:\\\/\\\/gentedebasquet.com.ar\\\/sitio\\\/#website\"},\"primaryImageOfPage\":{\"@id\":\"https:\\\/\\\/gentedebasquet.com.ar\\\/sitio\\\/2014\\\/04\\\/06\\\/una-tarde-solo-verde\\\/#primaryimage\"},\"image\":{\"@id\":\"https:\\\/\\\/gentedebasquet.com.ar\\\/sitio\\\/2014\\\/04\\\/06\\\/una-tarde-solo-verde\\\/#primaryimage\"},\"thumbnailUrl\":\"http:\\\/\\\/gentedebasquet.com.ar\\\/sitio\\\/wp-content\\\/uploads\\\/2014\\\/04\\\/Pacifico-Comercial-2.jpg\",\"datePublished\":\"2014-04-06T03:46:03+00:00\",\"author\":{\"@id\":\"https:\\\/\\\/gentedebasquet.com.ar\\\/sitio\\\/#\\\/schema\\\/person\\\/71f1e6df3c46dc03bd15898b60123bcb\"},\"breadcrumb\":{\"@id\":\"https:\\\/\\\/gentedebasquet.com.ar\\\/sitio\\\/2014\\\/04\\\/06\\\/una-tarde-solo-verde\\\/#breadcrumb\"},\"inLanguage\":\"es\",\"potentialAction\":[{\"@type\":\"ReadAction\",\"target\":[\"https:\\\/\\\/gentedebasquet.com.ar\\\/sitio\\\/2014\\\/04\\\/06\\\/una-tarde-solo-verde\\\/\"]}]},{\"@type\":\"ImageObject\",\"inLanguage\":\"es\",\"@id\":\"https:\\\/\\\/gentedebasquet.com.ar\\\/sitio\\\/2014\\\/04\\\/06\\\/una-tarde-solo-verde\\\/#primaryimage\",\"url\":\"http:\\\/\\\/gentedebasquet.com.ar\\\/sitio\\\/wp-content\\\/uploads\\\/2014\\\/04\\\/Pacifico-Comercial-2.jpg\",\"contentUrl\":\"http:\\\/\\\/gentedebasquet.com.ar\\\/sitio\\\/wp-content\\\/uploads\\\/2014\\\/04\\\/Pacifico-Comercial-2.jpg\",\"width\":690,\"height\":319},{\"@type\":\"BreadcrumbList\",\"@id\":\"https:\\\/\\\/gentedebasquet.com.ar\\\/sitio\\\/2014\\\/04\\\/06\\\/una-tarde-solo-verde\\\/#breadcrumb\",\"itemListElement\":[{\"@type\":\"ListItem\",\"position\":1,\"name\":\"Portada\",\"item\":\"https:\\\/\\\/gentedebasquet.com.ar\\\/sitio\\\/\"},{\"@type\":\"ListItem\",\"position\":2,\"name\":\"Una tarde solo Verde\"}]},{\"@type\":\"WebSite\",\"@id\":\"https:\\\/\\\/gentedebasquet.com.ar\\\/sitio\\\/#website\",\"url\":\"https:\\\/\\\/gentedebasquet.com.ar\\\/sitio\\\/\",\"name\":\"Gente de B\u00e1squet\",\"description\":\"La revista del basquet de Bah\u00eda Blanca\",\"potentialAction\":[{\"@type\":\"SearchAction\",\"target\":{\"@type\":\"EntryPoint\",\"urlTemplate\":\"https:\\\/\\\/gentedebasquet.com.ar\\\/sitio\\\/?s={search_term_string}\"},\"query-input\":{\"@type\":\"PropertyValueSpecification\",\"valueRequired\":true,\"valueName\":\"search_term_string\"}}],\"inLanguage\":\"es\"},{\"@type\":\"Person\",\"@id\":\"https:\\\/\\\/gentedebasquet.com.ar\\\/sitio\\\/#\\\/schema\\\/person\\\/71f1e6df3c46dc03bd15898b60123bcb\",\"name\":\"Mart\u00edn Turner\",\"image\":{\"@type\":\"ImageObject\",\"inLanguage\":\"es\",\"@id\":\"https:\\\/\\\/secure.gravatar.com\\\/avatar\\\/5207e76bf845b48b9de1470e5db68df6a77b183903e9cd88ee33e35b93a8c384?s=96&d=mm&r=g\",\"url\":\"https:\\\/\\\/secure.gravatar.com\\\/avatar\\\/5207e76bf845b48b9de1470e5db68df6a77b183903e9cd88ee33e35b93a8c384?s=96&d=mm&r=g\",\"contentUrl\":\"https:\\\/\\\/secure.gravatar.com\\\/avatar\\\/5207e76bf845b48b9de1470e5db68df6a77b183903e9cd88ee33e35b93a8c384?s=96&d=mm&r=g\",\"caption\":\"Mart\u00edn Turner\"},\"url\":\"http:\\\/\\\/gentedebasquet.com.ar\\\/sitio\\\/author\\\/martin-turner\\\/\"}]}<\/script>\n<!-- \/ Yoast SEO plugin. -->","yoast_head_json":{"title":"Una tarde solo Verde - Gente de B\u00e1squet","robots":{"index":"index","follow":"follow","max-snippet":"max-snippet:-1","max-image-preview":"max-image-preview:large","max-video-preview":"max-video-preview:-1"},"canonical":"https:\/\/gentedebasquet.com.ar\/sitio\/2014\/04\/06\/una-tarde-solo-verde\/","og_locale":"es_ES","og_type":"article","og_title":"Una tarde solo Verde - Gente de B\u00e1squet","og_description":"Pacifico derrot\u00f3 con claridad y como local a Comercial 113-13, en Infantiles","og_url":"https:\/\/gentedebasquet.com.ar\/sitio\/2014\/04\/06\/una-tarde-solo-verde\/","og_site_name":"Gente de B\u00e1squet","article_published_time":"2014-04-06T03:46:03+00:00","og_image":[{"width":690,"height":319,"url":"https:\/\/gentedebasquet.com.ar\/sitio\/wp-content\/uploads\/2014\/04\/Pacifico-Comercial-2.jpg","type":"image\/jpeg"}],"author":"Mart\u00edn Turner","twitter_card":"summary_large_image","twitter_misc":{"Escrito por":"Mart\u00edn Turner","Tiempo de lectura":"2 minutos"},"schema":{"@context":"https:\/\/schema.org","@graph":[{"@type":"Article","@id":"https:\/\/gentedebasquet.com.ar\/sitio\/2014\/04\/06\/una-tarde-solo-verde\/#article","isPartOf":{"@id":"https:\/\/gentedebasquet.com.ar\/sitio\/2014\/04\/06\/una-tarde-solo-verde\/"},"author":{"name":"Mart\u00edn Turner","@id":"https:\/\/gentedebasquet.com.ar\/sitio\/#\/schema\/person\/71f1e6df3c46dc03bd15898b60123bcb"},"headline":"Una tarde solo Verde","datePublished":"2014-04-06T03:46:03+00:00","mainEntityOfPage":{"@id":"https:\/\/gentedebasquet.com.ar\/sitio\/2014\/04\/06\/una-tarde-solo-verde\/"},"wordCount":426,"image":{"@id":"https:\/\/gentedebasquet.com.ar\/sitio\/2014\/04\/06\/una-tarde-solo-verde\/#primaryimage"},"thumbnailUrl":"http:\/\/gentedebasquet.com.ar\/sitio\/wp-content\/uploads\/2014\/04\/Pacifico-Comercial-2.jpg","keywords":["Comercial","Juan Cruz Marini","Pacifico"],"articleSection":["Slide","U15"],"inLanguage":"es"},{"@type":"WebPage","@id":"https:\/\/gentedebasquet.com.ar\/sitio\/2014\/04\/06\/una-tarde-solo-verde\/","url":"https:\/\/gentedebasquet.com.ar\/sitio\/2014\/04\/06\/una-tarde-solo-verde\/","name":"Una tarde solo Verde - Gente de B\u00e1squet","isPartOf":{"@id":"https:\/\/gentedebasquet.com.ar\/sitio\/#website"},"primaryImageOfPage":{"@id":"https:\/\/gentedebasquet.com.ar\/sitio\/2014\/04\/06\/una-tarde-solo-verde\/#primaryimage"},"image":{"@id":"https:\/\/gentedebasquet.com.ar\/sitio\/2014\/04\/06\/una-tarde-solo-verde\/#primaryimage"},"thumbnailUrl":"http:\/\/gentedebasquet.com.ar\/sitio\/wp-content\/uploads\/2014\/04\/Pacifico-Comercial-2.jpg","datePublished":"2014-04-06T03:46:03+00:00","author":{"@id":"https:\/\/gentedebasquet.com.ar\/sitio\/#\/schema\/person\/71f1e6df3c46dc03bd15898b60123bcb"},"breadcrumb":{"@id":"https:\/\/gentedebasquet.com.ar\/sitio\/2014\/04\/06\/una-tarde-solo-verde\/#breadcrumb"},"inLanguage":"es","potentialAction":[{"@type":"ReadAction","target":["https:\/\/gentedebasquet.com.ar\/sitio\/2014\/04\/06\/una-tarde-solo-verde\/"]}]},{"@type":"ImageObject","inLanguage":"es","@id":"https:\/\/gentedebasquet.com.ar\/sitio\/2014\/04\/06\/una-tarde-solo-verde\/#primaryimage","url":"http:\/\/gentedebasquet.com.ar\/sitio\/wp-content\/uploads\/2014\/04\/Pacifico-Comercial-2.jpg","contentUrl":"http:\/\/gentedebasquet.com.ar\/sitio\/wp-content\/uploads\/2014\/04\/Pacifico-Comercial-2.jpg","width":690,"height":319},{"@type":"BreadcrumbList","@id":"https:\/\/gentedebasquet.com.ar\/sitio\/2014\/04\/06\/una-tarde-solo-verde\/#breadcrumb","itemListElement":[{"@type":"ListItem","position":1,"name":"Portada","item":"https:\/\/gentedebasquet.com.ar\/sitio\/"},{"@type":"ListItem","position":2,"name":"Una tarde solo Verde"}]},{"@type":"WebSite","@id":"https:\/\/gentedebasquet.com.ar\/sitio\/#website","url":"https:\/\/gentedebasquet.com.ar\/sitio\/","name":"Gente de B\u00e1squet","description":"La revista del basquet de Bah\u00eda Blanca","potentialAction":[{"@type":"SearchAction","target":{"@type":"EntryPoint","urlTemplate":"https:\/\/gentedebasquet.com.ar\/sitio\/?s={search_term_string}"},"query-input":{"@type":"PropertyValueSpecification","valueRequired":true,"valueName":"search_term_string"}}],"inLanguage":"es"},{"@type":"Person","@id":"https:\/\/gentedebasquet.com.ar\/sitio\/#\/schema\/person\/71f1e6df3c46dc03bd15898b60123bcb","name":"Mart\u00edn Turner","image":{"@type":"ImageObject","inLanguage":"es","@id":"https:\/\/secure.gravatar.com\/avatar\/5207e76bf845b48b9de1470e5db68df6a77b183903e9cd88ee33e35b93a8c384?s=96&d=mm&r=g","url":"https:\/\/secure.gravatar.com\/avatar\/5207e76bf845b48b9de1470e5db68df6a77b183903e9cd88ee33e35b93a8c384?s=96&d=mm&r=g","contentUrl":"https:\/\/secure.gravatar.com\/avatar\/5207e76bf845b48b9de1470e5db68df6a77b183903e9cd88ee33e35b93a8c384?s=96&d=mm&r=g","caption":"Mart\u00edn Turner"},"url":"http:\/\/gentedebasquet.com.ar\/sitio\/author\/martin-turner\/"}]}},"_links":{"self":[{"href":"http:\/\/gentedebasquet.com.ar\/sitio\/wp-json\/wp\/v2\/posts\/28731","targetHints":{"allow":["GET"]}}],"collection":[{"href":"http:\/\/gentedebasquet.com.ar\/sitio\/wp-json\/wp\/v2\/posts"}],"about":[{"href":"http:\/\/gentedebasquet.com.ar\/sitio\/wp-json\/wp\/v2\/types\/post"}],"author":[{"embeddable":true,"href":"http:\/\/gentedebasquet.com.ar\/sitio\/wp-json\/wp\/v2\/users\/27"}],"replies":[{"embeddable":true,"href":"http:\/\/gentedebasquet.com.ar\/sitio\/wp-json\/wp\/v2\/comments?post=28731"}],"version-history":[{"count":0,"href":"http:\/\/gentedebasquet.com.ar\/sitio\/wp-json\/wp\/v2\/posts\/28731\/revisions"}],"wp:featuredmedia":[{"embeddable":true,"href":"http:\/\/gentedebasquet.com.ar\/sitio\/wp-json\/wp\/v2\/media\/28763"}],"wp:attachment":[{"href":"http:\/\/gentedebasquet.com.ar\/sitio\/wp-json\/wp\/v2\/media?parent=28731"}],"wp:term":[{"taxonomy":"category","embeddable":true,"href":"http:\/\/gentedebasquet.com.ar\/sitio\/wp-json\/wp\/v2\/categories?post=28731"},{"taxonomy":"post_tag","embeddable":true,"href":"http:\/\/gentedebasquet.com.ar\/sitio\/wp-json\/wp\/v2\/tags?post=28731"}],"curies":[{"name":"wp","href":"https:\/\/api.w.org\/{rel}","templated":true}]}}