{"id":28827,"date":"2014-04-05T01:41:21","date_gmt":"2014-04-05T04:41:21","guid":{"rendered":"http:\/\/www.gentedebasquet.com.ar\/?p=28827"},"modified":"2014-04-05T01:41:21","modified_gmt":"2014-04-05T04:41:21","slug":"adios-a-la-ilusion","status":"publish","type":"post","link":"http:\/\/gentedebasquet.com.ar\/sitio\/2014\/04\/05\/adios-a-la-ilusion\/","title":{"rendered":"Adi\u00f3s a la ilusi\u00f3n"},"content":{"rendered":"<p><strong>Alianza Viedma cay\u00f3 por 98 a 87 ante Alvear y qued\u00f3 eliminado de los playoffs del TNA. La clave estuvo en el tercer cuarto, donde la visita liquid\u00f3 a la Fusi\u00f3n sac\u00e1ndole 20 puntos de ventaja. Nicol\u00e1s Paletta fue el goleador del conjunto rionegrino con 22 puntos. Adem\u00e1s, hubo 5 de Pablo Gil y 4 de Gonzalo Torres.<\/strong><\/p>\n<p>Alianza comenz\u00f3 el duelo arriba en el tanteador debido a una serie de puntos de Gregorio Eseverri y Nicol\u00e1s Paletta. Los perimetrales tiraron del carro en los primeros minutos del compromiso para que la instituci\u00f3n rionegrina dominara las acciones (16-12). Pese a esto, Alvear se puso a tiro gracias a la defensa de Cristian Romero y la efectividad en ataque de Jereal Scott. Jugar con la bola en el poste bajo le permiti\u00f3 a la visita cerrar de mejor manera el segmento.<\/p>\n<p>La remontada del club norte\u00f1o continu\u00f3 en el comienzo del segundo cap\u00edtulo. A partir de los recursos para atacar el aro de Mateo Bol\u00edvar (8) dio vuelta el marcador a falta de 6m33s (27-29). En ese momento el equipo de Jer\u00f3nimo Trezza se afianz\u00f3 y logr\u00f3 sacarle cinco tantos de diferencia a la Fusi\u00f3n al irse a los vestuarios (35-40).<\/p>\n<p>El tercer cuarto fue nefasto para Alianza. No tuvo peso en ofensiva ni mostr\u00f3 intensidad en defensa. La Fusi\u00f3n anot\u00f3 s\u00f3lo 5 puntos trav\u00e9s de tiros de campo, el resto llegaron a trav\u00e9s de la l\u00ednea de simples (8\/12 TL). Y as\u00ed fue muy dif\u00edcil hacerle partido a un rival que estuvo encendido todo el tiempo. Al goleo de Romero y Bol\u00edvar se sum\u00f3 Carlos Paredes. Con ataques r\u00e1pidos, presencia bajo los tableros para cargar al rebote y car\u00e1cter a la hora de defender, Alvear le sac\u00f3 20 puntos de ventaja a Alianza al t\u00e9rmino del per\u00edodo (50-70).<\/p>\n<p>En el inicio del \u00faltimo segmento, Diego Garc\u00eda Merlo apareci\u00f3 en la pintura para mantener al conjunto de Villa \u00c1ngela arriba en el marcador. Sin embargo Alianza se fue acercando de a poco. Con el goleo de Eseverri (10) y Paletta (10) la Fusi\u00f3n qued\u00f3 a seis cuando restaban 1m36s (83-89).<\/p>\n<p>El desenlace del juego fue demasiado hablado. Jugadores de ambos equipos discutieron demasiado, los \u00e1rbitros tuvieron fallos pol\u00e9micos y as\u00ed la situaci\u00f3n se volvi\u00f3 muy tensa. Alvear aprovech\u00f3 las infracciones cobradas en contra de Alianza y cerr\u00f3 el partido desde la l\u00ednea de libres.<\/p>\n<p>Con el merecido triunfo de los de Villa \u00c1ngela por 98 a 87 la serie se termin\u00f3 y la Fusi\u00f3n qued\u00f3 eliminada de los playoffs. Adi\u00f3s a una temporada muy irregular para Alianza Viedma.<\/p>\n<p>&nbsp;<\/p>\n<p><span style=\"text-decoration: underline;\"><strong><em>S\u00edntesis<\/em><\/strong><strong><em>:<\/em><\/strong><\/span><\/p>\n<p><strong>Alianza Viedma 87:\u00a0<\/strong>Nicol\u00e1s Paletta 22, Gregorio Eseverri 19, Pablo Gil 5, Mart\u00edn Aguirrezabala 6 y Facundo Brizuela 5 (FI);\u00a0Sebasti\u00e1n Casti\u00f1eira 12, Sebasti\u00e1n Acosta 12 (x), Gonzalo Torres 4, Mart\u00edn Percaz 2 (x), Agust\u00edn Giarraffa 0 y Pablo M\u00e9coli 0. DT: Mauricio Sant\u00e1ngelo.<\/p>\n<p><strong>Alvear 98:\u00a0<\/strong>Mart\u00edn Cequeira 14, Mateo Bol\u00edvar 17 (x), Carlos Paredes 10 (x), Cristian Romero 19 (x) y Jereal Scott 15 (FI);\u00a0Mauro Coronel 5, Santiago Orellano 6, Juan Talpone 0, Diego Garc\u00eda Merlo 12 y Juan Pablo Actis 0. DT: Jer\u00f3nimo Trezza.<\/p>\n<p><strong style=\"font-size: 14px; line-height: 1.5em;\">Parciales:<\/strong><span style=\"font-size: 14px; line-height: 1.5em;\">\u00a024-23, 35-40, 50-70 y 87-98.<\/span><\/p>\n<p><strong style=\"font-size: 14px; line-height: 1.5em;\">\u00c1rbitros:<\/strong><span style=\"font-size: 14px; line-height: 1.5em;\">\u00a0Javier S\u00e1nchez (Bah\u00eda Blanca) &#8211; Jos\u00e9 Luis Lugli (Trelew).<\/span><\/p>\n<p><strong>Estadio:<\/strong>\u00a0\u00c1ngel Cayetano Arias (Viedma).<\/p>\n<p><strong>Serie:<\/strong>\u00a0Alvear 3 &#8211; 0.<\/p>\n<p><strong>Fuente:<\/strong> <a href=\"http:\/\/postebajo.com.ar\/\" target=\"_blank\" rel=\"noopener\">Poste Bajo<\/a>.<\/p>\n","protected":false},"excerpt":{"rendered":"<p>Alianza Viedma se despid\u00f3 del TNA: cay\u00f3 98-87 (3-0) con Alvear de Villa \u00c1ngela<\/p>\n","protected":false},"author":1,"featured_media":28828,"comment_status":"closed","ping_status":"open","sticky":false,"template":"","format":"standard","meta":{"jnews-multi-image_gallery":[],"jnews_single_post":[],"jnews_primary_category":[],"footnotes":""},"categories":[34,112,39],"tags":[131,132,138,139],"class_list":["post-28827","post","type-post","status-publish","format-standard","has-post-thumbnail","hentry","category-bahienses-afuera","category-tna","category-nacional","tag-alianza-viedma","tag-gonzalo-torres","tag-nicolas-paletta","tag-pablo-gil"],"yoast_head":"<!-- This site is optimized with the Yoast SEO plugin v27.5 - https:\/\/yoast.com\/product\/yoast-seo-wordpress\/ -->\n<title>Adi\u00f3s a la ilusi\u00f3n - Gente de B\u00e1squet<\/title>\n<meta name=\"robots\" content=\"index, follow, max-snippet:-1, max-image-preview:large, max-video-preview:-1\" \/>\n<link rel=\"canonical\" href=\"https:\/\/gentedebasquet.com.ar\/sitio\/2014\/04\/05\/adios-a-la-ilusion\/\" \/>\n<meta property=\"og:locale\" content=\"es_ES\" \/>\n<meta property=\"og:type\" content=\"article\" \/>\n<meta property=\"og:title\" content=\"Adi\u00f3s a la ilusi\u00f3n - Gente de B\u00e1squet\" \/>\n<meta property=\"og:description\" content=\"Alianza Viedma se despid\u00f3 del TNA: cay\u00f3 98-87 (3-0) con Alvear de Villa \u00c1ngela\" \/>\n<meta property=\"og:url\" content=\"https:\/\/gentedebasquet.com.ar\/sitio\/2014\/04\/05\/adios-a-la-ilusion\/\" \/>\n<meta property=\"og:site_name\" content=\"Gente de B\u00e1squet\" \/>\n<meta property=\"article:published_time\" content=\"2014-04-05T04:41:21+00:00\" \/>\n<meta property=\"og:image\" content=\"https:\/\/gentedebasquet.com.ar\/sitio\/wp-content\/uploads\/2014\/04\/alianza-alvear-juego-3-final.jpg\" \/>\n\t<meta property=\"og:image:width\" content=\"300\" \/>\n\t<meta property=\"og:image:height\" content=\"211\" \/>\n\t<meta property=\"og:image:type\" content=\"image\/jpeg\" \/>\n<meta name=\"author\" content=\"Gente de B\u00e1squet\" \/>\n<meta name=\"twitter:card\" content=\"summary_large_image\" \/>\n<meta name=\"twitter:label1\" content=\"Escrito por\" \/>\n\t<meta name=\"twitter:data1\" content=\"Gente de B\u00e1squet\" \/>\n\t<meta name=\"twitter:label2\" content=\"Tiempo de lectura\" \/>\n\t<meta name=\"twitter:data2\" content=\"3 minutos\" \/>\n<script type=\"application\/ld+json\" class=\"yoast-schema-graph\">{\"@context\":\"https:\\\/\\\/schema.org\",\"@graph\":[{\"@type\":\"Article\",\"@id\":\"https:\\\/\\\/gentedebasquet.com.ar\\\/sitio\\\/2014\\\/04\\\/05\\\/adios-a-la-ilusion\\\/#article\",\"isPartOf\":{\"@id\":\"https:\\\/\\\/gentedebasquet.com.ar\\\/sitio\\\/2014\\\/04\\\/05\\\/adios-a-la-ilusion\\\/\"},\"author\":{\"name\":\"Gente de B\u00e1squet\",\"@id\":\"https:\\\/\\\/gentedebasquet.com.ar\\\/sitio\\\/#\\\/schema\\\/person\\\/ca0b63bbb977369988a7bbbdc519943a\"},\"headline\":\"Adi\u00f3s a la ilusi\u00f3n\",\"datePublished\":\"2014-04-05T04:41:21+00:00\",\"mainEntityOfPage\":{\"@id\":\"https:\\\/\\\/gentedebasquet.com.ar\\\/sitio\\\/2014\\\/04\\\/05\\\/adios-a-la-ilusion\\\/\"},\"wordCount\":559,\"image\":{\"@id\":\"https:\\\/\\\/gentedebasquet.com.ar\\\/sitio\\\/2014\\\/04\\\/05\\\/adios-a-la-ilusion\\\/#primaryimage\"},\"thumbnailUrl\":\"http:\\\/\\\/gentedebasquet.com.ar\\\/sitio\\\/wp-content\\\/uploads\\\/2014\\\/04\\\/alianza-alvear-juego-3-final.jpg\",\"keywords\":[\"Alianza Viedma\",\"Gonzalo Torres\",\"Nicol\u00e1s Paletta\",\"Pablo Gil\"],\"articleSection\":[\"Bahienses Afuera\",\"Liga Argentina\",\"Nacional\"],\"inLanguage\":\"es\"},{\"@type\":\"WebPage\",\"@id\":\"https:\\\/\\\/gentedebasquet.com.ar\\\/sitio\\\/2014\\\/04\\\/05\\\/adios-a-la-ilusion\\\/\",\"url\":\"https:\\\/\\\/gentedebasquet.com.ar\\\/sitio\\\/2014\\\/04\\\/05\\\/adios-a-la-ilusion\\\/\",\"name\":\"Adi\u00f3s a la ilusi\u00f3n - Gente de B\u00e1squet\",\"isPartOf\":{\"@id\":\"https:\\\/\\\/gentedebasquet.com.ar\\\/sitio\\\/#website\"},\"primaryImageOfPage\":{\"@id\":\"https:\\\/\\\/gentedebasquet.com.ar\\\/sitio\\\/2014\\\/04\\\/05\\\/adios-a-la-ilusion\\\/#primaryimage\"},\"image\":{\"@id\":\"https:\\\/\\\/gentedebasquet.com.ar\\\/sitio\\\/2014\\\/04\\\/05\\\/adios-a-la-ilusion\\\/#primaryimage\"},\"thumbnailUrl\":\"http:\\\/\\\/gentedebasquet.com.ar\\\/sitio\\\/wp-content\\\/uploads\\\/2014\\\/04\\\/alianza-alvear-juego-3-final.jpg\",\"datePublished\":\"2014-04-05T04:41:21+00:00\",\"author\":{\"@id\":\"https:\\\/\\\/gentedebasquet.com.ar\\\/sitio\\\/#\\\/schema\\\/person\\\/ca0b63bbb977369988a7bbbdc519943a\"},\"breadcrumb\":{\"@id\":\"https:\\\/\\\/gentedebasquet.com.ar\\\/sitio\\\/2014\\\/04\\\/05\\\/adios-a-la-ilusion\\\/#breadcrumb\"},\"inLanguage\":\"es\",\"potentialAction\":[{\"@type\":\"ReadAction\",\"target\":[\"https:\\\/\\\/gentedebasquet.com.ar\\\/sitio\\\/2014\\\/04\\\/05\\\/adios-a-la-ilusion\\\/\"]}]},{\"@type\":\"ImageObject\",\"inLanguage\":\"es\",\"@id\":\"https:\\\/\\\/gentedebasquet.com.ar\\\/sitio\\\/2014\\\/04\\\/05\\\/adios-a-la-ilusion\\\/#primaryimage\",\"url\":\"http:\\\/\\\/gentedebasquet.com.ar\\\/sitio\\\/wp-content\\\/uploads\\\/2014\\\/04\\\/alianza-alvear-juego-3-final.jpg\",\"contentUrl\":\"http:\\\/\\\/gentedebasquet.com.ar\\\/sitio\\\/wp-content\\\/uploads\\\/2014\\\/04\\\/alianza-alvear-juego-3-final.jpg\",\"width\":300,\"height\":211},{\"@type\":\"BreadcrumbList\",\"@id\":\"https:\\\/\\\/gentedebasquet.com.ar\\\/sitio\\\/2014\\\/04\\\/05\\\/adios-a-la-ilusion\\\/#breadcrumb\",\"itemListElement\":[{\"@type\":\"ListItem\",\"position\":1,\"name\":\"Portada\",\"item\":\"https:\\\/\\\/gentedebasquet.com.ar\\\/sitio\\\/\"},{\"@type\":\"ListItem\",\"position\":2,\"name\":\"Adi\u00f3s a la ilusi\u00f3n\"}]},{\"@type\":\"WebSite\",\"@id\":\"https:\\\/\\\/gentedebasquet.com.ar\\\/sitio\\\/#website\",\"url\":\"https:\\\/\\\/gentedebasquet.com.ar\\\/sitio\\\/\",\"name\":\"Gente de B\u00e1squet\",\"description\":\"La revista del basquet de Bah\u00eda Blanca\",\"potentialAction\":[{\"@type\":\"SearchAction\",\"target\":{\"@type\":\"EntryPoint\",\"urlTemplate\":\"https:\\\/\\\/gentedebasquet.com.ar\\\/sitio\\\/?s={search_term_string}\"},\"query-input\":{\"@type\":\"PropertyValueSpecification\",\"valueRequired\":true,\"valueName\":\"search_term_string\"}}],\"inLanguage\":\"es\"},{\"@type\":\"Person\",\"@id\":\"https:\\\/\\\/gentedebasquet.com.ar\\\/sitio\\\/#\\\/schema\\\/person\\\/ca0b63bbb977369988a7bbbdc519943a\",\"name\":\"Gente de B\u00e1squet\",\"image\":{\"@type\":\"ImageObject\",\"inLanguage\":\"es\",\"@id\":\"https:\\\/\\\/secure.gravatar.com\\\/avatar\\\/7f2c48bdc33b30088f941fb6082e555f2874c98e20cb159d7b92b50eadfce793?s=96&d=mm&r=g\",\"url\":\"https:\\\/\\\/secure.gravatar.com\\\/avatar\\\/7f2c48bdc33b30088f941fb6082e555f2874c98e20cb159d7b92b50eadfce793?s=96&d=mm&r=g\",\"contentUrl\":\"https:\\\/\\\/secure.gravatar.com\\\/avatar\\\/7f2c48bdc33b30088f941fb6082e555f2874c98e20cb159d7b92b50eadfce793?s=96&d=mm&r=g\",\"caption\":\"Gente de B\u00e1squet\"},\"sameAs\":[\"http:\\\/\\\/gentedebasquet.com.ar\\\/sitio\"],\"url\":\"http:\\\/\\\/gentedebasquet.com.ar\\\/sitio\\\/author\\\/ulises\\\/\"}]}<\/script>\n<!-- \/ Yoast SEO plugin. -->","yoast_head_json":{"title":"Adi\u00f3s a la ilusi\u00f3n - Gente de B\u00e1squet","robots":{"index":"index","follow":"follow","max-snippet":"max-snippet:-1","max-image-preview":"max-image-preview:large","max-video-preview":"max-video-preview:-1"},"canonical":"https:\/\/gentedebasquet.com.ar\/sitio\/2014\/04\/05\/adios-a-la-ilusion\/","og_locale":"es_ES","og_type":"article","og_title":"Adi\u00f3s a la ilusi\u00f3n - Gente de B\u00e1squet","og_description":"Alianza Viedma se despid\u00f3 del TNA: cay\u00f3 98-87 (3-0) con Alvear de Villa \u00c1ngela","og_url":"https:\/\/gentedebasquet.com.ar\/sitio\/2014\/04\/05\/adios-a-la-ilusion\/","og_site_name":"Gente de B\u00e1squet","article_published_time":"2014-04-05T04:41:21+00:00","og_image":[{"width":300,"height":211,"url":"https:\/\/gentedebasquet.com.ar\/sitio\/wp-content\/uploads\/2014\/04\/alianza-alvear-juego-3-final.jpg","type":"image\/jpeg"}],"author":"Gente de B\u00e1squet","twitter_card":"summary_large_image","twitter_misc":{"Escrito por":"Gente de B\u00e1squet","Tiempo de lectura":"3 minutos"},"schema":{"@context":"https:\/\/schema.org","@graph":[{"@type":"Article","@id":"https:\/\/gentedebasquet.com.ar\/sitio\/2014\/04\/05\/adios-a-la-ilusion\/#article","isPartOf":{"@id":"https:\/\/gentedebasquet.com.ar\/sitio\/2014\/04\/05\/adios-a-la-ilusion\/"},"author":{"name":"Gente de B\u00e1squet","@id":"https:\/\/gentedebasquet.com.ar\/sitio\/#\/schema\/person\/ca0b63bbb977369988a7bbbdc519943a"},"headline":"Adi\u00f3s a la ilusi\u00f3n","datePublished":"2014-04-05T04:41:21+00:00","mainEntityOfPage":{"@id":"https:\/\/gentedebasquet.com.ar\/sitio\/2014\/04\/05\/adios-a-la-ilusion\/"},"wordCount":559,"image":{"@id":"https:\/\/gentedebasquet.com.ar\/sitio\/2014\/04\/05\/adios-a-la-ilusion\/#primaryimage"},"thumbnailUrl":"http:\/\/gentedebasquet.com.ar\/sitio\/wp-content\/uploads\/2014\/04\/alianza-alvear-juego-3-final.jpg","keywords":["Alianza Viedma","Gonzalo Torres","Nicol\u00e1s Paletta","Pablo Gil"],"articleSection":["Bahienses Afuera","Liga Argentina","Nacional"],"inLanguage":"es"},{"@type":"WebPage","@id":"https:\/\/gentedebasquet.com.ar\/sitio\/2014\/04\/05\/adios-a-la-ilusion\/","url":"https:\/\/gentedebasquet.com.ar\/sitio\/2014\/04\/05\/adios-a-la-ilusion\/","name":"Adi\u00f3s a la ilusi\u00f3n - Gente de B\u00e1squet","isPartOf":{"@id":"https:\/\/gentedebasquet.com.ar\/sitio\/#website"},"primaryImageOfPage":{"@id":"https:\/\/gentedebasquet.com.ar\/sitio\/2014\/04\/05\/adios-a-la-ilusion\/#primaryimage"},"image":{"@id":"https:\/\/gentedebasquet.com.ar\/sitio\/2014\/04\/05\/adios-a-la-ilusion\/#primaryimage"},"thumbnailUrl":"http:\/\/gentedebasquet.com.ar\/sitio\/wp-content\/uploads\/2014\/04\/alianza-alvear-juego-3-final.jpg","datePublished":"2014-04-05T04:41:21+00:00","author":{"@id":"https:\/\/gentedebasquet.com.ar\/sitio\/#\/schema\/person\/ca0b63bbb977369988a7bbbdc519943a"},"breadcrumb":{"@id":"https:\/\/gentedebasquet.com.ar\/sitio\/2014\/04\/05\/adios-a-la-ilusion\/#breadcrumb"},"inLanguage":"es","potentialAction":[{"@type":"ReadAction","target":["https:\/\/gentedebasquet.com.ar\/sitio\/2014\/04\/05\/adios-a-la-ilusion\/"]}]},{"@type":"ImageObject","inLanguage":"es","@id":"https:\/\/gentedebasquet.com.ar\/sitio\/2014\/04\/05\/adios-a-la-ilusion\/#primaryimage","url":"http:\/\/gentedebasquet.com.ar\/sitio\/wp-content\/uploads\/2014\/04\/alianza-alvear-juego-3-final.jpg","contentUrl":"http:\/\/gentedebasquet.com.ar\/sitio\/wp-content\/uploads\/2014\/04\/alianza-alvear-juego-3-final.jpg","width":300,"height":211},{"@type":"BreadcrumbList","@id":"https:\/\/gentedebasquet.com.ar\/sitio\/2014\/04\/05\/adios-a-la-ilusion\/#breadcrumb","itemListElement":[{"@type":"ListItem","position":1,"name":"Portada","item":"https:\/\/gentedebasquet.com.ar\/sitio\/"},{"@type":"ListItem","position":2,"name":"Adi\u00f3s a la ilusi\u00f3n"}]},{"@type":"WebSite","@id":"https:\/\/gentedebasquet.com.ar\/sitio\/#website","url":"https:\/\/gentedebasquet.com.ar\/sitio\/","name":"Gente de B\u00e1squet","description":"La revista del basquet de Bah\u00eda Blanca","potentialAction":[{"@type":"SearchAction","target":{"@type":"EntryPoint","urlTemplate":"https:\/\/gentedebasquet.com.ar\/sitio\/?s={search_term_string}"},"query-input":{"@type":"PropertyValueSpecification","valueRequired":true,"valueName":"search_term_string"}}],"inLanguage":"es"},{"@type":"Person","@id":"https:\/\/gentedebasquet.com.ar\/sitio\/#\/schema\/person\/ca0b63bbb977369988a7bbbdc519943a","name":"Gente de B\u00e1squet","image":{"@type":"ImageObject","inLanguage":"es","@id":"https:\/\/secure.gravatar.com\/avatar\/7f2c48bdc33b30088f941fb6082e555f2874c98e20cb159d7b92b50eadfce793?s=96&d=mm&r=g","url":"https:\/\/secure.gravatar.com\/avatar\/7f2c48bdc33b30088f941fb6082e555f2874c98e20cb159d7b92b50eadfce793?s=96&d=mm&r=g","contentUrl":"https:\/\/secure.gravatar.com\/avatar\/7f2c48bdc33b30088f941fb6082e555f2874c98e20cb159d7b92b50eadfce793?s=96&d=mm&r=g","caption":"Gente de B\u00e1squet"},"sameAs":["http:\/\/gentedebasquet.com.ar\/sitio"],"url":"http:\/\/gentedebasquet.com.ar\/sitio\/author\/ulises\/"}]}},"_links":{"self":[{"href":"http:\/\/gentedebasquet.com.ar\/sitio\/wp-json\/wp\/v2\/posts\/28827","targetHints":{"allow":["GET"]}}],"collection":[{"href":"http:\/\/gentedebasquet.com.ar\/sitio\/wp-json\/wp\/v2\/posts"}],"about":[{"href":"http:\/\/gentedebasquet.com.ar\/sitio\/wp-json\/wp\/v2\/types\/post"}],"author":[{"embeddable":true,"href":"http:\/\/gentedebasquet.com.ar\/sitio\/wp-json\/wp\/v2\/users\/1"}],"replies":[{"embeddable":true,"href":"http:\/\/gentedebasquet.com.ar\/sitio\/wp-json\/wp\/v2\/comments?post=28827"}],"version-history":[{"count":0,"href":"http:\/\/gentedebasquet.com.ar\/sitio\/wp-json\/wp\/v2\/posts\/28827\/revisions"}],"wp:featuredmedia":[{"embeddable":true,"href":"http:\/\/gentedebasquet.com.ar\/sitio\/wp-json\/wp\/v2\/media\/28828"}],"wp:attachment":[{"href":"http:\/\/gentedebasquet.com.ar\/sitio\/wp-json\/wp\/v2\/media?parent=28827"}],"wp:term":[{"taxonomy":"category","embeddable":true,"href":"http:\/\/gentedebasquet.com.ar\/sitio\/wp-json\/wp\/v2\/categories?post=28827"},{"taxonomy":"post_tag","embeddable":true,"href":"http:\/\/gentedebasquet.com.ar\/sitio\/wp-json\/wp\/v2\/tags?post=28827"}],"curies":[{"name":"wp","href":"https:\/\/api.w.org\/{rel}","templated":true}]}}