{"id":29247,"date":"2014-04-09T23:31:10","date_gmt":"2014-04-10T02:31:10","guid":{"rendered":"http:\/\/www.gentedebasquet.com.ar\/?p=29247"},"modified":"2014-04-09T23:31:10","modified_gmt":"2014-04-10T02:31:10","slug":"cuestion-de-actitud","status":"publish","type":"post","link":"http:\/\/gentedebasquet.com.ar\/sitio\/2014\/04\/09\/cuestion-de-actitud\/","title":{"rendered":"Cuesti\u00f3n de actitud"},"content":{"rendered":"<p><strong>Napost\u00e1 ca\u00eda 68-60 a 8:44 del cierre, Bonis detuvo el reloj, pidi\u00f3 actitud y sus jugadores le respondieron con un parcial de 31-10 para ganar 91-78 a Independiente. Hubo una m\u00e1xima valoraci\u00f3n (43) de Bellozas (24, 14 en 4C), gran debut de Lucio Redivo (20) y efectividad en Tajan (16). En el \u201cViola\u201d hubo buena labor de Rotta (17 y 11 rebotes), de Alema\u00f1y (14) y de Acebedo (12 y 7).<\/strong><\/p>\n<p>La visita se plant\u00f3 en zona 2-3 desde el inicio, mientras que en ataque domin\u00f3 con juego interno para escaparse 10-5 promediando el cuarto, pero ante esa defensa, Independiente la machac\u00f3 desde 6,75 con cinco bombas (dos de Rotta, con 8 puntos y 100% efectividad, m\u00e1s 5 rebotes), con buena mano de Alema\u00f1y (7) y desgaste mas gol de Goenaga en la llave (6). En tanto, en Napost\u00e1 debut\u00f3 Redivo, clav\u00f3 su \u00fanico intento triple, pero su flamante equipo se fue debajo 26-20.<\/p>\n<p>El segundo cuarto fue de rachas; de movida descont\u00f3 \u201cNapo\u201d (26-24), luego el \u201cViola\u201d sac\u00f3 m\u00e1xima de nueve (33-24 a 5:44) con Bert\u00f3n (5) efectivo porque el rival estaba inefectivo (2-10 tc), pero mas tarde fue Alema\u00f1y (5) qui\u00e9n mantuvo la brecha de 36-28 al frente el local (a 3:30). Luego se dio un cierre de cuarto palo a palo, cuando se destac\u00f3 en la visita Tajan (8) y Bellozas (4) qui\u00e9n dio una gran mano en rebotes (3 defensivos y 4 en ataque) para que solamente sea de seis la distancia a favor a Independiente 44-38.<\/p>\n<p>Rotta (4) sin fallar hasta all\u00ed le daba diez de luz a los dirigidos por Iriburo (48-38), aunque los triples de los de Bonis (Redivo y Aguirre) descontaron a solo dos (50-48 a 6:46), pero en el resto del tercer cuarto, Independiente mantuvo una distancia de 5\/6 puntos de diferencia liderados por el goleo del ex Napost\u00e1, Fernando Prado (6), mientras que Aguirre fue el m\u00e1ximo anotador (9) generando faltas y anotando en la l\u00ednea, se fueron 66-60 al \u00faltimo tramo.<\/p>\n<p>Acebedo anot\u00f3 en la zona pintada y el entrenador de Napost\u00e1 pidi\u00f3 minuto (68-60 ganaba Independiente. Durante la charla, enojado Bonis le pidi\u00f3 actitud a sus dirigidos, cuesti\u00f3n que al regreso parecieron entender al extremo, porque en 3m igualaron en 70 con 10 puntos consecutivos de Bellozas (\u00fanicamente anot\u00f3 Goenaga en esa racha adversa). Justamente el p\u00edvot de Independiente con doble m\u00e1s libre extra dio distancia de tres, pero Tajan (4) en la llave aventajaba por uno Napost\u00e1 (74-73). Tras un minuto de yerros, Rotta puso al frente al local de nuevo, pero la el conjunto de la Avenida Alem hizo un parcial de 14-0 en 2:40 (86-75) con Redivo (10, 4-4 tl) y Bellozas (4) intratables. Una bomba de Rotta decor\u00f3 el resultado adverso para Independiente, mientras \u201cNapo\u201d estir\u00f3 el resultado 91-78 final, via libres (9-13 4C) y el banco visitante terminaba con 56 puntos contra 25 de los suplentes rivales. Es solo una cuesti\u00f3n de actitud.<\/p>\n<p>&nbsp;<\/p>\n<p>[vimeo]http:\/\/vimeo.com\/91581167[\/vimeo]<\/p>\n<p>&nbsp;<\/p>\n<p><em><b><span style=\"text-decoration: underline;\">S\u00edntesis: <\/span><\/b><\/em><\/p>\n<p><strong>Independiente 78:<\/strong> Javier Musumeci 4, Leonel Alema\u00f1y 14, Juan Pablo Rotta 17, Maximiliano Bert\u00f3n 7, Facundo Goenaga 11 (X) (FI). Mat\u00edas Eidintas \u00a0(X) 7, Fabio Zangla 0, Walter Acebedo 12 (X), Fernando Prado 6, Uriel Mart\u00ednez 0 y Enzo Rodr\u00edguez 0. DT: Federico Iriburo.<\/p>\n<p><b>Napost\u00e1 91:<\/b> Ezequiel Meneses 2, Juan Franco Di Meglio 7, Augusto Meneses 4, Tom\u00e1s Tajan 16, Mauro Campa\u00f1a 6 (FI). Lucio Redivo 20, Ramiro Aguirre 12 y Juan Ignacio Bellozas 24. DT: Luciano Bonis.<\/p>\n<p><strong>Parciales: <\/strong>26-20, 44-38 (18-18), 66-60 (22-22) y 78-91 (12-31).<\/p>\n<p><strong>\u00c1rbitros: <\/strong>Alejandro Ramallo \u2013 Marjorie Stuardo.<\/p>\n<p><strong>Estadio: <\/strong>Ra\u00fal y N\u00e9stor Barral (Independiente).<\/p>\n<p><a class=\"modalf iframe\" title=\"Planilla\" href=\"https:\/\/docs.google.com\/spreadsheet\/pub?key=0AhWH6MgjN9X5dFNtdmxVZF8wRGxNcjNTZ2R0N19Sd2c&amp;single=true&amp;gid=0&amp;output=html\" target=\"_blank\" rel=\"noopener\">Ver Planilla<\/a><\/p>\n<p>&nbsp;<\/p>\n<h6><b>Debut Re-divo<\/b><\/h6>\n<p>Lucio Redivo dej\u00f3 la Liga Nacional y su querido Pac\u00edfico, para jugar en Primera a nivel local. En el minuto 4:20 del primer cuarto, ingres\u00f3 con la camiseta n\u00famero 11 y tuvo esta planilla: 20 pts (2-5 t3, 5-11 t2 y 4-4 tl), 3 reb, 4 asist, 5 robos, 1 p\u00e9rd. 1 fc y 3 recibidas para una valoraci\u00f3n de 24.<\/p>\n<p><a href=\"http:\/\/www.gentedebasquet.com.ar\/wp-content\/uploads\/2014\/04\/redivo-vs-ind-debut.jpg\"><img decoding=\"async\" class=\"size-full wp-image-29251 aligncenter\" alt=\"redivo vs ind debut\" src=\"http:\/\/www.gentedebasquet.com.ar\/wp-content\/uploads\/2014\/04\/redivo-vs-ind-debut.jpg\" width=\"448\" height=\"336\" srcset=\"http:\/\/gentedebasquet.com.ar\/sitio\/wp-content\/uploads\/2014\/04\/redivo-vs-ind-debut.jpg 448w, http:\/\/gentedebasquet.com.ar\/sitio\/wp-content\/uploads\/2014\/04\/redivo-vs-ind-debut-300x225.jpg 300w\" sizes=\"(max-width: 448px) 100vw, 448px\" \/><\/a><\/p>\n","protected":false},"excerpt":{"rendered":"<p>Napost\u00e1 venci\u00f3 a Independiente 91-78 (31-12 4C) con partidazos de Redivo y Bellozas<\/p>\n","protected":false},"author":1,"featured_media":29255,"comment_status":"closed","ping_status":"open","sticky":false,"template":"","format":"standard","meta":{"jnews-multi-image_gallery":[],"jnews_single_post":[],"jnews_primary_category":[],"footnotes":""},"categories":[23,101],"tags":[12,319,48,289,155,15,240],"class_list":["post-29247","post","type-post","status-publish","format-standard","has-post-thumbnail","hentry","category-primera","category-slide","tag-independiente","tag-juan-ignacio-bellozas","tag-juan-pablo-rotta","tag-leonel-alemany","tag-lucio-redivo","tag-naposta","tag-tomas-tajan"],"yoast_head":"<!-- This site is optimized with the Yoast SEO plugin v27.5 - https:\/\/yoast.com\/product\/yoast-seo-wordpress\/ -->\n<title>Cuesti\u00f3n de actitud - Gente de B\u00e1squet<\/title>\n<meta name=\"robots\" content=\"index, follow, max-snippet:-1, max-image-preview:large, max-video-preview:-1\" \/>\n<link rel=\"canonical\" href=\"http:\/\/gentedebasquet.com.ar\/sitio\/2014\/04\/09\/cuestion-de-actitud\/\" \/>\n<meta property=\"og:locale\" content=\"es_ES\" \/>\n<meta property=\"og:type\" content=\"article\" \/>\n<meta property=\"og:title\" content=\"Cuesti\u00f3n de actitud - Gente de B\u00e1squet\" \/>\n<meta property=\"og:description\" content=\"Napost\u00e1 venci\u00f3 a Independiente 91-78 (31-12 4C) con partidazos de Redivo y Bellozas\" \/>\n<meta property=\"og:url\" content=\"http:\/\/gentedebasquet.com.ar\/sitio\/2014\/04\/09\/cuestion-de-actitud\/\" \/>\n<meta property=\"og:site_name\" content=\"Gente de B\u00e1squet\" \/>\n<meta property=\"article:published_time\" content=\"2014-04-10T02:31:10+00:00\" \/>\n<meta property=\"og:image\" content=\"http:\/\/gentedebasquet.com.ar\/sitio\/wp-content\/uploads\/2014\/04\/102_0537.jpg\" \/>\n\t<meta property=\"og:image:width\" content=\"690\" \/>\n\t<meta property=\"og:image:height\" content=\"319\" \/>\n\t<meta property=\"og:image:type\" content=\"image\/jpeg\" \/>\n<meta name=\"author\" content=\"Gente de B\u00e1squet\" \/>\n<meta name=\"twitter:card\" content=\"summary_large_image\" \/>\n<meta name=\"twitter:label1\" content=\"Escrito por\" \/>\n\t<meta name=\"twitter:data1\" content=\"Gente de B\u00e1squet\" \/>\n\t<meta name=\"twitter:label2\" content=\"Tiempo de lectura\" \/>\n\t<meta name=\"twitter:data2\" content=\"3 minutos\" \/>\n<script type=\"application\/ld+json\" class=\"yoast-schema-graph\">{\"@context\":\"https:\\\/\\\/schema.org\",\"@graph\":[{\"@type\":\"Article\",\"@id\":\"http:\\\/\\\/gentedebasquet.com.ar\\\/sitio\\\/2014\\\/04\\\/09\\\/cuestion-de-actitud\\\/#article\",\"isPartOf\":{\"@id\":\"http:\\\/\\\/gentedebasquet.com.ar\\\/sitio\\\/2014\\\/04\\\/09\\\/cuestion-de-actitud\\\/\"},\"author\":{\"name\":\"Gente de B\u00e1squet\",\"@id\":\"https:\\\/\\\/gentedebasquet.com.ar\\\/sitio\\\/#\\\/schema\\\/person\\\/ca0b63bbb977369988a7bbbdc519943a\"},\"headline\":\"Cuesti\u00f3n de actitud\",\"datePublished\":\"2014-04-10T02:31:10+00:00\",\"mainEntityOfPage\":{\"@id\":\"http:\\\/\\\/gentedebasquet.com.ar\\\/sitio\\\/2014\\\/04\\\/09\\\/cuestion-de-actitud\\\/\"},\"wordCount\":628,\"image\":{\"@id\":\"http:\\\/\\\/gentedebasquet.com.ar\\\/sitio\\\/2014\\\/04\\\/09\\\/cuestion-de-actitud\\\/#primaryimage\"},\"thumbnailUrl\":\"http:\\\/\\\/gentedebasquet.com.ar\\\/sitio\\\/wp-content\\\/uploads\\\/2014\\\/04\\\/102_0537.jpg\",\"keywords\":[\"independiente\",\"Juan Ignacio Bellozas\",\"Juan Pablo Rotta\",\"Leonel Alema\u00f1y\",\"Lucio Redivo\",\"Naposta\",\"Tom\u00e1s Tajan\"],\"articleSection\":[\"Primera\",\"Slide\"],\"inLanguage\":\"es\"},{\"@type\":\"WebPage\",\"@id\":\"http:\\\/\\\/gentedebasquet.com.ar\\\/sitio\\\/2014\\\/04\\\/09\\\/cuestion-de-actitud\\\/\",\"url\":\"http:\\\/\\\/gentedebasquet.com.ar\\\/sitio\\\/2014\\\/04\\\/09\\\/cuestion-de-actitud\\\/\",\"name\":\"Cuesti\u00f3n de actitud - Gente de B\u00e1squet\",\"isPartOf\":{\"@id\":\"https:\\\/\\\/gentedebasquet.com.ar\\\/sitio\\\/#website\"},\"primaryImageOfPage\":{\"@id\":\"http:\\\/\\\/gentedebasquet.com.ar\\\/sitio\\\/2014\\\/04\\\/09\\\/cuestion-de-actitud\\\/#primaryimage\"},\"image\":{\"@id\":\"http:\\\/\\\/gentedebasquet.com.ar\\\/sitio\\\/2014\\\/04\\\/09\\\/cuestion-de-actitud\\\/#primaryimage\"},\"thumbnailUrl\":\"http:\\\/\\\/gentedebasquet.com.ar\\\/sitio\\\/wp-content\\\/uploads\\\/2014\\\/04\\\/102_0537.jpg\",\"datePublished\":\"2014-04-10T02:31:10+00:00\",\"author\":{\"@id\":\"https:\\\/\\\/gentedebasquet.com.ar\\\/sitio\\\/#\\\/schema\\\/person\\\/ca0b63bbb977369988a7bbbdc519943a\"},\"breadcrumb\":{\"@id\":\"http:\\\/\\\/gentedebasquet.com.ar\\\/sitio\\\/2014\\\/04\\\/09\\\/cuestion-de-actitud\\\/#breadcrumb\"},\"inLanguage\":\"es\",\"potentialAction\":[{\"@type\":\"ReadAction\",\"target\":[\"http:\\\/\\\/gentedebasquet.com.ar\\\/sitio\\\/2014\\\/04\\\/09\\\/cuestion-de-actitud\\\/\"]}]},{\"@type\":\"ImageObject\",\"inLanguage\":\"es\",\"@id\":\"http:\\\/\\\/gentedebasquet.com.ar\\\/sitio\\\/2014\\\/04\\\/09\\\/cuestion-de-actitud\\\/#primaryimage\",\"url\":\"http:\\\/\\\/gentedebasquet.com.ar\\\/sitio\\\/wp-content\\\/uploads\\\/2014\\\/04\\\/102_0537.jpg\",\"contentUrl\":\"http:\\\/\\\/gentedebasquet.com.ar\\\/sitio\\\/wp-content\\\/uploads\\\/2014\\\/04\\\/102_0537.jpg\",\"width\":690,\"height\":319},{\"@type\":\"BreadcrumbList\",\"@id\":\"http:\\\/\\\/gentedebasquet.com.ar\\\/sitio\\\/2014\\\/04\\\/09\\\/cuestion-de-actitud\\\/#breadcrumb\",\"itemListElement\":[{\"@type\":\"ListItem\",\"position\":1,\"name\":\"Portada\",\"item\":\"https:\\\/\\\/gentedebasquet.com.ar\\\/sitio\\\/\"},{\"@type\":\"ListItem\",\"position\":2,\"name\":\"Cuesti\u00f3n de actitud\"}]},{\"@type\":\"WebSite\",\"@id\":\"https:\\\/\\\/gentedebasquet.com.ar\\\/sitio\\\/#website\",\"url\":\"https:\\\/\\\/gentedebasquet.com.ar\\\/sitio\\\/\",\"name\":\"Gente de B\u00e1squet\",\"description\":\"La revista del basquet de Bah\u00eda Blanca\",\"potentialAction\":[{\"@type\":\"SearchAction\",\"target\":{\"@type\":\"EntryPoint\",\"urlTemplate\":\"https:\\\/\\\/gentedebasquet.com.ar\\\/sitio\\\/?s={search_term_string}\"},\"query-input\":{\"@type\":\"PropertyValueSpecification\",\"valueRequired\":true,\"valueName\":\"search_term_string\"}}],\"inLanguage\":\"es\"},{\"@type\":\"Person\",\"@id\":\"https:\\\/\\\/gentedebasquet.com.ar\\\/sitio\\\/#\\\/schema\\\/person\\\/ca0b63bbb977369988a7bbbdc519943a\",\"name\":\"Gente de B\u00e1squet\",\"image\":{\"@type\":\"ImageObject\",\"inLanguage\":\"es\",\"@id\":\"https:\\\/\\\/secure.gravatar.com\\\/avatar\\\/7f2c48bdc33b30088f941fb6082e555f2874c98e20cb159d7b92b50eadfce793?s=96&d=mm&r=g\",\"url\":\"https:\\\/\\\/secure.gravatar.com\\\/avatar\\\/7f2c48bdc33b30088f941fb6082e555f2874c98e20cb159d7b92b50eadfce793?s=96&d=mm&r=g\",\"contentUrl\":\"https:\\\/\\\/secure.gravatar.com\\\/avatar\\\/7f2c48bdc33b30088f941fb6082e555f2874c98e20cb159d7b92b50eadfce793?s=96&d=mm&r=g\",\"caption\":\"Gente de B\u00e1squet\"},\"sameAs\":[\"http:\\\/\\\/gentedebasquet.com.ar\\\/sitio\"],\"url\":\"http:\\\/\\\/gentedebasquet.com.ar\\\/sitio\\\/author\\\/ulises\\\/\"}]}<\/script>\n<!-- \/ Yoast SEO plugin. -->","yoast_head_json":{"title":"Cuesti\u00f3n de actitud - Gente de B\u00e1squet","robots":{"index":"index","follow":"follow","max-snippet":"max-snippet:-1","max-image-preview":"max-image-preview:large","max-video-preview":"max-video-preview:-1"},"canonical":"http:\/\/gentedebasquet.com.ar\/sitio\/2014\/04\/09\/cuestion-de-actitud\/","og_locale":"es_ES","og_type":"article","og_title":"Cuesti\u00f3n de actitud - Gente de B\u00e1squet","og_description":"Napost\u00e1 venci\u00f3 a Independiente 91-78 (31-12 4C) con partidazos de Redivo y Bellozas","og_url":"http:\/\/gentedebasquet.com.ar\/sitio\/2014\/04\/09\/cuestion-de-actitud\/","og_site_name":"Gente de B\u00e1squet","article_published_time":"2014-04-10T02:31:10+00:00","og_image":[{"width":690,"height":319,"url":"http:\/\/gentedebasquet.com.ar\/sitio\/wp-content\/uploads\/2014\/04\/102_0537.jpg","type":"image\/jpeg"}],"author":"Gente de B\u00e1squet","twitter_card":"summary_large_image","twitter_misc":{"Escrito por":"Gente de B\u00e1squet","Tiempo de lectura":"3 minutos"},"schema":{"@context":"https:\/\/schema.org","@graph":[{"@type":"Article","@id":"http:\/\/gentedebasquet.com.ar\/sitio\/2014\/04\/09\/cuestion-de-actitud\/#article","isPartOf":{"@id":"http:\/\/gentedebasquet.com.ar\/sitio\/2014\/04\/09\/cuestion-de-actitud\/"},"author":{"name":"Gente de B\u00e1squet","@id":"https:\/\/gentedebasquet.com.ar\/sitio\/#\/schema\/person\/ca0b63bbb977369988a7bbbdc519943a"},"headline":"Cuesti\u00f3n de actitud","datePublished":"2014-04-10T02:31:10+00:00","mainEntityOfPage":{"@id":"http:\/\/gentedebasquet.com.ar\/sitio\/2014\/04\/09\/cuestion-de-actitud\/"},"wordCount":628,"image":{"@id":"http:\/\/gentedebasquet.com.ar\/sitio\/2014\/04\/09\/cuestion-de-actitud\/#primaryimage"},"thumbnailUrl":"http:\/\/gentedebasquet.com.ar\/sitio\/wp-content\/uploads\/2014\/04\/102_0537.jpg","keywords":["independiente","Juan Ignacio Bellozas","Juan Pablo Rotta","Leonel Alema\u00f1y","Lucio Redivo","Naposta","Tom\u00e1s Tajan"],"articleSection":["Primera","Slide"],"inLanguage":"es"},{"@type":"WebPage","@id":"http:\/\/gentedebasquet.com.ar\/sitio\/2014\/04\/09\/cuestion-de-actitud\/","url":"http:\/\/gentedebasquet.com.ar\/sitio\/2014\/04\/09\/cuestion-de-actitud\/","name":"Cuesti\u00f3n de actitud - Gente de B\u00e1squet","isPartOf":{"@id":"https:\/\/gentedebasquet.com.ar\/sitio\/#website"},"primaryImageOfPage":{"@id":"http:\/\/gentedebasquet.com.ar\/sitio\/2014\/04\/09\/cuestion-de-actitud\/#primaryimage"},"image":{"@id":"http:\/\/gentedebasquet.com.ar\/sitio\/2014\/04\/09\/cuestion-de-actitud\/#primaryimage"},"thumbnailUrl":"http:\/\/gentedebasquet.com.ar\/sitio\/wp-content\/uploads\/2014\/04\/102_0537.jpg","datePublished":"2014-04-10T02:31:10+00:00","author":{"@id":"https:\/\/gentedebasquet.com.ar\/sitio\/#\/schema\/person\/ca0b63bbb977369988a7bbbdc519943a"},"breadcrumb":{"@id":"http:\/\/gentedebasquet.com.ar\/sitio\/2014\/04\/09\/cuestion-de-actitud\/#breadcrumb"},"inLanguage":"es","potentialAction":[{"@type":"ReadAction","target":["http:\/\/gentedebasquet.com.ar\/sitio\/2014\/04\/09\/cuestion-de-actitud\/"]}]},{"@type":"ImageObject","inLanguage":"es","@id":"http:\/\/gentedebasquet.com.ar\/sitio\/2014\/04\/09\/cuestion-de-actitud\/#primaryimage","url":"http:\/\/gentedebasquet.com.ar\/sitio\/wp-content\/uploads\/2014\/04\/102_0537.jpg","contentUrl":"http:\/\/gentedebasquet.com.ar\/sitio\/wp-content\/uploads\/2014\/04\/102_0537.jpg","width":690,"height":319},{"@type":"BreadcrumbList","@id":"http:\/\/gentedebasquet.com.ar\/sitio\/2014\/04\/09\/cuestion-de-actitud\/#breadcrumb","itemListElement":[{"@type":"ListItem","position":1,"name":"Portada","item":"https:\/\/gentedebasquet.com.ar\/sitio\/"},{"@type":"ListItem","position":2,"name":"Cuesti\u00f3n de actitud"}]},{"@type":"WebSite","@id":"https:\/\/gentedebasquet.com.ar\/sitio\/#website","url":"https:\/\/gentedebasquet.com.ar\/sitio\/","name":"Gente de B\u00e1squet","description":"La revista del basquet de Bah\u00eda Blanca","potentialAction":[{"@type":"SearchAction","target":{"@type":"EntryPoint","urlTemplate":"https:\/\/gentedebasquet.com.ar\/sitio\/?s={search_term_string}"},"query-input":{"@type":"PropertyValueSpecification","valueRequired":true,"valueName":"search_term_string"}}],"inLanguage":"es"},{"@type":"Person","@id":"https:\/\/gentedebasquet.com.ar\/sitio\/#\/schema\/person\/ca0b63bbb977369988a7bbbdc519943a","name":"Gente de B\u00e1squet","image":{"@type":"ImageObject","inLanguage":"es","@id":"https:\/\/secure.gravatar.com\/avatar\/7f2c48bdc33b30088f941fb6082e555f2874c98e20cb159d7b92b50eadfce793?s=96&d=mm&r=g","url":"https:\/\/secure.gravatar.com\/avatar\/7f2c48bdc33b30088f941fb6082e555f2874c98e20cb159d7b92b50eadfce793?s=96&d=mm&r=g","contentUrl":"https:\/\/secure.gravatar.com\/avatar\/7f2c48bdc33b30088f941fb6082e555f2874c98e20cb159d7b92b50eadfce793?s=96&d=mm&r=g","caption":"Gente de B\u00e1squet"},"sameAs":["http:\/\/gentedebasquet.com.ar\/sitio"],"url":"http:\/\/gentedebasquet.com.ar\/sitio\/author\/ulises\/"}]}},"_links":{"self":[{"href":"http:\/\/gentedebasquet.com.ar\/sitio\/wp-json\/wp\/v2\/posts\/29247","targetHints":{"allow":["GET"]}}],"collection":[{"href":"http:\/\/gentedebasquet.com.ar\/sitio\/wp-json\/wp\/v2\/posts"}],"about":[{"href":"http:\/\/gentedebasquet.com.ar\/sitio\/wp-json\/wp\/v2\/types\/post"}],"author":[{"embeddable":true,"href":"http:\/\/gentedebasquet.com.ar\/sitio\/wp-json\/wp\/v2\/users\/1"}],"replies":[{"embeddable":true,"href":"http:\/\/gentedebasquet.com.ar\/sitio\/wp-json\/wp\/v2\/comments?post=29247"}],"version-history":[{"count":0,"href":"http:\/\/gentedebasquet.com.ar\/sitio\/wp-json\/wp\/v2\/posts\/29247\/revisions"}],"wp:featuredmedia":[{"embeddable":true,"href":"http:\/\/gentedebasquet.com.ar\/sitio\/wp-json\/wp\/v2\/media\/29255"}],"wp:attachment":[{"href":"http:\/\/gentedebasquet.com.ar\/sitio\/wp-json\/wp\/v2\/media?parent=29247"}],"wp:term":[{"taxonomy":"category","embeddable":true,"href":"http:\/\/gentedebasquet.com.ar\/sitio\/wp-json\/wp\/v2\/categories?post=29247"},{"taxonomy":"post_tag","embeddable":true,"href":"http:\/\/gentedebasquet.com.ar\/sitio\/wp-json\/wp\/v2\/tags?post=29247"}],"curies":[{"name":"wp","href":"https:\/\/api.w.org\/{rel}","templated":true}]}}