{"id":29401,"date":"2014-04-13T00:08:14","date_gmt":"2014-04-13T03:08:14","guid":{"rendered":"http:\/\/www.gentedebasquet.com.ar\/?p=29401"},"modified":"2014-04-13T00:08:14","modified_gmt":"2014-04-13T03:08:14","slug":"de-principio-a-fin-9","status":"publish","type":"post","link":"http:\/\/gentedebasquet.com.ar\/sitio\/2014\/04\/13\/de-principio-a-fin-9\/","title":{"rendered":"De principio a fin"},"content":{"rendered":"<p><strong>Olimpo se impuso como\u00a0hu\u00e9sped\u00a0ante Sportivo Bahiense por 86 a 34, en infantiles. El visitante se llev\u00f3 una clara victoria gracias a Valent\u00edn Betigga (23 y 10 rebotes) y los aportes de Luciano Figueroa \u00a0(8 y 8 rebotes) en defensa y de Agust\u00edn Solomon (9) en la conducci\u00f3n. Por el local se destac\u00f3 Mat\u00edas De Charras con 9 unidades y Facundo Diana con 8.<br \/>\n<\/strong><\/p>\n<p>El encuentro comenz\u00f3 con un doble del local convertido por su base, Matias De Charras, y de ah\u00ed en mas, el aurinegro puso un parcial de 10 a 0 gracias a Valentin Betigga (8 en este cuarto) y un triple de Franco Pallotti, por lo que el DT local se vio obligado a pedir minuto. En la reanudaci\u00f3n, Olimpo sigui\u00f3 dominando el tramite y carg\u00f3 de faltas al base local, De Charras, situaci\u00f3n que afect\u00f3 al juego de Sportivo ya que sum\u00f3 numerosas perdidas en las subidas del bal\u00f3n. La visita supo aprovecharlo y cerr\u00f3 el primer cuarto con un contundente 25-7.<\/p>\n<p>El segundo cuarto fue el mas parejo del partido. Betigga segu\u00eda haciendo de las suyas bajo el aro y ganando todo tipo de rebote ya sea ofensivo o defensivo, y el ingreso de Solom\u00f3n le dio mas verticalidad al ataque de su equipo. Aunque no contaron con el ingreso de Fabricio Canuti (7 en el cuarto), quien clav\u00f3 un triple y 2 dobles para levantar el \u00e1nimo del conjunto tricolor. Para frenar el ataque del local, El DT visitante, Franco Maceratesi orden\u00f3 a sus dirigidos defender 2 contra 1 al que lleva la pelota, estrategia que le dar\u00eda resultado a lo largo del encuentro, dirigi\u00e9ndose al descanso largo 23 puntos arriba: 44 a 21.<\/p>\n<p>En el tercer cuarto, el reingreso del base titular de Sportivo pareci\u00f3 darle vida a su equipo, mediante un parcial de 6-0. Pero Olimpo reaccion\u00f3 con 10 puntos consecutivos de Betigga (no fall\u00f3 en el 3C) y con la defensa de Figueroa y Ruesga y siguiendo con el 2 contra 1 en cada subida del bal\u00f3n por parte del local, dilapidaron toda chance de reacci\u00f3n por parte de Sportivo que termin\u00f3 perdiendo ese cuarto 22 a 8.<\/p>\n<p>El ultimo cuarto no modific\u00f3 en nada la diferencia en el tanteador; por lo que Maceratesi decidi\u00f3 darle minutos a los que menos hab\u00edan jugado y sell\u00f3 una victoria clara, contundente e inobjetable por 86 a 34. El aurinegro mostr\u00f3 que \u00a0tiene equipo para pelear arriba y no piensa distraerse de su objetivo. El local, pese a la derrota, intent\u00f3 jugar un buen b\u00e1squet todo el partido, haciendo rotar la pelota y sabiendo de manera inteligente, desde el vamos, que su rival contaba con m\u00e1s recursos y porte f\u00edsico.<\/p>\n<p>&nbsp;<\/p>\n<p><span style=\"text-decoration: underline;\"><em><strong>S\u00edntesis:<\/strong><\/em><\/span><\/p>\n<p><strong>Sportivo Bahiense:\u00a0<\/strong>Mat\u00edas De Charras 9, Mikael Bilbao 0, Tobias Wainberger\u00a02, Lucas Garcia Arias 2, Joaquin Zuain 3 (FI); Julian Ristoff 0, Fabricio Canuti 7, Luciano Temporelli 0, Nahuel Paingmal 2, \u00a0Juan Cruz De la Mano 1, Facundo Diana 8, Juan Cruz Caravello 0. DT: \u00a0Mario Minervino.<\/p>\n<p><strong>Olimpo:\u00a0<\/strong>Ignacio Cerino 2, Marcos Diel 2, Franco Pallotti 12, Agust\u00edn Astradas 7, Valentin Bettiga 23 (FI); Agust\u00edn Solomon 9, Nicolas Brugniere 9, Luciano Figueroa 8, Fausto Ruesga 12, Lucas Specogna 2. DT: Franco Maceratesi.<\/p>\n<p><strong>Parciales:\u00a0<\/strong>7-25, 21-44(14-16),29-66(8-22) y 34-86(5-20).<\/p>\n<p><strong>\u00c1rbitros: <\/strong>Juan Farroni &#8211; Lucas Andr\u00e9s.<\/p>\n<p><b>Estadio:\u00a0<\/b>Eladio Santos ( Sportivo Bahiense).<\/p>\n<p><a class=\"modalf iframe\" title=\"Planilla\" href=\"https:\/\/docs.google.com\/spreadsheet\/pub?key=0AhWH6MgjN9X5dFZ4aXVBeXFEQkFtdkdLV1p4azlucWc&amp;single=true&amp;gid=0&amp;output=html\" target=\"_blank\" rel=\"noopener\">Ver Planilla<\/a><\/p>\n<p><strong>Fotos:<\/strong> Mauro Giovannini.<\/p>\n<h6 style=\"text-align: center;\">SPORTIVO U15<\/h6>\n<p><a href=\"http:\/\/www.gentedebasquet.com.ar\/wp-content\/uploads\/2014\/04\/Sportivo-U15.jpg\"><img decoding=\"async\" class=\"aligncenter\" alt=\"Sportivo U15\" src=\"http:\/\/www.gentedebasquet.com.ar\/wp-content\/uploads\/2014\/04\/Sportivo-U15.jpg\" width=\"640\" height=\"480\" \/><\/a><\/p>\n<h6 style=\"text-align: center;\">OLIMPO U15<\/h6>\n<p><a href=\"http:\/\/www.gentedebasquet.com.ar\/wp-content\/uploads\/2014\/04\/Olimpo-U15.jpg\"><img decoding=\"async\" class=\"size-full wp-image-29463 aligncenter\" alt=\"Olimpo U15\" src=\"http:\/\/www.gentedebasquet.com.ar\/wp-content\/uploads\/2014\/04\/Olimpo-U15.jpg\" width=\"640\" height=\"480\" srcset=\"http:\/\/gentedebasquet.com.ar\/sitio\/wp-content\/uploads\/2014\/04\/Olimpo-U15.jpg 640w, http:\/\/gentedebasquet.com.ar\/sitio\/wp-content\/uploads\/2014\/04\/Olimpo-U15-300x225.jpg 300w\" sizes=\"(max-width: 640px) 100vw, 640px\" \/><\/a> <a href=\"http:\/\/www.gentedebasquet.com.ar\/wp-content\/uploads\/2014\/04\/Sportivo-U15.jpg\"><br \/>\n<\/a><\/p>\n","protected":false},"excerpt":{"rendered":"<p>En U15, Olimpo venci\u00f3 como visitante a Sportivo Bahiense por 86 a 34<\/p>\n","protected":false},"author":26,"featured_media":29467,"comment_status":"closed","ping_status":"open","sticky":false,"template":"","format":"standard","meta":{"jnews-multi-image_gallery":[],"jnews_single_post":[],"jnews_primary_category":[],"footnotes":""},"categories":[101,27],"tags":[16,20,336],"class_list":["post-29401","post","type-post","status-publish","format-standard","has-post-thumbnail","hentry","category-slide","category-u15","tag-olimpo","tag-sportivo-bahiense","tag-valentin-betigga"],"yoast_head":"<!-- This site is optimized with the Yoast SEO plugin v27.5 - https:\/\/yoast.com\/product\/yoast-seo-wordpress\/ -->\n<title>De principio a fin - Gente de B\u00e1squet<\/title>\n<meta name=\"robots\" content=\"index, follow, max-snippet:-1, max-image-preview:large, max-video-preview:-1\" \/>\n<link rel=\"canonical\" href=\"http:\/\/gentedebasquet.com.ar\/sitio\/2014\/04\/13\/de-principio-a-fin-9\/\" \/>\n<meta property=\"og:locale\" content=\"es_ES\" \/>\n<meta property=\"og:type\" content=\"article\" \/>\n<meta property=\"og:title\" content=\"De principio a fin - Gente de B\u00e1squet\" \/>\n<meta property=\"og:description\" content=\"En U15, Olimpo venci\u00f3 como visitante a Sportivo Bahiense por 86 a 34\" \/>\n<meta property=\"og:url\" content=\"http:\/\/gentedebasquet.com.ar\/sitio\/2014\/04\/13\/de-principio-a-fin-9\/\" \/>\n<meta property=\"og:site_name\" content=\"Gente de B\u00e1squet\" \/>\n<meta property=\"article:published_time\" content=\"2014-04-13T03:08:14+00:00\" \/>\n<meta property=\"og:image\" content=\"http:\/\/gentedebasquet.com.ar\/sitio\/wp-content\/uploads\/2014\/04\/Sportivo-Olimpo-U15.jpg\" \/>\n\t<meta property=\"og:image:width\" content=\"690\" \/>\n\t<meta property=\"og:image:height\" content=\"319\" \/>\n\t<meta property=\"og:image:type\" content=\"image\/jpeg\" \/>\n<meta name=\"author\" content=\"Mat\u00edas Hern\u00e1ndez\" \/>\n<meta name=\"twitter:card\" content=\"summary_large_image\" \/>\n<meta name=\"twitter:label1\" content=\"Escrito por\" \/>\n\t<meta name=\"twitter:data1\" content=\"Mat\u00edas Hern\u00e1ndez\" \/>\n\t<meta name=\"twitter:label2\" content=\"Tiempo de lectura\" \/>\n\t<meta name=\"twitter:data2\" content=\"3 minutos\" \/>\n<script type=\"application\/ld+json\" class=\"yoast-schema-graph\">{\"@context\":\"https:\\\/\\\/schema.org\",\"@graph\":[{\"@type\":\"Article\",\"@id\":\"http:\\\/\\\/gentedebasquet.com.ar\\\/sitio\\\/2014\\\/04\\\/13\\\/de-principio-a-fin-9\\\/#article\",\"isPartOf\":{\"@id\":\"http:\\\/\\\/gentedebasquet.com.ar\\\/sitio\\\/2014\\\/04\\\/13\\\/de-principio-a-fin-9\\\/\"},\"author\":{\"name\":\"Mat\u00edas Hern\u00e1ndez\",\"@id\":\"https:\\\/\\\/gentedebasquet.com.ar\\\/sitio\\\/#\\\/schema\\\/person\\\/265fcb22c0c7d54f6c269319fa2cd31e\"},\"headline\":\"De principio a fin\",\"datePublished\":\"2014-04-13T03:08:14+00:00\",\"mainEntityOfPage\":{\"@id\":\"http:\\\/\\\/gentedebasquet.com.ar\\\/sitio\\\/2014\\\/04\\\/13\\\/de-principio-a-fin-9\\\/\"},\"wordCount\":540,\"image\":{\"@id\":\"http:\\\/\\\/gentedebasquet.com.ar\\\/sitio\\\/2014\\\/04\\\/13\\\/de-principio-a-fin-9\\\/#primaryimage\"},\"thumbnailUrl\":\"http:\\\/\\\/gentedebasquet.com.ar\\\/sitio\\\/wp-content\\\/uploads\\\/2014\\\/04\\\/Sportivo-Olimpo-U15.jpg\",\"keywords\":[\"Ol\u00edmpo\",\"Sportivo Bahiense\",\"Valentin Betigga\"],\"articleSection\":[\"Slide\",\"U15\"],\"inLanguage\":\"es\"},{\"@type\":\"WebPage\",\"@id\":\"http:\\\/\\\/gentedebasquet.com.ar\\\/sitio\\\/2014\\\/04\\\/13\\\/de-principio-a-fin-9\\\/\",\"url\":\"http:\\\/\\\/gentedebasquet.com.ar\\\/sitio\\\/2014\\\/04\\\/13\\\/de-principio-a-fin-9\\\/\",\"name\":\"De principio a fin - Gente de B\u00e1squet\",\"isPartOf\":{\"@id\":\"https:\\\/\\\/gentedebasquet.com.ar\\\/sitio\\\/#website\"},\"primaryImageOfPage\":{\"@id\":\"http:\\\/\\\/gentedebasquet.com.ar\\\/sitio\\\/2014\\\/04\\\/13\\\/de-principio-a-fin-9\\\/#primaryimage\"},\"image\":{\"@id\":\"http:\\\/\\\/gentedebasquet.com.ar\\\/sitio\\\/2014\\\/04\\\/13\\\/de-principio-a-fin-9\\\/#primaryimage\"},\"thumbnailUrl\":\"http:\\\/\\\/gentedebasquet.com.ar\\\/sitio\\\/wp-content\\\/uploads\\\/2014\\\/04\\\/Sportivo-Olimpo-U15.jpg\",\"datePublished\":\"2014-04-13T03:08:14+00:00\",\"author\":{\"@id\":\"https:\\\/\\\/gentedebasquet.com.ar\\\/sitio\\\/#\\\/schema\\\/person\\\/265fcb22c0c7d54f6c269319fa2cd31e\"},\"breadcrumb\":{\"@id\":\"http:\\\/\\\/gentedebasquet.com.ar\\\/sitio\\\/2014\\\/04\\\/13\\\/de-principio-a-fin-9\\\/#breadcrumb\"},\"inLanguage\":\"es\",\"potentialAction\":[{\"@type\":\"ReadAction\",\"target\":[\"http:\\\/\\\/gentedebasquet.com.ar\\\/sitio\\\/2014\\\/04\\\/13\\\/de-principio-a-fin-9\\\/\"]}]},{\"@type\":\"ImageObject\",\"inLanguage\":\"es\",\"@id\":\"http:\\\/\\\/gentedebasquet.com.ar\\\/sitio\\\/2014\\\/04\\\/13\\\/de-principio-a-fin-9\\\/#primaryimage\",\"url\":\"http:\\\/\\\/gentedebasquet.com.ar\\\/sitio\\\/wp-content\\\/uploads\\\/2014\\\/04\\\/Sportivo-Olimpo-U15.jpg\",\"contentUrl\":\"http:\\\/\\\/gentedebasquet.com.ar\\\/sitio\\\/wp-content\\\/uploads\\\/2014\\\/04\\\/Sportivo-Olimpo-U15.jpg\",\"width\":690,\"height\":319},{\"@type\":\"BreadcrumbList\",\"@id\":\"http:\\\/\\\/gentedebasquet.com.ar\\\/sitio\\\/2014\\\/04\\\/13\\\/de-principio-a-fin-9\\\/#breadcrumb\",\"itemListElement\":[{\"@type\":\"ListItem\",\"position\":1,\"name\":\"Portada\",\"item\":\"https:\\\/\\\/gentedebasquet.com.ar\\\/sitio\\\/\"},{\"@type\":\"ListItem\",\"position\":2,\"name\":\"De principio a fin\"}]},{\"@type\":\"WebSite\",\"@id\":\"https:\\\/\\\/gentedebasquet.com.ar\\\/sitio\\\/#website\",\"url\":\"https:\\\/\\\/gentedebasquet.com.ar\\\/sitio\\\/\",\"name\":\"Gente de B\u00e1squet\",\"description\":\"La revista del basquet de Bah\u00eda Blanca\",\"potentialAction\":[{\"@type\":\"SearchAction\",\"target\":{\"@type\":\"EntryPoint\",\"urlTemplate\":\"https:\\\/\\\/gentedebasquet.com.ar\\\/sitio\\\/?s={search_term_string}\"},\"query-input\":{\"@type\":\"PropertyValueSpecification\",\"valueRequired\":true,\"valueName\":\"search_term_string\"}}],\"inLanguage\":\"es\"},{\"@type\":\"Person\",\"@id\":\"https:\\\/\\\/gentedebasquet.com.ar\\\/sitio\\\/#\\\/schema\\\/person\\\/265fcb22c0c7d54f6c269319fa2cd31e\",\"name\":\"Mat\u00edas Hern\u00e1ndez\",\"image\":{\"@type\":\"ImageObject\",\"inLanguage\":\"es\",\"@id\":\"https:\\\/\\\/secure.gravatar.com\\\/avatar\\\/9b206c6552f0ba5b6c4841d32eca597e2f42d72b05b2ce06f52de080e6c88561?s=96&d=mm&r=g\",\"url\":\"https:\\\/\\\/secure.gravatar.com\\\/avatar\\\/9b206c6552f0ba5b6c4841d32eca597e2f42d72b05b2ce06f52de080e6c88561?s=96&d=mm&r=g\",\"contentUrl\":\"https:\\\/\\\/secure.gravatar.com\\\/avatar\\\/9b206c6552f0ba5b6c4841d32eca597e2f42d72b05b2ce06f52de080e6c88561?s=96&d=mm&r=g\",\"caption\":\"Mat\u00edas Hern\u00e1ndez\"},\"url\":\"http:\\\/\\\/gentedebasquet.com.ar\\\/sitio\\\/author\\\/matias-hernandez\\\/\"}]}<\/script>\n<!-- \/ Yoast SEO plugin. -->","yoast_head_json":{"title":"De principio a fin - Gente de B\u00e1squet","robots":{"index":"index","follow":"follow","max-snippet":"max-snippet:-1","max-image-preview":"max-image-preview:large","max-video-preview":"max-video-preview:-1"},"canonical":"http:\/\/gentedebasquet.com.ar\/sitio\/2014\/04\/13\/de-principio-a-fin-9\/","og_locale":"es_ES","og_type":"article","og_title":"De principio a fin - Gente de B\u00e1squet","og_description":"En U15, Olimpo venci\u00f3 como visitante a Sportivo Bahiense por 86 a 34","og_url":"http:\/\/gentedebasquet.com.ar\/sitio\/2014\/04\/13\/de-principio-a-fin-9\/","og_site_name":"Gente de B\u00e1squet","article_published_time":"2014-04-13T03:08:14+00:00","og_image":[{"width":690,"height":319,"url":"http:\/\/gentedebasquet.com.ar\/sitio\/wp-content\/uploads\/2014\/04\/Sportivo-Olimpo-U15.jpg","type":"image\/jpeg"}],"author":"Mat\u00edas Hern\u00e1ndez","twitter_card":"summary_large_image","twitter_misc":{"Escrito por":"Mat\u00edas Hern\u00e1ndez","Tiempo de lectura":"3 minutos"},"schema":{"@context":"https:\/\/schema.org","@graph":[{"@type":"Article","@id":"http:\/\/gentedebasquet.com.ar\/sitio\/2014\/04\/13\/de-principio-a-fin-9\/#article","isPartOf":{"@id":"http:\/\/gentedebasquet.com.ar\/sitio\/2014\/04\/13\/de-principio-a-fin-9\/"},"author":{"name":"Mat\u00edas Hern\u00e1ndez","@id":"https:\/\/gentedebasquet.com.ar\/sitio\/#\/schema\/person\/265fcb22c0c7d54f6c269319fa2cd31e"},"headline":"De principio a fin","datePublished":"2014-04-13T03:08:14+00:00","mainEntityOfPage":{"@id":"http:\/\/gentedebasquet.com.ar\/sitio\/2014\/04\/13\/de-principio-a-fin-9\/"},"wordCount":540,"image":{"@id":"http:\/\/gentedebasquet.com.ar\/sitio\/2014\/04\/13\/de-principio-a-fin-9\/#primaryimage"},"thumbnailUrl":"http:\/\/gentedebasquet.com.ar\/sitio\/wp-content\/uploads\/2014\/04\/Sportivo-Olimpo-U15.jpg","keywords":["Ol\u00edmpo","Sportivo Bahiense","Valentin Betigga"],"articleSection":["Slide","U15"],"inLanguage":"es"},{"@type":"WebPage","@id":"http:\/\/gentedebasquet.com.ar\/sitio\/2014\/04\/13\/de-principio-a-fin-9\/","url":"http:\/\/gentedebasquet.com.ar\/sitio\/2014\/04\/13\/de-principio-a-fin-9\/","name":"De principio a fin - Gente de B\u00e1squet","isPartOf":{"@id":"https:\/\/gentedebasquet.com.ar\/sitio\/#website"},"primaryImageOfPage":{"@id":"http:\/\/gentedebasquet.com.ar\/sitio\/2014\/04\/13\/de-principio-a-fin-9\/#primaryimage"},"image":{"@id":"http:\/\/gentedebasquet.com.ar\/sitio\/2014\/04\/13\/de-principio-a-fin-9\/#primaryimage"},"thumbnailUrl":"http:\/\/gentedebasquet.com.ar\/sitio\/wp-content\/uploads\/2014\/04\/Sportivo-Olimpo-U15.jpg","datePublished":"2014-04-13T03:08:14+00:00","author":{"@id":"https:\/\/gentedebasquet.com.ar\/sitio\/#\/schema\/person\/265fcb22c0c7d54f6c269319fa2cd31e"},"breadcrumb":{"@id":"http:\/\/gentedebasquet.com.ar\/sitio\/2014\/04\/13\/de-principio-a-fin-9\/#breadcrumb"},"inLanguage":"es","potentialAction":[{"@type":"ReadAction","target":["http:\/\/gentedebasquet.com.ar\/sitio\/2014\/04\/13\/de-principio-a-fin-9\/"]}]},{"@type":"ImageObject","inLanguage":"es","@id":"http:\/\/gentedebasquet.com.ar\/sitio\/2014\/04\/13\/de-principio-a-fin-9\/#primaryimage","url":"http:\/\/gentedebasquet.com.ar\/sitio\/wp-content\/uploads\/2014\/04\/Sportivo-Olimpo-U15.jpg","contentUrl":"http:\/\/gentedebasquet.com.ar\/sitio\/wp-content\/uploads\/2014\/04\/Sportivo-Olimpo-U15.jpg","width":690,"height":319},{"@type":"BreadcrumbList","@id":"http:\/\/gentedebasquet.com.ar\/sitio\/2014\/04\/13\/de-principio-a-fin-9\/#breadcrumb","itemListElement":[{"@type":"ListItem","position":1,"name":"Portada","item":"https:\/\/gentedebasquet.com.ar\/sitio\/"},{"@type":"ListItem","position":2,"name":"De principio a fin"}]},{"@type":"WebSite","@id":"https:\/\/gentedebasquet.com.ar\/sitio\/#website","url":"https:\/\/gentedebasquet.com.ar\/sitio\/","name":"Gente de B\u00e1squet","description":"La revista del basquet de Bah\u00eda Blanca","potentialAction":[{"@type":"SearchAction","target":{"@type":"EntryPoint","urlTemplate":"https:\/\/gentedebasquet.com.ar\/sitio\/?s={search_term_string}"},"query-input":{"@type":"PropertyValueSpecification","valueRequired":true,"valueName":"search_term_string"}}],"inLanguage":"es"},{"@type":"Person","@id":"https:\/\/gentedebasquet.com.ar\/sitio\/#\/schema\/person\/265fcb22c0c7d54f6c269319fa2cd31e","name":"Mat\u00edas Hern\u00e1ndez","image":{"@type":"ImageObject","inLanguage":"es","@id":"https:\/\/secure.gravatar.com\/avatar\/9b206c6552f0ba5b6c4841d32eca597e2f42d72b05b2ce06f52de080e6c88561?s=96&d=mm&r=g","url":"https:\/\/secure.gravatar.com\/avatar\/9b206c6552f0ba5b6c4841d32eca597e2f42d72b05b2ce06f52de080e6c88561?s=96&d=mm&r=g","contentUrl":"https:\/\/secure.gravatar.com\/avatar\/9b206c6552f0ba5b6c4841d32eca597e2f42d72b05b2ce06f52de080e6c88561?s=96&d=mm&r=g","caption":"Mat\u00edas Hern\u00e1ndez"},"url":"http:\/\/gentedebasquet.com.ar\/sitio\/author\/matias-hernandez\/"}]}},"_links":{"self":[{"href":"http:\/\/gentedebasquet.com.ar\/sitio\/wp-json\/wp\/v2\/posts\/29401","targetHints":{"allow":["GET"]}}],"collection":[{"href":"http:\/\/gentedebasquet.com.ar\/sitio\/wp-json\/wp\/v2\/posts"}],"about":[{"href":"http:\/\/gentedebasquet.com.ar\/sitio\/wp-json\/wp\/v2\/types\/post"}],"author":[{"embeddable":true,"href":"http:\/\/gentedebasquet.com.ar\/sitio\/wp-json\/wp\/v2\/users\/26"}],"replies":[{"embeddable":true,"href":"http:\/\/gentedebasquet.com.ar\/sitio\/wp-json\/wp\/v2\/comments?post=29401"}],"version-history":[{"count":0,"href":"http:\/\/gentedebasquet.com.ar\/sitio\/wp-json\/wp\/v2\/posts\/29401\/revisions"}],"wp:featuredmedia":[{"embeddable":true,"href":"http:\/\/gentedebasquet.com.ar\/sitio\/wp-json\/wp\/v2\/media\/29467"}],"wp:attachment":[{"href":"http:\/\/gentedebasquet.com.ar\/sitio\/wp-json\/wp\/v2\/media?parent=29401"}],"wp:term":[{"taxonomy":"category","embeddable":true,"href":"http:\/\/gentedebasquet.com.ar\/sitio\/wp-json\/wp\/v2\/categories?post=29401"},{"taxonomy":"post_tag","embeddable":true,"href":"http:\/\/gentedebasquet.com.ar\/sitio\/wp-json\/wp\/v2\/tags?post=29401"}],"curies":[{"name":"wp","href":"https:\/\/api.w.org\/{rel}","templated":true}]}}