{"id":35295,"date":"2014-07-03T01:08:57","date_gmt":"2014-07-03T04:08:57","guid":{"rendered":"http:\/\/www.gentedebasquet.com.ar\/?p=35295"},"modified":"2014-07-03T01:08:57","modified_gmt":"2014-07-03T04:08:57","slug":"franco-a-sus-convicciones","status":"publish","type":"post","link":"http:\/\/gentedebasquet.com.ar\/sitio\/2014\/07\/03\/franco-a-sus-convicciones\/","title":{"rendered":"\u00abFranco\u00bb a sus convicciones"},"content":{"rendered":"<p><b>Bahiense se impuso con contundencia sobre Villa Mitre por 69 a 50 y trep\u00f3 a la cima de la tabla de posiciones, la que la comparten ambos con Liniers en un triple empate. Luciano Fern\u00e1ndez (12 y 5 asistencias) fue el cerebro del elenco ganador, quien cont\u00f3 con un goleo repartido entre Franco Amigo (14 y 7 rebotes), Ramiro Heinrich (11 y 9 rebotes), Andr\u00e9s Barbero (10, 3\/5 T3) y Mat\u00edas Ch\u00e1vez (10). Mientras que Marcelo Berdini (17, 4 triples) y Juan Ignacio G\u00f3mez (10) sobresalieron en el goleo del \u201ctricolor\u201d. <\/b><\/p>\n<p>Bajo la conducci\u00f3n de Fern\u00e1ndez (4), Bahiense demostr\u00f3 mayor solidez en el juego ante un extra\u00f1o elenco local, aunque en marco de ineficacia e imprecisiones (10 p\u00e9rdidas entre ambos). Pineda (5) encontr\u00f3 el rumbo en un equipo que le cost\u00f3 llegar al gol (reci\u00e9n abri\u00f3 el marcador restando 5m43s); pero Heinrich y Amigo (8 entre ambos) tambi\u00e9n hicieron lo propio para continuar con la superioridad que evidenci\u00f3 desde el comienzo.<\/p>\n<p>Un triple de Berdini (9) en el arranque del segundo chico parec\u00eda dictaminar una reacci\u00f3n de Villa Mitre pero la respuesta de Bahiense fue un parcial de 12-3 y mostrando distintas alternativas de anotaci\u00f3n: Fern\u00e1ndez (6), Silva (6) y Heinrich (4). Pero adem\u00e1s Ch\u00e1vez (7) entr\u00f3 muy firme en el funcionamiento del equipo sin evidencias claras de su lesi\u00f3n en el hombro. Y los n\u00fameros fueron determinantes: 10\/12 TC, gan\u00f3 la lucha a\u00e9rea 10-3, reparti\u00f3 bien el bal\u00f3n (5 asistencias) y hasta marc\u00f3 tendencia en los rompimientos del rival (2 tapas). Por el lado del due\u00f1o de casa, la carencia de un l\u00edder ofensivo que acompa\u00f1e a Berdini fue muy notoria y sumado a la floja efectividad (5\/16 TC), fueron demasiadas ventajas ante un rival muy aceitado.<\/p>\n<p>La segunda mitad de juego tal vez fue muy por debajo en cuanto a la calidad de juego. El desarrollo fue muy friccionado y por dem\u00e1s hablado, dentro y fuera de la cancha. Villa Mitre se apoy\u00f3 en el buen trabajo de Berdini (8, 2 triples) en el per\u00edmetro para iniciar el tercer cuarto con una racha de 8-0; sin embargo luego del minuto pedido por Navallo, Bahiense contest\u00f3 con un parcial de 15-4 para tomar la m\u00e1xima (59-35), donde Amigo (7) absorbi\u00f3 juego y Gerhardt (4) aport\u00f3 con un buen pasaje personal. De todas maneras el visitante aguant\u00f3 el cambio de actitud del \u201ctricolor\u201d en medio de un nuevo escenario de muchas flaquezas (11 p\u00e9rdidas y 14 faltas entre ambos).<\/p>\n<p>En el ep\u00edlogo se vio lo m\u00e1s flojo del encuentro. El 10-9 con el que Bahiense termin\u00f3 imponi\u00e9ndose habla por s\u00ed solo; y m\u00e1s si le sumamos el \u00a1\u00a1\u00a16\/32 TC!!! que registraron entre ambos elencos en sus lanzamientos. Para destacar algunos aspectos, G\u00f3mez (5) se mostr\u00f3 agresivo con el aro, Renzi (6 rebotes) fortaleci\u00f3 su propio cristal y Barbero (4) aprovech\u00f3 sus oportunidades; pero estaba m\u00e1s que claro que con la ventaja obtenida por Bahiense, quer\u00edan que el encuentro terminara lo antes posible.<\/p>\n<p>&nbsp;<\/p>\n<p>[vimeo]http:\/\/vimeo.com\/99792932[\/vimeo]<\/p>\n<p>&nbsp;<\/p>\n<p>[vimeo]http:\/\/vimeo.com\/99792933[\/vimeo]<\/p>\n<p>&nbsp;<\/p>\n<p><em><span style=\"text-decoration: underline;\">S\u00edntesis: <\/span><\/em><\/p>\n<p><strong>Villa Mitre 50: <\/strong>Gast\u00f3n Diomedi 2, Sebasti\u00e1n Acosta 7, Nicol\u00e1s Renzi 0, David Pineda 5 y Javier Bollo 4 (F.I.); Herman Banegas 3, Marcelo Berdini 17, Juan Ignacio G\u00f3mez 10 y Santiago Susbielles 0. DT: Ariel Ugolini.<\/p>\n<p><strong>Bahiense 69:<\/strong> Luciano Fern\u00e1ndez 12, Andr\u00e9s Barbero 10, Franco Amigo 14, Ramiro Heinrich 11 y Francisco Filippa 2 (F.I.); Mat\u00edas Ch\u00e1vez 10, Esteban Silva 6, Rodrigo Gerhardt 4 y Juan Ignacio Diomedi 0. DT: Alejandro Navallo.<\/p>\n<p><strong>Parciales: <\/strong>8-17, 23-44 (15-27), 41-59 (18-15) y 50-69 (9-10).<\/p>\n<p><strong>\u00c1rbitros: <\/strong>Jorge Scheffer y Emanuel S\u00e1nchez.<\/p>\n<p><strong>Estadio: <\/strong>\u201cJos\u00e9 Mart\u00ednez\u201d (Villa Mitre)<strong>.\u00a0<\/strong><\/p>\n<p><a class=\"modalf iframe\" title=\"Planilla\" href=\"https:\/\/docs.google.com\/spreadsheets\/d\/1OzrRh3Y2t4cDveHf-AWpJ3GPmd59I0Qq2MtFxhOsSek\/pubhtml\" target=\"_blank\" rel=\"noopener\">Ver Planilla<\/a><\/p>\n","protected":false},"excerpt":{"rendered":"<p>Bahiense super\u00f3 a Villa Mitre 69-50 y ahora ambos son punteros junto a Liniers<\/p>\n","protected":false},"author":1,"featured_media":35297,"comment_status":"closed","ping_status":"open","sticky":false,"template":"","format":"standard","meta":{"jnews-multi-image_gallery":[],"jnews_single_post":[],"jnews_primary_category":[],"footnotes":""},"categories":[23,101],"tags":[287,223,224,321,347,22],"class_list":["post-35295","post","type-post","status-publish","format-standard","has-post-thumbnail","hentry","category-primera","category-slide","tag-bahiense","tag-franco-amigo","tag-luciano-fernandez","tag-marcelo-berdini","tag-matias-chavez","tag-villa-mitre"],"yoast_head":"<!-- This site is optimized with the Yoast SEO plugin v27.5 - https:\/\/yoast.com\/product\/yoast-seo-wordpress\/ -->\n<title>&quot;Franco&quot; a sus convicciones - Gente de B\u00e1squet<\/title>\n<meta name=\"robots\" content=\"index, follow, max-snippet:-1, max-image-preview:large, max-video-preview:-1\" \/>\n<link rel=\"canonical\" href=\"http:\/\/gentedebasquet.com.ar\/sitio\/2014\/07\/03\/franco-a-sus-convicciones\/\" \/>\n<meta property=\"og:locale\" content=\"es_ES\" \/>\n<meta property=\"og:type\" content=\"article\" \/>\n<meta property=\"og:title\" content=\"&quot;Franco&quot; a sus convicciones - Gente de B\u00e1squet\" \/>\n<meta property=\"og:description\" content=\"Bahiense super\u00f3 a Villa Mitre 69-50 y ahora ambos son punteros junto a Liniers\" \/>\n<meta property=\"og:url\" content=\"http:\/\/gentedebasquet.com.ar\/sitio\/2014\/07\/03\/franco-a-sus-convicciones\/\" \/>\n<meta property=\"og:site_name\" content=\"Gente de B\u00e1squet\" \/>\n<meta property=\"article:published_time\" content=\"2014-07-03T04:08:57+00:00\" \/>\n<meta property=\"og:image\" content=\"http:\/\/gentedebasquet.com.ar\/sitio\/wp-content\/uploads\/2014\/07\/DSCF3646.jpg\" \/>\n\t<meta property=\"og:image:width\" content=\"690\" \/>\n\t<meta property=\"og:image:height\" content=\"391\" \/>\n\t<meta property=\"og:image:type\" content=\"image\/jpeg\" \/>\n<meta name=\"author\" content=\"Gente de B\u00e1squet\" \/>\n<meta name=\"twitter:card\" content=\"summary_large_image\" \/>\n<meta name=\"twitter:label1\" content=\"Escrito por\" \/>\n\t<meta name=\"twitter:data1\" content=\"Gente de B\u00e1squet\" \/>\n\t<meta name=\"twitter:label2\" content=\"Tiempo de lectura\" \/>\n\t<meta name=\"twitter:data2\" content=\"3 minutos\" \/>\n<script type=\"application\/ld+json\" class=\"yoast-schema-graph\">{\"@context\":\"https:\\\/\\\/schema.org\",\"@graph\":[{\"@type\":\"Article\",\"@id\":\"http:\\\/\\\/gentedebasquet.com.ar\\\/sitio\\\/2014\\\/07\\\/03\\\/franco-a-sus-convicciones\\\/#article\",\"isPartOf\":{\"@id\":\"http:\\\/\\\/gentedebasquet.com.ar\\\/sitio\\\/2014\\\/07\\\/03\\\/franco-a-sus-convicciones\\\/\"},\"author\":{\"name\":\"Gente de B\u00e1squet\",\"@id\":\"https:\\\/\\\/gentedebasquet.com.ar\\\/sitio\\\/#\\\/schema\\\/person\\\/ca0b63bbb977369988a7bbbdc519943a\"},\"headline\":\"\u00abFranco\u00bb a sus convicciones\",\"datePublished\":\"2014-07-03T04:08:57+00:00\",\"mainEntityOfPage\":{\"@id\":\"http:\\\/\\\/gentedebasquet.com.ar\\\/sitio\\\/2014\\\/07\\\/03\\\/franco-a-sus-convicciones\\\/\"},\"wordCount\":597,\"image\":{\"@id\":\"http:\\\/\\\/gentedebasquet.com.ar\\\/sitio\\\/2014\\\/07\\\/03\\\/franco-a-sus-convicciones\\\/#primaryimage\"},\"thumbnailUrl\":\"http:\\\/\\\/gentedebasquet.com.ar\\\/sitio\\\/wp-content\\\/uploads\\\/2014\\\/07\\\/DSCF3646.jpg\",\"keywords\":[\"Bahiense\",\"Franco Amigo\",\"luciano fernandez\",\"Marcelo Berdini\",\"Mat\u00edas Chavez\",\"Villa Mitre\"],\"articleSection\":[\"Primera\",\"Slide\"],\"inLanguage\":\"es\"},{\"@type\":\"WebPage\",\"@id\":\"http:\\\/\\\/gentedebasquet.com.ar\\\/sitio\\\/2014\\\/07\\\/03\\\/franco-a-sus-convicciones\\\/\",\"url\":\"http:\\\/\\\/gentedebasquet.com.ar\\\/sitio\\\/2014\\\/07\\\/03\\\/franco-a-sus-convicciones\\\/\",\"name\":\"\\\"Franco\\\" a sus convicciones - Gente de B\u00e1squet\",\"isPartOf\":{\"@id\":\"https:\\\/\\\/gentedebasquet.com.ar\\\/sitio\\\/#website\"},\"primaryImageOfPage\":{\"@id\":\"http:\\\/\\\/gentedebasquet.com.ar\\\/sitio\\\/2014\\\/07\\\/03\\\/franco-a-sus-convicciones\\\/#primaryimage\"},\"image\":{\"@id\":\"http:\\\/\\\/gentedebasquet.com.ar\\\/sitio\\\/2014\\\/07\\\/03\\\/franco-a-sus-convicciones\\\/#primaryimage\"},\"thumbnailUrl\":\"http:\\\/\\\/gentedebasquet.com.ar\\\/sitio\\\/wp-content\\\/uploads\\\/2014\\\/07\\\/DSCF3646.jpg\",\"datePublished\":\"2014-07-03T04:08:57+00:00\",\"author\":{\"@id\":\"https:\\\/\\\/gentedebasquet.com.ar\\\/sitio\\\/#\\\/schema\\\/person\\\/ca0b63bbb977369988a7bbbdc519943a\"},\"breadcrumb\":{\"@id\":\"http:\\\/\\\/gentedebasquet.com.ar\\\/sitio\\\/2014\\\/07\\\/03\\\/franco-a-sus-convicciones\\\/#breadcrumb\"},\"inLanguage\":\"es\",\"potentialAction\":[{\"@type\":\"ReadAction\",\"target\":[\"http:\\\/\\\/gentedebasquet.com.ar\\\/sitio\\\/2014\\\/07\\\/03\\\/franco-a-sus-convicciones\\\/\"]}]},{\"@type\":\"ImageObject\",\"inLanguage\":\"es\",\"@id\":\"http:\\\/\\\/gentedebasquet.com.ar\\\/sitio\\\/2014\\\/07\\\/03\\\/franco-a-sus-convicciones\\\/#primaryimage\",\"url\":\"http:\\\/\\\/gentedebasquet.com.ar\\\/sitio\\\/wp-content\\\/uploads\\\/2014\\\/07\\\/DSCF3646.jpg\",\"contentUrl\":\"http:\\\/\\\/gentedebasquet.com.ar\\\/sitio\\\/wp-content\\\/uploads\\\/2014\\\/07\\\/DSCF3646.jpg\",\"width\":690,\"height\":391},{\"@type\":\"BreadcrumbList\",\"@id\":\"http:\\\/\\\/gentedebasquet.com.ar\\\/sitio\\\/2014\\\/07\\\/03\\\/franco-a-sus-convicciones\\\/#breadcrumb\",\"itemListElement\":[{\"@type\":\"ListItem\",\"position\":1,\"name\":\"Portada\",\"item\":\"https:\\\/\\\/gentedebasquet.com.ar\\\/sitio\\\/\"},{\"@type\":\"ListItem\",\"position\":2,\"name\":\"\u00abFranco\u00bb a sus convicciones\"}]},{\"@type\":\"WebSite\",\"@id\":\"https:\\\/\\\/gentedebasquet.com.ar\\\/sitio\\\/#website\",\"url\":\"https:\\\/\\\/gentedebasquet.com.ar\\\/sitio\\\/\",\"name\":\"Gente de B\u00e1squet\",\"description\":\"La revista del basquet de Bah\u00eda Blanca\",\"potentialAction\":[{\"@type\":\"SearchAction\",\"target\":{\"@type\":\"EntryPoint\",\"urlTemplate\":\"https:\\\/\\\/gentedebasquet.com.ar\\\/sitio\\\/?s={search_term_string}\"},\"query-input\":{\"@type\":\"PropertyValueSpecification\",\"valueRequired\":true,\"valueName\":\"search_term_string\"}}],\"inLanguage\":\"es\"},{\"@type\":\"Person\",\"@id\":\"https:\\\/\\\/gentedebasquet.com.ar\\\/sitio\\\/#\\\/schema\\\/person\\\/ca0b63bbb977369988a7bbbdc519943a\",\"name\":\"Gente de B\u00e1squet\",\"image\":{\"@type\":\"ImageObject\",\"inLanguage\":\"es\",\"@id\":\"https:\\\/\\\/secure.gravatar.com\\\/avatar\\\/7f2c48bdc33b30088f941fb6082e555f2874c98e20cb159d7b92b50eadfce793?s=96&d=mm&r=g\",\"url\":\"https:\\\/\\\/secure.gravatar.com\\\/avatar\\\/7f2c48bdc33b30088f941fb6082e555f2874c98e20cb159d7b92b50eadfce793?s=96&d=mm&r=g\",\"contentUrl\":\"https:\\\/\\\/secure.gravatar.com\\\/avatar\\\/7f2c48bdc33b30088f941fb6082e555f2874c98e20cb159d7b92b50eadfce793?s=96&d=mm&r=g\",\"caption\":\"Gente de B\u00e1squet\"},\"sameAs\":[\"http:\\\/\\\/gentedebasquet.com.ar\\\/sitio\"],\"url\":\"http:\\\/\\\/gentedebasquet.com.ar\\\/sitio\\\/author\\\/ulises\\\/\"}]}<\/script>\n<!-- \/ Yoast SEO plugin. -->","yoast_head_json":{"title":"\"Franco\" a sus convicciones - Gente de B\u00e1squet","robots":{"index":"index","follow":"follow","max-snippet":"max-snippet:-1","max-image-preview":"max-image-preview:large","max-video-preview":"max-video-preview:-1"},"canonical":"http:\/\/gentedebasquet.com.ar\/sitio\/2014\/07\/03\/franco-a-sus-convicciones\/","og_locale":"es_ES","og_type":"article","og_title":"\"Franco\" a sus convicciones - Gente de B\u00e1squet","og_description":"Bahiense super\u00f3 a Villa Mitre 69-50 y ahora ambos son punteros junto a Liniers","og_url":"http:\/\/gentedebasquet.com.ar\/sitio\/2014\/07\/03\/franco-a-sus-convicciones\/","og_site_name":"Gente de B\u00e1squet","article_published_time":"2014-07-03T04:08:57+00:00","og_image":[{"width":690,"height":391,"url":"http:\/\/gentedebasquet.com.ar\/sitio\/wp-content\/uploads\/2014\/07\/DSCF3646.jpg","type":"image\/jpeg"}],"author":"Gente de B\u00e1squet","twitter_card":"summary_large_image","twitter_misc":{"Escrito por":"Gente de B\u00e1squet","Tiempo de lectura":"3 minutos"},"schema":{"@context":"https:\/\/schema.org","@graph":[{"@type":"Article","@id":"http:\/\/gentedebasquet.com.ar\/sitio\/2014\/07\/03\/franco-a-sus-convicciones\/#article","isPartOf":{"@id":"http:\/\/gentedebasquet.com.ar\/sitio\/2014\/07\/03\/franco-a-sus-convicciones\/"},"author":{"name":"Gente de B\u00e1squet","@id":"https:\/\/gentedebasquet.com.ar\/sitio\/#\/schema\/person\/ca0b63bbb977369988a7bbbdc519943a"},"headline":"\u00abFranco\u00bb a sus convicciones","datePublished":"2014-07-03T04:08:57+00:00","mainEntityOfPage":{"@id":"http:\/\/gentedebasquet.com.ar\/sitio\/2014\/07\/03\/franco-a-sus-convicciones\/"},"wordCount":597,"image":{"@id":"http:\/\/gentedebasquet.com.ar\/sitio\/2014\/07\/03\/franco-a-sus-convicciones\/#primaryimage"},"thumbnailUrl":"http:\/\/gentedebasquet.com.ar\/sitio\/wp-content\/uploads\/2014\/07\/DSCF3646.jpg","keywords":["Bahiense","Franco Amigo","luciano fernandez","Marcelo Berdini","Mat\u00edas Chavez","Villa Mitre"],"articleSection":["Primera","Slide"],"inLanguage":"es"},{"@type":"WebPage","@id":"http:\/\/gentedebasquet.com.ar\/sitio\/2014\/07\/03\/franco-a-sus-convicciones\/","url":"http:\/\/gentedebasquet.com.ar\/sitio\/2014\/07\/03\/franco-a-sus-convicciones\/","name":"\"Franco\" a sus convicciones - Gente de B\u00e1squet","isPartOf":{"@id":"https:\/\/gentedebasquet.com.ar\/sitio\/#website"},"primaryImageOfPage":{"@id":"http:\/\/gentedebasquet.com.ar\/sitio\/2014\/07\/03\/franco-a-sus-convicciones\/#primaryimage"},"image":{"@id":"http:\/\/gentedebasquet.com.ar\/sitio\/2014\/07\/03\/franco-a-sus-convicciones\/#primaryimage"},"thumbnailUrl":"http:\/\/gentedebasquet.com.ar\/sitio\/wp-content\/uploads\/2014\/07\/DSCF3646.jpg","datePublished":"2014-07-03T04:08:57+00:00","author":{"@id":"https:\/\/gentedebasquet.com.ar\/sitio\/#\/schema\/person\/ca0b63bbb977369988a7bbbdc519943a"},"breadcrumb":{"@id":"http:\/\/gentedebasquet.com.ar\/sitio\/2014\/07\/03\/franco-a-sus-convicciones\/#breadcrumb"},"inLanguage":"es","potentialAction":[{"@type":"ReadAction","target":["http:\/\/gentedebasquet.com.ar\/sitio\/2014\/07\/03\/franco-a-sus-convicciones\/"]}]},{"@type":"ImageObject","inLanguage":"es","@id":"http:\/\/gentedebasquet.com.ar\/sitio\/2014\/07\/03\/franco-a-sus-convicciones\/#primaryimage","url":"http:\/\/gentedebasquet.com.ar\/sitio\/wp-content\/uploads\/2014\/07\/DSCF3646.jpg","contentUrl":"http:\/\/gentedebasquet.com.ar\/sitio\/wp-content\/uploads\/2014\/07\/DSCF3646.jpg","width":690,"height":391},{"@type":"BreadcrumbList","@id":"http:\/\/gentedebasquet.com.ar\/sitio\/2014\/07\/03\/franco-a-sus-convicciones\/#breadcrumb","itemListElement":[{"@type":"ListItem","position":1,"name":"Portada","item":"https:\/\/gentedebasquet.com.ar\/sitio\/"},{"@type":"ListItem","position":2,"name":"\u00abFranco\u00bb a sus convicciones"}]},{"@type":"WebSite","@id":"https:\/\/gentedebasquet.com.ar\/sitio\/#website","url":"https:\/\/gentedebasquet.com.ar\/sitio\/","name":"Gente de B\u00e1squet","description":"La revista del basquet de Bah\u00eda Blanca","potentialAction":[{"@type":"SearchAction","target":{"@type":"EntryPoint","urlTemplate":"https:\/\/gentedebasquet.com.ar\/sitio\/?s={search_term_string}"},"query-input":{"@type":"PropertyValueSpecification","valueRequired":true,"valueName":"search_term_string"}}],"inLanguage":"es"},{"@type":"Person","@id":"https:\/\/gentedebasquet.com.ar\/sitio\/#\/schema\/person\/ca0b63bbb977369988a7bbbdc519943a","name":"Gente de B\u00e1squet","image":{"@type":"ImageObject","inLanguage":"es","@id":"https:\/\/secure.gravatar.com\/avatar\/7f2c48bdc33b30088f941fb6082e555f2874c98e20cb159d7b92b50eadfce793?s=96&d=mm&r=g","url":"https:\/\/secure.gravatar.com\/avatar\/7f2c48bdc33b30088f941fb6082e555f2874c98e20cb159d7b92b50eadfce793?s=96&d=mm&r=g","contentUrl":"https:\/\/secure.gravatar.com\/avatar\/7f2c48bdc33b30088f941fb6082e555f2874c98e20cb159d7b92b50eadfce793?s=96&d=mm&r=g","caption":"Gente de B\u00e1squet"},"sameAs":["http:\/\/gentedebasquet.com.ar\/sitio"],"url":"http:\/\/gentedebasquet.com.ar\/sitio\/author\/ulises\/"}]}},"_links":{"self":[{"href":"http:\/\/gentedebasquet.com.ar\/sitio\/wp-json\/wp\/v2\/posts\/35295","targetHints":{"allow":["GET"]}}],"collection":[{"href":"http:\/\/gentedebasquet.com.ar\/sitio\/wp-json\/wp\/v2\/posts"}],"about":[{"href":"http:\/\/gentedebasquet.com.ar\/sitio\/wp-json\/wp\/v2\/types\/post"}],"author":[{"embeddable":true,"href":"http:\/\/gentedebasquet.com.ar\/sitio\/wp-json\/wp\/v2\/users\/1"}],"replies":[{"embeddable":true,"href":"http:\/\/gentedebasquet.com.ar\/sitio\/wp-json\/wp\/v2\/comments?post=35295"}],"version-history":[{"count":0,"href":"http:\/\/gentedebasquet.com.ar\/sitio\/wp-json\/wp\/v2\/posts\/35295\/revisions"}],"wp:featuredmedia":[{"embeddable":true,"href":"http:\/\/gentedebasquet.com.ar\/sitio\/wp-json\/wp\/v2\/media\/35297"}],"wp:attachment":[{"href":"http:\/\/gentedebasquet.com.ar\/sitio\/wp-json\/wp\/v2\/media?parent=35295"}],"wp:term":[{"taxonomy":"category","embeddable":true,"href":"http:\/\/gentedebasquet.com.ar\/sitio\/wp-json\/wp\/v2\/categories?post=35295"},{"taxonomy":"post_tag","embeddable":true,"href":"http:\/\/gentedebasquet.com.ar\/sitio\/wp-json\/wp\/v2\/tags?post=35295"}],"curies":[{"name":"wp","href":"https:\/\/api.w.org\/{rel}","templated":true}]}}