{"id":35341,"date":"2014-07-03T22:45:20","date_gmt":"2014-07-04T01:45:20","guid":{"rendered":"http:\/\/www.gentedebasquet.com.ar\/?p=35341"},"modified":"2014-07-03T22:45:20","modified_gmt":"2014-07-04T01:45:20","slug":"los-tres-mosqueteros","status":"publish","type":"post","link":"http:\/\/gentedebasquet.com.ar\/sitio\/2014\/07\/03\/los-tres-mosqueteros\/","title":{"rendered":"Los tres mosqueteros"},"content":{"rendered":"<p align=\"LEFT\"><b>Comercial fue m\u00e1s preciso en los momentos claves y le gan\u00f3 a Independiente 78 a 68. Un buen arranque en el segundo cuarto le permiti\u00f3 a Comercial sacar una diferencia que mantuvo durante todo el partido pese a que Independiente lleg\u00f3 a igualar el partido en el tercer cuarto (48-48), los locales fueron m\u00e1s precisos en los momentos importantes y se termin\u00f3 quedando con la victoria. Leonardo La Bella, Amilcar Andreanelli y Mat\u00edas Jaimes\u00a0anotaron\u00a060 de los 78 puntos de su equipo. El goleador de la noche fue La Bella con 21 puntos, mientras que en\u00a0Independiente se destac\u00f3 Juan Pablo Rotta con 19 unidades.<\/b><\/p>\n<p align=\"LEFT\">En el arranque del partido Comercial mostr\u00f3 un gole\u00f3 repartido entre todos los externos y tambi\u00e9n mostr\u00f3 una falencia que la sufri\u00f3 durante todo el partido; el juego interno, Biscaychipy y Maidana no hac\u00edan pie en la pintura pero La Bella (9) fue el conductor del equipo y la principal v\u00eda de gol para que Comercial saque ventaja en un comienzo (9-6). Pero Independiente sac\u00f3 provecho de su juego interno, domin\u00f3 la pintura con Goenaga y Rotta y pas\u00f3 al frente a falta de 5 minutos (13-11). Un minuto pedido por Errazu le bast\u00f3 a Comercial para reaccionar, clav\u00f3 un parcial de 9 a 2 y cerr\u00f3 el primer chico ganando 20 a 15.<\/p>\n<p align=\"LEFT\">En el inicio del segundo cuarto, Comercial mantuvo la misma\u00a0intensidad\u00a0que en el cierre del primer cuarto y con 7 puntos al hilo de\u00a0Jaimes, estir\u00f3 la ventaja a 12 puntos (27-15), Jaimes (13 pts en el segundo cuarto) continu\u00f3 siendo la principal v\u00eda de gol del elenco whitense y a falta de 2:36 Comercial manten\u00eda la ventaja y ganaba 39 a 28. Pero la visita pudo reaccionar, la vuelta al campo de Rotta le permiti\u00f3 ganar la zona pintada y sumado a dos bombazos seguidos de Rotta y Acebedo, estamp\u00f3 un parcial de 10 a 0 y se puso a tiro (39-38). Aunque una jugada de 3 puntos de La Bella sobre el final, le permiti\u00f3 a los locales cerrar el primer tiempo 42 a 38 arriba.<\/p>\n<p align=\"LEFT\">Independiente tuvo un arranque muy impreciso en el tercer cuarto, estuvo m\u00e1s de 3 minutos sin convertir, pero Comercial no pudo sacar tanto provecho de la\u00a0ineficacia\u00a0del rival porque en ese tiempo apenas anot\u00f3 2 dobles. Con el correr de los minutos, el \u201cviola\u201d\u00a0volvi\u00f3 a dominar la pintura con Goenaga y Rotta, adem\u00e1s sacaba ventaja a la hora de bajar rebotes y debido a esto igual\u00f3 las acciones en 48 a falta de 4 minutos. Pero un triple de Jaimes sumado a la eficacia de La Bella en la l\u00ednea de libres (4\/5 en el cuarto) y a algunos aportes de Andreanelli, Comercial retom\u00f3 la ventaja y cerr\u00f3 el cuarto ganando 61 a 55.<\/p>\n<p align=\"LEFT\">En el \u00faltimo cuarto, el que tuvo un comienzo err\u00e1tico fue Comercial porque en apenas 4 minutos solo sum\u00f3 3 puntos, no encontraba v\u00edas de gol y sigui\u00f3 sufriendo la escases de juego interno, debido a esto Independiente se volvi\u00f3 a poner a tiro (62-64 a falta de 5:45). Pero al igual que en todo momento que el viola se le vino, Comercial reaccion\u00f3, una jugada de 3 puntos de La Bella m\u00e1s un doble de Maidana le dieron una ventaja un poco m\u00e1s tranquilizadora al verde (69-62) y sobre el final de juego fue clave el aporte de Andreanelli (9 pts), estuvo muy preciso en la l\u00ednea (5\/6) y le termin\u00f3 dando la victoria a Comercial; 78 a 68.<\/p>\n<p align=\"LEFT\"><span style=\"text-decoration: underline;\"><i><b>S\u00edntesis:<\/b><\/i><\/span><\/p>\n<p align=\"LEFT\"><b>Comercial 78:<\/b>\u00a0Amilcar Andreanelli 19, Leonardo La Bella 21, Mat\u00edas Jaimes 20, Andr\u00e9s Maidana 8, Denis Biscaychipy 9 (FI); Dami\u00e1n Ferreyra 0, Lucas Sanhueza 0, Federico Congos 1.<\/p>\n<p align=\"LEFT\"><b>Independiente 68:\u00a0<\/b>Javier Musumeci 0, Leonel Alemany 17, Walter Acebedo 5, Juan Pablo Rotta 19, Fabian Goenaga 12 (FI); Enzo Rodr\u00edguez 0, Fabio Zangla 10, Fernando Prado 2.<\/p>\n<p align=\"LEFT\"><b>Parciales:<\/b>\u00a020-15, 42-38 (22-23), 61-55 (19-17), 78-68 (17-13).<\/p>\n<p align=\"LEFT\"><b>\u00c1rbitros:<\/b>\u00a0Alejandro Go\u00f1i \u2013 Diego Kessler.<\/p>\n<p align=\"LEFT\"><b>Cancha:<\/b>\u00a0Osvaldo Giorgetti (Comercial).<\/p>\n<p><a class=\"modalf iframe\" title=\"Planilla\" href=\"https:\/\/docs.google.com\/spreadsheets\/d\/1ukr9JRdQtFmyOjT90RZfU73TczNFsO3oRlJsvTR2FR4\/pubhtml\" target=\"_blank\" rel=\"noopener\">Ver Planilla<\/a><\/p>\n","protected":false},"excerpt":{"rendered":"<p>La Bella, Andreanelli y Jaimes fueron claves para la victoria de Comercial: 78 a 68.<\/p>\n","protected":false},"author":1,"featured_media":35342,"comment_status":"closed","ping_status":"open","sticky":false,"template":"","format":"standard","meta":{"jnews-multi-image_gallery":[],"jnews_single_post":[],"jnews_primary_category":[],"footnotes":""},"categories":[23,101],"tags":[7,12,48,38],"class_list":["post-35341","post","type-post","status-publish","format-standard","has-post-thumbnail","hentry","category-primera","category-slide","tag-comercial","tag-independiente","tag-juan-pablo-rotta","tag-leonardo-la-bella"],"yoast_head":"<!-- This site is optimized with the Yoast SEO plugin v27.5 - https:\/\/yoast.com\/product\/yoast-seo-wordpress\/ -->\n<title>Los tres mosqueteros - Gente de B\u00e1squet<\/title>\n<meta name=\"robots\" content=\"index, follow, max-snippet:-1, max-image-preview:large, max-video-preview:-1\" \/>\n<link rel=\"canonical\" href=\"http:\/\/gentedebasquet.com.ar\/sitio\/2014\/07\/03\/los-tres-mosqueteros\/\" \/>\n<meta property=\"og:locale\" content=\"es_ES\" \/>\n<meta property=\"og:type\" content=\"article\" \/>\n<meta property=\"og:title\" content=\"Los tres mosqueteros - Gente de B\u00e1squet\" \/>\n<meta property=\"og:description\" content=\"La Bella, Andreanelli y Jaimes fueron claves para la victoria de Comercial: 78 a 68.\" \/>\n<meta property=\"og:url\" content=\"http:\/\/gentedebasquet.com.ar\/sitio\/2014\/07\/03\/los-tres-mosqueteros\/\" \/>\n<meta property=\"og:site_name\" content=\"Gente de B\u00e1squet\" \/>\n<meta property=\"article:published_time\" content=\"2014-07-04T01:45:20+00:00\" \/>\n<meta property=\"og:image\" content=\"http:\/\/gentedebasquet.com.ar\/sitio\/wp-content\/uploads\/2014\/07\/commm1.png\" \/>\n\t<meta property=\"og:image:width\" content=\"690\" \/>\n\t<meta property=\"og:image:height\" content=\"319\" \/>\n\t<meta property=\"og:image:type\" content=\"image\/png\" \/>\n<meta name=\"author\" content=\"Gente de B\u00e1squet\" \/>\n<meta name=\"twitter:card\" content=\"summary_large_image\" \/>\n<meta name=\"twitter:label1\" content=\"Escrito por\" \/>\n\t<meta name=\"twitter:data1\" content=\"Gente de B\u00e1squet\" \/>\n\t<meta name=\"twitter:label2\" content=\"Tiempo de lectura\" \/>\n\t<meta name=\"twitter:data2\" content=\"3 minutos\" \/>\n<script type=\"application\/ld+json\" class=\"yoast-schema-graph\">{\"@context\":\"https:\\\/\\\/schema.org\",\"@graph\":[{\"@type\":\"Article\",\"@id\":\"http:\\\/\\\/gentedebasquet.com.ar\\\/sitio\\\/2014\\\/07\\\/03\\\/los-tres-mosqueteros\\\/#article\",\"isPartOf\":{\"@id\":\"http:\\\/\\\/gentedebasquet.com.ar\\\/sitio\\\/2014\\\/07\\\/03\\\/los-tres-mosqueteros\\\/\"},\"author\":{\"name\":\"Gente de B\u00e1squet\",\"@id\":\"https:\\\/\\\/gentedebasquet.com.ar\\\/sitio\\\/#\\\/schema\\\/person\\\/ca0b63bbb977369988a7bbbdc519943a\"},\"headline\":\"Los tres mosqueteros\",\"datePublished\":\"2014-07-04T01:45:20+00:00\",\"mainEntityOfPage\":{\"@id\":\"http:\\\/\\\/gentedebasquet.com.ar\\\/sitio\\\/2014\\\/07\\\/03\\\/los-tres-mosqueteros\\\/\"},\"wordCount\":630,\"image\":{\"@id\":\"http:\\\/\\\/gentedebasquet.com.ar\\\/sitio\\\/2014\\\/07\\\/03\\\/los-tres-mosqueteros\\\/#primaryimage\"},\"thumbnailUrl\":\"http:\\\/\\\/gentedebasquet.com.ar\\\/sitio\\\/wp-content\\\/uploads\\\/2014\\\/07\\\/commm1.png\",\"keywords\":[\"Comercial\",\"independiente\",\"Juan Pablo Rotta\",\"Leonardo La Bella\"],\"articleSection\":[\"Primera\",\"Slide\"],\"inLanguage\":\"es\"},{\"@type\":\"WebPage\",\"@id\":\"http:\\\/\\\/gentedebasquet.com.ar\\\/sitio\\\/2014\\\/07\\\/03\\\/los-tres-mosqueteros\\\/\",\"url\":\"http:\\\/\\\/gentedebasquet.com.ar\\\/sitio\\\/2014\\\/07\\\/03\\\/los-tres-mosqueteros\\\/\",\"name\":\"Los tres mosqueteros - Gente de B\u00e1squet\",\"isPartOf\":{\"@id\":\"https:\\\/\\\/gentedebasquet.com.ar\\\/sitio\\\/#website\"},\"primaryImageOfPage\":{\"@id\":\"http:\\\/\\\/gentedebasquet.com.ar\\\/sitio\\\/2014\\\/07\\\/03\\\/los-tres-mosqueteros\\\/#primaryimage\"},\"image\":{\"@id\":\"http:\\\/\\\/gentedebasquet.com.ar\\\/sitio\\\/2014\\\/07\\\/03\\\/los-tres-mosqueteros\\\/#primaryimage\"},\"thumbnailUrl\":\"http:\\\/\\\/gentedebasquet.com.ar\\\/sitio\\\/wp-content\\\/uploads\\\/2014\\\/07\\\/commm1.png\",\"datePublished\":\"2014-07-04T01:45:20+00:00\",\"author\":{\"@id\":\"https:\\\/\\\/gentedebasquet.com.ar\\\/sitio\\\/#\\\/schema\\\/person\\\/ca0b63bbb977369988a7bbbdc519943a\"},\"breadcrumb\":{\"@id\":\"http:\\\/\\\/gentedebasquet.com.ar\\\/sitio\\\/2014\\\/07\\\/03\\\/los-tres-mosqueteros\\\/#breadcrumb\"},\"inLanguage\":\"es\",\"potentialAction\":[{\"@type\":\"ReadAction\",\"target\":[\"http:\\\/\\\/gentedebasquet.com.ar\\\/sitio\\\/2014\\\/07\\\/03\\\/los-tres-mosqueteros\\\/\"]}]},{\"@type\":\"ImageObject\",\"inLanguage\":\"es\",\"@id\":\"http:\\\/\\\/gentedebasquet.com.ar\\\/sitio\\\/2014\\\/07\\\/03\\\/los-tres-mosqueteros\\\/#primaryimage\",\"url\":\"http:\\\/\\\/gentedebasquet.com.ar\\\/sitio\\\/wp-content\\\/uploads\\\/2014\\\/07\\\/commm1.png\",\"contentUrl\":\"http:\\\/\\\/gentedebasquet.com.ar\\\/sitio\\\/wp-content\\\/uploads\\\/2014\\\/07\\\/commm1.png\",\"width\":690,\"height\":319},{\"@type\":\"BreadcrumbList\",\"@id\":\"http:\\\/\\\/gentedebasquet.com.ar\\\/sitio\\\/2014\\\/07\\\/03\\\/los-tres-mosqueteros\\\/#breadcrumb\",\"itemListElement\":[{\"@type\":\"ListItem\",\"position\":1,\"name\":\"Portada\",\"item\":\"https:\\\/\\\/gentedebasquet.com.ar\\\/sitio\\\/\"},{\"@type\":\"ListItem\",\"position\":2,\"name\":\"Los tres mosqueteros\"}]},{\"@type\":\"WebSite\",\"@id\":\"https:\\\/\\\/gentedebasquet.com.ar\\\/sitio\\\/#website\",\"url\":\"https:\\\/\\\/gentedebasquet.com.ar\\\/sitio\\\/\",\"name\":\"Gente de B\u00e1squet\",\"description\":\"La revista del basquet de Bah\u00eda Blanca\",\"potentialAction\":[{\"@type\":\"SearchAction\",\"target\":{\"@type\":\"EntryPoint\",\"urlTemplate\":\"https:\\\/\\\/gentedebasquet.com.ar\\\/sitio\\\/?s={search_term_string}\"},\"query-input\":{\"@type\":\"PropertyValueSpecification\",\"valueRequired\":true,\"valueName\":\"search_term_string\"}}],\"inLanguage\":\"es\"},{\"@type\":\"Person\",\"@id\":\"https:\\\/\\\/gentedebasquet.com.ar\\\/sitio\\\/#\\\/schema\\\/person\\\/ca0b63bbb977369988a7bbbdc519943a\",\"name\":\"Gente de B\u00e1squet\",\"image\":{\"@type\":\"ImageObject\",\"inLanguage\":\"es\",\"@id\":\"https:\\\/\\\/secure.gravatar.com\\\/avatar\\\/7f2c48bdc33b30088f941fb6082e555f2874c98e20cb159d7b92b50eadfce793?s=96&d=mm&r=g\",\"url\":\"https:\\\/\\\/secure.gravatar.com\\\/avatar\\\/7f2c48bdc33b30088f941fb6082e555f2874c98e20cb159d7b92b50eadfce793?s=96&d=mm&r=g\",\"contentUrl\":\"https:\\\/\\\/secure.gravatar.com\\\/avatar\\\/7f2c48bdc33b30088f941fb6082e555f2874c98e20cb159d7b92b50eadfce793?s=96&d=mm&r=g\",\"caption\":\"Gente de B\u00e1squet\"},\"sameAs\":[\"http:\\\/\\\/gentedebasquet.com.ar\\\/sitio\"],\"url\":\"http:\\\/\\\/gentedebasquet.com.ar\\\/sitio\\\/author\\\/ulises\\\/\"}]}<\/script>\n<!-- \/ Yoast SEO plugin. -->","yoast_head_json":{"title":"Los tres mosqueteros - Gente de B\u00e1squet","robots":{"index":"index","follow":"follow","max-snippet":"max-snippet:-1","max-image-preview":"max-image-preview:large","max-video-preview":"max-video-preview:-1"},"canonical":"http:\/\/gentedebasquet.com.ar\/sitio\/2014\/07\/03\/los-tres-mosqueteros\/","og_locale":"es_ES","og_type":"article","og_title":"Los tres mosqueteros - Gente de B\u00e1squet","og_description":"La Bella, Andreanelli y Jaimes fueron claves para la victoria de Comercial: 78 a 68.","og_url":"http:\/\/gentedebasquet.com.ar\/sitio\/2014\/07\/03\/los-tres-mosqueteros\/","og_site_name":"Gente de B\u00e1squet","article_published_time":"2014-07-04T01:45:20+00:00","og_image":[{"width":690,"height":319,"url":"http:\/\/gentedebasquet.com.ar\/sitio\/wp-content\/uploads\/2014\/07\/commm1.png","type":"image\/png"}],"author":"Gente de B\u00e1squet","twitter_card":"summary_large_image","twitter_misc":{"Escrito por":"Gente de B\u00e1squet","Tiempo de lectura":"3 minutos"},"schema":{"@context":"https:\/\/schema.org","@graph":[{"@type":"Article","@id":"http:\/\/gentedebasquet.com.ar\/sitio\/2014\/07\/03\/los-tres-mosqueteros\/#article","isPartOf":{"@id":"http:\/\/gentedebasquet.com.ar\/sitio\/2014\/07\/03\/los-tres-mosqueteros\/"},"author":{"name":"Gente de B\u00e1squet","@id":"https:\/\/gentedebasquet.com.ar\/sitio\/#\/schema\/person\/ca0b63bbb977369988a7bbbdc519943a"},"headline":"Los tres mosqueteros","datePublished":"2014-07-04T01:45:20+00:00","mainEntityOfPage":{"@id":"http:\/\/gentedebasquet.com.ar\/sitio\/2014\/07\/03\/los-tres-mosqueteros\/"},"wordCount":630,"image":{"@id":"http:\/\/gentedebasquet.com.ar\/sitio\/2014\/07\/03\/los-tres-mosqueteros\/#primaryimage"},"thumbnailUrl":"http:\/\/gentedebasquet.com.ar\/sitio\/wp-content\/uploads\/2014\/07\/commm1.png","keywords":["Comercial","independiente","Juan Pablo Rotta","Leonardo La Bella"],"articleSection":["Primera","Slide"],"inLanguage":"es"},{"@type":"WebPage","@id":"http:\/\/gentedebasquet.com.ar\/sitio\/2014\/07\/03\/los-tres-mosqueteros\/","url":"http:\/\/gentedebasquet.com.ar\/sitio\/2014\/07\/03\/los-tres-mosqueteros\/","name":"Los tres mosqueteros - Gente de B\u00e1squet","isPartOf":{"@id":"https:\/\/gentedebasquet.com.ar\/sitio\/#website"},"primaryImageOfPage":{"@id":"http:\/\/gentedebasquet.com.ar\/sitio\/2014\/07\/03\/los-tres-mosqueteros\/#primaryimage"},"image":{"@id":"http:\/\/gentedebasquet.com.ar\/sitio\/2014\/07\/03\/los-tres-mosqueteros\/#primaryimage"},"thumbnailUrl":"http:\/\/gentedebasquet.com.ar\/sitio\/wp-content\/uploads\/2014\/07\/commm1.png","datePublished":"2014-07-04T01:45:20+00:00","author":{"@id":"https:\/\/gentedebasquet.com.ar\/sitio\/#\/schema\/person\/ca0b63bbb977369988a7bbbdc519943a"},"breadcrumb":{"@id":"http:\/\/gentedebasquet.com.ar\/sitio\/2014\/07\/03\/los-tres-mosqueteros\/#breadcrumb"},"inLanguage":"es","potentialAction":[{"@type":"ReadAction","target":["http:\/\/gentedebasquet.com.ar\/sitio\/2014\/07\/03\/los-tres-mosqueteros\/"]}]},{"@type":"ImageObject","inLanguage":"es","@id":"http:\/\/gentedebasquet.com.ar\/sitio\/2014\/07\/03\/los-tres-mosqueteros\/#primaryimage","url":"http:\/\/gentedebasquet.com.ar\/sitio\/wp-content\/uploads\/2014\/07\/commm1.png","contentUrl":"http:\/\/gentedebasquet.com.ar\/sitio\/wp-content\/uploads\/2014\/07\/commm1.png","width":690,"height":319},{"@type":"BreadcrumbList","@id":"http:\/\/gentedebasquet.com.ar\/sitio\/2014\/07\/03\/los-tres-mosqueteros\/#breadcrumb","itemListElement":[{"@type":"ListItem","position":1,"name":"Portada","item":"https:\/\/gentedebasquet.com.ar\/sitio\/"},{"@type":"ListItem","position":2,"name":"Los tres mosqueteros"}]},{"@type":"WebSite","@id":"https:\/\/gentedebasquet.com.ar\/sitio\/#website","url":"https:\/\/gentedebasquet.com.ar\/sitio\/","name":"Gente de B\u00e1squet","description":"La revista del basquet de Bah\u00eda Blanca","potentialAction":[{"@type":"SearchAction","target":{"@type":"EntryPoint","urlTemplate":"https:\/\/gentedebasquet.com.ar\/sitio\/?s={search_term_string}"},"query-input":{"@type":"PropertyValueSpecification","valueRequired":true,"valueName":"search_term_string"}}],"inLanguage":"es"},{"@type":"Person","@id":"https:\/\/gentedebasquet.com.ar\/sitio\/#\/schema\/person\/ca0b63bbb977369988a7bbbdc519943a","name":"Gente de B\u00e1squet","image":{"@type":"ImageObject","inLanguage":"es","@id":"https:\/\/secure.gravatar.com\/avatar\/7f2c48bdc33b30088f941fb6082e555f2874c98e20cb159d7b92b50eadfce793?s=96&d=mm&r=g","url":"https:\/\/secure.gravatar.com\/avatar\/7f2c48bdc33b30088f941fb6082e555f2874c98e20cb159d7b92b50eadfce793?s=96&d=mm&r=g","contentUrl":"https:\/\/secure.gravatar.com\/avatar\/7f2c48bdc33b30088f941fb6082e555f2874c98e20cb159d7b92b50eadfce793?s=96&d=mm&r=g","caption":"Gente de B\u00e1squet"},"sameAs":["http:\/\/gentedebasquet.com.ar\/sitio"],"url":"http:\/\/gentedebasquet.com.ar\/sitio\/author\/ulises\/"}]}},"_links":{"self":[{"href":"http:\/\/gentedebasquet.com.ar\/sitio\/wp-json\/wp\/v2\/posts\/35341","targetHints":{"allow":["GET"]}}],"collection":[{"href":"http:\/\/gentedebasquet.com.ar\/sitio\/wp-json\/wp\/v2\/posts"}],"about":[{"href":"http:\/\/gentedebasquet.com.ar\/sitio\/wp-json\/wp\/v2\/types\/post"}],"author":[{"embeddable":true,"href":"http:\/\/gentedebasquet.com.ar\/sitio\/wp-json\/wp\/v2\/users\/1"}],"replies":[{"embeddable":true,"href":"http:\/\/gentedebasquet.com.ar\/sitio\/wp-json\/wp\/v2\/comments?post=35341"}],"version-history":[{"count":0,"href":"http:\/\/gentedebasquet.com.ar\/sitio\/wp-json\/wp\/v2\/posts\/35341\/revisions"}],"wp:featuredmedia":[{"embeddable":true,"href":"http:\/\/gentedebasquet.com.ar\/sitio\/wp-json\/wp\/v2\/media\/35342"}],"wp:attachment":[{"href":"http:\/\/gentedebasquet.com.ar\/sitio\/wp-json\/wp\/v2\/media?parent=35341"}],"wp:term":[{"taxonomy":"category","embeddable":true,"href":"http:\/\/gentedebasquet.com.ar\/sitio\/wp-json\/wp\/v2\/categories?post=35341"},{"taxonomy":"post_tag","embeddable":true,"href":"http:\/\/gentedebasquet.com.ar\/sitio\/wp-json\/wp\/v2\/tags?post=35341"}],"curies":[{"name":"wp","href":"https:\/\/api.w.org\/{rel}","templated":true}]}}