{"id":35597,"date":"2014-07-12T01:57:12","date_gmt":"2014-07-12T04:57:12","guid":{"rendered":"http:\/\/www.gentedebasquet.com.ar\/?p=35597"},"modified":"2014-07-12T01:57:12","modified_gmt":"2014-07-12T04:57:12","slug":"alem-saco-un-partido-de-las-brasas","status":"publish","type":"post","link":"http:\/\/gentedebasquet.com.ar\/sitio\/2014\/07\/12\/alem-saco-un-partido-de-las-brasas\/","title":{"rendered":"Alem sac\u00f3 un partido de las brasas"},"content":{"rendered":"<p><b>Alem venci\u00f3 ag\u00f3nicamente 76-75 a Argentino y se puso 2-0 arriba en las finales. El partido termin\u00f3 con pol\u00e9mica luego de que Eduardo Ferreyra cobrara una falta dudosa contra Agust\u00edn Amore (28 pts \u2013 18 reb) en los segundos finales. Ya sin tiempo en el reloj, el interno factur\u00f3 desde la l\u00ednea y as\u00ed le dio el triunfo a su equipo. Adem\u00e1s del ex Estudiantes, hubo buenas actuaciones\u00a0 de Dami\u00e1n Foulkes (18 pts \u2013 5\/7 T2) \u00a0y Walter Gigena (10 pts \u2013 3\/4 T2). Por el lado Celeste se destacaron Juan Ignacio Reiner (15 pts \u2013 7\/8 TL), Mart\u00edn Faelis (13 pts \u2013 6\/9 T2) y Ramiro Garayzar (10 pts \u2013 2\/3 T3).<\/b><\/p>\n<p>Obligado por el resultado del primer partido y por ser local, Argentino tom\u00f3 la posta en el comienzo del encuentro. El Celeste rot\u00f3 bien la bola y encontr\u00f3 puntos en sus cinco componentes iniciales. Los triples de Aceituno, Reiner y Sacomani y el juego interno de Massa (6) y Faelis (4) dejaron al local ocho puntos arriba (20-12). Alem contest\u00f3 de la mano de Gigena (5) y Foulkes (5). El cierre lo encontr\u00f3 mejor parado al visitante y gracias a un parcial de 5-0, que culmin\u00f3 con una bomba de Miguel, se puso a tiro en el marcador. Al primer descanso se fue arriba Argentino 20-17.<\/p>\n<p>El segundo cuarto fue todo del local. Nuevamente, al igual que en el primer partido, el ingreso de Garayzar (10 pts) le dio explosi\u00f3n al ataque de Argentino. El local pudo correr bien la cancha, los tiros externos se convirtieron en soluciones en ataque (4\/6 T3) y adem\u00e1s ajust\u00f3 la defensa. Al Verdirrojo por primera vez en la serie se lo vio incomodo en cancha. Aparecieron los errores en ataque (5 perdidas) y solo se mantuvo con los aportes de Amore (5) y Tachetti (4). Argentino se llev\u00f3 el cuarto 23-14 y as\u00ed se fue al descanso m\u00e1s largo 43-31 arriba.<\/p>\n<p>Ya en el tercer segmento, Alem sali\u00f3 decidido a cambiar su imagen. Apost\u00f3 por ajustar su defensa\u00a0 y tranquilizarse en ataque para tomar buenas decisiones. Foulkes (10) fue el que encabez\u00f3 la levantada siendo incisivo. Con el correr de los minutos Amore (8 pts \u2013 7 reb) tambi\u00e9n fue determinante y as\u00ed el Verdirrojo paso al frente en el resultado (51-53) con 50s en el reloj. Argentino por su parte se excedi\u00f3 con el tiro de tres puntos (0\/7) y sus internos no pudieron gravitar en la pintura porque les llego muy poco la pelota. Los puntos desde la l\u00ednea de Reiner (4) fueron lo m\u00e1s destacable de Argentino. Al \u00faltimo descanso se fueron igualados 53.<\/p>\n<p>Aprovechando las idas a la l\u00ednea de libres (7\/7 TL) y gracias a la aparici\u00f3n desde el banco de Antonelli (7), Argentino se distanci\u00f3 en el resultado nuevamente (71-62) con 4m32s por jugar. Sin embargo, el visitante reaccion\u00f3 otra vez. Amore se hizo eje de los ataques (15 pts) y con un pasaje de 8-0 Alem qued\u00f3 abajo solamente por la m\u00ednima (71-70) con 2m10 en el reloj. Cuando la pelota m\u00e1s pes\u00f3 en ofensiva, Faelis (9) fue quien tom\u00f3 las decisiones m\u00e1s importantes en el local y lo dejo arriba 75-74 con 44s por jugar. A la \u00faltima jugada la tuvo el conjunto de Loffredo. Con aproximadamente 16s en el reloj Tachetti fue hacia adentro, tir\u00f3 forzado y Amore captur\u00f3 el rebote. All\u00ed, cuando el interno quiere elevarse para tirar al aro, Ferreyra observ\u00f3 una dudosa falta de Nu\u00f1ez. Esto desat\u00f3 el enojo de Juan Garayzar y de toda la gente de Argentino. Sin tiempo en el reloj, Amore debi\u00f3 ejecutar los dos lanzamientos libres y los anot\u00f3 para darle la victoria y un nuevo punto a su equipo. Alem podr\u00e1 definir todo el pr\u00f3ximo martes en su casa.<\/p>\n<p>&nbsp;<\/p>\n<p>[vimeo]http:\/\/vimeo.com\/100562619[\/vimeo]<\/p>\n<p>&nbsp;<\/p>\n<p><b><i><span style=\"text-decoration: underline;\">S\u00edntesis<\/span><\/i><\/b><\/p>\n<p><b>Argentino 75:\u00a0<\/b>Juan Ignacio Reiner 15, Bruno Sacomani 8, Bruno Aceituno 5, Mart\u00edn Faelis 13 (x), C\u00e9sar Massa 9 <b>(FI).<\/b> Ramiro Garayzar 10, Sebasti\u00e1n Susbielles 4, Mariano Nu\u00f1ez 4, Nicol\u00e1s Antonelli 7. <b>DT:<\/b> Juan Garayzar.<\/p>\n<p><b>Alem 76:\u00a0<\/b>Gonzalo Etchepare 5, Mart\u00edn Miguel 5, Walter Gigena 10, Dami\u00e1n Foulkes 18, Agust\u00edn Amore 28 <b>(FI).<\/b> Sebasti\u00e1n Tacchetti 8, Emiliano Calzetti 0, Sebasti\u00e1n Zappacosta 2, Augusto Priore 0. <b>DT:<\/b> Miguel Loffredo.<\/p>\n<p><b>Parciales:\u00a0<\/b>20-17, 43-31 (23-14), 53-53 (10-22), 75-76 (22-23).<\/p>\n<p><b>\u00c1rbitros:<\/b>\u00a0Alejandro Ramallo, Eduardo Ferreyra, Marjorie Stuardo<\/p>\n<p><b>Estadio:\u00a0<\/b>Ardubilio Severini (Argentino).<\/p>\n<p><a class=\"modalf iframe\" title=\"Planilla\" href=\"https:\/\/docs.google.com\/spreadsheets\/d\/1JzBffBMhm_MSW5SLagEcmUR9ecrs6Jn4nDdRDZbbBKA\/pubhtml\" target=\"_blank\" rel=\"noopener\">Ver Planilla<\/a><\/p>\n<p><strong>Foto:<\/strong>\u00a0Yoyi Dilernia<\/p>\n","protected":false},"excerpt":{"rendered":"<p>Con un final pol\u00e9mico, venci\u00f3 76-75 a Argentino y  est\u00e1 arriba 2-0 en las finales.<\/p>\n","protected":false},"author":1,"featured_media":35598,"comment_status":"closed","ping_status":"open","sticky":false,"template":"","format":"standard","meta":{"jnews-multi-image_gallery":[],"jnews_single_post":[],"jnews_primary_category":[],"footnotes":""},"categories":[25,101],"tags":[201,3,4,657,212,827],"class_list":["post-35597","post","type-post","status-publish","format-standard","has-post-thumbnail","hentry","category-segunda","category-slide","tag-agustin-amore","tag-alem","tag-argentino","tag-damian-foulkes","tag-juan-ignacio-reiner","tag-martin-faelis"],"yoast_head":"<!-- This site is optimized with the Yoast SEO plugin v27.5 - https:\/\/yoast.com\/product\/yoast-seo-wordpress\/ -->\n<title>Alem sac\u00f3 un partido de las brasas - Gente de B\u00e1squet<\/title>\n<meta name=\"robots\" content=\"index, follow, max-snippet:-1, max-image-preview:large, max-video-preview:-1\" \/>\n<link rel=\"canonical\" href=\"http:\/\/gentedebasquet.com.ar\/sitio\/2014\/07\/12\/alem-saco-un-partido-de-las-brasas\/\" \/>\n<meta property=\"og:locale\" content=\"es_ES\" \/>\n<meta property=\"og:type\" content=\"article\" \/>\n<meta property=\"og:title\" content=\"Alem sac\u00f3 un partido de las brasas - Gente de B\u00e1squet\" \/>\n<meta property=\"og:description\" content=\"Con un final pol\u00e9mico, venci\u00f3 76-75 a Argentino y est\u00e1 arriba 2-0 en las finales.\" \/>\n<meta property=\"og:url\" content=\"http:\/\/gentedebasquet.com.ar\/sitio\/2014\/07\/12\/alem-saco-un-partido-de-las-brasas\/\" \/>\n<meta property=\"og:site_name\" content=\"Gente de B\u00e1squet\" \/>\n<meta property=\"article:published_time\" content=\"2014-07-12T04:57:12+00:00\" \/>\n<meta property=\"og:image\" content=\"http:\/\/gentedebasquet.com.ar\/sitio\/wp-content\/uploads\/2014\/07\/Amore.jpg\" \/>\n\t<meta property=\"og:image:width\" content=\"690\" \/>\n\t<meta property=\"og:image:height\" content=\"319\" \/>\n\t<meta property=\"og:image:type\" content=\"image\/jpeg\" \/>\n<meta name=\"author\" content=\"Gente de B\u00e1squet\" \/>\n<meta name=\"twitter:card\" content=\"summary_large_image\" \/>\n<meta name=\"twitter:label1\" content=\"Escrito por\" \/>\n\t<meta name=\"twitter:data1\" content=\"Gente de B\u00e1squet\" \/>\n\t<meta name=\"twitter:label2\" content=\"Tiempo de lectura\" \/>\n\t<meta name=\"twitter:data2\" content=\"4 minutos\" \/>\n<script type=\"application\/ld+json\" class=\"yoast-schema-graph\">{\"@context\":\"https:\\\/\\\/schema.org\",\"@graph\":[{\"@type\":\"Article\",\"@id\":\"http:\\\/\\\/gentedebasquet.com.ar\\\/sitio\\\/2014\\\/07\\\/12\\\/alem-saco-un-partido-de-las-brasas\\\/#article\",\"isPartOf\":{\"@id\":\"http:\\\/\\\/gentedebasquet.com.ar\\\/sitio\\\/2014\\\/07\\\/12\\\/alem-saco-un-partido-de-las-brasas\\\/\"},\"author\":{\"name\":\"Gente de B\u00e1squet\",\"@id\":\"https:\\\/\\\/gentedebasquet.com.ar\\\/sitio\\\/#\\\/schema\\\/person\\\/ca0b63bbb977369988a7bbbdc519943a\"},\"headline\":\"Alem sac\u00f3 un partido de las brasas\",\"datePublished\":\"2014-07-12T04:57:12+00:00\",\"mainEntityOfPage\":{\"@id\":\"http:\\\/\\\/gentedebasquet.com.ar\\\/sitio\\\/2014\\\/07\\\/12\\\/alem-saco-un-partido-de-las-brasas\\\/\"},\"wordCount\":707,\"image\":{\"@id\":\"http:\\\/\\\/gentedebasquet.com.ar\\\/sitio\\\/2014\\\/07\\\/12\\\/alem-saco-un-partido-de-las-brasas\\\/#primaryimage\"},\"thumbnailUrl\":\"http:\\\/\\\/gentedebasquet.com.ar\\\/sitio\\\/wp-content\\\/uploads\\\/2014\\\/07\\\/Amore.jpg\",\"keywords\":[\"Agust\u00edn Amore\",\"Alem\",\"Argentino\",\"Dami\u00e1n Foulkes\",\"Juan Ignacio Reiner\",\"Martin Faelis\"],\"articleSection\":[\"Segunda\",\"Slide\"],\"inLanguage\":\"es\"},{\"@type\":\"WebPage\",\"@id\":\"http:\\\/\\\/gentedebasquet.com.ar\\\/sitio\\\/2014\\\/07\\\/12\\\/alem-saco-un-partido-de-las-brasas\\\/\",\"url\":\"http:\\\/\\\/gentedebasquet.com.ar\\\/sitio\\\/2014\\\/07\\\/12\\\/alem-saco-un-partido-de-las-brasas\\\/\",\"name\":\"Alem sac\u00f3 un partido de las brasas - Gente de B\u00e1squet\",\"isPartOf\":{\"@id\":\"https:\\\/\\\/gentedebasquet.com.ar\\\/sitio\\\/#website\"},\"primaryImageOfPage\":{\"@id\":\"http:\\\/\\\/gentedebasquet.com.ar\\\/sitio\\\/2014\\\/07\\\/12\\\/alem-saco-un-partido-de-las-brasas\\\/#primaryimage\"},\"image\":{\"@id\":\"http:\\\/\\\/gentedebasquet.com.ar\\\/sitio\\\/2014\\\/07\\\/12\\\/alem-saco-un-partido-de-las-brasas\\\/#primaryimage\"},\"thumbnailUrl\":\"http:\\\/\\\/gentedebasquet.com.ar\\\/sitio\\\/wp-content\\\/uploads\\\/2014\\\/07\\\/Amore.jpg\",\"datePublished\":\"2014-07-12T04:57:12+00:00\",\"author\":{\"@id\":\"https:\\\/\\\/gentedebasquet.com.ar\\\/sitio\\\/#\\\/schema\\\/person\\\/ca0b63bbb977369988a7bbbdc519943a\"},\"breadcrumb\":{\"@id\":\"http:\\\/\\\/gentedebasquet.com.ar\\\/sitio\\\/2014\\\/07\\\/12\\\/alem-saco-un-partido-de-las-brasas\\\/#breadcrumb\"},\"inLanguage\":\"es\",\"potentialAction\":[{\"@type\":\"ReadAction\",\"target\":[\"http:\\\/\\\/gentedebasquet.com.ar\\\/sitio\\\/2014\\\/07\\\/12\\\/alem-saco-un-partido-de-las-brasas\\\/\"]}]},{\"@type\":\"ImageObject\",\"inLanguage\":\"es\",\"@id\":\"http:\\\/\\\/gentedebasquet.com.ar\\\/sitio\\\/2014\\\/07\\\/12\\\/alem-saco-un-partido-de-las-brasas\\\/#primaryimage\",\"url\":\"http:\\\/\\\/gentedebasquet.com.ar\\\/sitio\\\/wp-content\\\/uploads\\\/2014\\\/07\\\/Amore.jpg\",\"contentUrl\":\"http:\\\/\\\/gentedebasquet.com.ar\\\/sitio\\\/wp-content\\\/uploads\\\/2014\\\/07\\\/Amore.jpg\",\"width\":690,\"height\":319},{\"@type\":\"BreadcrumbList\",\"@id\":\"http:\\\/\\\/gentedebasquet.com.ar\\\/sitio\\\/2014\\\/07\\\/12\\\/alem-saco-un-partido-de-las-brasas\\\/#breadcrumb\",\"itemListElement\":[{\"@type\":\"ListItem\",\"position\":1,\"name\":\"Portada\",\"item\":\"https:\\\/\\\/gentedebasquet.com.ar\\\/sitio\\\/\"},{\"@type\":\"ListItem\",\"position\":2,\"name\":\"Alem sac\u00f3 un partido de las brasas\"}]},{\"@type\":\"WebSite\",\"@id\":\"https:\\\/\\\/gentedebasquet.com.ar\\\/sitio\\\/#website\",\"url\":\"https:\\\/\\\/gentedebasquet.com.ar\\\/sitio\\\/\",\"name\":\"Gente de B\u00e1squet\",\"description\":\"La revista del basquet de Bah\u00eda Blanca\",\"potentialAction\":[{\"@type\":\"SearchAction\",\"target\":{\"@type\":\"EntryPoint\",\"urlTemplate\":\"https:\\\/\\\/gentedebasquet.com.ar\\\/sitio\\\/?s={search_term_string}\"},\"query-input\":{\"@type\":\"PropertyValueSpecification\",\"valueRequired\":true,\"valueName\":\"search_term_string\"}}],\"inLanguage\":\"es\"},{\"@type\":\"Person\",\"@id\":\"https:\\\/\\\/gentedebasquet.com.ar\\\/sitio\\\/#\\\/schema\\\/person\\\/ca0b63bbb977369988a7bbbdc519943a\",\"name\":\"Gente de B\u00e1squet\",\"image\":{\"@type\":\"ImageObject\",\"inLanguage\":\"es\",\"@id\":\"https:\\\/\\\/secure.gravatar.com\\\/avatar\\\/7f2c48bdc33b30088f941fb6082e555f2874c98e20cb159d7b92b50eadfce793?s=96&d=mm&r=g\",\"url\":\"https:\\\/\\\/secure.gravatar.com\\\/avatar\\\/7f2c48bdc33b30088f941fb6082e555f2874c98e20cb159d7b92b50eadfce793?s=96&d=mm&r=g\",\"contentUrl\":\"https:\\\/\\\/secure.gravatar.com\\\/avatar\\\/7f2c48bdc33b30088f941fb6082e555f2874c98e20cb159d7b92b50eadfce793?s=96&d=mm&r=g\",\"caption\":\"Gente de B\u00e1squet\"},\"sameAs\":[\"http:\\\/\\\/gentedebasquet.com.ar\\\/sitio\"],\"url\":\"http:\\\/\\\/gentedebasquet.com.ar\\\/sitio\\\/author\\\/ulises\\\/\"}]}<\/script>\n<!-- \/ Yoast SEO plugin. -->","yoast_head_json":{"title":"Alem sac\u00f3 un partido de las brasas - Gente de B\u00e1squet","robots":{"index":"index","follow":"follow","max-snippet":"max-snippet:-1","max-image-preview":"max-image-preview:large","max-video-preview":"max-video-preview:-1"},"canonical":"http:\/\/gentedebasquet.com.ar\/sitio\/2014\/07\/12\/alem-saco-un-partido-de-las-brasas\/","og_locale":"es_ES","og_type":"article","og_title":"Alem sac\u00f3 un partido de las brasas - Gente de B\u00e1squet","og_description":"Con un final pol\u00e9mico, venci\u00f3 76-75 a Argentino y est\u00e1 arriba 2-0 en las finales.","og_url":"http:\/\/gentedebasquet.com.ar\/sitio\/2014\/07\/12\/alem-saco-un-partido-de-las-brasas\/","og_site_name":"Gente de B\u00e1squet","article_published_time":"2014-07-12T04:57:12+00:00","og_image":[{"width":690,"height":319,"url":"http:\/\/gentedebasquet.com.ar\/sitio\/wp-content\/uploads\/2014\/07\/Amore.jpg","type":"image\/jpeg"}],"author":"Gente de B\u00e1squet","twitter_card":"summary_large_image","twitter_misc":{"Escrito por":"Gente de B\u00e1squet","Tiempo de lectura":"4 minutos"},"schema":{"@context":"https:\/\/schema.org","@graph":[{"@type":"Article","@id":"http:\/\/gentedebasquet.com.ar\/sitio\/2014\/07\/12\/alem-saco-un-partido-de-las-brasas\/#article","isPartOf":{"@id":"http:\/\/gentedebasquet.com.ar\/sitio\/2014\/07\/12\/alem-saco-un-partido-de-las-brasas\/"},"author":{"name":"Gente de B\u00e1squet","@id":"https:\/\/gentedebasquet.com.ar\/sitio\/#\/schema\/person\/ca0b63bbb977369988a7bbbdc519943a"},"headline":"Alem sac\u00f3 un partido de las brasas","datePublished":"2014-07-12T04:57:12+00:00","mainEntityOfPage":{"@id":"http:\/\/gentedebasquet.com.ar\/sitio\/2014\/07\/12\/alem-saco-un-partido-de-las-brasas\/"},"wordCount":707,"image":{"@id":"http:\/\/gentedebasquet.com.ar\/sitio\/2014\/07\/12\/alem-saco-un-partido-de-las-brasas\/#primaryimage"},"thumbnailUrl":"http:\/\/gentedebasquet.com.ar\/sitio\/wp-content\/uploads\/2014\/07\/Amore.jpg","keywords":["Agust\u00edn Amore","Alem","Argentino","Dami\u00e1n Foulkes","Juan Ignacio Reiner","Martin Faelis"],"articleSection":["Segunda","Slide"],"inLanguage":"es"},{"@type":"WebPage","@id":"http:\/\/gentedebasquet.com.ar\/sitio\/2014\/07\/12\/alem-saco-un-partido-de-las-brasas\/","url":"http:\/\/gentedebasquet.com.ar\/sitio\/2014\/07\/12\/alem-saco-un-partido-de-las-brasas\/","name":"Alem sac\u00f3 un partido de las brasas - Gente de B\u00e1squet","isPartOf":{"@id":"https:\/\/gentedebasquet.com.ar\/sitio\/#website"},"primaryImageOfPage":{"@id":"http:\/\/gentedebasquet.com.ar\/sitio\/2014\/07\/12\/alem-saco-un-partido-de-las-brasas\/#primaryimage"},"image":{"@id":"http:\/\/gentedebasquet.com.ar\/sitio\/2014\/07\/12\/alem-saco-un-partido-de-las-brasas\/#primaryimage"},"thumbnailUrl":"http:\/\/gentedebasquet.com.ar\/sitio\/wp-content\/uploads\/2014\/07\/Amore.jpg","datePublished":"2014-07-12T04:57:12+00:00","author":{"@id":"https:\/\/gentedebasquet.com.ar\/sitio\/#\/schema\/person\/ca0b63bbb977369988a7bbbdc519943a"},"breadcrumb":{"@id":"http:\/\/gentedebasquet.com.ar\/sitio\/2014\/07\/12\/alem-saco-un-partido-de-las-brasas\/#breadcrumb"},"inLanguage":"es","potentialAction":[{"@type":"ReadAction","target":["http:\/\/gentedebasquet.com.ar\/sitio\/2014\/07\/12\/alem-saco-un-partido-de-las-brasas\/"]}]},{"@type":"ImageObject","inLanguage":"es","@id":"http:\/\/gentedebasquet.com.ar\/sitio\/2014\/07\/12\/alem-saco-un-partido-de-las-brasas\/#primaryimage","url":"http:\/\/gentedebasquet.com.ar\/sitio\/wp-content\/uploads\/2014\/07\/Amore.jpg","contentUrl":"http:\/\/gentedebasquet.com.ar\/sitio\/wp-content\/uploads\/2014\/07\/Amore.jpg","width":690,"height":319},{"@type":"BreadcrumbList","@id":"http:\/\/gentedebasquet.com.ar\/sitio\/2014\/07\/12\/alem-saco-un-partido-de-las-brasas\/#breadcrumb","itemListElement":[{"@type":"ListItem","position":1,"name":"Portada","item":"https:\/\/gentedebasquet.com.ar\/sitio\/"},{"@type":"ListItem","position":2,"name":"Alem sac\u00f3 un partido de las brasas"}]},{"@type":"WebSite","@id":"https:\/\/gentedebasquet.com.ar\/sitio\/#website","url":"https:\/\/gentedebasquet.com.ar\/sitio\/","name":"Gente de B\u00e1squet","description":"La revista del basquet de Bah\u00eda Blanca","potentialAction":[{"@type":"SearchAction","target":{"@type":"EntryPoint","urlTemplate":"https:\/\/gentedebasquet.com.ar\/sitio\/?s={search_term_string}"},"query-input":{"@type":"PropertyValueSpecification","valueRequired":true,"valueName":"search_term_string"}}],"inLanguage":"es"},{"@type":"Person","@id":"https:\/\/gentedebasquet.com.ar\/sitio\/#\/schema\/person\/ca0b63bbb977369988a7bbbdc519943a","name":"Gente de B\u00e1squet","image":{"@type":"ImageObject","inLanguage":"es","@id":"https:\/\/secure.gravatar.com\/avatar\/7f2c48bdc33b30088f941fb6082e555f2874c98e20cb159d7b92b50eadfce793?s=96&d=mm&r=g","url":"https:\/\/secure.gravatar.com\/avatar\/7f2c48bdc33b30088f941fb6082e555f2874c98e20cb159d7b92b50eadfce793?s=96&d=mm&r=g","contentUrl":"https:\/\/secure.gravatar.com\/avatar\/7f2c48bdc33b30088f941fb6082e555f2874c98e20cb159d7b92b50eadfce793?s=96&d=mm&r=g","caption":"Gente de B\u00e1squet"},"sameAs":["http:\/\/gentedebasquet.com.ar\/sitio"],"url":"http:\/\/gentedebasquet.com.ar\/sitio\/author\/ulises\/"}]}},"_links":{"self":[{"href":"http:\/\/gentedebasquet.com.ar\/sitio\/wp-json\/wp\/v2\/posts\/35597","targetHints":{"allow":["GET"]}}],"collection":[{"href":"http:\/\/gentedebasquet.com.ar\/sitio\/wp-json\/wp\/v2\/posts"}],"about":[{"href":"http:\/\/gentedebasquet.com.ar\/sitio\/wp-json\/wp\/v2\/types\/post"}],"author":[{"embeddable":true,"href":"http:\/\/gentedebasquet.com.ar\/sitio\/wp-json\/wp\/v2\/users\/1"}],"replies":[{"embeddable":true,"href":"http:\/\/gentedebasquet.com.ar\/sitio\/wp-json\/wp\/v2\/comments?post=35597"}],"version-history":[{"count":0,"href":"http:\/\/gentedebasquet.com.ar\/sitio\/wp-json\/wp\/v2\/posts\/35597\/revisions"}],"wp:featuredmedia":[{"embeddable":true,"href":"http:\/\/gentedebasquet.com.ar\/sitio\/wp-json\/wp\/v2\/media\/35598"}],"wp:attachment":[{"href":"http:\/\/gentedebasquet.com.ar\/sitio\/wp-json\/wp\/v2\/media?parent=35597"}],"wp:term":[{"taxonomy":"category","embeddable":true,"href":"http:\/\/gentedebasquet.com.ar\/sitio\/wp-json\/wp\/v2\/categories?post=35597"},{"taxonomy":"post_tag","embeddable":true,"href":"http:\/\/gentedebasquet.com.ar\/sitio\/wp-json\/wp\/v2\/tags?post=35597"}],"curies":[{"name":"wp","href":"https:\/\/api.w.org\/{rel}","templated":true}]}}