{"id":36583,"date":"2014-08-15T23:23:33","date_gmt":"2014-08-16T02:23:33","guid":{"rendered":"http:\/\/www.gentedebasquet.com.ar\/?p=36583"},"modified":"2014-08-15T23:23:33","modified_gmt":"2014-08-16T02:23:33","slug":"el-bono-de-la-victoria","status":"publish","type":"post","link":"http:\/\/gentedebasquet.com.ar\/sitio\/2014\/08\/15\/el-bono-de-la-victoria\/","title":{"rendered":"El \u00abBono\u00bb de la victoria"},"content":{"rendered":"<p><strong>Los Andes ganaba c\u00f3modo el primer tiempo (45-35), pero la fuerte salida del Verde en el ST dio frutos y logr\u00f3 imponerse 72 a 64 en el Daniel Lacunza. Pac\u00edfico pudo combinar las ideas que no tuvo en la primera mitad y all\u00ed tom\u00f3 la distancia. Bonino (19) y Larrandart (19) fueron claves para poder hacer la diferencia. En Los Andes fueron productivos los triples de Luppino (17) en los primeros 20&#8242;.<\/strong><\/p>\n<p>El arranque era muy impreciso con escasas ideas en ofensiva. Los Andes se mostraba m\u00e1s ordenado en cancha pero el juego segu\u00eda parejo. Larrandart y Themtham eran los claves en sus equipos para mantener la paridad. Pac\u00edfico era perfecto en tiros de dos puntos (6-6), pero no encontraba precisi\u00f3n a distancia (0-5). Los azules lograban imponerse por un doble 20-18.<\/p>\n<p>Pac\u00edfico continuaba confiando en el envi\u00f3n de su ala-pivot para no perder las riendas del juego. Los Andes encontraba alternativas en las bombas de Luppino (3-4) y en otro triple de Agalupe para encontrar aire en una distancia de 5 puntos. La mala racha del verde obligaba el tiempo muerto de Literas, buscando agudizar la marca. Para fortuna del \u00ablocal\u00bb, segu\u00edan siendo oportunas las bombas de Luppino para sacar 10 y gobernar 45 a 35.<\/p>\n<p>El verde arrancaba la segunda parte con un parcial de 6 a 0 que seguir\u00eda estirandose. Los Andes no encontraba la v\u00eda del gol, con el aro negado y perdiendo intensidad ofensiva. Pac\u00edfico estiraba la racha a 14-0 para tomar la posta y buscar la luz. Los de Carbonell reflejaban su mal pasaje ofensivo anotando, por primera vez en el per\u00edodo, a 2:50 con un doble de Agalupe. Siendo mucho m\u00e1s, Los de Literas lideraban 57 a 50.<\/p>\n<p>En el cierre Pac\u00edfico estuvo m\u00e1s fino. Los Andes comenzaba con un peque\u00f1o parcial de 5 a 2, renaciendo. El visitante estiraba sus posesiones, manteniendo la paciencia con inteligencia y la diferencia en el tanteador. Los locales fueron presionando de a poco y resurgieron en el cierre. Un parcial de 7 a 0 oblig\u00f3 al tiempo muerto en el rival, con el tanteador 64-67 a 1:23. A partir de all\u00ed Los Andes desesper\u00f3 y no supo resolver las \u00faltimas bolas, apresur\u00e1ndose. Pac\u00edfico fue fr\u00edo para sellar la victoria 72 a 64.<\/p>\n<p>&nbsp;<\/p>\n<p>[vimeo]http:\/\/vimeo.com\/103566063[\/vimeo]<\/p>\n<p>&nbsp;<\/p>\n<p><span style=\"text-decoration: underline;\"><em><strong>S\u00edntesis:<\/strong><\/em><\/span><\/p>\n<p><strong>Los Andes 64:\u00a0<\/strong>Jerem\u00edas Gonc\u00e1lvez 8, Nicol\u00e1s Themtham 5 \u00a0(x) , Ignacio Luppino 17, Guido Canella 8, Mauricio Gonz\u00e1lez 8 (FI); Daniel Agalupe 14, Gast\u00f3n Chaves 4. DT: Leandro Carbonell.<\/p>\n<p><strong>Pac\u00edfico 72:\u00a0<\/strong>Ignacio Sella 9 (x) , Sebasti\u00e1n Mart\u00ednez 18, Fernando Bonino 19, Joaqu\u00edn Larrandart 19, Pablo Pollio 4 (FI); Facundo Wattson 0, Ignacio \u00c9rcoli 0, Lucas Ru\u00edz 0. DT: Fernando Literas.<\/p>\n<p><strong>Parciales:<\/strong> 20-18, 45-35 (25-17), 50-57 (5-22), 64-72 (14-15).<\/p>\n<p><strong>\u00c1rbitros:\u00a0<\/strong>Jos\u00e9 Lu\u00eds De Marchi y Luciano Rodr\u00edguez.<\/p>\n<p><strong>Estadio:<\/strong> Daniel Lacunza (Alem &#8211; Los Andes).<\/p>\n<p><a class=\"modalf iframe\" title=\"Planilla\" href=\"https:\/\/docs.google.com\/spreadsheets\/d\/1aWzfisA5leTs7fj94OWAHbaoMCicmDWktHqT_A3VY_8\/pubhtml\" target=\"_blank\" rel=\"noopener\">Ver Planilla<\/a><\/p>\n","protected":false},"excerpt":{"rendered":"<p>Con Bonino (19) y Larrandart (19), Pac\u00edfico venci\u00f3 a Los Andes 72 a 64<\/p>\n","protected":false},"author":1,"featured_media":36584,"comment_status":"closed","ping_status":"open","sticky":false,"template":"","format":"standard","meta":{"jnews-multi-image_gallery":[],"jnews_single_post":[],"jnews_primary_category":[],"footnotes":""},"categories":[25,101],"tags":[577,211,152,17],"class_list":["post-36583","post","type-post","status-publish","format-standard","has-post-thumbnail","hentry","category-segunda","category-slide","tag-fernando-bonino","tag-joaquin-larrandart","tag-los-andes","tag-pacifico"],"yoast_head":"<!-- This site is optimized with the Yoast SEO plugin v27.5 - https:\/\/yoast.com\/product\/yoast-seo-wordpress\/ -->\n<title>El &quot;Bono&quot; de la victoria - Gente de B\u00e1squet<\/title>\n<meta name=\"robots\" content=\"index, follow, max-snippet:-1, max-image-preview:large, max-video-preview:-1\" \/>\n<link rel=\"canonical\" href=\"http:\/\/gentedebasquet.com.ar\/sitio\/2014\/08\/15\/el-bono-de-la-victoria\/\" \/>\n<meta property=\"og:locale\" content=\"es_ES\" \/>\n<meta property=\"og:type\" content=\"article\" \/>\n<meta property=\"og:title\" content=\"El &quot;Bono&quot; de la victoria - Gente de B\u00e1squet\" \/>\n<meta property=\"og:description\" content=\"Con Bonino (19) y Larrandart (19), Pac\u00edfico venci\u00f3 a Los Andes 72 a 64\" \/>\n<meta property=\"og:url\" content=\"http:\/\/gentedebasquet.com.ar\/sitio\/2014\/08\/15\/el-bono-de-la-victoria\/\" \/>\n<meta property=\"og:site_name\" content=\"Gente de B\u00e1squet\" \/>\n<meta property=\"article:published_time\" content=\"2014-08-16T02:23:33+00:00\" \/>\n<meta property=\"og:image\" content=\"http:\/\/gentedebasquet.com.ar\/sitio\/wp-content\/uploads\/2014\/08\/Nacho-Sella.jpg\" \/>\n\t<meta property=\"og:image:width\" content=\"690\" \/>\n\t<meta property=\"og:image:height\" content=\"319\" \/>\n\t<meta property=\"og:image:type\" content=\"image\/jpeg\" \/>\n<meta name=\"author\" content=\"Gente de B\u00e1squet\" \/>\n<meta name=\"twitter:card\" content=\"summary_large_image\" \/>\n<meta name=\"twitter:label1\" content=\"Escrito por\" \/>\n\t<meta name=\"twitter:data1\" content=\"Gente de B\u00e1squet\" \/>\n\t<meta name=\"twitter:label2\" content=\"Tiempo de lectura\" \/>\n\t<meta name=\"twitter:data2\" content=\"2 minutos\" \/>\n<script type=\"application\/ld+json\" class=\"yoast-schema-graph\">{\"@context\":\"https:\\\/\\\/schema.org\",\"@graph\":[{\"@type\":\"Article\",\"@id\":\"http:\\\/\\\/gentedebasquet.com.ar\\\/sitio\\\/2014\\\/08\\\/15\\\/el-bono-de-la-victoria\\\/#article\",\"isPartOf\":{\"@id\":\"http:\\\/\\\/gentedebasquet.com.ar\\\/sitio\\\/2014\\\/08\\\/15\\\/el-bono-de-la-victoria\\\/\"},\"author\":{\"name\":\"Gente de B\u00e1squet\",\"@id\":\"https:\\\/\\\/gentedebasquet.com.ar\\\/sitio\\\/#\\\/schema\\\/person\\\/ca0b63bbb977369988a7bbbdc519943a\"},\"headline\":\"El \u00abBono\u00bb de la victoria\",\"datePublished\":\"2014-08-16T02:23:33+00:00\",\"mainEntityOfPage\":{\"@id\":\"http:\\\/\\\/gentedebasquet.com.ar\\\/sitio\\\/2014\\\/08\\\/15\\\/el-bono-de-la-victoria\\\/\"},\"wordCount\":468,\"image\":{\"@id\":\"http:\\\/\\\/gentedebasquet.com.ar\\\/sitio\\\/2014\\\/08\\\/15\\\/el-bono-de-la-victoria\\\/#primaryimage\"},\"thumbnailUrl\":\"http:\\\/\\\/gentedebasquet.com.ar\\\/sitio\\\/wp-content\\\/uploads\\\/2014\\\/08\\\/Nacho-Sella.jpg\",\"keywords\":[\"Fernando Bonino\",\"Joaqu\u00edn Larrandart\",\"Los Andes\",\"Pacifico\"],\"articleSection\":[\"Segunda\",\"Slide\"],\"inLanguage\":\"es\"},{\"@type\":\"WebPage\",\"@id\":\"http:\\\/\\\/gentedebasquet.com.ar\\\/sitio\\\/2014\\\/08\\\/15\\\/el-bono-de-la-victoria\\\/\",\"url\":\"http:\\\/\\\/gentedebasquet.com.ar\\\/sitio\\\/2014\\\/08\\\/15\\\/el-bono-de-la-victoria\\\/\",\"name\":\"El \\\"Bono\\\" de la victoria - Gente de B\u00e1squet\",\"isPartOf\":{\"@id\":\"https:\\\/\\\/gentedebasquet.com.ar\\\/sitio\\\/#website\"},\"primaryImageOfPage\":{\"@id\":\"http:\\\/\\\/gentedebasquet.com.ar\\\/sitio\\\/2014\\\/08\\\/15\\\/el-bono-de-la-victoria\\\/#primaryimage\"},\"image\":{\"@id\":\"http:\\\/\\\/gentedebasquet.com.ar\\\/sitio\\\/2014\\\/08\\\/15\\\/el-bono-de-la-victoria\\\/#primaryimage\"},\"thumbnailUrl\":\"http:\\\/\\\/gentedebasquet.com.ar\\\/sitio\\\/wp-content\\\/uploads\\\/2014\\\/08\\\/Nacho-Sella.jpg\",\"datePublished\":\"2014-08-16T02:23:33+00:00\",\"author\":{\"@id\":\"https:\\\/\\\/gentedebasquet.com.ar\\\/sitio\\\/#\\\/schema\\\/person\\\/ca0b63bbb977369988a7bbbdc519943a\"},\"breadcrumb\":{\"@id\":\"http:\\\/\\\/gentedebasquet.com.ar\\\/sitio\\\/2014\\\/08\\\/15\\\/el-bono-de-la-victoria\\\/#breadcrumb\"},\"inLanguage\":\"es\",\"potentialAction\":[{\"@type\":\"ReadAction\",\"target\":[\"http:\\\/\\\/gentedebasquet.com.ar\\\/sitio\\\/2014\\\/08\\\/15\\\/el-bono-de-la-victoria\\\/\"]}]},{\"@type\":\"ImageObject\",\"inLanguage\":\"es\",\"@id\":\"http:\\\/\\\/gentedebasquet.com.ar\\\/sitio\\\/2014\\\/08\\\/15\\\/el-bono-de-la-victoria\\\/#primaryimage\",\"url\":\"http:\\\/\\\/gentedebasquet.com.ar\\\/sitio\\\/wp-content\\\/uploads\\\/2014\\\/08\\\/Nacho-Sella.jpg\",\"contentUrl\":\"http:\\\/\\\/gentedebasquet.com.ar\\\/sitio\\\/wp-content\\\/uploads\\\/2014\\\/08\\\/Nacho-Sella.jpg\",\"width\":690,\"height\":319},{\"@type\":\"BreadcrumbList\",\"@id\":\"http:\\\/\\\/gentedebasquet.com.ar\\\/sitio\\\/2014\\\/08\\\/15\\\/el-bono-de-la-victoria\\\/#breadcrumb\",\"itemListElement\":[{\"@type\":\"ListItem\",\"position\":1,\"name\":\"Portada\",\"item\":\"https:\\\/\\\/gentedebasquet.com.ar\\\/sitio\\\/\"},{\"@type\":\"ListItem\",\"position\":2,\"name\":\"El \u00abBono\u00bb de la victoria\"}]},{\"@type\":\"WebSite\",\"@id\":\"https:\\\/\\\/gentedebasquet.com.ar\\\/sitio\\\/#website\",\"url\":\"https:\\\/\\\/gentedebasquet.com.ar\\\/sitio\\\/\",\"name\":\"Gente de B\u00e1squet\",\"description\":\"La revista del basquet de Bah\u00eda Blanca\",\"potentialAction\":[{\"@type\":\"SearchAction\",\"target\":{\"@type\":\"EntryPoint\",\"urlTemplate\":\"https:\\\/\\\/gentedebasquet.com.ar\\\/sitio\\\/?s={search_term_string}\"},\"query-input\":{\"@type\":\"PropertyValueSpecification\",\"valueRequired\":true,\"valueName\":\"search_term_string\"}}],\"inLanguage\":\"es\"},{\"@type\":\"Person\",\"@id\":\"https:\\\/\\\/gentedebasquet.com.ar\\\/sitio\\\/#\\\/schema\\\/person\\\/ca0b63bbb977369988a7bbbdc519943a\",\"name\":\"Gente de B\u00e1squet\",\"image\":{\"@type\":\"ImageObject\",\"inLanguage\":\"es\",\"@id\":\"https:\\\/\\\/secure.gravatar.com\\\/avatar\\\/7f2c48bdc33b30088f941fb6082e555f2874c98e20cb159d7b92b50eadfce793?s=96&d=mm&r=g\",\"url\":\"https:\\\/\\\/secure.gravatar.com\\\/avatar\\\/7f2c48bdc33b30088f941fb6082e555f2874c98e20cb159d7b92b50eadfce793?s=96&d=mm&r=g\",\"contentUrl\":\"https:\\\/\\\/secure.gravatar.com\\\/avatar\\\/7f2c48bdc33b30088f941fb6082e555f2874c98e20cb159d7b92b50eadfce793?s=96&d=mm&r=g\",\"caption\":\"Gente de B\u00e1squet\"},\"sameAs\":[\"http:\\\/\\\/gentedebasquet.com.ar\\\/sitio\"],\"url\":\"http:\\\/\\\/gentedebasquet.com.ar\\\/sitio\\\/author\\\/ulises\\\/\"}]}<\/script>\n<!-- \/ Yoast SEO plugin. -->","yoast_head_json":{"title":"El \"Bono\" de la victoria - Gente de B\u00e1squet","robots":{"index":"index","follow":"follow","max-snippet":"max-snippet:-1","max-image-preview":"max-image-preview:large","max-video-preview":"max-video-preview:-1"},"canonical":"http:\/\/gentedebasquet.com.ar\/sitio\/2014\/08\/15\/el-bono-de-la-victoria\/","og_locale":"es_ES","og_type":"article","og_title":"El \"Bono\" de la victoria - Gente de B\u00e1squet","og_description":"Con Bonino (19) y Larrandart (19), Pac\u00edfico venci\u00f3 a Los Andes 72 a 64","og_url":"http:\/\/gentedebasquet.com.ar\/sitio\/2014\/08\/15\/el-bono-de-la-victoria\/","og_site_name":"Gente de B\u00e1squet","article_published_time":"2014-08-16T02:23:33+00:00","og_image":[{"width":690,"height":319,"url":"http:\/\/gentedebasquet.com.ar\/sitio\/wp-content\/uploads\/2014\/08\/Nacho-Sella.jpg","type":"image\/jpeg"}],"author":"Gente de B\u00e1squet","twitter_card":"summary_large_image","twitter_misc":{"Escrito por":"Gente de B\u00e1squet","Tiempo de lectura":"2 minutos"},"schema":{"@context":"https:\/\/schema.org","@graph":[{"@type":"Article","@id":"http:\/\/gentedebasquet.com.ar\/sitio\/2014\/08\/15\/el-bono-de-la-victoria\/#article","isPartOf":{"@id":"http:\/\/gentedebasquet.com.ar\/sitio\/2014\/08\/15\/el-bono-de-la-victoria\/"},"author":{"name":"Gente de B\u00e1squet","@id":"https:\/\/gentedebasquet.com.ar\/sitio\/#\/schema\/person\/ca0b63bbb977369988a7bbbdc519943a"},"headline":"El \u00abBono\u00bb de la victoria","datePublished":"2014-08-16T02:23:33+00:00","mainEntityOfPage":{"@id":"http:\/\/gentedebasquet.com.ar\/sitio\/2014\/08\/15\/el-bono-de-la-victoria\/"},"wordCount":468,"image":{"@id":"http:\/\/gentedebasquet.com.ar\/sitio\/2014\/08\/15\/el-bono-de-la-victoria\/#primaryimage"},"thumbnailUrl":"http:\/\/gentedebasquet.com.ar\/sitio\/wp-content\/uploads\/2014\/08\/Nacho-Sella.jpg","keywords":["Fernando Bonino","Joaqu\u00edn Larrandart","Los Andes","Pacifico"],"articleSection":["Segunda","Slide"],"inLanguage":"es"},{"@type":"WebPage","@id":"http:\/\/gentedebasquet.com.ar\/sitio\/2014\/08\/15\/el-bono-de-la-victoria\/","url":"http:\/\/gentedebasquet.com.ar\/sitio\/2014\/08\/15\/el-bono-de-la-victoria\/","name":"El \"Bono\" de la victoria - Gente de B\u00e1squet","isPartOf":{"@id":"https:\/\/gentedebasquet.com.ar\/sitio\/#website"},"primaryImageOfPage":{"@id":"http:\/\/gentedebasquet.com.ar\/sitio\/2014\/08\/15\/el-bono-de-la-victoria\/#primaryimage"},"image":{"@id":"http:\/\/gentedebasquet.com.ar\/sitio\/2014\/08\/15\/el-bono-de-la-victoria\/#primaryimage"},"thumbnailUrl":"http:\/\/gentedebasquet.com.ar\/sitio\/wp-content\/uploads\/2014\/08\/Nacho-Sella.jpg","datePublished":"2014-08-16T02:23:33+00:00","author":{"@id":"https:\/\/gentedebasquet.com.ar\/sitio\/#\/schema\/person\/ca0b63bbb977369988a7bbbdc519943a"},"breadcrumb":{"@id":"http:\/\/gentedebasquet.com.ar\/sitio\/2014\/08\/15\/el-bono-de-la-victoria\/#breadcrumb"},"inLanguage":"es","potentialAction":[{"@type":"ReadAction","target":["http:\/\/gentedebasquet.com.ar\/sitio\/2014\/08\/15\/el-bono-de-la-victoria\/"]}]},{"@type":"ImageObject","inLanguage":"es","@id":"http:\/\/gentedebasquet.com.ar\/sitio\/2014\/08\/15\/el-bono-de-la-victoria\/#primaryimage","url":"http:\/\/gentedebasquet.com.ar\/sitio\/wp-content\/uploads\/2014\/08\/Nacho-Sella.jpg","contentUrl":"http:\/\/gentedebasquet.com.ar\/sitio\/wp-content\/uploads\/2014\/08\/Nacho-Sella.jpg","width":690,"height":319},{"@type":"BreadcrumbList","@id":"http:\/\/gentedebasquet.com.ar\/sitio\/2014\/08\/15\/el-bono-de-la-victoria\/#breadcrumb","itemListElement":[{"@type":"ListItem","position":1,"name":"Portada","item":"https:\/\/gentedebasquet.com.ar\/sitio\/"},{"@type":"ListItem","position":2,"name":"El \u00abBono\u00bb de la victoria"}]},{"@type":"WebSite","@id":"https:\/\/gentedebasquet.com.ar\/sitio\/#website","url":"https:\/\/gentedebasquet.com.ar\/sitio\/","name":"Gente de B\u00e1squet","description":"La revista del basquet de Bah\u00eda Blanca","potentialAction":[{"@type":"SearchAction","target":{"@type":"EntryPoint","urlTemplate":"https:\/\/gentedebasquet.com.ar\/sitio\/?s={search_term_string}"},"query-input":{"@type":"PropertyValueSpecification","valueRequired":true,"valueName":"search_term_string"}}],"inLanguage":"es"},{"@type":"Person","@id":"https:\/\/gentedebasquet.com.ar\/sitio\/#\/schema\/person\/ca0b63bbb977369988a7bbbdc519943a","name":"Gente de B\u00e1squet","image":{"@type":"ImageObject","inLanguage":"es","@id":"https:\/\/secure.gravatar.com\/avatar\/7f2c48bdc33b30088f941fb6082e555f2874c98e20cb159d7b92b50eadfce793?s=96&d=mm&r=g","url":"https:\/\/secure.gravatar.com\/avatar\/7f2c48bdc33b30088f941fb6082e555f2874c98e20cb159d7b92b50eadfce793?s=96&d=mm&r=g","contentUrl":"https:\/\/secure.gravatar.com\/avatar\/7f2c48bdc33b30088f941fb6082e555f2874c98e20cb159d7b92b50eadfce793?s=96&d=mm&r=g","caption":"Gente de B\u00e1squet"},"sameAs":["http:\/\/gentedebasquet.com.ar\/sitio"],"url":"http:\/\/gentedebasquet.com.ar\/sitio\/author\/ulises\/"}]}},"_links":{"self":[{"href":"http:\/\/gentedebasquet.com.ar\/sitio\/wp-json\/wp\/v2\/posts\/36583","targetHints":{"allow":["GET"]}}],"collection":[{"href":"http:\/\/gentedebasquet.com.ar\/sitio\/wp-json\/wp\/v2\/posts"}],"about":[{"href":"http:\/\/gentedebasquet.com.ar\/sitio\/wp-json\/wp\/v2\/types\/post"}],"author":[{"embeddable":true,"href":"http:\/\/gentedebasquet.com.ar\/sitio\/wp-json\/wp\/v2\/users\/1"}],"replies":[{"embeddable":true,"href":"http:\/\/gentedebasquet.com.ar\/sitio\/wp-json\/wp\/v2\/comments?post=36583"}],"version-history":[{"count":0,"href":"http:\/\/gentedebasquet.com.ar\/sitio\/wp-json\/wp\/v2\/posts\/36583\/revisions"}],"wp:featuredmedia":[{"embeddable":true,"href":"http:\/\/gentedebasquet.com.ar\/sitio\/wp-json\/wp\/v2\/media\/36584"}],"wp:attachment":[{"href":"http:\/\/gentedebasquet.com.ar\/sitio\/wp-json\/wp\/v2\/media?parent=36583"}],"wp:term":[{"taxonomy":"category","embeddable":true,"href":"http:\/\/gentedebasquet.com.ar\/sitio\/wp-json\/wp\/v2\/categories?post=36583"},{"taxonomy":"post_tag","embeddable":true,"href":"http:\/\/gentedebasquet.com.ar\/sitio\/wp-json\/wp\/v2\/tags?post=36583"}],"curies":[{"name":"wp","href":"https:\/\/api.w.org\/{rel}","templated":true}]}}