{"id":36886,"date":"2014-08-20T23:45:33","date_gmt":"2014-08-21T02:45:33","guid":{"rendered":"http:\/\/www.gentedebasquet.com.ar\/?p=36886"},"modified":"2014-08-20T23:45:33","modified_gmt":"2014-08-21T02:45:33","slug":"le-dio-un-bollo","status":"publish","type":"post","link":"http:\/\/gentedebasquet.com.ar\/sitio\/2014\/08\/20\/le-dio-un-bollo\/","title":{"rendered":"Le dio un Bollo"},"content":{"rendered":"<p align=\"LEFT\"><b>Villa Mitre super\u00f3 ampliamente a Comercial, 79 a 48. El elenco tricolor pr\u00e1cticamente sentenci\u00f3 el encuentro en el primer cuarto, cuando estamp\u00f3 un parcial de 17 a 0 (21-4). Comercial nunca encontr\u00f3 los caminos, se choc\u00f3 contra una gran defensa de Villa Mitre y a la hora de atacar, la visita mostr\u00f3 distintas alternativas y despleg\u00f3 un gran juego\u00a0colectivo\u00a0para quedarse con la victoria. El goleador de la noche fue Javier Bollo con 20 puntos (14\u00a0rebotes). Mientras que en el elenco local se destac\u00f3 Denis Biscaychipy con 15 unidades.<\/b><\/p>\n<p align=\"LEFT\">La paridad del partido dur\u00f3 apenas 2 minutos, cuando el partido estaba 4 a 4. A partir de ese momento Villa Mitre fue un\u00a0vendaval\u00a0ofensivo porque domin\u00f3 todos los sectores de la cancha, lastim\u00f3 desde el per\u00edmetro con Berdini y Diomedi y tambi\u00e9n domin\u00f3\u00a0la pintura gracias a una gran actuaci\u00f3n de Bollo (6 pts y 7 rebotes). De esta forma la visita clav\u00f3 un parcial de 17 a 0 (21-4) y le impidi\u00f3 a Comercial anotar durante 7 minutos, claro esto se dio gracias la gran defensa que impon\u00eda Villa Mitre. El primer chico termin\u00f3 21 a 9.<\/p>\n<p align=\"LEFT\">Los segundos 10 minutos siguieron de la misma forma, a Comercial le costaba much\u00edsimo encestar, Biscaychipy no hac\u00eda pie en la pintura junto a Maidana y tanto Amado como Ferrari estuvieron muy imprecisos. El ingreso de Susbielles y Renzi en Villa Mitre le permiti\u00f3 tener otra v\u00eda de gol. Cada vez que los locales amagaban con acortar distancias, la visita romp\u00eda las ilusiones con alg\u00fan triple. Sobre el final se vio la mejor versi\u00f3n de Villa Mitre desplegando un lindo juego colectivo en ataque para cerrar el primer tiempo 20 puntos arriba (40-20).<\/p>\n<p align=\"LEFT\">En el tercer cuarto las cosas no cambiaron, Comercial se ilusion\u00f3 con un parcial de 5 a 0 (25-40) pero r\u00e1pidamente Villa Mitre se encarg\u00f3 de terminar con las ilusiones y comenz\u00f3 a liquidar el encuentro. Un gran arranque de Bollo (5) lastimando en la pintura junto a Pineda y adem\u00e1s adue\u00f1\u00e1ndose de todos los rebotes le permitieron a la visita estirar la ventaja (28-52). Sobre el final el conjunto tricolor ya se floreaba en ataque, encontr\u00f3 v\u00edas de gol en Diomedi y Susbielles para terminar el tercer cuarto 56 a 33 arriba.<\/p>\n<p align=\"LEFT\">En el \u00faltimo cuarto un par de triples de Susbielles y G\u00f3mez terminaron de ponerle el broche final al partido (64-37 a falta de 7:30). Lo que faltaba para terminar el partido estuvo de m\u00e1s, ya que estaba todo decido y solo sirvi\u00f3 para las estad\u00edsticas. Comercial baj\u00f3 los brazos y ambos equipos le dieron rodaje a los jugadores que suelen jugar pocos minutos. El resultado final fue de 79 a 48 y de esta manera, Villa Mitre se recuper\u00f3 de la derrota ante San Lorenzo en la \u00faltima jornada.<\/p>\n<p align=\"LEFT\">[vimeo]http:\/\/vimeo.com\/103976489[\/vimeo]<\/p>\n<p align=\"LEFT\"><span style=\"text-decoration: underline;\"><i><b>S\u00edntesis:<\/b><\/i><\/span><\/p>\n<p align=\"LEFT\"><b>Comercial 48:<\/b>\u00a0Amilcar Andreanelli 8, Enzo Amado 5, Ignacio Ferrari 4, Andr\u00e9s Maidana 8, Denis Biscaychipy 15 (FI); Dami\u00e1n Ferreyra 0, Nicol\u00e1s Vallejos 0, Mart\u00edn Godoy 0, Nicol\u00e1s Fern\u00e1ndez 0, Silvio Brunetti 0, Lucas Sanhueza 4, Federico Congos 4.<\/p>\n<p align=\"LEFT\"><b>Villa Mitre 79:<\/b>\u00a0Marcelo Berdini 6, Gast\u00f3n Diomedi 11, Sebasti\u00e1n Acosta 2, David Pineda 6, Javier Bollo 20 (FI); Nicol\u00e1s Renzi 7, Juan Ignacio G\u00f3mez 3, Alan Serra 3, Santiago Susbielles 13, Fernando Alfonso 2, Le\u00f3n Berssonsky 0, Alen R\u00edos 6.<\/p>\n<p align=\"LEFT\"><b>Parciales:<\/b>\u00a09-21, 20-40 (11-19), 33-56 (13-16), 48-79 (15-23).<\/p>\n<p align=\"LEFT\"><b>\u00c1rbitros:<\/b>\u00a0Jorge Scheffer \u2013 Sebasti\u00e1n Gianino.<\/p>\n<p align=\"LEFT\"><b>Cancha:<\/b>\u00a0Osvaldo Giorgetti (Comercial).<\/p>\n<p><a class=\"modalf iframe\" title=\"Planilla\" href=\"https:\/\/docs.google.com\/spreadsheets\/d\/1z8xMf0cDZlq_cYL_UBaFIYOurxG_PF5njxhwOkaF9FI\/pubhtml\" target=\"_blank\" rel=\"noopener\">Ver Planilla<\/a><\/p>\n","protected":false},"excerpt":{"rendered":"<p>El interno tricolor la rompi\u00f3 y fue clave para la gran victoria de Villa Mitre en White<\/p>\n","protected":false},"author":1,"featured_media":36895,"comment_status":"closed","ping_status":"open","sticky":false,"template":"","format":"standard","meta":{"jnews-multi-image_gallery":[],"jnews_single_post":[],"jnews_primary_category":[],"footnotes":""},"categories":[23,101],"tags":[7,326,603,22],"class_list":["post-36886","post","type-post","status-publish","format-standard","has-post-thumbnail","hentry","category-primera","category-slide","tag-comercial","tag-denis-biscaychipy","tag-javier-bollo","tag-villa-mitre"],"yoast_head":"<!-- This site is optimized with the Yoast SEO plugin v27.5 - https:\/\/yoast.com\/product\/yoast-seo-wordpress\/ -->\n<title>Le dio un Bollo - Gente de B\u00e1squet<\/title>\n<meta name=\"robots\" content=\"index, follow, max-snippet:-1, max-image-preview:large, max-video-preview:-1\" \/>\n<link rel=\"canonical\" href=\"https:\/\/gentedebasquet.com.ar\/sitio\/2014\/08\/20\/le-dio-un-bollo\/\" \/>\n<meta property=\"og:locale\" content=\"es_ES\" \/>\n<meta property=\"og:type\" content=\"article\" \/>\n<meta property=\"og:title\" content=\"Le dio un Bollo - Gente de B\u00e1squet\" \/>\n<meta property=\"og:description\" content=\"El interno tricolor la rompi\u00f3 y fue clave para la gran victoria de Villa Mitre en White\" \/>\n<meta property=\"og:url\" content=\"https:\/\/gentedebasquet.com.ar\/sitio\/2014\/08\/20\/le-dio-un-bollo\/\" \/>\n<meta property=\"og:site_name\" content=\"Gente de B\u00e1squet\" \/>\n<meta property=\"article:published_time\" content=\"2014-08-21T02:45:33+00:00\" \/>\n<meta property=\"og:image\" content=\"https:\/\/gentedebasquet.com.ar\/sitio\/wp-content\/uploads\/2014\/08\/vmm.jpg\" \/>\n\t<meta property=\"og:image:width\" content=\"690\" \/>\n\t<meta property=\"og:image:height\" content=\"319\" \/>\n\t<meta property=\"og:image:type\" content=\"image\/jpeg\" \/>\n<meta name=\"author\" content=\"Gente de B\u00e1squet\" \/>\n<meta name=\"twitter:card\" content=\"summary_large_image\" \/>\n<meta name=\"twitter:label1\" content=\"Escrito por\" \/>\n\t<meta name=\"twitter:data1\" content=\"Gente de B\u00e1squet\" \/>\n\t<meta name=\"twitter:label2\" content=\"Tiempo de lectura\" \/>\n\t<meta name=\"twitter:data2\" content=\"3 minutos\" \/>\n<script type=\"application\/ld+json\" class=\"yoast-schema-graph\">{\"@context\":\"https:\\\/\\\/schema.org\",\"@graph\":[{\"@type\":\"Article\",\"@id\":\"https:\\\/\\\/gentedebasquet.com.ar\\\/sitio\\\/2014\\\/08\\\/20\\\/le-dio-un-bollo\\\/#article\",\"isPartOf\":{\"@id\":\"https:\\\/\\\/gentedebasquet.com.ar\\\/sitio\\\/2014\\\/08\\\/20\\\/le-dio-un-bollo\\\/\"},\"author\":{\"name\":\"Gente de B\u00e1squet\",\"@id\":\"https:\\\/\\\/gentedebasquet.com.ar\\\/sitio\\\/#\\\/schema\\\/person\\\/ca0b63bbb977369988a7bbbdc519943a\"},\"headline\":\"Le dio un Bollo\",\"datePublished\":\"2014-08-21T02:45:33+00:00\",\"mainEntityOfPage\":{\"@id\":\"https:\\\/\\\/gentedebasquet.com.ar\\\/sitio\\\/2014\\\/08\\\/20\\\/le-dio-un-bollo\\\/\"},\"wordCount\":555,\"image\":{\"@id\":\"https:\\\/\\\/gentedebasquet.com.ar\\\/sitio\\\/2014\\\/08\\\/20\\\/le-dio-un-bollo\\\/#primaryimage\"},\"thumbnailUrl\":\"http:\\\/\\\/gentedebasquet.com.ar\\\/sitio\\\/wp-content\\\/uploads\\\/2014\\\/08\\\/vmm.jpg\",\"keywords\":[\"Comercial\",\"Denis Biscaychipy\",\"Javier Bollo\",\"Villa Mitre\"],\"articleSection\":[\"Primera\",\"Slide\"],\"inLanguage\":\"es\"},{\"@type\":\"WebPage\",\"@id\":\"https:\\\/\\\/gentedebasquet.com.ar\\\/sitio\\\/2014\\\/08\\\/20\\\/le-dio-un-bollo\\\/\",\"url\":\"https:\\\/\\\/gentedebasquet.com.ar\\\/sitio\\\/2014\\\/08\\\/20\\\/le-dio-un-bollo\\\/\",\"name\":\"Le dio un Bollo - Gente de B\u00e1squet\",\"isPartOf\":{\"@id\":\"https:\\\/\\\/gentedebasquet.com.ar\\\/sitio\\\/#website\"},\"primaryImageOfPage\":{\"@id\":\"https:\\\/\\\/gentedebasquet.com.ar\\\/sitio\\\/2014\\\/08\\\/20\\\/le-dio-un-bollo\\\/#primaryimage\"},\"image\":{\"@id\":\"https:\\\/\\\/gentedebasquet.com.ar\\\/sitio\\\/2014\\\/08\\\/20\\\/le-dio-un-bollo\\\/#primaryimage\"},\"thumbnailUrl\":\"http:\\\/\\\/gentedebasquet.com.ar\\\/sitio\\\/wp-content\\\/uploads\\\/2014\\\/08\\\/vmm.jpg\",\"datePublished\":\"2014-08-21T02:45:33+00:00\",\"author\":{\"@id\":\"https:\\\/\\\/gentedebasquet.com.ar\\\/sitio\\\/#\\\/schema\\\/person\\\/ca0b63bbb977369988a7bbbdc519943a\"},\"breadcrumb\":{\"@id\":\"https:\\\/\\\/gentedebasquet.com.ar\\\/sitio\\\/2014\\\/08\\\/20\\\/le-dio-un-bollo\\\/#breadcrumb\"},\"inLanguage\":\"es\",\"potentialAction\":[{\"@type\":\"ReadAction\",\"target\":[\"https:\\\/\\\/gentedebasquet.com.ar\\\/sitio\\\/2014\\\/08\\\/20\\\/le-dio-un-bollo\\\/\"]}]},{\"@type\":\"ImageObject\",\"inLanguage\":\"es\",\"@id\":\"https:\\\/\\\/gentedebasquet.com.ar\\\/sitio\\\/2014\\\/08\\\/20\\\/le-dio-un-bollo\\\/#primaryimage\",\"url\":\"http:\\\/\\\/gentedebasquet.com.ar\\\/sitio\\\/wp-content\\\/uploads\\\/2014\\\/08\\\/vmm.jpg\",\"contentUrl\":\"http:\\\/\\\/gentedebasquet.com.ar\\\/sitio\\\/wp-content\\\/uploads\\\/2014\\\/08\\\/vmm.jpg\",\"width\":690,\"height\":319},{\"@type\":\"BreadcrumbList\",\"@id\":\"https:\\\/\\\/gentedebasquet.com.ar\\\/sitio\\\/2014\\\/08\\\/20\\\/le-dio-un-bollo\\\/#breadcrumb\",\"itemListElement\":[{\"@type\":\"ListItem\",\"position\":1,\"name\":\"Portada\",\"item\":\"https:\\\/\\\/gentedebasquet.com.ar\\\/sitio\\\/\"},{\"@type\":\"ListItem\",\"position\":2,\"name\":\"Le dio un Bollo\"}]},{\"@type\":\"WebSite\",\"@id\":\"https:\\\/\\\/gentedebasquet.com.ar\\\/sitio\\\/#website\",\"url\":\"https:\\\/\\\/gentedebasquet.com.ar\\\/sitio\\\/\",\"name\":\"Gente de B\u00e1squet\",\"description\":\"La revista del basquet de Bah\u00eda Blanca\",\"potentialAction\":[{\"@type\":\"SearchAction\",\"target\":{\"@type\":\"EntryPoint\",\"urlTemplate\":\"https:\\\/\\\/gentedebasquet.com.ar\\\/sitio\\\/?s={search_term_string}\"},\"query-input\":{\"@type\":\"PropertyValueSpecification\",\"valueRequired\":true,\"valueName\":\"search_term_string\"}}],\"inLanguage\":\"es\"},{\"@type\":\"Person\",\"@id\":\"https:\\\/\\\/gentedebasquet.com.ar\\\/sitio\\\/#\\\/schema\\\/person\\\/ca0b63bbb977369988a7bbbdc519943a\",\"name\":\"Gente de B\u00e1squet\",\"image\":{\"@type\":\"ImageObject\",\"inLanguage\":\"es\",\"@id\":\"https:\\\/\\\/secure.gravatar.com\\\/avatar\\\/7f2c48bdc33b30088f941fb6082e555f2874c98e20cb159d7b92b50eadfce793?s=96&d=mm&r=g\",\"url\":\"https:\\\/\\\/secure.gravatar.com\\\/avatar\\\/7f2c48bdc33b30088f941fb6082e555f2874c98e20cb159d7b92b50eadfce793?s=96&d=mm&r=g\",\"contentUrl\":\"https:\\\/\\\/secure.gravatar.com\\\/avatar\\\/7f2c48bdc33b30088f941fb6082e555f2874c98e20cb159d7b92b50eadfce793?s=96&d=mm&r=g\",\"caption\":\"Gente de B\u00e1squet\"},\"sameAs\":[\"http:\\\/\\\/gentedebasquet.com.ar\\\/sitio\"],\"url\":\"http:\\\/\\\/gentedebasquet.com.ar\\\/sitio\\\/author\\\/ulises\\\/\"}]}<\/script>\n<!-- \/ Yoast SEO plugin. -->","yoast_head_json":{"title":"Le dio un Bollo - Gente de B\u00e1squet","robots":{"index":"index","follow":"follow","max-snippet":"max-snippet:-1","max-image-preview":"max-image-preview:large","max-video-preview":"max-video-preview:-1"},"canonical":"https:\/\/gentedebasquet.com.ar\/sitio\/2014\/08\/20\/le-dio-un-bollo\/","og_locale":"es_ES","og_type":"article","og_title":"Le dio un Bollo - Gente de B\u00e1squet","og_description":"El interno tricolor la rompi\u00f3 y fue clave para la gran victoria de Villa Mitre en White","og_url":"https:\/\/gentedebasquet.com.ar\/sitio\/2014\/08\/20\/le-dio-un-bollo\/","og_site_name":"Gente de B\u00e1squet","article_published_time":"2014-08-21T02:45:33+00:00","og_image":[{"width":690,"height":319,"url":"https:\/\/gentedebasquet.com.ar\/sitio\/wp-content\/uploads\/2014\/08\/vmm.jpg","type":"image\/jpeg"}],"author":"Gente de B\u00e1squet","twitter_card":"summary_large_image","twitter_misc":{"Escrito por":"Gente de B\u00e1squet","Tiempo de lectura":"3 minutos"},"schema":{"@context":"https:\/\/schema.org","@graph":[{"@type":"Article","@id":"https:\/\/gentedebasquet.com.ar\/sitio\/2014\/08\/20\/le-dio-un-bollo\/#article","isPartOf":{"@id":"https:\/\/gentedebasquet.com.ar\/sitio\/2014\/08\/20\/le-dio-un-bollo\/"},"author":{"name":"Gente de B\u00e1squet","@id":"https:\/\/gentedebasquet.com.ar\/sitio\/#\/schema\/person\/ca0b63bbb977369988a7bbbdc519943a"},"headline":"Le dio un Bollo","datePublished":"2014-08-21T02:45:33+00:00","mainEntityOfPage":{"@id":"https:\/\/gentedebasquet.com.ar\/sitio\/2014\/08\/20\/le-dio-un-bollo\/"},"wordCount":555,"image":{"@id":"https:\/\/gentedebasquet.com.ar\/sitio\/2014\/08\/20\/le-dio-un-bollo\/#primaryimage"},"thumbnailUrl":"http:\/\/gentedebasquet.com.ar\/sitio\/wp-content\/uploads\/2014\/08\/vmm.jpg","keywords":["Comercial","Denis Biscaychipy","Javier Bollo","Villa Mitre"],"articleSection":["Primera","Slide"],"inLanguage":"es"},{"@type":"WebPage","@id":"https:\/\/gentedebasquet.com.ar\/sitio\/2014\/08\/20\/le-dio-un-bollo\/","url":"https:\/\/gentedebasquet.com.ar\/sitio\/2014\/08\/20\/le-dio-un-bollo\/","name":"Le dio un Bollo - Gente de B\u00e1squet","isPartOf":{"@id":"https:\/\/gentedebasquet.com.ar\/sitio\/#website"},"primaryImageOfPage":{"@id":"https:\/\/gentedebasquet.com.ar\/sitio\/2014\/08\/20\/le-dio-un-bollo\/#primaryimage"},"image":{"@id":"https:\/\/gentedebasquet.com.ar\/sitio\/2014\/08\/20\/le-dio-un-bollo\/#primaryimage"},"thumbnailUrl":"http:\/\/gentedebasquet.com.ar\/sitio\/wp-content\/uploads\/2014\/08\/vmm.jpg","datePublished":"2014-08-21T02:45:33+00:00","author":{"@id":"https:\/\/gentedebasquet.com.ar\/sitio\/#\/schema\/person\/ca0b63bbb977369988a7bbbdc519943a"},"breadcrumb":{"@id":"https:\/\/gentedebasquet.com.ar\/sitio\/2014\/08\/20\/le-dio-un-bollo\/#breadcrumb"},"inLanguage":"es","potentialAction":[{"@type":"ReadAction","target":["https:\/\/gentedebasquet.com.ar\/sitio\/2014\/08\/20\/le-dio-un-bollo\/"]}]},{"@type":"ImageObject","inLanguage":"es","@id":"https:\/\/gentedebasquet.com.ar\/sitio\/2014\/08\/20\/le-dio-un-bollo\/#primaryimage","url":"http:\/\/gentedebasquet.com.ar\/sitio\/wp-content\/uploads\/2014\/08\/vmm.jpg","contentUrl":"http:\/\/gentedebasquet.com.ar\/sitio\/wp-content\/uploads\/2014\/08\/vmm.jpg","width":690,"height":319},{"@type":"BreadcrumbList","@id":"https:\/\/gentedebasquet.com.ar\/sitio\/2014\/08\/20\/le-dio-un-bollo\/#breadcrumb","itemListElement":[{"@type":"ListItem","position":1,"name":"Portada","item":"https:\/\/gentedebasquet.com.ar\/sitio\/"},{"@type":"ListItem","position":2,"name":"Le dio un Bollo"}]},{"@type":"WebSite","@id":"https:\/\/gentedebasquet.com.ar\/sitio\/#website","url":"https:\/\/gentedebasquet.com.ar\/sitio\/","name":"Gente de B\u00e1squet","description":"La revista del basquet de Bah\u00eda Blanca","potentialAction":[{"@type":"SearchAction","target":{"@type":"EntryPoint","urlTemplate":"https:\/\/gentedebasquet.com.ar\/sitio\/?s={search_term_string}"},"query-input":{"@type":"PropertyValueSpecification","valueRequired":true,"valueName":"search_term_string"}}],"inLanguage":"es"},{"@type":"Person","@id":"https:\/\/gentedebasquet.com.ar\/sitio\/#\/schema\/person\/ca0b63bbb977369988a7bbbdc519943a","name":"Gente de B\u00e1squet","image":{"@type":"ImageObject","inLanguage":"es","@id":"https:\/\/secure.gravatar.com\/avatar\/7f2c48bdc33b30088f941fb6082e555f2874c98e20cb159d7b92b50eadfce793?s=96&d=mm&r=g","url":"https:\/\/secure.gravatar.com\/avatar\/7f2c48bdc33b30088f941fb6082e555f2874c98e20cb159d7b92b50eadfce793?s=96&d=mm&r=g","contentUrl":"https:\/\/secure.gravatar.com\/avatar\/7f2c48bdc33b30088f941fb6082e555f2874c98e20cb159d7b92b50eadfce793?s=96&d=mm&r=g","caption":"Gente de B\u00e1squet"},"sameAs":["http:\/\/gentedebasquet.com.ar\/sitio"],"url":"http:\/\/gentedebasquet.com.ar\/sitio\/author\/ulises\/"}]}},"_links":{"self":[{"href":"http:\/\/gentedebasquet.com.ar\/sitio\/wp-json\/wp\/v2\/posts\/36886","targetHints":{"allow":["GET"]}}],"collection":[{"href":"http:\/\/gentedebasquet.com.ar\/sitio\/wp-json\/wp\/v2\/posts"}],"about":[{"href":"http:\/\/gentedebasquet.com.ar\/sitio\/wp-json\/wp\/v2\/types\/post"}],"author":[{"embeddable":true,"href":"http:\/\/gentedebasquet.com.ar\/sitio\/wp-json\/wp\/v2\/users\/1"}],"replies":[{"embeddable":true,"href":"http:\/\/gentedebasquet.com.ar\/sitio\/wp-json\/wp\/v2\/comments?post=36886"}],"version-history":[{"count":0,"href":"http:\/\/gentedebasquet.com.ar\/sitio\/wp-json\/wp\/v2\/posts\/36886\/revisions"}],"wp:featuredmedia":[{"embeddable":true,"href":"http:\/\/gentedebasquet.com.ar\/sitio\/wp-json\/wp\/v2\/media\/36895"}],"wp:attachment":[{"href":"http:\/\/gentedebasquet.com.ar\/sitio\/wp-json\/wp\/v2\/media?parent=36886"}],"wp:term":[{"taxonomy":"category","embeddable":true,"href":"http:\/\/gentedebasquet.com.ar\/sitio\/wp-json\/wp\/v2\/categories?post=36886"},{"taxonomy":"post_tag","embeddable":true,"href":"http:\/\/gentedebasquet.com.ar\/sitio\/wp-json\/wp\/v2\/tags?post=36886"}],"curies":[{"name":"wp","href":"https:\/\/api.w.org\/{rel}","templated":true}]}}