{"id":36992,"date":"2014-08-23T14:21:04","date_gmt":"2014-08-23T17:21:04","guid":{"rendered":"http:\/\/www.gentedebasquet.com.ar\/?p=36992"},"modified":"2014-08-23T14:21:04","modified_gmt":"2014-08-23T17:21:04","slug":"el-albo-u17-hizo-3x1","status":"publish","type":"post","link":"http:\/\/gentedebasquet.com.ar\/sitio\/2014\/08\/23\/el-albo-u17-hizo-3x1\/","title":{"rendered":"El Albo U17 hizo 3&#215;1"},"content":{"rendered":"<p><strong>Estudiantes venci\u00f3 en el Casanova a Villa Mitre 75 a 58, en el partido correspondiente a la primera fecha del Campeonato Hexagonal \u00ab2\u00bb, en Cadetes. \u00a0Tres jugadores fueron los destacados en el local (Ferm\u00edn Garmendia con 12 puntos, Nicol\u00e1s S\u00e1nchez con 15 y Emanuel Fern\u00e1ndez Crisol con 10 y 10 rebotes). \u00a0Mientras que en el tricolor hubo 16 de Santiago Busetti y 12 de Leandro Rapetti.<\/strong><\/p>\n<p>El comienzo del encuentro fue de bajo ritmo, con poca efectividad para ambos conjuntos, que alternaban p\u00e9rdidas y tiros fallidos. \u00a0En 4 minutos de desarrollo, el marcador estaba igualado en apenas 3 unidades. \u00a0Fue Villa Mitre quien dio el quiebre en el cotejo, mediante las dos bombas de tercera dimensi\u00f3n de Leandro Rapetti (8 en el cuarto). \u00a0Pero el Albo sac\u00f3 ventaja mediante penetraciones \u00a0a la pintura gracias al aporte de Ferm\u00edn Garmendia (6) e Ignacio Formiga (6).<\/p>\n<p>El 2C fue de similar desarrollo al primero: el local comenz\u00f3 a rotar mejor el bal\u00f3n y pudo conectar desde el per\u00edmetro mediante Alan Lera y Joaqu\u00edn S\u00e1nchez, mientras que el Fort\u00edn (que tambi\u00e9n tuvo su cuota de larga distancia gracias a dos triples de Juan Dauphin) comenz\u00f3 a llevar la pelota a la pintura, con Tiago Staldecker (6) como su principal arma en la ofensiva en el segmento. \u00a0Al cierre de la primera mitad, fue Estudiantes el que se fue al vestuario arriba en el marcador (31-26).<\/p>\n<p>Pero en el 3C, fue cuando el conjunto de Miguel Loffredo comenz\u00f3 a definir el encuentro a su favor. \u00a0Con el ingreso del gigante Emanuel Fern\u00e1ndez Crisol (de 2,05 m de altura, proveniente de Mar del Plata) en combinaci\u00f3n con Garmendia hicieron estragos en el poste bajo. \u00a0El primero jug\u00f3 sol\u00f3 parte del 2C y de este per\u00edodo pero le bast\u00f3 para concretar un doble doble (10 puntos, 10 rebotes). \u00a0Mientras que Garmendia finaliz\u00f3 el parcial con 6 unidades. \u00a0El Albo gan\u00f3 por 9 el per\u00edodo (25-16) gracias a que anul\u00f3 las penetraciones del tricolor a la zona pintada (con una clara superioridad en altura) y sac\u00f3 una importante ventaja de 14 para encarar el \u00faltimo cuarto.<\/p>\n<p>El cierre del partido no tuvo mayores sobresaltos para los de Loffredo: apareci\u00f3 Nicol\u00e1s S\u00e1nchez en la ofensiva (7) para mantener la tendencia goleadora en el partido. \u00a0El conjunto de Juan Soldini se mantuvo a una distancia relativamente corta a lo largo del segmento gracias a la tarea de Santiago Busetti (7), pero lo realizado por el Albo en el 3C fue determinante para asegurar la victoria.<\/p>\n<p>&nbsp;<\/p>\n<p><span style=\"text-decoration: underline;\"><strong><em>S\u00edntesis:<\/em><\/strong><\/span><\/p>\n<p><strong>Estudiantes 75:\u00a0<\/strong>Nicol\u00e1s S\u00e1nchez 15, Ignacio Formiga 9, Joaqu\u00edn S\u00e1nchez 9, Jos\u00e9 Bellegia 4, Ferm\u00edn Garmendia 12 (FI); Alan Lera 7, Alexis Adri\u00e1n 3, Emanuel Fern\u00e1ndez Crisol 10, Juan Ignacio Gonz\u00e1lez 2, Iv\u00e1n Catani 0 (x). \u00a0D.T: Miguel Loffredo.<\/p>\n<p><strong>Villa Mitre 58:\u00a0<\/strong>Santiago Busetti 16, Ramiro Vitturini 5, Leandro Rapetti 12, Tiago Staldecker 7, Iv\u00e1n Sena 4 (FI); Luciano Balestra 2, Dami\u00e1n Cataldo 0, Juan Dauphin 9, Santiago Parlante 0, Juan Dulzan 1, Facundo Lucchetti 2. \u00a0D.T: Juan Soldini.<\/p>\n<p><strong>Parciales:\u00a0<\/strong>15-11, 31-26 (16-15), 56-42 (25-16), 75-58 (19-16).<\/p>\n<p><strong>\u00c1rbitros:\u00a0<\/strong>Ignacio Cagiao &#8211; Ezequiel Weinbender.<\/p>\n<p><strong>Estadio:\u00a0<\/strong>Osvaldo Casanova (Estudiantes).<\/p>\n<p><a class=\"modalf iframe\" title=\"Planilla\" href=\"https:\/\/docs.google.com\/spreadsheets\/d\/1D8u4PaUXnHMPQJ-R36jgsYS0Uzp3ViELziG6X01DA9g\/pubhtml\" target=\"_blank\" rel=\"noopener\">Ver Planilla<\/a><\/p>\n","protected":false},"excerpt":{"rendered":"<p>Con destellos de Garmendia, Nico S\u00e1nchez y Crisol, Estudiantes venci\u00f3 a Villa Mitre 75-58<\/p>\n","protected":false},"author":1,"featured_media":37093,"comment_status":"closed","ping_status":"open","sticky":false,"template":"","format":"standard","meta":{"jnews-multi-image_gallery":[],"jnews_single_post":[],"jnews_primary_category":[],"footnotes":""},"categories":[101,35],"tags":[876,11,22],"class_list":["post-36992","post","type-post","status-publish","format-standard","has-post-thumbnail","hentry","category-slide","category-u17","tag-emanuel-fernandez-crisol","tag-estudiantes","tag-villa-mitre"],"yoast_head":"<!-- This site is optimized with the Yoast SEO plugin v27.5 - https:\/\/yoast.com\/product\/yoast-seo-wordpress\/ -->\n<title>El Albo U17 hizo 3x1 - Gente de B\u00e1squet<\/title>\n<meta name=\"robots\" content=\"index, follow, max-snippet:-1, max-image-preview:large, max-video-preview:-1\" \/>\n<link rel=\"canonical\" href=\"https:\/\/gentedebasquet.com.ar\/sitio\/2014\/08\/23\/el-albo-u17-hizo-3x1\/\" \/>\n<meta property=\"og:locale\" content=\"es_ES\" \/>\n<meta property=\"og:type\" content=\"article\" \/>\n<meta property=\"og:title\" content=\"El Albo U17 hizo 3x1 - Gente de B\u00e1squet\" \/>\n<meta property=\"og:description\" content=\"Con destellos de Garmendia, Nico S\u00e1nchez y Crisol, Estudiantes venci\u00f3 a Villa Mitre 75-58\" \/>\n<meta property=\"og:url\" content=\"https:\/\/gentedebasquet.com.ar\/sitio\/2014\/08\/23\/el-albo-u17-hizo-3x1\/\" \/>\n<meta property=\"og:site_name\" content=\"Gente de B\u00e1squet\" \/>\n<meta property=\"article:published_time\" content=\"2014-08-23T17:21:04+00:00\" \/>\n<meta property=\"og:image\" content=\"https:\/\/gentedebasquet.com.ar\/sitio\/wp-content\/uploads\/2014\/08\/Estudiantes-Villa-Mitre.jpg\" \/>\n\t<meta property=\"og:image:width\" content=\"690\" \/>\n\t<meta property=\"og:image:height\" content=\"319\" \/>\n\t<meta property=\"og:image:type\" content=\"image\/jpeg\" \/>\n<meta name=\"author\" content=\"Gente de B\u00e1squet\" \/>\n<meta name=\"twitter:card\" content=\"summary_large_image\" \/>\n<meta name=\"twitter:label1\" content=\"Escrito por\" \/>\n\t<meta name=\"twitter:data1\" content=\"Gente de B\u00e1squet\" \/>\n\t<meta name=\"twitter:label2\" content=\"Tiempo de lectura\" \/>\n\t<meta name=\"twitter:data2\" content=\"3 minutos\" \/>\n<script type=\"application\/ld+json\" class=\"yoast-schema-graph\">{\"@context\":\"https:\\\/\\\/schema.org\",\"@graph\":[{\"@type\":\"Article\",\"@id\":\"https:\\\/\\\/gentedebasquet.com.ar\\\/sitio\\\/2014\\\/08\\\/23\\\/el-albo-u17-hizo-3x1\\\/#article\",\"isPartOf\":{\"@id\":\"https:\\\/\\\/gentedebasquet.com.ar\\\/sitio\\\/2014\\\/08\\\/23\\\/el-albo-u17-hizo-3x1\\\/\"},\"author\":{\"name\":\"Gente de B\u00e1squet\",\"@id\":\"https:\\\/\\\/gentedebasquet.com.ar\\\/sitio\\\/#\\\/schema\\\/person\\\/ca0b63bbb977369988a7bbbdc519943a\"},\"headline\":\"El Albo U17 hizo 3&#215;1\",\"datePublished\":\"2014-08-23T17:21:04+00:00\",\"mainEntityOfPage\":{\"@id\":\"https:\\\/\\\/gentedebasquet.com.ar\\\/sitio\\\/2014\\\/08\\\/23\\\/el-albo-u17-hizo-3x1\\\/\"},\"wordCount\":509,\"image\":{\"@id\":\"https:\\\/\\\/gentedebasquet.com.ar\\\/sitio\\\/2014\\\/08\\\/23\\\/el-albo-u17-hizo-3x1\\\/#primaryimage\"},\"thumbnailUrl\":\"http:\\\/\\\/gentedebasquet.com.ar\\\/sitio\\\/wp-content\\\/uploads\\\/2014\\\/08\\\/Estudiantes-Villa-Mitre.jpg\",\"keywords\":[\"Emanuel Fern\u00e1ndez Crisol\",\"Estudiantes\",\"Villa Mitre\"],\"articleSection\":[\"Slide\",\"U17\"],\"inLanguage\":\"es\"},{\"@type\":\"WebPage\",\"@id\":\"https:\\\/\\\/gentedebasquet.com.ar\\\/sitio\\\/2014\\\/08\\\/23\\\/el-albo-u17-hizo-3x1\\\/\",\"url\":\"https:\\\/\\\/gentedebasquet.com.ar\\\/sitio\\\/2014\\\/08\\\/23\\\/el-albo-u17-hizo-3x1\\\/\",\"name\":\"El Albo U17 hizo 3x1 - Gente de B\u00e1squet\",\"isPartOf\":{\"@id\":\"https:\\\/\\\/gentedebasquet.com.ar\\\/sitio\\\/#website\"},\"primaryImageOfPage\":{\"@id\":\"https:\\\/\\\/gentedebasquet.com.ar\\\/sitio\\\/2014\\\/08\\\/23\\\/el-albo-u17-hizo-3x1\\\/#primaryimage\"},\"image\":{\"@id\":\"https:\\\/\\\/gentedebasquet.com.ar\\\/sitio\\\/2014\\\/08\\\/23\\\/el-albo-u17-hizo-3x1\\\/#primaryimage\"},\"thumbnailUrl\":\"http:\\\/\\\/gentedebasquet.com.ar\\\/sitio\\\/wp-content\\\/uploads\\\/2014\\\/08\\\/Estudiantes-Villa-Mitre.jpg\",\"datePublished\":\"2014-08-23T17:21:04+00:00\",\"author\":{\"@id\":\"https:\\\/\\\/gentedebasquet.com.ar\\\/sitio\\\/#\\\/schema\\\/person\\\/ca0b63bbb977369988a7bbbdc519943a\"},\"breadcrumb\":{\"@id\":\"https:\\\/\\\/gentedebasquet.com.ar\\\/sitio\\\/2014\\\/08\\\/23\\\/el-albo-u17-hizo-3x1\\\/#breadcrumb\"},\"inLanguage\":\"es\",\"potentialAction\":[{\"@type\":\"ReadAction\",\"target\":[\"https:\\\/\\\/gentedebasquet.com.ar\\\/sitio\\\/2014\\\/08\\\/23\\\/el-albo-u17-hizo-3x1\\\/\"]}]},{\"@type\":\"ImageObject\",\"inLanguage\":\"es\",\"@id\":\"https:\\\/\\\/gentedebasquet.com.ar\\\/sitio\\\/2014\\\/08\\\/23\\\/el-albo-u17-hizo-3x1\\\/#primaryimage\",\"url\":\"http:\\\/\\\/gentedebasquet.com.ar\\\/sitio\\\/wp-content\\\/uploads\\\/2014\\\/08\\\/Estudiantes-Villa-Mitre.jpg\",\"contentUrl\":\"http:\\\/\\\/gentedebasquet.com.ar\\\/sitio\\\/wp-content\\\/uploads\\\/2014\\\/08\\\/Estudiantes-Villa-Mitre.jpg\",\"width\":690,\"height\":319},{\"@type\":\"BreadcrumbList\",\"@id\":\"https:\\\/\\\/gentedebasquet.com.ar\\\/sitio\\\/2014\\\/08\\\/23\\\/el-albo-u17-hizo-3x1\\\/#breadcrumb\",\"itemListElement\":[{\"@type\":\"ListItem\",\"position\":1,\"name\":\"Portada\",\"item\":\"https:\\\/\\\/gentedebasquet.com.ar\\\/sitio\\\/\"},{\"@type\":\"ListItem\",\"position\":2,\"name\":\"El Albo U17 hizo 3&#215;1\"}]},{\"@type\":\"WebSite\",\"@id\":\"https:\\\/\\\/gentedebasquet.com.ar\\\/sitio\\\/#website\",\"url\":\"https:\\\/\\\/gentedebasquet.com.ar\\\/sitio\\\/\",\"name\":\"Gente de B\u00e1squet\",\"description\":\"La revista del basquet de Bah\u00eda Blanca\",\"potentialAction\":[{\"@type\":\"SearchAction\",\"target\":{\"@type\":\"EntryPoint\",\"urlTemplate\":\"https:\\\/\\\/gentedebasquet.com.ar\\\/sitio\\\/?s={search_term_string}\"},\"query-input\":{\"@type\":\"PropertyValueSpecification\",\"valueRequired\":true,\"valueName\":\"search_term_string\"}}],\"inLanguage\":\"es\"},{\"@type\":\"Person\",\"@id\":\"https:\\\/\\\/gentedebasquet.com.ar\\\/sitio\\\/#\\\/schema\\\/person\\\/ca0b63bbb977369988a7bbbdc519943a\",\"name\":\"Gente de B\u00e1squet\",\"image\":{\"@type\":\"ImageObject\",\"inLanguage\":\"es\",\"@id\":\"https:\\\/\\\/secure.gravatar.com\\\/avatar\\\/7f2c48bdc33b30088f941fb6082e555f2874c98e20cb159d7b92b50eadfce793?s=96&d=mm&r=g\",\"url\":\"https:\\\/\\\/secure.gravatar.com\\\/avatar\\\/7f2c48bdc33b30088f941fb6082e555f2874c98e20cb159d7b92b50eadfce793?s=96&d=mm&r=g\",\"contentUrl\":\"https:\\\/\\\/secure.gravatar.com\\\/avatar\\\/7f2c48bdc33b30088f941fb6082e555f2874c98e20cb159d7b92b50eadfce793?s=96&d=mm&r=g\",\"caption\":\"Gente de B\u00e1squet\"},\"sameAs\":[\"http:\\\/\\\/gentedebasquet.com.ar\\\/sitio\"],\"url\":\"http:\\\/\\\/gentedebasquet.com.ar\\\/sitio\\\/author\\\/ulises\\\/\"}]}<\/script>\n<!-- \/ Yoast SEO plugin. -->","yoast_head_json":{"title":"El Albo U17 hizo 3x1 - Gente de B\u00e1squet","robots":{"index":"index","follow":"follow","max-snippet":"max-snippet:-1","max-image-preview":"max-image-preview:large","max-video-preview":"max-video-preview:-1"},"canonical":"https:\/\/gentedebasquet.com.ar\/sitio\/2014\/08\/23\/el-albo-u17-hizo-3x1\/","og_locale":"es_ES","og_type":"article","og_title":"El Albo U17 hizo 3x1 - Gente de B\u00e1squet","og_description":"Con destellos de Garmendia, Nico S\u00e1nchez y Crisol, Estudiantes venci\u00f3 a Villa Mitre 75-58","og_url":"https:\/\/gentedebasquet.com.ar\/sitio\/2014\/08\/23\/el-albo-u17-hizo-3x1\/","og_site_name":"Gente de B\u00e1squet","article_published_time":"2014-08-23T17:21:04+00:00","og_image":[{"width":690,"height":319,"url":"https:\/\/gentedebasquet.com.ar\/sitio\/wp-content\/uploads\/2014\/08\/Estudiantes-Villa-Mitre.jpg","type":"image\/jpeg"}],"author":"Gente de B\u00e1squet","twitter_card":"summary_large_image","twitter_misc":{"Escrito por":"Gente de B\u00e1squet","Tiempo de lectura":"3 minutos"},"schema":{"@context":"https:\/\/schema.org","@graph":[{"@type":"Article","@id":"https:\/\/gentedebasquet.com.ar\/sitio\/2014\/08\/23\/el-albo-u17-hizo-3x1\/#article","isPartOf":{"@id":"https:\/\/gentedebasquet.com.ar\/sitio\/2014\/08\/23\/el-albo-u17-hizo-3x1\/"},"author":{"name":"Gente de B\u00e1squet","@id":"https:\/\/gentedebasquet.com.ar\/sitio\/#\/schema\/person\/ca0b63bbb977369988a7bbbdc519943a"},"headline":"El Albo U17 hizo 3&#215;1","datePublished":"2014-08-23T17:21:04+00:00","mainEntityOfPage":{"@id":"https:\/\/gentedebasquet.com.ar\/sitio\/2014\/08\/23\/el-albo-u17-hizo-3x1\/"},"wordCount":509,"image":{"@id":"https:\/\/gentedebasquet.com.ar\/sitio\/2014\/08\/23\/el-albo-u17-hizo-3x1\/#primaryimage"},"thumbnailUrl":"http:\/\/gentedebasquet.com.ar\/sitio\/wp-content\/uploads\/2014\/08\/Estudiantes-Villa-Mitre.jpg","keywords":["Emanuel Fern\u00e1ndez Crisol","Estudiantes","Villa Mitre"],"articleSection":["Slide","U17"],"inLanguage":"es"},{"@type":"WebPage","@id":"https:\/\/gentedebasquet.com.ar\/sitio\/2014\/08\/23\/el-albo-u17-hizo-3x1\/","url":"https:\/\/gentedebasquet.com.ar\/sitio\/2014\/08\/23\/el-albo-u17-hizo-3x1\/","name":"El Albo U17 hizo 3x1 - Gente de B\u00e1squet","isPartOf":{"@id":"https:\/\/gentedebasquet.com.ar\/sitio\/#website"},"primaryImageOfPage":{"@id":"https:\/\/gentedebasquet.com.ar\/sitio\/2014\/08\/23\/el-albo-u17-hizo-3x1\/#primaryimage"},"image":{"@id":"https:\/\/gentedebasquet.com.ar\/sitio\/2014\/08\/23\/el-albo-u17-hizo-3x1\/#primaryimage"},"thumbnailUrl":"http:\/\/gentedebasquet.com.ar\/sitio\/wp-content\/uploads\/2014\/08\/Estudiantes-Villa-Mitre.jpg","datePublished":"2014-08-23T17:21:04+00:00","author":{"@id":"https:\/\/gentedebasquet.com.ar\/sitio\/#\/schema\/person\/ca0b63bbb977369988a7bbbdc519943a"},"breadcrumb":{"@id":"https:\/\/gentedebasquet.com.ar\/sitio\/2014\/08\/23\/el-albo-u17-hizo-3x1\/#breadcrumb"},"inLanguage":"es","potentialAction":[{"@type":"ReadAction","target":["https:\/\/gentedebasquet.com.ar\/sitio\/2014\/08\/23\/el-albo-u17-hizo-3x1\/"]}]},{"@type":"ImageObject","inLanguage":"es","@id":"https:\/\/gentedebasquet.com.ar\/sitio\/2014\/08\/23\/el-albo-u17-hizo-3x1\/#primaryimage","url":"http:\/\/gentedebasquet.com.ar\/sitio\/wp-content\/uploads\/2014\/08\/Estudiantes-Villa-Mitre.jpg","contentUrl":"http:\/\/gentedebasquet.com.ar\/sitio\/wp-content\/uploads\/2014\/08\/Estudiantes-Villa-Mitre.jpg","width":690,"height":319},{"@type":"BreadcrumbList","@id":"https:\/\/gentedebasquet.com.ar\/sitio\/2014\/08\/23\/el-albo-u17-hizo-3x1\/#breadcrumb","itemListElement":[{"@type":"ListItem","position":1,"name":"Portada","item":"https:\/\/gentedebasquet.com.ar\/sitio\/"},{"@type":"ListItem","position":2,"name":"El Albo U17 hizo 3&#215;1"}]},{"@type":"WebSite","@id":"https:\/\/gentedebasquet.com.ar\/sitio\/#website","url":"https:\/\/gentedebasquet.com.ar\/sitio\/","name":"Gente de B\u00e1squet","description":"La revista del basquet de Bah\u00eda Blanca","potentialAction":[{"@type":"SearchAction","target":{"@type":"EntryPoint","urlTemplate":"https:\/\/gentedebasquet.com.ar\/sitio\/?s={search_term_string}"},"query-input":{"@type":"PropertyValueSpecification","valueRequired":true,"valueName":"search_term_string"}}],"inLanguage":"es"},{"@type":"Person","@id":"https:\/\/gentedebasquet.com.ar\/sitio\/#\/schema\/person\/ca0b63bbb977369988a7bbbdc519943a","name":"Gente de B\u00e1squet","image":{"@type":"ImageObject","inLanguage":"es","@id":"https:\/\/secure.gravatar.com\/avatar\/7f2c48bdc33b30088f941fb6082e555f2874c98e20cb159d7b92b50eadfce793?s=96&d=mm&r=g","url":"https:\/\/secure.gravatar.com\/avatar\/7f2c48bdc33b30088f941fb6082e555f2874c98e20cb159d7b92b50eadfce793?s=96&d=mm&r=g","contentUrl":"https:\/\/secure.gravatar.com\/avatar\/7f2c48bdc33b30088f941fb6082e555f2874c98e20cb159d7b92b50eadfce793?s=96&d=mm&r=g","caption":"Gente de B\u00e1squet"},"sameAs":["http:\/\/gentedebasquet.com.ar\/sitio"],"url":"http:\/\/gentedebasquet.com.ar\/sitio\/author\/ulises\/"}]}},"_links":{"self":[{"href":"http:\/\/gentedebasquet.com.ar\/sitio\/wp-json\/wp\/v2\/posts\/36992","targetHints":{"allow":["GET"]}}],"collection":[{"href":"http:\/\/gentedebasquet.com.ar\/sitio\/wp-json\/wp\/v2\/posts"}],"about":[{"href":"http:\/\/gentedebasquet.com.ar\/sitio\/wp-json\/wp\/v2\/types\/post"}],"author":[{"embeddable":true,"href":"http:\/\/gentedebasquet.com.ar\/sitio\/wp-json\/wp\/v2\/users\/1"}],"replies":[{"embeddable":true,"href":"http:\/\/gentedebasquet.com.ar\/sitio\/wp-json\/wp\/v2\/comments?post=36992"}],"version-history":[{"count":0,"href":"http:\/\/gentedebasquet.com.ar\/sitio\/wp-json\/wp\/v2\/posts\/36992\/revisions"}],"wp:featuredmedia":[{"embeddable":true,"href":"http:\/\/gentedebasquet.com.ar\/sitio\/wp-json\/wp\/v2\/media\/37093"}],"wp:attachment":[{"href":"http:\/\/gentedebasquet.com.ar\/sitio\/wp-json\/wp\/v2\/media?parent=36992"}],"wp:term":[{"taxonomy":"category","embeddable":true,"href":"http:\/\/gentedebasquet.com.ar\/sitio\/wp-json\/wp\/v2\/categories?post=36992"},{"taxonomy":"post_tag","embeddable":true,"href":"http:\/\/gentedebasquet.com.ar\/sitio\/wp-json\/wp\/v2\/tags?post=36992"}],"curies":[{"name":"wp","href":"https:\/\/api.w.org\/{rel}","templated":true}]}}