{"id":37006,"date":"2014-08-24T19:07:19","date_gmt":"2014-08-24T22:07:19","guid":{"rendered":"http:\/\/www.gentedebasquet.com.ar\/?p=37006"},"modified":"2014-08-24T19:07:19","modified_gmt":"2014-08-24T22:07:19","slug":"barracas-pego-el-salto-inicial","status":"publish","type":"post","link":"http:\/\/gentedebasquet.com.ar\/sitio\/2014\/08\/24\/barracas-pego-el-salto-inicial\/","title":{"rendered":"Barracas peg\u00f3 el salto inicial"},"content":{"rendered":"<p><strong>Manteniendo el ritmo y la agresividad durante toda la tarde, el conjunto de Juan Gabriel Iturralde venci\u00f3 a Sportivo Bahiense por 59 a 36. Fue el inicio de la tercera etapa del b\u00e1squetbol femenino de primera divisi\u00f3n, organizado por la Asociaci\u00f3n Bahiense, tras 11 a\u00f1os de inactividad. Antonela Zabala (14 y 7 rebotes), Roc\u00edo Conti (8 y 8), Vanina Eguren (7) y Ayel\u00e9n De la Puente (6 y 5 robos) se destacaron en el visitante. El local mostr\u00f3 buenas actuaciones de Magdalena Bante (14 con 5\/7 en cancha) y Roc\u00edo Garc\u00eda Wild (10 y 7 tableros). el jueves completar\u00e1n la jornada inaugural 9 de Julio e Independiente.<\/strong><\/p>\n<p>Tras 11 a\u00f1os de lucha, incertidumbre y partidos zonales, la Asociaci\u00f3n Bahiense se hizo cargo y el b\u00e1squet femenino de primera divisi\u00f3n volvi\u00f3 a disputarse de manera oficial en Bah\u00eda Blanca. La historia se\u00f1alar\u00e1 que en el tercer per\u00edodo (si consideramos los anteriores, entre 1953-1961 y 1997-2003), Barracas Central se mostr\u00f3 m\u00e1s en\u00e9rgico y termin\u00f3 derrotando con suficiencia a Sportivo Bahiense, por 59 a 36.<\/p>\n<p>El inicio fue de poco vuelo, con malas decisiones y mucha presi\u00f3n de ambos bandos. La zona planteada por Juan Gabriel Iturralde dio algunos r\u00e9ditos, Eguren sum\u00f3 en el canasto ajeno y Barracas se puso al frente, a\u00fan con un marcador muy bajo. El 2C se mantuvo en la misma l\u00ednea de juego, pero a la defensa zonal del local, Barracas le encontr\u00f3 un defecto profundizando con Antonela Zabala. As\u00ed logr\u00f3 7 puntos de ventaja (9-16), antes de irse al descanso largo.<\/p>\n<p>Ya en el complemento se vio un partido distinto. El visitante sell\u00f3 un parcial de 9-2 y escap\u00f3 25-13. Zabala continu\u00f3 haciendo de las suyas en la pintura, Julieta Ortiz colabor\u00f3 cerca de los tableros y la presi\u00f3n comenz\u00f3 a ser constante. Adem\u00e1s, Barracas mantuvo el ritmo en ofensiva, corri\u00f3 bien la cancha y se adue\u00f1\u00f3 de la tarde. Una jugada de doble y falta de Eguren y el \u00faltimo doble del cuarto, de roc\u00edo Conti, pr\u00e1cticamente sin tiempo, fueron un mazazo para las locales.<\/p>\n<p>No obstante, Magdalena Bante, jugando una contra uno, y el interesante aporte de Nerina Mu\u00f1\u00f3z y Roc\u00edo Garc\u00eda Wild en la pintura, animaron al p\u00fablico local, al tiempo que su equipo recort\u00f3 a 14 la ventaja en contra (27-41). Pero Barracas lleg\u00f3 con m\u00e1s piernas al cierre, Conti y Gal\u00e9 siguieron efectivas y entre Ayel\u00e9n De la Puente y Bel\u00e9n Labiano se encargaron, desde la base, de bajarle la persiana al partido que abri\u00f3 la ilusi\u00f3n.<\/p>\n<p>&nbsp;<\/p>\n<p>[vimeo]http:\/\/vimeo.com\/104336837[\/vimeo]<\/p>\n<p>&nbsp;<\/p>\n<p><span style=\"text-decoration: underline;\"><em><strong>S\u00edntesis:<\/strong><\/em><\/span><\/p>\n<p><strong>Sportivo 36:<\/strong>\u00a0Magal\u00ed De la Puente 1,\u00a0Juana Casali 2,\u00a0Magdalena Bante 14,\u00a0Roc\u00edo Garc\u00eda Wild 10 y Daniela\u00a0Neimann 0 (FI);\u00a0Nerina Mu\u00f1\u00f3z 0,\u00a0Sof\u00eda Irigoyen 5,\u00a0Roc\u00edo Hammerschmidt 2,\u00a0Ana Galassi 2 y\u00a0Luz Schmidt 0.\u00a0DT. Mario Minervino.<\/p>\n<p><strong>Barracas:<\/strong> Ayel\u00e9n De la Puente 6,\u00a0Julieta Ortiz 4,\u00a0Vanina Eguren 7,\u00a0Florencia Arias 0 (x) y\u00a0Roc\u00edo Conti 8 (FI);\u00a0Natalia Pirillo 4,\u00a0Maribel Gal\u00e9 6,\u00a0Antonela Zabala 14,\u00a0Bel\u00e9n Labiano 5,\u00a0Mariana Arias 3,\u00a0Micaela Puthod 0 y\u00a0Georgina Fornetti 2. DT: Juan Gabriel Iturralde.<\/p>\n<p><strong>Parciales:<\/strong>\u00a06-8, 11-16 (5-8), 25-39 (14-23) y 36-59 (11-20).<\/p>\n<p><strong>\u00c1rbitros:<\/strong> Alberto Arlengui &#8211; \u00c1ngel Rizzo.<\/p>\n<p><strong>Estadio:<\/strong> Eladio Santos (Sportivo).<\/p>\n<p><a class=\"modalf iframe\" title=\"Planilla\" href=\"https:\/\/docs.google.com\/spreadsheets\/d\/1HBN8YfWHpUlygYgqyUMyTO50EVexnrxauk5zkaU0k9Y\/pubhtml\" target=\"_blank\" rel=\"noopener\">Ver Planilla<\/a><\/p>\n<p>&nbsp;<\/p>\n<h5 style=\"text-align: center;\">SPORTIVO BAHIENSE<\/h5>\n<p><a href=\"http:\/\/www.gentedebasquet.com.ar\/wp-content\/uploads\/2014\/08\/Sportivo-Femenino.jpg\"><img decoding=\"async\" class=\"aligncenter size-full wp-image-37014\" alt=\"Sportivo Femenino\" src=\"http:\/\/www.gentedebasquet.com.ar\/wp-content\/uploads\/2014\/08\/Sportivo-Femenino.jpg\" width=\"640\" height=\"464\" srcset=\"http:\/\/gentedebasquet.com.ar\/sitio\/wp-content\/uploads\/2014\/08\/Sportivo-Femenino.jpg 640w, http:\/\/gentedebasquet.com.ar\/sitio\/wp-content\/uploads\/2014\/08\/Sportivo-Femenino-300x218.jpg 300w\" sizes=\"(max-width: 640px) 100vw, 640px\" \/><\/a><\/p>\n<h5 style=\"text-align: center;\">BARRACAS CENTRAL<\/h5>\n<p><a href=\"http:\/\/www.gentedebasquet.com.ar\/wp-content\/uploads\/2014\/08\/Barracas-Femenino.jpg\"><img decoding=\"async\" class=\"aligncenter size-full wp-image-37013\" alt=\"Barracas Femenino\" src=\"http:\/\/www.gentedebasquet.com.ar\/wp-content\/uploads\/2014\/08\/Barracas-Femenino.jpg\" width=\"640\" height=\"484\" srcset=\"http:\/\/gentedebasquet.com.ar\/sitio\/wp-content\/uploads\/2014\/08\/Barracas-Femenino.jpg 640w, http:\/\/gentedebasquet.com.ar\/sitio\/wp-content\/uploads\/2014\/08\/Barracas-Femenino-300x227.jpg 300w\" sizes=\"(max-width: 640px) 100vw, 640px\" \/><\/a><\/p>\n<p><strong>Fotos:<\/strong> Romina Sald\u00edas.<\/p>\n","protected":false},"excerpt":{"rendered":"<p>Venci\u00f3 a Sportivo 59 a 36 en el regreso del b\u00e1squet femenino de Primera a la ciudad<\/p>\n","protected":false},"author":1,"featured_media":37012,"comment_status":"closed","ping_status":"open","sticky":false,"template":"","format":"standard","meta":{"jnews-multi-image_gallery":[],"jnews_single_post":[],"jnews_primary_category":[],"footnotes":""},"categories":[33,526,101],"tags":[6,20],"class_list":["post-37006","post","type-post","status-publish","format-standard","has-post-thumbnail","hentry","category-femenino","category-primera-femenino-2","category-slide","tag-barracas-central","tag-sportivo-bahiense"],"yoast_head":"<!-- This site is optimized with the Yoast SEO plugin v27.5 - https:\/\/yoast.com\/product\/yoast-seo-wordpress\/ -->\n<title>Barracas peg\u00f3 el salto inicial - Gente de B\u00e1squet<\/title>\n<meta name=\"robots\" content=\"index, follow, max-snippet:-1, max-image-preview:large, max-video-preview:-1\" \/>\n<link rel=\"canonical\" href=\"http:\/\/gentedebasquet.com.ar\/sitio\/2014\/08\/24\/barracas-pego-el-salto-inicial\/\" \/>\n<meta property=\"og:locale\" content=\"es_ES\" \/>\n<meta property=\"og:type\" content=\"article\" \/>\n<meta property=\"og:title\" content=\"Barracas peg\u00f3 el salto inicial - Gente de B\u00e1squet\" \/>\n<meta property=\"og:description\" content=\"Venci\u00f3 a Sportivo 59 a 36 en el regreso del b\u00e1squet femenino de Primera a la ciudad\" \/>\n<meta property=\"og:url\" content=\"http:\/\/gentedebasquet.com.ar\/sitio\/2014\/08\/24\/barracas-pego-el-salto-inicial\/\" \/>\n<meta property=\"og:site_name\" content=\"Gente de B\u00e1squet\" \/>\n<meta property=\"article:published_time\" content=\"2014-08-24T22:07:19+00:00\" \/>\n<meta property=\"og:image\" content=\"http:\/\/gentedebasquet.com.ar\/sitio\/wp-content\/uploads\/2014\/08\/Sportivo-Barracas-Femenino.jpg\" \/>\n\t<meta property=\"og:image:width\" content=\"690\" \/>\n\t<meta property=\"og:image:height\" content=\"319\" \/>\n\t<meta property=\"og:image:type\" content=\"image\/jpeg\" \/>\n<meta name=\"author\" content=\"Gente de B\u00e1squet\" \/>\n<meta name=\"twitter:card\" content=\"summary_large_image\" \/>\n<meta name=\"twitter:label1\" content=\"Escrito por\" \/>\n\t<meta name=\"twitter:data1\" content=\"Gente de B\u00e1squet\" \/>\n\t<meta name=\"twitter:label2\" content=\"Tiempo de lectura\" \/>\n\t<meta name=\"twitter:data2\" content=\"3 minutos\" \/>\n<script type=\"application\/ld+json\" class=\"yoast-schema-graph\">{\"@context\":\"https:\\\/\\\/schema.org\",\"@graph\":[{\"@type\":\"Article\",\"@id\":\"http:\\\/\\\/gentedebasquet.com.ar\\\/sitio\\\/2014\\\/08\\\/24\\\/barracas-pego-el-salto-inicial\\\/#article\",\"isPartOf\":{\"@id\":\"http:\\\/\\\/gentedebasquet.com.ar\\\/sitio\\\/2014\\\/08\\\/24\\\/barracas-pego-el-salto-inicial\\\/\"},\"author\":{\"name\":\"Gente de B\u00e1squet\",\"@id\":\"https:\\\/\\\/gentedebasquet.com.ar\\\/sitio\\\/#\\\/schema\\\/person\\\/ca0b63bbb977369988a7bbbdc519943a\"},\"headline\":\"Barracas peg\u00f3 el salto inicial\",\"datePublished\":\"2014-08-24T22:07:19+00:00\",\"mainEntityOfPage\":{\"@id\":\"http:\\\/\\\/gentedebasquet.com.ar\\\/sitio\\\/2014\\\/08\\\/24\\\/barracas-pego-el-salto-inicial\\\/\"},\"wordCount\":546,\"image\":{\"@id\":\"http:\\\/\\\/gentedebasquet.com.ar\\\/sitio\\\/2014\\\/08\\\/24\\\/barracas-pego-el-salto-inicial\\\/#primaryimage\"},\"thumbnailUrl\":\"http:\\\/\\\/gentedebasquet.com.ar\\\/sitio\\\/wp-content\\\/uploads\\\/2014\\\/08\\\/Sportivo-Barracas-Femenino.jpg\",\"keywords\":[\"Barracas Central\",\"Sportivo Bahiense\"],\"articleSection\":[\"Femenino\",\"Primera Femenino\",\"Slide\"],\"inLanguage\":\"es\"},{\"@type\":\"WebPage\",\"@id\":\"http:\\\/\\\/gentedebasquet.com.ar\\\/sitio\\\/2014\\\/08\\\/24\\\/barracas-pego-el-salto-inicial\\\/\",\"url\":\"http:\\\/\\\/gentedebasquet.com.ar\\\/sitio\\\/2014\\\/08\\\/24\\\/barracas-pego-el-salto-inicial\\\/\",\"name\":\"Barracas peg\u00f3 el salto inicial - Gente de B\u00e1squet\",\"isPartOf\":{\"@id\":\"https:\\\/\\\/gentedebasquet.com.ar\\\/sitio\\\/#website\"},\"primaryImageOfPage\":{\"@id\":\"http:\\\/\\\/gentedebasquet.com.ar\\\/sitio\\\/2014\\\/08\\\/24\\\/barracas-pego-el-salto-inicial\\\/#primaryimage\"},\"image\":{\"@id\":\"http:\\\/\\\/gentedebasquet.com.ar\\\/sitio\\\/2014\\\/08\\\/24\\\/barracas-pego-el-salto-inicial\\\/#primaryimage\"},\"thumbnailUrl\":\"http:\\\/\\\/gentedebasquet.com.ar\\\/sitio\\\/wp-content\\\/uploads\\\/2014\\\/08\\\/Sportivo-Barracas-Femenino.jpg\",\"datePublished\":\"2014-08-24T22:07:19+00:00\",\"author\":{\"@id\":\"https:\\\/\\\/gentedebasquet.com.ar\\\/sitio\\\/#\\\/schema\\\/person\\\/ca0b63bbb977369988a7bbbdc519943a\"},\"breadcrumb\":{\"@id\":\"http:\\\/\\\/gentedebasquet.com.ar\\\/sitio\\\/2014\\\/08\\\/24\\\/barracas-pego-el-salto-inicial\\\/#breadcrumb\"},\"inLanguage\":\"es\",\"potentialAction\":[{\"@type\":\"ReadAction\",\"target\":[\"http:\\\/\\\/gentedebasquet.com.ar\\\/sitio\\\/2014\\\/08\\\/24\\\/barracas-pego-el-salto-inicial\\\/\"]}]},{\"@type\":\"ImageObject\",\"inLanguage\":\"es\",\"@id\":\"http:\\\/\\\/gentedebasquet.com.ar\\\/sitio\\\/2014\\\/08\\\/24\\\/barracas-pego-el-salto-inicial\\\/#primaryimage\",\"url\":\"http:\\\/\\\/gentedebasquet.com.ar\\\/sitio\\\/wp-content\\\/uploads\\\/2014\\\/08\\\/Sportivo-Barracas-Femenino.jpg\",\"contentUrl\":\"http:\\\/\\\/gentedebasquet.com.ar\\\/sitio\\\/wp-content\\\/uploads\\\/2014\\\/08\\\/Sportivo-Barracas-Femenino.jpg\",\"width\":690,\"height\":319},{\"@type\":\"BreadcrumbList\",\"@id\":\"http:\\\/\\\/gentedebasquet.com.ar\\\/sitio\\\/2014\\\/08\\\/24\\\/barracas-pego-el-salto-inicial\\\/#breadcrumb\",\"itemListElement\":[{\"@type\":\"ListItem\",\"position\":1,\"name\":\"Portada\",\"item\":\"https:\\\/\\\/gentedebasquet.com.ar\\\/sitio\\\/\"},{\"@type\":\"ListItem\",\"position\":2,\"name\":\"Barracas peg\u00f3 el salto inicial\"}]},{\"@type\":\"WebSite\",\"@id\":\"https:\\\/\\\/gentedebasquet.com.ar\\\/sitio\\\/#website\",\"url\":\"https:\\\/\\\/gentedebasquet.com.ar\\\/sitio\\\/\",\"name\":\"Gente de B\u00e1squet\",\"description\":\"La revista del basquet de Bah\u00eda Blanca\",\"potentialAction\":[{\"@type\":\"SearchAction\",\"target\":{\"@type\":\"EntryPoint\",\"urlTemplate\":\"https:\\\/\\\/gentedebasquet.com.ar\\\/sitio\\\/?s={search_term_string}\"},\"query-input\":{\"@type\":\"PropertyValueSpecification\",\"valueRequired\":true,\"valueName\":\"search_term_string\"}}],\"inLanguage\":\"es\"},{\"@type\":\"Person\",\"@id\":\"https:\\\/\\\/gentedebasquet.com.ar\\\/sitio\\\/#\\\/schema\\\/person\\\/ca0b63bbb977369988a7bbbdc519943a\",\"name\":\"Gente de B\u00e1squet\",\"image\":{\"@type\":\"ImageObject\",\"inLanguage\":\"es\",\"@id\":\"https:\\\/\\\/secure.gravatar.com\\\/avatar\\\/7f2c48bdc33b30088f941fb6082e555f2874c98e20cb159d7b92b50eadfce793?s=96&d=mm&r=g\",\"url\":\"https:\\\/\\\/secure.gravatar.com\\\/avatar\\\/7f2c48bdc33b30088f941fb6082e555f2874c98e20cb159d7b92b50eadfce793?s=96&d=mm&r=g\",\"contentUrl\":\"https:\\\/\\\/secure.gravatar.com\\\/avatar\\\/7f2c48bdc33b30088f941fb6082e555f2874c98e20cb159d7b92b50eadfce793?s=96&d=mm&r=g\",\"caption\":\"Gente de B\u00e1squet\"},\"sameAs\":[\"http:\\\/\\\/gentedebasquet.com.ar\\\/sitio\"],\"url\":\"http:\\\/\\\/gentedebasquet.com.ar\\\/sitio\\\/author\\\/ulises\\\/\"}]}<\/script>\n<!-- \/ Yoast SEO plugin. -->","yoast_head_json":{"title":"Barracas peg\u00f3 el salto inicial - Gente de B\u00e1squet","robots":{"index":"index","follow":"follow","max-snippet":"max-snippet:-1","max-image-preview":"max-image-preview:large","max-video-preview":"max-video-preview:-1"},"canonical":"http:\/\/gentedebasquet.com.ar\/sitio\/2014\/08\/24\/barracas-pego-el-salto-inicial\/","og_locale":"es_ES","og_type":"article","og_title":"Barracas peg\u00f3 el salto inicial - Gente de B\u00e1squet","og_description":"Venci\u00f3 a Sportivo 59 a 36 en el regreso del b\u00e1squet femenino de Primera a la ciudad","og_url":"http:\/\/gentedebasquet.com.ar\/sitio\/2014\/08\/24\/barracas-pego-el-salto-inicial\/","og_site_name":"Gente de B\u00e1squet","article_published_time":"2014-08-24T22:07:19+00:00","og_image":[{"width":690,"height":319,"url":"http:\/\/gentedebasquet.com.ar\/sitio\/wp-content\/uploads\/2014\/08\/Sportivo-Barracas-Femenino.jpg","type":"image\/jpeg"}],"author":"Gente de B\u00e1squet","twitter_card":"summary_large_image","twitter_misc":{"Escrito por":"Gente de B\u00e1squet","Tiempo de lectura":"3 minutos"},"schema":{"@context":"https:\/\/schema.org","@graph":[{"@type":"Article","@id":"http:\/\/gentedebasquet.com.ar\/sitio\/2014\/08\/24\/barracas-pego-el-salto-inicial\/#article","isPartOf":{"@id":"http:\/\/gentedebasquet.com.ar\/sitio\/2014\/08\/24\/barracas-pego-el-salto-inicial\/"},"author":{"name":"Gente de B\u00e1squet","@id":"https:\/\/gentedebasquet.com.ar\/sitio\/#\/schema\/person\/ca0b63bbb977369988a7bbbdc519943a"},"headline":"Barracas peg\u00f3 el salto inicial","datePublished":"2014-08-24T22:07:19+00:00","mainEntityOfPage":{"@id":"http:\/\/gentedebasquet.com.ar\/sitio\/2014\/08\/24\/barracas-pego-el-salto-inicial\/"},"wordCount":546,"image":{"@id":"http:\/\/gentedebasquet.com.ar\/sitio\/2014\/08\/24\/barracas-pego-el-salto-inicial\/#primaryimage"},"thumbnailUrl":"http:\/\/gentedebasquet.com.ar\/sitio\/wp-content\/uploads\/2014\/08\/Sportivo-Barracas-Femenino.jpg","keywords":["Barracas Central","Sportivo Bahiense"],"articleSection":["Femenino","Primera Femenino","Slide"],"inLanguage":"es"},{"@type":"WebPage","@id":"http:\/\/gentedebasquet.com.ar\/sitio\/2014\/08\/24\/barracas-pego-el-salto-inicial\/","url":"http:\/\/gentedebasquet.com.ar\/sitio\/2014\/08\/24\/barracas-pego-el-salto-inicial\/","name":"Barracas peg\u00f3 el salto inicial - Gente de B\u00e1squet","isPartOf":{"@id":"https:\/\/gentedebasquet.com.ar\/sitio\/#website"},"primaryImageOfPage":{"@id":"http:\/\/gentedebasquet.com.ar\/sitio\/2014\/08\/24\/barracas-pego-el-salto-inicial\/#primaryimage"},"image":{"@id":"http:\/\/gentedebasquet.com.ar\/sitio\/2014\/08\/24\/barracas-pego-el-salto-inicial\/#primaryimage"},"thumbnailUrl":"http:\/\/gentedebasquet.com.ar\/sitio\/wp-content\/uploads\/2014\/08\/Sportivo-Barracas-Femenino.jpg","datePublished":"2014-08-24T22:07:19+00:00","author":{"@id":"https:\/\/gentedebasquet.com.ar\/sitio\/#\/schema\/person\/ca0b63bbb977369988a7bbbdc519943a"},"breadcrumb":{"@id":"http:\/\/gentedebasquet.com.ar\/sitio\/2014\/08\/24\/barracas-pego-el-salto-inicial\/#breadcrumb"},"inLanguage":"es","potentialAction":[{"@type":"ReadAction","target":["http:\/\/gentedebasquet.com.ar\/sitio\/2014\/08\/24\/barracas-pego-el-salto-inicial\/"]}]},{"@type":"ImageObject","inLanguage":"es","@id":"http:\/\/gentedebasquet.com.ar\/sitio\/2014\/08\/24\/barracas-pego-el-salto-inicial\/#primaryimage","url":"http:\/\/gentedebasquet.com.ar\/sitio\/wp-content\/uploads\/2014\/08\/Sportivo-Barracas-Femenino.jpg","contentUrl":"http:\/\/gentedebasquet.com.ar\/sitio\/wp-content\/uploads\/2014\/08\/Sportivo-Barracas-Femenino.jpg","width":690,"height":319},{"@type":"BreadcrumbList","@id":"http:\/\/gentedebasquet.com.ar\/sitio\/2014\/08\/24\/barracas-pego-el-salto-inicial\/#breadcrumb","itemListElement":[{"@type":"ListItem","position":1,"name":"Portada","item":"https:\/\/gentedebasquet.com.ar\/sitio\/"},{"@type":"ListItem","position":2,"name":"Barracas peg\u00f3 el salto inicial"}]},{"@type":"WebSite","@id":"https:\/\/gentedebasquet.com.ar\/sitio\/#website","url":"https:\/\/gentedebasquet.com.ar\/sitio\/","name":"Gente de B\u00e1squet","description":"La revista del basquet de Bah\u00eda Blanca","potentialAction":[{"@type":"SearchAction","target":{"@type":"EntryPoint","urlTemplate":"https:\/\/gentedebasquet.com.ar\/sitio\/?s={search_term_string}"},"query-input":{"@type":"PropertyValueSpecification","valueRequired":true,"valueName":"search_term_string"}}],"inLanguage":"es"},{"@type":"Person","@id":"https:\/\/gentedebasquet.com.ar\/sitio\/#\/schema\/person\/ca0b63bbb977369988a7bbbdc519943a","name":"Gente de B\u00e1squet","image":{"@type":"ImageObject","inLanguage":"es","@id":"https:\/\/secure.gravatar.com\/avatar\/7f2c48bdc33b30088f941fb6082e555f2874c98e20cb159d7b92b50eadfce793?s=96&d=mm&r=g","url":"https:\/\/secure.gravatar.com\/avatar\/7f2c48bdc33b30088f941fb6082e555f2874c98e20cb159d7b92b50eadfce793?s=96&d=mm&r=g","contentUrl":"https:\/\/secure.gravatar.com\/avatar\/7f2c48bdc33b30088f941fb6082e555f2874c98e20cb159d7b92b50eadfce793?s=96&d=mm&r=g","caption":"Gente de B\u00e1squet"},"sameAs":["http:\/\/gentedebasquet.com.ar\/sitio"],"url":"http:\/\/gentedebasquet.com.ar\/sitio\/author\/ulises\/"}]}},"_links":{"self":[{"href":"http:\/\/gentedebasquet.com.ar\/sitio\/wp-json\/wp\/v2\/posts\/37006","targetHints":{"allow":["GET"]}}],"collection":[{"href":"http:\/\/gentedebasquet.com.ar\/sitio\/wp-json\/wp\/v2\/posts"}],"about":[{"href":"http:\/\/gentedebasquet.com.ar\/sitio\/wp-json\/wp\/v2\/types\/post"}],"author":[{"embeddable":true,"href":"http:\/\/gentedebasquet.com.ar\/sitio\/wp-json\/wp\/v2\/users\/1"}],"replies":[{"embeddable":true,"href":"http:\/\/gentedebasquet.com.ar\/sitio\/wp-json\/wp\/v2\/comments?post=37006"}],"version-history":[{"count":0,"href":"http:\/\/gentedebasquet.com.ar\/sitio\/wp-json\/wp\/v2\/posts\/37006\/revisions"}],"wp:featuredmedia":[{"embeddable":true,"href":"http:\/\/gentedebasquet.com.ar\/sitio\/wp-json\/wp\/v2\/media\/37012"}],"wp:attachment":[{"href":"http:\/\/gentedebasquet.com.ar\/sitio\/wp-json\/wp\/v2\/media?parent=37006"}],"wp:term":[{"taxonomy":"category","embeddable":true,"href":"http:\/\/gentedebasquet.com.ar\/sitio\/wp-json\/wp\/v2\/categories?post=37006"},{"taxonomy":"post_tag","embeddable":true,"href":"http:\/\/gentedebasquet.com.ar\/sitio\/wp-json\/wp\/v2\/tags?post=37006"}],"curies":[{"name":"wp","href":"https:\/\/api.w.org\/{rel}","templated":true}]}}