{"id":37407,"date":"2014-08-31T23:50:39","date_gmt":"2014-09-01T02:50:39","guid":{"rendered":"http:\/\/www.gentedebasquet.com.ar\/?p=37407"},"modified":"2014-08-31T23:50:39","modified_gmt":"2014-09-01T02:50:39","slug":"el-grito-parte-2","status":"publish","type":"post","link":"http:\/\/gentedebasquet.com.ar\/sitio\/2014\/08\/31\/el-grito-parte-2\/","title":{"rendered":"El grito, parte 2"},"content":{"rendered":"<p><strong>Treinta faltas abrieron un primer tiempo trabado, con mucha fricci\u00f3n y paridad. En el segundo, Villa Mitre tuvo m\u00e1s espacios y con un juego m\u00e1s fluido, venci\u00f3 a Liniers 78 a 71. La visita fue determinante en el tercer cuarto para hacer la luz que pudo mantener hasta el final. Villa Mitre fue regular, anotando 19, 21, 20 y 18 en los cuartos, apoy\u00e1ndose en los 19 de Juan Ignacio Gomez, que volvi\u00f3 a ser <a href=\"http:\/\/www.gentedebasquet.com.ar\/el-grito\/\" target=\"_blank\" rel=\"noopener\">decisivo como en las finales de 2013<\/a>, y los 14 de Susbielles.<\/strong><\/p>\n<p>El arranque era parejo. Starc consegu\u00ed dos dobles y bonus, marcando un parcial de 6-0. El juego no mostraba diferencias, encontrando el ritmo y corriendo, ambos, la cancha. Villa Mitre buscaba juego en la pintura, con 4 de Bollo y Pineda a 3:30. Liniers ten\u00eda inconvenientes en el traslado, concretando 5 p\u00e9rdidas en el cuarto. M\u00e1s all\u00e1 de esto, el chivo cerraba con un parcial de 8 a 3 para liderar 27 a 19.<\/p>\n<p>Liniers aprovechaba la primera parte del segundo per\u00edodo para mantenerse en el tanteador. Villa Mitre buscaba recortar la diferencia moviendo la bola por el per\u00edmetro para, luego, romper hacia adentro. La entrada de Alfonso le dio aire al juego del tricolor. Anotando 4 al hilo, el base fue brindando alternativas ofensivas. Los de L\u00f3pez pasaban de hombre a zona 2-3 y retomaban hombre, sin encontrar el balance defensivo. Minutos m\u00e1s tarde, el DT del local deb\u00eda detener las acciones por dos bombas al hilo de Gomez, quedando a 5 de igualar. Complicado para pasar la presi\u00f3n y para anotar en ofensiva, el chivo se manten\u00eda 43-40.<\/p>\n<p>La visita abr\u00eda el segundo tiempo con un 5-0 que lo llevaba a igualar en 45. Los de Ugolini inflaban el parcial a 12-4, con un gran pasaje de Susbielles, anotando 8 pts. (2 triples). Ante esto, L\u00f3pez pidi\u00f3 tiempo muerto y reorden\u00f3 a su equipo para que, en la vuelta, anotaran un 7-0 para retomar la riendas. El cierre del cuarto fue muy bueno. Ambos encontraron un muy buen nivel de b\u00e1squet, potable y con mucho gol. Villa Mitre lideraba 60 a 52 luego de un 8-0.<\/p>\n<p>El cierre lo abri\u00f3 el tricolor manteniendo el nivel. Cerrando el rebote, recuperando y corriendo, la visita encontraba 9 de luz obligando el tiempo muerto en el rival. Luego de un minuto sin goleo, los de Ugolini encontraban buena efectividad, castigando en ofensiva y esperando la reacci\u00f3n del rival. Liniers se complicaba para superar la presi\u00f3n y se dilu\u00eda en ofensiva, sin poder recortar distancias. En los 3 minutos finales el local mostraba una leve reacci\u00f3n, a trav\u00e9s de un parcial de 10-1 que lo dej\u00f3 a 5 sobre el cierre. Villa Mitre movi\u00f3 la bola y aprovech\u00f3 los nervios del rival para cerrar el partido, con un arbitraje cuestionable, por 78 a 71.<\/p>\n<p>&nbsp;<\/p>\n<p><span style=\"text-decoration: underline;\"><em><strong>S\u00edntesis:<\/strong><\/em><\/span><\/p>\n<p><strong>Liniers 71:\u00a0<\/strong>Santiago Torre 6, Mat\u00edas Mart\u00ednez 14, Gonzalo Mart\u00ednez 2 (x), Fabricio Starc 21 (x), Juli\u00e1n Mrinsalta 6 (FI); Iv\u00e1n Petrini 6, Facundo Barreto 14, Juli\u00e1n Bobis 0. DT: Juan Mart\u00edn L\u00f3pez.<\/p>\n<p><strong>Villa Mitre 78:<\/strong> Marcelo Berdini 7, Juan Ignacio G\u00f3mez\u00a0\u00a019, Nicol\u00e1s Renzi 6, David Pineda 8, Javier Bollo 6 (x) (FI); Gast\u00f3n Diomedi 12, Santiago Susbielles 14, Fernando Alfonso 4, Le\u00f3n Beresovski 2, Alen Rios 0. DT: Ariel Ugolini.<\/p>\n<p><strong>Parciales:<\/strong> 27-19, 43-40 (16-21), 54-60 (11-20), 71-78 (17-18).<\/p>\n<p><strong>\u00c1rbitros:<\/strong> Miguel Firpo y Marjorie Stuardo.<\/p>\n<p><strong>Estadio:\u00a0<\/strong>Hern\u00e1n Sagasti (Liniers).<\/p>\n<p><a class=\"modalf iframe\" title=\"Planilla\" href=\"https:\/\/docs.google.com\/spreadsheets\/d\/1Rh8RDt0Rp3OalpfBteJNg5FEaAKJ6LZGpQ7mKPukJ4k\/pubhtml\" target=\"_blank\" rel=\"noopener\">Ver Planilla<\/a><\/p>\n","protected":false},"excerpt":{"rendered":"<p>Los triples de Juany Gomez fueron visagra y Villa Mitre logr\u00f3 vencer a Liniers 78 a 71<\/p>\n","protected":false},"author":1,"featured_media":37408,"comment_status":"closed","ping_status":"open","sticky":false,"template":"","format":"standard","meta":{"jnews-multi-image_gallery":[],"jnews_single_post":[],"jnews_primary_category":[],"footnotes":""},"categories":[23,101],"tags":[242,14,22],"class_list":["post-37407","post","type-post","status-publish","format-standard","has-post-thumbnail","hentry","category-primera","category-slide","tag-fabricio-starc","tag-liniers","tag-villa-mitre"],"yoast_head":"<!-- This site is optimized with the Yoast SEO plugin v27.5 - https:\/\/yoast.com\/product\/yoast-seo-wordpress\/ -->\n<title>El grito, parte 2 - Gente de B\u00e1squet<\/title>\n<meta name=\"robots\" content=\"index, follow, max-snippet:-1, max-image-preview:large, max-video-preview:-1\" \/>\n<link rel=\"canonical\" href=\"https:\/\/gentedebasquet.com.ar\/sitio\/2014\/08\/31\/el-grito-parte-2\/\" \/>\n<meta property=\"og:locale\" content=\"es_ES\" \/>\n<meta property=\"og:type\" content=\"article\" \/>\n<meta property=\"og:title\" content=\"El grito, parte 2 - Gente de B\u00e1squet\" \/>\n<meta property=\"og:description\" content=\"Los triples de Juany Gomez fueron visagra y Villa Mitre logr\u00f3 vencer a Liniers 78 a 71\" \/>\n<meta property=\"og:url\" content=\"https:\/\/gentedebasquet.com.ar\/sitio\/2014\/08\/31\/el-grito-parte-2\/\" \/>\n<meta property=\"og:site_name\" content=\"Gente de B\u00e1squet\" \/>\n<meta property=\"article:published_time\" content=\"2014-09-01T02:50:39+00:00\" \/>\n<meta property=\"og:image\" content=\"https:\/\/gentedebasquet.com.ar\/sitio\/wp-content\/uploads\/2014\/08\/Santiago-Susbielles.jpg\" \/>\n\t<meta property=\"og:image:width\" content=\"690\" \/>\n\t<meta property=\"og:image:height\" content=\"319\" \/>\n\t<meta property=\"og:image:type\" content=\"image\/jpeg\" \/>\n<meta name=\"author\" content=\"Gente de B\u00e1squet\" \/>\n<meta name=\"twitter:card\" content=\"summary_large_image\" \/>\n<meta name=\"twitter:label1\" content=\"Escrito por\" \/>\n\t<meta name=\"twitter:data1\" content=\"Gente de B\u00e1squet\" \/>\n\t<meta name=\"twitter:label2\" content=\"Tiempo de lectura\" \/>\n\t<meta name=\"twitter:data2\" content=\"3 minutos\" \/>\n<script type=\"application\/ld+json\" class=\"yoast-schema-graph\">{\"@context\":\"https:\\\/\\\/schema.org\",\"@graph\":[{\"@type\":\"Article\",\"@id\":\"https:\\\/\\\/gentedebasquet.com.ar\\\/sitio\\\/2014\\\/08\\\/31\\\/el-grito-parte-2\\\/#article\",\"isPartOf\":{\"@id\":\"https:\\\/\\\/gentedebasquet.com.ar\\\/sitio\\\/2014\\\/08\\\/31\\\/el-grito-parte-2\\\/\"},\"author\":{\"name\":\"Gente de B\u00e1squet\",\"@id\":\"https:\\\/\\\/gentedebasquet.com.ar\\\/sitio\\\/#\\\/schema\\\/person\\\/ca0b63bbb977369988a7bbbdc519943a\"},\"headline\":\"El grito, parte 2\",\"datePublished\":\"2014-09-01T02:50:39+00:00\",\"mainEntityOfPage\":{\"@id\":\"https:\\\/\\\/gentedebasquet.com.ar\\\/sitio\\\/2014\\\/08\\\/31\\\/el-grito-parte-2\\\/\"},\"wordCount\":554,\"image\":{\"@id\":\"https:\\\/\\\/gentedebasquet.com.ar\\\/sitio\\\/2014\\\/08\\\/31\\\/el-grito-parte-2\\\/#primaryimage\"},\"thumbnailUrl\":\"http:\\\/\\\/gentedebasquet.com.ar\\\/sitio\\\/wp-content\\\/uploads\\\/2014\\\/08\\\/Santiago-Susbielles.jpg\",\"keywords\":[\"Fabricio Starc\",\"Liniers\",\"Villa Mitre\"],\"articleSection\":[\"Primera\",\"Slide\"],\"inLanguage\":\"es\"},{\"@type\":\"WebPage\",\"@id\":\"https:\\\/\\\/gentedebasquet.com.ar\\\/sitio\\\/2014\\\/08\\\/31\\\/el-grito-parte-2\\\/\",\"url\":\"https:\\\/\\\/gentedebasquet.com.ar\\\/sitio\\\/2014\\\/08\\\/31\\\/el-grito-parte-2\\\/\",\"name\":\"El grito, parte 2 - Gente de B\u00e1squet\",\"isPartOf\":{\"@id\":\"https:\\\/\\\/gentedebasquet.com.ar\\\/sitio\\\/#website\"},\"primaryImageOfPage\":{\"@id\":\"https:\\\/\\\/gentedebasquet.com.ar\\\/sitio\\\/2014\\\/08\\\/31\\\/el-grito-parte-2\\\/#primaryimage\"},\"image\":{\"@id\":\"https:\\\/\\\/gentedebasquet.com.ar\\\/sitio\\\/2014\\\/08\\\/31\\\/el-grito-parte-2\\\/#primaryimage\"},\"thumbnailUrl\":\"http:\\\/\\\/gentedebasquet.com.ar\\\/sitio\\\/wp-content\\\/uploads\\\/2014\\\/08\\\/Santiago-Susbielles.jpg\",\"datePublished\":\"2014-09-01T02:50:39+00:00\",\"author\":{\"@id\":\"https:\\\/\\\/gentedebasquet.com.ar\\\/sitio\\\/#\\\/schema\\\/person\\\/ca0b63bbb977369988a7bbbdc519943a\"},\"breadcrumb\":{\"@id\":\"https:\\\/\\\/gentedebasquet.com.ar\\\/sitio\\\/2014\\\/08\\\/31\\\/el-grito-parte-2\\\/#breadcrumb\"},\"inLanguage\":\"es\",\"potentialAction\":[{\"@type\":\"ReadAction\",\"target\":[\"https:\\\/\\\/gentedebasquet.com.ar\\\/sitio\\\/2014\\\/08\\\/31\\\/el-grito-parte-2\\\/\"]}]},{\"@type\":\"ImageObject\",\"inLanguage\":\"es\",\"@id\":\"https:\\\/\\\/gentedebasquet.com.ar\\\/sitio\\\/2014\\\/08\\\/31\\\/el-grito-parte-2\\\/#primaryimage\",\"url\":\"http:\\\/\\\/gentedebasquet.com.ar\\\/sitio\\\/wp-content\\\/uploads\\\/2014\\\/08\\\/Santiago-Susbielles.jpg\",\"contentUrl\":\"http:\\\/\\\/gentedebasquet.com.ar\\\/sitio\\\/wp-content\\\/uploads\\\/2014\\\/08\\\/Santiago-Susbielles.jpg\",\"width\":690,\"height\":319},{\"@type\":\"BreadcrumbList\",\"@id\":\"https:\\\/\\\/gentedebasquet.com.ar\\\/sitio\\\/2014\\\/08\\\/31\\\/el-grito-parte-2\\\/#breadcrumb\",\"itemListElement\":[{\"@type\":\"ListItem\",\"position\":1,\"name\":\"Portada\",\"item\":\"https:\\\/\\\/gentedebasquet.com.ar\\\/sitio\\\/\"},{\"@type\":\"ListItem\",\"position\":2,\"name\":\"El grito, parte 2\"}]},{\"@type\":\"WebSite\",\"@id\":\"https:\\\/\\\/gentedebasquet.com.ar\\\/sitio\\\/#website\",\"url\":\"https:\\\/\\\/gentedebasquet.com.ar\\\/sitio\\\/\",\"name\":\"Gente de B\u00e1squet\",\"description\":\"La revista del basquet de Bah\u00eda Blanca\",\"potentialAction\":[{\"@type\":\"SearchAction\",\"target\":{\"@type\":\"EntryPoint\",\"urlTemplate\":\"https:\\\/\\\/gentedebasquet.com.ar\\\/sitio\\\/?s={search_term_string}\"},\"query-input\":{\"@type\":\"PropertyValueSpecification\",\"valueRequired\":true,\"valueName\":\"search_term_string\"}}],\"inLanguage\":\"es\"},{\"@type\":\"Person\",\"@id\":\"https:\\\/\\\/gentedebasquet.com.ar\\\/sitio\\\/#\\\/schema\\\/person\\\/ca0b63bbb977369988a7bbbdc519943a\",\"name\":\"Gente de B\u00e1squet\",\"image\":{\"@type\":\"ImageObject\",\"inLanguage\":\"es\",\"@id\":\"https:\\\/\\\/secure.gravatar.com\\\/avatar\\\/7f2c48bdc33b30088f941fb6082e555f2874c98e20cb159d7b92b50eadfce793?s=96&d=mm&r=g\",\"url\":\"https:\\\/\\\/secure.gravatar.com\\\/avatar\\\/7f2c48bdc33b30088f941fb6082e555f2874c98e20cb159d7b92b50eadfce793?s=96&d=mm&r=g\",\"contentUrl\":\"https:\\\/\\\/secure.gravatar.com\\\/avatar\\\/7f2c48bdc33b30088f941fb6082e555f2874c98e20cb159d7b92b50eadfce793?s=96&d=mm&r=g\",\"caption\":\"Gente de B\u00e1squet\"},\"sameAs\":[\"http:\\\/\\\/gentedebasquet.com.ar\\\/sitio\"],\"url\":\"http:\\\/\\\/gentedebasquet.com.ar\\\/sitio\\\/author\\\/ulises\\\/\"}]}<\/script>\n<!-- \/ Yoast SEO plugin. -->","yoast_head_json":{"title":"El grito, parte 2 - Gente de B\u00e1squet","robots":{"index":"index","follow":"follow","max-snippet":"max-snippet:-1","max-image-preview":"max-image-preview:large","max-video-preview":"max-video-preview:-1"},"canonical":"https:\/\/gentedebasquet.com.ar\/sitio\/2014\/08\/31\/el-grito-parte-2\/","og_locale":"es_ES","og_type":"article","og_title":"El grito, parte 2 - Gente de B\u00e1squet","og_description":"Los triples de Juany Gomez fueron visagra y Villa Mitre logr\u00f3 vencer a Liniers 78 a 71","og_url":"https:\/\/gentedebasquet.com.ar\/sitio\/2014\/08\/31\/el-grito-parte-2\/","og_site_name":"Gente de B\u00e1squet","article_published_time":"2014-09-01T02:50:39+00:00","og_image":[{"width":690,"height":319,"url":"https:\/\/gentedebasquet.com.ar\/sitio\/wp-content\/uploads\/2014\/08\/Santiago-Susbielles.jpg","type":"image\/jpeg"}],"author":"Gente de B\u00e1squet","twitter_card":"summary_large_image","twitter_misc":{"Escrito por":"Gente de B\u00e1squet","Tiempo de lectura":"3 minutos"},"schema":{"@context":"https:\/\/schema.org","@graph":[{"@type":"Article","@id":"https:\/\/gentedebasquet.com.ar\/sitio\/2014\/08\/31\/el-grito-parte-2\/#article","isPartOf":{"@id":"https:\/\/gentedebasquet.com.ar\/sitio\/2014\/08\/31\/el-grito-parte-2\/"},"author":{"name":"Gente de B\u00e1squet","@id":"https:\/\/gentedebasquet.com.ar\/sitio\/#\/schema\/person\/ca0b63bbb977369988a7bbbdc519943a"},"headline":"El grito, parte 2","datePublished":"2014-09-01T02:50:39+00:00","mainEntityOfPage":{"@id":"https:\/\/gentedebasquet.com.ar\/sitio\/2014\/08\/31\/el-grito-parte-2\/"},"wordCount":554,"image":{"@id":"https:\/\/gentedebasquet.com.ar\/sitio\/2014\/08\/31\/el-grito-parte-2\/#primaryimage"},"thumbnailUrl":"http:\/\/gentedebasquet.com.ar\/sitio\/wp-content\/uploads\/2014\/08\/Santiago-Susbielles.jpg","keywords":["Fabricio Starc","Liniers","Villa Mitre"],"articleSection":["Primera","Slide"],"inLanguage":"es"},{"@type":"WebPage","@id":"https:\/\/gentedebasquet.com.ar\/sitio\/2014\/08\/31\/el-grito-parte-2\/","url":"https:\/\/gentedebasquet.com.ar\/sitio\/2014\/08\/31\/el-grito-parte-2\/","name":"El grito, parte 2 - Gente de B\u00e1squet","isPartOf":{"@id":"https:\/\/gentedebasquet.com.ar\/sitio\/#website"},"primaryImageOfPage":{"@id":"https:\/\/gentedebasquet.com.ar\/sitio\/2014\/08\/31\/el-grito-parte-2\/#primaryimage"},"image":{"@id":"https:\/\/gentedebasquet.com.ar\/sitio\/2014\/08\/31\/el-grito-parte-2\/#primaryimage"},"thumbnailUrl":"http:\/\/gentedebasquet.com.ar\/sitio\/wp-content\/uploads\/2014\/08\/Santiago-Susbielles.jpg","datePublished":"2014-09-01T02:50:39+00:00","author":{"@id":"https:\/\/gentedebasquet.com.ar\/sitio\/#\/schema\/person\/ca0b63bbb977369988a7bbbdc519943a"},"breadcrumb":{"@id":"https:\/\/gentedebasquet.com.ar\/sitio\/2014\/08\/31\/el-grito-parte-2\/#breadcrumb"},"inLanguage":"es","potentialAction":[{"@type":"ReadAction","target":["https:\/\/gentedebasquet.com.ar\/sitio\/2014\/08\/31\/el-grito-parte-2\/"]}]},{"@type":"ImageObject","inLanguage":"es","@id":"https:\/\/gentedebasquet.com.ar\/sitio\/2014\/08\/31\/el-grito-parte-2\/#primaryimage","url":"http:\/\/gentedebasquet.com.ar\/sitio\/wp-content\/uploads\/2014\/08\/Santiago-Susbielles.jpg","contentUrl":"http:\/\/gentedebasquet.com.ar\/sitio\/wp-content\/uploads\/2014\/08\/Santiago-Susbielles.jpg","width":690,"height":319},{"@type":"BreadcrumbList","@id":"https:\/\/gentedebasquet.com.ar\/sitio\/2014\/08\/31\/el-grito-parte-2\/#breadcrumb","itemListElement":[{"@type":"ListItem","position":1,"name":"Portada","item":"https:\/\/gentedebasquet.com.ar\/sitio\/"},{"@type":"ListItem","position":2,"name":"El grito, parte 2"}]},{"@type":"WebSite","@id":"https:\/\/gentedebasquet.com.ar\/sitio\/#website","url":"https:\/\/gentedebasquet.com.ar\/sitio\/","name":"Gente de B\u00e1squet","description":"La revista del basquet de Bah\u00eda Blanca","potentialAction":[{"@type":"SearchAction","target":{"@type":"EntryPoint","urlTemplate":"https:\/\/gentedebasquet.com.ar\/sitio\/?s={search_term_string}"},"query-input":{"@type":"PropertyValueSpecification","valueRequired":true,"valueName":"search_term_string"}}],"inLanguage":"es"},{"@type":"Person","@id":"https:\/\/gentedebasquet.com.ar\/sitio\/#\/schema\/person\/ca0b63bbb977369988a7bbbdc519943a","name":"Gente de B\u00e1squet","image":{"@type":"ImageObject","inLanguage":"es","@id":"https:\/\/secure.gravatar.com\/avatar\/7f2c48bdc33b30088f941fb6082e555f2874c98e20cb159d7b92b50eadfce793?s=96&d=mm&r=g","url":"https:\/\/secure.gravatar.com\/avatar\/7f2c48bdc33b30088f941fb6082e555f2874c98e20cb159d7b92b50eadfce793?s=96&d=mm&r=g","contentUrl":"https:\/\/secure.gravatar.com\/avatar\/7f2c48bdc33b30088f941fb6082e555f2874c98e20cb159d7b92b50eadfce793?s=96&d=mm&r=g","caption":"Gente de B\u00e1squet"},"sameAs":["http:\/\/gentedebasquet.com.ar\/sitio"],"url":"http:\/\/gentedebasquet.com.ar\/sitio\/author\/ulises\/"}]}},"_links":{"self":[{"href":"http:\/\/gentedebasquet.com.ar\/sitio\/wp-json\/wp\/v2\/posts\/37407","targetHints":{"allow":["GET"]}}],"collection":[{"href":"http:\/\/gentedebasquet.com.ar\/sitio\/wp-json\/wp\/v2\/posts"}],"about":[{"href":"http:\/\/gentedebasquet.com.ar\/sitio\/wp-json\/wp\/v2\/types\/post"}],"author":[{"embeddable":true,"href":"http:\/\/gentedebasquet.com.ar\/sitio\/wp-json\/wp\/v2\/users\/1"}],"replies":[{"embeddable":true,"href":"http:\/\/gentedebasquet.com.ar\/sitio\/wp-json\/wp\/v2\/comments?post=37407"}],"version-history":[{"count":0,"href":"http:\/\/gentedebasquet.com.ar\/sitio\/wp-json\/wp\/v2\/posts\/37407\/revisions"}],"wp:featuredmedia":[{"embeddable":true,"href":"http:\/\/gentedebasquet.com.ar\/sitio\/wp-json\/wp\/v2\/media\/37408"}],"wp:attachment":[{"href":"http:\/\/gentedebasquet.com.ar\/sitio\/wp-json\/wp\/v2\/media?parent=37407"}],"wp:term":[{"taxonomy":"category","embeddable":true,"href":"http:\/\/gentedebasquet.com.ar\/sitio\/wp-json\/wp\/v2\/categories?post=37407"},{"taxonomy":"post_tag","embeddable":true,"href":"http:\/\/gentedebasquet.com.ar\/sitio\/wp-json\/wp\/v2\/tags?post=37407"}],"curies":[{"name":"wp","href":"https:\/\/api.w.org\/{rel}","templated":true}]}}