{"id":37919,"date":"2014-09-11T01:02:44","date_gmt":"2014-09-11T04:02:44","guid":{"rendered":"http:\/\/www.gentedebasquet.com.ar\/?p=37919"},"modified":"2014-09-11T01:02:44","modified_gmt":"2014-09-11T04:02:44","slug":"viva-la-diferencia","status":"publish","type":"post","link":"http:\/\/gentedebasquet.com.ar\/sitio\/2014\/09\/11\/viva-la-diferencia\/","title":{"rendered":"Viva la diferencia"},"content":{"rendered":"<p><b>El equipo de Ugolini culmin\u00f3 el Hexagonal 1 con un imponente 84-65 ante los dirigidos por Caspe. Si bien el partido fue bastante parejo, el \u201ctricolor\u201d lo destrab\u00f3 en el 3C y pudo darle descanso a sus mayores y minutos a los juveniles. Para el \u201cverde\u201d hubo gran labor de Pineda (19 pts., 8 reb. y 5 asit.), seguido por Bollo (14 + 7 reb.) y 10 cada uno para Acosta y G\u00f3mez. En el \u201cViola\u201d hubo 22 de Acebedo (8\/12 t2) y 10 cada uno para Bert\u00f3n y Nicol\u00e1s Caputo. <\/b><\/p>\n<p>Las posiciones en la tabla, los objetivos para el a\u00f1o, la calidad y cantidad en el plantel, la trayectoria y permanencia de sus entrenadores (Caspe agarr\u00f3 el equipo hace un par de meses) son algunas de las asimetr\u00edas por las cuales atraviesan Independiente y Villa Mitre.<\/p>\n<p>Para este juego Independiente no cont\u00f3 con Rotta (recuper\u00e1ndose de una lesi\u00f3n), ni Prado (trabajo) ni Alema\u00f1y (estado gripal), en tanto\u00a0 la Villa se present\u00f3 con plantel completo, sin embargo le cost\u00f3 25 minutos sacar distancia importante. En 6:20 del 1C se alej\u00f3 12-5, con Bollo (4) y Pineda (6) en la pintura y Alfonso (4) rompiendo, ante los errores de traslado del \u201cviola\u201d (7 p\u00e9rdidas). Luego con goleo repartido, el local se fue acercando y con un parcial de 6-0, cerr\u00f3 debajo 20-17.<\/p>\n<p>La primera mitad del 2C fue palo y palo, tan equilibrada que fue 7 a 7, con Acebedo con la bandera ofensiva en el due\u00f1o de casa y con gol repartido en el hu\u00e9sped. Despu\u00e9s de la mitad exacta del cuarto, Villa Mitre abri\u00f3 la defensa a distancia (3\/8) y con un 9-0 via Acosta (7), Berdini (5) y G\u00f3mez (5), sac\u00f3 m\u00e1xima hasta el momento de 12 (36-24 a 3:10). El juego se emparej\u00f3 de nuevo, con buen pasaje de Nicol\u00e1s Caputo (5), sumado a las ganas de Acebedo, pero el \u201ctricolor\u201d no afloj\u00f3 y obtuvo el primer tiempo 44-35.<\/p>\n<p>Con la actitud de Acebedo\u00a0 y una bomba de Caputo, Independiente redujo a siete (48-41 en 3m). Tras ello, Villa Mitre hizo efectiva su defensa asfixiante doblando la bola y subiendo a los restantes elementos, para que en ataque un 15-3 rompiendo la marca rival, liquide el partido con triple de G\u00f3mez (63-44 a 2:35). Fue muy importante para esto la tarea de David Pineda (10, 4\/7 t2 y 4 rebotes mas 1 tapa). Luego Bert\u00f3n sum\u00f3 en la l\u00ednea (5) pero fue en vano porque el \u201cverde\u201d se fue al \u00faltimo cuarto 65-51 arriba.<\/p>\n<p>El cuarto final sirvi\u00f3 para darle minutos a Serra, Bussetti y R\u00edos en la visita. Bussetti (5) estuvo efectivo en dobles (2\/2), junto a Susbielles (5) y Bollo (4) estiraron la diferencia mayor (de 24, 77-53 con triple de Susbielles). Acebedo sigui\u00f3 sumando en su casillero personal (7) y el partido termin\u00f3 84-65. Villa Mitre jugar\u00e1 la A1 en la lucha por el t\u00edtulo, mientras que Independiente en la A2 deber\u00e1 intentar zafar del descenso. Mas viva que nunca la diferencia.<\/p>\n<p><strong>\u00a0Doble de Pineda<em><br \/>\n<\/em><\/strong><\/p>\n<p>[vimeo]http:\/\/vimeo.com\/105825889[\/vimeo]<\/p>\n<p>&nbsp;<\/p>\n<p><em><b><span style=\"text-decoration: underline;\">S\u00edntesis: <\/span><\/b><\/em><\/p>\n<p><strong>Independiente 65:<\/strong> Javier Musumeci 7, Nicol\u00e1s Caputo 10, Walter Acebedo 22, Juan Cruz Reschini 6 y Juan Manuel Vel\u00e1zquez 1. <b>(FI)<\/b>. Facundo Goenaga 0, Maximiliano Bert\u00f3n 10, Enzo Rodr\u00edguez 2 y Uriel Mart\u00ednez 7. <b>DT:<\/b> Ignacio Caspe.<\/p>\n<p><strong>Villa Mitre 84: <\/strong>Fernando Alfonso 4, Nicol\u00e1s Renzi 4, Gast\u00f3n Diomedi 4,Javier Bollo 14 y David Pineda 19 <b>(FI);<\/b> Sebasti\u00e1n Acosta 10, Juan Ignacio G\u00f3mez 10, Sebasti\u00e1n Susbielles 7, Alan Serra 2, Santiago Bussetti 5 y Alen R\u00edos 0. <b>DT:<\/b> Ariel Ugolini.<\/p>\n<p><strong>Parciales: <\/strong>17-20, 35-44 (18-24), 51-65 (16-21) y 65-84 (14-19).<\/p>\n<p><strong>\u00c1rbitros: <\/strong>Jorge Scheffer \u2013 Diego Kessler.<\/p>\n<p><strong>Estadio: <\/strong>Ra\u00fal y N\u00e9stor Barral (Independiente).<\/p>\n<p><a class=\"modalf iframe\" title=\"Planilla\" href=\"https:\/\/docs.google.com\/spreadsheets\/d\/1TGbMpJVaLn1rvzPhMy2bNUtkCOnI_dZdhF2uGTynKQ0\/pubhtml\" target=\"_blank\" rel=\"noopener\">Ver Planilla<\/a><\/p>\n","protected":false},"excerpt":{"rendered":"<p>Villa Mitre cumpli\u00f3 con la l\u00f3gica y venci\u00f3 con autoridad a Independiente 84-65<\/p>\n","protected":false},"author":1,"featured_media":37920,"comment_status":"closed","ping_status":"open","sticky":false,"template":"","format":"standard","meta":{"jnews-multi-image_gallery":[],"jnews_single_post":[],"jnews_primary_category":[],"footnotes":""},"categories":[23,101],"tags":[228,12,22,290],"class_list":["post-37919","post","type-post","status-publish","format-standard","has-post-thumbnail","hentry","category-primera","category-slide","tag-david-pineda","tag-independiente","tag-villa-mitre","tag-walter-acebedo"],"yoast_head":"<!-- This site is optimized with the Yoast SEO plugin v27.5 - https:\/\/yoast.com\/product\/yoast-seo-wordpress\/ -->\n<title>Viva la diferencia - Gente de B\u00e1squet<\/title>\n<meta name=\"robots\" content=\"index, follow, max-snippet:-1, max-image-preview:large, max-video-preview:-1\" \/>\n<link rel=\"canonical\" href=\"http:\/\/gentedebasquet.com.ar\/sitio\/2014\/09\/11\/viva-la-diferencia\/\" \/>\n<meta property=\"og:locale\" content=\"es_ES\" \/>\n<meta property=\"og:type\" content=\"article\" \/>\n<meta property=\"og:title\" content=\"Viva la diferencia - Gente de B\u00e1squet\" \/>\n<meta property=\"og:description\" content=\"Villa Mitre cumpli\u00f3 con la l\u00f3gica y venci\u00f3 con autoridad a Independiente 84-65\" \/>\n<meta property=\"og:url\" content=\"http:\/\/gentedebasquet.com.ar\/sitio\/2014\/09\/11\/viva-la-diferencia\/\" \/>\n<meta property=\"og:site_name\" content=\"Gente de B\u00e1squet\" \/>\n<meta property=\"article:published_time\" content=\"2014-09-11T04:02:44+00:00\" \/>\n<meta property=\"og:image\" content=\"http:\/\/gentedebasquet.com.ar\/sitio\/wp-content\/uploads\/2014\/09\/Bolllo.jpg\" \/>\n\t<meta property=\"og:image:width\" content=\"690\" \/>\n\t<meta property=\"og:image:height\" content=\"319\" \/>\n\t<meta property=\"og:image:type\" content=\"image\/jpeg\" \/>\n<meta name=\"author\" content=\"Gente de B\u00e1squet\" \/>\n<meta name=\"twitter:card\" content=\"summary_large_image\" \/>\n<meta name=\"twitter:label1\" content=\"Escrito por\" \/>\n\t<meta name=\"twitter:data1\" content=\"Gente de B\u00e1squet\" \/>\n\t<meta name=\"twitter:label2\" content=\"Tiempo de lectura\" \/>\n\t<meta name=\"twitter:data2\" content=\"3 minutos\" \/>\n<script type=\"application\/ld+json\" class=\"yoast-schema-graph\">{\"@context\":\"https:\\\/\\\/schema.org\",\"@graph\":[{\"@type\":\"Article\",\"@id\":\"http:\\\/\\\/gentedebasquet.com.ar\\\/sitio\\\/2014\\\/09\\\/11\\\/viva-la-diferencia\\\/#article\",\"isPartOf\":{\"@id\":\"http:\\\/\\\/gentedebasquet.com.ar\\\/sitio\\\/2014\\\/09\\\/11\\\/viva-la-diferencia\\\/\"},\"author\":{\"name\":\"Gente de B\u00e1squet\",\"@id\":\"https:\\\/\\\/gentedebasquet.com.ar\\\/sitio\\\/#\\\/schema\\\/person\\\/ca0b63bbb977369988a7bbbdc519943a\"},\"headline\":\"Viva la diferencia\",\"datePublished\":\"2014-09-11T04:02:44+00:00\",\"mainEntityOfPage\":{\"@id\":\"http:\\\/\\\/gentedebasquet.com.ar\\\/sitio\\\/2014\\\/09\\\/11\\\/viva-la-diferencia\\\/\"},\"wordCount\":587,\"image\":{\"@id\":\"http:\\\/\\\/gentedebasquet.com.ar\\\/sitio\\\/2014\\\/09\\\/11\\\/viva-la-diferencia\\\/#primaryimage\"},\"thumbnailUrl\":\"http:\\\/\\\/gentedebasquet.com.ar\\\/sitio\\\/wp-content\\\/uploads\\\/2014\\\/09\\\/Bolllo.jpg\",\"keywords\":[\"David Pineda\",\"independiente\",\"Villa Mitre\",\"Walter Acebedo\"],\"articleSection\":[\"Primera\",\"Slide\"],\"inLanguage\":\"es\"},{\"@type\":\"WebPage\",\"@id\":\"http:\\\/\\\/gentedebasquet.com.ar\\\/sitio\\\/2014\\\/09\\\/11\\\/viva-la-diferencia\\\/\",\"url\":\"http:\\\/\\\/gentedebasquet.com.ar\\\/sitio\\\/2014\\\/09\\\/11\\\/viva-la-diferencia\\\/\",\"name\":\"Viva la diferencia - Gente de B\u00e1squet\",\"isPartOf\":{\"@id\":\"https:\\\/\\\/gentedebasquet.com.ar\\\/sitio\\\/#website\"},\"primaryImageOfPage\":{\"@id\":\"http:\\\/\\\/gentedebasquet.com.ar\\\/sitio\\\/2014\\\/09\\\/11\\\/viva-la-diferencia\\\/#primaryimage\"},\"image\":{\"@id\":\"http:\\\/\\\/gentedebasquet.com.ar\\\/sitio\\\/2014\\\/09\\\/11\\\/viva-la-diferencia\\\/#primaryimage\"},\"thumbnailUrl\":\"http:\\\/\\\/gentedebasquet.com.ar\\\/sitio\\\/wp-content\\\/uploads\\\/2014\\\/09\\\/Bolllo.jpg\",\"datePublished\":\"2014-09-11T04:02:44+00:00\",\"author\":{\"@id\":\"https:\\\/\\\/gentedebasquet.com.ar\\\/sitio\\\/#\\\/schema\\\/person\\\/ca0b63bbb977369988a7bbbdc519943a\"},\"breadcrumb\":{\"@id\":\"http:\\\/\\\/gentedebasquet.com.ar\\\/sitio\\\/2014\\\/09\\\/11\\\/viva-la-diferencia\\\/#breadcrumb\"},\"inLanguage\":\"es\",\"potentialAction\":[{\"@type\":\"ReadAction\",\"target\":[\"http:\\\/\\\/gentedebasquet.com.ar\\\/sitio\\\/2014\\\/09\\\/11\\\/viva-la-diferencia\\\/\"]}]},{\"@type\":\"ImageObject\",\"inLanguage\":\"es\",\"@id\":\"http:\\\/\\\/gentedebasquet.com.ar\\\/sitio\\\/2014\\\/09\\\/11\\\/viva-la-diferencia\\\/#primaryimage\",\"url\":\"http:\\\/\\\/gentedebasquet.com.ar\\\/sitio\\\/wp-content\\\/uploads\\\/2014\\\/09\\\/Bolllo.jpg\",\"contentUrl\":\"http:\\\/\\\/gentedebasquet.com.ar\\\/sitio\\\/wp-content\\\/uploads\\\/2014\\\/09\\\/Bolllo.jpg\",\"width\":690,\"height\":319},{\"@type\":\"BreadcrumbList\",\"@id\":\"http:\\\/\\\/gentedebasquet.com.ar\\\/sitio\\\/2014\\\/09\\\/11\\\/viva-la-diferencia\\\/#breadcrumb\",\"itemListElement\":[{\"@type\":\"ListItem\",\"position\":1,\"name\":\"Portada\",\"item\":\"https:\\\/\\\/gentedebasquet.com.ar\\\/sitio\\\/\"},{\"@type\":\"ListItem\",\"position\":2,\"name\":\"Viva la diferencia\"}]},{\"@type\":\"WebSite\",\"@id\":\"https:\\\/\\\/gentedebasquet.com.ar\\\/sitio\\\/#website\",\"url\":\"https:\\\/\\\/gentedebasquet.com.ar\\\/sitio\\\/\",\"name\":\"Gente de B\u00e1squet\",\"description\":\"La revista del basquet de Bah\u00eda Blanca\",\"potentialAction\":[{\"@type\":\"SearchAction\",\"target\":{\"@type\":\"EntryPoint\",\"urlTemplate\":\"https:\\\/\\\/gentedebasquet.com.ar\\\/sitio\\\/?s={search_term_string}\"},\"query-input\":{\"@type\":\"PropertyValueSpecification\",\"valueRequired\":true,\"valueName\":\"search_term_string\"}}],\"inLanguage\":\"es\"},{\"@type\":\"Person\",\"@id\":\"https:\\\/\\\/gentedebasquet.com.ar\\\/sitio\\\/#\\\/schema\\\/person\\\/ca0b63bbb977369988a7bbbdc519943a\",\"name\":\"Gente de B\u00e1squet\",\"image\":{\"@type\":\"ImageObject\",\"inLanguage\":\"es\",\"@id\":\"https:\\\/\\\/secure.gravatar.com\\\/avatar\\\/7f2c48bdc33b30088f941fb6082e555f2874c98e20cb159d7b92b50eadfce793?s=96&d=mm&r=g\",\"url\":\"https:\\\/\\\/secure.gravatar.com\\\/avatar\\\/7f2c48bdc33b30088f941fb6082e555f2874c98e20cb159d7b92b50eadfce793?s=96&d=mm&r=g\",\"contentUrl\":\"https:\\\/\\\/secure.gravatar.com\\\/avatar\\\/7f2c48bdc33b30088f941fb6082e555f2874c98e20cb159d7b92b50eadfce793?s=96&d=mm&r=g\",\"caption\":\"Gente de B\u00e1squet\"},\"sameAs\":[\"http:\\\/\\\/gentedebasquet.com.ar\\\/sitio\"],\"url\":\"http:\\\/\\\/gentedebasquet.com.ar\\\/sitio\\\/author\\\/ulises\\\/\"}]}<\/script>\n<!-- \/ Yoast SEO plugin. -->","yoast_head_json":{"title":"Viva la diferencia - Gente de B\u00e1squet","robots":{"index":"index","follow":"follow","max-snippet":"max-snippet:-1","max-image-preview":"max-image-preview:large","max-video-preview":"max-video-preview:-1"},"canonical":"http:\/\/gentedebasquet.com.ar\/sitio\/2014\/09\/11\/viva-la-diferencia\/","og_locale":"es_ES","og_type":"article","og_title":"Viva la diferencia - Gente de B\u00e1squet","og_description":"Villa Mitre cumpli\u00f3 con la l\u00f3gica y venci\u00f3 con autoridad a Independiente 84-65","og_url":"http:\/\/gentedebasquet.com.ar\/sitio\/2014\/09\/11\/viva-la-diferencia\/","og_site_name":"Gente de B\u00e1squet","article_published_time":"2014-09-11T04:02:44+00:00","og_image":[{"width":690,"height":319,"url":"http:\/\/gentedebasquet.com.ar\/sitio\/wp-content\/uploads\/2014\/09\/Bolllo.jpg","type":"image\/jpeg"}],"author":"Gente de B\u00e1squet","twitter_card":"summary_large_image","twitter_misc":{"Escrito por":"Gente de B\u00e1squet","Tiempo de lectura":"3 minutos"},"schema":{"@context":"https:\/\/schema.org","@graph":[{"@type":"Article","@id":"http:\/\/gentedebasquet.com.ar\/sitio\/2014\/09\/11\/viva-la-diferencia\/#article","isPartOf":{"@id":"http:\/\/gentedebasquet.com.ar\/sitio\/2014\/09\/11\/viva-la-diferencia\/"},"author":{"name":"Gente de B\u00e1squet","@id":"https:\/\/gentedebasquet.com.ar\/sitio\/#\/schema\/person\/ca0b63bbb977369988a7bbbdc519943a"},"headline":"Viva la diferencia","datePublished":"2014-09-11T04:02:44+00:00","mainEntityOfPage":{"@id":"http:\/\/gentedebasquet.com.ar\/sitio\/2014\/09\/11\/viva-la-diferencia\/"},"wordCount":587,"image":{"@id":"http:\/\/gentedebasquet.com.ar\/sitio\/2014\/09\/11\/viva-la-diferencia\/#primaryimage"},"thumbnailUrl":"http:\/\/gentedebasquet.com.ar\/sitio\/wp-content\/uploads\/2014\/09\/Bolllo.jpg","keywords":["David Pineda","independiente","Villa Mitre","Walter Acebedo"],"articleSection":["Primera","Slide"],"inLanguage":"es"},{"@type":"WebPage","@id":"http:\/\/gentedebasquet.com.ar\/sitio\/2014\/09\/11\/viva-la-diferencia\/","url":"http:\/\/gentedebasquet.com.ar\/sitio\/2014\/09\/11\/viva-la-diferencia\/","name":"Viva la diferencia - Gente de B\u00e1squet","isPartOf":{"@id":"https:\/\/gentedebasquet.com.ar\/sitio\/#website"},"primaryImageOfPage":{"@id":"http:\/\/gentedebasquet.com.ar\/sitio\/2014\/09\/11\/viva-la-diferencia\/#primaryimage"},"image":{"@id":"http:\/\/gentedebasquet.com.ar\/sitio\/2014\/09\/11\/viva-la-diferencia\/#primaryimage"},"thumbnailUrl":"http:\/\/gentedebasquet.com.ar\/sitio\/wp-content\/uploads\/2014\/09\/Bolllo.jpg","datePublished":"2014-09-11T04:02:44+00:00","author":{"@id":"https:\/\/gentedebasquet.com.ar\/sitio\/#\/schema\/person\/ca0b63bbb977369988a7bbbdc519943a"},"breadcrumb":{"@id":"http:\/\/gentedebasquet.com.ar\/sitio\/2014\/09\/11\/viva-la-diferencia\/#breadcrumb"},"inLanguage":"es","potentialAction":[{"@type":"ReadAction","target":["http:\/\/gentedebasquet.com.ar\/sitio\/2014\/09\/11\/viva-la-diferencia\/"]}]},{"@type":"ImageObject","inLanguage":"es","@id":"http:\/\/gentedebasquet.com.ar\/sitio\/2014\/09\/11\/viva-la-diferencia\/#primaryimage","url":"http:\/\/gentedebasquet.com.ar\/sitio\/wp-content\/uploads\/2014\/09\/Bolllo.jpg","contentUrl":"http:\/\/gentedebasquet.com.ar\/sitio\/wp-content\/uploads\/2014\/09\/Bolllo.jpg","width":690,"height":319},{"@type":"BreadcrumbList","@id":"http:\/\/gentedebasquet.com.ar\/sitio\/2014\/09\/11\/viva-la-diferencia\/#breadcrumb","itemListElement":[{"@type":"ListItem","position":1,"name":"Portada","item":"https:\/\/gentedebasquet.com.ar\/sitio\/"},{"@type":"ListItem","position":2,"name":"Viva la diferencia"}]},{"@type":"WebSite","@id":"https:\/\/gentedebasquet.com.ar\/sitio\/#website","url":"https:\/\/gentedebasquet.com.ar\/sitio\/","name":"Gente de B\u00e1squet","description":"La revista del basquet de Bah\u00eda Blanca","potentialAction":[{"@type":"SearchAction","target":{"@type":"EntryPoint","urlTemplate":"https:\/\/gentedebasquet.com.ar\/sitio\/?s={search_term_string}"},"query-input":{"@type":"PropertyValueSpecification","valueRequired":true,"valueName":"search_term_string"}}],"inLanguage":"es"},{"@type":"Person","@id":"https:\/\/gentedebasquet.com.ar\/sitio\/#\/schema\/person\/ca0b63bbb977369988a7bbbdc519943a","name":"Gente de B\u00e1squet","image":{"@type":"ImageObject","inLanguage":"es","@id":"https:\/\/secure.gravatar.com\/avatar\/7f2c48bdc33b30088f941fb6082e555f2874c98e20cb159d7b92b50eadfce793?s=96&d=mm&r=g","url":"https:\/\/secure.gravatar.com\/avatar\/7f2c48bdc33b30088f941fb6082e555f2874c98e20cb159d7b92b50eadfce793?s=96&d=mm&r=g","contentUrl":"https:\/\/secure.gravatar.com\/avatar\/7f2c48bdc33b30088f941fb6082e555f2874c98e20cb159d7b92b50eadfce793?s=96&d=mm&r=g","caption":"Gente de B\u00e1squet"},"sameAs":["http:\/\/gentedebasquet.com.ar\/sitio"],"url":"http:\/\/gentedebasquet.com.ar\/sitio\/author\/ulises\/"}]}},"_links":{"self":[{"href":"http:\/\/gentedebasquet.com.ar\/sitio\/wp-json\/wp\/v2\/posts\/37919","targetHints":{"allow":["GET"]}}],"collection":[{"href":"http:\/\/gentedebasquet.com.ar\/sitio\/wp-json\/wp\/v2\/posts"}],"about":[{"href":"http:\/\/gentedebasquet.com.ar\/sitio\/wp-json\/wp\/v2\/types\/post"}],"author":[{"embeddable":true,"href":"http:\/\/gentedebasquet.com.ar\/sitio\/wp-json\/wp\/v2\/users\/1"}],"replies":[{"embeddable":true,"href":"http:\/\/gentedebasquet.com.ar\/sitio\/wp-json\/wp\/v2\/comments?post=37919"}],"version-history":[{"count":0,"href":"http:\/\/gentedebasquet.com.ar\/sitio\/wp-json\/wp\/v2\/posts\/37919\/revisions"}],"wp:featuredmedia":[{"embeddable":true,"href":"http:\/\/gentedebasquet.com.ar\/sitio\/wp-json\/wp\/v2\/media\/37920"}],"wp:attachment":[{"href":"http:\/\/gentedebasquet.com.ar\/sitio\/wp-json\/wp\/v2\/media?parent=37919"}],"wp:term":[{"taxonomy":"category","embeddable":true,"href":"http:\/\/gentedebasquet.com.ar\/sitio\/wp-json\/wp\/v2\/categories?post=37919"},{"taxonomy":"post_tag","embeddable":true,"href":"http:\/\/gentedebasquet.com.ar\/sitio\/wp-json\/wp\/v2\/tags?post=37919"}],"curies":[{"name":"wp","href":"https:\/\/api.w.org\/{rel}","templated":true}]}}