{"id":38437,"date":"2014-09-24T00:03:42","date_gmt":"2014-09-24T03:03:42","guid":{"rendered":"http:\/\/www.gentedebasquet.com.ar\/?p=38437"},"modified":"2014-09-24T00:03:42","modified_gmt":"2014-09-24T03:03:42","slug":"una-verdadera-batalla","status":"publish","type":"post","link":"http:\/\/gentedebasquet.com.ar\/sitio\/2014\/09\/24\/una-verdadera-batalla\/","title":{"rendered":"Una verdadera batalla"},"content":{"rendered":"<p><b>La Falda consigui\u00f3 su segundo triunfo consecutivo y ante un rival directo en sus aspiraciones por ingresar a los playoffs, en un partido donde se pitaron \u00a1\u00a1\u00a156 faltas!!!, 6 jugadores se retiraron por l\u00edmite de infracciones y hubo un descalificado. Fue ante Whitense por 76 a 60, con Sebasti\u00e1n Ranieri (17) como m\u00e1ximo anotador, seguido por Federico Gonz\u00e1lez (14) y buenas producciones de Guillermo Mallemaci (8 y 14 rebotes) y Manuel Gim\u00e9nez (8, 9 rebotes y 7 robos). Mientras que Gabriel Saieg (17 y 9 recobres), Gonzalo Resler (14) y Alejandro Chotard (13 y 12 tableros) se destacaron en el equipo del puerto.<\/b><\/p>\n<p>Whitense comenz\u00f3 mejor, aprovechando la fortaleza de Saieg (7) en la pintura, donde desgast\u00f3 al rival y cre\u00f3 los espacios necesarios para el juego exterior donde Halberg (5) reditu\u00f3 su lanzamiento, permitiendo que el visitante comande las acciones. Sin embargo la defensa de La Falda insinu\u00f3 el protagonismo que luego tuvo a lo largo del encuentro, ya que los internos defendieron muy f\u00edsico y Mallemaci (7 y 6 rebotes) fue un pilar fundamental dado que anul\u00f3 a Chotard, adem\u00e1s de contribuir en ofensiva, para equilibrar el desarrollo.<\/p>\n<p>Con los ingresos de Federico Gonz\u00e1lez y Ranieri (anotaron los 14 puntos de su equipo), La Falda obtuvo aire fresco en ataque, donde el tirador (5 seguidos) tuvo la mano caliente y el interno (8) fue el complemento ideal en el armado y terminaci\u00f3n de los sistemas por su continua comunicaci\u00f3n y lectura de juego. Adem\u00e1s Whitense cedi\u00f3 constantemente ante la intensidad defensiva y anticipaci\u00f3n de los pases del local. Aunque no todo fue color de rosa porque el encuentro entr\u00f3 en una marcada meseta, donde ambos equipos permanecieron casi cinco minutos sin anotar; pero con un buen cierre, el due\u00f1o de casa se repuso de sus malas de decisiones (0\/9 TC ante una defensa zonal) tom\u00f3 una leve distancia finalizando la primera mitad.<\/p>\n<p>Fede Gonz\u00e1lez (6) nuevamente continu\u00f3 metido en el encuentro y atento a cada detalle, Chotard (6) absorbi\u00f3 juego en la vereda de enfrente creando una espacie de duelo personal; aunque el desarrollo continu\u00f3 impreciso (combinaron 11 p\u00e9rdidas) y con magros porcentajes (registraron 7\/27 TC entre ambos). No obstante la circulaci\u00f3n (6 asistencias) que pudo proponer La Falda sumado al juego de contraataque fue la luz que encontr\u00f3 una ofensiva nubosa para tomar 11 de ventaja en un abrir y cerrar de ojos. Por el lado de Whitense, los reclamos y protestas fueron recurso constante ante un tr\u00e1mite friccionado y con defensas que sobrepasaron los 3\/4 foul.<\/p>\n<p>El elenco visitante mejor\u00f3 sustancialmente en defensa en el ep\u00edlogo y con Chotard como l\u00edder ofensivo insinu\u00f3 una remontada. Pero la marcada tendencia a defensas con mucho contacto (\u00bfy sin falta?) fue demasiado y no solo recayeron en las protestas que derivaron en la descalificaci\u00f3n de un jugador sino que cometieron reiteradas infracciones (14) que La Falda fue redituando desde la l\u00ednea (18\/25 T1 en 4\u00ba C). Y justamente desde esa v\u00eda y aprovechando una falta, seguida por una t\u00e9cnica y expulsi\u00f3n (6\/6 T1), fue que termin\u00f3 de quebrar el encuentro. Saieg y Resler (12 entre ambos) apelaron al amor propio para hacer m\u00e1s decoroso el marcador; aunque las opciones ofensivas de \u201cLafa\u201d fueron demasiado para contrarrestar sin el material necesario (se retiraron 5 jugadores por l\u00edmites de faltas).<\/p>\n<p>&nbsp;<\/p>\n<p><strong><em><span style=\"text-decoration: underline;\">S\u00edntesis: <\/span><\/em><\/strong><\/p>\n<p><strong>La Falda (76): <\/strong>Facundo Roque 6, Gabriel Fern\u00e1ndez 9, Federico Vilouta 10 (x), Guillermo Mallemaci 8 y Manuel Gim\u00e9nez 8 (F.I.); Federico Gonz\u00e1lez 14, Sebasti\u00e1n Ranieri 17, Joaqu\u00edn Gonz\u00e1lez 0 y Pablo Obreque 4. DT: Sebasti\u00e1n Aleksoski.<\/p>\n<p><strong>Whitense (60): <\/strong>Marcos Halberg 9 (x), Mario Minervino 0, Gonzalo Resler 14 (x), Alejandro Chotard 13 (x) y Gabriel Saieg 17 (x) (F.I.); Mauro Capurso 0 (D), Federico Gestido 0 (x), Iv\u00e1n Freije 2, Fernando Leiva 5, Facundo Ca\u00f1ulef 0, Ariel Meza 0 y Silvio P\u00e9rez 0. DT: Mart\u00edn Ipucha.<\/p>\n<p><strong>Parciales:<\/strong> 16-16, 30-22 (14-6), 46-35 (16-13) y 76-60 (30-25).<\/p>\n<p><strong>\u00c1rbitros:<\/strong> Jorge Scheffer y Luis Blanco.<\/p>\n<p><strong>Estadio: <\/strong>La Falda.<\/p>\n<p><a class=\"modalf iframe\" title=\"Planilla\" href=\"https:\/\/docs.google.com\/spreadsheets\/d\/1ezTQ3aE7YyGO7GTT-bgvPJkmrWmUFEzpRmMlpCfEOWM\/pubhtml\" target=\"_blank\" rel=\"noopener\">Ver Planilla<\/a><\/p>\n","protected":false},"excerpt":{"rendered":"<p>La Falda le gan\u00f3 a Whitense 76 a 60 en un partido por dem\u00e1s friccionado<\/p>\n","protected":false},"author":1,"featured_media":38438,"comment_status":"closed","ping_status":"open","sticky":false,"template":"","format":"standard","meta":{"jnews-multi-image_gallery":[],"jnews_single_post":[],"jnews_primary_category":[],"footnotes":""},"categories":[25,101],"tags":[268,680,360,13,251,203,537],"class_list":["post-38437","post","type-post","status-publish","format-standard","has-post-thumbnail","hentry","category-segunda","category-slide","tag-federico-gonzalez","tag-gabriel-saieg","tag-guillermo-mallemaci","tag-la-falda","tag-manuel-gimenez","tag-sebastian-ranieri","tag-whitense"],"yoast_head":"<!-- This site is optimized with the Yoast SEO plugin v27.5 - https:\/\/yoast.com\/product\/yoast-seo-wordpress\/ -->\n<title>Una verdadera batalla - Gente de B\u00e1squet<\/title>\n<meta name=\"robots\" content=\"index, follow, max-snippet:-1, max-image-preview:large, max-video-preview:-1\" \/>\n<link rel=\"canonical\" href=\"https:\/\/gentedebasquet.com.ar\/sitio\/2014\/09\/24\/una-verdadera-batalla\/\" \/>\n<meta property=\"og:locale\" content=\"es_ES\" \/>\n<meta property=\"og:type\" content=\"article\" \/>\n<meta property=\"og:title\" content=\"Una verdadera batalla - Gente de B\u00e1squet\" \/>\n<meta property=\"og:description\" content=\"La Falda le gan\u00f3 a Whitense 76 a 60 en un partido por dem\u00e1s friccionado\" \/>\n<meta property=\"og:url\" content=\"https:\/\/gentedebasquet.com.ar\/sitio\/2014\/09\/24\/una-verdadera-batalla\/\" \/>\n<meta property=\"og:site_name\" content=\"Gente de B\u00e1squet\" \/>\n<meta property=\"article:published_time\" content=\"2014-09-24T03:03:42+00:00\" \/>\n<meta property=\"og:image\" content=\"https:\/\/gentedebasquet.com.ar\/sitio\/wp-content\/uploads\/2014\/09\/DSCF4202.jpg\" \/>\n\t<meta property=\"og:image:width\" content=\"690\" \/>\n\t<meta property=\"og:image:height\" content=\"391\" \/>\n\t<meta property=\"og:image:type\" content=\"image\/jpeg\" \/>\n<meta name=\"author\" content=\"Gente de B\u00e1squet\" \/>\n<meta name=\"twitter:card\" content=\"summary_large_image\" \/>\n<meta name=\"twitter:label1\" content=\"Escrito por\" \/>\n\t<meta name=\"twitter:data1\" content=\"Gente de B\u00e1squet\" \/>\n\t<meta name=\"twitter:label2\" content=\"Tiempo de lectura\" \/>\n\t<meta name=\"twitter:data2\" content=\"3 minutos\" \/>\n<script type=\"application\/ld+json\" class=\"yoast-schema-graph\">{\"@context\":\"https:\\\/\\\/schema.org\",\"@graph\":[{\"@type\":\"Article\",\"@id\":\"https:\\\/\\\/gentedebasquet.com.ar\\\/sitio\\\/2014\\\/09\\\/24\\\/una-verdadera-batalla\\\/#article\",\"isPartOf\":{\"@id\":\"https:\\\/\\\/gentedebasquet.com.ar\\\/sitio\\\/2014\\\/09\\\/24\\\/una-verdadera-batalla\\\/\"},\"author\":{\"name\":\"Gente de B\u00e1squet\",\"@id\":\"https:\\\/\\\/gentedebasquet.com.ar\\\/sitio\\\/#\\\/schema\\\/person\\\/ca0b63bbb977369988a7bbbdc519943a\"},\"headline\":\"Una verdadera batalla\",\"datePublished\":\"2014-09-24T03:03:42+00:00\",\"mainEntityOfPage\":{\"@id\":\"https:\\\/\\\/gentedebasquet.com.ar\\\/sitio\\\/2014\\\/09\\\/24\\\/una-verdadera-batalla\\\/\"},\"wordCount\":641,\"image\":{\"@id\":\"https:\\\/\\\/gentedebasquet.com.ar\\\/sitio\\\/2014\\\/09\\\/24\\\/una-verdadera-batalla\\\/#primaryimage\"},\"thumbnailUrl\":\"http:\\\/\\\/gentedebasquet.com.ar\\\/sitio\\\/wp-content\\\/uploads\\\/2014\\\/09\\\/DSCF4202.jpg\",\"keywords\":[\"Federico Gonz\u00e1lez\",\"Gabriel Saieg\",\"Guillermo Mallemaci\",\"La Falda\",\"Manuel Gim\u00e9nez\",\"Sebasti\u00e1n Ranieri\",\"Whitense\"],\"articleSection\":[\"Segunda\",\"Slide\"],\"inLanguage\":\"es\"},{\"@type\":\"WebPage\",\"@id\":\"https:\\\/\\\/gentedebasquet.com.ar\\\/sitio\\\/2014\\\/09\\\/24\\\/una-verdadera-batalla\\\/\",\"url\":\"https:\\\/\\\/gentedebasquet.com.ar\\\/sitio\\\/2014\\\/09\\\/24\\\/una-verdadera-batalla\\\/\",\"name\":\"Una verdadera batalla - Gente de B\u00e1squet\",\"isPartOf\":{\"@id\":\"https:\\\/\\\/gentedebasquet.com.ar\\\/sitio\\\/#website\"},\"primaryImageOfPage\":{\"@id\":\"https:\\\/\\\/gentedebasquet.com.ar\\\/sitio\\\/2014\\\/09\\\/24\\\/una-verdadera-batalla\\\/#primaryimage\"},\"image\":{\"@id\":\"https:\\\/\\\/gentedebasquet.com.ar\\\/sitio\\\/2014\\\/09\\\/24\\\/una-verdadera-batalla\\\/#primaryimage\"},\"thumbnailUrl\":\"http:\\\/\\\/gentedebasquet.com.ar\\\/sitio\\\/wp-content\\\/uploads\\\/2014\\\/09\\\/DSCF4202.jpg\",\"datePublished\":\"2014-09-24T03:03:42+00:00\",\"author\":{\"@id\":\"https:\\\/\\\/gentedebasquet.com.ar\\\/sitio\\\/#\\\/schema\\\/person\\\/ca0b63bbb977369988a7bbbdc519943a\"},\"breadcrumb\":{\"@id\":\"https:\\\/\\\/gentedebasquet.com.ar\\\/sitio\\\/2014\\\/09\\\/24\\\/una-verdadera-batalla\\\/#breadcrumb\"},\"inLanguage\":\"es\",\"potentialAction\":[{\"@type\":\"ReadAction\",\"target\":[\"https:\\\/\\\/gentedebasquet.com.ar\\\/sitio\\\/2014\\\/09\\\/24\\\/una-verdadera-batalla\\\/\"]}]},{\"@type\":\"ImageObject\",\"inLanguage\":\"es\",\"@id\":\"https:\\\/\\\/gentedebasquet.com.ar\\\/sitio\\\/2014\\\/09\\\/24\\\/una-verdadera-batalla\\\/#primaryimage\",\"url\":\"http:\\\/\\\/gentedebasquet.com.ar\\\/sitio\\\/wp-content\\\/uploads\\\/2014\\\/09\\\/DSCF4202.jpg\",\"contentUrl\":\"http:\\\/\\\/gentedebasquet.com.ar\\\/sitio\\\/wp-content\\\/uploads\\\/2014\\\/09\\\/DSCF4202.jpg\",\"width\":690,\"height\":391},{\"@type\":\"BreadcrumbList\",\"@id\":\"https:\\\/\\\/gentedebasquet.com.ar\\\/sitio\\\/2014\\\/09\\\/24\\\/una-verdadera-batalla\\\/#breadcrumb\",\"itemListElement\":[{\"@type\":\"ListItem\",\"position\":1,\"name\":\"Portada\",\"item\":\"https:\\\/\\\/gentedebasquet.com.ar\\\/sitio\\\/\"},{\"@type\":\"ListItem\",\"position\":2,\"name\":\"Una verdadera batalla\"}]},{\"@type\":\"WebSite\",\"@id\":\"https:\\\/\\\/gentedebasquet.com.ar\\\/sitio\\\/#website\",\"url\":\"https:\\\/\\\/gentedebasquet.com.ar\\\/sitio\\\/\",\"name\":\"Gente de B\u00e1squet\",\"description\":\"La revista del basquet de Bah\u00eda Blanca\",\"potentialAction\":[{\"@type\":\"SearchAction\",\"target\":{\"@type\":\"EntryPoint\",\"urlTemplate\":\"https:\\\/\\\/gentedebasquet.com.ar\\\/sitio\\\/?s={search_term_string}\"},\"query-input\":{\"@type\":\"PropertyValueSpecification\",\"valueRequired\":true,\"valueName\":\"search_term_string\"}}],\"inLanguage\":\"es\"},{\"@type\":\"Person\",\"@id\":\"https:\\\/\\\/gentedebasquet.com.ar\\\/sitio\\\/#\\\/schema\\\/person\\\/ca0b63bbb977369988a7bbbdc519943a\",\"name\":\"Gente de B\u00e1squet\",\"image\":{\"@type\":\"ImageObject\",\"inLanguage\":\"es\",\"@id\":\"https:\\\/\\\/secure.gravatar.com\\\/avatar\\\/7f2c48bdc33b30088f941fb6082e555f2874c98e20cb159d7b92b50eadfce793?s=96&d=mm&r=g\",\"url\":\"https:\\\/\\\/secure.gravatar.com\\\/avatar\\\/7f2c48bdc33b30088f941fb6082e555f2874c98e20cb159d7b92b50eadfce793?s=96&d=mm&r=g\",\"contentUrl\":\"https:\\\/\\\/secure.gravatar.com\\\/avatar\\\/7f2c48bdc33b30088f941fb6082e555f2874c98e20cb159d7b92b50eadfce793?s=96&d=mm&r=g\",\"caption\":\"Gente de B\u00e1squet\"},\"sameAs\":[\"http:\\\/\\\/gentedebasquet.com.ar\\\/sitio\"],\"url\":\"http:\\\/\\\/gentedebasquet.com.ar\\\/sitio\\\/author\\\/ulises\\\/\"}]}<\/script>\n<!-- \/ Yoast SEO plugin. -->","yoast_head_json":{"title":"Una verdadera batalla - Gente de B\u00e1squet","robots":{"index":"index","follow":"follow","max-snippet":"max-snippet:-1","max-image-preview":"max-image-preview:large","max-video-preview":"max-video-preview:-1"},"canonical":"https:\/\/gentedebasquet.com.ar\/sitio\/2014\/09\/24\/una-verdadera-batalla\/","og_locale":"es_ES","og_type":"article","og_title":"Una verdadera batalla - Gente de B\u00e1squet","og_description":"La Falda le gan\u00f3 a Whitense 76 a 60 en un partido por dem\u00e1s friccionado","og_url":"https:\/\/gentedebasquet.com.ar\/sitio\/2014\/09\/24\/una-verdadera-batalla\/","og_site_name":"Gente de B\u00e1squet","article_published_time":"2014-09-24T03:03:42+00:00","og_image":[{"width":690,"height":391,"url":"https:\/\/gentedebasquet.com.ar\/sitio\/wp-content\/uploads\/2014\/09\/DSCF4202.jpg","type":"image\/jpeg"}],"author":"Gente de B\u00e1squet","twitter_card":"summary_large_image","twitter_misc":{"Escrito por":"Gente de B\u00e1squet","Tiempo de lectura":"3 minutos"},"schema":{"@context":"https:\/\/schema.org","@graph":[{"@type":"Article","@id":"https:\/\/gentedebasquet.com.ar\/sitio\/2014\/09\/24\/una-verdadera-batalla\/#article","isPartOf":{"@id":"https:\/\/gentedebasquet.com.ar\/sitio\/2014\/09\/24\/una-verdadera-batalla\/"},"author":{"name":"Gente de B\u00e1squet","@id":"https:\/\/gentedebasquet.com.ar\/sitio\/#\/schema\/person\/ca0b63bbb977369988a7bbbdc519943a"},"headline":"Una verdadera batalla","datePublished":"2014-09-24T03:03:42+00:00","mainEntityOfPage":{"@id":"https:\/\/gentedebasquet.com.ar\/sitio\/2014\/09\/24\/una-verdadera-batalla\/"},"wordCount":641,"image":{"@id":"https:\/\/gentedebasquet.com.ar\/sitio\/2014\/09\/24\/una-verdadera-batalla\/#primaryimage"},"thumbnailUrl":"http:\/\/gentedebasquet.com.ar\/sitio\/wp-content\/uploads\/2014\/09\/DSCF4202.jpg","keywords":["Federico Gonz\u00e1lez","Gabriel Saieg","Guillermo Mallemaci","La Falda","Manuel Gim\u00e9nez","Sebasti\u00e1n Ranieri","Whitense"],"articleSection":["Segunda","Slide"],"inLanguage":"es"},{"@type":"WebPage","@id":"https:\/\/gentedebasquet.com.ar\/sitio\/2014\/09\/24\/una-verdadera-batalla\/","url":"https:\/\/gentedebasquet.com.ar\/sitio\/2014\/09\/24\/una-verdadera-batalla\/","name":"Una verdadera batalla - Gente de B\u00e1squet","isPartOf":{"@id":"https:\/\/gentedebasquet.com.ar\/sitio\/#website"},"primaryImageOfPage":{"@id":"https:\/\/gentedebasquet.com.ar\/sitio\/2014\/09\/24\/una-verdadera-batalla\/#primaryimage"},"image":{"@id":"https:\/\/gentedebasquet.com.ar\/sitio\/2014\/09\/24\/una-verdadera-batalla\/#primaryimage"},"thumbnailUrl":"http:\/\/gentedebasquet.com.ar\/sitio\/wp-content\/uploads\/2014\/09\/DSCF4202.jpg","datePublished":"2014-09-24T03:03:42+00:00","author":{"@id":"https:\/\/gentedebasquet.com.ar\/sitio\/#\/schema\/person\/ca0b63bbb977369988a7bbbdc519943a"},"breadcrumb":{"@id":"https:\/\/gentedebasquet.com.ar\/sitio\/2014\/09\/24\/una-verdadera-batalla\/#breadcrumb"},"inLanguage":"es","potentialAction":[{"@type":"ReadAction","target":["https:\/\/gentedebasquet.com.ar\/sitio\/2014\/09\/24\/una-verdadera-batalla\/"]}]},{"@type":"ImageObject","inLanguage":"es","@id":"https:\/\/gentedebasquet.com.ar\/sitio\/2014\/09\/24\/una-verdadera-batalla\/#primaryimage","url":"http:\/\/gentedebasquet.com.ar\/sitio\/wp-content\/uploads\/2014\/09\/DSCF4202.jpg","contentUrl":"http:\/\/gentedebasquet.com.ar\/sitio\/wp-content\/uploads\/2014\/09\/DSCF4202.jpg","width":690,"height":391},{"@type":"BreadcrumbList","@id":"https:\/\/gentedebasquet.com.ar\/sitio\/2014\/09\/24\/una-verdadera-batalla\/#breadcrumb","itemListElement":[{"@type":"ListItem","position":1,"name":"Portada","item":"https:\/\/gentedebasquet.com.ar\/sitio\/"},{"@type":"ListItem","position":2,"name":"Una verdadera batalla"}]},{"@type":"WebSite","@id":"https:\/\/gentedebasquet.com.ar\/sitio\/#website","url":"https:\/\/gentedebasquet.com.ar\/sitio\/","name":"Gente de B\u00e1squet","description":"La revista del basquet de Bah\u00eda Blanca","potentialAction":[{"@type":"SearchAction","target":{"@type":"EntryPoint","urlTemplate":"https:\/\/gentedebasquet.com.ar\/sitio\/?s={search_term_string}"},"query-input":{"@type":"PropertyValueSpecification","valueRequired":true,"valueName":"search_term_string"}}],"inLanguage":"es"},{"@type":"Person","@id":"https:\/\/gentedebasquet.com.ar\/sitio\/#\/schema\/person\/ca0b63bbb977369988a7bbbdc519943a","name":"Gente de B\u00e1squet","image":{"@type":"ImageObject","inLanguage":"es","@id":"https:\/\/secure.gravatar.com\/avatar\/7f2c48bdc33b30088f941fb6082e555f2874c98e20cb159d7b92b50eadfce793?s=96&d=mm&r=g","url":"https:\/\/secure.gravatar.com\/avatar\/7f2c48bdc33b30088f941fb6082e555f2874c98e20cb159d7b92b50eadfce793?s=96&d=mm&r=g","contentUrl":"https:\/\/secure.gravatar.com\/avatar\/7f2c48bdc33b30088f941fb6082e555f2874c98e20cb159d7b92b50eadfce793?s=96&d=mm&r=g","caption":"Gente de B\u00e1squet"},"sameAs":["http:\/\/gentedebasquet.com.ar\/sitio"],"url":"http:\/\/gentedebasquet.com.ar\/sitio\/author\/ulises\/"}]}},"_links":{"self":[{"href":"http:\/\/gentedebasquet.com.ar\/sitio\/wp-json\/wp\/v2\/posts\/38437","targetHints":{"allow":["GET"]}}],"collection":[{"href":"http:\/\/gentedebasquet.com.ar\/sitio\/wp-json\/wp\/v2\/posts"}],"about":[{"href":"http:\/\/gentedebasquet.com.ar\/sitio\/wp-json\/wp\/v2\/types\/post"}],"author":[{"embeddable":true,"href":"http:\/\/gentedebasquet.com.ar\/sitio\/wp-json\/wp\/v2\/users\/1"}],"replies":[{"embeddable":true,"href":"http:\/\/gentedebasquet.com.ar\/sitio\/wp-json\/wp\/v2\/comments?post=38437"}],"version-history":[{"count":0,"href":"http:\/\/gentedebasquet.com.ar\/sitio\/wp-json\/wp\/v2\/posts\/38437\/revisions"}],"wp:featuredmedia":[{"embeddable":true,"href":"http:\/\/gentedebasquet.com.ar\/sitio\/wp-json\/wp\/v2\/media\/38438"}],"wp:attachment":[{"href":"http:\/\/gentedebasquet.com.ar\/sitio\/wp-json\/wp\/v2\/media?parent=38437"}],"wp:term":[{"taxonomy":"category","embeddable":true,"href":"http:\/\/gentedebasquet.com.ar\/sitio\/wp-json\/wp\/v2\/categories?post=38437"},{"taxonomy":"post_tag","embeddable":true,"href":"http:\/\/gentedebasquet.com.ar\/sitio\/wp-json\/wp\/v2\/tags?post=38437"}],"curies":[{"name":"wp","href":"https:\/\/api.w.org\/{rel}","templated":true}]}}