{"id":39010,"date":"2014-10-07T00:29:41","date_gmt":"2014-10-07T03:29:41","guid":{"rendered":"http:\/\/www.gentedebasquet.com.ar\/?p=39010"},"modified":"2014-10-07T00:29:41","modified_gmt":"2014-10-07T03:29:41","slug":"zona-protegida","status":"publish","type":"post","link":"http:\/\/gentedebasquet.com.ar\/sitio\/2014\/10\/07\/zona-protegida\/","title":{"rendered":"Zona protegida"},"content":{"rendered":"<p><b>A partir de la zona 2-3 planteada antes de terminar el segundo cuarto y hasta el final, sumado a la efectividad en triples 52% (1C, 3C y 4C) Villa Mitre pudo derrotar a Napost\u00e1 por 88 a 81 en el postergado de la fecha 6. El Verde sac\u00f3 una buena diferencia en el primer cuarto, pero Napo reaccion\u00f3 y emparej\u00f3 el juego en el siguiente. Sin embargo el Tricolor estir\u00f3 la brecha en el tercero y la supo administrar. En el ganador hubo 21 puntos y 7 rebotes de David Pineda y 19 tantos de Gast\u00f3n Diomedi. Al due\u00f1o de casa no le alcanz\u00f3 con las actuaciones de Bellozas (28 tantos y 10 recobres) y Aguirre (22). <\/b><\/p>\n<p>V\u00eda 6,75m. Villa Mitre marc\u00f3 el rumbo de sus acciones repartiendo los lanzamientos entre sus tiradores y consigui\u00f3 una diferencia de 15 a 6 a mitad del cuarto inicial. Napost\u00e1 carg\u00f3 su juego en el poste bajo y a pesar de que empez\u00f3 a anotar con mayor continuidad, no pudo frenar la ofensiva del rival.<\/p>\n<p>Todo cambi\u00f3 en el segundo periodo. Villa Mitre encest\u00f3 en el comienzo y despu\u00e9s se sec\u00f3, mientras que Napost\u00e1 sum\u00f3 intensidad en defensa y con el aporte de Bellozas (10) y Aguirre (7) empez\u00f3 la levantada. Ugolini pidi\u00f3 minuto cuando su equipo ganaba 28 a 23 y en menos de 90 segundos volvi\u00f3 a solicitar otro tiempo muerto porque los de Bonis hab\u00edan pasado al frente.<\/p>\n<p>Villa Mitre dej\u00f3 de defender hombre a hombre y le comenz\u00f3 a sacar r\u00e9dito a la defensa en zona. Volvi\u00f3 a encontrar gol y se fue al descanso largo igualando el marcador. A pesar de un inicio caldeado en el tercero (t\u00e9cnico a Ugolini y despu\u00e9s a Bonis), Villa Mitre recuper\u00f3 la efectividad de larga distancia y con un buen aporte de Pineda (10) entr\u00f3 al \u00faltimo cuarto 10 puntos arriba.<\/p>\n<p>El Tricolor sac\u00f3 la m\u00e1xima diferencia del juego a 4m38s para el final (75-63), pero Napost\u00e1 le respondi\u00f3 con un 7 a 0 veloz de la mano de Videla y Aguirre. Sin embargo un triple de Diomedi a 1m37s le baj\u00f3 la persiana al partido. Los de la avenida intentaron con ataques r\u00e1pidos acortar la brecha pero fue imposible. Con efectividad desde la l\u00ednea y la experiencia de sus jugadores, Villa Mitre cerr\u00f3 el partido y lo gan\u00f3 88 a 81 para seguir en la cima de la A1 junto con Bahiense.<\/p>\n<p>&nbsp;<\/p>\n<p>[vimeo]http:\/\/vimeo.com\/108230303[\/vimeo]<\/p>\n<p>&nbsp;<\/p>\n<p><b><i><span style=\"text-decoration: underline;\">S\u00edntesis: <\/span><\/i><\/b><\/p>\n<p><b>Napost\u00e1 81:<\/b> Ramiro Aguirre 22, Ezequiel Meneses 6, Tom\u00e1s Tajan 8, Juan Ignacio Bellozas 28, Mauro Campa\u00f1a 9 (FI) Gast\u00f3n Videla 4 (X), Augusto Meneses 4. DT: Luciano Bonis.<\/p>\n<p><b>Villa Mitre 88:<\/b> Marcelo Berdini 8, Nicol\u00e1s Renzi 10, Juan Ignacio G\u00f3mez 13, Santiago Susbielles 9 (X), David Pineda 21 (FI) Sebasti\u00e1n Acosta 6, Fernando Alfonso 2, Gast\u00f3n Diomedi 19. DT: Ariel Ugolini.<\/p>\n<p><b>Parciales:<\/b> 16-25, 41-41 (25-16), 55-65 (14-24), 81-88 (26-24).<\/p>\n<p><b>\u00c1rbitros:<\/b> Miguel Firpo \u2013 Marjorie Stuardo.<\/p>\n<p><b>Estadio:<\/b> Antonio Palma (Napost\u00e1).<\/p>\n<p><a class=\"modalfiframe\" title=\"Planilla\" href=\"https:\/\/docs.google.com\/spreadsheets\/d\/1jJyFRqLV7-4mZH3z5QGVnzpSkOoHHac50qrtcK6xPwE\/pubhtml\" target=\"_blank\" rel=\"noopener\">Ver Planilla<\/a><\/p>\n","protected":false},"excerpt":{"rendered":"<p>Con una zona 2-3 Villa Mitre sac\u00f3 adelante el partido y le gan\u00f3 88 a 81 a Napost\u00e1<\/p>\n","protected":false},"author":1,"featured_media":39013,"comment_status":"closed","ping_status":"open","sticky":false,"template":"","format":"standard","meta":{"jnews-multi-image_gallery":[],"jnews_single_post":[],"jnews_primary_category":[],"footnotes":""},"categories":[23,101],"tags":[228,615,319,15,618,22],"class_list":["post-39010","post","type-post","status-publish","format-standard","has-post-thumbnail","hentry","category-primera","category-slide","tag-david-pineda","tag-gaston-diomedi","tag-juan-ignacio-bellozas","tag-naposta","tag-ramiro-aguirre","tag-villa-mitre"],"yoast_head":"<!-- This site is optimized with the Yoast SEO plugin v27.5 - https:\/\/yoast.com\/product\/yoast-seo-wordpress\/ -->\n<title>Zona protegida - Gente de B\u00e1squet<\/title>\n<meta name=\"robots\" content=\"index, follow, max-snippet:-1, max-image-preview:large, max-video-preview:-1\" \/>\n<link rel=\"canonical\" href=\"https:\/\/gentedebasquet.com.ar\/sitio\/2014\/10\/07\/zona-protegida\/\" \/>\n<meta property=\"og:locale\" content=\"es_ES\" \/>\n<meta property=\"og:type\" content=\"article\" \/>\n<meta property=\"og:title\" content=\"Zona protegida - Gente de B\u00e1squet\" \/>\n<meta property=\"og:description\" content=\"Con una zona 2-3 Villa Mitre sac\u00f3 adelante el partido y le gan\u00f3 88 a 81 a Napost\u00e1\" \/>\n<meta property=\"og:url\" content=\"https:\/\/gentedebasquet.com.ar\/sitio\/2014\/10\/07\/zona-protegida\/\" \/>\n<meta property=\"og:site_name\" content=\"Gente de B\u00e1squet\" \/>\n<meta property=\"article:published_time\" content=\"2014-10-07T03:29:41+00:00\" \/>\n<meta property=\"og:image\" content=\"https:\/\/gentedebasquet.com.ar\/sitio\/wp-content\/uploads\/2014\/10\/Napo-VM.jpg\" \/>\n\t<meta property=\"og:image:width\" content=\"690\" \/>\n\t<meta property=\"og:image:height\" content=\"318\" \/>\n\t<meta property=\"og:image:type\" content=\"image\/jpeg\" \/>\n<meta name=\"author\" content=\"Gente de B\u00e1squet\" \/>\n<meta name=\"twitter:card\" content=\"summary_large_image\" \/>\n<meta name=\"twitter:label1\" content=\"Escrito por\" \/>\n\t<meta name=\"twitter:data1\" content=\"Gente de B\u00e1squet\" \/>\n\t<meta name=\"twitter:label2\" content=\"Tiempo de lectura\" \/>\n\t<meta name=\"twitter:data2\" content=\"2 minutos\" \/>\n<script type=\"application\/ld+json\" class=\"yoast-schema-graph\">{\"@context\":\"https:\\\/\\\/schema.org\",\"@graph\":[{\"@type\":\"Article\",\"@id\":\"https:\\\/\\\/gentedebasquet.com.ar\\\/sitio\\\/2014\\\/10\\\/07\\\/zona-protegida\\\/#article\",\"isPartOf\":{\"@id\":\"https:\\\/\\\/gentedebasquet.com.ar\\\/sitio\\\/2014\\\/10\\\/07\\\/zona-protegida\\\/\"},\"author\":{\"name\":\"Gente de B\u00e1squet\",\"@id\":\"https:\\\/\\\/gentedebasquet.com.ar\\\/sitio\\\/#\\\/schema\\\/person\\\/ca0b63bbb977369988a7bbbdc519943a\"},\"headline\":\"Zona protegida\",\"datePublished\":\"2014-10-07T03:29:41+00:00\",\"mainEntityOfPage\":{\"@id\":\"https:\\\/\\\/gentedebasquet.com.ar\\\/sitio\\\/2014\\\/10\\\/07\\\/zona-protegida\\\/\"},\"wordCount\":473,\"image\":{\"@id\":\"https:\\\/\\\/gentedebasquet.com.ar\\\/sitio\\\/2014\\\/10\\\/07\\\/zona-protegida\\\/#primaryimage\"},\"thumbnailUrl\":\"http:\\\/\\\/gentedebasquet.com.ar\\\/sitio\\\/wp-content\\\/uploads\\\/2014\\\/10\\\/Napo-VM.jpg\",\"keywords\":[\"David Pineda\",\"Gaston Diomedi\",\"Juan Ignacio Bellozas\",\"Naposta\",\"Ramiro Aguirre\",\"Villa Mitre\"],\"articleSection\":[\"Primera\",\"Slide\"],\"inLanguage\":\"es\"},{\"@type\":\"WebPage\",\"@id\":\"https:\\\/\\\/gentedebasquet.com.ar\\\/sitio\\\/2014\\\/10\\\/07\\\/zona-protegida\\\/\",\"url\":\"https:\\\/\\\/gentedebasquet.com.ar\\\/sitio\\\/2014\\\/10\\\/07\\\/zona-protegida\\\/\",\"name\":\"Zona protegida - Gente de B\u00e1squet\",\"isPartOf\":{\"@id\":\"https:\\\/\\\/gentedebasquet.com.ar\\\/sitio\\\/#website\"},\"primaryImageOfPage\":{\"@id\":\"https:\\\/\\\/gentedebasquet.com.ar\\\/sitio\\\/2014\\\/10\\\/07\\\/zona-protegida\\\/#primaryimage\"},\"image\":{\"@id\":\"https:\\\/\\\/gentedebasquet.com.ar\\\/sitio\\\/2014\\\/10\\\/07\\\/zona-protegida\\\/#primaryimage\"},\"thumbnailUrl\":\"http:\\\/\\\/gentedebasquet.com.ar\\\/sitio\\\/wp-content\\\/uploads\\\/2014\\\/10\\\/Napo-VM.jpg\",\"datePublished\":\"2014-10-07T03:29:41+00:00\",\"author\":{\"@id\":\"https:\\\/\\\/gentedebasquet.com.ar\\\/sitio\\\/#\\\/schema\\\/person\\\/ca0b63bbb977369988a7bbbdc519943a\"},\"breadcrumb\":{\"@id\":\"https:\\\/\\\/gentedebasquet.com.ar\\\/sitio\\\/2014\\\/10\\\/07\\\/zona-protegida\\\/#breadcrumb\"},\"inLanguage\":\"es\",\"potentialAction\":[{\"@type\":\"ReadAction\",\"target\":[\"https:\\\/\\\/gentedebasquet.com.ar\\\/sitio\\\/2014\\\/10\\\/07\\\/zona-protegida\\\/\"]}]},{\"@type\":\"ImageObject\",\"inLanguage\":\"es\",\"@id\":\"https:\\\/\\\/gentedebasquet.com.ar\\\/sitio\\\/2014\\\/10\\\/07\\\/zona-protegida\\\/#primaryimage\",\"url\":\"http:\\\/\\\/gentedebasquet.com.ar\\\/sitio\\\/wp-content\\\/uploads\\\/2014\\\/10\\\/Napo-VM.jpg\",\"contentUrl\":\"http:\\\/\\\/gentedebasquet.com.ar\\\/sitio\\\/wp-content\\\/uploads\\\/2014\\\/10\\\/Napo-VM.jpg\",\"width\":690,\"height\":318},{\"@type\":\"BreadcrumbList\",\"@id\":\"https:\\\/\\\/gentedebasquet.com.ar\\\/sitio\\\/2014\\\/10\\\/07\\\/zona-protegida\\\/#breadcrumb\",\"itemListElement\":[{\"@type\":\"ListItem\",\"position\":1,\"name\":\"Portada\",\"item\":\"https:\\\/\\\/gentedebasquet.com.ar\\\/sitio\\\/\"},{\"@type\":\"ListItem\",\"position\":2,\"name\":\"Zona protegida\"}]},{\"@type\":\"WebSite\",\"@id\":\"https:\\\/\\\/gentedebasquet.com.ar\\\/sitio\\\/#website\",\"url\":\"https:\\\/\\\/gentedebasquet.com.ar\\\/sitio\\\/\",\"name\":\"Gente de B\u00e1squet\",\"description\":\"La revista del basquet de Bah\u00eda Blanca\",\"potentialAction\":[{\"@type\":\"SearchAction\",\"target\":{\"@type\":\"EntryPoint\",\"urlTemplate\":\"https:\\\/\\\/gentedebasquet.com.ar\\\/sitio\\\/?s={search_term_string}\"},\"query-input\":{\"@type\":\"PropertyValueSpecification\",\"valueRequired\":true,\"valueName\":\"search_term_string\"}}],\"inLanguage\":\"es\"},{\"@type\":\"Person\",\"@id\":\"https:\\\/\\\/gentedebasquet.com.ar\\\/sitio\\\/#\\\/schema\\\/person\\\/ca0b63bbb977369988a7bbbdc519943a\",\"name\":\"Gente de B\u00e1squet\",\"image\":{\"@type\":\"ImageObject\",\"inLanguage\":\"es\",\"@id\":\"https:\\\/\\\/secure.gravatar.com\\\/avatar\\\/7f2c48bdc33b30088f941fb6082e555f2874c98e20cb159d7b92b50eadfce793?s=96&d=mm&r=g\",\"url\":\"https:\\\/\\\/secure.gravatar.com\\\/avatar\\\/7f2c48bdc33b30088f941fb6082e555f2874c98e20cb159d7b92b50eadfce793?s=96&d=mm&r=g\",\"contentUrl\":\"https:\\\/\\\/secure.gravatar.com\\\/avatar\\\/7f2c48bdc33b30088f941fb6082e555f2874c98e20cb159d7b92b50eadfce793?s=96&d=mm&r=g\",\"caption\":\"Gente de B\u00e1squet\"},\"sameAs\":[\"http:\\\/\\\/gentedebasquet.com.ar\\\/sitio\"],\"url\":\"http:\\\/\\\/gentedebasquet.com.ar\\\/sitio\\\/author\\\/ulises\\\/\"}]}<\/script>\n<!-- \/ Yoast SEO plugin. -->","yoast_head_json":{"title":"Zona protegida - Gente de B\u00e1squet","robots":{"index":"index","follow":"follow","max-snippet":"max-snippet:-1","max-image-preview":"max-image-preview:large","max-video-preview":"max-video-preview:-1"},"canonical":"https:\/\/gentedebasquet.com.ar\/sitio\/2014\/10\/07\/zona-protegida\/","og_locale":"es_ES","og_type":"article","og_title":"Zona protegida - Gente de B\u00e1squet","og_description":"Con una zona 2-3 Villa Mitre sac\u00f3 adelante el partido y le gan\u00f3 88 a 81 a Napost\u00e1","og_url":"https:\/\/gentedebasquet.com.ar\/sitio\/2014\/10\/07\/zona-protegida\/","og_site_name":"Gente de B\u00e1squet","article_published_time":"2014-10-07T03:29:41+00:00","og_image":[{"width":690,"height":318,"url":"https:\/\/gentedebasquet.com.ar\/sitio\/wp-content\/uploads\/2014\/10\/Napo-VM.jpg","type":"image\/jpeg"}],"author":"Gente de B\u00e1squet","twitter_card":"summary_large_image","twitter_misc":{"Escrito por":"Gente de B\u00e1squet","Tiempo de lectura":"2 minutos"},"schema":{"@context":"https:\/\/schema.org","@graph":[{"@type":"Article","@id":"https:\/\/gentedebasquet.com.ar\/sitio\/2014\/10\/07\/zona-protegida\/#article","isPartOf":{"@id":"https:\/\/gentedebasquet.com.ar\/sitio\/2014\/10\/07\/zona-protegida\/"},"author":{"name":"Gente de B\u00e1squet","@id":"https:\/\/gentedebasquet.com.ar\/sitio\/#\/schema\/person\/ca0b63bbb977369988a7bbbdc519943a"},"headline":"Zona protegida","datePublished":"2014-10-07T03:29:41+00:00","mainEntityOfPage":{"@id":"https:\/\/gentedebasquet.com.ar\/sitio\/2014\/10\/07\/zona-protegida\/"},"wordCount":473,"image":{"@id":"https:\/\/gentedebasquet.com.ar\/sitio\/2014\/10\/07\/zona-protegida\/#primaryimage"},"thumbnailUrl":"http:\/\/gentedebasquet.com.ar\/sitio\/wp-content\/uploads\/2014\/10\/Napo-VM.jpg","keywords":["David Pineda","Gaston Diomedi","Juan Ignacio Bellozas","Naposta","Ramiro Aguirre","Villa Mitre"],"articleSection":["Primera","Slide"],"inLanguage":"es"},{"@type":"WebPage","@id":"https:\/\/gentedebasquet.com.ar\/sitio\/2014\/10\/07\/zona-protegida\/","url":"https:\/\/gentedebasquet.com.ar\/sitio\/2014\/10\/07\/zona-protegida\/","name":"Zona protegida - Gente de B\u00e1squet","isPartOf":{"@id":"https:\/\/gentedebasquet.com.ar\/sitio\/#website"},"primaryImageOfPage":{"@id":"https:\/\/gentedebasquet.com.ar\/sitio\/2014\/10\/07\/zona-protegida\/#primaryimage"},"image":{"@id":"https:\/\/gentedebasquet.com.ar\/sitio\/2014\/10\/07\/zona-protegida\/#primaryimage"},"thumbnailUrl":"http:\/\/gentedebasquet.com.ar\/sitio\/wp-content\/uploads\/2014\/10\/Napo-VM.jpg","datePublished":"2014-10-07T03:29:41+00:00","author":{"@id":"https:\/\/gentedebasquet.com.ar\/sitio\/#\/schema\/person\/ca0b63bbb977369988a7bbbdc519943a"},"breadcrumb":{"@id":"https:\/\/gentedebasquet.com.ar\/sitio\/2014\/10\/07\/zona-protegida\/#breadcrumb"},"inLanguage":"es","potentialAction":[{"@type":"ReadAction","target":["https:\/\/gentedebasquet.com.ar\/sitio\/2014\/10\/07\/zona-protegida\/"]}]},{"@type":"ImageObject","inLanguage":"es","@id":"https:\/\/gentedebasquet.com.ar\/sitio\/2014\/10\/07\/zona-protegida\/#primaryimage","url":"http:\/\/gentedebasquet.com.ar\/sitio\/wp-content\/uploads\/2014\/10\/Napo-VM.jpg","contentUrl":"http:\/\/gentedebasquet.com.ar\/sitio\/wp-content\/uploads\/2014\/10\/Napo-VM.jpg","width":690,"height":318},{"@type":"BreadcrumbList","@id":"https:\/\/gentedebasquet.com.ar\/sitio\/2014\/10\/07\/zona-protegida\/#breadcrumb","itemListElement":[{"@type":"ListItem","position":1,"name":"Portada","item":"https:\/\/gentedebasquet.com.ar\/sitio\/"},{"@type":"ListItem","position":2,"name":"Zona protegida"}]},{"@type":"WebSite","@id":"https:\/\/gentedebasquet.com.ar\/sitio\/#website","url":"https:\/\/gentedebasquet.com.ar\/sitio\/","name":"Gente de B\u00e1squet","description":"La revista del basquet de Bah\u00eda Blanca","potentialAction":[{"@type":"SearchAction","target":{"@type":"EntryPoint","urlTemplate":"https:\/\/gentedebasquet.com.ar\/sitio\/?s={search_term_string}"},"query-input":{"@type":"PropertyValueSpecification","valueRequired":true,"valueName":"search_term_string"}}],"inLanguage":"es"},{"@type":"Person","@id":"https:\/\/gentedebasquet.com.ar\/sitio\/#\/schema\/person\/ca0b63bbb977369988a7bbbdc519943a","name":"Gente de B\u00e1squet","image":{"@type":"ImageObject","inLanguage":"es","@id":"https:\/\/secure.gravatar.com\/avatar\/7f2c48bdc33b30088f941fb6082e555f2874c98e20cb159d7b92b50eadfce793?s=96&d=mm&r=g","url":"https:\/\/secure.gravatar.com\/avatar\/7f2c48bdc33b30088f941fb6082e555f2874c98e20cb159d7b92b50eadfce793?s=96&d=mm&r=g","contentUrl":"https:\/\/secure.gravatar.com\/avatar\/7f2c48bdc33b30088f941fb6082e555f2874c98e20cb159d7b92b50eadfce793?s=96&d=mm&r=g","caption":"Gente de B\u00e1squet"},"sameAs":["http:\/\/gentedebasquet.com.ar\/sitio"],"url":"http:\/\/gentedebasquet.com.ar\/sitio\/author\/ulises\/"}]}},"_links":{"self":[{"href":"http:\/\/gentedebasquet.com.ar\/sitio\/wp-json\/wp\/v2\/posts\/39010","targetHints":{"allow":["GET"]}}],"collection":[{"href":"http:\/\/gentedebasquet.com.ar\/sitio\/wp-json\/wp\/v2\/posts"}],"about":[{"href":"http:\/\/gentedebasquet.com.ar\/sitio\/wp-json\/wp\/v2\/types\/post"}],"author":[{"embeddable":true,"href":"http:\/\/gentedebasquet.com.ar\/sitio\/wp-json\/wp\/v2\/users\/1"}],"replies":[{"embeddable":true,"href":"http:\/\/gentedebasquet.com.ar\/sitio\/wp-json\/wp\/v2\/comments?post=39010"}],"version-history":[{"count":0,"href":"http:\/\/gentedebasquet.com.ar\/sitio\/wp-json\/wp\/v2\/posts\/39010\/revisions"}],"wp:featuredmedia":[{"embeddable":true,"href":"http:\/\/gentedebasquet.com.ar\/sitio\/wp-json\/wp\/v2\/media\/39013"}],"wp:attachment":[{"href":"http:\/\/gentedebasquet.com.ar\/sitio\/wp-json\/wp\/v2\/media?parent=39010"}],"wp:term":[{"taxonomy":"category","embeddable":true,"href":"http:\/\/gentedebasquet.com.ar\/sitio\/wp-json\/wp\/v2\/categories?post=39010"},{"taxonomy":"post_tag","embeddable":true,"href":"http:\/\/gentedebasquet.com.ar\/sitio\/wp-json\/wp\/v2\/tags?post=39010"}],"curies":[{"name":"wp","href":"https:\/\/api.w.org\/{rel}","templated":true}]}}