{"id":39053,"date":"2014-10-07T23:52:54","date_gmt":"2014-10-08T02:52:54","guid":{"rendered":"http:\/\/www.gentedebasquet.com.ar\/?p=39053"},"modified":"2014-10-07T23:52:54","modified_gmt":"2014-10-08T02:52:54","slug":"alem-3d","status":"publish","type":"post","link":"http:\/\/gentedebasquet.com.ar\/sitio\/2014\/10\/07\/alem-3d\/","title":{"rendered":"Alem 3D"},"content":{"rendered":"<p><strong>Apoy\u00e1ndose en una excepcional efectividad desde tercera dimensi\u00f3n (52%) fue que Alem venci\u00f3 a Los Andes por 93 a 76. \u00a0Tambi\u00e9n fue clave el goleo repartido en el conjunto de Miguel Loffredo, donde 6 jugadores \u00a0(Mart\u00edn Miguel, Nicol\u00e1s Leguizam\u00f3n, Sebasti\u00e1n Tacchetti, Dami\u00e1n Foulkes, Augusto Priore y Agust\u00edn Amore) marcaron por encima del doble d\u00edgito. \u00a0A pesar de la derrota, el equpo de Leandro Carbonell cont\u00f3 con las descomunales actuaciones de Daniel Agalupe (27 puntos, 4-7 en T3 y 5-8 en T2) y Gast\u00f3n Chaves (24, 2-4 en T3 y 8-13 en T2).<\/strong><\/p>\n<p>Comienzo fren\u00e9tico fue el que se dio en el Daniel Lacunza, porque fue Los Andes quien en 4 minutos de juego lideraba en el marcador tras encajar un parcial de 11-2. \u00a0Pero el local se recuper\u00f3 mediante otra importante racha (15-3). \u00a0Nicol\u00e1s Leguizam\u00f3n (9, 3-3 en T3) comenzaba a encender las redes desde el per\u00edmetro, mientras que Dami\u00e1n Foulkes se encarg\u00f3 con eficacia del rebote defensivo (5) negando segundas oportunidades al conjunto de Punta Alta.<\/p>\n<p>Ya en el 2C, Miguel Loffredo ajust\u00f3 en defensa y marc\u00f3 (por el segmento) en zona 2-3. \u00a0Y la movida le result\u00f3 efectiva, porque fue en este per\u00edodo en que Alem sac\u00f3 la m\u00e1xima ventaja que mantuvo en el encuentro (18). \u00a0De a poco empez\u00f3 a ser un factor en el partido Agust\u00edn Amore (5 y 3 rebotes) viniendo desde la banca con la intenci\u00f3n de que sea el revulsivo que Alem necesitaba en el encuentro para despegar en el marcador. \u00a0A pesar de la buena tarea defensiva del local, eso no detuvo la tarea de Daniel Agalupe (7) en la ofensiva del visitante. \u00a0Pero al cierre de la primera mitad, fue Alem el que se fue al descanso arriba en el marcador (48-30).<\/p>\n<p>Al regreso de los vestuarios, se dio el momento definitivo de Amore en el partido. \u00a0Porque el ala-pivot se encendi\u00f3 desde la larga distancia (un perfecto 3-3 en en T3) y le di\u00f3 a Alem la chispa necesaria en ataque para dominar el encuentro. \u00a0Sin embargo Los Andes no fue menos, y pudo recortar la distancia en el marcador (69-56) mediante un gran juego de contragolpe aprovechando los erroes en la transici\u00f3n del local (3 p\u00e9rdidas). \u00a0Fue Gast\u00f3n Chaves el lider de la ofensiva en el per\u00edodo, aportando 14 unidades.<\/p>\n<p>Los Andes aprovech\u00f3 el envi\u00f3n ofensivo del 3C, y en 1m47s de juego del 4C, recort\u00f3 la distancia en el marcador a 9 puntos (71-62), de la mano de Agalupe y Guido Canella. \u00a0Tras el necesario tiempo muerto pedido por el \u00abColo\u00bb Loffredo, Alem respondi\u00f3 y apoy\u00e1ndose en un buen pasaje de Mart\u00edn Miguel (7) fue que volvi\u00f3 a colocarse por encima en el tanteador. \u00a0Promediando el per\u00edodo final, la salida de Gast\u00f3n Chaves por acumulaci\u00f3n de faltas, y la ventaja de 17 que retom\u00f3 Alem, fueron los factores que virtualmente ya le daban la victoria a los de Loffredo.<\/p>\n<p>&nbsp;<\/p>\n<p>[vimeo]http:\/\/https:\/\/vimeo.com\/108310317[\/vimeo]<\/p>\n<p>&nbsp;<\/p>\n<p>[vimeo]http:\/\/https:\/\/vimeo.com\/108310316[\/vimeo]<\/p>\n<p>&nbsp;<\/p>\n<p>[vimeo]http:\/\/https:\/\/vimeo.com\/108310318[\/vimeo]<\/p>\n<p>&nbsp;<\/p>\n<p><strong><span style=\"text-decoration: underline;\"><em>S\u00edntesis<\/em><\/span><\/strong><\/p>\n<p><strong>Alem 93: <\/strong>Gonzalo Etchepare 3, Mart\u00edn Miguel 15, Nicol\u00e1s Leguizam\u00f3n 16, Sebasti\u00e1n Tacchetti 10, Dami\u00e1n Foulkes 10 (FI); Augusto Priore 12, Emiliano Calzetti 4, Walter Gigena 8, Lautaro Berger 3, Agust\u00edn Amore 14, Lautaro Su\u00e1rez0. \u00a0D.T: Miguel Loffredo.<\/p>\n<p><strong>Los Andes 76: \u00a0<\/strong>Jerem\u00edas Gonc\u00e1lvez 0, Nicol\u00e1s Themtam 9, Gast\u00f3n Chaves 24 (x), Guido Canella 12, Daniel Agalupe 27 (FI); Ignacio Lupino 2, Gast\u00f3n Mart\u00ednez 0, Mauricio Gonz\u00e1lez 0, Braian Baier 2, Mauro Murcilli 0. \u00a0D.T: Leandro Carbonell.<\/p>\n<p><strong>Parciales:\u00a0<\/strong>26-19, 48-30 (22-11), 69-56 (21-26), 93-76 (24-20).<\/p>\n<p><strong>\u00c1rbitros:\u00a0<\/strong>Javier S\u00e1nchez &#8211; Mariano Enrique.<\/p>\n<p><strong>Estadio:\u00a0<\/strong>Daniel Lacunza (Alem).<\/p>\n<p><a class=\"modalf iframe\" title=\"Planilla\" href=\"https:\/\/docs.google.com\/spreadsheets\/d\/14kwI5b5fqstYWiERrjlYFaD-NpxXeuLzIs7Kh-3uFA0\/pubhtml\" target=\"_blank\" rel=\"noopener\">Ver Planilla<\/a><\/p>\n","protected":false},"excerpt":{"rendered":"<p>El tiro de larga distancia (13-25) fue clave para que Alem le gane a Los Andes 93-76<\/p>\n","protected":false},"author":1,"featured_media":39057,"comment_status":"closed","ping_status":"open","sticky":false,"template":"","format":"standard","meta":{"jnews-multi-image_gallery":[],"jnews_single_post":[],"jnews_primary_category":[],"footnotes":""},"categories":[25,101],"tags":[201,3,528,564,152,249,335],"class_list":["post-39053","post","type-post","status-publish","format-standard","has-post-thumbnail","hentry","category-segunda","category-slide","tag-agustin-amore","tag-alem","tag-daniel-agalupe","tag-gaston-chaves","tag-los-andes","tag-martin-miguel","tag-nicolas-leguizamon"],"yoast_head":"<!-- This site is optimized with the Yoast SEO plugin v27.5 - https:\/\/yoast.com\/product\/yoast-seo-wordpress\/ -->\n<title>Alem 3D - Gente de B\u00e1squet<\/title>\n<meta name=\"robots\" content=\"index, follow, max-snippet:-1, max-image-preview:large, max-video-preview:-1\" \/>\n<link rel=\"canonical\" href=\"https:\/\/gentedebasquet.com.ar\/sitio\/2014\/10\/07\/alem-3d\/\" \/>\n<meta property=\"og:locale\" content=\"es_ES\" \/>\n<meta property=\"og:type\" content=\"article\" \/>\n<meta property=\"og:title\" content=\"Alem 3D - Gente de B\u00e1squet\" \/>\n<meta property=\"og:description\" content=\"El tiro de larga distancia (13-25) fue clave para que Alem le gane a Los Andes 93-76\" \/>\n<meta property=\"og:url\" content=\"https:\/\/gentedebasquet.com.ar\/sitio\/2014\/10\/07\/alem-3d\/\" \/>\n<meta property=\"og:site_name\" content=\"Gente de B\u00e1squet\" \/>\n<meta property=\"article:published_time\" content=\"2014-10-08T02:52:54+00:00\" \/>\n<meta property=\"og:image\" content=\"https:\/\/gentedebasquet.com.ar\/sitio\/wp-content\/uploads\/2014\/10\/alem-los-andes.jpg\" \/>\n\t<meta property=\"og:image:width\" content=\"690\" \/>\n\t<meta property=\"og:image:height\" content=\"319\" \/>\n\t<meta property=\"og:image:type\" content=\"image\/jpeg\" \/>\n<meta name=\"author\" content=\"Gente de B\u00e1squet\" \/>\n<meta name=\"twitter:card\" content=\"summary_large_image\" \/>\n<meta name=\"twitter:label1\" content=\"Escrito por\" \/>\n\t<meta name=\"twitter:data1\" content=\"Gente de B\u00e1squet\" \/>\n\t<meta name=\"twitter:label2\" content=\"Tiempo de lectura\" \/>\n\t<meta name=\"twitter:data2\" content=\"3 minutos\" \/>\n<script type=\"application\/ld+json\" class=\"yoast-schema-graph\">{\"@context\":\"https:\\\/\\\/schema.org\",\"@graph\":[{\"@type\":\"Article\",\"@id\":\"https:\\\/\\\/gentedebasquet.com.ar\\\/sitio\\\/2014\\\/10\\\/07\\\/alem-3d\\\/#article\",\"isPartOf\":{\"@id\":\"https:\\\/\\\/gentedebasquet.com.ar\\\/sitio\\\/2014\\\/10\\\/07\\\/alem-3d\\\/\"},\"author\":{\"name\":\"Gente de B\u00e1squet\",\"@id\":\"https:\\\/\\\/gentedebasquet.com.ar\\\/sitio\\\/#\\\/schema\\\/person\\\/ca0b63bbb977369988a7bbbdc519943a\"},\"headline\":\"Alem 3D\",\"datePublished\":\"2014-10-08T02:52:54+00:00\",\"mainEntityOfPage\":{\"@id\":\"https:\\\/\\\/gentedebasquet.com.ar\\\/sitio\\\/2014\\\/10\\\/07\\\/alem-3d\\\/\"},\"wordCount\":611,\"image\":{\"@id\":\"https:\\\/\\\/gentedebasquet.com.ar\\\/sitio\\\/2014\\\/10\\\/07\\\/alem-3d\\\/#primaryimage\"},\"thumbnailUrl\":\"http:\\\/\\\/gentedebasquet.com.ar\\\/sitio\\\/wp-content\\\/uploads\\\/2014\\\/10\\\/alem-los-andes.jpg\",\"keywords\":[\"Agust\u00edn Amore\",\"Alem\",\"Daniel Agalupe\",\"Gast\u00f3n Chaves\",\"Los Andes\",\"Mart\u00edn Miguel\",\"Nicolas Leguizam\u00f3n\"],\"articleSection\":[\"Segunda\",\"Slide\"],\"inLanguage\":\"es\"},{\"@type\":\"WebPage\",\"@id\":\"https:\\\/\\\/gentedebasquet.com.ar\\\/sitio\\\/2014\\\/10\\\/07\\\/alem-3d\\\/\",\"url\":\"https:\\\/\\\/gentedebasquet.com.ar\\\/sitio\\\/2014\\\/10\\\/07\\\/alem-3d\\\/\",\"name\":\"Alem 3D - Gente de B\u00e1squet\",\"isPartOf\":{\"@id\":\"https:\\\/\\\/gentedebasquet.com.ar\\\/sitio\\\/#website\"},\"primaryImageOfPage\":{\"@id\":\"https:\\\/\\\/gentedebasquet.com.ar\\\/sitio\\\/2014\\\/10\\\/07\\\/alem-3d\\\/#primaryimage\"},\"image\":{\"@id\":\"https:\\\/\\\/gentedebasquet.com.ar\\\/sitio\\\/2014\\\/10\\\/07\\\/alem-3d\\\/#primaryimage\"},\"thumbnailUrl\":\"http:\\\/\\\/gentedebasquet.com.ar\\\/sitio\\\/wp-content\\\/uploads\\\/2014\\\/10\\\/alem-los-andes.jpg\",\"datePublished\":\"2014-10-08T02:52:54+00:00\",\"author\":{\"@id\":\"https:\\\/\\\/gentedebasquet.com.ar\\\/sitio\\\/#\\\/schema\\\/person\\\/ca0b63bbb977369988a7bbbdc519943a\"},\"breadcrumb\":{\"@id\":\"https:\\\/\\\/gentedebasquet.com.ar\\\/sitio\\\/2014\\\/10\\\/07\\\/alem-3d\\\/#breadcrumb\"},\"inLanguage\":\"es\",\"potentialAction\":[{\"@type\":\"ReadAction\",\"target\":[\"https:\\\/\\\/gentedebasquet.com.ar\\\/sitio\\\/2014\\\/10\\\/07\\\/alem-3d\\\/\"]}]},{\"@type\":\"ImageObject\",\"inLanguage\":\"es\",\"@id\":\"https:\\\/\\\/gentedebasquet.com.ar\\\/sitio\\\/2014\\\/10\\\/07\\\/alem-3d\\\/#primaryimage\",\"url\":\"http:\\\/\\\/gentedebasquet.com.ar\\\/sitio\\\/wp-content\\\/uploads\\\/2014\\\/10\\\/alem-los-andes.jpg\",\"contentUrl\":\"http:\\\/\\\/gentedebasquet.com.ar\\\/sitio\\\/wp-content\\\/uploads\\\/2014\\\/10\\\/alem-los-andes.jpg\",\"width\":690,\"height\":319},{\"@type\":\"BreadcrumbList\",\"@id\":\"https:\\\/\\\/gentedebasquet.com.ar\\\/sitio\\\/2014\\\/10\\\/07\\\/alem-3d\\\/#breadcrumb\",\"itemListElement\":[{\"@type\":\"ListItem\",\"position\":1,\"name\":\"Portada\",\"item\":\"https:\\\/\\\/gentedebasquet.com.ar\\\/sitio\\\/\"},{\"@type\":\"ListItem\",\"position\":2,\"name\":\"Alem 3D\"}]},{\"@type\":\"WebSite\",\"@id\":\"https:\\\/\\\/gentedebasquet.com.ar\\\/sitio\\\/#website\",\"url\":\"https:\\\/\\\/gentedebasquet.com.ar\\\/sitio\\\/\",\"name\":\"Gente de B\u00e1squet\",\"description\":\"La revista del basquet de Bah\u00eda Blanca\",\"potentialAction\":[{\"@type\":\"SearchAction\",\"target\":{\"@type\":\"EntryPoint\",\"urlTemplate\":\"https:\\\/\\\/gentedebasquet.com.ar\\\/sitio\\\/?s={search_term_string}\"},\"query-input\":{\"@type\":\"PropertyValueSpecification\",\"valueRequired\":true,\"valueName\":\"search_term_string\"}}],\"inLanguage\":\"es\"},{\"@type\":\"Person\",\"@id\":\"https:\\\/\\\/gentedebasquet.com.ar\\\/sitio\\\/#\\\/schema\\\/person\\\/ca0b63bbb977369988a7bbbdc519943a\",\"name\":\"Gente de B\u00e1squet\",\"image\":{\"@type\":\"ImageObject\",\"inLanguage\":\"es\",\"@id\":\"https:\\\/\\\/secure.gravatar.com\\\/avatar\\\/7f2c48bdc33b30088f941fb6082e555f2874c98e20cb159d7b92b50eadfce793?s=96&d=mm&r=g\",\"url\":\"https:\\\/\\\/secure.gravatar.com\\\/avatar\\\/7f2c48bdc33b30088f941fb6082e555f2874c98e20cb159d7b92b50eadfce793?s=96&d=mm&r=g\",\"contentUrl\":\"https:\\\/\\\/secure.gravatar.com\\\/avatar\\\/7f2c48bdc33b30088f941fb6082e555f2874c98e20cb159d7b92b50eadfce793?s=96&d=mm&r=g\",\"caption\":\"Gente de B\u00e1squet\"},\"sameAs\":[\"http:\\\/\\\/gentedebasquet.com.ar\\\/sitio\"],\"url\":\"http:\\\/\\\/gentedebasquet.com.ar\\\/sitio\\\/author\\\/ulises\\\/\"}]}<\/script>\n<!-- \/ Yoast SEO plugin. -->","yoast_head_json":{"title":"Alem 3D - Gente de B\u00e1squet","robots":{"index":"index","follow":"follow","max-snippet":"max-snippet:-1","max-image-preview":"max-image-preview:large","max-video-preview":"max-video-preview:-1"},"canonical":"https:\/\/gentedebasquet.com.ar\/sitio\/2014\/10\/07\/alem-3d\/","og_locale":"es_ES","og_type":"article","og_title":"Alem 3D - Gente de B\u00e1squet","og_description":"El tiro de larga distancia (13-25) fue clave para que Alem le gane a Los Andes 93-76","og_url":"https:\/\/gentedebasquet.com.ar\/sitio\/2014\/10\/07\/alem-3d\/","og_site_name":"Gente de B\u00e1squet","article_published_time":"2014-10-08T02:52:54+00:00","og_image":[{"width":690,"height":319,"url":"https:\/\/gentedebasquet.com.ar\/sitio\/wp-content\/uploads\/2014\/10\/alem-los-andes.jpg","type":"image\/jpeg"}],"author":"Gente de B\u00e1squet","twitter_card":"summary_large_image","twitter_misc":{"Escrito por":"Gente de B\u00e1squet","Tiempo de lectura":"3 minutos"},"schema":{"@context":"https:\/\/schema.org","@graph":[{"@type":"Article","@id":"https:\/\/gentedebasquet.com.ar\/sitio\/2014\/10\/07\/alem-3d\/#article","isPartOf":{"@id":"https:\/\/gentedebasquet.com.ar\/sitio\/2014\/10\/07\/alem-3d\/"},"author":{"name":"Gente de B\u00e1squet","@id":"https:\/\/gentedebasquet.com.ar\/sitio\/#\/schema\/person\/ca0b63bbb977369988a7bbbdc519943a"},"headline":"Alem 3D","datePublished":"2014-10-08T02:52:54+00:00","mainEntityOfPage":{"@id":"https:\/\/gentedebasquet.com.ar\/sitio\/2014\/10\/07\/alem-3d\/"},"wordCount":611,"image":{"@id":"https:\/\/gentedebasquet.com.ar\/sitio\/2014\/10\/07\/alem-3d\/#primaryimage"},"thumbnailUrl":"http:\/\/gentedebasquet.com.ar\/sitio\/wp-content\/uploads\/2014\/10\/alem-los-andes.jpg","keywords":["Agust\u00edn Amore","Alem","Daniel Agalupe","Gast\u00f3n Chaves","Los Andes","Mart\u00edn Miguel","Nicolas Leguizam\u00f3n"],"articleSection":["Segunda","Slide"],"inLanguage":"es"},{"@type":"WebPage","@id":"https:\/\/gentedebasquet.com.ar\/sitio\/2014\/10\/07\/alem-3d\/","url":"https:\/\/gentedebasquet.com.ar\/sitio\/2014\/10\/07\/alem-3d\/","name":"Alem 3D - Gente de B\u00e1squet","isPartOf":{"@id":"https:\/\/gentedebasquet.com.ar\/sitio\/#website"},"primaryImageOfPage":{"@id":"https:\/\/gentedebasquet.com.ar\/sitio\/2014\/10\/07\/alem-3d\/#primaryimage"},"image":{"@id":"https:\/\/gentedebasquet.com.ar\/sitio\/2014\/10\/07\/alem-3d\/#primaryimage"},"thumbnailUrl":"http:\/\/gentedebasquet.com.ar\/sitio\/wp-content\/uploads\/2014\/10\/alem-los-andes.jpg","datePublished":"2014-10-08T02:52:54+00:00","author":{"@id":"https:\/\/gentedebasquet.com.ar\/sitio\/#\/schema\/person\/ca0b63bbb977369988a7bbbdc519943a"},"breadcrumb":{"@id":"https:\/\/gentedebasquet.com.ar\/sitio\/2014\/10\/07\/alem-3d\/#breadcrumb"},"inLanguage":"es","potentialAction":[{"@type":"ReadAction","target":["https:\/\/gentedebasquet.com.ar\/sitio\/2014\/10\/07\/alem-3d\/"]}]},{"@type":"ImageObject","inLanguage":"es","@id":"https:\/\/gentedebasquet.com.ar\/sitio\/2014\/10\/07\/alem-3d\/#primaryimage","url":"http:\/\/gentedebasquet.com.ar\/sitio\/wp-content\/uploads\/2014\/10\/alem-los-andes.jpg","contentUrl":"http:\/\/gentedebasquet.com.ar\/sitio\/wp-content\/uploads\/2014\/10\/alem-los-andes.jpg","width":690,"height":319},{"@type":"BreadcrumbList","@id":"https:\/\/gentedebasquet.com.ar\/sitio\/2014\/10\/07\/alem-3d\/#breadcrumb","itemListElement":[{"@type":"ListItem","position":1,"name":"Portada","item":"https:\/\/gentedebasquet.com.ar\/sitio\/"},{"@type":"ListItem","position":2,"name":"Alem 3D"}]},{"@type":"WebSite","@id":"https:\/\/gentedebasquet.com.ar\/sitio\/#website","url":"https:\/\/gentedebasquet.com.ar\/sitio\/","name":"Gente de B\u00e1squet","description":"La revista del basquet de Bah\u00eda Blanca","potentialAction":[{"@type":"SearchAction","target":{"@type":"EntryPoint","urlTemplate":"https:\/\/gentedebasquet.com.ar\/sitio\/?s={search_term_string}"},"query-input":{"@type":"PropertyValueSpecification","valueRequired":true,"valueName":"search_term_string"}}],"inLanguage":"es"},{"@type":"Person","@id":"https:\/\/gentedebasquet.com.ar\/sitio\/#\/schema\/person\/ca0b63bbb977369988a7bbbdc519943a","name":"Gente de B\u00e1squet","image":{"@type":"ImageObject","inLanguage":"es","@id":"https:\/\/secure.gravatar.com\/avatar\/7f2c48bdc33b30088f941fb6082e555f2874c98e20cb159d7b92b50eadfce793?s=96&d=mm&r=g","url":"https:\/\/secure.gravatar.com\/avatar\/7f2c48bdc33b30088f941fb6082e555f2874c98e20cb159d7b92b50eadfce793?s=96&d=mm&r=g","contentUrl":"https:\/\/secure.gravatar.com\/avatar\/7f2c48bdc33b30088f941fb6082e555f2874c98e20cb159d7b92b50eadfce793?s=96&d=mm&r=g","caption":"Gente de B\u00e1squet"},"sameAs":["http:\/\/gentedebasquet.com.ar\/sitio"],"url":"http:\/\/gentedebasquet.com.ar\/sitio\/author\/ulises\/"}]}},"_links":{"self":[{"href":"http:\/\/gentedebasquet.com.ar\/sitio\/wp-json\/wp\/v2\/posts\/39053","targetHints":{"allow":["GET"]}}],"collection":[{"href":"http:\/\/gentedebasquet.com.ar\/sitio\/wp-json\/wp\/v2\/posts"}],"about":[{"href":"http:\/\/gentedebasquet.com.ar\/sitio\/wp-json\/wp\/v2\/types\/post"}],"author":[{"embeddable":true,"href":"http:\/\/gentedebasquet.com.ar\/sitio\/wp-json\/wp\/v2\/users\/1"}],"replies":[{"embeddable":true,"href":"http:\/\/gentedebasquet.com.ar\/sitio\/wp-json\/wp\/v2\/comments?post=39053"}],"version-history":[{"count":0,"href":"http:\/\/gentedebasquet.com.ar\/sitio\/wp-json\/wp\/v2\/posts\/39053\/revisions"}],"wp:featuredmedia":[{"embeddable":true,"href":"http:\/\/gentedebasquet.com.ar\/sitio\/wp-json\/wp\/v2\/media\/39057"}],"wp:attachment":[{"href":"http:\/\/gentedebasquet.com.ar\/sitio\/wp-json\/wp\/v2\/media?parent=39053"}],"wp:term":[{"taxonomy":"category","embeddable":true,"href":"http:\/\/gentedebasquet.com.ar\/sitio\/wp-json\/wp\/v2\/categories?post=39053"},{"taxonomy":"post_tag","embeddable":true,"href":"http:\/\/gentedebasquet.com.ar\/sitio\/wp-json\/wp\/v2\/tags?post=39053"}],"curies":[{"name":"wp","href":"https:\/\/api.w.org\/{rel}","templated":true}]}}