{"id":39056,"date":"2014-10-07T23:27:43","date_gmt":"2014-10-08T02:27:43","guid":{"rendered":"http:\/\/www.gentedebasquet.com.ar\/?p=39056"},"modified":"2014-10-07T23:27:43","modified_gmt":"2014-10-08T02:27:43","slug":"vision-directa-a-playoffs","status":"publish","type":"post","link":"http:\/\/gentedebasquet.com.ar\/sitio\/2014\/10\/07\/vision-directa-a-playoffs\/","title":{"rendered":"Visi\u00f3n directa a playoffs"},"content":{"rendered":"<p><strong>La Falda gan\u00f3 un partido de poco juego y bajo goleo ante Velocidad 55 a 53. Luego de un primer tiempo aceptable, ambos se secaron en la segunda mitad y el partido se llen\u00f3 de imprecisiones. Aprovechando un error del rival, La Falda lo gan\u00f3 desde la l\u00ednea con libres de Federico Vilouta. Este mismo fue el goleador, junto a Fern\u00e1ndez, con 15 cada uno. En el local no fue suficiente el goleo repartido: Fiore 13, Cocce 12, Soria 11 y Palacio 10.<\/strong><\/p>\n<p>El arranque favorec\u00eda al local que comenzaba cerrando el aro en defensa y contundente en ataque para ganar 6-0. La Falda despertaba ante esto y consegu\u00eda un triple y un doble que lo met\u00eda en juego. Velocidad comenzaba a rotar la defensa de hombre a zona porque el rival lograba anotar con facilidad, moviendo la bola y cortando el aro. Sin precipitarse, La Falda lideraba 19 a 13.<\/p>\n<p>Los visitantes se mantuvieron en la primera mitad del segundo per\u00edodo. Los de Aleksoski pod\u00edan mover la bola sin inconvenientes y aprovechaba para aguantar las distancias. En la segunda mitad Velocidad encontraba su mejor juego. La entrada de Fiore (9 en el cuarto), impulsaba al local a anotar un parcial de 13-0 para tomar la posta y cerrar el primer tiempo arriba, 33 a 30.<\/p>\n<p>Los segundos 20&#8242; de juego perdieron en gran medida el rumbo. M\u00e1s all\u00e1 de que el partido se manten\u00eda palo a palo, ninguno se amigaba con el aro, con grandes pasajes de muy poco gol y lleno de imprecisiones. Velocidad buscaba tomar distancia pero un parcial de 6-0 del rival emparejaba las acciones sobre el cierre. Los de Montero ganaban 44 a 42.<\/p>\n<p>En los \u00faltimos 10 se mantuvo la tendencia. La Falda lo igualaba r\u00e1pido en 44 y viajaba, por primera vez en el partido, a la l\u00ednea de libres. Entre el cierre del tercer cuarto y el primer minuto del \u00faltimo, la visita fue contundente con un 11-0 que le dio el control de las acciones. A partir de all\u00ed el cotejo fue palo a palo hasta el final. Velocidad lo ganaba 53-50 a falta de 3:37, pero La Falda le cerr\u00f3 el aro al rival y busc\u00f3 abrir el suyo para encontrar un parcial de 5-0 que cerr\u00f3 el juego. Los de Aleksoski tomaron la ventaja 55 a 53 y lograron ganar luego de varios errores del rival.<\/p>\n<p>&nbsp;<\/p>\n<p>[vimeo]http:\/\/vimeo.com\/108307285[\/vimeo]<\/p>\n<p>&nbsp;<\/p>\n<p><span style=\"text-decoration: underline;\"><em><strong>S\u00edntesis:<\/strong><\/em><\/span><\/p>\n<p><strong>Velocidad 53:\u00a0<\/strong>Sim\u00f3n Delucchi 2, Hern\u00e1n Soria 11, Mariano Guill\u00e9n 2, Emanuel Linzuain 0, Guillermo Cocce 12 (FI); Reinaldo Palacio 10, Ger\u00f3nimo Arango 3, Cristian Fiore 13. DT: Silvio Montero.<\/p>\n<p><strong>La Falda 55:\u00a0<\/strong>Guillermo Fern\u00e1ndez 15, Facundo Roque 2, Federico Vilouta 15, Guillermo Mallemaci 11, Manuel Gimenez 4 (FI); Federico Gonz\u00e1lez 2, Sebasti\u00e1n Ranieri 6. DT: Sebasti\u00e1n Aleksoski.<\/p>\n<p><strong>Parciales:<\/strong> 13-19, 33-30 (17-11), 44-42 (11-12), 53-55 (9-13).<\/p>\n<p><strong>\u00c1rbitros:\u00a0<\/strong>Sebasti\u00e1n Arcas y Diego Kessler.<\/p>\n<p><strong>Estadio:<\/strong> Pedro S\u00e1nchez (Velocidad y Resistencia).<\/p>\n<p><a class=\"modalf iframe\" title=\"Planilla\" href=\"https:\/\/docs.google.com\/spreadsheets\/d\/1m_OfB_yJRyKkgTsbYW2Fi7VYUVsw4TuuDm_dTdCw2Vk\/pubhtml?gid=2047837405&amp;single=true\" target=\"_blank\" rel=\"noopener\">Ver Planilla<\/a><\/p>\n","protected":false},"excerpt":{"rendered":"<p>La Falda gan\u00f3 un partido de baj\u00edsimo goleo sobre Velocidad por 55 a 53<\/p>\n","protected":false},"author":1,"featured_media":39058,"comment_status":"closed","ping_status":"open","sticky":false,"template":"","format":"standard","meta":{"jnews-multi-image_gallery":[],"jnews_single_post":[],"jnews_primary_category":[],"footnotes":""},"categories":[25,101],"tags":[303,13,21],"class_list":["post-39056","post","type-post","status-publish","format-standard","has-post-thumbnail","hentry","category-segunda","category-slide","tag-federico-vilouta","tag-la-falda","tag-velocidad"],"yoast_head":"<!-- This site is optimized with the Yoast SEO plugin v27.5 - https:\/\/yoast.com\/product\/yoast-seo-wordpress\/ -->\n<title>Visi\u00f3n directa a playoffs - Gente de B\u00e1squet<\/title>\n<meta name=\"robots\" content=\"index, follow, max-snippet:-1, max-image-preview:large, max-video-preview:-1\" \/>\n<link rel=\"canonical\" href=\"https:\/\/gentedebasquet.com.ar\/sitio\/2014\/10\/07\/vision-directa-a-playoffs\/\" \/>\n<meta property=\"og:locale\" content=\"es_ES\" \/>\n<meta property=\"og:type\" content=\"article\" \/>\n<meta property=\"og:title\" content=\"Visi\u00f3n directa a playoffs - Gente de B\u00e1squet\" \/>\n<meta property=\"og:description\" content=\"La Falda gan\u00f3 un partido de baj\u00edsimo goleo sobre Velocidad por 55 a 53\" \/>\n<meta property=\"og:url\" content=\"https:\/\/gentedebasquet.com.ar\/sitio\/2014\/10\/07\/vision-directa-a-playoffs\/\" \/>\n<meta property=\"og:site_name\" content=\"Gente de B\u00e1squet\" \/>\n<meta property=\"article:published_time\" content=\"2014-10-08T02:27:43+00:00\" \/>\n<meta property=\"og:image\" content=\"https:\/\/gentedebasquet.com.ar\/sitio\/wp-content\/uploads\/2014\/10\/Fernandez.jpg\" \/>\n\t<meta property=\"og:image:width\" content=\"690\" \/>\n\t<meta property=\"og:image:height\" content=\"319\" \/>\n\t<meta property=\"og:image:type\" content=\"image\/jpeg\" \/>\n<meta name=\"author\" content=\"Gente de B\u00e1squet\" \/>\n<meta name=\"twitter:card\" content=\"summary_large_image\" \/>\n<meta name=\"twitter:label1\" content=\"Escrito por\" \/>\n\t<meta name=\"twitter:data1\" content=\"Gente de B\u00e1squet\" \/>\n\t<meta name=\"twitter:label2\" content=\"Tiempo de lectura\" \/>\n\t<meta name=\"twitter:data2\" content=\"2 minutos\" \/>\n<script type=\"application\/ld+json\" class=\"yoast-schema-graph\">{\"@context\":\"https:\\\/\\\/schema.org\",\"@graph\":[{\"@type\":\"Article\",\"@id\":\"https:\\\/\\\/gentedebasquet.com.ar\\\/sitio\\\/2014\\\/10\\\/07\\\/vision-directa-a-playoffs\\\/#article\",\"isPartOf\":{\"@id\":\"https:\\\/\\\/gentedebasquet.com.ar\\\/sitio\\\/2014\\\/10\\\/07\\\/vision-directa-a-playoffs\\\/\"},\"author\":{\"name\":\"Gente de B\u00e1squet\",\"@id\":\"https:\\\/\\\/gentedebasquet.com.ar\\\/sitio\\\/#\\\/schema\\\/person\\\/ca0b63bbb977369988a7bbbdc519943a\"},\"headline\":\"Visi\u00f3n directa a playoffs\",\"datePublished\":\"2014-10-08T02:27:43+00:00\",\"mainEntityOfPage\":{\"@id\":\"https:\\\/\\\/gentedebasquet.com.ar\\\/sitio\\\/2014\\\/10\\\/07\\\/vision-directa-a-playoffs\\\/\"},\"wordCount\":475,\"image\":{\"@id\":\"https:\\\/\\\/gentedebasquet.com.ar\\\/sitio\\\/2014\\\/10\\\/07\\\/vision-directa-a-playoffs\\\/#primaryimage\"},\"thumbnailUrl\":\"http:\\\/\\\/gentedebasquet.com.ar\\\/sitio\\\/wp-content\\\/uploads\\\/2014\\\/10\\\/Fernandez.jpg\",\"keywords\":[\"Federico Vilouta\",\"La Falda\",\"Velocidad\"],\"articleSection\":[\"Segunda\",\"Slide\"],\"inLanguage\":\"es\"},{\"@type\":\"WebPage\",\"@id\":\"https:\\\/\\\/gentedebasquet.com.ar\\\/sitio\\\/2014\\\/10\\\/07\\\/vision-directa-a-playoffs\\\/\",\"url\":\"https:\\\/\\\/gentedebasquet.com.ar\\\/sitio\\\/2014\\\/10\\\/07\\\/vision-directa-a-playoffs\\\/\",\"name\":\"Visi\u00f3n directa a playoffs - Gente de B\u00e1squet\",\"isPartOf\":{\"@id\":\"https:\\\/\\\/gentedebasquet.com.ar\\\/sitio\\\/#website\"},\"primaryImageOfPage\":{\"@id\":\"https:\\\/\\\/gentedebasquet.com.ar\\\/sitio\\\/2014\\\/10\\\/07\\\/vision-directa-a-playoffs\\\/#primaryimage\"},\"image\":{\"@id\":\"https:\\\/\\\/gentedebasquet.com.ar\\\/sitio\\\/2014\\\/10\\\/07\\\/vision-directa-a-playoffs\\\/#primaryimage\"},\"thumbnailUrl\":\"http:\\\/\\\/gentedebasquet.com.ar\\\/sitio\\\/wp-content\\\/uploads\\\/2014\\\/10\\\/Fernandez.jpg\",\"datePublished\":\"2014-10-08T02:27:43+00:00\",\"author\":{\"@id\":\"https:\\\/\\\/gentedebasquet.com.ar\\\/sitio\\\/#\\\/schema\\\/person\\\/ca0b63bbb977369988a7bbbdc519943a\"},\"breadcrumb\":{\"@id\":\"https:\\\/\\\/gentedebasquet.com.ar\\\/sitio\\\/2014\\\/10\\\/07\\\/vision-directa-a-playoffs\\\/#breadcrumb\"},\"inLanguage\":\"es\",\"potentialAction\":[{\"@type\":\"ReadAction\",\"target\":[\"https:\\\/\\\/gentedebasquet.com.ar\\\/sitio\\\/2014\\\/10\\\/07\\\/vision-directa-a-playoffs\\\/\"]}]},{\"@type\":\"ImageObject\",\"inLanguage\":\"es\",\"@id\":\"https:\\\/\\\/gentedebasquet.com.ar\\\/sitio\\\/2014\\\/10\\\/07\\\/vision-directa-a-playoffs\\\/#primaryimage\",\"url\":\"http:\\\/\\\/gentedebasquet.com.ar\\\/sitio\\\/wp-content\\\/uploads\\\/2014\\\/10\\\/Fernandez.jpg\",\"contentUrl\":\"http:\\\/\\\/gentedebasquet.com.ar\\\/sitio\\\/wp-content\\\/uploads\\\/2014\\\/10\\\/Fernandez.jpg\",\"width\":690,\"height\":319},{\"@type\":\"BreadcrumbList\",\"@id\":\"https:\\\/\\\/gentedebasquet.com.ar\\\/sitio\\\/2014\\\/10\\\/07\\\/vision-directa-a-playoffs\\\/#breadcrumb\",\"itemListElement\":[{\"@type\":\"ListItem\",\"position\":1,\"name\":\"Portada\",\"item\":\"https:\\\/\\\/gentedebasquet.com.ar\\\/sitio\\\/\"},{\"@type\":\"ListItem\",\"position\":2,\"name\":\"Visi\u00f3n directa a playoffs\"}]},{\"@type\":\"WebSite\",\"@id\":\"https:\\\/\\\/gentedebasquet.com.ar\\\/sitio\\\/#website\",\"url\":\"https:\\\/\\\/gentedebasquet.com.ar\\\/sitio\\\/\",\"name\":\"Gente de B\u00e1squet\",\"description\":\"La revista del basquet de Bah\u00eda Blanca\",\"potentialAction\":[{\"@type\":\"SearchAction\",\"target\":{\"@type\":\"EntryPoint\",\"urlTemplate\":\"https:\\\/\\\/gentedebasquet.com.ar\\\/sitio\\\/?s={search_term_string}\"},\"query-input\":{\"@type\":\"PropertyValueSpecification\",\"valueRequired\":true,\"valueName\":\"search_term_string\"}}],\"inLanguage\":\"es\"},{\"@type\":\"Person\",\"@id\":\"https:\\\/\\\/gentedebasquet.com.ar\\\/sitio\\\/#\\\/schema\\\/person\\\/ca0b63bbb977369988a7bbbdc519943a\",\"name\":\"Gente de B\u00e1squet\",\"image\":{\"@type\":\"ImageObject\",\"inLanguage\":\"es\",\"@id\":\"https:\\\/\\\/secure.gravatar.com\\\/avatar\\\/7f2c48bdc33b30088f941fb6082e555f2874c98e20cb159d7b92b50eadfce793?s=96&d=mm&r=g\",\"url\":\"https:\\\/\\\/secure.gravatar.com\\\/avatar\\\/7f2c48bdc33b30088f941fb6082e555f2874c98e20cb159d7b92b50eadfce793?s=96&d=mm&r=g\",\"contentUrl\":\"https:\\\/\\\/secure.gravatar.com\\\/avatar\\\/7f2c48bdc33b30088f941fb6082e555f2874c98e20cb159d7b92b50eadfce793?s=96&d=mm&r=g\",\"caption\":\"Gente de B\u00e1squet\"},\"sameAs\":[\"http:\\\/\\\/gentedebasquet.com.ar\\\/sitio\"],\"url\":\"http:\\\/\\\/gentedebasquet.com.ar\\\/sitio\\\/author\\\/ulises\\\/\"}]}<\/script>\n<!-- \/ Yoast SEO plugin. -->","yoast_head_json":{"title":"Visi\u00f3n directa a playoffs - Gente de B\u00e1squet","robots":{"index":"index","follow":"follow","max-snippet":"max-snippet:-1","max-image-preview":"max-image-preview:large","max-video-preview":"max-video-preview:-1"},"canonical":"https:\/\/gentedebasquet.com.ar\/sitio\/2014\/10\/07\/vision-directa-a-playoffs\/","og_locale":"es_ES","og_type":"article","og_title":"Visi\u00f3n directa a playoffs - Gente de B\u00e1squet","og_description":"La Falda gan\u00f3 un partido de baj\u00edsimo goleo sobre Velocidad por 55 a 53","og_url":"https:\/\/gentedebasquet.com.ar\/sitio\/2014\/10\/07\/vision-directa-a-playoffs\/","og_site_name":"Gente de B\u00e1squet","article_published_time":"2014-10-08T02:27:43+00:00","og_image":[{"width":690,"height":319,"url":"https:\/\/gentedebasquet.com.ar\/sitio\/wp-content\/uploads\/2014\/10\/Fernandez.jpg","type":"image\/jpeg"}],"author":"Gente de B\u00e1squet","twitter_card":"summary_large_image","twitter_misc":{"Escrito por":"Gente de B\u00e1squet","Tiempo de lectura":"2 minutos"},"schema":{"@context":"https:\/\/schema.org","@graph":[{"@type":"Article","@id":"https:\/\/gentedebasquet.com.ar\/sitio\/2014\/10\/07\/vision-directa-a-playoffs\/#article","isPartOf":{"@id":"https:\/\/gentedebasquet.com.ar\/sitio\/2014\/10\/07\/vision-directa-a-playoffs\/"},"author":{"name":"Gente de B\u00e1squet","@id":"https:\/\/gentedebasquet.com.ar\/sitio\/#\/schema\/person\/ca0b63bbb977369988a7bbbdc519943a"},"headline":"Visi\u00f3n directa a playoffs","datePublished":"2014-10-08T02:27:43+00:00","mainEntityOfPage":{"@id":"https:\/\/gentedebasquet.com.ar\/sitio\/2014\/10\/07\/vision-directa-a-playoffs\/"},"wordCount":475,"image":{"@id":"https:\/\/gentedebasquet.com.ar\/sitio\/2014\/10\/07\/vision-directa-a-playoffs\/#primaryimage"},"thumbnailUrl":"http:\/\/gentedebasquet.com.ar\/sitio\/wp-content\/uploads\/2014\/10\/Fernandez.jpg","keywords":["Federico Vilouta","La Falda","Velocidad"],"articleSection":["Segunda","Slide"],"inLanguage":"es"},{"@type":"WebPage","@id":"https:\/\/gentedebasquet.com.ar\/sitio\/2014\/10\/07\/vision-directa-a-playoffs\/","url":"https:\/\/gentedebasquet.com.ar\/sitio\/2014\/10\/07\/vision-directa-a-playoffs\/","name":"Visi\u00f3n directa a playoffs - Gente de B\u00e1squet","isPartOf":{"@id":"https:\/\/gentedebasquet.com.ar\/sitio\/#website"},"primaryImageOfPage":{"@id":"https:\/\/gentedebasquet.com.ar\/sitio\/2014\/10\/07\/vision-directa-a-playoffs\/#primaryimage"},"image":{"@id":"https:\/\/gentedebasquet.com.ar\/sitio\/2014\/10\/07\/vision-directa-a-playoffs\/#primaryimage"},"thumbnailUrl":"http:\/\/gentedebasquet.com.ar\/sitio\/wp-content\/uploads\/2014\/10\/Fernandez.jpg","datePublished":"2014-10-08T02:27:43+00:00","author":{"@id":"https:\/\/gentedebasquet.com.ar\/sitio\/#\/schema\/person\/ca0b63bbb977369988a7bbbdc519943a"},"breadcrumb":{"@id":"https:\/\/gentedebasquet.com.ar\/sitio\/2014\/10\/07\/vision-directa-a-playoffs\/#breadcrumb"},"inLanguage":"es","potentialAction":[{"@type":"ReadAction","target":["https:\/\/gentedebasquet.com.ar\/sitio\/2014\/10\/07\/vision-directa-a-playoffs\/"]}]},{"@type":"ImageObject","inLanguage":"es","@id":"https:\/\/gentedebasquet.com.ar\/sitio\/2014\/10\/07\/vision-directa-a-playoffs\/#primaryimage","url":"http:\/\/gentedebasquet.com.ar\/sitio\/wp-content\/uploads\/2014\/10\/Fernandez.jpg","contentUrl":"http:\/\/gentedebasquet.com.ar\/sitio\/wp-content\/uploads\/2014\/10\/Fernandez.jpg","width":690,"height":319},{"@type":"BreadcrumbList","@id":"https:\/\/gentedebasquet.com.ar\/sitio\/2014\/10\/07\/vision-directa-a-playoffs\/#breadcrumb","itemListElement":[{"@type":"ListItem","position":1,"name":"Portada","item":"https:\/\/gentedebasquet.com.ar\/sitio\/"},{"@type":"ListItem","position":2,"name":"Visi\u00f3n directa a playoffs"}]},{"@type":"WebSite","@id":"https:\/\/gentedebasquet.com.ar\/sitio\/#website","url":"https:\/\/gentedebasquet.com.ar\/sitio\/","name":"Gente de B\u00e1squet","description":"La revista del basquet de Bah\u00eda Blanca","potentialAction":[{"@type":"SearchAction","target":{"@type":"EntryPoint","urlTemplate":"https:\/\/gentedebasquet.com.ar\/sitio\/?s={search_term_string}"},"query-input":{"@type":"PropertyValueSpecification","valueRequired":true,"valueName":"search_term_string"}}],"inLanguage":"es"},{"@type":"Person","@id":"https:\/\/gentedebasquet.com.ar\/sitio\/#\/schema\/person\/ca0b63bbb977369988a7bbbdc519943a","name":"Gente de B\u00e1squet","image":{"@type":"ImageObject","inLanguage":"es","@id":"https:\/\/secure.gravatar.com\/avatar\/7f2c48bdc33b30088f941fb6082e555f2874c98e20cb159d7b92b50eadfce793?s=96&d=mm&r=g","url":"https:\/\/secure.gravatar.com\/avatar\/7f2c48bdc33b30088f941fb6082e555f2874c98e20cb159d7b92b50eadfce793?s=96&d=mm&r=g","contentUrl":"https:\/\/secure.gravatar.com\/avatar\/7f2c48bdc33b30088f941fb6082e555f2874c98e20cb159d7b92b50eadfce793?s=96&d=mm&r=g","caption":"Gente de B\u00e1squet"},"sameAs":["http:\/\/gentedebasquet.com.ar\/sitio"],"url":"http:\/\/gentedebasquet.com.ar\/sitio\/author\/ulises\/"}]}},"_links":{"self":[{"href":"http:\/\/gentedebasquet.com.ar\/sitio\/wp-json\/wp\/v2\/posts\/39056","targetHints":{"allow":["GET"]}}],"collection":[{"href":"http:\/\/gentedebasquet.com.ar\/sitio\/wp-json\/wp\/v2\/posts"}],"about":[{"href":"http:\/\/gentedebasquet.com.ar\/sitio\/wp-json\/wp\/v2\/types\/post"}],"author":[{"embeddable":true,"href":"http:\/\/gentedebasquet.com.ar\/sitio\/wp-json\/wp\/v2\/users\/1"}],"replies":[{"embeddable":true,"href":"http:\/\/gentedebasquet.com.ar\/sitio\/wp-json\/wp\/v2\/comments?post=39056"}],"version-history":[{"count":0,"href":"http:\/\/gentedebasquet.com.ar\/sitio\/wp-json\/wp\/v2\/posts\/39056\/revisions"}],"wp:featuredmedia":[{"embeddable":true,"href":"http:\/\/gentedebasquet.com.ar\/sitio\/wp-json\/wp\/v2\/media\/39058"}],"wp:attachment":[{"href":"http:\/\/gentedebasquet.com.ar\/sitio\/wp-json\/wp\/v2\/media?parent=39056"}],"wp:term":[{"taxonomy":"category","embeddable":true,"href":"http:\/\/gentedebasquet.com.ar\/sitio\/wp-json\/wp\/v2\/categories?post=39056"},{"taxonomy":"post_tag","embeddable":true,"href":"http:\/\/gentedebasquet.com.ar\/sitio\/wp-json\/wp\/v2\/tags?post=39056"}],"curies":[{"name":"wp","href":"https:\/\/api.w.org\/{rel}","templated":true}]}}